{"id":233194,"date":"2023-08-08T09:55:51","date_gmt":"2023-08-08T12:55:51","guid":{"rendered":"https:\/\/diariotextual.com\/inicio\/?p=233194"},"modified":"2023-08-08T17:48:27","modified_gmt":"2023-08-08T20:48:27","slug":"como-es-el-super-blindado-de-guerra-que-busca-comprar-la-argentina","status":"publish","type":"post","link":"https:\/\/diariotextual.com\/inicio\/index.php\/2023\/08\/08\/como-es-el-super-blindado-de-guerra-que-busca-comprar-la-argentina\/","title":{"rendered":"C\u00f3mo es el \u201csuper blindado de guerra\u201d que busca comprar la Argentina"},"content":{"rendered":"\n<p class=\"wp-block-paragraph\">La reciente cumbre que mantuvieron Alberto Fern\u00e1ndez y Luis In\u00e1cio Lula da Silva, en Brasilia, junto a sus principales ministros, ten\u00eda el objetivo de financiar exportaciones de Brasil a la Argentina, que atraviesa una angustiante falta de d\u00f3lares. Aunque para muchos especialistas financieros la cumbre fue un fracaso por el riesgo de financiamiento extremadamente alto de la Argentina, evaluado por los asesores de Lula Da Silva, lo cierto es que en materia militar,\u00a0<strong>la cooperaci\u00f3n entre el gobierno brasile\u00f1o y la firma automotriz Iveco, posibilitar\u00e1n alcanzar un acuerdo \u00aburgente\u00bb para equipar al Ej\u00e9rcito nacional con los modernos blindados \u201cGuaran\u00ed\u201d<\/strong>.<\/p>\n\n\n\n<p class=\"wp-block-paragraph\"><strong>El s\u00faper blindado de guerra \u201cGuaran\u00ed\u201d viene equipado con sistemas de inteligencia artificial (IA)<\/strong>, creados por ARES Aeroespacial e Defesa y la Direcci\u00f3n de Fabricaci\u00f3n (DF) del Ej\u00e9rcito Brasile\u00f1o (EB) y t<strong>iene la caracter\u00edstica de ser 6&#215;6, una configuraci\u00f3n de tracci\u00f3n total de tres ejes<\/strong>\u00a0con, al menos, dos ruedas en cada eje que pueden ser accionadas simult\u00e1neamente por el motor del veh\u00edculo,\u00a0<strong>e incluye partes que se fabrican en la Argentina, en la provincia de C\u00f3rdoba<\/strong>\u00a0en la f\u00e1brica de Iveco, seg\u00fan inform\u00f3 el Ministerio de Defensa, cuyo titular, por Jorge Taiana, firm\u00f3 el acuerdo por estos veh\u00edculos.<\/p>\n\n\n\n<p class=\"wp-block-paragraph\">En ese contexto, el secretario de Asuntos Internacionales, Francisco Cafiero, asegur\u00f3 a los directivos de Iveco Defense Vehicles, la urgencia de la Argentina&nbsp; para&nbsp;<strong>adquirir 156 unidades de transporte<\/strong>, de las cuales,&nbsp;<strong>120 ser\u00e1n veh\u00edculos de transporte de personal<\/strong>, que ya fueron testeados en el a\u00f1o 2021 y hasta se prob\u00f3 la posibilidad de ser transportados por aviones H\u00e9rcules C-130H,&nbsp;<strong>27 veh\u00edculos de combate de infanter\u00eda equipados con un ca\u00f1\u00f3n de 30 mm<\/strong>&nbsp;<strong>y 9 veh\u00edculos Puesto Comando para los Regimientos de Infanter\u00eda Mecanizada.<\/strong><\/p>\n\n\n\n<p class=\"wp-block-paragraph\">El origen de estos blindados se remonta al a\u00f1o 1.999, cuando el ej\u00e9rcito brasilero comenz\u00f3 a dise\u00f1ar las unidades que a\u00f1os despu\u00e9s fabricar\u00eda la compa\u00f1\u00eda de camiones Iveco.<\/p>\n\n\n\n<p class=\"wp-block-paragraph\">Durante el ejercicio militar \u201cArand\u00fa\u201d realizado recientemente entre el Ej\u00e9rcito Argentino y el de Brasil en el Campo de Instrucci\u00f3n, General \u00c1valos, en la provincia de Corrientes, las fuerzas armadas brasileras trajeron varios blindados \u201cGuaran\u00ed\u201d, y analistas militares del portal especializado infodefensa.com dialogaron con&nbsp;<strong>el ministro Jorge Taiana que asegur\u00f3 que los problemas de financiamiento para adquirir las m\u00e1quinas de guerra se est\u00e1n solucionando<\/strong>&nbsp;y se va a alcanzar un acuerdo.<\/p>\n\n\n\n<p class=\"wp-block-paragraph\">Por otra parte, cerrar este acuerdo significar\u00e1 un hito m\u00e1s en la integraci\u00f3n de los dos pa\u00edses puesto que en enero de este a\u00f1o, en Buenos Aires, la administraci\u00f3n de Alberto Fern\u00e1ndez firm\u00f3 una carta de intenci\u00f3n para comprar los blindados que<strong>&nbsp;permitir\u00e1n unir las respectivas industrias de defensa y \u201creforzar las acciones tendientes al fortalecimiento de la agenda de integraci\u00f3n, cooperaci\u00f3n y confianza mutua entre ambos pa\u00edses\u201d.<\/strong><\/p>\n\n\n\n<p class=\"wp-block-paragraph\">Adem\u00e1s, el documento suscripto por el ministro de Defensa, Jorge Taiana, y el Canciller brasile\u00f1o, Mauro Vieira, asegur\u00f3 que\u00a0<strong>la \u201c&#8230; adquisici\u00f3n brindar\u00e1 una mejora en la interoperabilidad entre los ej\u00e9rcitos de Argentina y Brasil, puesto que se operar\u00e1 con el mismo veh\u00edculo de un lado y del otro de la frontera\u201d.<\/strong><\/p>\n\n\n\n<p class=\"wp-block-paragraph\"><\/p>\n","protected":false},"excerpt":{"rendered":"<p>La reciente cumbre que mantuvieron Alberto Fern\u00e1ndez y Luis In\u00e1cio Lula da Silva, en Brasilia, junto a sus principales ministros, ten\u00eda el objetivo de financiar exportaciones de Brasil a la&hellip;<\/p>\n","protected":false},"author":3,"featured_media":233201,"comment_status":"closed","ping_status":"open","sticky":false,"template":"","format":"standard","meta":{"_acf_changed":false,"footnotes":""},"categories":[1,12],"tags":[],"class_list":["post-233194","post","type-post","status-publish","format-standard","has-post-thumbnail","hentry","category-es-noticia","category-sociedad"],"acf":[],"yoast_head":"<!-- This site is optimized with the Yoast SEO plugin v28.4 - https:\/\/yoast.com\/product\/yoast-seo-wordpress\/ -->\n<title>C\u00f3mo es el \u201csuper blindado de guerra\u201d que busca comprar la Argentina - Diario Textual<\/title>\n<meta name=\"robots\" content=\"index, follow, max-snippet:-1, max-image-preview:large, max-video-preview:-1\" \/>\n<link rel=\"canonical\" href=\"https:\/\/diariotextual.com\/inicio\/index.php\/2023\/08\/08\/como-es-el-super-blindado-de-guerra-que-busca-comprar-la-argentina\/\" \/>\n<meta property=\"og:locale\" content=\"es_ES\" \/>\n<meta property=\"og:type\" content=\"article\" \/>\n<meta property=\"og:title\" content=\"C\u00f3mo es el \u201csuper blindado de guerra\u201d que busca comprar la Argentina - Diario Textual\" \/>\n<meta property=\"og:description\" content=\"La reciente cumbre que mantuvieron Alberto Fern\u00e1ndez y Luis In\u00e1cio Lula da Silva, en Brasilia, junto a sus principales ministros, ten\u00eda el objetivo de financiar exportaciones de Brasil a la&hellip;\" \/>\n<meta property=\"og:url\" content=\"https:\/\/diariotextual.com\/inicio\/index.php\/2023\/08\/08\/como-es-el-super-blindado-de-guerra-que-busca-comprar-la-argentina\/\" \/>\n<meta property=\"og:site_name\" content=\"Diario Textual\" \/>\n<meta property=\"article:publisher\" content=\"https:\/\/www.facebook.com\/eltextual\" \/>\n<meta property=\"article:published_time\" content=\"2023-08-08T12:55:51+00:00\" \/>\n<meta property=\"article:modified_time\" content=\"2023-08-08T20:48:27+00:00\" \/>\n<meta property=\"og:image\" content=\"https:\/\/diariotextual.com\/inicio\/wp-content\/uploads\/2023\/08\/guaraniblindadodeguerra2023-1.jpg\" \/>\n\t<meta property=\"og:image:width\" content=\"1200\" \/>\n\t<meta property=\"og:image:height\" content=\"675\" \/>\n\t<meta property=\"og:image:type\" content=\"image\/jpeg\" \/>\n<meta name=\"author\" content=\"Diario1 Diario1\" \/>\n<meta name=\"twitter:card\" content=\"summary_large_image\" \/>\n<meta name=\"twitter:creator\" content=\"@eltextual\" \/>\n<meta name=\"twitter:site\" content=\"@eltextual\" \/>\n<meta name=\"twitter:label1\" content=\"Escrito por\" \/>\n\t<meta name=\"twitter:data1\" content=\"Diario1 Diario1\" \/>\n\t<meta name=\"twitter:label2\" content=\"Tiempo de lectura\" \/>\n\t<meta name=\"twitter:data2\" content=\"3 minutos\" \/>\n<script type=\"application\/ld+json\" class=\"yoast-schema-graph\">{\"@context\":\"https:\\\/\\\/schema.org\",\"@graph\":[{\"@type\":\"Article\",\"@id\":\"https:\\\/\\\/diariotextual.com\\\/inicio\\\/index.php\\\/2023\\\/08\\\/08\\\/como-es-el-super-blindado-de-guerra-que-busca-comprar-la-argentina\\\/#article\",\"isPartOf\":{\"@id\":\"https:\\\/\\\/diariotextual.com\\\/inicio\\\/index.php\\\/2023\\\/08\\\/08\\\/como-es-el-super-blindado-de-guerra-que-busca-comprar-la-argentina\\\/\"},\"author\":{\"name\":\"Diario1 Diario1\",\"@id\":\"https:\\\/\\\/diariotextual.com\\\/inicio\\\/#\\\/schema\\\/person\\\/418fc4093c33e86ed41562db3508f958\"},\"headline\":\"C\u00f3mo es el \u201csuper blindado de guerra\u201d que busca comprar la Argentina\",\"datePublished\":\"2023-08-08T12:55:51+00:00\",\"dateModified\":\"2023-08-08T20:48:27+00:00\",\"mainEntityOfPage\":{\"@id\":\"https:\\\/\\\/diariotextual.com\\\/inicio\\\/index.php\\\/2023\\\/08\\\/08\\\/como-es-el-super-blindado-de-guerra-que-busca-comprar-la-argentina\\\/\"},\"wordCount\":574,\"publisher\":{\"@id\":\"https:\\\/\\\/diariotextual.com\\\/inicio\\\/#organization\"},\"image\":{\"@id\":\"https:\\\/\\\/diariotextual.com\\\/inicio\\\/index.php\\\/2023\\\/08\\\/08\\\/como-es-el-super-blindado-de-guerra-que-busca-comprar-la-argentina\\\/#primaryimage\"},\"thumbnailUrl\":\"https:\\\/\\\/diariotextual.com\\\/inicio\\\/wp-content\\\/uploads\\\/2023\\\/08\\\/guaraniblindadodeguerra2023-1.jpg\",\"articleSection\":[\"A - ES NOTICIA (van abajo)\",\"SOCIEDAD\"],\"inLanguage\":\"es\"},{\"@type\":\"WebPage\",\"@id\":\"https:\\\/\\\/diariotextual.com\\\/inicio\\\/index.php\\\/2023\\\/08\\\/08\\\/como-es-el-super-blindado-de-guerra-que-busca-comprar-la-argentina\\\/\",\"url\":\"https:\\\/\\\/diariotextual.com\\\/inicio\\\/index.php\\\/2023\\\/08\\\/08\\\/como-es-el-super-blindado-de-guerra-que-busca-comprar-la-argentina\\\/\",\"name\":\"C\u00f3mo es el \u201csuper blindado de guerra\u201d que busca comprar la Argentina - Diario Textual\",\"isPartOf\":{\"@id\":\"https:\\\/\\\/diariotextual.com\\\/inicio\\\/#website\"},\"primaryImageOfPage\":{\"@id\":\"https:\\\/\\\/diariotextual.com\\\/inicio\\\/index.php\\\/2023\\\/08\\\/08\\\/como-es-el-super-blindado-de-guerra-que-busca-comprar-la-argentina\\\/#primaryimage\"},\"image\":{\"@id\":\"https:\\\/\\\/diariotextual.com\\\/inicio\\\/index.php\\\/2023\\\/08\\\/08\\\/como-es-el-super-blindado-de-guerra-que-busca-comprar-la-argentina\\\/#primaryimage\"},\"thumbnailUrl\":\"https:\\\/\\\/diariotextual.com\\\/inicio\\\/wp-content\\\/uploads\\\/2023\\\/08\\\/guaraniblindadodeguerra2023-1.jpg\",\"datePublished\":\"2023-08-08T12:55:51+00:00\",\"dateModified\":\"2023-08-08T20:48:27+00:00\",\"breadcrumb\":{\"@id\":\"https:\\\/\\\/diariotextual.com\\\/inicio\\\/index.php\\\/2023\\\/08\\\/08\\\/como-es-el-super-blindado-de-guerra-que-busca-comprar-la-argentina\\\/#breadcrumb\"},\"inLanguage\":\"es\",\"potentialAction\":[{\"@type\":\"ReadAction\",\"target\":[\"https:\\\/\\\/diariotextual.com\\\/inicio\\\/index.php\\\/2023\\\/08\\\/08\\\/como-es-el-super-blindado-de-guerra-que-busca-comprar-la-argentina\\\/\"]}]},{\"@type\":\"ImageObject\",\"inLanguage\":\"es\",\"@id\":\"https:\\\/\\\/diariotextual.com\\\/inicio\\\/index.php\\\/2023\\\/08\\\/08\\\/como-es-el-super-blindado-de-guerra-que-busca-comprar-la-argentina\\\/#primaryimage\",\"url\":\"https:\\\/\\\/diariotextual.com\\\/inicio\\\/wp-content\\\/uploads\\\/2023\\\/08\\\/guaraniblindadodeguerra2023-1.jpg\",\"contentUrl\":\"https:\\\/\\\/diariotextual.com\\\/inicio\\\/wp-content\\\/uploads\\\/2023\\\/08\\\/guaraniblindadodeguerra2023-1.jpg\",\"width\":1200,\"height\":675},{\"@type\":\"BreadcrumbList\",\"@id\":\"https:\\\/\\\/diariotextual.com\\\/inicio\\\/index.php\\\/2023\\\/08\\\/08\\\/como-es-el-super-blindado-de-guerra-que-busca-comprar-la-argentina\\\/#breadcrumb\",\"itemListElement\":[{\"@type\":\"ListItem\",\"position\":1,\"name\":\"Portada\",\"item\":\"https:\\\/\\\/diariotextual.com\\\/inicio\\\/\"},{\"@type\":\"ListItem\",\"position\":2,\"name\":\"C\u00f3mo es el \u201csuper blindado de guerra\u201d que busca comprar la Argentina\"}]},{\"@type\":\"WebSite\",\"@id\":\"https:\\\/\\\/diariotextual.com\\\/inicio\\\/#website\",\"url\":\"https:\\\/\\\/diariotextual.com\\\/inicio\\\/\",\"name\":\"Diario Textual\",\"description\":\"\",\"publisher\":{\"@id\":\"https:\\\/\\\/diariotextual.com\\\/inicio\\\/#organization\"},\"potentialAction\":[{\"@type\":\"SearchAction\",\"target\":{\"@type\":\"EntryPoint\",\"urlTemplate\":\"https:\\\/\\\/diariotextual.com\\\/inicio\\\/?s={search_term_string}\"},\"query-input\":{\"@type\":\"PropertyValueSpecification\",\"valueRequired\":true,\"valueName\":\"search_term_string\"}}],\"inLanguage\":\"es\"},{\"@type\":\"Organization\",\"@id\":\"https:\\\/\\\/diariotextual.com\\\/inicio\\\/#organization\",\"name\":\"Diario Textual\",\"url\":\"https:\\\/\\\/diariotextual.com\\\/inicio\\\/\",\"logo\":{\"@type\":\"ImageObject\",\"inLanguage\":\"es\",\"@id\":\"https:\\\/\\\/diariotextual.com\\\/inicio\\\/#\\\/schema\\\/logo\\\/image\\\/\",\"url\":\"https:\\\/\\\/diariotextual.com\\\/inicio\\\/wp-content\\\/uploads\\\/2023\\\/05\\\/logotextual1.jpg\",\"contentUrl\":\"https:\\\/\\\/diariotextual.com\\\/inicio\\\/wp-content\\\/uploads\\\/2023\\\/05\\\/logotextual1.jpg\",\"width\":516,\"height\":76,\"caption\":\"Diario Textual\"},\"image\":{\"@id\":\"https:\\\/\\\/diariotextual.com\\\/inicio\\\/#\\\/schema\\\/logo\\\/image\\\/\"},\"sameAs\":[\"https:\\\/\\\/www.facebook.com\\\/eltextual\",\"https:\\\/\\\/x.com\\\/eltextual\",\"http:\\\/\\\/www.instagram.com\\\/eltextual\"]},{\"@type\":\"Person\",\"@id\":\"https:\\\/\\\/diariotextual.com\\\/inicio\\\/#\\\/schema\\\/person\\\/418fc4093c33e86ed41562db3508f958\",\"name\":\"Diario1 Diario1\",\"image\":{\"@type\":\"ImageObject\",\"inLanguage\":\"es\",\"@id\":\"https:\\\/\\\/secure.gravatar.com\\\/avatar\\\/9167d280179c85bc18be67aa7eda765854300033af4896dd779b608640f2ef7a?s=96&d=mm&r=g\",\"url\":\"https:\\\/\\\/secure.gravatar.com\\\/avatar\\\/9167d280179c85bc18be67aa7eda765854300033af4896dd779b608640f2ef7a?s=96&d=mm&r=g\",\"contentUrl\":\"https:\\\/\\\/secure.gravatar.com\\\/avatar\\\/9167d280179c85bc18be67aa7eda765854300033af4896dd779b608640f2ef7a?s=96&d=mm&r=g\",\"caption\":\"Diario1 Diario1\"},\"url\":\"https:\\\/\\\/diariotextual.com\\\/inicio\\\/index.php\\\/author\\\/diario1\\\/\"}]}<\/script>\n<!-- \/ Yoast SEO plugin. -->","yoast_head_json":{"title":"C\u00f3mo es el \u201csuper blindado de guerra\u201d que busca comprar la Argentina - Diario Textual","robots":{"index":"index","follow":"follow","max-snippet":"max-snippet:-1","max-image-preview":"max-image-preview:large","max-video-preview":"max-video-preview:-1"},"canonical":"https:\/\/diariotextual.com\/inicio\/index.php\/2023\/08\/08\/como-es-el-super-blindado-de-guerra-que-busca-comprar-la-argentina\/","og_locale":"es_ES","og_type":"article","og_title":"C\u00f3mo es el \u201csuper blindado de guerra\u201d que busca comprar la Argentina - Diario Textual","og_description":"La reciente cumbre que mantuvieron Alberto Fern\u00e1ndez y Luis In\u00e1cio Lula da Silva, en Brasilia, junto a sus principales ministros, ten\u00eda el objetivo de financiar exportaciones de Brasil a la&hellip;","og_url":"https:\/\/diariotextual.com\/inicio\/index.php\/2023\/08\/08\/como-es-el-super-blindado-de-guerra-que-busca-comprar-la-argentina\/","og_site_name":"Diario Textual","article_publisher":"https:\/\/www.facebook.com\/eltextual","article_published_time":"2023-08-08T12:55:51+00:00","article_modified_time":"2023-08-08T20:48:27+00:00","og_image":[{"width":1200,"height":675,"url":"https:\/\/diariotextual.com\/inicio\/wp-content\/uploads\/2023\/08\/guaraniblindadodeguerra2023-1.jpg","type":"image\/jpeg"}],"author":"Diario1 Diario1","twitter_card":"summary_large_image","twitter_creator":"@eltextual","twitter_site":"@eltextual","twitter_misc":{"Escrito por":"Diario1 Diario1","Tiempo de lectura":"3 minutos"},"schema":{"@context":"https:\/\/schema.org","@graph":[{"@type":"Article","@id":"https:\/\/diariotextual.com\/inicio\/index.php\/2023\/08\/08\/como-es-el-super-blindado-de-guerra-que-busca-comprar-la-argentina\/#article","isPartOf":{"@id":"https:\/\/diariotextual.com\/inicio\/index.php\/2023\/08\/08\/como-es-el-super-blindado-de-guerra-que-busca-comprar-la-argentina\/"},"author":{"name":"Diario1 Diario1","@id":"https:\/\/diariotextual.com\/inicio\/#\/schema\/person\/418fc4093c33e86ed41562db3508f958"},"headline":"C\u00f3mo es el \u201csuper blindado de guerra\u201d que busca comprar la Argentina","datePublished":"2023-08-08T12:55:51+00:00","dateModified":"2023-08-08T20:48:27+00:00","mainEntityOfPage":{"@id":"https:\/\/diariotextual.com\/inicio\/index.php\/2023\/08\/08\/como-es-el-super-blindado-de-guerra-que-busca-comprar-la-argentina\/"},"wordCount":574,"publisher":{"@id":"https:\/\/diariotextual.com\/inicio\/#organization"},"image":{"@id":"https:\/\/diariotextual.com\/inicio\/index.php\/2023\/08\/08\/como-es-el-super-blindado-de-guerra-que-busca-comprar-la-argentina\/#primaryimage"},"thumbnailUrl":"https:\/\/diariotextual.com\/inicio\/wp-content\/uploads\/2023\/08\/guaraniblindadodeguerra2023-1.jpg","articleSection":["A - ES NOTICIA (van abajo)","SOCIEDAD"],"inLanguage":"es"},{"@type":"WebPage","@id":"https:\/\/diariotextual.com\/inicio\/index.php\/2023\/08\/08\/como-es-el-super-blindado-de-guerra-que-busca-comprar-la-argentina\/","url":"https:\/\/diariotextual.com\/inicio\/index.php\/2023\/08\/08\/como-es-el-super-blindado-de-guerra-que-busca-comprar-la-argentina\/","name":"C\u00f3mo es el \u201csuper blindado de guerra\u201d que busca comprar la Argentina - Diario Textual","isPartOf":{"@id":"https:\/\/diariotextual.com\/inicio\/#website"},"primaryImageOfPage":{"@id":"https:\/\/diariotextual.com\/inicio\/index.php\/2023\/08\/08\/como-es-el-super-blindado-de-guerra-que-busca-comprar-la-argentina\/#primaryimage"},"image":{"@id":"https:\/\/diariotextual.com\/inicio\/index.php\/2023\/08\/08\/como-es-el-super-blindado-de-guerra-que-busca-comprar-la-argentina\/#primaryimage"},"thumbnailUrl":"https:\/\/diariotextual.com\/inicio\/wp-content\/uploads\/2023\/08\/guaraniblindadodeguerra2023-1.jpg","datePublished":"2023-08-08T12:55:51+00:00","dateModified":"2023-08-08T20:48:27+00:00","breadcrumb":{"@id":"https:\/\/diariotextual.com\/inicio\/index.php\/2023\/08\/08\/como-es-el-super-blindado-de-guerra-que-busca-comprar-la-argentina\/#breadcrumb"},"inLanguage":"es","potentialAction":[{"@type":"ReadAction","target":["https:\/\/diariotextual.com\/inicio\/index.php\/2023\/08\/08\/como-es-el-super-blindado-de-guerra-que-busca-comprar-la-argentina\/"]}]},{"@type":"ImageObject","inLanguage":"es","@id":"https:\/\/diariotextual.com\/inicio\/index.php\/2023\/08\/08\/como-es-el-super-blindado-de-guerra-que-busca-comprar-la-argentina\/#primaryimage","url":"https:\/\/diariotextual.com\/inicio\/wp-content\/uploads\/2023\/08\/guaraniblindadodeguerra2023-1.jpg","contentUrl":"https:\/\/diariotextual.com\/inicio\/wp-content\/uploads\/2023\/08\/guaraniblindadodeguerra2023-1.jpg","width":1200,"height":675},{"@type":"BreadcrumbList","@id":"https:\/\/diariotextual.com\/inicio\/index.php\/2023\/08\/08\/como-es-el-super-blindado-de-guerra-que-busca-comprar-la-argentina\/#breadcrumb","itemListElement":[{"@type":"ListItem","position":1,"name":"Portada","item":"https:\/\/diariotextual.com\/inicio\/"},{"@type":"ListItem","position":2,"name":"C\u00f3mo es el \u201csuper blindado de guerra\u201d que busca comprar la Argentina"}]},{"@type":"WebSite","@id":"https:\/\/diariotextual.com\/inicio\/#website","url":"https:\/\/diariotextual.com\/inicio\/","name":"Diario Textual","description":"","publisher":{"@id":"https:\/\/diariotextual.com\/inicio\/#organization"},"potentialAction":[{"@type":"SearchAction","target":{"@type":"EntryPoint","urlTemplate":"https:\/\/diariotextual.com\/inicio\/?s={search_term_string}"},"query-input":{"@type":"PropertyValueSpecification","valueRequired":true,"valueName":"search_term_string"}}],"inLanguage":"es"},{"@type":"Organization","@id":"https:\/\/diariotextual.com\/inicio\/#organization","name":"Diario Textual","url":"https:\/\/diariotextual.com\/inicio\/","logo":{"@type":"ImageObject","inLanguage":"es","@id":"https:\/\/diariotextual.com\/inicio\/#\/schema\/logo\/image\/","url":"https:\/\/diariotextual.com\/inicio\/wp-content\/uploads\/2023\/05\/logotextual1.jpg","contentUrl":"https:\/\/diariotextual.com\/inicio\/wp-content\/uploads\/2023\/05\/logotextual1.jpg","width":516,"height":76,"caption":"Diario Textual"},"image":{"@id":"https:\/\/diariotextual.com\/inicio\/#\/schema\/logo\/image\/"},"sameAs":["https:\/\/www.facebook.com\/eltextual","https:\/\/x.com\/eltextual","http:\/\/www.instagram.com\/eltextual"]},{"@type":"Person","@id":"https:\/\/diariotextual.com\/inicio\/#\/schema\/person\/418fc4093c33e86ed41562db3508f958","name":"Diario1 Diario1","image":{"@type":"ImageObject","inLanguage":"es","@id":"https:\/\/secure.gravatar.com\/avatar\/9167d280179c85bc18be67aa7eda765854300033af4896dd779b608640f2ef7a?s=96&d=mm&r=g","url":"https:\/\/secure.gravatar.com\/avatar\/9167d280179c85bc18be67aa7eda765854300033af4896dd779b608640f2ef7a?s=96&d=mm&r=g","contentUrl":"https:\/\/secure.gravatar.com\/avatar\/9167d280179c85bc18be67aa7eda765854300033af4896dd779b608640f2ef7a?s=96&d=mm&r=g","caption":"Diario1 Diario1"},"url":"https:\/\/diariotextual.com\/inicio\/index.php\/author\/diario1\/"}]}},"_links":{"self":[{"href":"https:\/\/diariotextual.com\/inicio\/index.php\/wp-json\/wp\/v2\/posts\/233194","targetHints":{"allow":["GET"]}}],"collection":[{"href":"https:\/\/diariotextual.com\/inicio\/index.php\/wp-json\/wp\/v2\/posts"}],"about":[{"href":"https:\/\/diariotextual.com\/inicio\/index.php\/wp-json\/wp\/v2\/types\/post"}],"author":[{"embeddable":true,"href":"https:\/\/diariotextual.com\/inicio\/index.php\/wp-json\/wp\/v2\/users\/3"}],"replies":[{"embeddable":true,"href":"https:\/\/diariotextual.com\/inicio\/index.php\/wp-json\/wp\/v2\/comments?post=233194"}],"version-history":[{"count":4,"href":"https:\/\/diariotextual.com\/inicio\/index.php\/wp-json\/wp\/v2\/posts\/233194\/revisions"}],"predecessor-version":[{"id":233200,"href":"https:\/\/diariotextual.com\/inicio\/index.php\/wp-json\/wp\/v2\/posts\/233194\/revisions\/233200"}],"wp:featuredmedia":[{"embeddable":true,"href":"https:\/\/diariotextual.com\/inicio\/index.php\/wp-json\/wp\/v2\/media\/233201"}],"wp:attachment":[{"href":"https:\/\/diariotextual.com\/inicio\/index.php\/wp-json\/wp\/v2\/media?parent=233194"}],"wp:term":[{"taxonomy":"category","embeddable":true,"href":"https:\/\/diariotextual.com\/inicio\/index.php\/wp-json\/wp\/v2\/categories?post=233194"},{"taxonomy":"post_tag","embeddable":true,"href":"https:\/\/diariotextual.com\/inicio\/index.php\/wp-json\/wp\/v2\/tags?post=233194"}],"curies":[{"name":"wp","href":"https:\/\/api.w.org\/{rel}","templated":true}]}}