{"id":233313,"date":"2023-08-09T16:58:50","date_gmt":"2023-08-09T19:58:50","guid":{"rendered":"https:\/\/diariotextual.com\/inicio\/?p=233313"},"modified":"2023-08-10T08:40:29","modified_gmt":"2023-08-10T11:40:29","slug":"se-suspendieron-los-cierres-de-campana-por-el-asesinato-de-morena-una-nena-de-lanus","status":"publish","type":"post","link":"https:\/\/diariotextual.com\/inicio\/index.php\/2023\/08\/09\/se-suspendieron-los-cierres-de-campana-por-el-asesinato-de-morena-una-nena-de-lanus\/","title":{"rendered":"Se suspendieron los cierres de campa\u00f1a por el asesinato de Morena, una nena de Lan\u00fas"},"content":{"rendered":"\n<p>El asesinato de Morena Dom\u00ednguez, de 11 a\u00f1os, cuando se dirig\u00eda a su escuela en la localidad bonaerense de Lan\u00fas, conmocion\u00f3 por su brutalidad (fue atacada por dos motochorros a pocos metros de la T\u00e9cnica N\u00ba 8 Almafuerte) y reconfigur\u00f3 la campa\u00f1a pol\u00edtica en su tramo final antes de las PASO del pr\u00f3ximo domingo.<\/p>\n\n\n\n<p>Tanto Sergio Massa (Uni\u00f3n por la Patria), como los precandidatos a presidentes Patricia Bullrich y Horacio Rodr\u00edguez Larreta, adem\u00e1s del gobernador de la provincia de Buenos Aires Axel Kicillof -que busca su reelecci\u00f3n- y N\u00e9stor Grindetti -uno de los precandidatos de Juntos por el Cambio a la gobernaci\u00f3n e intendente de Lan\u00fas en uso de licencia- resolvieron suspender actividades proselitistas. Misma decisi\u00f3n anunciaron los candidatos a intendentes de Lan\u00fas Diego Kravetz y Juli\u00e1n \u00c1lvarez. Tambi\u00e9n lo hicieron en la Ciudad de Buenos Aires, Mart\u00edn Lousteau -precandidato a jefe de Gobierno en la Ciudad de Buenos Aires por Juntos por el Cambio- y Jorge Macri -tambi\u00e9n protagonista de la interna en JxC-.<\/p>\n\n\n\n<p>En la ma\u00f1ana de hoy,&nbsp;<strong>Morena Dom\u00ednguez, de apenas 11 a\u00f1os, fue asesinada por motochorros cuando ingresaba a su escuela<\/strong>, la Almafuerte N\u00b060, en la calle Molinedo al 3200, en Villa Giardino, zona de Lan\u00fas Oeste. Hay dos hermanos detenidos, de 25 y 28 a\u00f1os de edad.<\/p>\n\n\n\n<p><\/p>\n\n\n\n<figure class=\"wp-block-image size-full\"><img fetchpriority=\"high\" decoding=\"async\" width=\"765\" height=\"480\" src=\"https:\/\/diariotextual.com\/inicio\/wp-content\/uploads\/2023\/08\/morenadominguez2023-1.png\" alt=\"\" class=\"wp-image-233321\" srcset=\"https:\/\/diariotextual.com\/inicio\/wp-content\/uploads\/2023\/08\/morenadominguez2023-1.png 765w, https:\/\/diariotextual.com\/inicio\/wp-content\/uploads\/2023\/08\/morenadominguez2023-1-300x188.png 300w, https:\/\/diariotextual.com\/inicio\/wp-content\/uploads\/2023\/08\/morenadominguez2023-1-585x367.png 585w\" sizes=\"(max-width: 765px) 100vw, 765px\" \/><\/figure>\n\n\n\n<p><\/p>\n\n\n\n<p>Seg\u00fan informaci\u00f3n policial a la que accedi\u00f3&nbsp;<strong>Infobae<\/strong>, dos delincuentes a bordo de una moto la abordaron para robarle su mochila. En el episodio, la v\u00edctima sufri\u00f3 un golpe en la cabeza. Se solicit\u00f3 una ambulancia al 911, que seg\u00fan el reporte policial lleg\u00f3 con demora. As\u00ed, se descompens\u00f3 en el lugar.<\/p>\n\n\n\n<p>El personal del SAME la traslad\u00f3 al Hospital Evita,&nbsp;<strong>donde lleg\u00f3 8:30 y falleci\u00f3 a la 9:20<\/strong>&nbsp;por un paro cardiorrespiratorio producto de las heridas que sufri\u00f3. El director m\u00e9dico del hospital,&nbsp;<strong>Javier Maroni<\/strong>, detall\u00f3 que la ni\u00f1a lleg\u00f3 inconsciente y con muchas heridas. \u201cLuego de realizar maniobras de reanimaci\u00f3n se logr\u00f3 estabilizarla, se la traslad\u00f3 a terapia intensiva pedi\u00e1trica, donde finalmente falleci\u00f3. Para nosotros, producto de&nbsp;<strong>un trauma craneoencef\u00e1lico grave<\/strong>, algo que deber\u00e1 ser confirmado por la autopsia\u201d, a\u00f1adi\u00f3 Maroni.<\/p>\n\n\n\n<p>Fuentes judiciales confirmaron a Infobae que son mayores los dos sospechosos del crimen de Morena Dom\u00ednguez, la nena de 11 a\u00f1os que muri\u00f3 tras haber sido atacada por motochorros a metros de la escuela de Lan\u00fas a la que iba a esta ma\u00f1ana. Ambos est\u00e1n detenidos y son hermanos.<\/p>\n\n\n\n<p><\/p>\n","protected":false},"excerpt":{"rendered":"<p>El asesinato de Morena Dom\u00ednguez, de 11 a\u00f1os, cuando se dirig\u00eda a su escuela en la localidad bonaerense de Lan\u00fas, conmocion\u00f3 por su brutalidad (fue atacada por dos motochorros a&hellip;<\/p>\n","protected":false},"author":3,"featured_media":233325,"comment_status":"closed","ping_status":"open","sticky":false,"template":"","format":"standard","meta":{"_acf_changed":false,"footnotes":""},"categories":[1,12],"tags":[],"class_list":["post-233313","post","type-post","status-publish","format-standard","has-post-thumbnail","hentry","category-es-noticia","category-sociedad"],"acf":[],"yoast_head":"<!-- This site is optimized with the Yoast SEO plugin v27.5 - https:\/\/yoast.com\/product\/yoast-seo-wordpress\/ -->\n<title>Se suspendieron los cierres de campa\u00f1a por el asesinato de Morena, una nena de Lan\u00fas - Diario Textual<\/title>\n<meta name=\"robots\" content=\"index, follow, max-snippet:-1, max-image-preview:large, max-video-preview:-1\" \/>\n<link rel=\"canonical\" href=\"https:\/\/diariotextual.com\/inicio\/index.php\/2023\/08\/09\/se-suspendieron-los-cierres-de-campana-por-el-asesinato-de-morena-una-nena-de-lanus\/\" \/>\n<meta property=\"og:locale\" content=\"es_ES\" \/>\n<meta property=\"og:type\" content=\"article\" \/>\n<meta property=\"og:title\" content=\"Se suspendieron los cierres de campa\u00f1a por el asesinato de Morena, una nena de Lan\u00fas - Diario Textual\" \/>\n<meta property=\"og:description\" content=\"El asesinato de Morena Dom\u00ednguez, de 11 a\u00f1os, cuando se dirig\u00eda a su escuela en la localidad bonaerense de Lan\u00fas, conmocion\u00f3 por su brutalidad (fue atacada por dos motochorros a&hellip;\" \/>\n<meta property=\"og:url\" content=\"https:\/\/diariotextual.com\/inicio\/index.php\/2023\/08\/09\/se-suspendieron-los-cierres-de-campana-por-el-asesinato-de-morena-una-nena-de-lanus\/\" \/>\n<meta property=\"og:site_name\" content=\"Diario Textual\" \/>\n<meta property=\"article:publisher\" content=\"https:\/\/www.facebook.com\/eltextual\" \/>\n<meta property=\"article:published_time\" content=\"2023-08-09T19:58:50+00:00\" \/>\n<meta property=\"article:modified_time\" content=\"2023-08-10T11:40:29+00:00\" \/>\n<meta property=\"og:image\" content=\"https:\/\/diariotextual.com\/inicio\/wp-content\/uploads\/2023\/08\/morenadominguez2023-2.jpg\" \/>\n\t<meta property=\"og:image:width\" content=\"1200\" \/>\n\t<meta property=\"og:image:height\" content=\"675\" \/>\n\t<meta property=\"og:image:type\" content=\"image\/jpeg\" \/>\n<meta name=\"author\" content=\"Diario1 Diario1\" \/>\n<meta name=\"twitter:card\" content=\"summary_large_image\" \/>\n<meta name=\"twitter:creator\" content=\"@eltextual\" \/>\n<meta name=\"twitter:site\" content=\"@eltextual\" \/>\n<meta name=\"twitter:label1\" content=\"Escrito por\" \/>\n\t<meta name=\"twitter:data1\" content=\"Diario1 Diario1\" \/>\n\t<meta name=\"twitter:label2\" content=\"Tiempo de lectura\" \/>\n\t<meta name=\"twitter:data2\" content=\"3 minutos\" \/>\n<script type=\"application\/ld+json\" class=\"yoast-schema-graph\">{\"@context\":\"https:\\\/\\\/schema.org\",\"@graph\":[{\"@type\":\"Article\",\"@id\":\"https:\\\/\\\/diariotextual.com\\\/inicio\\\/index.php\\\/2023\\\/08\\\/09\\\/se-suspendieron-los-cierres-de-campana-por-el-asesinato-de-morena-una-nena-de-lanus\\\/#article\",\"isPartOf\":{\"@id\":\"https:\\\/\\\/diariotextual.com\\\/inicio\\\/index.php\\\/2023\\\/08\\\/09\\\/se-suspendieron-los-cierres-de-campana-por-el-asesinato-de-morena-una-nena-de-lanus\\\/\"},\"author\":{\"name\":\"Diario1 Diario1\",\"@id\":\"https:\\\/\\\/diariotextual.com\\\/inicio\\\/#\\\/schema\\\/person\\\/418fc4093c33e86ed41562db3508f958\"},\"headline\":\"Se suspendieron los cierres de campa\u00f1a por el asesinato de Morena, una nena de Lan\u00fas\",\"datePublished\":\"2023-08-09T19:58:50+00:00\",\"dateModified\":\"2023-08-10T11:40:29+00:00\",\"mainEntityOfPage\":{\"@id\":\"https:\\\/\\\/diariotextual.com\\\/inicio\\\/index.php\\\/2023\\\/08\\\/09\\\/se-suspendieron-los-cierres-de-campana-por-el-asesinato-de-morena-una-nena-de-lanus\\\/\"},\"wordCount\":448,\"publisher\":{\"@id\":\"https:\\\/\\\/diariotextual.com\\\/inicio\\\/#organization\"},\"image\":{\"@id\":\"https:\\\/\\\/diariotextual.com\\\/inicio\\\/index.php\\\/2023\\\/08\\\/09\\\/se-suspendieron-los-cierres-de-campana-por-el-asesinato-de-morena-una-nena-de-lanus\\\/#primaryimage\"},\"thumbnailUrl\":\"https:\\\/\\\/diariotextual.com\\\/inicio\\\/wp-content\\\/uploads\\\/2023\\\/08\\\/morenadominguez2023-2.jpg\",\"articleSection\":[\"A - ES NOTICIA (van abajo)\",\"SOCIEDAD\"],\"inLanguage\":\"es\"},{\"@type\":\"WebPage\",\"@id\":\"https:\\\/\\\/diariotextual.com\\\/inicio\\\/index.php\\\/2023\\\/08\\\/09\\\/se-suspendieron-los-cierres-de-campana-por-el-asesinato-de-morena-una-nena-de-lanus\\\/\",\"url\":\"https:\\\/\\\/diariotextual.com\\\/inicio\\\/index.php\\\/2023\\\/08\\\/09\\\/se-suspendieron-los-cierres-de-campana-por-el-asesinato-de-morena-una-nena-de-lanus\\\/\",\"name\":\"Se suspendieron los cierres de campa\u00f1a por el asesinato de Morena, una nena de Lan\u00fas - Diario Textual\",\"isPartOf\":{\"@id\":\"https:\\\/\\\/diariotextual.com\\\/inicio\\\/#website\"},\"primaryImageOfPage\":{\"@id\":\"https:\\\/\\\/diariotextual.com\\\/inicio\\\/index.php\\\/2023\\\/08\\\/09\\\/se-suspendieron-los-cierres-de-campana-por-el-asesinato-de-morena-una-nena-de-lanus\\\/#primaryimage\"},\"image\":{\"@id\":\"https:\\\/\\\/diariotextual.com\\\/inicio\\\/index.php\\\/2023\\\/08\\\/09\\\/se-suspendieron-los-cierres-de-campana-por-el-asesinato-de-morena-una-nena-de-lanus\\\/#primaryimage\"},\"thumbnailUrl\":\"https:\\\/\\\/diariotextual.com\\\/inicio\\\/wp-content\\\/uploads\\\/2023\\\/08\\\/morenadominguez2023-2.jpg\",\"datePublished\":\"2023-08-09T19:58:50+00:00\",\"dateModified\":\"2023-08-10T11:40:29+00:00\",\"breadcrumb\":{\"@id\":\"https:\\\/\\\/diariotextual.com\\\/inicio\\\/index.php\\\/2023\\\/08\\\/09\\\/se-suspendieron-los-cierres-de-campana-por-el-asesinato-de-morena-una-nena-de-lanus\\\/#breadcrumb\"},\"inLanguage\":\"es\",\"potentialAction\":[{\"@type\":\"ReadAction\",\"target\":[\"https:\\\/\\\/diariotextual.com\\\/inicio\\\/index.php\\\/2023\\\/08\\\/09\\\/se-suspendieron-los-cierres-de-campana-por-el-asesinato-de-morena-una-nena-de-lanus\\\/\"]}]},{\"@type\":\"ImageObject\",\"inLanguage\":\"es\",\"@id\":\"https:\\\/\\\/diariotextual.com\\\/inicio\\\/index.php\\\/2023\\\/08\\\/09\\\/se-suspendieron-los-cierres-de-campana-por-el-asesinato-de-morena-una-nena-de-lanus\\\/#primaryimage\",\"url\":\"https:\\\/\\\/diariotextual.com\\\/inicio\\\/wp-content\\\/uploads\\\/2023\\\/08\\\/morenadominguez2023-2.jpg\",\"contentUrl\":\"https:\\\/\\\/diariotextual.com\\\/inicio\\\/wp-content\\\/uploads\\\/2023\\\/08\\\/morenadominguez2023-2.jpg\",\"width\":1200,\"height\":675},{\"@type\":\"BreadcrumbList\",\"@id\":\"https:\\\/\\\/diariotextual.com\\\/inicio\\\/index.php\\\/2023\\\/08\\\/09\\\/se-suspendieron-los-cierres-de-campana-por-el-asesinato-de-morena-una-nena-de-lanus\\\/#breadcrumb\",\"itemListElement\":[{\"@type\":\"ListItem\",\"position\":1,\"name\":\"Portada\",\"item\":\"https:\\\/\\\/diariotextual.com\\\/inicio\\\/\"},{\"@type\":\"ListItem\",\"position\":2,\"name\":\"Se suspendieron los cierres de campa\u00f1a por el asesinato de Morena, una nena de Lan\u00fas\"}]},{\"@type\":\"WebSite\",\"@id\":\"https:\\\/\\\/diariotextual.com\\\/inicio\\\/#website\",\"url\":\"https:\\\/\\\/diariotextual.com\\\/inicio\\\/\",\"name\":\"Diario Textual\",\"description\":\"\",\"publisher\":{\"@id\":\"https:\\\/\\\/diariotextual.com\\\/inicio\\\/#organization\"},\"potentialAction\":[{\"@type\":\"SearchAction\",\"target\":{\"@type\":\"EntryPoint\",\"urlTemplate\":\"https:\\\/\\\/diariotextual.com\\\/inicio\\\/?s={search_term_string}\"},\"query-input\":{\"@type\":\"PropertyValueSpecification\",\"valueRequired\":true,\"valueName\":\"search_term_string\"}}],\"inLanguage\":\"es\"},{\"@type\":\"Organization\",\"@id\":\"https:\\\/\\\/diariotextual.com\\\/inicio\\\/#organization\",\"name\":\"Diario Textual\",\"url\":\"https:\\\/\\\/diariotextual.com\\\/inicio\\\/\",\"logo\":{\"@type\":\"ImageObject\",\"inLanguage\":\"es\",\"@id\":\"https:\\\/\\\/diariotextual.com\\\/inicio\\\/#\\\/schema\\\/logo\\\/image\\\/\",\"url\":\"https:\\\/\\\/diariotextual.com\\\/inicio\\\/wp-content\\\/uploads\\\/2023\\\/05\\\/logotextual1.jpg\",\"contentUrl\":\"https:\\\/\\\/diariotextual.com\\\/inicio\\\/wp-content\\\/uploads\\\/2023\\\/05\\\/logotextual1.jpg\",\"width\":516,\"height\":76,\"caption\":\"Diario Textual\"},\"image\":{\"@id\":\"https:\\\/\\\/diariotextual.com\\\/inicio\\\/#\\\/schema\\\/logo\\\/image\\\/\"},\"sameAs\":[\"https:\\\/\\\/www.facebook.com\\\/eltextual\",\"https:\\\/\\\/x.com\\\/eltextual\",\"http:\\\/\\\/www.instagram.com\\\/eltextual\"]},{\"@type\":\"Person\",\"@id\":\"https:\\\/\\\/diariotextual.com\\\/inicio\\\/#\\\/schema\\\/person\\\/418fc4093c33e86ed41562db3508f958\",\"name\":\"Diario1 Diario1\",\"image\":{\"@type\":\"ImageObject\",\"inLanguage\":\"es\",\"@id\":\"https:\\\/\\\/secure.gravatar.com\\\/avatar\\\/9167d280179c85bc18be67aa7eda765854300033af4896dd779b608640f2ef7a?s=96&d=mm&r=g\",\"url\":\"https:\\\/\\\/secure.gravatar.com\\\/avatar\\\/9167d280179c85bc18be67aa7eda765854300033af4896dd779b608640f2ef7a?s=96&d=mm&r=g\",\"contentUrl\":\"https:\\\/\\\/secure.gravatar.com\\\/avatar\\\/9167d280179c85bc18be67aa7eda765854300033af4896dd779b608640f2ef7a?s=96&d=mm&r=g\",\"caption\":\"Diario1 Diario1\"},\"url\":\"https:\\\/\\\/diariotextual.com\\\/inicio\\\/index.php\\\/author\\\/diario1\\\/\"}]}<\/script>\n<!-- \/ Yoast SEO plugin. -->","yoast_head_json":{"title":"Se suspendieron los cierres de campa\u00f1a por el asesinato de Morena, una nena de Lan\u00fas - Diario Textual","robots":{"index":"index","follow":"follow","max-snippet":"max-snippet:-1","max-image-preview":"max-image-preview:large","max-video-preview":"max-video-preview:-1"},"canonical":"https:\/\/diariotextual.com\/inicio\/index.php\/2023\/08\/09\/se-suspendieron-los-cierres-de-campana-por-el-asesinato-de-morena-una-nena-de-lanus\/","og_locale":"es_ES","og_type":"article","og_title":"Se suspendieron los cierres de campa\u00f1a por el asesinato de Morena, una nena de Lan\u00fas - Diario Textual","og_description":"El asesinato de Morena Dom\u00ednguez, de 11 a\u00f1os, cuando se dirig\u00eda a su escuela en la localidad bonaerense de Lan\u00fas, conmocion\u00f3 por su brutalidad (fue atacada por dos motochorros a&hellip;","og_url":"https:\/\/diariotextual.com\/inicio\/index.php\/2023\/08\/09\/se-suspendieron-los-cierres-de-campana-por-el-asesinato-de-morena-una-nena-de-lanus\/","og_site_name":"Diario Textual","article_publisher":"https:\/\/www.facebook.com\/eltextual","article_published_time":"2023-08-09T19:58:50+00:00","article_modified_time":"2023-08-10T11:40:29+00:00","og_image":[{"width":1200,"height":675,"url":"https:\/\/diariotextual.com\/inicio\/wp-content\/uploads\/2023\/08\/morenadominguez2023-2.jpg","type":"image\/jpeg"}],"author":"Diario1 Diario1","twitter_card":"summary_large_image","twitter_creator":"@eltextual","twitter_site":"@eltextual","twitter_misc":{"Escrito por":"Diario1 Diario1","Tiempo de lectura":"3 minutos"},"schema":{"@context":"https:\/\/schema.org","@graph":[{"@type":"Article","@id":"https:\/\/diariotextual.com\/inicio\/index.php\/2023\/08\/09\/se-suspendieron-los-cierres-de-campana-por-el-asesinato-de-morena-una-nena-de-lanus\/#article","isPartOf":{"@id":"https:\/\/diariotextual.com\/inicio\/index.php\/2023\/08\/09\/se-suspendieron-los-cierres-de-campana-por-el-asesinato-de-morena-una-nena-de-lanus\/"},"author":{"name":"Diario1 Diario1","@id":"https:\/\/diariotextual.com\/inicio\/#\/schema\/person\/418fc4093c33e86ed41562db3508f958"},"headline":"Se suspendieron los cierres de campa\u00f1a por el asesinato de Morena, una nena de Lan\u00fas","datePublished":"2023-08-09T19:58:50+00:00","dateModified":"2023-08-10T11:40:29+00:00","mainEntityOfPage":{"@id":"https:\/\/diariotextual.com\/inicio\/index.php\/2023\/08\/09\/se-suspendieron-los-cierres-de-campana-por-el-asesinato-de-morena-una-nena-de-lanus\/"},"wordCount":448,"publisher":{"@id":"https:\/\/diariotextual.com\/inicio\/#organization"},"image":{"@id":"https:\/\/diariotextual.com\/inicio\/index.php\/2023\/08\/09\/se-suspendieron-los-cierres-de-campana-por-el-asesinato-de-morena-una-nena-de-lanus\/#primaryimage"},"thumbnailUrl":"https:\/\/diariotextual.com\/inicio\/wp-content\/uploads\/2023\/08\/morenadominguez2023-2.jpg","articleSection":["A - ES NOTICIA (van abajo)","SOCIEDAD"],"inLanguage":"es"},{"@type":"WebPage","@id":"https:\/\/diariotextual.com\/inicio\/index.php\/2023\/08\/09\/se-suspendieron-los-cierres-de-campana-por-el-asesinato-de-morena-una-nena-de-lanus\/","url":"https:\/\/diariotextual.com\/inicio\/index.php\/2023\/08\/09\/se-suspendieron-los-cierres-de-campana-por-el-asesinato-de-morena-una-nena-de-lanus\/","name":"Se suspendieron los cierres de campa\u00f1a por el asesinato de Morena, una nena de Lan\u00fas - Diario Textual","isPartOf":{"@id":"https:\/\/diariotextual.com\/inicio\/#website"},"primaryImageOfPage":{"@id":"https:\/\/diariotextual.com\/inicio\/index.php\/2023\/08\/09\/se-suspendieron-los-cierres-de-campana-por-el-asesinato-de-morena-una-nena-de-lanus\/#primaryimage"},"image":{"@id":"https:\/\/diariotextual.com\/inicio\/index.php\/2023\/08\/09\/se-suspendieron-los-cierres-de-campana-por-el-asesinato-de-morena-una-nena-de-lanus\/#primaryimage"},"thumbnailUrl":"https:\/\/diariotextual.com\/inicio\/wp-content\/uploads\/2023\/08\/morenadominguez2023-2.jpg","datePublished":"2023-08-09T19:58:50+00:00","dateModified":"2023-08-10T11:40:29+00:00","breadcrumb":{"@id":"https:\/\/diariotextual.com\/inicio\/index.php\/2023\/08\/09\/se-suspendieron-los-cierres-de-campana-por-el-asesinato-de-morena-una-nena-de-lanus\/#breadcrumb"},"inLanguage":"es","potentialAction":[{"@type":"ReadAction","target":["https:\/\/diariotextual.com\/inicio\/index.php\/2023\/08\/09\/se-suspendieron-los-cierres-de-campana-por-el-asesinato-de-morena-una-nena-de-lanus\/"]}]},{"@type":"ImageObject","inLanguage":"es","@id":"https:\/\/diariotextual.com\/inicio\/index.php\/2023\/08\/09\/se-suspendieron-los-cierres-de-campana-por-el-asesinato-de-morena-una-nena-de-lanus\/#primaryimage","url":"https:\/\/diariotextual.com\/inicio\/wp-content\/uploads\/2023\/08\/morenadominguez2023-2.jpg","contentUrl":"https:\/\/diariotextual.com\/inicio\/wp-content\/uploads\/2023\/08\/morenadominguez2023-2.jpg","width":1200,"height":675},{"@type":"BreadcrumbList","@id":"https:\/\/diariotextual.com\/inicio\/index.php\/2023\/08\/09\/se-suspendieron-los-cierres-de-campana-por-el-asesinato-de-morena-una-nena-de-lanus\/#breadcrumb","itemListElement":[{"@type":"ListItem","position":1,"name":"Portada","item":"https:\/\/diariotextual.com\/inicio\/"},{"@type":"ListItem","position":2,"name":"Se suspendieron los cierres de campa\u00f1a por el asesinato de Morena, una nena de Lan\u00fas"}]},{"@type":"WebSite","@id":"https:\/\/diariotextual.com\/inicio\/#website","url":"https:\/\/diariotextual.com\/inicio\/","name":"Diario Textual","description":"","publisher":{"@id":"https:\/\/diariotextual.com\/inicio\/#organization"},"potentialAction":[{"@type":"SearchAction","target":{"@type":"EntryPoint","urlTemplate":"https:\/\/diariotextual.com\/inicio\/?s={search_term_string}"},"query-input":{"@type":"PropertyValueSpecification","valueRequired":true,"valueName":"search_term_string"}}],"inLanguage":"es"},{"@type":"Organization","@id":"https:\/\/diariotextual.com\/inicio\/#organization","name":"Diario Textual","url":"https:\/\/diariotextual.com\/inicio\/","logo":{"@type":"ImageObject","inLanguage":"es","@id":"https:\/\/diariotextual.com\/inicio\/#\/schema\/logo\/image\/","url":"https:\/\/diariotextual.com\/inicio\/wp-content\/uploads\/2023\/05\/logotextual1.jpg","contentUrl":"https:\/\/diariotextual.com\/inicio\/wp-content\/uploads\/2023\/05\/logotextual1.jpg","width":516,"height":76,"caption":"Diario Textual"},"image":{"@id":"https:\/\/diariotextual.com\/inicio\/#\/schema\/logo\/image\/"},"sameAs":["https:\/\/www.facebook.com\/eltextual","https:\/\/x.com\/eltextual","http:\/\/www.instagram.com\/eltextual"]},{"@type":"Person","@id":"https:\/\/diariotextual.com\/inicio\/#\/schema\/person\/418fc4093c33e86ed41562db3508f958","name":"Diario1 Diario1","image":{"@type":"ImageObject","inLanguage":"es","@id":"https:\/\/secure.gravatar.com\/avatar\/9167d280179c85bc18be67aa7eda765854300033af4896dd779b608640f2ef7a?s=96&d=mm&r=g","url":"https:\/\/secure.gravatar.com\/avatar\/9167d280179c85bc18be67aa7eda765854300033af4896dd779b608640f2ef7a?s=96&d=mm&r=g","contentUrl":"https:\/\/secure.gravatar.com\/avatar\/9167d280179c85bc18be67aa7eda765854300033af4896dd779b608640f2ef7a?s=96&d=mm&r=g","caption":"Diario1 Diario1"},"url":"https:\/\/diariotextual.com\/inicio\/index.php\/author\/diario1\/"}]}},"_links":{"self":[{"href":"https:\/\/diariotextual.com\/inicio\/index.php\/wp-json\/wp\/v2\/posts\/233313","targetHints":{"allow":["GET"]}}],"collection":[{"href":"https:\/\/diariotextual.com\/inicio\/index.php\/wp-json\/wp\/v2\/posts"}],"about":[{"href":"https:\/\/diariotextual.com\/inicio\/index.php\/wp-json\/wp\/v2\/types\/post"}],"author":[{"embeddable":true,"href":"https:\/\/diariotextual.com\/inicio\/index.php\/wp-json\/wp\/v2\/users\/3"}],"replies":[{"embeddable":true,"href":"https:\/\/diariotextual.com\/inicio\/index.php\/wp-json\/wp\/v2\/comments?post=233313"}],"version-history":[{"count":8,"href":"https:\/\/diariotextual.com\/inicio\/index.php\/wp-json\/wp\/v2\/posts\/233313\/revisions"}],"predecessor-version":[{"id":233379,"href":"https:\/\/diariotextual.com\/inicio\/index.php\/wp-json\/wp\/v2\/posts\/233313\/revisions\/233379"}],"wp:featuredmedia":[{"embeddable":true,"href":"https:\/\/diariotextual.com\/inicio\/index.php\/wp-json\/wp\/v2\/media\/233325"}],"wp:attachment":[{"href":"https:\/\/diariotextual.com\/inicio\/index.php\/wp-json\/wp\/v2\/media?parent=233313"}],"wp:term":[{"taxonomy":"category","embeddable":true,"href":"https:\/\/diariotextual.com\/inicio\/index.php\/wp-json\/wp\/v2\/categories?post=233313"},{"taxonomy":"post_tag","embeddable":true,"href":"https:\/\/diariotextual.com\/inicio\/index.php\/wp-json\/wp\/v2\/tags?post=233313"}],"curies":[{"name":"wp","href":"https:\/\/api.w.org\/{rel}","templated":true}]}}