{"id":233340,"date":"2023-08-09T19:07:49","date_gmt":"2023-08-09T22:07:49","guid":{"rendered":"https:\/\/diariotextual.com\/inicio\/?p=233340"},"modified":"2023-08-10T14:33:35","modified_gmt":"2023-08-10T17:33:35","slug":"etiquetado-frontal-solo-siete-provincias-adhirieron-a-la-ley","status":"publish","type":"post","link":"https:\/\/diariotextual.com\/inicio\/index.php\/2023\/08\/09\/etiquetado-frontal-solo-siete-provincias-adhirieron-a-la-ley\/","title":{"rendered":"Etiquetado frontal: s\u00f3lo siete provincias adhirieron a la ley"},"content":{"rendered":"\n<p>A <strong>casi dos a\u00f1os de la sanci\u00f3n de la Ley de Promoci\u00f3n de Alimentaci\u00f3n Saludable<\/strong> -conocida como de Etiquetado Frontal- <strong>hay un avance del 63,3% de los aspectos normativos necesarios para su implementaci\u00f3n (sellos, regulaci\u00f3n de publicidad, etc.), aunque s\u00f3lo siete provincias adhirieron<\/strong>, lo que impacta fundamentalmente en la falta de reglamentaci\u00f3n de los entornos escolares y en las compras p\u00fablicas de cada jurisdicci\u00f3n. En<strong> La Pampa se present\u00f3 un proyecto pero no fue tratado en la C\u00e1mara de Diputados.<\/strong><\/p>\n\n\n\n<p>Los datos surgen del <strong>Mapa Normativo del Etiquetado Frontal en Argentina (etiquetadoenargentina.org<\/strong>), una herramienta desarrollada por la Fundaci\u00f3n para el Desarrollo de Pol\u00edticas Sustentables (Fundeps) y la Fundaci\u00f3n Sanar presentado en la jornada inaugural del 1\u00b0 Congreso de Pol\u00edticas Alimentarias en Argentina, que se realiza entre este mi\u00e9rcoles y jueves en la Ciudad de Buenos Aires.<\/p>\n\n\n\n<p>En nuestra provincia, <strong>los diputados Alicia Mayoral y Oscar Zanoli (fallecido), ambos del FreJuPa, presentaron un proyecto de ley de adhesi\u00f3n a la ley nacional 27.642 <\/strong>de etiquetado frontal para la promoci\u00f3n de la alimentaci\u00f3n saludable, pero todav\u00eda no fue tratado.<\/p>\n\n\n\n<p>El congreso est\u00e1 focalizado en debatir los avances y desaf\u00edos de la ley de Etiquetado Frontal. Del encuentro participan referentes del Ministerio de Salud y de Desarrollo Social de la Naci\u00f3n, organizaciones de la sociedad civil que Unicef y de pa\u00edses con ley de etiquetado frontal como Chile, M\u00e9xico, Per\u00fa, Colombia y Uruguay.<\/p>\n\n\n\n<p>\u201cEste \u00edndice que creamos -que se expresan en el mapa- contiene tanto las competencias a nivel nacional como las provinciales y de la Ciudad de Buenos Aires en el aspecto normativo; el avance general de las normativas para que pueda implementarse la ley conocida como de Etiquetado Frontal es del 63,3%\u201d, detall\u00f3 a T\u00e9lam la nutricionista Florencia Guma, co-fundadora de Sanar.<\/p>\n\n\n\n<figure class=\"wp-block-embed is-type-wp-embed is-provider-diario-textual wp-block-embed-diario-textual\"><div class=\"wp-block-embed__wrapper\">\n<blockquote class=\"wp-embedded-content\" data-secret=\"KXiXsb1YO7\"><a href=\"https:\/\/diariotextual.com\/inicio\/index.php\/2021\/11\/19\/impulsan-adhesion-de-la-pampa-a-la-ley-de-etiquetado-frontal\/\">Impulsan adhesi\u00f3n de La Pampa a la ley de etiquetado frontal<\/a><\/blockquote><iframe class=\"wp-embedded-content\" sandbox=\"allow-scripts\" security=\"restricted\" style=\"position: absolute; clip: rect(1px, 1px, 1px, 1px);\" title=\"\u00abImpulsan adhesi\u00f3n de La Pampa a la ley de etiquetado frontal\u00bb \u2014 Diario Textual\" src=\"https:\/\/diariotextual.com\/inicio\/index.php\/2021\/11\/19\/impulsan-adhesion-de-la-pampa-a-la-ley-de-etiquetado-frontal\/embed\/#?secret=TGL8LuDMXU#?secret=KXiXsb1YO7\" data-secret=\"KXiXsb1YO7\" width=\"600\" height=\"338\" frameborder=\"0\" marginwidth=\"0\" marginheight=\"0\" scrolling=\"no\"><\/iframe>\n<\/div><\/figure>\n\n\n\n<p>Por su parte, la abogada Mar\u00eda Laura Fons, del \u00e1rea de Salud de Fundeps, explic\u00f3: \u201cNaci\u00f3n ya tiene la mayor cantidad de las normas complementarias (reglamentaci\u00f3n, regulaci\u00f3n de la publicidad, etc.) publicadas\u201d.<\/p>\n\n\n\n<p>\u201cLo principal que le falta a Naci\u00f3n es la creaci\u00f3n de un registro nacional de infractores, el resto est\u00e1 casi todo regulado\u201d, sostuvo.<\/p>\n\n\n\n<p>Y especific\u00f3: \u201cLo que ata\u00f1e a las competencias de las provincias tienen que ver sobre todo con dos aspectos de la ley: los entornos escolares saludables y las compras p\u00fablicas\u201d.<\/p>\n\n\n\n<p>En este contexto, <strong>s\u00f3lo siete provincias se adhirieron a la ley, de las cuales, cuatro (Chaco, Chubut, La Rioja y R\u00edo Negro) simplemente adhirieron y tres (Neuqu\u00e9n, Salta y Tierra del Fuego)<\/strong> mostraron alg\u00fan avance, sobre todo en los mecanismos de implementaci\u00f3n pero no respecto a componentes principales de la ley.<\/p>\n\n\n\n<p>Esto quiere decir que de las siete que avanzaron, ninguna dict\u00f3 normas complementarias que garanticen escuelas libres de sellos ni normas que detallen c\u00f3mo, desde las compras p\u00fablicas, se garantizar\u00e1 una mejora de la calidad alimentaria.<\/p>\n\n\n\n<p>En cuanto al componente de publicidad, promoci\u00f3n y patrocinio, la v\u00eda p\u00fablica y los puntos de venta (dos ejes en donde las provincias cobran mayor relevancia) tampoco se han pronunciado.<\/p>\n\n\n\n<p>\u201cEsto no quiere decir que en las provincias no se implementa nada de la ley, porque hayan adherido o no, es obligatoria y todas las provincias tienen la cobertura de las competencias nacionales que son m\u00e1s del 60% de las normas necesarias para cumplirla\u201d, sostuvo Fons.<\/p>\n\n\n\n<p>Dicho de otro modo, en la provincia que no adhiri\u00f3, igual los productos tienen los sellos octogonales y tambi\u00e9n se puede denunciar una publicidad que no cumple con los requisitos de la ley en los canales habilitados por el Ministerio de Salud nacional. Sin embargo, en esos dos aspectos cr\u00edticos (entornos saludables y compras p\u00fablicas) la falta de regulaci\u00f3n local hace peligrar la implementaci\u00f3n de la ley.<\/p>\n\n\n\n<p>\u201c<strong>Entornos escolares saludables es muy amplio y abarca el ingreso de productos con sellos ya sea en kioscos, cantinas y comedores escolares<\/strong>; y esto se vincula con compras p\u00fablicas, que tiene una pol\u00edtica m\u00e1s flexible respecto de lo que se puede comprar\u201d, dijo la abogada de Fundeps.<\/p>\n\n\n\n<p>Y a\u00f1adi\u00f3: \u201cEn ese sentido, son muchos los actores provinciales que intervienen, por ejemplo, <strong>deber\u00edan tomar el tema los Ministerios de Educaci\u00f3n de las provincias<\/strong>, que muchas veces tienen otras preocupaciones y prioridades, y otros organismos que no tienen como prioridad la salud p\u00fablica\u201d.<\/p>\n\n\n\n<p>A modo de conclusi\u00f3n, Guma explic\u00f3: \u201cTodav\u00eda no hace dos a\u00f1os de la sanci\u00f3n de la ley; se avanz\u00f3 un mont\u00f3n pero falta, y para que no pase con esta normativa lo que sucede con otras necesitamos de la ciudadan\u00eda reclamando que se cumpla porque son nuestros derechos y tiene que llegar a donde vivimos\u201d.<\/p>\n\n\n\n<p>Por su parte, Fons record\u00f3 que <strong>entornos escolares saludables y compras p\u00fablicas son las dos patas m\u00e1s sociales de la ley<\/strong>: \u201cEstamos hablando de ni\u00f1eces y de personas que comen en comedores\u201d.<\/p>\n\n\n\n<p>\u201cSon dos aspectos fundamentales para que la ley no quede s\u00f3lo en el etiquetado frontal que, si bien es fundamental, necesita de las otras patas para que el cambio sea integral y no sea s\u00f3lo un derecho de quien puede ir a comprar y elegir lo que tiene menos sellos en el supermercado\u201d, advirti\u00f3.<\/p>\n\n\n\n<p>La Ley 27.642 de Promoci\u00f3n de Alimentaci\u00f3n Saludable -conocida como de Etiquetado Frontal- se sancion\u00f3 el 26 de octubre de 2021 y el 23 de marzo de 2022 se public\u00f3 el decreto reglamentario 151\/2022.<\/p>\n\n\n\n<p>Uno de los ejes centrales de la ley es la colocaci\u00f3n de sellos a los productos que tengan exceso de grasas, az\u00facares, sodio y calor\u00edas.<\/p>\n","protected":false},"excerpt":{"rendered":"<p>A casi dos a\u00f1os de la sanci\u00f3n de la Ley de Promoci\u00f3n de Alimentaci\u00f3n Saludable -conocida como de Etiquetado Frontal- hay un avance del 63,3% de los aspectos normativos necesarios&hellip;<\/p>\n","protected":false},"author":5,"featured_media":233341,"comment_status":"closed","ping_status":"open","sticky":false,"template":"","format":"standard","meta":{"_acf_changed":false,"footnotes":""},"categories":[1,12],"tags":[6304,100],"class_list":["post-233340","post","type-post","status-publish","format-standard","has-post-thumbnail","hentry","category-es-noticia","category-sociedad","tag-etiquetado-frontal","tag-la-pampa"],"acf":[],"yoast_head":"<!-- This site is optimized with the Yoast SEO plugin v27.5 - https:\/\/yoast.com\/product\/yoast-seo-wordpress\/ -->\n<title>Etiquetado frontal: s\u00f3lo siete provincias adhirieron a la ley - Diario Textual<\/title>\n<meta name=\"robots\" content=\"index, follow, max-snippet:-1, max-image-preview:large, max-video-preview:-1\" \/>\n<link rel=\"canonical\" href=\"https:\/\/diariotextual.com\/inicio\/index.php\/2023\/08\/09\/etiquetado-frontal-solo-siete-provincias-adhirieron-a-la-ley\/\" \/>\n<meta property=\"og:locale\" content=\"es_ES\" \/>\n<meta property=\"og:type\" content=\"article\" \/>\n<meta property=\"og:title\" content=\"Etiquetado frontal: s\u00f3lo siete provincias adhirieron a la ley - Diario Textual\" \/>\n<meta property=\"og:description\" content=\"A casi dos a\u00f1os de la sanci\u00f3n de la Ley de Promoci\u00f3n de Alimentaci\u00f3n Saludable -conocida como de Etiquetado Frontal- hay un avance del 63,3% de los aspectos normativos necesarios&hellip;\" \/>\n<meta property=\"og:url\" content=\"https:\/\/diariotextual.com\/inicio\/index.php\/2023\/08\/09\/etiquetado-frontal-solo-siete-provincias-adhirieron-a-la-ley\/\" \/>\n<meta property=\"og:site_name\" content=\"Diario Textual\" \/>\n<meta property=\"article:publisher\" content=\"https:\/\/www.facebook.com\/eltextual\" \/>\n<meta property=\"article:published_time\" content=\"2023-08-09T22:07:49+00:00\" \/>\n<meta property=\"article:modified_time\" content=\"2023-08-10T17:33:35+00:00\" \/>\n<meta property=\"og:image\" content=\"https:\/\/diariotextual.com\/inicio\/wp-content\/uploads\/2023\/08\/etiquetadofrontal2023.jpg\" \/>\n\t<meta property=\"og:image:width\" content=\"900\" \/>\n\t<meta property=\"og:image:height\" content=\"506\" \/>\n\t<meta property=\"og:image:type\" content=\"image\/jpeg\" \/>\n<meta name=\"author\" content=\"diario3\" \/>\n<meta name=\"twitter:card\" content=\"summary_large_image\" \/>\n<meta name=\"twitter:creator\" content=\"@eltextual\" \/>\n<meta name=\"twitter:site\" content=\"@eltextual\" \/>\n<meta name=\"twitter:label1\" content=\"Escrito por\" \/>\n\t<meta name=\"twitter:data1\" content=\"diario3\" \/>\n\t<meta name=\"twitter:label2\" content=\"Tiempo de lectura\" \/>\n\t<meta name=\"twitter:data2\" content=\"5 minutos\" \/>\n<script type=\"application\/ld+json\" class=\"yoast-schema-graph\">{\"@context\":\"https:\\\/\\\/schema.org\",\"@graph\":[{\"@type\":\"Article\",\"@id\":\"https:\\\/\\\/diariotextual.com\\\/inicio\\\/index.php\\\/2023\\\/08\\\/09\\\/etiquetado-frontal-solo-siete-provincias-adhirieron-a-la-ley\\\/#article\",\"isPartOf\":{\"@id\":\"https:\\\/\\\/diariotextual.com\\\/inicio\\\/index.php\\\/2023\\\/08\\\/09\\\/etiquetado-frontal-solo-siete-provincias-adhirieron-a-la-ley\\\/\"},\"author\":{\"name\":\"diario3\",\"@id\":\"https:\\\/\\\/diariotextual.com\\\/inicio\\\/#\\\/schema\\\/person\\\/a1b6f563e0ee944c60f98119389a4d9f\"},\"headline\":\"Etiquetado frontal: s\u00f3lo siete provincias adhirieron a la ley\",\"datePublished\":\"2023-08-09T22:07:49+00:00\",\"dateModified\":\"2023-08-10T17:33:35+00:00\",\"mainEntityOfPage\":{\"@id\":\"https:\\\/\\\/diariotextual.com\\\/inicio\\\/index.php\\\/2023\\\/08\\\/09\\\/etiquetado-frontal-solo-siete-provincias-adhirieron-a-la-ley\\\/\"},\"wordCount\":976,\"publisher\":{\"@id\":\"https:\\\/\\\/diariotextual.com\\\/inicio\\\/#organization\"},\"image\":{\"@id\":\"https:\\\/\\\/diariotextual.com\\\/inicio\\\/index.php\\\/2023\\\/08\\\/09\\\/etiquetado-frontal-solo-siete-provincias-adhirieron-a-la-ley\\\/#primaryimage\"},\"thumbnailUrl\":\"https:\\\/\\\/diariotextual.com\\\/inicio\\\/wp-content\\\/uploads\\\/2023\\\/08\\\/etiquetadofrontal2023.jpg\",\"keywords\":[\"etiquetado frontal\",\"la pampa\"],\"articleSection\":[\"A - ES NOTICIA (van abajo)\",\"SOCIEDAD\"],\"inLanguage\":\"es\"},{\"@type\":\"WebPage\",\"@id\":\"https:\\\/\\\/diariotextual.com\\\/inicio\\\/index.php\\\/2023\\\/08\\\/09\\\/etiquetado-frontal-solo-siete-provincias-adhirieron-a-la-ley\\\/\",\"url\":\"https:\\\/\\\/diariotextual.com\\\/inicio\\\/index.php\\\/2023\\\/08\\\/09\\\/etiquetado-frontal-solo-siete-provincias-adhirieron-a-la-ley\\\/\",\"name\":\"Etiquetado frontal: s\u00f3lo siete provincias adhirieron a la ley - Diario Textual\",\"isPartOf\":{\"@id\":\"https:\\\/\\\/diariotextual.com\\\/inicio\\\/#website\"},\"primaryImageOfPage\":{\"@id\":\"https:\\\/\\\/diariotextual.com\\\/inicio\\\/index.php\\\/2023\\\/08\\\/09\\\/etiquetado-frontal-solo-siete-provincias-adhirieron-a-la-ley\\\/#primaryimage\"},\"image\":{\"@id\":\"https:\\\/\\\/diariotextual.com\\\/inicio\\\/index.php\\\/2023\\\/08\\\/09\\\/etiquetado-frontal-solo-siete-provincias-adhirieron-a-la-ley\\\/#primaryimage\"},\"thumbnailUrl\":\"https:\\\/\\\/diariotextual.com\\\/inicio\\\/wp-content\\\/uploads\\\/2023\\\/08\\\/etiquetadofrontal2023.jpg\",\"datePublished\":\"2023-08-09T22:07:49+00:00\",\"dateModified\":\"2023-08-10T17:33:35+00:00\",\"breadcrumb\":{\"@id\":\"https:\\\/\\\/diariotextual.com\\\/inicio\\\/index.php\\\/2023\\\/08\\\/09\\\/etiquetado-frontal-solo-siete-provincias-adhirieron-a-la-ley\\\/#breadcrumb\"},\"inLanguage\":\"es\",\"potentialAction\":[{\"@type\":\"ReadAction\",\"target\":[\"https:\\\/\\\/diariotextual.com\\\/inicio\\\/index.php\\\/2023\\\/08\\\/09\\\/etiquetado-frontal-solo-siete-provincias-adhirieron-a-la-ley\\\/\"]}]},{\"@type\":\"ImageObject\",\"inLanguage\":\"es\",\"@id\":\"https:\\\/\\\/diariotextual.com\\\/inicio\\\/index.php\\\/2023\\\/08\\\/09\\\/etiquetado-frontal-solo-siete-provincias-adhirieron-a-la-ley\\\/#primaryimage\",\"url\":\"https:\\\/\\\/diariotextual.com\\\/inicio\\\/wp-content\\\/uploads\\\/2023\\\/08\\\/etiquetadofrontal2023.jpg\",\"contentUrl\":\"https:\\\/\\\/diariotextual.com\\\/inicio\\\/wp-content\\\/uploads\\\/2023\\\/08\\\/etiquetadofrontal2023.jpg\",\"width\":900,\"height\":506},{\"@type\":\"BreadcrumbList\",\"@id\":\"https:\\\/\\\/diariotextual.com\\\/inicio\\\/index.php\\\/2023\\\/08\\\/09\\\/etiquetado-frontal-solo-siete-provincias-adhirieron-a-la-ley\\\/#breadcrumb\",\"itemListElement\":[{\"@type\":\"ListItem\",\"position\":1,\"name\":\"Portada\",\"item\":\"https:\\\/\\\/diariotextual.com\\\/inicio\\\/\"},{\"@type\":\"ListItem\",\"position\":2,\"name\":\"Etiquetado frontal: s\u00f3lo siete provincias adhirieron a la ley\"}]},{\"@type\":\"WebSite\",\"@id\":\"https:\\\/\\\/diariotextual.com\\\/inicio\\\/#website\",\"url\":\"https:\\\/\\\/diariotextual.com\\\/inicio\\\/\",\"name\":\"Diario Textual\",\"description\":\"\",\"publisher\":{\"@id\":\"https:\\\/\\\/diariotextual.com\\\/inicio\\\/#organization\"},\"potentialAction\":[{\"@type\":\"SearchAction\",\"target\":{\"@type\":\"EntryPoint\",\"urlTemplate\":\"https:\\\/\\\/diariotextual.com\\\/inicio\\\/?s={search_term_string}\"},\"query-input\":{\"@type\":\"PropertyValueSpecification\",\"valueRequired\":true,\"valueName\":\"search_term_string\"}}],\"inLanguage\":\"es\"},{\"@type\":\"Organization\",\"@id\":\"https:\\\/\\\/diariotextual.com\\\/inicio\\\/#organization\",\"name\":\"Diario Textual\",\"url\":\"https:\\\/\\\/diariotextual.com\\\/inicio\\\/\",\"logo\":{\"@type\":\"ImageObject\",\"inLanguage\":\"es\",\"@id\":\"https:\\\/\\\/diariotextual.com\\\/inicio\\\/#\\\/schema\\\/logo\\\/image\\\/\",\"url\":\"https:\\\/\\\/diariotextual.com\\\/inicio\\\/wp-content\\\/uploads\\\/2023\\\/05\\\/logotextual1.jpg\",\"contentUrl\":\"https:\\\/\\\/diariotextual.com\\\/inicio\\\/wp-content\\\/uploads\\\/2023\\\/05\\\/logotextual1.jpg\",\"width\":516,\"height\":76,\"caption\":\"Diario Textual\"},\"image\":{\"@id\":\"https:\\\/\\\/diariotextual.com\\\/inicio\\\/#\\\/schema\\\/logo\\\/image\\\/\"},\"sameAs\":[\"https:\\\/\\\/www.facebook.com\\\/eltextual\",\"https:\\\/\\\/x.com\\\/eltextual\",\"http:\\\/\\\/www.instagram.com\\\/eltextual\"]},{\"@type\":\"Person\",\"@id\":\"https:\\\/\\\/diariotextual.com\\\/inicio\\\/#\\\/schema\\\/person\\\/a1b6f563e0ee944c60f98119389a4d9f\",\"name\":\"diario3\",\"image\":{\"@type\":\"ImageObject\",\"inLanguage\":\"es\",\"@id\":\"https:\\\/\\\/secure.gravatar.com\\\/avatar\\\/5e7ee62c82fc04d9dd79d746a390d93c69c43223e5faeeb3ea9461ef752bfc5d?s=96&d=mm&r=g\",\"url\":\"https:\\\/\\\/secure.gravatar.com\\\/avatar\\\/5e7ee62c82fc04d9dd79d746a390d93c69c43223e5faeeb3ea9461ef752bfc5d?s=96&d=mm&r=g\",\"contentUrl\":\"https:\\\/\\\/secure.gravatar.com\\\/avatar\\\/5e7ee62c82fc04d9dd79d746a390d93c69c43223e5faeeb3ea9461ef752bfc5d?s=96&d=mm&r=g\",\"caption\":\"diario3\"},\"url\":\"https:\\\/\\\/diariotextual.com\\\/inicio\\\/index.php\\\/author\\\/diario3\\\/\"}]}<\/script>\n<!-- \/ Yoast SEO plugin. -->","yoast_head_json":{"title":"Etiquetado frontal: s\u00f3lo siete provincias adhirieron a la ley - Diario Textual","robots":{"index":"index","follow":"follow","max-snippet":"max-snippet:-1","max-image-preview":"max-image-preview:large","max-video-preview":"max-video-preview:-1"},"canonical":"https:\/\/diariotextual.com\/inicio\/index.php\/2023\/08\/09\/etiquetado-frontal-solo-siete-provincias-adhirieron-a-la-ley\/","og_locale":"es_ES","og_type":"article","og_title":"Etiquetado frontal: s\u00f3lo siete provincias adhirieron a la ley - Diario Textual","og_description":"A casi dos a\u00f1os de la sanci\u00f3n de la Ley de Promoci\u00f3n de Alimentaci\u00f3n Saludable -conocida como de Etiquetado Frontal- hay un avance del 63,3% de los aspectos normativos necesarios&hellip;","og_url":"https:\/\/diariotextual.com\/inicio\/index.php\/2023\/08\/09\/etiquetado-frontal-solo-siete-provincias-adhirieron-a-la-ley\/","og_site_name":"Diario Textual","article_publisher":"https:\/\/www.facebook.com\/eltextual","article_published_time":"2023-08-09T22:07:49+00:00","article_modified_time":"2023-08-10T17:33:35+00:00","og_image":[{"width":900,"height":506,"url":"https:\/\/diariotextual.com\/inicio\/wp-content\/uploads\/2023\/08\/etiquetadofrontal2023.jpg","type":"image\/jpeg"}],"author":"diario3","twitter_card":"summary_large_image","twitter_creator":"@eltextual","twitter_site":"@eltextual","twitter_misc":{"Escrito por":"diario3","Tiempo de lectura":"5 minutos"},"schema":{"@context":"https:\/\/schema.org","@graph":[{"@type":"Article","@id":"https:\/\/diariotextual.com\/inicio\/index.php\/2023\/08\/09\/etiquetado-frontal-solo-siete-provincias-adhirieron-a-la-ley\/#article","isPartOf":{"@id":"https:\/\/diariotextual.com\/inicio\/index.php\/2023\/08\/09\/etiquetado-frontal-solo-siete-provincias-adhirieron-a-la-ley\/"},"author":{"name":"diario3","@id":"https:\/\/diariotextual.com\/inicio\/#\/schema\/person\/a1b6f563e0ee944c60f98119389a4d9f"},"headline":"Etiquetado frontal: s\u00f3lo siete provincias adhirieron a la ley","datePublished":"2023-08-09T22:07:49+00:00","dateModified":"2023-08-10T17:33:35+00:00","mainEntityOfPage":{"@id":"https:\/\/diariotextual.com\/inicio\/index.php\/2023\/08\/09\/etiquetado-frontal-solo-siete-provincias-adhirieron-a-la-ley\/"},"wordCount":976,"publisher":{"@id":"https:\/\/diariotextual.com\/inicio\/#organization"},"image":{"@id":"https:\/\/diariotextual.com\/inicio\/index.php\/2023\/08\/09\/etiquetado-frontal-solo-siete-provincias-adhirieron-a-la-ley\/#primaryimage"},"thumbnailUrl":"https:\/\/diariotextual.com\/inicio\/wp-content\/uploads\/2023\/08\/etiquetadofrontal2023.jpg","keywords":["etiquetado frontal","la pampa"],"articleSection":["A - ES NOTICIA (van abajo)","SOCIEDAD"],"inLanguage":"es"},{"@type":"WebPage","@id":"https:\/\/diariotextual.com\/inicio\/index.php\/2023\/08\/09\/etiquetado-frontal-solo-siete-provincias-adhirieron-a-la-ley\/","url":"https:\/\/diariotextual.com\/inicio\/index.php\/2023\/08\/09\/etiquetado-frontal-solo-siete-provincias-adhirieron-a-la-ley\/","name":"Etiquetado frontal: s\u00f3lo siete provincias adhirieron a la ley - Diario Textual","isPartOf":{"@id":"https:\/\/diariotextual.com\/inicio\/#website"},"primaryImageOfPage":{"@id":"https:\/\/diariotextual.com\/inicio\/index.php\/2023\/08\/09\/etiquetado-frontal-solo-siete-provincias-adhirieron-a-la-ley\/#primaryimage"},"image":{"@id":"https:\/\/diariotextual.com\/inicio\/index.php\/2023\/08\/09\/etiquetado-frontal-solo-siete-provincias-adhirieron-a-la-ley\/#primaryimage"},"thumbnailUrl":"https:\/\/diariotextual.com\/inicio\/wp-content\/uploads\/2023\/08\/etiquetadofrontal2023.jpg","datePublished":"2023-08-09T22:07:49+00:00","dateModified":"2023-08-10T17:33:35+00:00","breadcrumb":{"@id":"https:\/\/diariotextual.com\/inicio\/index.php\/2023\/08\/09\/etiquetado-frontal-solo-siete-provincias-adhirieron-a-la-ley\/#breadcrumb"},"inLanguage":"es","potentialAction":[{"@type":"ReadAction","target":["https:\/\/diariotextual.com\/inicio\/index.php\/2023\/08\/09\/etiquetado-frontal-solo-siete-provincias-adhirieron-a-la-ley\/"]}]},{"@type":"ImageObject","inLanguage":"es","@id":"https:\/\/diariotextual.com\/inicio\/index.php\/2023\/08\/09\/etiquetado-frontal-solo-siete-provincias-adhirieron-a-la-ley\/#primaryimage","url":"https:\/\/diariotextual.com\/inicio\/wp-content\/uploads\/2023\/08\/etiquetadofrontal2023.jpg","contentUrl":"https:\/\/diariotextual.com\/inicio\/wp-content\/uploads\/2023\/08\/etiquetadofrontal2023.jpg","width":900,"height":506},{"@type":"BreadcrumbList","@id":"https:\/\/diariotextual.com\/inicio\/index.php\/2023\/08\/09\/etiquetado-frontal-solo-siete-provincias-adhirieron-a-la-ley\/#breadcrumb","itemListElement":[{"@type":"ListItem","position":1,"name":"Portada","item":"https:\/\/diariotextual.com\/inicio\/"},{"@type":"ListItem","position":2,"name":"Etiquetado frontal: s\u00f3lo siete provincias adhirieron a la ley"}]},{"@type":"WebSite","@id":"https:\/\/diariotextual.com\/inicio\/#website","url":"https:\/\/diariotextual.com\/inicio\/","name":"Diario Textual","description":"","publisher":{"@id":"https:\/\/diariotextual.com\/inicio\/#organization"},"potentialAction":[{"@type":"SearchAction","target":{"@type":"EntryPoint","urlTemplate":"https:\/\/diariotextual.com\/inicio\/?s={search_term_string}"},"query-input":{"@type":"PropertyValueSpecification","valueRequired":true,"valueName":"search_term_string"}}],"inLanguage":"es"},{"@type":"Organization","@id":"https:\/\/diariotextual.com\/inicio\/#organization","name":"Diario Textual","url":"https:\/\/diariotextual.com\/inicio\/","logo":{"@type":"ImageObject","inLanguage":"es","@id":"https:\/\/diariotextual.com\/inicio\/#\/schema\/logo\/image\/","url":"https:\/\/diariotextual.com\/inicio\/wp-content\/uploads\/2023\/05\/logotextual1.jpg","contentUrl":"https:\/\/diariotextual.com\/inicio\/wp-content\/uploads\/2023\/05\/logotextual1.jpg","width":516,"height":76,"caption":"Diario Textual"},"image":{"@id":"https:\/\/diariotextual.com\/inicio\/#\/schema\/logo\/image\/"},"sameAs":["https:\/\/www.facebook.com\/eltextual","https:\/\/x.com\/eltextual","http:\/\/www.instagram.com\/eltextual"]},{"@type":"Person","@id":"https:\/\/diariotextual.com\/inicio\/#\/schema\/person\/a1b6f563e0ee944c60f98119389a4d9f","name":"diario3","image":{"@type":"ImageObject","inLanguage":"es","@id":"https:\/\/secure.gravatar.com\/avatar\/5e7ee62c82fc04d9dd79d746a390d93c69c43223e5faeeb3ea9461ef752bfc5d?s=96&d=mm&r=g","url":"https:\/\/secure.gravatar.com\/avatar\/5e7ee62c82fc04d9dd79d746a390d93c69c43223e5faeeb3ea9461ef752bfc5d?s=96&d=mm&r=g","contentUrl":"https:\/\/secure.gravatar.com\/avatar\/5e7ee62c82fc04d9dd79d746a390d93c69c43223e5faeeb3ea9461ef752bfc5d?s=96&d=mm&r=g","caption":"diario3"},"url":"https:\/\/diariotextual.com\/inicio\/index.php\/author\/diario3\/"}]}},"_links":{"self":[{"href":"https:\/\/diariotextual.com\/inicio\/index.php\/wp-json\/wp\/v2\/posts\/233340","targetHints":{"allow":["GET"]}}],"collection":[{"href":"https:\/\/diariotextual.com\/inicio\/index.php\/wp-json\/wp\/v2\/posts"}],"about":[{"href":"https:\/\/diariotextual.com\/inicio\/index.php\/wp-json\/wp\/v2\/types\/post"}],"author":[{"embeddable":true,"href":"https:\/\/diariotextual.com\/inicio\/index.php\/wp-json\/wp\/v2\/users\/5"}],"replies":[{"embeddable":true,"href":"https:\/\/diariotextual.com\/inicio\/index.php\/wp-json\/wp\/v2\/comments?post=233340"}],"version-history":[{"count":1,"href":"https:\/\/diariotextual.com\/inicio\/index.php\/wp-json\/wp\/v2\/posts\/233340\/revisions"}],"predecessor-version":[{"id":233342,"href":"https:\/\/diariotextual.com\/inicio\/index.php\/wp-json\/wp\/v2\/posts\/233340\/revisions\/233342"}],"wp:featuredmedia":[{"embeddable":true,"href":"https:\/\/diariotextual.com\/inicio\/index.php\/wp-json\/wp\/v2\/media\/233341"}],"wp:attachment":[{"href":"https:\/\/diariotextual.com\/inicio\/index.php\/wp-json\/wp\/v2\/media?parent=233340"}],"wp:term":[{"taxonomy":"category","embeddable":true,"href":"https:\/\/diariotextual.com\/inicio\/index.php\/wp-json\/wp\/v2\/categories?post=233340"},{"taxonomy":"post_tag","embeddable":true,"href":"https:\/\/diariotextual.com\/inicio\/index.php\/wp-json\/wp\/v2\/tags?post=233340"}],"curies":[{"name":"wp","href":"https:\/\/api.w.org\/{rel}","templated":true}]}}