{"id":233348,"date":"2023-08-09T21:01:47","date_gmt":"2023-08-10T00:01:47","guid":{"rendered":"https:\/\/diariotextual.com\/inicio\/?p=233348"},"modified":"2023-08-09T21:01:49","modified_gmt":"2023-08-10T00:01:49","slug":"primera-reunion-de-la-comision-redactora-del-codigo-procesal-de-familia","status":"publish","type":"post","link":"https:\/\/diariotextual.com\/inicio\/index.php\/2023\/08\/09\/primera-reunion-de-la-comision-redactora-del-codigo-procesal-de-familia\/","title":{"rendered":"Primera reuni\u00f3n de la Comisi\u00f3n Redactora del C\u00f3digo Procesal de Familia"},"content":{"rendered":"\n<p>Autoridades provinciales, de la C\u00e1mara de Diputados y del Poder Judicial mantuvieron un encuentro en la sede de la Direcci\u00f3n Provincial de Vialidad y concretaron la primera reuni\u00f3n de la Comisi\u00f3n Redactora del C\u00f3digo Procesal de Familia en La Pampa.<\/p>\n\n\n\n<p>Esta comisi\u00f3n tiene como objetivo plantear los lineamientos generales para la elaboraci\u00f3n del anteproyecto de Ley que modificar\u00e1 al que <strong>actualmente est\u00e1 en vigencia en la provincia de La Pampa: el del C\u00f3digo Procesal Civil y Comercial de la Ley N\u00b01828 del a\u00f1o 1999.<\/strong><\/p>\n\n\n\n<p>\u201cPor esto, surge la necesidad de dictar un nuevo cuerpo procesal \u00fanico que contemple y permita alcanzar la efectiva operatividad de las disposiciones previstas en el C\u00f3digo Civil y Comercial de la Naci\u00f3n en consonancia con la Constituci\u00f3n Nacional y los tratados internacionales de Derechos Humanos y la Constituci\u00f3n Provincial\u201d, detall\u00f3 la Agencia Provincial de Noticias.<\/p>\n\n\n\n<p>Este encuentro deviene de la firma del gobernador Sergio Ziliotto, quien en el mes de marzo de a\u00f1o en curso rubric\u00f3 el decreto mediante el cual se creaba una comisi\u00f3n para el estudio y elaboraci\u00f3n de un anteproyecto de C\u00f3digo Procesal de Familia, Ni\u00f1ez y Adolescencia de la Provincia de La Pampa.<\/p>\n\n\n\n<p>La actual reuni\u00f3n cont\u00f3 con la presencia del ministro de Gobierno, Justicia y Derechos Humanos, Ariel Rauschenberger; el ministro de Desarrollo Social, Diego \u00c1lvarez; el subsecretario de Ni\u00f1ez, Adolescencia y Familia, Juan Pablo Bonino; el subsecretario de Justicia, Pablo Boleas junto a la especialista en Derecho de Familia, Marisa Herrera y el defensor de los Derechos de las Ni\u00f1as, Ni\u00f1os y Adolescentes, Juan Pablo Meaca.<\/p>\n\n\n\n<p>El ministro de Gobierno, Justicia y Derechos Humanos, Ariel Rauschenberger expres\u00f3 la necesidad de que La Pampa cuente con un c\u00f3digo procesal que contemple especificidades. \u201cEntendemos que <strong>tenemos que llevar adelante un servicio de justicia que sea m\u00e1s \u00e1gil, m\u00e1s eficiente<\/strong> y que contemple estas cuestiones especiales; fundamentalmente para que llegue la justicia a las personas con mayor vulnerabilidad\u201d dijo a la APN.<\/p>\n\n\n\n<p>Destac\u00f3 tambi\u00e9n el trabajo que viene desarrollando la comisi\u00f3n: \u201cHay un largo y arduo trabajo por delante, donde <strong>la idea es avanzar en un reglamento y luego un esquema de trabajo; pero b\u00e1sicamente esperemos que tengamos lo m\u00e1s r\u00e1pido posible dentro de lo que pueda llegar a tardar<\/strong>, el proyecto para que pueda ser luego trazado por la Legislatura\u201d.<\/p>\n\n\n\n<p>Por su parte, el ministro de Desarrollo Social, Diego \u00c1lvarez destac\u00f3 el trabajo que viene realizando la comisi\u00f3n en el sentido de escucha. \u201cEsta comisi\u00f3n que se elabor\u00f3, tuvo que ver tambi\u00e9n con una recepci\u00f3n, con una escucha a distintos actores -sostuvo-, distintos organismos que planteaban la necesidad de generar un cuerpo normativo espec\u00edfico para familias\u201d.<\/p>\n\n\n\n<p>Desde la cartera ministerial de Desarrollo Social se viene desarrollando un trabajo interno -y por decisi\u00f3n del Poder Ejecutivo- en diferentes temas respecto por ejemplo a la Ley de Procedimientos Penales, el reconocimiento del personal que trabaja en los dispositivos de cuidados parentales del Ministerio.<\/p>\n\n\n\n<p>El subsecretario de Justicia, Pablo Boleas agreg\u00f3 la importancia de contar con la asistencia y asesoramiento de Marisa Herrera, la encargada de dar las pautas generales para la redacci\u00f3n del anteproyecto de ley. \u201cHoy, aparte de ser la primera reuni\u00f3n, lo que se hizo fue establecer o visualizar cu\u00e1l es la estructura del anteproyecto que se va a elaborar. Se aprob\u00f3 el reglamento interno de la Comisi\u00f3n el cual determina qui\u00e9n va a estar a cargo de la coordinaci\u00f3n, de las secretar\u00edas de la Comisi\u00f3n y tambi\u00e9n el desarrollo de c\u00f3mo se van a llevar a cabo las reuniones, la periodicidad y la votaci\u00f3n de la misma\u201d, expres\u00f3.<\/p>\n\n\n\n<p>Adem\u00e1s se determinaron los puntos centrales para debatir en la pr\u00f3xima reuni\u00f3n que va a ser el 23 de agosto del corriente a\u00f1o.<\/p>\n\n\n\n<p>Posteriormente, la especialista e investigadora en Derecho de Familia, Marisa Herrera fue la encargada de llevar adelante la coordinaci\u00f3n del encuentro con el planteamiento de los puntos necesarios para debatir, exponiendo distintos ejemplos que hacen a la problem\u00e1tica de casos de familia.<\/p>\n\n\n\n<p>Del encuentro participaron tambi\u00e9n personas integrantes de la C\u00e1mara de Diputados y Diputadas de la provincia, de la Fiscal\u00eda de Estado, Ministerio P\u00fablico Fiscal, Asesor\u00eda Letrada de Gobierno, UNLPam, Superior Tribunal de Justicia, entre otros organismos.<\/p>\n","protected":false},"excerpt":{"rendered":"<p>Autoridades provinciales, de la C\u00e1mara de Diputados y del Poder Judicial mantuvieron un encuentro en la sede de la Direcci\u00f3n Provincial de Vialidad y concretaron la primera reuni\u00f3n de la&hellip;<\/p>\n","protected":false},"author":5,"featured_media":233349,"comment_status":"closed","ping_status":"open","sticky":false,"template":"","format":"standard","meta":{"_acf_changed":false,"footnotes":""},"categories":[1,12],"tags":[7479,100],"class_list":["post-233348","post","type-post","status-publish","format-standard","has-post-thumbnail","hentry","category-es-noticia","category-sociedad","tag-codigo-procesal-familiar","tag-la-pampa"],"acf":[],"yoast_head":"<!-- This site is optimized with the Yoast SEO plugin v27.5 - https:\/\/yoast.com\/product\/yoast-seo-wordpress\/ -->\n<title>Primera reuni\u00f3n de la Comisi\u00f3n Redactora del C\u00f3digo Procesal de Familia - Diario Textual<\/title>\n<meta name=\"robots\" content=\"index, follow, max-snippet:-1, max-image-preview:large, max-video-preview:-1\" \/>\n<link rel=\"canonical\" href=\"https:\/\/diariotextual.com\/inicio\/index.php\/2023\/08\/09\/primera-reunion-de-la-comision-redactora-del-codigo-procesal-de-familia\/\" \/>\n<meta property=\"og:locale\" content=\"es_ES\" \/>\n<meta property=\"og:type\" content=\"article\" \/>\n<meta property=\"og:title\" content=\"Primera reuni\u00f3n de la Comisi\u00f3n Redactora del C\u00f3digo Procesal de Familia - Diario Textual\" \/>\n<meta property=\"og:description\" content=\"Autoridades provinciales, de la C\u00e1mara de Diputados y del Poder Judicial mantuvieron un encuentro en la sede de la Direcci\u00f3n Provincial de Vialidad y concretaron la primera reuni\u00f3n de la&hellip;\" \/>\n<meta property=\"og:url\" content=\"https:\/\/diariotextual.com\/inicio\/index.php\/2023\/08\/09\/primera-reunion-de-la-comision-redactora-del-codigo-procesal-de-familia\/\" \/>\n<meta property=\"og:site_name\" content=\"Diario Textual\" \/>\n<meta property=\"article:publisher\" content=\"https:\/\/www.facebook.com\/eltextual\" \/>\n<meta property=\"article:published_time\" content=\"2023-08-10T00:01:47+00:00\" \/>\n<meta property=\"article:modified_time\" content=\"2023-08-10T00:01:49+00:00\" \/>\n<meta property=\"og:image\" content=\"https:\/\/diariotextual.com\/inicio\/wp-content\/uploads\/2023\/08\/codigoprocesalfamiliar2023.jpg\" \/>\n\t<meta property=\"og:image:width\" content=\"900\" \/>\n\t<meta property=\"og:image:height\" content=\"470\" \/>\n\t<meta property=\"og:image:type\" content=\"image\/jpeg\" \/>\n<meta name=\"author\" content=\"diario3\" \/>\n<meta name=\"twitter:card\" content=\"summary_large_image\" \/>\n<meta name=\"twitter:creator\" content=\"@eltextual\" \/>\n<meta name=\"twitter:site\" content=\"@eltextual\" \/>\n<meta name=\"twitter:label1\" content=\"Escrito por\" \/>\n\t<meta name=\"twitter:data1\" content=\"diario3\" \/>\n\t<meta name=\"twitter:label2\" content=\"Tiempo de lectura\" \/>\n\t<meta name=\"twitter:data2\" content=\"4 minutos\" \/>\n<script type=\"application\/ld+json\" class=\"yoast-schema-graph\">{\"@context\":\"https:\\\/\\\/schema.org\",\"@graph\":[{\"@type\":\"Article\",\"@id\":\"https:\\\/\\\/diariotextual.com\\\/inicio\\\/index.php\\\/2023\\\/08\\\/09\\\/primera-reunion-de-la-comision-redactora-del-codigo-procesal-de-familia\\\/#article\",\"isPartOf\":{\"@id\":\"https:\\\/\\\/diariotextual.com\\\/inicio\\\/index.php\\\/2023\\\/08\\\/09\\\/primera-reunion-de-la-comision-redactora-del-codigo-procesal-de-familia\\\/\"},\"author\":{\"name\":\"diario3\",\"@id\":\"https:\\\/\\\/diariotextual.com\\\/inicio\\\/#\\\/schema\\\/person\\\/a1b6f563e0ee944c60f98119389a4d9f\"},\"headline\":\"Primera reuni\u00f3n de la Comisi\u00f3n Redactora del C\u00f3digo Procesal de Familia\",\"datePublished\":\"2023-08-10T00:01:47+00:00\",\"dateModified\":\"2023-08-10T00:01:49+00:00\",\"mainEntityOfPage\":{\"@id\":\"https:\\\/\\\/diariotextual.com\\\/inicio\\\/index.php\\\/2023\\\/08\\\/09\\\/primera-reunion-de-la-comision-redactora-del-codigo-procesal-de-familia\\\/\"},\"wordCount\":759,\"publisher\":{\"@id\":\"https:\\\/\\\/diariotextual.com\\\/inicio\\\/#organization\"},\"image\":{\"@id\":\"https:\\\/\\\/diariotextual.com\\\/inicio\\\/index.php\\\/2023\\\/08\\\/09\\\/primera-reunion-de-la-comision-redactora-del-codigo-procesal-de-familia\\\/#primaryimage\"},\"thumbnailUrl\":\"https:\\\/\\\/diariotextual.com\\\/inicio\\\/wp-content\\\/uploads\\\/2023\\\/08\\\/codigoprocesalfamiliar2023.jpg\",\"keywords\":[\"codigo procesal familiar\",\"la pampa\"],\"articleSection\":[\"A - ES NOTICIA (van abajo)\",\"SOCIEDAD\"],\"inLanguage\":\"es\"},{\"@type\":\"WebPage\",\"@id\":\"https:\\\/\\\/diariotextual.com\\\/inicio\\\/index.php\\\/2023\\\/08\\\/09\\\/primera-reunion-de-la-comision-redactora-del-codigo-procesal-de-familia\\\/\",\"url\":\"https:\\\/\\\/diariotextual.com\\\/inicio\\\/index.php\\\/2023\\\/08\\\/09\\\/primera-reunion-de-la-comision-redactora-del-codigo-procesal-de-familia\\\/\",\"name\":\"Primera reuni\u00f3n de la Comisi\u00f3n Redactora del C\u00f3digo Procesal de Familia - Diario Textual\",\"isPartOf\":{\"@id\":\"https:\\\/\\\/diariotextual.com\\\/inicio\\\/#website\"},\"primaryImageOfPage\":{\"@id\":\"https:\\\/\\\/diariotextual.com\\\/inicio\\\/index.php\\\/2023\\\/08\\\/09\\\/primera-reunion-de-la-comision-redactora-del-codigo-procesal-de-familia\\\/#primaryimage\"},\"image\":{\"@id\":\"https:\\\/\\\/diariotextual.com\\\/inicio\\\/index.php\\\/2023\\\/08\\\/09\\\/primera-reunion-de-la-comision-redactora-del-codigo-procesal-de-familia\\\/#primaryimage\"},\"thumbnailUrl\":\"https:\\\/\\\/diariotextual.com\\\/inicio\\\/wp-content\\\/uploads\\\/2023\\\/08\\\/codigoprocesalfamiliar2023.jpg\",\"datePublished\":\"2023-08-10T00:01:47+00:00\",\"dateModified\":\"2023-08-10T00:01:49+00:00\",\"breadcrumb\":{\"@id\":\"https:\\\/\\\/diariotextual.com\\\/inicio\\\/index.php\\\/2023\\\/08\\\/09\\\/primera-reunion-de-la-comision-redactora-del-codigo-procesal-de-familia\\\/#breadcrumb\"},\"inLanguage\":\"es\",\"potentialAction\":[{\"@type\":\"ReadAction\",\"target\":[\"https:\\\/\\\/diariotextual.com\\\/inicio\\\/index.php\\\/2023\\\/08\\\/09\\\/primera-reunion-de-la-comision-redactora-del-codigo-procesal-de-familia\\\/\"]}]},{\"@type\":\"ImageObject\",\"inLanguage\":\"es\",\"@id\":\"https:\\\/\\\/diariotextual.com\\\/inicio\\\/index.php\\\/2023\\\/08\\\/09\\\/primera-reunion-de-la-comision-redactora-del-codigo-procesal-de-familia\\\/#primaryimage\",\"url\":\"https:\\\/\\\/diariotextual.com\\\/inicio\\\/wp-content\\\/uploads\\\/2023\\\/08\\\/codigoprocesalfamiliar2023.jpg\",\"contentUrl\":\"https:\\\/\\\/diariotextual.com\\\/inicio\\\/wp-content\\\/uploads\\\/2023\\\/08\\\/codigoprocesalfamiliar2023.jpg\",\"width\":900,\"height\":470},{\"@type\":\"BreadcrumbList\",\"@id\":\"https:\\\/\\\/diariotextual.com\\\/inicio\\\/index.php\\\/2023\\\/08\\\/09\\\/primera-reunion-de-la-comision-redactora-del-codigo-procesal-de-familia\\\/#breadcrumb\",\"itemListElement\":[{\"@type\":\"ListItem\",\"position\":1,\"name\":\"Portada\",\"item\":\"https:\\\/\\\/diariotextual.com\\\/inicio\\\/\"},{\"@type\":\"ListItem\",\"position\":2,\"name\":\"Primera reuni\u00f3n de la Comisi\u00f3n Redactora del C\u00f3digo Procesal de Familia\"}]},{\"@type\":\"WebSite\",\"@id\":\"https:\\\/\\\/diariotextual.com\\\/inicio\\\/#website\",\"url\":\"https:\\\/\\\/diariotextual.com\\\/inicio\\\/\",\"name\":\"Diario Textual\",\"description\":\"\",\"publisher\":{\"@id\":\"https:\\\/\\\/diariotextual.com\\\/inicio\\\/#organization\"},\"potentialAction\":[{\"@type\":\"SearchAction\",\"target\":{\"@type\":\"EntryPoint\",\"urlTemplate\":\"https:\\\/\\\/diariotextual.com\\\/inicio\\\/?s={search_term_string}\"},\"query-input\":{\"@type\":\"PropertyValueSpecification\",\"valueRequired\":true,\"valueName\":\"search_term_string\"}}],\"inLanguage\":\"es\"},{\"@type\":\"Organization\",\"@id\":\"https:\\\/\\\/diariotextual.com\\\/inicio\\\/#organization\",\"name\":\"Diario Textual\",\"url\":\"https:\\\/\\\/diariotextual.com\\\/inicio\\\/\",\"logo\":{\"@type\":\"ImageObject\",\"inLanguage\":\"es\",\"@id\":\"https:\\\/\\\/diariotextual.com\\\/inicio\\\/#\\\/schema\\\/logo\\\/image\\\/\",\"url\":\"https:\\\/\\\/diariotextual.com\\\/inicio\\\/wp-content\\\/uploads\\\/2023\\\/05\\\/logotextual1.jpg\",\"contentUrl\":\"https:\\\/\\\/diariotextual.com\\\/inicio\\\/wp-content\\\/uploads\\\/2023\\\/05\\\/logotextual1.jpg\",\"width\":516,\"height\":76,\"caption\":\"Diario Textual\"},\"image\":{\"@id\":\"https:\\\/\\\/diariotextual.com\\\/inicio\\\/#\\\/schema\\\/logo\\\/image\\\/\"},\"sameAs\":[\"https:\\\/\\\/www.facebook.com\\\/eltextual\",\"https:\\\/\\\/x.com\\\/eltextual\",\"http:\\\/\\\/www.instagram.com\\\/eltextual\"]},{\"@type\":\"Person\",\"@id\":\"https:\\\/\\\/diariotextual.com\\\/inicio\\\/#\\\/schema\\\/person\\\/a1b6f563e0ee944c60f98119389a4d9f\",\"name\":\"diario3\",\"image\":{\"@type\":\"ImageObject\",\"inLanguage\":\"es\",\"@id\":\"https:\\\/\\\/secure.gravatar.com\\\/avatar\\\/5e7ee62c82fc04d9dd79d746a390d93c69c43223e5faeeb3ea9461ef752bfc5d?s=96&d=mm&r=g\",\"url\":\"https:\\\/\\\/secure.gravatar.com\\\/avatar\\\/5e7ee62c82fc04d9dd79d746a390d93c69c43223e5faeeb3ea9461ef752bfc5d?s=96&d=mm&r=g\",\"contentUrl\":\"https:\\\/\\\/secure.gravatar.com\\\/avatar\\\/5e7ee62c82fc04d9dd79d746a390d93c69c43223e5faeeb3ea9461ef752bfc5d?s=96&d=mm&r=g\",\"caption\":\"diario3\"},\"url\":\"https:\\\/\\\/diariotextual.com\\\/inicio\\\/index.php\\\/author\\\/diario3\\\/\"}]}<\/script>\n<!-- \/ Yoast SEO plugin. -->","yoast_head_json":{"title":"Primera reuni\u00f3n de la Comisi\u00f3n Redactora del C\u00f3digo Procesal de Familia - Diario Textual","robots":{"index":"index","follow":"follow","max-snippet":"max-snippet:-1","max-image-preview":"max-image-preview:large","max-video-preview":"max-video-preview:-1"},"canonical":"https:\/\/diariotextual.com\/inicio\/index.php\/2023\/08\/09\/primera-reunion-de-la-comision-redactora-del-codigo-procesal-de-familia\/","og_locale":"es_ES","og_type":"article","og_title":"Primera reuni\u00f3n de la Comisi\u00f3n Redactora del C\u00f3digo Procesal de Familia - Diario Textual","og_description":"Autoridades provinciales, de la C\u00e1mara de Diputados y del Poder Judicial mantuvieron un encuentro en la sede de la Direcci\u00f3n Provincial de Vialidad y concretaron la primera reuni\u00f3n de la&hellip;","og_url":"https:\/\/diariotextual.com\/inicio\/index.php\/2023\/08\/09\/primera-reunion-de-la-comision-redactora-del-codigo-procesal-de-familia\/","og_site_name":"Diario Textual","article_publisher":"https:\/\/www.facebook.com\/eltextual","article_published_time":"2023-08-10T00:01:47+00:00","article_modified_time":"2023-08-10T00:01:49+00:00","og_image":[{"width":900,"height":470,"url":"https:\/\/diariotextual.com\/inicio\/wp-content\/uploads\/2023\/08\/codigoprocesalfamiliar2023.jpg","type":"image\/jpeg"}],"author":"diario3","twitter_card":"summary_large_image","twitter_creator":"@eltextual","twitter_site":"@eltextual","twitter_misc":{"Escrito por":"diario3","Tiempo de lectura":"4 minutos"},"schema":{"@context":"https:\/\/schema.org","@graph":[{"@type":"Article","@id":"https:\/\/diariotextual.com\/inicio\/index.php\/2023\/08\/09\/primera-reunion-de-la-comision-redactora-del-codigo-procesal-de-familia\/#article","isPartOf":{"@id":"https:\/\/diariotextual.com\/inicio\/index.php\/2023\/08\/09\/primera-reunion-de-la-comision-redactora-del-codigo-procesal-de-familia\/"},"author":{"name":"diario3","@id":"https:\/\/diariotextual.com\/inicio\/#\/schema\/person\/a1b6f563e0ee944c60f98119389a4d9f"},"headline":"Primera reuni\u00f3n de la Comisi\u00f3n Redactora del C\u00f3digo Procesal de Familia","datePublished":"2023-08-10T00:01:47+00:00","dateModified":"2023-08-10T00:01:49+00:00","mainEntityOfPage":{"@id":"https:\/\/diariotextual.com\/inicio\/index.php\/2023\/08\/09\/primera-reunion-de-la-comision-redactora-del-codigo-procesal-de-familia\/"},"wordCount":759,"publisher":{"@id":"https:\/\/diariotextual.com\/inicio\/#organization"},"image":{"@id":"https:\/\/diariotextual.com\/inicio\/index.php\/2023\/08\/09\/primera-reunion-de-la-comision-redactora-del-codigo-procesal-de-familia\/#primaryimage"},"thumbnailUrl":"https:\/\/diariotextual.com\/inicio\/wp-content\/uploads\/2023\/08\/codigoprocesalfamiliar2023.jpg","keywords":["codigo procesal familiar","la pampa"],"articleSection":["A - ES NOTICIA (van abajo)","SOCIEDAD"],"inLanguage":"es"},{"@type":"WebPage","@id":"https:\/\/diariotextual.com\/inicio\/index.php\/2023\/08\/09\/primera-reunion-de-la-comision-redactora-del-codigo-procesal-de-familia\/","url":"https:\/\/diariotextual.com\/inicio\/index.php\/2023\/08\/09\/primera-reunion-de-la-comision-redactora-del-codigo-procesal-de-familia\/","name":"Primera reuni\u00f3n de la Comisi\u00f3n Redactora del C\u00f3digo Procesal de Familia - Diario Textual","isPartOf":{"@id":"https:\/\/diariotextual.com\/inicio\/#website"},"primaryImageOfPage":{"@id":"https:\/\/diariotextual.com\/inicio\/index.php\/2023\/08\/09\/primera-reunion-de-la-comision-redactora-del-codigo-procesal-de-familia\/#primaryimage"},"image":{"@id":"https:\/\/diariotextual.com\/inicio\/index.php\/2023\/08\/09\/primera-reunion-de-la-comision-redactora-del-codigo-procesal-de-familia\/#primaryimage"},"thumbnailUrl":"https:\/\/diariotextual.com\/inicio\/wp-content\/uploads\/2023\/08\/codigoprocesalfamiliar2023.jpg","datePublished":"2023-08-10T00:01:47+00:00","dateModified":"2023-08-10T00:01:49+00:00","breadcrumb":{"@id":"https:\/\/diariotextual.com\/inicio\/index.php\/2023\/08\/09\/primera-reunion-de-la-comision-redactora-del-codigo-procesal-de-familia\/#breadcrumb"},"inLanguage":"es","potentialAction":[{"@type":"ReadAction","target":["https:\/\/diariotextual.com\/inicio\/index.php\/2023\/08\/09\/primera-reunion-de-la-comision-redactora-del-codigo-procesal-de-familia\/"]}]},{"@type":"ImageObject","inLanguage":"es","@id":"https:\/\/diariotextual.com\/inicio\/index.php\/2023\/08\/09\/primera-reunion-de-la-comision-redactora-del-codigo-procesal-de-familia\/#primaryimage","url":"https:\/\/diariotextual.com\/inicio\/wp-content\/uploads\/2023\/08\/codigoprocesalfamiliar2023.jpg","contentUrl":"https:\/\/diariotextual.com\/inicio\/wp-content\/uploads\/2023\/08\/codigoprocesalfamiliar2023.jpg","width":900,"height":470},{"@type":"BreadcrumbList","@id":"https:\/\/diariotextual.com\/inicio\/index.php\/2023\/08\/09\/primera-reunion-de-la-comision-redactora-del-codigo-procesal-de-familia\/#breadcrumb","itemListElement":[{"@type":"ListItem","position":1,"name":"Portada","item":"https:\/\/diariotextual.com\/inicio\/"},{"@type":"ListItem","position":2,"name":"Primera reuni\u00f3n de la Comisi\u00f3n Redactora del C\u00f3digo Procesal de Familia"}]},{"@type":"WebSite","@id":"https:\/\/diariotextual.com\/inicio\/#website","url":"https:\/\/diariotextual.com\/inicio\/","name":"Diario Textual","description":"","publisher":{"@id":"https:\/\/diariotextual.com\/inicio\/#organization"},"potentialAction":[{"@type":"SearchAction","target":{"@type":"EntryPoint","urlTemplate":"https:\/\/diariotextual.com\/inicio\/?s={search_term_string}"},"query-input":{"@type":"PropertyValueSpecification","valueRequired":true,"valueName":"search_term_string"}}],"inLanguage":"es"},{"@type":"Organization","@id":"https:\/\/diariotextual.com\/inicio\/#organization","name":"Diario Textual","url":"https:\/\/diariotextual.com\/inicio\/","logo":{"@type":"ImageObject","inLanguage":"es","@id":"https:\/\/diariotextual.com\/inicio\/#\/schema\/logo\/image\/","url":"https:\/\/diariotextual.com\/inicio\/wp-content\/uploads\/2023\/05\/logotextual1.jpg","contentUrl":"https:\/\/diariotextual.com\/inicio\/wp-content\/uploads\/2023\/05\/logotextual1.jpg","width":516,"height":76,"caption":"Diario Textual"},"image":{"@id":"https:\/\/diariotextual.com\/inicio\/#\/schema\/logo\/image\/"},"sameAs":["https:\/\/www.facebook.com\/eltextual","https:\/\/x.com\/eltextual","http:\/\/www.instagram.com\/eltextual"]},{"@type":"Person","@id":"https:\/\/diariotextual.com\/inicio\/#\/schema\/person\/a1b6f563e0ee944c60f98119389a4d9f","name":"diario3","image":{"@type":"ImageObject","inLanguage":"es","@id":"https:\/\/secure.gravatar.com\/avatar\/5e7ee62c82fc04d9dd79d746a390d93c69c43223e5faeeb3ea9461ef752bfc5d?s=96&d=mm&r=g","url":"https:\/\/secure.gravatar.com\/avatar\/5e7ee62c82fc04d9dd79d746a390d93c69c43223e5faeeb3ea9461ef752bfc5d?s=96&d=mm&r=g","contentUrl":"https:\/\/secure.gravatar.com\/avatar\/5e7ee62c82fc04d9dd79d746a390d93c69c43223e5faeeb3ea9461ef752bfc5d?s=96&d=mm&r=g","caption":"diario3"},"url":"https:\/\/diariotextual.com\/inicio\/index.php\/author\/diario3\/"}]}},"_links":{"self":[{"href":"https:\/\/diariotextual.com\/inicio\/index.php\/wp-json\/wp\/v2\/posts\/233348","targetHints":{"allow":["GET"]}}],"collection":[{"href":"https:\/\/diariotextual.com\/inicio\/index.php\/wp-json\/wp\/v2\/posts"}],"about":[{"href":"https:\/\/diariotextual.com\/inicio\/index.php\/wp-json\/wp\/v2\/types\/post"}],"author":[{"embeddable":true,"href":"https:\/\/diariotextual.com\/inicio\/index.php\/wp-json\/wp\/v2\/users\/5"}],"replies":[{"embeddable":true,"href":"https:\/\/diariotextual.com\/inicio\/index.php\/wp-json\/wp\/v2\/comments?post=233348"}],"version-history":[{"count":1,"href":"https:\/\/diariotextual.com\/inicio\/index.php\/wp-json\/wp\/v2\/posts\/233348\/revisions"}],"predecessor-version":[{"id":233350,"href":"https:\/\/diariotextual.com\/inicio\/index.php\/wp-json\/wp\/v2\/posts\/233348\/revisions\/233350"}],"wp:featuredmedia":[{"embeddable":true,"href":"https:\/\/diariotextual.com\/inicio\/index.php\/wp-json\/wp\/v2\/media\/233349"}],"wp:attachment":[{"href":"https:\/\/diariotextual.com\/inicio\/index.php\/wp-json\/wp\/v2\/media?parent=233348"}],"wp:term":[{"taxonomy":"category","embeddable":true,"href":"https:\/\/diariotextual.com\/inicio\/index.php\/wp-json\/wp\/v2\/categories?post=233348"},{"taxonomy":"post_tag","embeddable":true,"href":"https:\/\/diariotextual.com\/inicio\/index.php\/wp-json\/wp\/v2\/tags?post=233348"}],"curies":[{"name":"wp","href":"https:\/\/api.w.org\/{rel}","templated":true}]}}