{"id":233371,"date":"2023-08-10T07:34:27","date_gmt":"2023-08-10T10:34:27","guid":{"rendered":"https:\/\/diariotextual.com\/inicio\/?p=233371"},"modified":"2023-08-10T15:07:39","modified_gmt":"2023-08-10T18:07:39","slug":"detienen-en-neuquen-a-un-hombre-buscado-por-presuntos-abusos-sexuales-en-la-pampa","status":"publish","type":"post","link":"https:\/\/diariotextual.com\/inicio\/index.php\/2023\/08\/10\/detienen-en-neuquen-a-un-hombre-buscado-por-presuntos-abusos-sexuales-en-la-pampa\/","title":{"rendered":"Detienen en Neuqu\u00e9n a un hombre buscado por presuntos abusos sexuales en La Pampa"},"content":{"rendered":"\n<p>Un hombre de 33 a\u00f1os con pedido de captura nacional por dos presuntos abusos sexuales agravados en General Pico, fue detenido en las \u00faltimas horas por la polic\u00eda de Neuqu\u00e9n en la localidad de A\u00f1elo.<\/p>\n\n\n\n<p>El detenido intent\u00f3 burlarse de la polic\u00eda utilizando\u00a0identidades falsas para evadir su b\u00fasqueda.\u00a0Sin embargo, pudo ser aprehendido mientras trabajaba en una gomer\u00eda de la mencionada localidad neuquina.<\/p>\n\n\n\n<p>La orden de captura y detenci\u00f3n nacional hab\u00eda sido instruida por la justicia piquense por una causa de presuntos abusos sexuales agravados.<\/p>\n\n\n\n<p>Ahora se encuentra detenido y a disposici\u00f3n de la Fiscal\u00eda de General Pico.<\/p>\n","protected":false},"excerpt":{"rendered":"<p>Un hombre de 33 a\u00f1os con pedido de captura nacional por dos presuntos abusos sexuales agravados en General Pico, fue detenido en las \u00faltimas horas por la polic\u00eda de Neuqu\u00e9n&hellip;<\/p>\n","protected":false},"author":7,"featured_media":233372,"comment_status":"closed","ping_status":"open","sticky":false,"template":"","format":"standard","meta":{"_acf_changed":false,"footnotes":""},"categories":[1,12],"tags":[],"class_list":["post-233371","post","type-post","status-publish","format-standard","has-post-thumbnail","hentry","category-es-noticia","category-sociedad"],"acf":[],"yoast_head":"<!-- This site is optimized with the Yoast SEO plugin v27.5 - https:\/\/yoast.com\/product\/yoast-seo-wordpress\/ -->\n<title>Detienen en Neuqu\u00e9n a un hombre buscado por presuntos abusos sexuales en La Pampa - Diario Textual<\/title>\n<meta name=\"robots\" content=\"index, follow, max-snippet:-1, max-image-preview:large, max-video-preview:-1\" \/>\n<link rel=\"canonical\" href=\"https:\/\/diariotextual.com\/inicio\/index.php\/2023\/08\/10\/detienen-en-neuquen-a-un-hombre-buscado-por-presuntos-abusos-sexuales-en-la-pampa\/\" \/>\n<meta property=\"og:locale\" content=\"es_ES\" \/>\n<meta property=\"og:type\" content=\"article\" \/>\n<meta property=\"og:title\" content=\"Detienen en Neuqu\u00e9n a un hombre buscado por presuntos abusos sexuales en La Pampa - Diario Textual\" \/>\n<meta property=\"og:description\" content=\"Un hombre de 33 a\u00f1os con pedido de captura nacional por dos presuntos abusos sexuales agravados en General Pico, fue detenido en las \u00faltimas horas por la polic\u00eda de Neuqu\u00e9n&hellip;\" \/>\n<meta property=\"og:url\" content=\"https:\/\/diariotextual.com\/inicio\/index.php\/2023\/08\/10\/detienen-en-neuquen-a-un-hombre-buscado-por-presuntos-abusos-sexuales-en-la-pampa\/\" \/>\n<meta property=\"og:site_name\" content=\"Diario Textual\" \/>\n<meta property=\"article:publisher\" content=\"https:\/\/www.facebook.com\/eltextual\" \/>\n<meta property=\"article:published_time\" content=\"2023-08-10T10:34:27+00:00\" \/>\n<meta property=\"article:modified_time\" content=\"2023-08-10T18:07:39+00:00\" \/>\n<meta property=\"og:image\" content=\"https:\/\/diariotextual.com\/inicio\/wp-content\/uploads\/2023\/08\/detenidoabusosexualpico.jpg\" \/>\n\t<meta property=\"og:image:width\" content=\"828\" \/>\n\t<meta property=\"og:image:height\" content=\"436\" \/>\n\t<meta property=\"og:image:type\" content=\"image\/jpeg\" \/>\n<meta name=\"author\" content=\"diario5\" \/>\n<meta name=\"twitter:card\" content=\"summary_large_image\" \/>\n<meta name=\"twitter:creator\" content=\"@eltextual\" \/>\n<meta name=\"twitter:site\" content=\"@eltextual\" \/>\n<meta name=\"twitter:label1\" content=\"Escrito por\" \/>\n\t<meta name=\"twitter:data1\" content=\"diario5\" \/>\n\t<meta name=\"twitter:label2\" content=\"Tiempo de lectura\" \/>\n\t<meta name=\"twitter:data2\" content=\"1 minuto\" \/>\n<script type=\"application\/ld+json\" class=\"yoast-schema-graph\">{\"@context\":\"https:\\\/\\\/schema.org\",\"@graph\":[{\"@type\":\"Article\",\"@id\":\"https:\\\/\\\/diariotextual.com\\\/inicio\\\/index.php\\\/2023\\\/08\\\/10\\\/detienen-en-neuquen-a-un-hombre-buscado-por-presuntos-abusos-sexuales-en-la-pampa\\\/#article\",\"isPartOf\":{\"@id\":\"https:\\\/\\\/diariotextual.com\\\/inicio\\\/index.php\\\/2023\\\/08\\\/10\\\/detienen-en-neuquen-a-un-hombre-buscado-por-presuntos-abusos-sexuales-en-la-pampa\\\/\"},\"author\":{\"name\":\"diario5\",\"@id\":\"https:\\\/\\\/diariotextual.com\\\/inicio\\\/#\\\/schema\\\/person\\\/c7834961ad8b29b1d9cdbf4571299067\"},\"headline\":\"Detienen en Neuqu\u00e9n a un hombre buscado por presuntos abusos sexuales en La Pampa\",\"datePublished\":\"2023-08-10T10:34:27+00:00\",\"dateModified\":\"2023-08-10T18:07:39+00:00\",\"mainEntityOfPage\":{\"@id\":\"https:\\\/\\\/diariotextual.com\\\/inicio\\\/index.php\\\/2023\\\/08\\\/10\\\/detienen-en-neuquen-a-un-hombre-buscado-por-presuntos-abusos-sexuales-en-la-pampa\\\/\"},\"wordCount\":124,\"publisher\":{\"@id\":\"https:\\\/\\\/diariotextual.com\\\/inicio\\\/#organization\"},\"image\":{\"@id\":\"https:\\\/\\\/diariotextual.com\\\/inicio\\\/index.php\\\/2023\\\/08\\\/10\\\/detienen-en-neuquen-a-un-hombre-buscado-por-presuntos-abusos-sexuales-en-la-pampa\\\/#primaryimage\"},\"thumbnailUrl\":\"https:\\\/\\\/diariotextual.com\\\/inicio\\\/wp-content\\\/uploads\\\/2023\\\/08\\\/detenidoabusosexualpico.jpg\",\"articleSection\":[\"A - ES NOTICIA (van abajo)\",\"SOCIEDAD\"],\"inLanguage\":\"es\"},{\"@type\":\"WebPage\",\"@id\":\"https:\\\/\\\/diariotextual.com\\\/inicio\\\/index.php\\\/2023\\\/08\\\/10\\\/detienen-en-neuquen-a-un-hombre-buscado-por-presuntos-abusos-sexuales-en-la-pampa\\\/\",\"url\":\"https:\\\/\\\/diariotextual.com\\\/inicio\\\/index.php\\\/2023\\\/08\\\/10\\\/detienen-en-neuquen-a-un-hombre-buscado-por-presuntos-abusos-sexuales-en-la-pampa\\\/\",\"name\":\"Detienen en Neuqu\u00e9n a un hombre buscado por presuntos abusos sexuales en La Pampa - Diario Textual\",\"isPartOf\":{\"@id\":\"https:\\\/\\\/diariotextual.com\\\/inicio\\\/#website\"},\"primaryImageOfPage\":{\"@id\":\"https:\\\/\\\/diariotextual.com\\\/inicio\\\/index.php\\\/2023\\\/08\\\/10\\\/detienen-en-neuquen-a-un-hombre-buscado-por-presuntos-abusos-sexuales-en-la-pampa\\\/#primaryimage\"},\"image\":{\"@id\":\"https:\\\/\\\/diariotextual.com\\\/inicio\\\/index.php\\\/2023\\\/08\\\/10\\\/detienen-en-neuquen-a-un-hombre-buscado-por-presuntos-abusos-sexuales-en-la-pampa\\\/#primaryimage\"},\"thumbnailUrl\":\"https:\\\/\\\/diariotextual.com\\\/inicio\\\/wp-content\\\/uploads\\\/2023\\\/08\\\/detenidoabusosexualpico.jpg\",\"datePublished\":\"2023-08-10T10:34:27+00:00\",\"dateModified\":\"2023-08-10T18:07:39+00:00\",\"breadcrumb\":{\"@id\":\"https:\\\/\\\/diariotextual.com\\\/inicio\\\/index.php\\\/2023\\\/08\\\/10\\\/detienen-en-neuquen-a-un-hombre-buscado-por-presuntos-abusos-sexuales-en-la-pampa\\\/#breadcrumb\"},\"inLanguage\":\"es\",\"potentialAction\":[{\"@type\":\"ReadAction\",\"target\":[\"https:\\\/\\\/diariotextual.com\\\/inicio\\\/index.php\\\/2023\\\/08\\\/10\\\/detienen-en-neuquen-a-un-hombre-buscado-por-presuntos-abusos-sexuales-en-la-pampa\\\/\"]}]},{\"@type\":\"ImageObject\",\"inLanguage\":\"es\",\"@id\":\"https:\\\/\\\/diariotextual.com\\\/inicio\\\/index.php\\\/2023\\\/08\\\/10\\\/detienen-en-neuquen-a-un-hombre-buscado-por-presuntos-abusos-sexuales-en-la-pampa\\\/#primaryimage\",\"url\":\"https:\\\/\\\/diariotextual.com\\\/inicio\\\/wp-content\\\/uploads\\\/2023\\\/08\\\/detenidoabusosexualpico.jpg\",\"contentUrl\":\"https:\\\/\\\/diariotextual.com\\\/inicio\\\/wp-content\\\/uploads\\\/2023\\\/08\\\/detenidoabusosexualpico.jpg\",\"width\":828,\"height\":436},{\"@type\":\"BreadcrumbList\",\"@id\":\"https:\\\/\\\/diariotextual.com\\\/inicio\\\/index.php\\\/2023\\\/08\\\/10\\\/detienen-en-neuquen-a-un-hombre-buscado-por-presuntos-abusos-sexuales-en-la-pampa\\\/#breadcrumb\",\"itemListElement\":[{\"@type\":\"ListItem\",\"position\":1,\"name\":\"Portada\",\"item\":\"https:\\\/\\\/diariotextual.com\\\/inicio\\\/\"},{\"@type\":\"ListItem\",\"position\":2,\"name\":\"Detienen en Neuqu\u00e9n a un hombre buscado por presuntos abusos sexuales en La Pampa\"}]},{\"@type\":\"WebSite\",\"@id\":\"https:\\\/\\\/diariotextual.com\\\/inicio\\\/#website\",\"url\":\"https:\\\/\\\/diariotextual.com\\\/inicio\\\/\",\"name\":\"Diario Textual\",\"description\":\"\",\"publisher\":{\"@id\":\"https:\\\/\\\/diariotextual.com\\\/inicio\\\/#organization\"},\"potentialAction\":[{\"@type\":\"SearchAction\",\"target\":{\"@type\":\"EntryPoint\",\"urlTemplate\":\"https:\\\/\\\/diariotextual.com\\\/inicio\\\/?s={search_term_string}\"},\"query-input\":{\"@type\":\"PropertyValueSpecification\",\"valueRequired\":true,\"valueName\":\"search_term_string\"}}],\"inLanguage\":\"es\"},{\"@type\":\"Organization\",\"@id\":\"https:\\\/\\\/diariotextual.com\\\/inicio\\\/#organization\",\"name\":\"Diario Textual\",\"url\":\"https:\\\/\\\/diariotextual.com\\\/inicio\\\/\",\"logo\":{\"@type\":\"ImageObject\",\"inLanguage\":\"es\",\"@id\":\"https:\\\/\\\/diariotextual.com\\\/inicio\\\/#\\\/schema\\\/logo\\\/image\\\/\",\"url\":\"https:\\\/\\\/diariotextual.com\\\/inicio\\\/wp-content\\\/uploads\\\/2023\\\/05\\\/logotextual1.jpg\",\"contentUrl\":\"https:\\\/\\\/diariotextual.com\\\/inicio\\\/wp-content\\\/uploads\\\/2023\\\/05\\\/logotextual1.jpg\",\"width\":516,\"height\":76,\"caption\":\"Diario Textual\"},\"image\":{\"@id\":\"https:\\\/\\\/diariotextual.com\\\/inicio\\\/#\\\/schema\\\/logo\\\/image\\\/\"},\"sameAs\":[\"https:\\\/\\\/www.facebook.com\\\/eltextual\",\"https:\\\/\\\/x.com\\\/eltextual\",\"http:\\\/\\\/www.instagram.com\\\/eltextual\"]},{\"@type\":\"Person\",\"@id\":\"https:\\\/\\\/diariotextual.com\\\/inicio\\\/#\\\/schema\\\/person\\\/c7834961ad8b29b1d9cdbf4571299067\",\"name\":\"diario5\",\"image\":{\"@type\":\"ImageObject\",\"inLanguage\":\"es\",\"@id\":\"https:\\\/\\\/secure.gravatar.com\\\/avatar\\\/948c893b847ca6df68216ead81b63f363408ec9b0f600fefc0641ce78613b111?s=96&d=mm&r=g\",\"url\":\"https:\\\/\\\/secure.gravatar.com\\\/avatar\\\/948c893b847ca6df68216ead81b63f363408ec9b0f600fefc0641ce78613b111?s=96&d=mm&r=g\",\"contentUrl\":\"https:\\\/\\\/secure.gravatar.com\\\/avatar\\\/948c893b847ca6df68216ead81b63f363408ec9b0f600fefc0641ce78613b111?s=96&d=mm&r=g\",\"caption\":\"diario5\"},\"url\":\"https:\\\/\\\/diariotextual.com\\\/inicio\\\/index.php\\\/author\\\/diario5\\\/\"}]}<\/script>\n<!-- \/ Yoast SEO plugin. -->","yoast_head_json":{"title":"Detienen en Neuqu\u00e9n a un hombre buscado por presuntos abusos sexuales en La Pampa - Diario Textual","robots":{"index":"index","follow":"follow","max-snippet":"max-snippet:-1","max-image-preview":"max-image-preview:large","max-video-preview":"max-video-preview:-1"},"canonical":"https:\/\/diariotextual.com\/inicio\/index.php\/2023\/08\/10\/detienen-en-neuquen-a-un-hombre-buscado-por-presuntos-abusos-sexuales-en-la-pampa\/","og_locale":"es_ES","og_type":"article","og_title":"Detienen en Neuqu\u00e9n a un hombre buscado por presuntos abusos sexuales en La Pampa - Diario Textual","og_description":"Un hombre de 33 a\u00f1os con pedido de captura nacional por dos presuntos abusos sexuales agravados en General Pico, fue detenido en las \u00faltimas horas por la polic\u00eda de Neuqu\u00e9n&hellip;","og_url":"https:\/\/diariotextual.com\/inicio\/index.php\/2023\/08\/10\/detienen-en-neuquen-a-un-hombre-buscado-por-presuntos-abusos-sexuales-en-la-pampa\/","og_site_name":"Diario Textual","article_publisher":"https:\/\/www.facebook.com\/eltextual","article_published_time":"2023-08-10T10:34:27+00:00","article_modified_time":"2023-08-10T18:07:39+00:00","og_image":[{"width":828,"height":436,"url":"https:\/\/diariotextual.com\/inicio\/wp-content\/uploads\/2023\/08\/detenidoabusosexualpico.jpg","type":"image\/jpeg"}],"author":"diario5","twitter_card":"summary_large_image","twitter_creator":"@eltextual","twitter_site":"@eltextual","twitter_misc":{"Escrito por":"diario5","Tiempo de lectura":"1 minuto"},"schema":{"@context":"https:\/\/schema.org","@graph":[{"@type":"Article","@id":"https:\/\/diariotextual.com\/inicio\/index.php\/2023\/08\/10\/detienen-en-neuquen-a-un-hombre-buscado-por-presuntos-abusos-sexuales-en-la-pampa\/#article","isPartOf":{"@id":"https:\/\/diariotextual.com\/inicio\/index.php\/2023\/08\/10\/detienen-en-neuquen-a-un-hombre-buscado-por-presuntos-abusos-sexuales-en-la-pampa\/"},"author":{"name":"diario5","@id":"https:\/\/diariotextual.com\/inicio\/#\/schema\/person\/c7834961ad8b29b1d9cdbf4571299067"},"headline":"Detienen en Neuqu\u00e9n a un hombre buscado por presuntos abusos sexuales en La Pampa","datePublished":"2023-08-10T10:34:27+00:00","dateModified":"2023-08-10T18:07:39+00:00","mainEntityOfPage":{"@id":"https:\/\/diariotextual.com\/inicio\/index.php\/2023\/08\/10\/detienen-en-neuquen-a-un-hombre-buscado-por-presuntos-abusos-sexuales-en-la-pampa\/"},"wordCount":124,"publisher":{"@id":"https:\/\/diariotextual.com\/inicio\/#organization"},"image":{"@id":"https:\/\/diariotextual.com\/inicio\/index.php\/2023\/08\/10\/detienen-en-neuquen-a-un-hombre-buscado-por-presuntos-abusos-sexuales-en-la-pampa\/#primaryimage"},"thumbnailUrl":"https:\/\/diariotextual.com\/inicio\/wp-content\/uploads\/2023\/08\/detenidoabusosexualpico.jpg","articleSection":["A - ES NOTICIA (van abajo)","SOCIEDAD"],"inLanguage":"es"},{"@type":"WebPage","@id":"https:\/\/diariotextual.com\/inicio\/index.php\/2023\/08\/10\/detienen-en-neuquen-a-un-hombre-buscado-por-presuntos-abusos-sexuales-en-la-pampa\/","url":"https:\/\/diariotextual.com\/inicio\/index.php\/2023\/08\/10\/detienen-en-neuquen-a-un-hombre-buscado-por-presuntos-abusos-sexuales-en-la-pampa\/","name":"Detienen en Neuqu\u00e9n a un hombre buscado por presuntos abusos sexuales en La Pampa - Diario Textual","isPartOf":{"@id":"https:\/\/diariotextual.com\/inicio\/#website"},"primaryImageOfPage":{"@id":"https:\/\/diariotextual.com\/inicio\/index.php\/2023\/08\/10\/detienen-en-neuquen-a-un-hombre-buscado-por-presuntos-abusos-sexuales-en-la-pampa\/#primaryimage"},"image":{"@id":"https:\/\/diariotextual.com\/inicio\/index.php\/2023\/08\/10\/detienen-en-neuquen-a-un-hombre-buscado-por-presuntos-abusos-sexuales-en-la-pampa\/#primaryimage"},"thumbnailUrl":"https:\/\/diariotextual.com\/inicio\/wp-content\/uploads\/2023\/08\/detenidoabusosexualpico.jpg","datePublished":"2023-08-10T10:34:27+00:00","dateModified":"2023-08-10T18:07:39+00:00","breadcrumb":{"@id":"https:\/\/diariotextual.com\/inicio\/index.php\/2023\/08\/10\/detienen-en-neuquen-a-un-hombre-buscado-por-presuntos-abusos-sexuales-en-la-pampa\/#breadcrumb"},"inLanguage":"es","potentialAction":[{"@type":"ReadAction","target":["https:\/\/diariotextual.com\/inicio\/index.php\/2023\/08\/10\/detienen-en-neuquen-a-un-hombre-buscado-por-presuntos-abusos-sexuales-en-la-pampa\/"]}]},{"@type":"ImageObject","inLanguage":"es","@id":"https:\/\/diariotextual.com\/inicio\/index.php\/2023\/08\/10\/detienen-en-neuquen-a-un-hombre-buscado-por-presuntos-abusos-sexuales-en-la-pampa\/#primaryimage","url":"https:\/\/diariotextual.com\/inicio\/wp-content\/uploads\/2023\/08\/detenidoabusosexualpico.jpg","contentUrl":"https:\/\/diariotextual.com\/inicio\/wp-content\/uploads\/2023\/08\/detenidoabusosexualpico.jpg","width":828,"height":436},{"@type":"BreadcrumbList","@id":"https:\/\/diariotextual.com\/inicio\/index.php\/2023\/08\/10\/detienen-en-neuquen-a-un-hombre-buscado-por-presuntos-abusos-sexuales-en-la-pampa\/#breadcrumb","itemListElement":[{"@type":"ListItem","position":1,"name":"Portada","item":"https:\/\/diariotextual.com\/inicio\/"},{"@type":"ListItem","position":2,"name":"Detienen en Neuqu\u00e9n a un hombre buscado por presuntos abusos sexuales en La Pampa"}]},{"@type":"WebSite","@id":"https:\/\/diariotextual.com\/inicio\/#website","url":"https:\/\/diariotextual.com\/inicio\/","name":"Diario Textual","description":"","publisher":{"@id":"https:\/\/diariotextual.com\/inicio\/#organization"},"potentialAction":[{"@type":"SearchAction","target":{"@type":"EntryPoint","urlTemplate":"https:\/\/diariotextual.com\/inicio\/?s={search_term_string}"},"query-input":{"@type":"PropertyValueSpecification","valueRequired":true,"valueName":"search_term_string"}}],"inLanguage":"es"},{"@type":"Organization","@id":"https:\/\/diariotextual.com\/inicio\/#organization","name":"Diario Textual","url":"https:\/\/diariotextual.com\/inicio\/","logo":{"@type":"ImageObject","inLanguage":"es","@id":"https:\/\/diariotextual.com\/inicio\/#\/schema\/logo\/image\/","url":"https:\/\/diariotextual.com\/inicio\/wp-content\/uploads\/2023\/05\/logotextual1.jpg","contentUrl":"https:\/\/diariotextual.com\/inicio\/wp-content\/uploads\/2023\/05\/logotextual1.jpg","width":516,"height":76,"caption":"Diario Textual"},"image":{"@id":"https:\/\/diariotextual.com\/inicio\/#\/schema\/logo\/image\/"},"sameAs":["https:\/\/www.facebook.com\/eltextual","https:\/\/x.com\/eltextual","http:\/\/www.instagram.com\/eltextual"]},{"@type":"Person","@id":"https:\/\/diariotextual.com\/inicio\/#\/schema\/person\/c7834961ad8b29b1d9cdbf4571299067","name":"diario5","image":{"@type":"ImageObject","inLanguage":"es","@id":"https:\/\/secure.gravatar.com\/avatar\/948c893b847ca6df68216ead81b63f363408ec9b0f600fefc0641ce78613b111?s=96&d=mm&r=g","url":"https:\/\/secure.gravatar.com\/avatar\/948c893b847ca6df68216ead81b63f363408ec9b0f600fefc0641ce78613b111?s=96&d=mm&r=g","contentUrl":"https:\/\/secure.gravatar.com\/avatar\/948c893b847ca6df68216ead81b63f363408ec9b0f600fefc0641ce78613b111?s=96&d=mm&r=g","caption":"diario5"},"url":"https:\/\/diariotextual.com\/inicio\/index.php\/author\/diario5\/"}]}},"_links":{"self":[{"href":"https:\/\/diariotextual.com\/inicio\/index.php\/wp-json\/wp\/v2\/posts\/233371","targetHints":{"allow":["GET"]}}],"collection":[{"href":"https:\/\/diariotextual.com\/inicio\/index.php\/wp-json\/wp\/v2\/posts"}],"about":[{"href":"https:\/\/diariotextual.com\/inicio\/index.php\/wp-json\/wp\/v2\/types\/post"}],"author":[{"embeddable":true,"href":"https:\/\/diariotextual.com\/inicio\/index.php\/wp-json\/wp\/v2\/users\/7"}],"replies":[{"embeddable":true,"href":"https:\/\/diariotextual.com\/inicio\/index.php\/wp-json\/wp\/v2\/comments?post=233371"}],"version-history":[{"count":1,"href":"https:\/\/diariotextual.com\/inicio\/index.php\/wp-json\/wp\/v2\/posts\/233371\/revisions"}],"predecessor-version":[{"id":233373,"href":"https:\/\/diariotextual.com\/inicio\/index.php\/wp-json\/wp\/v2\/posts\/233371\/revisions\/233373"}],"wp:featuredmedia":[{"embeddable":true,"href":"https:\/\/diariotextual.com\/inicio\/index.php\/wp-json\/wp\/v2\/media\/233372"}],"wp:attachment":[{"href":"https:\/\/diariotextual.com\/inicio\/index.php\/wp-json\/wp\/v2\/media?parent=233371"}],"wp:term":[{"taxonomy":"category","embeddable":true,"href":"https:\/\/diariotextual.com\/inicio\/index.php\/wp-json\/wp\/v2\/categories?post=233371"},{"taxonomy":"post_tag","embeddable":true,"href":"https:\/\/diariotextual.com\/inicio\/index.php\/wp-json\/wp\/v2\/tags?post=233371"}],"curies":[{"name":"wp","href":"https:\/\/api.w.org\/{rel}","templated":true}]}}