{"id":233393,"date":"2023-08-10T10:17:01","date_gmt":"2023-08-10T13:17:01","guid":{"rendered":"https:\/\/diariotextual.com\/inicio\/?p=233393"},"modified":"2023-08-10T15:30:56","modified_gmt":"2023-08-10T18:30:56","slug":"vacunan-a-gatos-y-perros-por-un-murcielago-con-rabia-en-el-barrio-zona-oeste-quintas","status":"publish","type":"post","link":"https:\/\/diariotextual.com\/inicio\/index.php\/2023\/08\/10\/vacunan-a-gatos-y-perros-por-un-murcielago-con-rabia-en-el-barrio-zona-oeste-quintas\/","title":{"rendered":"Vacunan a gatos y perros por un murci\u00e9lago con rabia en el barrio Zona Oeste Quintas"},"content":{"rendered":"\n<p>La Municipalidad de Santa Rosa inform\u00f3 que el personal de la Direcci\u00f3n de Protecci\u00f3n Ambiental realizar\u00e1 un bloqueo sanitario el viernes 11 de agosto, de 9 a 12 horas, en los barrios Zona Oeste Quintas y Gobernador Salvador Anan\u00eda, comprendido entre las calles R\u00edo Bermejo, Piedras, Uspallata y Maradona. Se debe a que encontraron a un murci\u00e9lago con rabia.<\/p>\n\n\n\n<p>M\u00e9dicos veterinarios y ayudantes de la Direcci\u00f3n de Protecci\u00f3n Ambiental llevar\u00e1n a cabo un operativo de vacunaci\u00f3n antirr\u00e1bica para felinos y caninos a partir de los tres meses de edad.<\/p>\n\n\n\n<p>Se recomienda a las y los vecinos que acerquen sus mascotas hasta la vereda para facilitar las tareas de vacunaci\u00f3n del personal, que contar\u00e1 con todas las medidas de bioseguridad necesarias.<\/p>\n\n\n\n<p>La puesta en marcha de este procedimiento se debe a la notificaci\u00f3n de un murci\u00e9lago positivo de rabia en un domicilio de la calle Asunci\u00f3n del Paraguay, el cual fue enviado para su an\u00e1lisis al Instituto Pasteur, por intermedio de la Direcci\u00f3n de Epidemiolog\u00eda de la Provincia.<\/p>\n\n\n\n<p>La vacunaci\u00f3n es obligatoria en perros y gatos a partir de los tres meses de edad y con frecuencia anual.<\/p>\n","protected":false},"excerpt":{"rendered":"<p>La Municipalidad de Santa Rosa inform\u00f3 que el personal de la Direcci\u00f3n de Protecci\u00f3n Ambiental realizar\u00e1 un bloqueo sanitario el viernes 11 de agosto, de 9 a 12 horas, en&hellip;<\/p>\n","protected":false},"author":3,"featured_media":227124,"comment_status":"closed","ping_status":"open","sticky":false,"template":"","format":"standard","meta":{"_acf_changed":false,"footnotes":""},"categories":[1,12],"tags":[],"class_list":["post-233393","post","type-post","status-publish","format-standard","has-post-thumbnail","hentry","category-es-noticia","category-sociedad"],"acf":[],"yoast_head":"<!-- This site is optimized with the Yoast SEO plugin v27.5 - https:\/\/yoast.com\/product\/yoast-seo-wordpress\/ -->\n<title>Vacunan a gatos y perros por un murci\u00e9lago con rabia en el barrio Zona Oeste Quintas - Diario Textual<\/title>\n<meta name=\"robots\" content=\"index, follow, max-snippet:-1, max-image-preview:large, max-video-preview:-1\" \/>\n<link rel=\"canonical\" href=\"https:\/\/diariotextual.com\/inicio\/index.php\/2023\/08\/10\/vacunan-a-gatos-y-perros-por-un-murcielago-con-rabia-en-el-barrio-zona-oeste-quintas\/\" \/>\n<meta property=\"og:locale\" content=\"es_ES\" \/>\n<meta property=\"og:type\" content=\"article\" \/>\n<meta property=\"og:title\" content=\"Vacunan a gatos y perros por un murci\u00e9lago con rabia en el barrio Zona Oeste Quintas - Diario Textual\" \/>\n<meta property=\"og:description\" content=\"La Municipalidad de Santa Rosa inform\u00f3 que el personal de la Direcci\u00f3n de Protecci\u00f3n Ambiental realizar\u00e1 un bloqueo sanitario el viernes 11 de agosto, de 9 a 12 horas, en&hellip;\" \/>\n<meta property=\"og:url\" content=\"https:\/\/diariotextual.com\/inicio\/index.php\/2023\/08\/10\/vacunan-a-gatos-y-perros-por-un-murcielago-con-rabia-en-el-barrio-zona-oeste-quintas\/\" \/>\n<meta property=\"og:site_name\" content=\"Diario Textual\" \/>\n<meta property=\"article:publisher\" content=\"https:\/\/www.facebook.com\/eltextual\" \/>\n<meta property=\"article:published_time\" content=\"2023-08-10T13:17:01+00:00\" \/>\n<meta property=\"article:modified_time\" content=\"2023-08-10T18:30:56+00:00\" \/>\n<meta property=\"og:image\" content=\"https:\/\/diariotextual.com\/inicio\/wp-content\/uploads\/2023\/05\/rabiabloqueovacunacionperrosgatossantarosa2023-111.jpg\" \/>\n\t<meta property=\"og:image:width\" content=\"1280\" \/>\n\t<meta property=\"og:image:height\" content=\"805\" \/>\n\t<meta property=\"og:image:type\" content=\"image\/jpeg\" \/>\n<meta name=\"author\" content=\"Diario1 Diario1\" \/>\n<meta name=\"twitter:card\" content=\"summary_large_image\" \/>\n<meta name=\"twitter:creator\" content=\"@eltextual\" \/>\n<meta name=\"twitter:site\" content=\"@eltextual\" \/>\n<meta name=\"twitter:label1\" content=\"Escrito por\" \/>\n\t<meta name=\"twitter:data1\" content=\"Diario1 Diario1\" \/>\n\t<meta name=\"twitter:label2\" content=\"Tiempo de lectura\" \/>\n\t<meta name=\"twitter:data2\" content=\"1 minuto\" \/>\n<script type=\"application\/ld+json\" class=\"yoast-schema-graph\">{\"@context\":\"https:\\\/\\\/schema.org\",\"@graph\":[{\"@type\":\"Article\",\"@id\":\"https:\\\/\\\/diariotextual.com\\\/inicio\\\/index.php\\\/2023\\\/08\\\/10\\\/vacunan-a-gatos-y-perros-por-un-murcielago-con-rabia-en-el-barrio-zona-oeste-quintas\\\/#article\",\"isPartOf\":{\"@id\":\"https:\\\/\\\/diariotextual.com\\\/inicio\\\/index.php\\\/2023\\\/08\\\/10\\\/vacunan-a-gatos-y-perros-por-un-murcielago-con-rabia-en-el-barrio-zona-oeste-quintas\\\/\"},\"author\":{\"name\":\"Diario1 Diario1\",\"@id\":\"https:\\\/\\\/diariotextual.com\\\/inicio\\\/#\\\/schema\\\/person\\\/418fc4093c33e86ed41562db3508f958\"},\"headline\":\"Vacunan a gatos y perros por un murci\u00e9lago con rabia en el barrio Zona Oeste Quintas\",\"datePublished\":\"2023-08-10T13:17:01+00:00\",\"dateModified\":\"2023-08-10T18:30:56+00:00\",\"mainEntityOfPage\":{\"@id\":\"https:\\\/\\\/diariotextual.com\\\/inicio\\\/index.php\\\/2023\\\/08\\\/10\\\/vacunan-a-gatos-y-perros-por-un-murcielago-con-rabia-en-el-barrio-zona-oeste-quintas\\\/\"},\"wordCount\":220,\"publisher\":{\"@id\":\"https:\\\/\\\/diariotextual.com\\\/inicio\\\/#organization\"},\"image\":{\"@id\":\"https:\\\/\\\/diariotextual.com\\\/inicio\\\/index.php\\\/2023\\\/08\\\/10\\\/vacunan-a-gatos-y-perros-por-un-murcielago-con-rabia-en-el-barrio-zona-oeste-quintas\\\/#primaryimage\"},\"thumbnailUrl\":\"https:\\\/\\\/diariotextual.com\\\/inicio\\\/wp-content\\\/uploads\\\/2023\\\/05\\\/rabiabloqueovacunacionperrosgatossantarosa2023-111.jpg\",\"articleSection\":[\"A - ES NOTICIA (van abajo)\",\"SOCIEDAD\"],\"inLanguage\":\"es\"},{\"@type\":\"WebPage\",\"@id\":\"https:\\\/\\\/diariotextual.com\\\/inicio\\\/index.php\\\/2023\\\/08\\\/10\\\/vacunan-a-gatos-y-perros-por-un-murcielago-con-rabia-en-el-barrio-zona-oeste-quintas\\\/\",\"url\":\"https:\\\/\\\/diariotextual.com\\\/inicio\\\/index.php\\\/2023\\\/08\\\/10\\\/vacunan-a-gatos-y-perros-por-un-murcielago-con-rabia-en-el-barrio-zona-oeste-quintas\\\/\",\"name\":\"Vacunan a gatos y perros por un murci\u00e9lago con rabia en el barrio Zona Oeste Quintas - Diario Textual\",\"isPartOf\":{\"@id\":\"https:\\\/\\\/diariotextual.com\\\/inicio\\\/#website\"},\"primaryImageOfPage\":{\"@id\":\"https:\\\/\\\/diariotextual.com\\\/inicio\\\/index.php\\\/2023\\\/08\\\/10\\\/vacunan-a-gatos-y-perros-por-un-murcielago-con-rabia-en-el-barrio-zona-oeste-quintas\\\/#primaryimage\"},\"image\":{\"@id\":\"https:\\\/\\\/diariotextual.com\\\/inicio\\\/index.php\\\/2023\\\/08\\\/10\\\/vacunan-a-gatos-y-perros-por-un-murcielago-con-rabia-en-el-barrio-zona-oeste-quintas\\\/#primaryimage\"},\"thumbnailUrl\":\"https:\\\/\\\/diariotextual.com\\\/inicio\\\/wp-content\\\/uploads\\\/2023\\\/05\\\/rabiabloqueovacunacionperrosgatossantarosa2023-111.jpg\",\"datePublished\":\"2023-08-10T13:17:01+00:00\",\"dateModified\":\"2023-08-10T18:30:56+00:00\",\"breadcrumb\":{\"@id\":\"https:\\\/\\\/diariotextual.com\\\/inicio\\\/index.php\\\/2023\\\/08\\\/10\\\/vacunan-a-gatos-y-perros-por-un-murcielago-con-rabia-en-el-barrio-zona-oeste-quintas\\\/#breadcrumb\"},\"inLanguage\":\"es\",\"potentialAction\":[{\"@type\":\"ReadAction\",\"target\":[\"https:\\\/\\\/diariotextual.com\\\/inicio\\\/index.php\\\/2023\\\/08\\\/10\\\/vacunan-a-gatos-y-perros-por-un-murcielago-con-rabia-en-el-barrio-zona-oeste-quintas\\\/\"]}]},{\"@type\":\"ImageObject\",\"inLanguage\":\"es\",\"@id\":\"https:\\\/\\\/diariotextual.com\\\/inicio\\\/index.php\\\/2023\\\/08\\\/10\\\/vacunan-a-gatos-y-perros-por-un-murcielago-con-rabia-en-el-barrio-zona-oeste-quintas\\\/#primaryimage\",\"url\":\"https:\\\/\\\/diariotextual.com\\\/inicio\\\/wp-content\\\/uploads\\\/2023\\\/05\\\/rabiabloqueovacunacionperrosgatossantarosa2023-111.jpg\",\"contentUrl\":\"https:\\\/\\\/diariotextual.com\\\/inicio\\\/wp-content\\\/uploads\\\/2023\\\/05\\\/rabiabloqueovacunacionperrosgatossantarosa2023-111.jpg\",\"width\":1280,\"height\":805},{\"@type\":\"BreadcrumbList\",\"@id\":\"https:\\\/\\\/diariotextual.com\\\/inicio\\\/index.php\\\/2023\\\/08\\\/10\\\/vacunan-a-gatos-y-perros-por-un-murcielago-con-rabia-en-el-barrio-zona-oeste-quintas\\\/#breadcrumb\",\"itemListElement\":[{\"@type\":\"ListItem\",\"position\":1,\"name\":\"Portada\",\"item\":\"https:\\\/\\\/diariotextual.com\\\/inicio\\\/\"},{\"@type\":\"ListItem\",\"position\":2,\"name\":\"Vacunan a gatos y perros por un murci\u00e9lago con rabia en el barrio Zona Oeste Quintas\"}]},{\"@type\":\"WebSite\",\"@id\":\"https:\\\/\\\/diariotextual.com\\\/inicio\\\/#website\",\"url\":\"https:\\\/\\\/diariotextual.com\\\/inicio\\\/\",\"name\":\"Diario Textual\",\"description\":\"\",\"publisher\":{\"@id\":\"https:\\\/\\\/diariotextual.com\\\/inicio\\\/#organization\"},\"potentialAction\":[{\"@type\":\"SearchAction\",\"target\":{\"@type\":\"EntryPoint\",\"urlTemplate\":\"https:\\\/\\\/diariotextual.com\\\/inicio\\\/?s={search_term_string}\"},\"query-input\":{\"@type\":\"PropertyValueSpecification\",\"valueRequired\":true,\"valueName\":\"search_term_string\"}}],\"inLanguage\":\"es\"},{\"@type\":\"Organization\",\"@id\":\"https:\\\/\\\/diariotextual.com\\\/inicio\\\/#organization\",\"name\":\"Diario Textual\",\"url\":\"https:\\\/\\\/diariotextual.com\\\/inicio\\\/\",\"logo\":{\"@type\":\"ImageObject\",\"inLanguage\":\"es\",\"@id\":\"https:\\\/\\\/diariotextual.com\\\/inicio\\\/#\\\/schema\\\/logo\\\/image\\\/\",\"url\":\"https:\\\/\\\/diariotextual.com\\\/inicio\\\/wp-content\\\/uploads\\\/2023\\\/05\\\/logotextual1.jpg\",\"contentUrl\":\"https:\\\/\\\/diariotextual.com\\\/inicio\\\/wp-content\\\/uploads\\\/2023\\\/05\\\/logotextual1.jpg\",\"width\":516,\"height\":76,\"caption\":\"Diario Textual\"},\"image\":{\"@id\":\"https:\\\/\\\/diariotextual.com\\\/inicio\\\/#\\\/schema\\\/logo\\\/image\\\/\"},\"sameAs\":[\"https:\\\/\\\/www.facebook.com\\\/eltextual\",\"https:\\\/\\\/x.com\\\/eltextual\",\"http:\\\/\\\/www.instagram.com\\\/eltextual\"]},{\"@type\":\"Person\",\"@id\":\"https:\\\/\\\/diariotextual.com\\\/inicio\\\/#\\\/schema\\\/person\\\/418fc4093c33e86ed41562db3508f958\",\"name\":\"Diario1 Diario1\",\"image\":{\"@type\":\"ImageObject\",\"inLanguage\":\"es\",\"@id\":\"https:\\\/\\\/secure.gravatar.com\\\/avatar\\\/9167d280179c85bc18be67aa7eda765854300033af4896dd779b608640f2ef7a?s=96&d=mm&r=g\",\"url\":\"https:\\\/\\\/secure.gravatar.com\\\/avatar\\\/9167d280179c85bc18be67aa7eda765854300033af4896dd779b608640f2ef7a?s=96&d=mm&r=g\",\"contentUrl\":\"https:\\\/\\\/secure.gravatar.com\\\/avatar\\\/9167d280179c85bc18be67aa7eda765854300033af4896dd779b608640f2ef7a?s=96&d=mm&r=g\",\"caption\":\"Diario1 Diario1\"},\"url\":\"https:\\\/\\\/diariotextual.com\\\/inicio\\\/index.php\\\/author\\\/diario1\\\/\"}]}<\/script>\n<!-- \/ Yoast SEO plugin. -->","yoast_head_json":{"title":"Vacunan a gatos y perros por un murci\u00e9lago con rabia en el barrio Zona Oeste Quintas - Diario Textual","robots":{"index":"index","follow":"follow","max-snippet":"max-snippet:-1","max-image-preview":"max-image-preview:large","max-video-preview":"max-video-preview:-1"},"canonical":"https:\/\/diariotextual.com\/inicio\/index.php\/2023\/08\/10\/vacunan-a-gatos-y-perros-por-un-murcielago-con-rabia-en-el-barrio-zona-oeste-quintas\/","og_locale":"es_ES","og_type":"article","og_title":"Vacunan a gatos y perros por un murci\u00e9lago con rabia en el barrio Zona Oeste Quintas - Diario Textual","og_description":"La Municipalidad de Santa Rosa inform\u00f3 que el personal de la Direcci\u00f3n de Protecci\u00f3n Ambiental realizar\u00e1 un bloqueo sanitario el viernes 11 de agosto, de 9 a 12 horas, en&hellip;","og_url":"https:\/\/diariotextual.com\/inicio\/index.php\/2023\/08\/10\/vacunan-a-gatos-y-perros-por-un-murcielago-con-rabia-en-el-barrio-zona-oeste-quintas\/","og_site_name":"Diario Textual","article_publisher":"https:\/\/www.facebook.com\/eltextual","article_published_time":"2023-08-10T13:17:01+00:00","article_modified_time":"2023-08-10T18:30:56+00:00","og_image":[{"width":1280,"height":805,"url":"https:\/\/diariotextual.com\/inicio\/wp-content\/uploads\/2023\/05\/rabiabloqueovacunacionperrosgatossantarosa2023-111.jpg","type":"image\/jpeg"}],"author":"Diario1 Diario1","twitter_card":"summary_large_image","twitter_creator":"@eltextual","twitter_site":"@eltextual","twitter_misc":{"Escrito por":"Diario1 Diario1","Tiempo de lectura":"1 minuto"},"schema":{"@context":"https:\/\/schema.org","@graph":[{"@type":"Article","@id":"https:\/\/diariotextual.com\/inicio\/index.php\/2023\/08\/10\/vacunan-a-gatos-y-perros-por-un-murcielago-con-rabia-en-el-barrio-zona-oeste-quintas\/#article","isPartOf":{"@id":"https:\/\/diariotextual.com\/inicio\/index.php\/2023\/08\/10\/vacunan-a-gatos-y-perros-por-un-murcielago-con-rabia-en-el-barrio-zona-oeste-quintas\/"},"author":{"name":"Diario1 Diario1","@id":"https:\/\/diariotextual.com\/inicio\/#\/schema\/person\/418fc4093c33e86ed41562db3508f958"},"headline":"Vacunan a gatos y perros por un murci\u00e9lago con rabia en el barrio Zona Oeste Quintas","datePublished":"2023-08-10T13:17:01+00:00","dateModified":"2023-08-10T18:30:56+00:00","mainEntityOfPage":{"@id":"https:\/\/diariotextual.com\/inicio\/index.php\/2023\/08\/10\/vacunan-a-gatos-y-perros-por-un-murcielago-con-rabia-en-el-barrio-zona-oeste-quintas\/"},"wordCount":220,"publisher":{"@id":"https:\/\/diariotextual.com\/inicio\/#organization"},"image":{"@id":"https:\/\/diariotextual.com\/inicio\/index.php\/2023\/08\/10\/vacunan-a-gatos-y-perros-por-un-murcielago-con-rabia-en-el-barrio-zona-oeste-quintas\/#primaryimage"},"thumbnailUrl":"https:\/\/diariotextual.com\/inicio\/wp-content\/uploads\/2023\/05\/rabiabloqueovacunacionperrosgatossantarosa2023-111.jpg","articleSection":["A - ES NOTICIA (van abajo)","SOCIEDAD"],"inLanguage":"es"},{"@type":"WebPage","@id":"https:\/\/diariotextual.com\/inicio\/index.php\/2023\/08\/10\/vacunan-a-gatos-y-perros-por-un-murcielago-con-rabia-en-el-barrio-zona-oeste-quintas\/","url":"https:\/\/diariotextual.com\/inicio\/index.php\/2023\/08\/10\/vacunan-a-gatos-y-perros-por-un-murcielago-con-rabia-en-el-barrio-zona-oeste-quintas\/","name":"Vacunan a gatos y perros por un murci\u00e9lago con rabia en el barrio Zona Oeste Quintas - Diario Textual","isPartOf":{"@id":"https:\/\/diariotextual.com\/inicio\/#website"},"primaryImageOfPage":{"@id":"https:\/\/diariotextual.com\/inicio\/index.php\/2023\/08\/10\/vacunan-a-gatos-y-perros-por-un-murcielago-con-rabia-en-el-barrio-zona-oeste-quintas\/#primaryimage"},"image":{"@id":"https:\/\/diariotextual.com\/inicio\/index.php\/2023\/08\/10\/vacunan-a-gatos-y-perros-por-un-murcielago-con-rabia-en-el-barrio-zona-oeste-quintas\/#primaryimage"},"thumbnailUrl":"https:\/\/diariotextual.com\/inicio\/wp-content\/uploads\/2023\/05\/rabiabloqueovacunacionperrosgatossantarosa2023-111.jpg","datePublished":"2023-08-10T13:17:01+00:00","dateModified":"2023-08-10T18:30:56+00:00","breadcrumb":{"@id":"https:\/\/diariotextual.com\/inicio\/index.php\/2023\/08\/10\/vacunan-a-gatos-y-perros-por-un-murcielago-con-rabia-en-el-barrio-zona-oeste-quintas\/#breadcrumb"},"inLanguage":"es","potentialAction":[{"@type":"ReadAction","target":["https:\/\/diariotextual.com\/inicio\/index.php\/2023\/08\/10\/vacunan-a-gatos-y-perros-por-un-murcielago-con-rabia-en-el-barrio-zona-oeste-quintas\/"]}]},{"@type":"ImageObject","inLanguage":"es","@id":"https:\/\/diariotextual.com\/inicio\/index.php\/2023\/08\/10\/vacunan-a-gatos-y-perros-por-un-murcielago-con-rabia-en-el-barrio-zona-oeste-quintas\/#primaryimage","url":"https:\/\/diariotextual.com\/inicio\/wp-content\/uploads\/2023\/05\/rabiabloqueovacunacionperrosgatossantarosa2023-111.jpg","contentUrl":"https:\/\/diariotextual.com\/inicio\/wp-content\/uploads\/2023\/05\/rabiabloqueovacunacionperrosgatossantarosa2023-111.jpg","width":1280,"height":805},{"@type":"BreadcrumbList","@id":"https:\/\/diariotextual.com\/inicio\/index.php\/2023\/08\/10\/vacunan-a-gatos-y-perros-por-un-murcielago-con-rabia-en-el-barrio-zona-oeste-quintas\/#breadcrumb","itemListElement":[{"@type":"ListItem","position":1,"name":"Portada","item":"https:\/\/diariotextual.com\/inicio\/"},{"@type":"ListItem","position":2,"name":"Vacunan a gatos y perros por un murci\u00e9lago con rabia en el barrio Zona Oeste Quintas"}]},{"@type":"WebSite","@id":"https:\/\/diariotextual.com\/inicio\/#website","url":"https:\/\/diariotextual.com\/inicio\/","name":"Diario Textual","description":"","publisher":{"@id":"https:\/\/diariotextual.com\/inicio\/#organization"},"potentialAction":[{"@type":"SearchAction","target":{"@type":"EntryPoint","urlTemplate":"https:\/\/diariotextual.com\/inicio\/?s={search_term_string}"},"query-input":{"@type":"PropertyValueSpecification","valueRequired":true,"valueName":"search_term_string"}}],"inLanguage":"es"},{"@type":"Organization","@id":"https:\/\/diariotextual.com\/inicio\/#organization","name":"Diario Textual","url":"https:\/\/diariotextual.com\/inicio\/","logo":{"@type":"ImageObject","inLanguage":"es","@id":"https:\/\/diariotextual.com\/inicio\/#\/schema\/logo\/image\/","url":"https:\/\/diariotextual.com\/inicio\/wp-content\/uploads\/2023\/05\/logotextual1.jpg","contentUrl":"https:\/\/diariotextual.com\/inicio\/wp-content\/uploads\/2023\/05\/logotextual1.jpg","width":516,"height":76,"caption":"Diario Textual"},"image":{"@id":"https:\/\/diariotextual.com\/inicio\/#\/schema\/logo\/image\/"},"sameAs":["https:\/\/www.facebook.com\/eltextual","https:\/\/x.com\/eltextual","http:\/\/www.instagram.com\/eltextual"]},{"@type":"Person","@id":"https:\/\/diariotextual.com\/inicio\/#\/schema\/person\/418fc4093c33e86ed41562db3508f958","name":"Diario1 Diario1","image":{"@type":"ImageObject","inLanguage":"es","@id":"https:\/\/secure.gravatar.com\/avatar\/9167d280179c85bc18be67aa7eda765854300033af4896dd779b608640f2ef7a?s=96&d=mm&r=g","url":"https:\/\/secure.gravatar.com\/avatar\/9167d280179c85bc18be67aa7eda765854300033af4896dd779b608640f2ef7a?s=96&d=mm&r=g","contentUrl":"https:\/\/secure.gravatar.com\/avatar\/9167d280179c85bc18be67aa7eda765854300033af4896dd779b608640f2ef7a?s=96&d=mm&r=g","caption":"Diario1 Diario1"},"url":"https:\/\/diariotextual.com\/inicio\/index.php\/author\/diario1\/"}]}},"_links":{"self":[{"href":"https:\/\/diariotextual.com\/inicio\/index.php\/wp-json\/wp\/v2\/posts\/233393","targetHints":{"allow":["GET"]}}],"collection":[{"href":"https:\/\/diariotextual.com\/inicio\/index.php\/wp-json\/wp\/v2\/posts"}],"about":[{"href":"https:\/\/diariotextual.com\/inicio\/index.php\/wp-json\/wp\/v2\/types\/post"}],"author":[{"embeddable":true,"href":"https:\/\/diariotextual.com\/inicio\/index.php\/wp-json\/wp\/v2\/users\/3"}],"replies":[{"embeddable":true,"href":"https:\/\/diariotextual.com\/inicio\/index.php\/wp-json\/wp\/v2\/comments?post=233393"}],"version-history":[{"count":2,"href":"https:\/\/diariotextual.com\/inicio\/index.php\/wp-json\/wp\/v2\/posts\/233393\/revisions"}],"predecessor-version":[{"id":233395,"href":"https:\/\/diariotextual.com\/inicio\/index.php\/wp-json\/wp\/v2\/posts\/233393\/revisions\/233395"}],"wp:featuredmedia":[{"embeddable":true,"href":"https:\/\/diariotextual.com\/inicio\/index.php\/wp-json\/wp\/v2\/media\/227124"}],"wp:attachment":[{"href":"https:\/\/diariotextual.com\/inicio\/index.php\/wp-json\/wp\/v2\/media?parent=233393"}],"wp:term":[{"taxonomy":"category","embeddable":true,"href":"https:\/\/diariotextual.com\/inicio\/index.php\/wp-json\/wp\/v2\/categories?post=233393"},{"taxonomy":"post_tag","embeddable":true,"href":"https:\/\/diariotextual.com\/inicio\/index.php\/wp-json\/wp\/v2\/tags?post=233393"}],"curies":[{"name":"wp","href":"https:\/\/api.w.org\/{rel}","templated":true}]}}