{"id":233399,"date":"2023-08-10T11:21:30","date_gmt":"2023-08-10T14:21:30","guid":{"rendered":"https:\/\/diariotextual.com\/inicio\/?p=233399"},"modified":"2023-08-11T07:31:45","modified_gmt":"2023-08-11T10:31:45","slug":"fallecio-jose-luis-lazarte-un-combatiente-de-malvinas-que-fue-paracaidista","status":"publish","type":"post","link":"https:\/\/diariotextual.com\/inicio\/index.php\/2023\/08\/10\/fallecio-jose-luis-lazarte-un-combatiente-de-malvinas-que-fue-paracaidista\/","title":{"rendered":"Falleci\u00f3 Jos\u00e9 Luis Lazarte, un combatiente de Malvinas que fue paracaidista"},"content":{"rendered":"\n<p><strong>Jos\u00e9 Luis Lazarte<\/strong> (61 a\u00f1os), veterano de la Gesta de Malvinas que como paracaidista en el \u00e1rea Comunicaciones estuvo bajo fuego durante el conflicto b\u00e9lico, muri\u00f3 en las \u00faltimas horas. Resid\u00eda en General Campos (La Pampa).<\/p>\n\n\n\n<p>\u201cAcompa\u00f1amos en este doloroso momento a su familia, amigos y camaradas, y rendimos homenaje a uno de nuestros h\u00e9roes de Malvinas\u201d, particip\u00f3 el Ministerio de Gobierno, Justicia y Seguridad de La Pampa, a trav\u00e9s de la Subsecretar\u00eda de Derechos Humanos de La Pampa.<\/p>\n\n\n\n<p>Hab\u00eda nacido en la ciudad de Buenos Aires. En 1982, Jos\u00e9 Luis ten\u00eda 19 a\u00f1os de edad. Le hab\u00eda tocado el servicio militar obligatorio, con destino a la Brigada de Paracaidistas de C\u00f3rdoba.<\/p>\n\n\n\n<p>En 2016, junto a su esposa Mar\u00eda Cristina Michel, regres\u00f3 a la Isla Soledad. All\u00ed pudo visitar los lugares donde combati\u00f3 y las tumbas de los combatientes abatidos.<\/p>\n\n\n\n<p><\/p>\n","protected":false},"excerpt":{"rendered":"<p>Jos\u00e9 Luis Lazarte (61 a\u00f1os), veterano de la Gesta de Malvinas que como paracaidista en el \u00e1rea Comunicaciones estuvo bajo fuego durante el conflicto b\u00e9lico, muri\u00f3 en las \u00faltimas horas.&hellip;<\/p>\n","protected":false},"author":3,"featured_media":233402,"comment_status":"closed","ping_status":"open","sticky":false,"template":"","format":"standard","meta":{"_acf_changed":false,"footnotes":""},"categories":[11,12],"tags":[],"class_list":["post-233399","post","type-post","status-publish","format-standard","has-post-thumbnail","hentry","category-que-pasa","category-sociedad"],"acf":[],"yoast_head":"<!-- This site is optimized with the Yoast SEO plugin v27.5 - https:\/\/yoast.com\/product\/yoast-seo-wordpress\/ -->\n<title>Falleci\u00f3 Jos\u00e9 Luis Lazarte, un combatiente de Malvinas que fue paracaidista - Diario Textual<\/title>\n<meta name=\"robots\" content=\"index, follow, max-snippet:-1, max-image-preview:large, max-video-preview:-1\" \/>\n<link rel=\"canonical\" href=\"https:\/\/diariotextual.com\/inicio\/index.php\/2023\/08\/10\/fallecio-jose-luis-lazarte-un-combatiente-de-malvinas-que-fue-paracaidista\/\" \/>\n<meta property=\"og:locale\" content=\"es_ES\" \/>\n<meta property=\"og:type\" content=\"article\" \/>\n<meta property=\"og:title\" content=\"Falleci\u00f3 Jos\u00e9 Luis Lazarte, un combatiente de Malvinas que fue paracaidista - Diario Textual\" \/>\n<meta property=\"og:description\" content=\"Jos\u00e9 Luis Lazarte (61 a\u00f1os), veterano de la Gesta de Malvinas que como paracaidista en el \u00e1rea Comunicaciones estuvo bajo fuego durante el conflicto b\u00e9lico, muri\u00f3 en las \u00faltimas horas.&hellip;\" \/>\n<meta property=\"og:url\" content=\"https:\/\/diariotextual.com\/inicio\/index.php\/2023\/08\/10\/fallecio-jose-luis-lazarte-un-combatiente-de-malvinas-que-fue-paracaidista\/\" \/>\n<meta property=\"og:site_name\" content=\"Diario Textual\" \/>\n<meta property=\"article:publisher\" content=\"https:\/\/www.facebook.com\/eltextual\" \/>\n<meta property=\"article:published_time\" content=\"2023-08-10T14:21:30+00:00\" \/>\n<meta property=\"article:modified_time\" content=\"2023-08-11T10:31:45+00:00\" \/>\n<meta property=\"og:image\" content=\"https:\/\/diariotextual.com\/inicio\/wp-content\/uploads\/2023\/08\/lazartejoseveteranomalvinas2023-1.jpg\" \/>\n\t<meta property=\"og:image:width\" content=\"526\" \/>\n\t<meta property=\"og:image:height\" content=\"597\" \/>\n\t<meta property=\"og:image:type\" content=\"image\/jpeg\" \/>\n<meta name=\"author\" content=\"Diario1 Diario1\" \/>\n<meta name=\"twitter:card\" content=\"summary_large_image\" \/>\n<meta name=\"twitter:creator\" content=\"@eltextual\" \/>\n<meta name=\"twitter:site\" content=\"@eltextual\" \/>\n<meta name=\"twitter:label1\" content=\"Escrito por\" \/>\n\t<meta name=\"twitter:data1\" content=\"Diario1 Diario1\" \/>\n\t<meta name=\"twitter:label2\" content=\"Tiempo de lectura\" \/>\n\t<meta name=\"twitter:data2\" content=\"1 minuto\" \/>\n<script type=\"application\/ld+json\" class=\"yoast-schema-graph\">{\"@context\":\"https:\\\/\\\/schema.org\",\"@graph\":[{\"@type\":\"Article\",\"@id\":\"https:\\\/\\\/diariotextual.com\\\/inicio\\\/index.php\\\/2023\\\/08\\\/10\\\/fallecio-jose-luis-lazarte-un-combatiente-de-malvinas-que-fue-paracaidista\\\/#article\",\"isPartOf\":{\"@id\":\"https:\\\/\\\/diariotextual.com\\\/inicio\\\/index.php\\\/2023\\\/08\\\/10\\\/fallecio-jose-luis-lazarte-un-combatiente-de-malvinas-que-fue-paracaidista\\\/\"},\"author\":{\"name\":\"Diario1 Diario1\",\"@id\":\"https:\\\/\\\/diariotextual.com\\\/inicio\\\/#\\\/schema\\\/person\\\/418fc4093c33e86ed41562db3508f958\"},\"headline\":\"Falleci\u00f3 Jos\u00e9 Luis Lazarte, un combatiente de Malvinas que fue paracaidista\",\"datePublished\":\"2023-08-10T14:21:30+00:00\",\"dateModified\":\"2023-08-11T10:31:45+00:00\",\"mainEntityOfPage\":{\"@id\":\"https:\\\/\\\/diariotextual.com\\\/inicio\\\/index.php\\\/2023\\\/08\\\/10\\\/fallecio-jose-luis-lazarte-un-combatiente-de-malvinas-que-fue-paracaidista\\\/\"},\"wordCount\":160,\"publisher\":{\"@id\":\"https:\\\/\\\/diariotextual.com\\\/inicio\\\/#organization\"},\"image\":{\"@id\":\"https:\\\/\\\/diariotextual.com\\\/inicio\\\/index.php\\\/2023\\\/08\\\/10\\\/fallecio-jose-luis-lazarte-un-combatiente-de-malvinas-que-fue-paracaidista\\\/#primaryimage\"},\"thumbnailUrl\":\"https:\\\/\\\/diariotextual.com\\\/inicio\\\/wp-content\\\/uploads\\\/2023\\\/08\\\/lazartejoseveteranomalvinas2023-1.jpg\",\"articleSection\":[\"A - QUE PASA (al costado)\",\"SOCIEDAD\"],\"inLanguage\":\"es\"},{\"@type\":\"WebPage\",\"@id\":\"https:\\\/\\\/diariotextual.com\\\/inicio\\\/index.php\\\/2023\\\/08\\\/10\\\/fallecio-jose-luis-lazarte-un-combatiente-de-malvinas-que-fue-paracaidista\\\/\",\"url\":\"https:\\\/\\\/diariotextual.com\\\/inicio\\\/index.php\\\/2023\\\/08\\\/10\\\/fallecio-jose-luis-lazarte-un-combatiente-de-malvinas-que-fue-paracaidista\\\/\",\"name\":\"Falleci\u00f3 Jos\u00e9 Luis Lazarte, un combatiente de Malvinas que fue paracaidista - Diario Textual\",\"isPartOf\":{\"@id\":\"https:\\\/\\\/diariotextual.com\\\/inicio\\\/#website\"},\"primaryImageOfPage\":{\"@id\":\"https:\\\/\\\/diariotextual.com\\\/inicio\\\/index.php\\\/2023\\\/08\\\/10\\\/fallecio-jose-luis-lazarte-un-combatiente-de-malvinas-que-fue-paracaidista\\\/#primaryimage\"},\"image\":{\"@id\":\"https:\\\/\\\/diariotextual.com\\\/inicio\\\/index.php\\\/2023\\\/08\\\/10\\\/fallecio-jose-luis-lazarte-un-combatiente-de-malvinas-que-fue-paracaidista\\\/#primaryimage\"},\"thumbnailUrl\":\"https:\\\/\\\/diariotextual.com\\\/inicio\\\/wp-content\\\/uploads\\\/2023\\\/08\\\/lazartejoseveteranomalvinas2023-1.jpg\",\"datePublished\":\"2023-08-10T14:21:30+00:00\",\"dateModified\":\"2023-08-11T10:31:45+00:00\",\"breadcrumb\":{\"@id\":\"https:\\\/\\\/diariotextual.com\\\/inicio\\\/index.php\\\/2023\\\/08\\\/10\\\/fallecio-jose-luis-lazarte-un-combatiente-de-malvinas-que-fue-paracaidista\\\/#breadcrumb\"},\"inLanguage\":\"es\",\"potentialAction\":[{\"@type\":\"ReadAction\",\"target\":[\"https:\\\/\\\/diariotextual.com\\\/inicio\\\/index.php\\\/2023\\\/08\\\/10\\\/fallecio-jose-luis-lazarte-un-combatiente-de-malvinas-que-fue-paracaidista\\\/\"]}]},{\"@type\":\"ImageObject\",\"inLanguage\":\"es\",\"@id\":\"https:\\\/\\\/diariotextual.com\\\/inicio\\\/index.php\\\/2023\\\/08\\\/10\\\/fallecio-jose-luis-lazarte-un-combatiente-de-malvinas-que-fue-paracaidista\\\/#primaryimage\",\"url\":\"https:\\\/\\\/diariotextual.com\\\/inicio\\\/wp-content\\\/uploads\\\/2023\\\/08\\\/lazartejoseveteranomalvinas2023-1.jpg\",\"contentUrl\":\"https:\\\/\\\/diariotextual.com\\\/inicio\\\/wp-content\\\/uploads\\\/2023\\\/08\\\/lazartejoseveteranomalvinas2023-1.jpg\",\"width\":526,\"height\":597},{\"@type\":\"BreadcrumbList\",\"@id\":\"https:\\\/\\\/diariotextual.com\\\/inicio\\\/index.php\\\/2023\\\/08\\\/10\\\/fallecio-jose-luis-lazarte-un-combatiente-de-malvinas-que-fue-paracaidista\\\/#breadcrumb\",\"itemListElement\":[{\"@type\":\"ListItem\",\"position\":1,\"name\":\"Portada\",\"item\":\"https:\\\/\\\/diariotextual.com\\\/inicio\\\/\"},{\"@type\":\"ListItem\",\"position\":2,\"name\":\"Falleci\u00f3 Jos\u00e9 Luis Lazarte, un combatiente de Malvinas que fue paracaidista\"}]},{\"@type\":\"WebSite\",\"@id\":\"https:\\\/\\\/diariotextual.com\\\/inicio\\\/#website\",\"url\":\"https:\\\/\\\/diariotextual.com\\\/inicio\\\/\",\"name\":\"Diario Textual\",\"description\":\"\",\"publisher\":{\"@id\":\"https:\\\/\\\/diariotextual.com\\\/inicio\\\/#organization\"},\"potentialAction\":[{\"@type\":\"SearchAction\",\"target\":{\"@type\":\"EntryPoint\",\"urlTemplate\":\"https:\\\/\\\/diariotextual.com\\\/inicio\\\/?s={search_term_string}\"},\"query-input\":{\"@type\":\"PropertyValueSpecification\",\"valueRequired\":true,\"valueName\":\"search_term_string\"}}],\"inLanguage\":\"es\"},{\"@type\":\"Organization\",\"@id\":\"https:\\\/\\\/diariotextual.com\\\/inicio\\\/#organization\",\"name\":\"Diario Textual\",\"url\":\"https:\\\/\\\/diariotextual.com\\\/inicio\\\/\",\"logo\":{\"@type\":\"ImageObject\",\"inLanguage\":\"es\",\"@id\":\"https:\\\/\\\/diariotextual.com\\\/inicio\\\/#\\\/schema\\\/logo\\\/image\\\/\",\"url\":\"https:\\\/\\\/diariotextual.com\\\/inicio\\\/wp-content\\\/uploads\\\/2023\\\/05\\\/logotextual1.jpg\",\"contentUrl\":\"https:\\\/\\\/diariotextual.com\\\/inicio\\\/wp-content\\\/uploads\\\/2023\\\/05\\\/logotextual1.jpg\",\"width\":516,\"height\":76,\"caption\":\"Diario Textual\"},\"image\":{\"@id\":\"https:\\\/\\\/diariotextual.com\\\/inicio\\\/#\\\/schema\\\/logo\\\/image\\\/\"},\"sameAs\":[\"https:\\\/\\\/www.facebook.com\\\/eltextual\",\"https:\\\/\\\/x.com\\\/eltextual\",\"http:\\\/\\\/www.instagram.com\\\/eltextual\"]},{\"@type\":\"Person\",\"@id\":\"https:\\\/\\\/diariotextual.com\\\/inicio\\\/#\\\/schema\\\/person\\\/418fc4093c33e86ed41562db3508f958\",\"name\":\"Diario1 Diario1\",\"image\":{\"@type\":\"ImageObject\",\"inLanguage\":\"es\",\"@id\":\"https:\\\/\\\/secure.gravatar.com\\\/avatar\\\/9167d280179c85bc18be67aa7eda765854300033af4896dd779b608640f2ef7a?s=96&d=mm&r=g\",\"url\":\"https:\\\/\\\/secure.gravatar.com\\\/avatar\\\/9167d280179c85bc18be67aa7eda765854300033af4896dd779b608640f2ef7a?s=96&d=mm&r=g\",\"contentUrl\":\"https:\\\/\\\/secure.gravatar.com\\\/avatar\\\/9167d280179c85bc18be67aa7eda765854300033af4896dd779b608640f2ef7a?s=96&d=mm&r=g\",\"caption\":\"Diario1 Diario1\"},\"url\":\"https:\\\/\\\/diariotextual.com\\\/inicio\\\/index.php\\\/author\\\/diario1\\\/\"}]}<\/script>\n<!-- \/ Yoast SEO plugin. -->","yoast_head_json":{"title":"Falleci\u00f3 Jos\u00e9 Luis Lazarte, un combatiente de Malvinas que fue paracaidista - Diario Textual","robots":{"index":"index","follow":"follow","max-snippet":"max-snippet:-1","max-image-preview":"max-image-preview:large","max-video-preview":"max-video-preview:-1"},"canonical":"https:\/\/diariotextual.com\/inicio\/index.php\/2023\/08\/10\/fallecio-jose-luis-lazarte-un-combatiente-de-malvinas-que-fue-paracaidista\/","og_locale":"es_ES","og_type":"article","og_title":"Falleci\u00f3 Jos\u00e9 Luis Lazarte, un combatiente de Malvinas que fue paracaidista - Diario Textual","og_description":"Jos\u00e9 Luis Lazarte (61 a\u00f1os), veterano de la Gesta de Malvinas que como paracaidista en el \u00e1rea Comunicaciones estuvo bajo fuego durante el conflicto b\u00e9lico, muri\u00f3 en las \u00faltimas horas.&hellip;","og_url":"https:\/\/diariotextual.com\/inicio\/index.php\/2023\/08\/10\/fallecio-jose-luis-lazarte-un-combatiente-de-malvinas-que-fue-paracaidista\/","og_site_name":"Diario Textual","article_publisher":"https:\/\/www.facebook.com\/eltextual","article_published_time":"2023-08-10T14:21:30+00:00","article_modified_time":"2023-08-11T10:31:45+00:00","og_image":[{"width":526,"height":597,"url":"https:\/\/diariotextual.com\/inicio\/wp-content\/uploads\/2023\/08\/lazartejoseveteranomalvinas2023-1.jpg","type":"image\/jpeg"}],"author":"Diario1 Diario1","twitter_card":"summary_large_image","twitter_creator":"@eltextual","twitter_site":"@eltextual","twitter_misc":{"Escrito por":"Diario1 Diario1","Tiempo de lectura":"1 minuto"},"schema":{"@context":"https:\/\/schema.org","@graph":[{"@type":"Article","@id":"https:\/\/diariotextual.com\/inicio\/index.php\/2023\/08\/10\/fallecio-jose-luis-lazarte-un-combatiente-de-malvinas-que-fue-paracaidista\/#article","isPartOf":{"@id":"https:\/\/diariotextual.com\/inicio\/index.php\/2023\/08\/10\/fallecio-jose-luis-lazarte-un-combatiente-de-malvinas-que-fue-paracaidista\/"},"author":{"name":"Diario1 Diario1","@id":"https:\/\/diariotextual.com\/inicio\/#\/schema\/person\/418fc4093c33e86ed41562db3508f958"},"headline":"Falleci\u00f3 Jos\u00e9 Luis Lazarte, un combatiente de Malvinas que fue paracaidista","datePublished":"2023-08-10T14:21:30+00:00","dateModified":"2023-08-11T10:31:45+00:00","mainEntityOfPage":{"@id":"https:\/\/diariotextual.com\/inicio\/index.php\/2023\/08\/10\/fallecio-jose-luis-lazarte-un-combatiente-de-malvinas-que-fue-paracaidista\/"},"wordCount":160,"publisher":{"@id":"https:\/\/diariotextual.com\/inicio\/#organization"},"image":{"@id":"https:\/\/diariotextual.com\/inicio\/index.php\/2023\/08\/10\/fallecio-jose-luis-lazarte-un-combatiente-de-malvinas-que-fue-paracaidista\/#primaryimage"},"thumbnailUrl":"https:\/\/diariotextual.com\/inicio\/wp-content\/uploads\/2023\/08\/lazartejoseveteranomalvinas2023-1.jpg","articleSection":["A - QUE PASA (al costado)","SOCIEDAD"],"inLanguage":"es"},{"@type":"WebPage","@id":"https:\/\/diariotextual.com\/inicio\/index.php\/2023\/08\/10\/fallecio-jose-luis-lazarte-un-combatiente-de-malvinas-que-fue-paracaidista\/","url":"https:\/\/diariotextual.com\/inicio\/index.php\/2023\/08\/10\/fallecio-jose-luis-lazarte-un-combatiente-de-malvinas-que-fue-paracaidista\/","name":"Falleci\u00f3 Jos\u00e9 Luis Lazarte, un combatiente de Malvinas que fue paracaidista - Diario Textual","isPartOf":{"@id":"https:\/\/diariotextual.com\/inicio\/#website"},"primaryImageOfPage":{"@id":"https:\/\/diariotextual.com\/inicio\/index.php\/2023\/08\/10\/fallecio-jose-luis-lazarte-un-combatiente-de-malvinas-que-fue-paracaidista\/#primaryimage"},"image":{"@id":"https:\/\/diariotextual.com\/inicio\/index.php\/2023\/08\/10\/fallecio-jose-luis-lazarte-un-combatiente-de-malvinas-que-fue-paracaidista\/#primaryimage"},"thumbnailUrl":"https:\/\/diariotextual.com\/inicio\/wp-content\/uploads\/2023\/08\/lazartejoseveteranomalvinas2023-1.jpg","datePublished":"2023-08-10T14:21:30+00:00","dateModified":"2023-08-11T10:31:45+00:00","breadcrumb":{"@id":"https:\/\/diariotextual.com\/inicio\/index.php\/2023\/08\/10\/fallecio-jose-luis-lazarte-un-combatiente-de-malvinas-que-fue-paracaidista\/#breadcrumb"},"inLanguage":"es","potentialAction":[{"@type":"ReadAction","target":["https:\/\/diariotextual.com\/inicio\/index.php\/2023\/08\/10\/fallecio-jose-luis-lazarte-un-combatiente-de-malvinas-que-fue-paracaidista\/"]}]},{"@type":"ImageObject","inLanguage":"es","@id":"https:\/\/diariotextual.com\/inicio\/index.php\/2023\/08\/10\/fallecio-jose-luis-lazarte-un-combatiente-de-malvinas-que-fue-paracaidista\/#primaryimage","url":"https:\/\/diariotextual.com\/inicio\/wp-content\/uploads\/2023\/08\/lazartejoseveteranomalvinas2023-1.jpg","contentUrl":"https:\/\/diariotextual.com\/inicio\/wp-content\/uploads\/2023\/08\/lazartejoseveteranomalvinas2023-1.jpg","width":526,"height":597},{"@type":"BreadcrumbList","@id":"https:\/\/diariotextual.com\/inicio\/index.php\/2023\/08\/10\/fallecio-jose-luis-lazarte-un-combatiente-de-malvinas-que-fue-paracaidista\/#breadcrumb","itemListElement":[{"@type":"ListItem","position":1,"name":"Portada","item":"https:\/\/diariotextual.com\/inicio\/"},{"@type":"ListItem","position":2,"name":"Falleci\u00f3 Jos\u00e9 Luis Lazarte, un combatiente de Malvinas que fue paracaidista"}]},{"@type":"WebSite","@id":"https:\/\/diariotextual.com\/inicio\/#website","url":"https:\/\/diariotextual.com\/inicio\/","name":"Diario Textual","description":"","publisher":{"@id":"https:\/\/diariotextual.com\/inicio\/#organization"},"potentialAction":[{"@type":"SearchAction","target":{"@type":"EntryPoint","urlTemplate":"https:\/\/diariotextual.com\/inicio\/?s={search_term_string}"},"query-input":{"@type":"PropertyValueSpecification","valueRequired":true,"valueName":"search_term_string"}}],"inLanguage":"es"},{"@type":"Organization","@id":"https:\/\/diariotextual.com\/inicio\/#organization","name":"Diario Textual","url":"https:\/\/diariotextual.com\/inicio\/","logo":{"@type":"ImageObject","inLanguage":"es","@id":"https:\/\/diariotextual.com\/inicio\/#\/schema\/logo\/image\/","url":"https:\/\/diariotextual.com\/inicio\/wp-content\/uploads\/2023\/05\/logotextual1.jpg","contentUrl":"https:\/\/diariotextual.com\/inicio\/wp-content\/uploads\/2023\/05\/logotextual1.jpg","width":516,"height":76,"caption":"Diario Textual"},"image":{"@id":"https:\/\/diariotextual.com\/inicio\/#\/schema\/logo\/image\/"},"sameAs":["https:\/\/www.facebook.com\/eltextual","https:\/\/x.com\/eltextual","http:\/\/www.instagram.com\/eltextual"]},{"@type":"Person","@id":"https:\/\/diariotextual.com\/inicio\/#\/schema\/person\/418fc4093c33e86ed41562db3508f958","name":"Diario1 Diario1","image":{"@type":"ImageObject","inLanguage":"es","@id":"https:\/\/secure.gravatar.com\/avatar\/9167d280179c85bc18be67aa7eda765854300033af4896dd779b608640f2ef7a?s=96&d=mm&r=g","url":"https:\/\/secure.gravatar.com\/avatar\/9167d280179c85bc18be67aa7eda765854300033af4896dd779b608640f2ef7a?s=96&d=mm&r=g","contentUrl":"https:\/\/secure.gravatar.com\/avatar\/9167d280179c85bc18be67aa7eda765854300033af4896dd779b608640f2ef7a?s=96&d=mm&r=g","caption":"Diario1 Diario1"},"url":"https:\/\/diariotextual.com\/inicio\/index.php\/author\/diario1\/"}]}},"_links":{"self":[{"href":"https:\/\/diariotextual.com\/inicio\/index.php\/wp-json\/wp\/v2\/posts\/233399","targetHints":{"allow":["GET"]}}],"collection":[{"href":"https:\/\/diariotextual.com\/inicio\/index.php\/wp-json\/wp\/v2\/posts"}],"about":[{"href":"https:\/\/diariotextual.com\/inicio\/index.php\/wp-json\/wp\/v2\/types\/post"}],"author":[{"embeddable":true,"href":"https:\/\/diariotextual.com\/inicio\/index.php\/wp-json\/wp\/v2\/users\/3"}],"replies":[{"embeddable":true,"href":"https:\/\/diariotextual.com\/inicio\/index.php\/wp-json\/wp\/v2\/comments?post=233399"}],"version-history":[{"count":4,"href":"https:\/\/diariotextual.com\/inicio\/index.php\/wp-json\/wp\/v2\/posts\/233399\/revisions"}],"predecessor-version":[{"id":233405,"href":"https:\/\/diariotextual.com\/inicio\/index.php\/wp-json\/wp\/v2\/posts\/233399\/revisions\/233405"}],"wp:featuredmedia":[{"embeddable":true,"href":"https:\/\/diariotextual.com\/inicio\/index.php\/wp-json\/wp\/v2\/media\/233402"}],"wp:attachment":[{"href":"https:\/\/diariotextual.com\/inicio\/index.php\/wp-json\/wp\/v2\/media?parent=233399"}],"wp:term":[{"taxonomy":"category","embeddable":true,"href":"https:\/\/diariotextual.com\/inicio\/index.php\/wp-json\/wp\/v2\/categories?post=233399"},{"taxonomy":"post_tag","embeddable":true,"href":"https:\/\/diariotextual.com\/inicio\/index.php\/wp-json\/wp\/v2\/tags?post=233399"}],"curies":[{"name":"wp","href":"https:\/\/api.w.org\/{rel}","templated":true}]}}