{"id":233406,"date":"2023-08-10T11:32:31","date_gmt":"2023-08-10T14:32:31","guid":{"rendered":"https:\/\/diariotextual.com\/inicio\/?p=233406"},"modified":"2023-08-10T15:32:10","modified_gmt":"2023-08-10T18:32:10","slug":"me-pidio-que-la-lleve-con-su-mama-revelo-el-hombre-que-asistio-a-morena","status":"publish","type":"post","link":"https:\/\/diariotextual.com\/inicio\/index.php\/2023\/08\/10\/me-pidio-que-la-lleve-con-su-mama-revelo-el-hombre-que-asistio-a-morena\/","title":{"rendered":"\u201cMe pidi\u00f3 que la lleve con su mam\u00e1\u201d, revel\u00f3 el hombre que asisti\u00f3 a Morena"},"content":{"rendered":"\n<p>El hombre que asisti\u00f3 a<strong> Morena Dom\u00ednguez<\/strong>, la ni\u00f1a de 11 a\u00f1os que muri\u00f3 tras ser asaltada y arrastrada por motochorros que le robaron sus pertenencias cuando llegaba a la escuela en el partido bonaerense de Lan\u00fas, record\u00f3 hoy que<strong> la v\u00edctima le dijo que no pod\u00eda respirar y que cuando la levant\u00f3 en brazos le pidi\u00f3 que la llevara con la mam\u00e1.<\/strong><\/p>\n\n\n\n<p>Conmovido, <strong>Carlos Rodr\u00edguez<\/strong>, el hombre que asisti\u00f3 a Morena luego del ataque, relat\u00f3 en una entrevista con Radio Con Vos lo que vivi\u00f3 a partir de las 7.25 de ayer, cuando vio a Morena parada en la puerta de un kiosco, a metros de la Escuela Almafuerte N\u00b0 60, del barrio Villa Giardino, de Lan\u00fas, a la que asist\u00eda tambi\u00e9n su hija.<\/p>\n\n\n\n<p>Carlos cont\u00f3 que mientras esperaba que el colegio abriera las puertas para dejar a su hija, escuch\u00f3 un grito y vio c\u00f3mo los delincuentes arrastraban a Morena<strong>. \u201cNo sab\u00eda si la quer\u00edan secuestrar o qu\u00e9, no la largaban, la arrastraron como media cuadra, pobrecita. La agarraron del brazo y ella iba arrastrando su cuerpo, sus piernas por la calle\u201d<\/strong>, describi\u00f3.<\/p>\n\n\n\n<p>El testigo agreg\u00f3 que escuch\u00f3 el grito de un barrendero, quien qued\u00f3 registrado en una c\u00e1mara de seguridad de la zona corriendo a los asaltantes, por lo que \u00e9l fue a ver a la ni\u00f1a.<\/p>\n\n\n\n<p>\u201cYo la alzo y lo \u00fanico que me dijo fue &#8216;no puedo respirar&#8217;, y se ve en el video que la agacho porque pens\u00e9 que se qued\u00f3 sin aire. Me alcanz\u00f3 a decir que la lleve con la mam\u00e1. Ah\u00ed vuelve el barrendero, la agarra del brazo y la veo muy mal a Morena, cambi\u00f3 su color de piel, se puso muy p\u00e1lida. Llegan unos profesores el colegio, la alzan y la lleva a la escuela\u201d, agreg\u00f3.<\/p>\n\n\n\n<p>Luego del robo y agresi\u00f3n que termin\u00f3 en el crimen de Morena, seg\u00fan el hombre, en el colegio, a la ni\u00f1a le hicieron las maniobras de RPC, pero afirm\u00f3 que la ambulancia \u201ctard\u00f3 mucho, como 40 minutos\u201d en llegar al lugar. Distintos testigos en la jornada de este mi\u00e9rcoles dieron tiempos similares de demora. \u201cYo digo que si en ese momento hab\u00eda una ambulancia o un m\u00f3vil creo que Morena, pobrecita, se salvaba\u201d, asever\u00f3.<\/p>\n\n\n\n<p>\u201cEs algo muy triste y lamentable lo que pas\u00f3 con Morena por no haber seguridad. Los motochorros se aprovechan de los chicos, que no pueden andar en bicicleta o ir a una plaza\u201d, afirm\u00f3. \u201cFue una tristeza muy grande no poder hacer nada por Morena\u201d, concluy\u00f3.<\/p>\n\n\n\n<p>El hecho ocurri\u00f3 minutos antes de las 7.30 de este mi\u00e9rcoles, cuando la ni\u00f1a fue asaltada mientras se dirig\u00eda a la Escuela Almafuerte N\u00b0 60, situada en la calle Molinedo al 3200, de la localidad de Villa Diamante, partido de Lan\u00fas.<\/p>\n\n\n\n<p>El ataque qued\u00f3 grabado por una c\u00e1mara de seguridad que se convirti\u00f3 en una prueba clave de una causa que, seg\u00fan las fuentes judiciales, terminar\u00e1 caratulada como homicidio. En el video se observa que Morena cay\u00f3 al asfalto cuando fue abordada por dos asaltantes en moto. Luego, seg\u00fan las im\u00e1genes, el hombre que viajaba como acompa\u00f1ante se baj\u00f3 para agarrar algunas de sus pertenencias y volvi\u00f3 a abordar el veh\u00edculo para escapar.<\/p>\n\n\n\n<p>Un automovilista que fue testigo de la secuencia intent\u00f3 encerrar a los delincuentes, que tambi\u00e9n fueron corridos por un barrendero, pero \u00e9stos lograron escapar del lugar a toda velocidad, secuencia que tambi\u00e9n qued\u00f3 registrada por la c\u00e1mara.<\/p>\n\n\n\n<p><\/p>\n","protected":false},"excerpt":{"rendered":"<p>El hombre que asisti\u00f3 a Morena Dom\u00ednguez, la ni\u00f1a de 11 a\u00f1os que muri\u00f3 tras ser asaltada y arrastrada por motochorros que le robaron sus pertenencias cuando llegaba a la&hellip;<\/p>\n","protected":false},"author":3,"featured_media":233321,"comment_status":"closed","ping_status":"open","sticky":false,"template":"","format":"standard","meta":{"_acf_changed":false,"footnotes":""},"categories":[11,12],"tags":[],"class_list":["post-233406","post","type-post","status-publish","format-standard","has-post-thumbnail","hentry","category-que-pasa","category-sociedad"],"acf":[],"yoast_head":"<!-- This site is optimized with the Yoast SEO plugin v27.5 - https:\/\/yoast.com\/product\/yoast-seo-wordpress\/ -->\n<title>\u201cMe pidi\u00f3 que la lleve con su mam\u00e1\u201d, revel\u00f3 el hombre que asisti\u00f3 a Morena - Diario Textual<\/title>\n<meta name=\"robots\" content=\"index, follow, max-snippet:-1, max-image-preview:large, max-video-preview:-1\" \/>\n<link rel=\"canonical\" href=\"https:\/\/diariotextual.com\/inicio\/index.php\/2023\/08\/10\/me-pidio-que-la-lleve-con-su-mama-revelo-el-hombre-que-asistio-a-morena\/\" \/>\n<meta property=\"og:locale\" content=\"es_ES\" \/>\n<meta property=\"og:type\" content=\"article\" \/>\n<meta property=\"og:title\" content=\"\u201cMe pidi\u00f3 que la lleve con su mam\u00e1\u201d, revel\u00f3 el hombre que asisti\u00f3 a Morena - Diario Textual\" \/>\n<meta property=\"og:description\" content=\"El hombre que asisti\u00f3 a Morena Dom\u00ednguez, la ni\u00f1a de 11 a\u00f1os que muri\u00f3 tras ser asaltada y arrastrada por motochorros que le robaron sus pertenencias cuando llegaba a la&hellip;\" \/>\n<meta property=\"og:url\" content=\"https:\/\/diariotextual.com\/inicio\/index.php\/2023\/08\/10\/me-pidio-que-la-lleve-con-su-mama-revelo-el-hombre-que-asistio-a-morena\/\" \/>\n<meta property=\"og:site_name\" content=\"Diario Textual\" \/>\n<meta property=\"article:publisher\" content=\"https:\/\/www.facebook.com\/eltextual\" \/>\n<meta property=\"article:published_time\" content=\"2023-08-10T14:32:31+00:00\" \/>\n<meta property=\"article:modified_time\" content=\"2023-08-10T18:32:10+00:00\" \/>\n<meta property=\"og:image\" content=\"https:\/\/diariotextual.com\/inicio\/wp-content\/uploads\/2023\/08\/morenadominguez2023-1.png\" \/>\n\t<meta property=\"og:image:width\" content=\"765\" \/>\n\t<meta property=\"og:image:height\" content=\"480\" \/>\n\t<meta property=\"og:image:type\" content=\"image\/png\" \/>\n<meta name=\"author\" content=\"Diario1 Diario1\" \/>\n<meta name=\"twitter:card\" content=\"summary_large_image\" \/>\n<meta name=\"twitter:creator\" content=\"@eltextual\" \/>\n<meta name=\"twitter:site\" content=\"@eltextual\" \/>\n<meta name=\"twitter:label1\" content=\"Escrito por\" \/>\n\t<meta name=\"twitter:data1\" content=\"Diario1 Diario1\" \/>\n\t<meta name=\"twitter:label2\" content=\"Tiempo de lectura\" \/>\n\t<meta name=\"twitter:data2\" content=\"3 minutos\" \/>\n<script type=\"application\/ld+json\" class=\"yoast-schema-graph\">{\"@context\":\"https:\\\/\\\/schema.org\",\"@graph\":[{\"@type\":\"Article\",\"@id\":\"https:\\\/\\\/diariotextual.com\\\/inicio\\\/index.php\\\/2023\\\/08\\\/10\\\/me-pidio-que-la-lleve-con-su-mama-revelo-el-hombre-que-asistio-a-morena\\\/#article\",\"isPartOf\":{\"@id\":\"https:\\\/\\\/diariotextual.com\\\/inicio\\\/index.php\\\/2023\\\/08\\\/10\\\/me-pidio-que-la-lleve-con-su-mama-revelo-el-hombre-que-asistio-a-morena\\\/\"},\"author\":{\"name\":\"Diario1 Diario1\",\"@id\":\"https:\\\/\\\/diariotextual.com\\\/inicio\\\/#\\\/schema\\\/person\\\/418fc4093c33e86ed41562db3508f958\"},\"headline\":\"\u201cMe pidi\u00f3 que la lleve con su mam\u00e1\u201d, revel\u00f3 el hombre que asisti\u00f3 a Morena\",\"datePublished\":\"2023-08-10T14:32:31+00:00\",\"dateModified\":\"2023-08-10T18:32:10+00:00\",\"mainEntityOfPage\":{\"@id\":\"https:\\\/\\\/diariotextual.com\\\/inicio\\\/index.php\\\/2023\\\/08\\\/10\\\/me-pidio-que-la-lleve-con-su-mama-revelo-el-hombre-que-asistio-a-morena\\\/\"},\"wordCount\":610,\"publisher\":{\"@id\":\"https:\\\/\\\/diariotextual.com\\\/inicio\\\/#organization\"},\"image\":{\"@id\":\"https:\\\/\\\/diariotextual.com\\\/inicio\\\/index.php\\\/2023\\\/08\\\/10\\\/me-pidio-que-la-lleve-con-su-mama-revelo-el-hombre-que-asistio-a-morena\\\/#primaryimage\"},\"thumbnailUrl\":\"https:\\\/\\\/diariotextual.com\\\/inicio\\\/wp-content\\\/uploads\\\/2023\\\/08\\\/morenadominguez2023-1.png\",\"articleSection\":[\"A - QUE PASA (al costado)\",\"SOCIEDAD\"],\"inLanguage\":\"es\"},{\"@type\":\"WebPage\",\"@id\":\"https:\\\/\\\/diariotextual.com\\\/inicio\\\/index.php\\\/2023\\\/08\\\/10\\\/me-pidio-que-la-lleve-con-su-mama-revelo-el-hombre-que-asistio-a-morena\\\/\",\"url\":\"https:\\\/\\\/diariotextual.com\\\/inicio\\\/index.php\\\/2023\\\/08\\\/10\\\/me-pidio-que-la-lleve-con-su-mama-revelo-el-hombre-que-asistio-a-morena\\\/\",\"name\":\"\u201cMe pidi\u00f3 que la lleve con su mam\u00e1\u201d, revel\u00f3 el hombre que asisti\u00f3 a Morena - Diario Textual\",\"isPartOf\":{\"@id\":\"https:\\\/\\\/diariotextual.com\\\/inicio\\\/#website\"},\"primaryImageOfPage\":{\"@id\":\"https:\\\/\\\/diariotextual.com\\\/inicio\\\/index.php\\\/2023\\\/08\\\/10\\\/me-pidio-que-la-lleve-con-su-mama-revelo-el-hombre-que-asistio-a-morena\\\/#primaryimage\"},\"image\":{\"@id\":\"https:\\\/\\\/diariotextual.com\\\/inicio\\\/index.php\\\/2023\\\/08\\\/10\\\/me-pidio-que-la-lleve-con-su-mama-revelo-el-hombre-que-asistio-a-morena\\\/#primaryimage\"},\"thumbnailUrl\":\"https:\\\/\\\/diariotextual.com\\\/inicio\\\/wp-content\\\/uploads\\\/2023\\\/08\\\/morenadominguez2023-1.png\",\"datePublished\":\"2023-08-10T14:32:31+00:00\",\"dateModified\":\"2023-08-10T18:32:10+00:00\",\"breadcrumb\":{\"@id\":\"https:\\\/\\\/diariotextual.com\\\/inicio\\\/index.php\\\/2023\\\/08\\\/10\\\/me-pidio-que-la-lleve-con-su-mama-revelo-el-hombre-que-asistio-a-morena\\\/#breadcrumb\"},\"inLanguage\":\"es\",\"potentialAction\":[{\"@type\":\"ReadAction\",\"target\":[\"https:\\\/\\\/diariotextual.com\\\/inicio\\\/index.php\\\/2023\\\/08\\\/10\\\/me-pidio-que-la-lleve-con-su-mama-revelo-el-hombre-que-asistio-a-morena\\\/\"]}]},{\"@type\":\"ImageObject\",\"inLanguage\":\"es\",\"@id\":\"https:\\\/\\\/diariotextual.com\\\/inicio\\\/index.php\\\/2023\\\/08\\\/10\\\/me-pidio-que-la-lleve-con-su-mama-revelo-el-hombre-que-asistio-a-morena\\\/#primaryimage\",\"url\":\"https:\\\/\\\/diariotextual.com\\\/inicio\\\/wp-content\\\/uploads\\\/2023\\\/08\\\/morenadominguez2023-1.png\",\"contentUrl\":\"https:\\\/\\\/diariotextual.com\\\/inicio\\\/wp-content\\\/uploads\\\/2023\\\/08\\\/morenadominguez2023-1.png\",\"width\":765,\"height\":480},{\"@type\":\"BreadcrumbList\",\"@id\":\"https:\\\/\\\/diariotextual.com\\\/inicio\\\/index.php\\\/2023\\\/08\\\/10\\\/me-pidio-que-la-lleve-con-su-mama-revelo-el-hombre-que-asistio-a-morena\\\/#breadcrumb\",\"itemListElement\":[{\"@type\":\"ListItem\",\"position\":1,\"name\":\"Portada\",\"item\":\"https:\\\/\\\/diariotextual.com\\\/inicio\\\/\"},{\"@type\":\"ListItem\",\"position\":2,\"name\":\"\u201cMe pidi\u00f3 que la lleve con su mam\u00e1\u201d, revel\u00f3 el hombre que asisti\u00f3 a Morena\"}]},{\"@type\":\"WebSite\",\"@id\":\"https:\\\/\\\/diariotextual.com\\\/inicio\\\/#website\",\"url\":\"https:\\\/\\\/diariotextual.com\\\/inicio\\\/\",\"name\":\"Diario Textual\",\"description\":\"\",\"publisher\":{\"@id\":\"https:\\\/\\\/diariotextual.com\\\/inicio\\\/#organization\"},\"potentialAction\":[{\"@type\":\"SearchAction\",\"target\":{\"@type\":\"EntryPoint\",\"urlTemplate\":\"https:\\\/\\\/diariotextual.com\\\/inicio\\\/?s={search_term_string}\"},\"query-input\":{\"@type\":\"PropertyValueSpecification\",\"valueRequired\":true,\"valueName\":\"search_term_string\"}}],\"inLanguage\":\"es\"},{\"@type\":\"Organization\",\"@id\":\"https:\\\/\\\/diariotextual.com\\\/inicio\\\/#organization\",\"name\":\"Diario Textual\",\"url\":\"https:\\\/\\\/diariotextual.com\\\/inicio\\\/\",\"logo\":{\"@type\":\"ImageObject\",\"inLanguage\":\"es\",\"@id\":\"https:\\\/\\\/diariotextual.com\\\/inicio\\\/#\\\/schema\\\/logo\\\/image\\\/\",\"url\":\"https:\\\/\\\/diariotextual.com\\\/inicio\\\/wp-content\\\/uploads\\\/2023\\\/05\\\/logotextual1.jpg\",\"contentUrl\":\"https:\\\/\\\/diariotextual.com\\\/inicio\\\/wp-content\\\/uploads\\\/2023\\\/05\\\/logotextual1.jpg\",\"width\":516,\"height\":76,\"caption\":\"Diario Textual\"},\"image\":{\"@id\":\"https:\\\/\\\/diariotextual.com\\\/inicio\\\/#\\\/schema\\\/logo\\\/image\\\/\"},\"sameAs\":[\"https:\\\/\\\/www.facebook.com\\\/eltextual\",\"https:\\\/\\\/x.com\\\/eltextual\",\"http:\\\/\\\/www.instagram.com\\\/eltextual\"]},{\"@type\":\"Person\",\"@id\":\"https:\\\/\\\/diariotextual.com\\\/inicio\\\/#\\\/schema\\\/person\\\/418fc4093c33e86ed41562db3508f958\",\"name\":\"Diario1 Diario1\",\"image\":{\"@type\":\"ImageObject\",\"inLanguage\":\"es\",\"@id\":\"https:\\\/\\\/secure.gravatar.com\\\/avatar\\\/9167d280179c85bc18be67aa7eda765854300033af4896dd779b608640f2ef7a?s=96&d=mm&r=g\",\"url\":\"https:\\\/\\\/secure.gravatar.com\\\/avatar\\\/9167d280179c85bc18be67aa7eda765854300033af4896dd779b608640f2ef7a?s=96&d=mm&r=g\",\"contentUrl\":\"https:\\\/\\\/secure.gravatar.com\\\/avatar\\\/9167d280179c85bc18be67aa7eda765854300033af4896dd779b608640f2ef7a?s=96&d=mm&r=g\",\"caption\":\"Diario1 Diario1\"},\"url\":\"https:\\\/\\\/diariotextual.com\\\/inicio\\\/index.php\\\/author\\\/diario1\\\/\"}]}<\/script>\n<!-- \/ Yoast SEO plugin. -->","yoast_head_json":{"title":"\u201cMe pidi\u00f3 que la lleve con su mam\u00e1\u201d, revel\u00f3 el hombre que asisti\u00f3 a Morena - Diario Textual","robots":{"index":"index","follow":"follow","max-snippet":"max-snippet:-1","max-image-preview":"max-image-preview:large","max-video-preview":"max-video-preview:-1"},"canonical":"https:\/\/diariotextual.com\/inicio\/index.php\/2023\/08\/10\/me-pidio-que-la-lleve-con-su-mama-revelo-el-hombre-que-asistio-a-morena\/","og_locale":"es_ES","og_type":"article","og_title":"\u201cMe pidi\u00f3 que la lleve con su mam\u00e1\u201d, revel\u00f3 el hombre que asisti\u00f3 a Morena - Diario Textual","og_description":"El hombre que asisti\u00f3 a Morena Dom\u00ednguez, la ni\u00f1a de 11 a\u00f1os que muri\u00f3 tras ser asaltada y arrastrada por motochorros que le robaron sus pertenencias cuando llegaba a la&hellip;","og_url":"https:\/\/diariotextual.com\/inicio\/index.php\/2023\/08\/10\/me-pidio-que-la-lleve-con-su-mama-revelo-el-hombre-que-asistio-a-morena\/","og_site_name":"Diario Textual","article_publisher":"https:\/\/www.facebook.com\/eltextual","article_published_time":"2023-08-10T14:32:31+00:00","article_modified_time":"2023-08-10T18:32:10+00:00","og_image":[{"width":765,"height":480,"url":"https:\/\/diariotextual.com\/inicio\/wp-content\/uploads\/2023\/08\/morenadominguez2023-1.png","type":"image\/png"}],"author":"Diario1 Diario1","twitter_card":"summary_large_image","twitter_creator":"@eltextual","twitter_site":"@eltextual","twitter_misc":{"Escrito por":"Diario1 Diario1","Tiempo de lectura":"3 minutos"},"schema":{"@context":"https:\/\/schema.org","@graph":[{"@type":"Article","@id":"https:\/\/diariotextual.com\/inicio\/index.php\/2023\/08\/10\/me-pidio-que-la-lleve-con-su-mama-revelo-el-hombre-que-asistio-a-morena\/#article","isPartOf":{"@id":"https:\/\/diariotextual.com\/inicio\/index.php\/2023\/08\/10\/me-pidio-que-la-lleve-con-su-mama-revelo-el-hombre-que-asistio-a-morena\/"},"author":{"name":"Diario1 Diario1","@id":"https:\/\/diariotextual.com\/inicio\/#\/schema\/person\/418fc4093c33e86ed41562db3508f958"},"headline":"\u201cMe pidi\u00f3 que la lleve con su mam\u00e1\u201d, revel\u00f3 el hombre que asisti\u00f3 a Morena","datePublished":"2023-08-10T14:32:31+00:00","dateModified":"2023-08-10T18:32:10+00:00","mainEntityOfPage":{"@id":"https:\/\/diariotextual.com\/inicio\/index.php\/2023\/08\/10\/me-pidio-que-la-lleve-con-su-mama-revelo-el-hombre-que-asistio-a-morena\/"},"wordCount":610,"publisher":{"@id":"https:\/\/diariotextual.com\/inicio\/#organization"},"image":{"@id":"https:\/\/diariotextual.com\/inicio\/index.php\/2023\/08\/10\/me-pidio-que-la-lleve-con-su-mama-revelo-el-hombre-que-asistio-a-morena\/#primaryimage"},"thumbnailUrl":"https:\/\/diariotextual.com\/inicio\/wp-content\/uploads\/2023\/08\/morenadominguez2023-1.png","articleSection":["A - QUE PASA (al costado)","SOCIEDAD"],"inLanguage":"es"},{"@type":"WebPage","@id":"https:\/\/diariotextual.com\/inicio\/index.php\/2023\/08\/10\/me-pidio-que-la-lleve-con-su-mama-revelo-el-hombre-que-asistio-a-morena\/","url":"https:\/\/diariotextual.com\/inicio\/index.php\/2023\/08\/10\/me-pidio-que-la-lleve-con-su-mama-revelo-el-hombre-que-asistio-a-morena\/","name":"\u201cMe pidi\u00f3 que la lleve con su mam\u00e1\u201d, revel\u00f3 el hombre que asisti\u00f3 a Morena - Diario Textual","isPartOf":{"@id":"https:\/\/diariotextual.com\/inicio\/#website"},"primaryImageOfPage":{"@id":"https:\/\/diariotextual.com\/inicio\/index.php\/2023\/08\/10\/me-pidio-que-la-lleve-con-su-mama-revelo-el-hombre-que-asistio-a-morena\/#primaryimage"},"image":{"@id":"https:\/\/diariotextual.com\/inicio\/index.php\/2023\/08\/10\/me-pidio-que-la-lleve-con-su-mama-revelo-el-hombre-que-asistio-a-morena\/#primaryimage"},"thumbnailUrl":"https:\/\/diariotextual.com\/inicio\/wp-content\/uploads\/2023\/08\/morenadominguez2023-1.png","datePublished":"2023-08-10T14:32:31+00:00","dateModified":"2023-08-10T18:32:10+00:00","breadcrumb":{"@id":"https:\/\/diariotextual.com\/inicio\/index.php\/2023\/08\/10\/me-pidio-que-la-lleve-con-su-mama-revelo-el-hombre-que-asistio-a-morena\/#breadcrumb"},"inLanguage":"es","potentialAction":[{"@type":"ReadAction","target":["https:\/\/diariotextual.com\/inicio\/index.php\/2023\/08\/10\/me-pidio-que-la-lleve-con-su-mama-revelo-el-hombre-que-asistio-a-morena\/"]}]},{"@type":"ImageObject","inLanguage":"es","@id":"https:\/\/diariotextual.com\/inicio\/index.php\/2023\/08\/10\/me-pidio-que-la-lleve-con-su-mama-revelo-el-hombre-que-asistio-a-morena\/#primaryimage","url":"https:\/\/diariotextual.com\/inicio\/wp-content\/uploads\/2023\/08\/morenadominguez2023-1.png","contentUrl":"https:\/\/diariotextual.com\/inicio\/wp-content\/uploads\/2023\/08\/morenadominguez2023-1.png","width":765,"height":480},{"@type":"BreadcrumbList","@id":"https:\/\/diariotextual.com\/inicio\/index.php\/2023\/08\/10\/me-pidio-que-la-lleve-con-su-mama-revelo-el-hombre-que-asistio-a-morena\/#breadcrumb","itemListElement":[{"@type":"ListItem","position":1,"name":"Portada","item":"https:\/\/diariotextual.com\/inicio\/"},{"@type":"ListItem","position":2,"name":"\u201cMe pidi\u00f3 que la lleve con su mam\u00e1\u201d, revel\u00f3 el hombre que asisti\u00f3 a Morena"}]},{"@type":"WebSite","@id":"https:\/\/diariotextual.com\/inicio\/#website","url":"https:\/\/diariotextual.com\/inicio\/","name":"Diario Textual","description":"","publisher":{"@id":"https:\/\/diariotextual.com\/inicio\/#organization"},"potentialAction":[{"@type":"SearchAction","target":{"@type":"EntryPoint","urlTemplate":"https:\/\/diariotextual.com\/inicio\/?s={search_term_string}"},"query-input":{"@type":"PropertyValueSpecification","valueRequired":true,"valueName":"search_term_string"}}],"inLanguage":"es"},{"@type":"Organization","@id":"https:\/\/diariotextual.com\/inicio\/#organization","name":"Diario Textual","url":"https:\/\/diariotextual.com\/inicio\/","logo":{"@type":"ImageObject","inLanguage":"es","@id":"https:\/\/diariotextual.com\/inicio\/#\/schema\/logo\/image\/","url":"https:\/\/diariotextual.com\/inicio\/wp-content\/uploads\/2023\/05\/logotextual1.jpg","contentUrl":"https:\/\/diariotextual.com\/inicio\/wp-content\/uploads\/2023\/05\/logotextual1.jpg","width":516,"height":76,"caption":"Diario Textual"},"image":{"@id":"https:\/\/diariotextual.com\/inicio\/#\/schema\/logo\/image\/"},"sameAs":["https:\/\/www.facebook.com\/eltextual","https:\/\/x.com\/eltextual","http:\/\/www.instagram.com\/eltextual"]},{"@type":"Person","@id":"https:\/\/diariotextual.com\/inicio\/#\/schema\/person\/418fc4093c33e86ed41562db3508f958","name":"Diario1 Diario1","image":{"@type":"ImageObject","inLanguage":"es","@id":"https:\/\/secure.gravatar.com\/avatar\/9167d280179c85bc18be67aa7eda765854300033af4896dd779b608640f2ef7a?s=96&d=mm&r=g","url":"https:\/\/secure.gravatar.com\/avatar\/9167d280179c85bc18be67aa7eda765854300033af4896dd779b608640f2ef7a?s=96&d=mm&r=g","contentUrl":"https:\/\/secure.gravatar.com\/avatar\/9167d280179c85bc18be67aa7eda765854300033af4896dd779b608640f2ef7a?s=96&d=mm&r=g","caption":"Diario1 Diario1"},"url":"https:\/\/diariotextual.com\/inicio\/index.php\/author\/diario1\/"}]}},"_links":{"self":[{"href":"https:\/\/diariotextual.com\/inicio\/index.php\/wp-json\/wp\/v2\/posts\/233406","targetHints":{"allow":["GET"]}}],"collection":[{"href":"https:\/\/diariotextual.com\/inicio\/index.php\/wp-json\/wp\/v2\/posts"}],"about":[{"href":"https:\/\/diariotextual.com\/inicio\/index.php\/wp-json\/wp\/v2\/types\/post"}],"author":[{"embeddable":true,"href":"https:\/\/diariotextual.com\/inicio\/index.php\/wp-json\/wp\/v2\/users\/3"}],"replies":[{"embeddable":true,"href":"https:\/\/diariotextual.com\/inicio\/index.php\/wp-json\/wp\/v2\/comments?post=233406"}],"version-history":[{"count":3,"href":"https:\/\/diariotextual.com\/inicio\/index.php\/wp-json\/wp\/v2\/posts\/233406\/revisions"}],"predecessor-version":[{"id":233409,"href":"https:\/\/diariotextual.com\/inicio\/index.php\/wp-json\/wp\/v2\/posts\/233406\/revisions\/233409"}],"wp:featuredmedia":[{"embeddable":true,"href":"https:\/\/diariotextual.com\/inicio\/index.php\/wp-json\/wp\/v2\/media\/233321"}],"wp:attachment":[{"href":"https:\/\/diariotextual.com\/inicio\/index.php\/wp-json\/wp\/v2\/media?parent=233406"}],"wp:term":[{"taxonomy":"category","embeddable":true,"href":"https:\/\/diariotextual.com\/inicio\/index.php\/wp-json\/wp\/v2\/categories?post=233406"},{"taxonomy":"post_tag","embeddable":true,"href":"https:\/\/diariotextual.com\/inicio\/index.php\/wp-json\/wp\/v2\/tags?post=233406"}],"curies":[{"name":"wp","href":"https:\/\/api.w.org\/{rel}","templated":true}]}}