{"id":233410,"date":"2023-08-10T12:44:08","date_gmt":"2023-08-10T15:44:08","guid":{"rendered":"https:\/\/diariotextual.com\/inicio\/?p=233410"},"modified":"2023-08-11T07:31:37","modified_gmt":"2023-08-11T10:31:37","slug":"cuota-alimentaria-se-actualiza-a-partir-de-la-sentencia-y-no-desde-que-quede-firme","status":"publish","type":"post","link":"https:\/\/diariotextual.com\/inicio\/index.php\/2023\/08\/10\/cuota-alimentaria-se-actualiza-a-partir-de-la-sentencia-y-no-desde-que-quede-firme\/","title":{"rendered":"Cuota alimentaria: se actualiza a partir de la sentencia y no desde que quede firme"},"content":{"rendered":"\n<p>La C\u00e1mara de Apelaciones en lo Civil, Comercial, Laboral y de Miner\u00eda de Santa Rosa revoc\u00f3 un fallo de primera instancia, hizo lugar a una recurso de apelaci\u00f3n presentado por una madre (en nombre de sus hijas), y dispuso que la actualizaci\u00f3n de la cuota alimentaria \u2013en este caso seg\u00fan la pauta de incremento salarial que se establezca para los empleados de la administraci\u00f3n p\u00fablica provincial\u2013 debe pagarse a partir del dictado de la sentencia y no cuando ella quede firme.<\/p>\n\n\n\n<p>\u201cCondicionar su aplicaci\u00f3n para la oportunidad en que la sentencia resulte firme, no aparenta ser una medida orientada a resguardar la integridad de la cuota alimentaria fijada a favor\u201d de las hijas de la demandante, dijeron las juezas Marina \u00c1lvarez y Laura Torres, integrantes de la Sala 1. Y agregaron: \u201cEse diferimiento tampoco atiende a priorizar en concreto y en contexto el superior inter\u00e9s de las ni\u00f1as\u201d.<\/p>\n\n\n\n<p>\u201cPero adem\u00e1s, supeditar ese reajuste para esa ocasi\u00f3n implicar\u00eda que no podr\u00eda serlo hasta tanto se agoten todas las posibles instancias recursivas (como el recurso extraordinario provincial y, en su caso, el recurso extraordinario federal)\u201d, sin contar el propio recurso de apelaci\u00f3n, razonaron. Ello tambi\u00e9n \u201ccontradice el efecto devolutivo que rige para las impugnaciones en materia alimentaria y que deriva en que los recursos, independientemente de su eventual progreso, no detienen el cumplimiento de la sentencia\u201d, a\u00f1adieron las camaristas.<\/p>\n\n\n\n<p>M\u00e1s adelante, el Tribunal sostuvo que \u201casimismo, al revisar los t\u00e9rminos de la sentencia, a fin de ponderar los motivos por los cuales se consider\u00f3 esa decisi\u00f3n, pudo observarse que los considerandos se limitaron a efectuar esa determinaci\u00f3n, pero sin explicar los motivos\u201d.<\/p>\n\n\n\n<p>\u00c1lvarez y Torres expresaron que \u201cno se advierte que esa medida se presente adecuada para preservar no solo el valor adquisitivo de los alimentos, sino que a su vez contradice la propia naturaleza de esa prestaci\u00f3n, pues ella se orienta a satisfacer las necesidades b\u00e1sicas de las ni\u00f1as\u201d y subrayaron que la satisfacci\u00f3n debe darse \u201ca la mayor inmediatez\u201d.<\/p>\n\n\n\n<p>La progenitora hab\u00eda planteado que la actualizaci\u00f3n deb\u00eda practicarse a partir de la audiencia de conciliaci\u00f3n \u2013cuando se present\u00f3 la demanda\u2013, indicando que \u201cel derecho alimentario tiene base constitucional y convencional por ser un derecho humano relacionado directamente con el derecho a la vida, pero el problema radica en su efectividad\u201d. Adem\u00e1s argument\u00f3 la existencia del proceso inflacionario que vive el pa\u00eds y pidi\u00f3 \u201cuna respuesta jurisdiccional eficaz y \u00fatil en el tiempo\u201d.<\/p>\n\n\n\n<p>La C\u00e1mara sostuvo que para la actualizaci\u00f3n de alimentos entre el momento de presentaci\u00f3n de la demanda y la sentencia \u201cse prev\u00e9n otros mecanismos\u201d, como la aplicaci\u00f3n de intereses y lo que establece el art\u00edculo 620 del C\u00f3digo Procesal Comercial y Civil de La Pampa sobre alimentos atrasados (\u201cpara el pago de los alimentos que se devengaren durante la tramitaci\u00f3n del juicio, el juez\/a fijar\u00e1 una cuota suplementaria, de acuerdo con las disposiciones sobre inembargabilidad de sueldos, jubilaciones y pensiones, la que se abonar\u00e1 en forma independiente\u201d).\u200b<\/p>\n","protected":false},"excerpt":{"rendered":"<p>La C\u00e1mara de Apelaciones en lo Civil, Comercial, Laboral y de Miner\u00eda de Santa Rosa revoc\u00f3 un fallo de primera instancia, hizo lugar a una recurso de apelaci\u00f3n presentado por&hellip;<\/p>\n","protected":false},"author":3,"featured_media":146246,"comment_status":"closed","ping_status":"open","sticky":false,"template":"","format":"standard","meta":{"_acf_changed":false,"footnotes":""},"categories":[11,12],"tags":[],"class_list":["post-233410","post","type-post","status-publish","format-standard","has-post-thumbnail","hentry","category-que-pasa","category-sociedad"],"acf":[],"yoast_head":"<!-- This site is optimized with the Yoast SEO plugin v27.5 - https:\/\/yoast.com\/product\/yoast-seo-wordpress\/ -->\n<title>Cuota alimentaria: se actualiza a partir de la sentencia y no desde que quede firme - Diario Textual<\/title>\n<meta name=\"robots\" content=\"index, follow, max-snippet:-1, max-image-preview:large, max-video-preview:-1\" \/>\n<link rel=\"canonical\" href=\"https:\/\/diariotextual.com\/inicio\/index.php\/2023\/08\/10\/cuota-alimentaria-se-actualiza-a-partir-de-la-sentencia-y-no-desde-que-quede-firme\/\" \/>\n<meta property=\"og:locale\" content=\"es_ES\" \/>\n<meta property=\"og:type\" content=\"article\" \/>\n<meta property=\"og:title\" content=\"Cuota alimentaria: se actualiza a partir de la sentencia y no desde que quede firme - Diario Textual\" \/>\n<meta property=\"og:description\" content=\"La C\u00e1mara de Apelaciones en lo Civil, Comercial, Laboral y de Miner\u00eda de Santa Rosa revoc\u00f3 un fallo de primera instancia, hizo lugar a una recurso de apelaci\u00f3n presentado por&hellip;\" \/>\n<meta property=\"og:url\" content=\"https:\/\/diariotextual.com\/inicio\/index.php\/2023\/08\/10\/cuota-alimentaria-se-actualiza-a-partir-de-la-sentencia-y-no-desde-que-quede-firme\/\" \/>\n<meta property=\"og:site_name\" content=\"Diario Textual\" \/>\n<meta property=\"article:publisher\" content=\"https:\/\/www.facebook.com\/eltextual\" \/>\n<meta property=\"article:published_time\" content=\"2023-08-10T15:44:08+00:00\" \/>\n<meta property=\"article:modified_time\" content=\"2023-08-11T10:31:37+00:00\" \/>\n<meta property=\"og:image\" content=\"https:\/\/diariotextual.com\/inicio\/wp-content\/uploads\/2021\/05\/deberesnene.jpg\" \/>\n\t<meta property=\"og:image:width\" content=\"852\" \/>\n\t<meta property=\"og:image:height\" content=\"479\" \/>\n\t<meta property=\"og:image:type\" content=\"image\/jpeg\" \/>\n<meta name=\"author\" content=\"Diario1 Diario1\" \/>\n<meta name=\"twitter:card\" content=\"summary_large_image\" \/>\n<meta name=\"twitter:creator\" content=\"@eltextual\" \/>\n<meta name=\"twitter:site\" content=\"@eltextual\" \/>\n<meta name=\"twitter:label1\" content=\"Escrito por\" \/>\n\t<meta name=\"twitter:data1\" content=\"Diario1 Diario1\" \/>\n\t<meta name=\"twitter:label2\" content=\"Tiempo de lectura\" \/>\n\t<meta name=\"twitter:data2\" content=\"3 minutos\" \/>\n<script type=\"application\/ld+json\" class=\"yoast-schema-graph\">{\"@context\":\"https:\\\/\\\/schema.org\",\"@graph\":[{\"@type\":\"Article\",\"@id\":\"https:\\\/\\\/diariotextual.com\\\/inicio\\\/index.php\\\/2023\\\/08\\\/10\\\/cuota-alimentaria-se-actualiza-a-partir-de-la-sentencia-y-no-desde-que-quede-firme\\\/#article\",\"isPartOf\":{\"@id\":\"https:\\\/\\\/diariotextual.com\\\/inicio\\\/index.php\\\/2023\\\/08\\\/10\\\/cuota-alimentaria-se-actualiza-a-partir-de-la-sentencia-y-no-desde-que-quede-firme\\\/\"},\"author\":{\"name\":\"Diario1 Diario1\",\"@id\":\"https:\\\/\\\/diariotextual.com\\\/inicio\\\/#\\\/schema\\\/person\\\/418fc4093c33e86ed41562db3508f958\"},\"headline\":\"Cuota alimentaria: se actualiza a partir de la sentencia y no desde que quede firme\",\"datePublished\":\"2023-08-10T15:44:08+00:00\",\"dateModified\":\"2023-08-11T10:31:37+00:00\",\"mainEntityOfPage\":{\"@id\":\"https:\\\/\\\/diariotextual.com\\\/inicio\\\/index.php\\\/2023\\\/08\\\/10\\\/cuota-alimentaria-se-actualiza-a-partir-de-la-sentencia-y-no-desde-que-quede-firme\\\/\"},\"wordCount\":542,\"publisher\":{\"@id\":\"https:\\\/\\\/diariotextual.com\\\/inicio\\\/#organization\"},\"image\":{\"@id\":\"https:\\\/\\\/diariotextual.com\\\/inicio\\\/index.php\\\/2023\\\/08\\\/10\\\/cuota-alimentaria-se-actualiza-a-partir-de-la-sentencia-y-no-desde-que-quede-firme\\\/#primaryimage\"},\"thumbnailUrl\":\"https:\\\/\\\/diariotextual.com\\\/inicio\\\/wp-content\\\/uploads\\\/2021\\\/05\\\/deberesnene.jpg\",\"articleSection\":[\"A - QUE PASA (al costado)\",\"SOCIEDAD\"],\"inLanguage\":\"es\"},{\"@type\":\"WebPage\",\"@id\":\"https:\\\/\\\/diariotextual.com\\\/inicio\\\/index.php\\\/2023\\\/08\\\/10\\\/cuota-alimentaria-se-actualiza-a-partir-de-la-sentencia-y-no-desde-que-quede-firme\\\/\",\"url\":\"https:\\\/\\\/diariotextual.com\\\/inicio\\\/index.php\\\/2023\\\/08\\\/10\\\/cuota-alimentaria-se-actualiza-a-partir-de-la-sentencia-y-no-desde-que-quede-firme\\\/\",\"name\":\"Cuota alimentaria: se actualiza a partir de la sentencia y no desde que quede firme - Diario Textual\",\"isPartOf\":{\"@id\":\"https:\\\/\\\/diariotextual.com\\\/inicio\\\/#website\"},\"primaryImageOfPage\":{\"@id\":\"https:\\\/\\\/diariotextual.com\\\/inicio\\\/index.php\\\/2023\\\/08\\\/10\\\/cuota-alimentaria-se-actualiza-a-partir-de-la-sentencia-y-no-desde-que-quede-firme\\\/#primaryimage\"},\"image\":{\"@id\":\"https:\\\/\\\/diariotextual.com\\\/inicio\\\/index.php\\\/2023\\\/08\\\/10\\\/cuota-alimentaria-se-actualiza-a-partir-de-la-sentencia-y-no-desde-que-quede-firme\\\/#primaryimage\"},\"thumbnailUrl\":\"https:\\\/\\\/diariotextual.com\\\/inicio\\\/wp-content\\\/uploads\\\/2021\\\/05\\\/deberesnene.jpg\",\"datePublished\":\"2023-08-10T15:44:08+00:00\",\"dateModified\":\"2023-08-11T10:31:37+00:00\",\"breadcrumb\":{\"@id\":\"https:\\\/\\\/diariotextual.com\\\/inicio\\\/index.php\\\/2023\\\/08\\\/10\\\/cuota-alimentaria-se-actualiza-a-partir-de-la-sentencia-y-no-desde-que-quede-firme\\\/#breadcrumb\"},\"inLanguage\":\"es\",\"potentialAction\":[{\"@type\":\"ReadAction\",\"target\":[\"https:\\\/\\\/diariotextual.com\\\/inicio\\\/index.php\\\/2023\\\/08\\\/10\\\/cuota-alimentaria-se-actualiza-a-partir-de-la-sentencia-y-no-desde-que-quede-firme\\\/\"]}]},{\"@type\":\"ImageObject\",\"inLanguage\":\"es\",\"@id\":\"https:\\\/\\\/diariotextual.com\\\/inicio\\\/index.php\\\/2023\\\/08\\\/10\\\/cuota-alimentaria-se-actualiza-a-partir-de-la-sentencia-y-no-desde-que-quede-firme\\\/#primaryimage\",\"url\":\"https:\\\/\\\/diariotextual.com\\\/inicio\\\/wp-content\\\/uploads\\\/2021\\\/05\\\/deberesnene.jpg\",\"contentUrl\":\"https:\\\/\\\/diariotextual.com\\\/inicio\\\/wp-content\\\/uploads\\\/2021\\\/05\\\/deberesnene.jpg\",\"width\":852,\"height\":479},{\"@type\":\"BreadcrumbList\",\"@id\":\"https:\\\/\\\/diariotextual.com\\\/inicio\\\/index.php\\\/2023\\\/08\\\/10\\\/cuota-alimentaria-se-actualiza-a-partir-de-la-sentencia-y-no-desde-que-quede-firme\\\/#breadcrumb\",\"itemListElement\":[{\"@type\":\"ListItem\",\"position\":1,\"name\":\"Portada\",\"item\":\"https:\\\/\\\/diariotextual.com\\\/inicio\\\/\"},{\"@type\":\"ListItem\",\"position\":2,\"name\":\"Cuota alimentaria: se actualiza a partir de la sentencia y no desde que quede firme\"}]},{\"@type\":\"WebSite\",\"@id\":\"https:\\\/\\\/diariotextual.com\\\/inicio\\\/#website\",\"url\":\"https:\\\/\\\/diariotextual.com\\\/inicio\\\/\",\"name\":\"Diario Textual\",\"description\":\"\",\"publisher\":{\"@id\":\"https:\\\/\\\/diariotextual.com\\\/inicio\\\/#organization\"},\"potentialAction\":[{\"@type\":\"SearchAction\",\"target\":{\"@type\":\"EntryPoint\",\"urlTemplate\":\"https:\\\/\\\/diariotextual.com\\\/inicio\\\/?s={search_term_string}\"},\"query-input\":{\"@type\":\"PropertyValueSpecification\",\"valueRequired\":true,\"valueName\":\"search_term_string\"}}],\"inLanguage\":\"es\"},{\"@type\":\"Organization\",\"@id\":\"https:\\\/\\\/diariotextual.com\\\/inicio\\\/#organization\",\"name\":\"Diario Textual\",\"url\":\"https:\\\/\\\/diariotextual.com\\\/inicio\\\/\",\"logo\":{\"@type\":\"ImageObject\",\"inLanguage\":\"es\",\"@id\":\"https:\\\/\\\/diariotextual.com\\\/inicio\\\/#\\\/schema\\\/logo\\\/image\\\/\",\"url\":\"https:\\\/\\\/diariotextual.com\\\/inicio\\\/wp-content\\\/uploads\\\/2023\\\/05\\\/logotextual1.jpg\",\"contentUrl\":\"https:\\\/\\\/diariotextual.com\\\/inicio\\\/wp-content\\\/uploads\\\/2023\\\/05\\\/logotextual1.jpg\",\"width\":516,\"height\":76,\"caption\":\"Diario Textual\"},\"image\":{\"@id\":\"https:\\\/\\\/diariotextual.com\\\/inicio\\\/#\\\/schema\\\/logo\\\/image\\\/\"},\"sameAs\":[\"https:\\\/\\\/www.facebook.com\\\/eltextual\",\"https:\\\/\\\/x.com\\\/eltextual\",\"http:\\\/\\\/www.instagram.com\\\/eltextual\"]},{\"@type\":\"Person\",\"@id\":\"https:\\\/\\\/diariotextual.com\\\/inicio\\\/#\\\/schema\\\/person\\\/418fc4093c33e86ed41562db3508f958\",\"name\":\"Diario1 Diario1\",\"image\":{\"@type\":\"ImageObject\",\"inLanguage\":\"es\",\"@id\":\"https:\\\/\\\/secure.gravatar.com\\\/avatar\\\/9167d280179c85bc18be67aa7eda765854300033af4896dd779b608640f2ef7a?s=96&d=mm&r=g\",\"url\":\"https:\\\/\\\/secure.gravatar.com\\\/avatar\\\/9167d280179c85bc18be67aa7eda765854300033af4896dd779b608640f2ef7a?s=96&d=mm&r=g\",\"contentUrl\":\"https:\\\/\\\/secure.gravatar.com\\\/avatar\\\/9167d280179c85bc18be67aa7eda765854300033af4896dd779b608640f2ef7a?s=96&d=mm&r=g\",\"caption\":\"Diario1 Diario1\"},\"url\":\"https:\\\/\\\/diariotextual.com\\\/inicio\\\/index.php\\\/author\\\/diario1\\\/\"}]}<\/script>\n<!-- \/ Yoast SEO plugin. -->","yoast_head_json":{"title":"Cuota alimentaria: se actualiza a partir de la sentencia y no desde que quede firme - Diario Textual","robots":{"index":"index","follow":"follow","max-snippet":"max-snippet:-1","max-image-preview":"max-image-preview:large","max-video-preview":"max-video-preview:-1"},"canonical":"https:\/\/diariotextual.com\/inicio\/index.php\/2023\/08\/10\/cuota-alimentaria-se-actualiza-a-partir-de-la-sentencia-y-no-desde-que-quede-firme\/","og_locale":"es_ES","og_type":"article","og_title":"Cuota alimentaria: se actualiza a partir de la sentencia y no desde que quede firme - Diario Textual","og_description":"La C\u00e1mara de Apelaciones en lo Civil, Comercial, Laboral y de Miner\u00eda de Santa Rosa revoc\u00f3 un fallo de primera instancia, hizo lugar a una recurso de apelaci\u00f3n presentado por&hellip;","og_url":"https:\/\/diariotextual.com\/inicio\/index.php\/2023\/08\/10\/cuota-alimentaria-se-actualiza-a-partir-de-la-sentencia-y-no-desde-que-quede-firme\/","og_site_name":"Diario Textual","article_publisher":"https:\/\/www.facebook.com\/eltextual","article_published_time":"2023-08-10T15:44:08+00:00","article_modified_time":"2023-08-11T10:31:37+00:00","og_image":[{"width":852,"height":479,"url":"https:\/\/diariotextual.com\/inicio\/wp-content\/uploads\/2021\/05\/deberesnene.jpg","type":"image\/jpeg"}],"author":"Diario1 Diario1","twitter_card":"summary_large_image","twitter_creator":"@eltextual","twitter_site":"@eltextual","twitter_misc":{"Escrito por":"Diario1 Diario1","Tiempo de lectura":"3 minutos"},"schema":{"@context":"https:\/\/schema.org","@graph":[{"@type":"Article","@id":"https:\/\/diariotextual.com\/inicio\/index.php\/2023\/08\/10\/cuota-alimentaria-se-actualiza-a-partir-de-la-sentencia-y-no-desde-que-quede-firme\/#article","isPartOf":{"@id":"https:\/\/diariotextual.com\/inicio\/index.php\/2023\/08\/10\/cuota-alimentaria-se-actualiza-a-partir-de-la-sentencia-y-no-desde-que-quede-firme\/"},"author":{"name":"Diario1 Diario1","@id":"https:\/\/diariotextual.com\/inicio\/#\/schema\/person\/418fc4093c33e86ed41562db3508f958"},"headline":"Cuota alimentaria: se actualiza a partir de la sentencia y no desde que quede firme","datePublished":"2023-08-10T15:44:08+00:00","dateModified":"2023-08-11T10:31:37+00:00","mainEntityOfPage":{"@id":"https:\/\/diariotextual.com\/inicio\/index.php\/2023\/08\/10\/cuota-alimentaria-se-actualiza-a-partir-de-la-sentencia-y-no-desde-que-quede-firme\/"},"wordCount":542,"publisher":{"@id":"https:\/\/diariotextual.com\/inicio\/#organization"},"image":{"@id":"https:\/\/diariotextual.com\/inicio\/index.php\/2023\/08\/10\/cuota-alimentaria-se-actualiza-a-partir-de-la-sentencia-y-no-desde-que-quede-firme\/#primaryimage"},"thumbnailUrl":"https:\/\/diariotextual.com\/inicio\/wp-content\/uploads\/2021\/05\/deberesnene.jpg","articleSection":["A - QUE PASA (al costado)","SOCIEDAD"],"inLanguage":"es"},{"@type":"WebPage","@id":"https:\/\/diariotextual.com\/inicio\/index.php\/2023\/08\/10\/cuota-alimentaria-se-actualiza-a-partir-de-la-sentencia-y-no-desde-que-quede-firme\/","url":"https:\/\/diariotextual.com\/inicio\/index.php\/2023\/08\/10\/cuota-alimentaria-se-actualiza-a-partir-de-la-sentencia-y-no-desde-que-quede-firme\/","name":"Cuota alimentaria: se actualiza a partir de la sentencia y no desde que quede firme - Diario Textual","isPartOf":{"@id":"https:\/\/diariotextual.com\/inicio\/#website"},"primaryImageOfPage":{"@id":"https:\/\/diariotextual.com\/inicio\/index.php\/2023\/08\/10\/cuota-alimentaria-se-actualiza-a-partir-de-la-sentencia-y-no-desde-que-quede-firme\/#primaryimage"},"image":{"@id":"https:\/\/diariotextual.com\/inicio\/index.php\/2023\/08\/10\/cuota-alimentaria-se-actualiza-a-partir-de-la-sentencia-y-no-desde-que-quede-firme\/#primaryimage"},"thumbnailUrl":"https:\/\/diariotextual.com\/inicio\/wp-content\/uploads\/2021\/05\/deberesnene.jpg","datePublished":"2023-08-10T15:44:08+00:00","dateModified":"2023-08-11T10:31:37+00:00","breadcrumb":{"@id":"https:\/\/diariotextual.com\/inicio\/index.php\/2023\/08\/10\/cuota-alimentaria-se-actualiza-a-partir-de-la-sentencia-y-no-desde-que-quede-firme\/#breadcrumb"},"inLanguage":"es","potentialAction":[{"@type":"ReadAction","target":["https:\/\/diariotextual.com\/inicio\/index.php\/2023\/08\/10\/cuota-alimentaria-se-actualiza-a-partir-de-la-sentencia-y-no-desde-que-quede-firme\/"]}]},{"@type":"ImageObject","inLanguage":"es","@id":"https:\/\/diariotextual.com\/inicio\/index.php\/2023\/08\/10\/cuota-alimentaria-se-actualiza-a-partir-de-la-sentencia-y-no-desde-que-quede-firme\/#primaryimage","url":"https:\/\/diariotextual.com\/inicio\/wp-content\/uploads\/2021\/05\/deberesnene.jpg","contentUrl":"https:\/\/diariotextual.com\/inicio\/wp-content\/uploads\/2021\/05\/deberesnene.jpg","width":852,"height":479},{"@type":"BreadcrumbList","@id":"https:\/\/diariotextual.com\/inicio\/index.php\/2023\/08\/10\/cuota-alimentaria-se-actualiza-a-partir-de-la-sentencia-y-no-desde-que-quede-firme\/#breadcrumb","itemListElement":[{"@type":"ListItem","position":1,"name":"Portada","item":"https:\/\/diariotextual.com\/inicio\/"},{"@type":"ListItem","position":2,"name":"Cuota alimentaria: se actualiza a partir de la sentencia y no desde que quede firme"}]},{"@type":"WebSite","@id":"https:\/\/diariotextual.com\/inicio\/#website","url":"https:\/\/diariotextual.com\/inicio\/","name":"Diario Textual","description":"","publisher":{"@id":"https:\/\/diariotextual.com\/inicio\/#organization"},"potentialAction":[{"@type":"SearchAction","target":{"@type":"EntryPoint","urlTemplate":"https:\/\/diariotextual.com\/inicio\/?s={search_term_string}"},"query-input":{"@type":"PropertyValueSpecification","valueRequired":true,"valueName":"search_term_string"}}],"inLanguage":"es"},{"@type":"Organization","@id":"https:\/\/diariotextual.com\/inicio\/#organization","name":"Diario Textual","url":"https:\/\/diariotextual.com\/inicio\/","logo":{"@type":"ImageObject","inLanguage":"es","@id":"https:\/\/diariotextual.com\/inicio\/#\/schema\/logo\/image\/","url":"https:\/\/diariotextual.com\/inicio\/wp-content\/uploads\/2023\/05\/logotextual1.jpg","contentUrl":"https:\/\/diariotextual.com\/inicio\/wp-content\/uploads\/2023\/05\/logotextual1.jpg","width":516,"height":76,"caption":"Diario Textual"},"image":{"@id":"https:\/\/diariotextual.com\/inicio\/#\/schema\/logo\/image\/"},"sameAs":["https:\/\/www.facebook.com\/eltextual","https:\/\/x.com\/eltextual","http:\/\/www.instagram.com\/eltextual"]},{"@type":"Person","@id":"https:\/\/diariotextual.com\/inicio\/#\/schema\/person\/418fc4093c33e86ed41562db3508f958","name":"Diario1 Diario1","image":{"@type":"ImageObject","inLanguage":"es","@id":"https:\/\/secure.gravatar.com\/avatar\/9167d280179c85bc18be67aa7eda765854300033af4896dd779b608640f2ef7a?s=96&d=mm&r=g","url":"https:\/\/secure.gravatar.com\/avatar\/9167d280179c85bc18be67aa7eda765854300033af4896dd779b608640f2ef7a?s=96&d=mm&r=g","contentUrl":"https:\/\/secure.gravatar.com\/avatar\/9167d280179c85bc18be67aa7eda765854300033af4896dd779b608640f2ef7a?s=96&d=mm&r=g","caption":"Diario1 Diario1"},"url":"https:\/\/diariotextual.com\/inicio\/index.php\/author\/diario1\/"}]}},"_links":{"self":[{"href":"https:\/\/diariotextual.com\/inicio\/index.php\/wp-json\/wp\/v2\/posts\/233410","targetHints":{"allow":["GET"]}}],"collection":[{"href":"https:\/\/diariotextual.com\/inicio\/index.php\/wp-json\/wp\/v2\/posts"}],"about":[{"href":"https:\/\/diariotextual.com\/inicio\/index.php\/wp-json\/wp\/v2\/types\/post"}],"author":[{"embeddable":true,"href":"https:\/\/diariotextual.com\/inicio\/index.php\/wp-json\/wp\/v2\/users\/3"}],"replies":[{"embeddable":true,"href":"https:\/\/diariotextual.com\/inicio\/index.php\/wp-json\/wp\/v2\/comments?post=233410"}],"version-history":[{"count":1,"href":"https:\/\/diariotextual.com\/inicio\/index.php\/wp-json\/wp\/v2\/posts\/233410\/revisions"}],"predecessor-version":[{"id":233411,"href":"https:\/\/diariotextual.com\/inicio\/index.php\/wp-json\/wp\/v2\/posts\/233410\/revisions\/233411"}],"wp:featuredmedia":[{"embeddable":true,"href":"https:\/\/diariotextual.com\/inicio\/index.php\/wp-json\/wp\/v2\/media\/146246"}],"wp:attachment":[{"href":"https:\/\/diariotextual.com\/inicio\/index.php\/wp-json\/wp\/v2\/media?parent=233410"}],"wp:term":[{"taxonomy":"category","embeddable":true,"href":"https:\/\/diariotextual.com\/inicio\/index.php\/wp-json\/wp\/v2\/categories?post=233410"},{"taxonomy":"post_tag","embeddable":true,"href":"https:\/\/diariotextual.com\/inicio\/index.php\/wp-json\/wp\/v2\/tags?post=233410"}],"curies":[{"name":"wp","href":"https:\/\/api.w.org\/{rel}","templated":true}]}}