{"id":233424,"date":"2023-08-10T15:30:16","date_gmt":"2023-08-10T18:30:16","guid":{"rendered":"https:\/\/diariotextual.com\/inicio\/?p=233424"},"modified":"2023-08-11T09:08:24","modified_gmt":"2023-08-11T12:08:24","slug":"cuando-las-autoridades-de-mendoza-van-a-reparar-la-deuda-ambiental-que-tienen-con-la-pampa","status":"publish","type":"post","link":"https:\/\/diariotextual.com\/inicio\/index.php\/2023\/08\/10\/cuando-las-autoridades-de-mendoza-van-a-reparar-la-deuda-ambiental-que-tienen-con-la-pampa\/","title":{"rendered":"\u201c\u00bfCuando las autoridades de Mendoza van a reparar la deuda ambiental que tienen con La Pampa?\u201d"},"content":{"rendered":"\n<p>El ministro de Ambiente y Desarrollo Sostenible, Juan Cabandi\u00e9, volvi\u00f3 a apoyar el reclamo pampeano por el r\u00edo Atuel desde sus redes sociales. <strong>\u00ab\u00bfCuando las autoridades de Mendoza van a reparar la deuda ambiental que tienen con La Pampa?\u201d<\/strong>, se pregunt\u00f3 el integrante del gabinete nacional, aunque luego baj\u00f3 el tono del reclamo.<\/p>\n\n\n\n<p>El funcionario nacional replic\u00f3 desde su cuenta de Twitter una nota del diario \u00c1mbito Financiero en el que se informaba de la presentaci\u00f3n del gobernador Sergio Ziliotto a la Corte Suprema de Justicia para que de \u201cmanera urgente\u201d los miembros del Tribunal se constituyan en el l\u00edmite interprovincial entre Mendoza y La Pampa sobre el cauce del R\u00edo Atuel -Puente Vinchuqueros- y constaten personalmente el da\u00f1o generado por el corte del r\u00edo en la zona pampeana.<\/p>\n\n\n\n<figure class=\"wp-block-embed is-type-wp-embed is-provider-diario-textual wp-block-embed-diario-textual\"><div class=\"wp-block-embed__wrapper\">\n<blockquote class=\"wp-embedded-content\" data-secret=\"UMN8zdQgkX\"><a href=\"https:\/\/diariotextual.com\/inicio\/index.php\/2023\/08\/07\/ziliotto-pide-audiencia-a-la-csj-para-visibilizar-la-gravisima-situacion-ambiental-por-el-corte-del-atuel\/\">Ziliotto pide audiencia a la Corte para visibilizar el grav\u00edsimo da\u00f1o ambiental por el corte del Atuel<\/a><\/blockquote><iframe class=\"wp-embedded-content\" sandbox=\"allow-scripts\" security=\"restricted\" style=\"position: absolute; clip: rect(1px, 1px, 1px, 1px);\" title=\"\u00abZiliotto pide audiencia a la Corte para visibilizar el grav\u00edsimo da\u00f1o ambiental por el corte del Atuel\u00bb \u2014 Diario Textual\" src=\"https:\/\/diariotextual.com\/inicio\/index.php\/2023\/08\/07\/ziliotto-pide-audiencia-a-la-csj-para-visibilizar-la-gravisima-situacion-ambiental-por-el-corte-del-atuel\/embed\/#?secret=ORa8NdcPB7#?secret=UMN8zdQgkX\" data-secret=\"UMN8zdQgkX\" width=\"600\" height=\"338\" frameborder=\"0\" marginwidth=\"0\" marginheight=\"0\" scrolling=\"no\"><\/iframe>\n<\/div><\/figure>\n\n\n\n<p>\u201cCon relaci\u00f3n al caso del R\u00edo Atuel, no se trata de estar a favor de una u otra provincia, sino de solucionar un problema en base al da\u00f1o de un ecosistema\u201d, aclar\u00f3 despu\u00e9s el funcionario nacional desde su cuenta de Twitter.<\/p>\n\n\n\n<p>\u201cSin \u00e1nimo de ofender a nadie, es menester que las dos provincias se sienten a conversar para la soluci\u00f3n de un problema ambiental, tal como estableci\u00f3 la Corte Suprema de La Naci\u00f3n\u201d, agreg\u00f3.<\/p>\n\n\n\n<p><\/p>\n\n\n\n<figure class=\"wp-block-image size-full\"><img fetchpriority=\"high\" decoding=\"async\" width=\"715\" height=\"820\" src=\"https:\/\/diariotextual.com\/inicio\/wp-content\/uploads\/2023\/08\/cabandietwitts2023.jpg\" alt=\"\" class=\"wp-image-233429\" srcset=\"https:\/\/diariotextual.com\/inicio\/wp-content\/uploads\/2023\/08\/cabandietwitts2023.jpg 715w, https:\/\/diariotextual.com\/inicio\/wp-content\/uploads\/2023\/08\/cabandietwitts2023-262x300.jpg 262w, https:\/\/diariotextual.com\/inicio\/wp-content\/uploads\/2023\/08\/cabandietwitts2023-585x671.jpg 585w\" sizes=\"(max-width: 715px) 100vw, 715px\" \/><\/figure>\n\n\n\n<p>Esta nueva presentaci\u00f3n judicial del gobernador Sergio Ziliotto se suma al seguimiento constante que hace nuestra provincia instando de manera urgente e incesante a la CSJ para que exija el inmediato cumplimiento de la sentencia dictada hace 3 a\u00f1os (2020), que fijo un caudal m\u00ednimo permanente de 3,2 m3\/s en el l\u00edmite interprovincial.<\/p>\n\n\n\n<p>\u201cLa provincia de Mendoza contin\u00faa sin obedecer el fallo, haciendo uso unilateral del agua, con las consecuencias da\u00f1osas y la destrucci\u00f3n del ambiente del noroeste de la provincia de La Pampa\u201d, resumi\u00f3 el gobierno pampeano. <\/p>\n\n\n\n<figure class=\"wp-block-embed is-type-wp-embed is-provider-diario-textual wp-block-embed-diario-textual\"><div class=\"wp-block-embed__wrapper\">\n<blockquote class=\"wp-embedded-content\" data-secret=\"xhpjVyslDJ\"><a href=\"https:\/\/diariotextual.com\/inicio\/index.php\/2022\/12\/13\/cabandie-acompanamos-a-la-pampa-en-su-justo-reclamo-por-el-rio-atuel\/\">Cabandi\u00e9: \u201cAcompa\u00f1amos a La Pampa en su justo reclamo por el r\u00edo Atuel\u201d<\/a><\/blockquote><iframe class=\"wp-embedded-content\" sandbox=\"allow-scripts\" security=\"restricted\" style=\"position: absolute; clip: rect(1px, 1px, 1px, 1px);\" title=\"\u00abCabandi\u00e9: \u201cAcompa\u00f1amos a La Pampa en su justo reclamo por el r\u00edo Atuel\u201d\u00bb \u2014 Diario Textual\" src=\"https:\/\/diariotextual.com\/inicio\/index.php\/2022\/12\/13\/cabandie-acompanamos-a-la-pampa-en-su-justo-reclamo-por-el-rio-atuel\/embed\/#?secret=6cBQ6OLpMi#?secret=xhpjVyslDJ\" data-secret=\"xhpjVyslDJ\" width=\"600\" height=\"338\" frameborder=\"0\" marginwidth=\"0\" marginheight=\"0\" scrolling=\"no\"><\/iframe>\n<\/div><\/figure>\n\n\n\n<p>Y se record\u00f3, que la Corte \u201cdio por acreditado la desertificaci\u00f3n y da\u00f1o ambiental de esta zona en la sentencia del 1 de diciembre de 2017; y que, fij\u00f3 como meta interina un caudal m\u00ednimo permanente del r\u00edo Atuel de 3,2 m3\/s en el l\u00edmite interprovincial entre La Pampa y Mendoza en la sentencia del sentencia 16 de julio de 2020\u201d.<\/p>\n\n\n\n<figure class=\"wp-block-image size-full\"><img decoding=\"async\" width=\"783\" height=\"700\" src=\"https:\/\/diariotextual.com\/inicio\/wp-content\/uploads\/2023\/08\/cabandielapampa.png\" alt=\"\" class=\"wp-image-233432\" srcset=\"https:\/\/diariotextual.com\/inicio\/wp-content\/uploads\/2023\/08\/cabandielapampa.png 783w, https:\/\/diariotextual.com\/inicio\/wp-content\/uploads\/2023\/08\/cabandielapampa-300x268.png 300w, https:\/\/diariotextual.com\/inicio\/wp-content\/uploads\/2023\/08\/cabandielapampa-768x687.png 768w, https:\/\/diariotextual.com\/inicio\/wp-content\/uploads\/2023\/08\/cabandielapampa-585x523.png 585w\" sizes=\"(max-width: 783px) 100vw, 783px\" \/><\/figure>\n\n\n\n<p><\/p>\n","protected":false},"excerpt":{"rendered":"<p>El ministro de Ambiente y Desarrollo Sostenible, Juan Cabandi\u00e9, volvi\u00f3 a apoyar el reclamo pampeano por el r\u00edo Atuel desde sus redes sociales. \u00ab\u00bfCuando las autoridades de Mendoza van a&hellip;<\/p>\n","protected":false},"author":5,"featured_media":82854,"comment_status":"closed","ping_status":"open","sticky":false,"template":"","format":"standard","meta":{"_acf_changed":false,"footnotes":""},"categories":[11,12],"tags":[34,3099,1127,424],"class_list":["post-233424","post","type-post","status-publish","format-standard","has-post-thumbnail","hentry","category-que-pasa","category-sociedad","tag-atuel","tag-cabandie","tag-corte-suprema","tag-ziliotto"],"acf":[],"yoast_head":"<!-- This site is optimized with the Yoast SEO plugin v27.5 - https:\/\/yoast.com\/product\/yoast-seo-wordpress\/ -->\n<title>\u201c\u00bfCuando las autoridades de Mendoza van a reparar la deuda ambiental que tienen con La Pampa?\u201d - Diario Textual<\/title>\n<meta name=\"robots\" content=\"index, follow, max-snippet:-1, max-image-preview:large, max-video-preview:-1\" \/>\n<link rel=\"canonical\" href=\"https:\/\/diariotextual.com\/inicio\/index.php\/2023\/08\/10\/cuando-las-autoridades-de-mendoza-van-a-reparar-la-deuda-ambiental-que-tienen-con-la-pampa\/\" \/>\n<meta property=\"og:locale\" content=\"es_ES\" \/>\n<meta property=\"og:type\" content=\"article\" \/>\n<meta property=\"og:title\" content=\"\u201c\u00bfCuando las autoridades de Mendoza van a reparar la deuda ambiental que tienen con La Pampa?\u201d - Diario Textual\" \/>\n<meta property=\"og:description\" content=\"El ministro de Ambiente y Desarrollo Sostenible, Juan Cabandi\u00e9, volvi\u00f3 a apoyar el reclamo pampeano por el r\u00edo Atuel desde sus redes sociales. \u00ab\u00bfCuando las autoridades de Mendoza van a&hellip;\" \/>\n<meta property=\"og:url\" content=\"https:\/\/diariotextual.com\/inicio\/index.php\/2023\/08\/10\/cuando-las-autoridades-de-mendoza-van-a-reparar-la-deuda-ambiental-que-tienen-con-la-pampa\/\" \/>\n<meta property=\"og:site_name\" content=\"Diario Textual\" \/>\n<meta property=\"article:publisher\" content=\"https:\/\/www.facebook.com\/eltextual\" \/>\n<meta property=\"article:published_time\" content=\"2023-08-10T18:30:16+00:00\" \/>\n<meta property=\"article:modified_time\" content=\"2023-08-11T12:08:24+00:00\" \/>\n<meta property=\"og:image\" content=\"https:\/\/diariotextual.com\/inicio\/wp-content\/uploads\/2020\/03\/cabandiejuanatuel2020santiagorequejo-1.jpg\" \/>\n\t<meta property=\"og:image:width\" content=\"960\" \/>\n\t<meta property=\"og:image:height\" content=\"640\" \/>\n\t<meta property=\"og:image:type\" content=\"image\/jpeg\" \/>\n<meta name=\"author\" content=\"diario3\" \/>\n<meta name=\"twitter:card\" content=\"summary_large_image\" \/>\n<meta name=\"twitter:creator\" content=\"@eltextual\" \/>\n<meta name=\"twitter:site\" content=\"@eltextual\" \/>\n<meta name=\"twitter:label1\" content=\"Escrito por\" \/>\n\t<meta name=\"twitter:data1\" content=\"diario3\" \/>\n\t<meta name=\"twitter:label2\" content=\"Tiempo de lectura\" \/>\n\t<meta name=\"twitter:data2\" content=\"3 minutos\" \/>\n<script type=\"application\/ld+json\" class=\"yoast-schema-graph\">{\"@context\":\"https:\\\/\\\/schema.org\",\"@graph\":[{\"@type\":\"Article\",\"@id\":\"https:\\\/\\\/diariotextual.com\\\/inicio\\\/index.php\\\/2023\\\/08\\\/10\\\/cuando-las-autoridades-de-mendoza-van-a-reparar-la-deuda-ambiental-que-tienen-con-la-pampa\\\/#article\",\"isPartOf\":{\"@id\":\"https:\\\/\\\/diariotextual.com\\\/inicio\\\/index.php\\\/2023\\\/08\\\/10\\\/cuando-las-autoridades-de-mendoza-van-a-reparar-la-deuda-ambiental-que-tienen-con-la-pampa\\\/\"},\"author\":{\"name\":\"diario3\",\"@id\":\"https:\\\/\\\/diariotextual.com\\\/inicio\\\/#\\\/schema\\\/person\\\/a1b6f563e0ee944c60f98119389a4d9f\"},\"headline\":\"\u201c\u00bfCuando las autoridades de Mendoza van a reparar la deuda ambiental que tienen con La Pampa?\u201d\",\"datePublished\":\"2023-08-10T18:30:16+00:00\",\"dateModified\":\"2023-08-11T12:08:24+00:00\",\"mainEntityOfPage\":{\"@id\":\"https:\\\/\\\/diariotextual.com\\\/inicio\\\/index.php\\\/2023\\\/08\\\/10\\\/cuando-las-autoridades-de-mendoza-van-a-reparar-la-deuda-ambiental-que-tienen-con-la-pampa\\\/\"},\"wordCount\":400,\"publisher\":{\"@id\":\"https:\\\/\\\/diariotextual.com\\\/inicio\\\/#organization\"},\"image\":{\"@id\":\"https:\\\/\\\/diariotextual.com\\\/inicio\\\/index.php\\\/2023\\\/08\\\/10\\\/cuando-las-autoridades-de-mendoza-van-a-reparar-la-deuda-ambiental-que-tienen-con-la-pampa\\\/#primaryimage\"},\"thumbnailUrl\":\"https:\\\/\\\/diariotextual.com\\\/inicio\\\/wp-content\\\/uploads\\\/2020\\\/03\\\/cabandiejuanatuel2020santiagorequejo-1.jpg\",\"keywords\":[\"atuel\",\"cabandie\",\"corte suprema\",\"ziliotto\"],\"articleSection\":[\"A - QUE PASA (al costado)\",\"SOCIEDAD\"],\"inLanguage\":\"es\"},{\"@type\":\"WebPage\",\"@id\":\"https:\\\/\\\/diariotextual.com\\\/inicio\\\/index.php\\\/2023\\\/08\\\/10\\\/cuando-las-autoridades-de-mendoza-van-a-reparar-la-deuda-ambiental-que-tienen-con-la-pampa\\\/\",\"url\":\"https:\\\/\\\/diariotextual.com\\\/inicio\\\/index.php\\\/2023\\\/08\\\/10\\\/cuando-las-autoridades-de-mendoza-van-a-reparar-la-deuda-ambiental-que-tienen-con-la-pampa\\\/\",\"name\":\"\u201c\u00bfCuando las autoridades de Mendoza van a reparar la deuda ambiental que tienen con La Pampa?\u201d - Diario Textual\",\"isPartOf\":{\"@id\":\"https:\\\/\\\/diariotextual.com\\\/inicio\\\/#website\"},\"primaryImageOfPage\":{\"@id\":\"https:\\\/\\\/diariotextual.com\\\/inicio\\\/index.php\\\/2023\\\/08\\\/10\\\/cuando-las-autoridades-de-mendoza-van-a-reparar-la-deuda-ambiental-que-tienen-con-la-pampa\\\/#primaryimage\"},\"image\":{\"@id\":\"https:\\\/\\\/diariotextual.com\\\/inicio\\\/index.php\\\/2023\\\/08\\\/10\\\/cuando-las-autoridades-de-mendoza-van-a-reparar-la-deuda-ambiental-que-tienen-con-la-pampa\\\/#primaryimage\"},\"thumbnailUrl\":\"https:\\\/\\\/diariotextual.com\\\/inicio\\\/wp-content\\\/uploads\\\/2020\\\/03\\\/cabandiejuanatuel2020santiagorequejo-1.jpg\",\"datePublished\":\"2023-08-10T18:30:16+00:00\",\"dateModified\":\"2023-08-11T12:08:24+00:00\",\"breadcrumb\":{\"@id\":\"https:\\\/\\\/diariotextual.com\\\/inicio\\\/index.php\\\/2023\\\/08\\\/10\\\/cuando-las-autoridades-de-mendoza-van-a-reparar-la-deuda-ambiental-que-tienen-con-la-pampa\\\/#breadcrumb\"},\"inLanguage\":\"es\",\"potentialAction\":[{\"@type\":\"ReadAction\",\"target\":[\"https:\\\/\\\/diariotextual.com\\\/inicio\\\/index.php\\\/2023\\\/08\\\/10\\\/cuando-las-autoridades-de-mendoza-van-a-reparar-la-deuda-ambiental-que-tienen-con-la-pampa\\\/\"]}]},{\"@type\":\"ImageObject\",\"inLanguage\":\"es\",\"@id\":\"https:\\\/\\\/diariotextual.com\\\/inicio\\\/index.php\\\/2023\\\/08\\\/10\\\/cuando-las-autoridades-de-mendoza-van-a-reparar-la-deuda-ambiental-que-tienen-con-la-pampa\\\/#primaryimage\",\"url\":\"https:\\\/\\\/diariotextual.com\\\/inicio\\\/wp-content\\\/uploads\\\/2020\\\/03\\\/cabandiejuanatuel2020santiagorequejo-1.jpg\",\"contentUrl\":\"https:\\\/\\\/diariotextual.com\\\/inicio\\\/wp-content\\\/uploads\\\/2020\\\/03\\\/cabandiejuanatuel2020santiagorequejo-1.jpg\",\"width\":960,\"height\":640},{\"@type\":\"BreadcrumbList\",\"@id\":\"https:\\\/\\\/diariotextual.com\\\/inicio\\\/index.php\\\/2023\\\/08\\\/10\\\/cuando-las-autoridades-de-mendoza-van-a-reparar-la-deuda-ambiental-que-tienen-con-la-pampa\\\/#breadcrumb\",\"itemListElement\":[{\"@type\":\"ListItem\",\"position\":1,\"name\":\"Portada\",\"item\":\"https:\\\/\\\/diariotextual.com\\\/inicio\\\/\"},{\"@type\":\"ListItem\",\"position\":2,\"name\":\"\u201c\u00bfCuando las autoridades de Mendoza van a reparar la deuda ambiental que tienen con La Pampa?\u201d\"}]},{\"@type\":\"WebSite\",\"@id\":\"https:\\\/\\\/diariotextual.com\\\/inicio\\\/#website\",\"url\":\"https:\\\/\\\/diariotextual.com\\\/inicio\\\/\",\"name\":\"Diario Textual\",\"description\":\"\",\"publisher\":{\"@id\":\"https:\\\/\\\/diariotextual.com\\\/inicio\\\/#organization\"},\"potentialAction\":[{\"@type\":\"SearchAction\",\"target\":{\"@type\":\"EntryPoint\",\"urlTemplate\":\"https:\\\/\\\/diariotextual.com\\\/inicio\\\/?s={search_term_string}\"},\"query-input\":{\"@type\":\"PropertyValueSpecification\",\"valueRequired\":true,\"valueName\":\"search_term_string\"}}],\"inLanguage\":\"es\"},{\"@type\":\"Organization\",\"@id\":\"https:\\\/\\\/diariotextual.com\\\/inicio\\\/#organization\",\"name\":\"Diario Textual\",\"url\":\"https:\\\/\\\/diariotextual.com\\\/inicio\\\/\",\"logo\":{\"@type\":\"ImageObject\",\"inLanguage\":\"es\",\"@id\":\"https:\\\/\\\/diariotextual.com\\\/inicio\\\/#\\\/schema\\\/logo\\\/image\\\/\",\"url\":\"https:\\\/\\\/diariotextual.com\\\/inicio\\\/wp-content\\\/uploads\\\/2023\\\/05\\\/logotextual1.jpg\",\"contentUrl\":\"https:\\\/\\\/diariotextual.com\\\/inicio\\\/wp-content\\\/uploads\\\/2023\\\/05\\\/logotextual1.jpg\",\"width\":516,\"height\":76,\"caption\":\"Diario Textual\"},\"image\":{\"@id\":\"https:\\\/\\\/diariotextual.com\\\/inicio\\\/#\\\/schema\\\/logo\\\/image\\\/\"},\"sameAs\":[\"https:\\\/\\\/www.facebook.com\\\/eltextual\",\"https:\\\/\\\/x.com\\\/eltextual\",\"http:\\\/\\\/www.instagram.com\\\/eltextual\"]},{\"@type\":\"Person\",\"@id\":\"https:\\\/\\\/diariotextual.com\\\/inicio\\\/#\\\/schema\\\/person\\\/a1b6f563e0ee944c60f98119389a4d9f\",\"name\":\"diario3\",\"image\":{\"@type\":\"ImageObject\",\"inLanguage\":\"es\",\"@id\":\"https:\\\/\\\/secure.gravatar.com\\\/avatar\\\/5e7ee62c82fc04d9dd79d746a390d93c69c43223e5faeeb3ea9461ef752bfc5d?s=96&d=mm&r=g\",\"url\":\"https:\\\/\\\/secure.gravatar.com\\\/avatar\\\/5e7ee62c82fc04d9dd79d746a390d93c69c43223e5faeeb3ea9461ef752bfc5d?s=96&d=mm&r=g\",\"contentUrl\":\"https:\\\/\\\/secure.gravatar.com\\\/avatar\\\/5e7ee62c82fc04d9dd79d746a390d93c69c43223e5faeeb3ea9461ef752bfc5d?s=96&d=mm&r=g\",\"caption\":\"diario3\"},\"url\":\"https:\\\/\\\/diariotextual.com\\\/inicio\\\/index.php\\\/author\\\/diario3\\\/\"}]}<\/script>\n<!-- \/ Yoast SEO plugin. -->","yoast_head_json":{"title":"\u201c\u00bfCuando las autoridades de Mendoza van a reparar la deuda ambiental que tienen con La Pampa?\u201d - Diario Textual","robots":{"index":"index","follow":"follow","max-snippet":"max-snippet:-1","max-image-preview":"max-image-preview:large","max-video-preview":"max-video-preview:-1"},"canonical":"https:\/\/diariotextual.com\/inicio\/index.php\/2023\/08\/10\/cuando-las-autoridades-de-mendoza-van-a-reparar-la-deuda-ambiental-que-tienen-con-la-pampa\/","og_locale":"es_ES","og_type":"article","og_title":"\u201c\u00bfCuando las autoridades de Mendoza van a reparar la deuda ambiental que tienen con La Pampa?\u201d - Diario Textual","og_description":"El ministro de Ambiente y Desarrollo Sostenible, Juan Cabandi\u00e9, volvi\u00f3 a apoyar el reclamo pampeano por el r\u00edo Atuel desde sus redes sociales. \u00ab\u00bfCuando las autoridades de Mendoza van a&hellip;","og_url":"https:\/\/diariotextual.com\/inicio\/index.php\/2023\/08\/10\/cuando-las-autoridades-de-mendoza-van-a-reparar-la-deuda-ambiental-que-tienen-con-la-pampa\/","og_site_name":"Diario Textual","article_publisher":"https:\/\/www.facebook.com\/eltextual","article_published_time":"2023-08-10T18:30:16+00:00","article_modified_time":"2023-08-11T12:08:24+00:00","og_image":[{"width":960,"height":640,"url":"https:\/\/diariotextual.com\/inicio\/wp-content\/uploads\/2020\/03\/cabandiejuanatuel2020santiagorequejo-1.jpg","type":"image\/jpeg"}],"author":"diario3","twitter_card":"summary_large_image","twitter_creator":"@eltextual","twitter_site":"@eltextual","twitter_misc":{"Escrito por":"diario3","Tiempo de lectura":"3 minutos"},"schema":{"@context":"https:\/\/schema.org","@graph":[{"@type":"Article","@id":"https:\/\/diariotextual.com\/inicio\/index.php\/2023\/08\/10\/cuando-las-autoridades-de-mendoza-van-a-reparar-la-deuda-ambiental-que-tienen-con-la-pampa\/#article","isPartOf":{"@id":"https:\/\/diariotextual.com\/inicio\/index.php\/2023\/08\/10\/cuando-las-autoridades-de-mendoza-van-a-reparar-la-deuda-ambiental-que-tienen-con-la-pampa\/"},"author":{"name":"diario3","@id":"https:\/\/diariotextual.com\/inicio\/#\/schema\/person\/a1b6f563e0ee944c60f98119389a4d9f"},"headline":"\u201c\u00bfCuando las autoridades de Mendoza van a reparar la deuda ambiental que tienen con La Pampa?\u201d","datePublished":"2023-08-10T18:30:16+00:00","dateModified":"2023-08-11T12:08:24+00:00","mainEntityOfPage":{"@id":"https:\/\/diariotextual.com\/inicio\/index.php\/2023\/08\/10\/cuando-las-autoridades-de-mendoza-van-a-reparar-la-deuda-ambiental-que-tienen-con-la-pampa\/"},"wordCount":400,"publisher":{"@id":"https:\/\/diariotextual.com\/inicio\/#organization"},"image":{"@id":"https:\/\/diariotextual.com\/inicio\/index.php\/2023\/08\/10\/cuando-las-autoridades-de-mendoza-van-a-reparar-la-deuda-ambiental-que-tienen-con-la-pampa\/#primaryimage"},"thumbnailUrl":"https:\/\/diariotextual.com\/inicio\/wp-content\/uploads\/2020\/03\/cabandiejuanatuel2020santiagorequejo-1.jpg","keywords":["atuel","cabandie","corte suprema","ziliotto"],"articleSection":["A - QUE PASA (al costado)","SOCIEDAD"],"inLanguage":"es"},{"@type":"WebPage","@id":"https:\/\/diariotextual.com\/inicio\/index.php\/2023\/08\/10\/cuando-las-autoridades-de-mendoza-van-a-reparar-la-deuda-ambiental-que-tienen-con-la-pampa\/","url":"https:\/\/diariotextual.com\/inicio\/index.php\/2023\/08\/10\/cuando-las-autoridades-de-mendoza-van-a-reparar-la-deuda-ambiental-que-tienen-con-la-pampa\/","name":"\u201c\u00bfCuando las autoridades de Mendoza van a reparar la deuda ambiental que tienen con La Pampa?\u201d - Diario Textual","isPartOf":{"@id":"https:\/\/diariotextual.com\/inicio\/#website"},"primaryImageOfPage":{"@id":"https:\/\/diariotextual.com\/inicio\/index.php\/2023\/08\/10\/cuando-las-autoridades-de-mendoza-van-a-reparar-la-deuda-ambiental-que-tienen-con-la-pampa\/#primaryimage"},"image":{"@id":"https:\/\/diariotextual.com\/inicio\/index.php\/2023\/08\/10\/cuando-las-autoridades-de-mendoza-van-a-reparar-la-deuda-ambiental-que-tienen-con-la-pampa\/#primaryimage"},"thumbnailUrl":"https:\/\/diariotextual.com\/inicio\/wp-content\/uploads\/2020\/03\/cabandiejuanatuel2020santiagorequejo-1.jpg","datePublished":"2023-08-10T18:30:16+00:00","dateModified":"2023-08-11T12:08:24+00:00","breadcrumb":{"@id":"https:\/\/diariotextual.com\/inicio\/index.php\/2023\/08\/10\/cuando-las-autoridades-de-mendoza-van-a-reparar-la-deuda-ambiental-que-tienen-con-la-pampa\/#breadcrumb"},"inLanguage":"es","potentialAction":[{"@type":"ReadAction","target":["https:\/\/diariotextual.com\/inicio\/index.php\/2023\/08\/10\/cuando-las-autoridades-de-mendoza-van-a-reparar-la-deuda-ambiental-que-tienen-con-la-pampa\/"]}]},{"@type":"ImageObject","inLanguage":"es","@id":"https:\/\/diariotextual.com\/inicio\/index.php\/2023\/08\/10\/cuando-las-autoridades-de-mendoza-van-a-reparar-la-deuda-ambiental-que-tienen-con-la-pampa\/#primaryimage","url":"https:\/\/diariotextual.com\/inicio\/wp-content\/uploads\/2020\/03\/cabandiejuanatuel2020santiagorequejo-1.jpg","contentUrl":"https:\/\/diariotextual.com\/inicio\/wp-content\/uploads\/2020\/03\/cabandiejuanatuel2020santiagorequejo-1.jpg","width":960,"height":640},{"@type":"BreadcrumbList","@id":"https:\/\/diariotextual.com\/inicio\/index.php\/2023\/08\/10\/cuando-las-autoridades-de-mendoza-van-a-reparar-la-deuda-ambiental-que-tienen-con-la-pampa\/#breadcrumb","itemListElement":[{"@type":"ListItem","position":1,"name":"Portada","item":"https:\/\/diariotextual.com\/inicio\/"},{"@type":"ListItem","position":2,"name":"\u201c\u00bfCuando las autoridades de Mendoza van a reparar la deuda ambiental que tienen con La Pampa?\u201d"}]},{"@type":"WebSite","@id":"https:\/\/diariotextual.com\/inicio\/#website","url":"https:\/\/diariotextual.com\/inicio\/","name":"Diario Textual","description":"","publisher":{"@id":"https:\/\/diariotextual.com\/inicio\/#organization"},"potentialAction":[{"@type":"SearchAction","target":{"@type":"EntryPoint","urlTemplate":"https:\/\/diariotextual.com\/inicio\/?s={search_term_string}"},"query-input":{"@type":"PropertyValueSpecification","valueRequired":true,"valueName":"search_term_string"}}],"inLanguage":"es"},{"@type":"Organization","@id":"https:\/\/diariotextual.com\/inicio\/#organization","name":"Diario Textual","url":"https:\/\/diariotextual.com\/inicio\/","logo":{"@type":"ImageObject","inLanguage":"es","@id":"https:\/\/diariotextual.com\/inicio\/#\/schema\/logo\/image\/","url":"https:\/\/diariotextual.com\/inicio\/wp-content\/uploads\/2023\/05\/logotextual1.jpg","contentUrl":"https:\/\/diariotextual.com\/inicio\/wp-content\/uploads\/2023\/05\/logotextual1.jpg","width":516,"height":76,"caption":"Diario Textual"},"image":{"@id":"https:\/\/diariotextual.com\/inicio\/#\/schema\/logo\/image\/"},"sameAs":["https:\/\/www.facebook.com\/eltextual","https:\/\/x.com\/eltextual","http:\/\/www.instagram.com\/eltextual"]},{"@type":"Person","@id":"https:\/\/diariotextual.com\/inicio\/#\/schema\/person\/a1b6f563e0ee944c60f98119389a4d9f","name":"diario3","image":{"@type":"ImageObject","inLanguage":"es","@id":"https:\/\/secure.gravatar.com\/avatar\/5e7ee62c82fc04d9dd79d746a390d93c69c43223e5faeeb3ea9461ef752bfc5d?s=96&d=mm&r=g","url":"https:\/\/secure.gravatar.com\/avatar\/5e7ee62c82fc04d9dd79d746a390d93c69c43223e5faeeb3ea9461ef752bfc5d?s=96&d=mm&r=g","contentUrl":"https:\/\/secure.gravatar.com\/avatar\/5e7ee62c82fc04d9dd79d746a390d93c69c43223e5faeeb3ea9461ef752bfc5d?s=96&d=mm&r=g","caption":"diario3"},"url":"https:\/\/diariotextual.com\/inicio\/index.php\/author\/diario3\/"}]}},"_links":{"self":[{"href":"https:\/\/diariotextual.com\/inicio\/index.php\/wp-json\/wp\/v2\/posts\/233424","targetHints":{"allow":["GET"]}}],"collection":[{"href":"https:\/\/diariotextual.com\/inicio\/index.php\/wp-json\/wp\/v2\/posts"}],"about":[{"href":"https:\/\/diariotextual.com\/inicio\/index.php\/wp-json\/wp\/v2\/types\/post"}],"author":[{"embeddable":true,"href":"https:\/\/diariotextual.com\/inicio\/index.php\/wp-json\/wp\/v2\/users\/5"}],"replies":[{"embeddable":true,"href":"https:\/\/diariotextual.com\/inicio\/index.php\/wp-json\/wp\/v2\/comments?post=233424"}],"version-history":[{"count":4,"href":"https:\/\/diariotextual.com\/inicio\/index.php\/wp-json\/wp\/v2\/posts\/233424\/revisions"}],"predecessor-version":[{"id":233453,"href":"https:\/\/diariotextual.com\/inicio\/index.php\/wp-json\/wp\/v2\/posts\/233424\/revisions\/233453"}],"wp:featuredmedia":[{"embeddable":true,"href":"https:\/\/diariotextual.com\/inicio\/index.php\/wp-json\/wp\/v2\/media\/82854"}],"wp:attachment":[{"href":"https:\/\/diariotextual.com\/inicio\/index.php\/wp-json\/wp\/v2\/media?parent=233424"}],"wp:term":[{"taxonomy":"category","embeddable":true,"href":"https:\/\/diariotextual.com\/inicio\/index.php\/wp-json\/wp\/v2\/categories?post=233424"},{"taxonomy":"post_tag","embeddable":true,"href":"https:\/\/diariotextual.com\/inicio\/index.php\/wp-json\/wp\/v2\/tags?post=233424"}],"curies":[{"name":"wp","href":"https:\/\/api.w.org\/{rel}","templated":true}]}}