{"id":233426,"date":"2023-08-10T15:29:20","date_gmt":"2023-08-10T18:29:20","guid":{"rendered":"https:\/\/diariotextual.com\/inicio\/?p=233426"},"modified":"2023-08-10T17:26:10","modified_gmt":"2023-08-10T20:26:10","slug":"despidieron-los-restos-de-morena-y-se-negaron-a-declarar-los-dos-acusados-por-el-crimen","status":"publish","type":"post","link":"https:\/\/diariotextual.com\/inicio\/index.php\/2023\/08\/10\/despidieron-los-restos-de-morena-y-se-negaron-a-declarar-los-dos-acusados-por-el-crimen\/","title":{"rendered":"Despidieron los restos de Morena y se negaron a declarar los dos acusados por el crimen"},"content":{"rendered":"\n<p>La familia de<strong>\u00a0Morena Dom\u00ednguez,\u00a0<\/strong>la nena de 11 a\u00f1os asesinada este mi\u00e9rcoles en Lan\u00fas Oeste por motochorros que la asaltaron y golpearon para robarle el celular, despidieron pasado el mediod\u00eda sus restos junto a amigos, vecinos e integrantes de comunidad educativa de la escuela Almafuerte N\u00b060 frente a la que la mataron. En tanto,\u00a0<strong>los hermanos Madariaga se negaron a declarar<\/strong>\u00a0ante la fiscal\u00a0<strong>Silvia Bussone<\/strong>, confirmaron fuentes judiciales a\u00a0<strong>Infobae.<\/strong><\/p>\n\n\n\n<p>Se trata de<strong>\u00a0Miguel \u00c1ngel (28) y Dar\u00edo (25) Madariaga<\/strong>, quienes este jueves eligieron el silencio cuando estuvieron ante la titular de la UFI N\u00b07 del departamento judicial de Lan\u00fas. El primero en ser indagado fue el mayor. Luego, el menor eligi\u00f3 el mismo camino que su hermano. No decir nada.\u00a0<strong>Ambos son representados por un defensor oficial.<\/strong><\/p>\n\n\n\n<p>Ambos sospechosos est\u00e1n detenidos por los delitos de\u00a0<strong>homicidio en ocasi\u00f3n de robo y encubrimiento<\/strong>, ya que la moto usada para atacar a la nena ten\u00eda un pedido de secuestro por robo del d\u00eda anterior, que tambi\u00e9n tramitaba en la fiscal\u00eda de Bussano. Justamente, ese veh\u00edculo fue secuestrado en el lugar que alquilaba uno de los detenidos, junto a otras personas.<\/p>\n\n\n\n<figure class=\"wp-block-embed is-type-wp-embed is-provider-diario-textual wp-block-embed-diario-textual\"><div class=\"wp-block-embed__wrapper\">\n<blockquote class=\"wp-embedded-content\" data-secret=\"sOH9hl8B26\"><a href=\"https:\/\/diariotextual.com\/inicio\/index.php\/2023\/08\/10\/me-pidio-que-la-lleve-con-su-mama-revelo-el-hombre-que-asistio-a-morena\/\">\u201cMe pidi\u00f3 que la lleve con su mam\u00e1\u201d, revel\u00f3 el hombre que asisti\u00f3 a Morena<\/a><\/blockquote><iframe class=\"wp-embedded-content\" sandbox=\"allow-scripts\" security=\"restricted\" style=\"position: absolute; clip: rect(1px, 1px, 1px, 1px);\" title=\"\u00ab\u201cMe pidi\u00f3 que la lleve con su mam\u00e1\u201d, revel\u00f3 el hombre que asisti\u00f3 a Morena\u00bb \u2014 Diario Textual\" src=\"https:\/\/diariotextual.com\/inicio\/index.php\/2023\/08\/10\/me-pidio-que-la-lleve-con-su-mama-revelo-el-hombre-que-asistio-a-morena\/embed\/#?secret=6SYWvZbo6E#?secret=sOH9hl8B26\" data-secret=\"sOH9hl8B26\" width=\"600\" height=\"338\" frameborder=\"0\" marginwidth=\"0\" marginheight=\"0\" scrolling=\"no\"><\/iframe>\n<\/div><\/figure>\n\n\n\n<p>El hecho ocurri\u00f3 minutos antes de las 7.30 de este mi\u00e9rcoles, cuando la ni\u00f1a fue asaltada mientras se dirig\u00eda a la Escuela Almafuerte N\u00b0 60, situada en la calle Molinedo al 3200, de la localidad de Villa Diamante, partido de Lan\u00fas.<\/p>\n\n\n\n<p>El ataque qued\u00f3 grabado por una c\u00e1mara de seguridad que se convirti\u00f3 en una prueba clave de una causa que, seg\u00fan las fuentes judiciales, terminar\u00e1 caratulada como homicidio. En el video se observa que Morena cay\u00f3 al asfalto cuando fue abordada por dos asaltantes en moto. Luego, seg\u00fan las im\u00e1genes, el hombre que viajaba como acompa\u00f1ante se baj\u00f3 para agarrar algunas de sus pertenencias y volvi\u00f3 a abordar el veh\u00edculo para escapar.<\/p>\n\n\n\n<p>Un automovilista que fue testigo de la secuencia intent\u00f3 encerrar a los delincuentes, que tambi\u00e9n fueron corridos por un barrendero, pero \u00e9stos lograron escapar del lugar a toda velocidad, secuencia que tambi\u00e9n qued\u00f3 registrada por la c\u00e1mara.<\/p>\n\n\n\n<p><\/p>\n","protected":false},"excerpt":{"rendered":"<p>La familia de\u00a0Morena Dom\u00ednguez,\u00a0la nena de 11 a\u00f1os asesinada este mi\u00e9rcoles en Lan\u00fas Oeste por motochorros que la asaltaron y golpearon para robarle el celular, despidieron pasado el mediod\u00eda sus&hellip;<\/p>\n","protected":false},"author":3,"featured_media":233319,"comment_status":"closed","ping_status":"open","sticky":false,"template":"","format":"standard","meta":{"_acf_changed":false,"footnotes":""},"categories":[1,12],"tags":[],"class_list":["post-233426","post","type-post","status-publish","format-standard","has-post-thumbnail","hentry","category-es-noticia","category-sociedad"],"acf":[],"yoast_head":"<!-- This site is optimized with the Yoast SEO plugin v27.5 - https:\/\/yoast.com\/product\/yoast-seo-wordpress\/ -->\n<title>Despidieron los restos de Morena y se negaron a declarar los dos acusados por el crimen - Diario Textual<\/title>\n<meta name=\"robots\" content=\"index, follow, max-snippet:-1, max-image-preview:large, max-video-preview:-1\" \/>\n<link rel=\"canonical\" href=\"https:\/\/diariotextual.com\/inicio\/index.php\/2023\/08\/10\/despidieron-los-restos-de-morena-y-se-negaron-a-declarar-los-dos-acusados-por-el-crimen\/\" \/>\n<meta property=\"og:locale\" content=\"es_ES\" \/>\n<meta property=\"og:type\" content=\"article\" \/>\n<meta property=\"og:title\" content=\"Despidieron los restos de Morena y se negaron a declarar los dos acusados por el crimen - Diario Textual\" \/>\n<meta property=\"og:description\" content=\"La familia de\u00a0Morena Dom\u00ednguez,\u00a0la nena de 11 a\u00f1os asesinada este mi\u00e9rcoles en Lan\u00fas Oeste por motochorros que la asaltaron y golpearon para robarle el celular, despidieron pasado el mediod\u00eda sus&hellip;\" \/>\n<meta property=\"og:url\" content=\"https:\/\/diariotextual.com\/inicio\/index.php\/2023\/08\/10\/despidieron-los-restos-de-morena-y-se-negaron-a-declarar-los-dos-acusados-por-el-crimen\/\" \/>\n<meta property=\"og:site_name\" content=\"Diario Textual\" \/>\n<meta property=\"article:publisher\" content=\"https:\/\/www.facebook.com\/eltextual\" \/>\n<meta property=\"article:published_time\" content=\"2023-08-10T18:29:20+00:00\" \/>\n<meta property=\"article:modified_time\" content=\"2023-08-10T20:26:10+00:00\" \/>\n<meta property=\"og:image\" content=\"https:\/\/diariotextual.com\/inicio\/wp-content\/uploads\/2023\/08\/morena11anosjusticia.jpg\" \/>\n\t<meta property=\"og:image:width\" content=\"880\" \/>\n\t<meta property=\"og:image:height\" content=\"586\" \/>\n\t<meta property=\"og:image:type\" content=\"image\/jpeg\" \/>\n<meta name=\"author\" content=\"Diario1 Diario1\" \/>\n<meta name=\"twitter:card\" content=\"summary_large_image\" \/>\n<meta name=\"twitter:creator\" content=\"@eltextual\" \/>\n<meta name=\"twitter:site\" content=\"@eltextual\" \/>\n<meta name=\"twitter:label1\" content=\"Escrito por\" \/>\n\t<meta name=\"twitter:data1\" content=\"Diario1 Diario1\" \/>\n\t<meta name=\"twitter:label2\" content=\"Tiempo de lectura\" \/>\n\t<meta name=\"twitter:data2\" content=\"1 minuto\" \/>\n<script type=\"application\/ld+json\" class=\"yoast-schema-graph\">{\"@context\":\"https:\\\/\\\/schema.org\",\"@graph\":[{\"@type\":\"Article\",\"@id\":\"https:\\\/\\\/diariotextual.com\\\/inicio\\\/index.php\\\/2023\\\/08\\\/10\\\/despidieron-los-restos-de-morena-y-se-negaron-a-declarar-los-dos-acusados-por-el-crimen\\\/#article\",\"isPartOf\":{\"@id\":\"https:\\\/\\\/diariotextual.com\\\/inicio\\\/index.php\\\/2023\\\/08\\\/10\\\/despidieron-los-restos-de-morena-y-se-negaron-a-declarar-los-dos-acusados-por-el-crimen\\\/\"},\"author\":{\"name\":\"Diario1 Diario1\",\"@id\":\"https:\\\/\\\/diariotextual.com\\\/inicio\\\/#\\\/schema\\\/person\\\/418fc4093c33e86ed41562db3508f958\"},\"headline\":\"Despidieron los restos de Morena y se negaron a declarar los dos acusados por el crimen\",\"datePublished\":\"2023-08-10T18:29:20+00:00\",\"dateModified\":\"2023-08-10T20:26:10+00:00\",\"mainEntityOfPage\":{\"@id\":\"https:\\\/\\\/diariotextual.com\\\/inicio\\\/index.php\\\/2023\\\/08\\\/10\\\/despidieron-los-restos-de-morena-y-se-negaron-a-declarar-los-dos-acusados-por-el-crimen\\\/\"},\"wordCount\":385,\"publisher\":{\"@id\":\"https:\\\/\\\/diariotextual.com\\\/inicio\\\/#organization\"},\"image\":{\"@id\":\"https:\\\/\\\/diariotextual.com\\\/inicio\\\/index.php\\\/2023\\\/08\\\/10\\\/despidieron-los-restos-de-morena-y-se-negaron-a-declarar-los-dos-acusados-por-el-crimen\\\/#primaryimage\"},\"thumbnailUrl\":\"https:\\\/\\\/diariotextual.com\\\/inicio\\\/wp-content\\\/uploads\\\/2023\\\/08\\\/morena11anosjusticia.jpg\",\"articleSection\":[\"A - ES NOTICIA (van abajo)\",\"SOCIEDAD\"],\"inLanguage\":\"es\"},{\"@type\":\"WebPage\",\"@id\":\"https:\\\/\\\/diariotextual.com\\\/inicio\\\/index.php\\\/2023\\\/08\\\/10\\\/despidieron-los-restos-de-morena-y-se-negaron-a-declarar-los-dos-acusados-por-el-crimen\\\/\",\"url\":\"https:\\\/\\\/diariotextual.com\\\/inicio\\\/index.php\\\/2023\\\/08\\\/10\\\/despidieron-los-restos-de-morena-y-se-negaron-a-declarar-los-dos-acusados-por-el-crimen\\\/\",\"name\":\"Despidieron los restos de Morena y se negaron a declarar los dos acusados por el crimen - Diario Textual\",\"isPartOf\":{\"@id\":\"https:\\\/\\\/diariotextual.com\\\/inicio\\\/#website\"},\"primaryImageOfPage\":{\"@id\":\"https:\\\/\\\/diariotextual.com\\\/inicio\\\/index.php\\\/2023\\\/08\\\/10\\\/despidieron-los-restos-de-morena-y-se-negaron-a-declarar-los-dos-acusados-por-el-crimen\\\/#primaryimage\"},\"image\":{\"@id\":\"https:\\\/\\\/diariotextual.com\\\/inicio\\\/index.php\\\/2023\\\/08\\\/10\\\/despidieron-los-restos-de-morena-y-se-negaron-a-declarar-los-dos-acusados-por-el-crimen\\\/#primaryimage\"},\"thumbnailUrl\":\"https:\\\/\\\/diariotextual.com\\\/inicio\\\/wp-content\\\/uploads\\\/2023\\\/08\\\/morena11anosjusticia.jpg\",\"datePublished\":\"2023-08-10T18:29:20+00:00\",\"dateModified\":\"2023-08-10T20:26:10+00:00\",\"breadcrumb\":{\"@id\":\"https:\\\/\\\/diariotextual.com\\\/inicio\\\/index.php\\\/2023\\\/08\\\/10\\\/despidieron-los-restos-de-morena-y-se-negaron-a-declarar-los-dos-acusados-por-el-crimen\\\/#breadcrumb\"},\"inLanguage\":\"es\",\"potentialAction\":[{\"@type\":\"ReadAction\",\"target\":[\"https:\\\/\\\/diariotextual.com\\\/inicio\\\/index.php\\\/2023\\\/08\\\/10\\\/despidieron-los-restos-de-morena-y-se-negaron-a-declarar-los-dos-acusados-por-el-crimen\\\/\"]}]},{\"@type\":\"ImageObject\",\"inLanguage\":\"es\",\"@id\":\"https:\\\/\\\/diariotextual.com\\\/inicio\\\/index.php\\\/2023\\\/08\\\/10\\\/despidieron-los-restos-de-morena-y-se-negaron-a-declarar-los-dos-acusados-por-el-crimen\\\/#primaryimage\",\"url\":\"https:\\\/\\\/diariotextual.com\\\/inicio\\\/wp-content\\\/uploads\\\/2023\\\/08\\\/morena11anosjusticia.jpg\",\"contentUrl\":\"https:\\\/\\\/diariotextual.com\\\/inicio\\\/wp-content\\\/uploads\\\/2023\\\/08\\\/morena11anosjusticia.jpg\",\"width\":880,\"height\":586},{\"@type\":\"BreadcrumbList\",\"@id\":\"https:\\\/\\\/diariotextual.com\\\/inicio\\\/index.php\\\/2023\\\/08\\\/10\\\/despidieron-los-restos-de-morena-y-se-negaron-a-declarar-los-dos-acusados-por-el-crimen\\\/#breadcrumb\",\"itemListElement\":[{\"@type\":\"ListItem\",\"position\":1,\"name\":\"Portada\",\"item\":\"https:\\\/\\\/diariotextual.com\\\/inicio\\\/\"},{\"@type\":\"ListItem\",\"position\":2,\"name\":\"Despidieron los restos de Morena y se negaron a declarar los dos acusados por el crimen\"}]},{\"@type\":\"WebSite\",\"@id\":\"https:\\\/\\\/diariotextual.com\\\/inicio\\\/#website\",\"url\":\"https:\\\/\\\/diariotextual.com\\\/inicio\\\/\",\"name\":\"Diario Textual\",\"description\":\"\",\"publisher\":{\"@id\":\"https:\\\/\\\/diariotextual.com\\\/inicio\\\/#organization\"},\"potentialAction\":[{\"@type\":\"SearchAction\",\"target\":{\"@type\":\"EntryPoint\",\"urlTemplate\":\"https:\\\/\\\/diariotextual.com\\\/inicio\\\/?s={search_term_string}\"},\"query-input\":{\"@type\":\"PropertyValueSpecification\",\"valueRequired\":true,\"valueName\":\"search_term_string\"}}],\"inLanguage\":\"es\"},{\"@type\":\"Organization\",\"@id\":\"https:\\\/\\\/diariotextual.com\\\/inicio\\\/#organization\",\"name\":\"Diario Textual\",\"url\":\"https:\\\/\\\/diariotextual.com\\\/inicio\\\/\",\"logo\":{\"@type\":\"ImageObject\",\"inLanguage\":\"es\",\"@id\":\"https:\\\/\\\/diariotextual.com\\\/inicio\\\/#\\\/schema\\\/logo\\\/image\\\/\",\"url\":\"https:\\\/\\\/diariotextual.com\\\/inicio\\\/wp-content\\\/uploads\\\/2023\\\/05\\\/logotextual1.jpg\",\"contentUrl\":\"https:\\\/\\\/diariotextual.com\\\/inicio\\\/wp-content\\\/uploads\\\/2023\\\/05\\\/logotextual1.jpg\",\"width\":516,\"height\":76,\"caption\":\"Diario Textual\"},\"image\":{\"@id\":\"https:\\\/\\\/diariotextual.com\\\/inicio\\\/#\\\/schema\\\/logo\\\/image\\\/\"},\"sameAs\":[\"https:\\\/\\\/www.facebook.com\\\/eltextual\",\"https:\\\/\\\/x.com\\\/eltextual\",\"http:\\\/\\\/www.instagram.com\\\/eltextual\"]},{\"@type\":\"Person\",\"@id\":\"https:\\\/\\\/diariotextual.com\\\/inicio\\\/#\\\/schema\\\/person\\\/418fc4093c33e86ed41562db3508f958\",\"name\":\"Diario1 Diario1\",\"image\":{\"@type\":\"ImageObject\",\"inLanguage\":\"es\",\"@id\":\"https:\\\/\\\/secure.gravatar.com\\\/avatar\\\/9167d280179c85bc18be67aa7eda765854300033af4896dd779b608640f2ef7a?s=96&d=mm&r=g\",\"url\":\"https:\\\/\\\/secure.gravatar.com\\\/avatar\\\/9167d280179c85bc18be67aa7eda765854300033af4896dd779b608640f2ef7a?s=96&d=mm&r=g\",\"contentUrl\":\"https:\\\/\\\/secure.gravatar.com\\\/avatar\\\/9167d280179c85bc18be67aa7eda765854300033af4896dd779b608640f2ef7a?s=96&d=mm&r=g\",\"caption\":\"Diario1 Diario1\"},\"url\":\"https:\\\/\\\/diariotextual.com\\\/inicio\\\/index.php\\\/author\\\/diario1\\\/\"}]}<\/script>\n<!-- \/ Yoast SEO plugin. -->","yoast_head_json":{"title":"Despidieron los restos de Morena y se negaron a declarar los dos acusados por el crimen - Diario Textual","robots":{"index":"index","follow":"follow","max-snippet":"max-snippet:-1","max-image-preview":"max-image-preview:large","max-video-preview":"max-video-preview:-1"},"canonical":"https:\/\/diariotextual.com\/inicio\/index.php\/2023\/08\/10\/despidieron-los-restos-de-morena-y-se-negaron-a-declarar-los-dos-acusados-por-el-crimen\/","og_locale":"es_ES","og_type":"article","og_title":"Despidieron los restos de Morena y se negaron a declarar los dos acusados por el crimen - Diario Textual","og_description":"La familia de\u00a0Morena Dom\u00ednguez,\u00a0la nena de 11 a\u00f1os asesinada este mi\u00e9rcoles en Lan\u00fas Oeste por motochorros que la asaltaron y golpearon para robarle el celular, despidieron pasado el mediod\u00eda sus&hellip;","og_url":"https:\/\/diariotextual.com\/inicio\/index.php\/2023\/08\/10\/despidieron-los-restos-de-morena-y-se-negaron-a-declarar-los-dos-acusados-por-el-crimen\/","og_site_name":"Diario Textual","article_publisher":"https:\/\/www.facebook.com\/eltextual","article_published_time":"2023-08-10T18:29:20+00:00","article_modified_time":"2023-08-10T20:26:10+00:00","og_image":[{"width":880,"height":586,"url":"https:\/\/diariotextual.com\/inicio\/wp-content\/uploads\/2023\/08\/morena11anosjusticia.jpg","type":"image\/jpeg"}],"author":"Diario1 Diario1","twitter_card":"summary_large_image","twitter_creator":"@eltextual","twitter_site":"@eltextual","twitter_misc":{"Escrito por":"Diario1 Diario1","Tiempo de lectura":"1 minuto"},"schema":{"@context":"https:\/\/schema.org","@graph":[{"@type":"Article","@id":"https:\/\/diariotextual.com\/inicio\/index.php\/2023\/08\/10\/despidieron-los-restos-de-morena-y-se-negaron-a-declarar-los-dos-acusados-por-el-crimen\/#article","isPartOf":{"@id":"https:\/\/diariotextual.com\/inicio\/index.php\/2023\/08\/10\/despidieron-los-restos-de-morena-y-se-negaron-a-declarar-los-dos-acusados-por-el-crimen\/"},"author":{"name":"Diario1 Diario1","@id":"https:\/\/diariotextual.com\/inicio\/#\/schema\/person\/418fc4093c33e86ed41562db3508f958"},"headline":"Despidieron los restos de Morena y se negaron a declarar los dos acusados por el crimen","datePublished":"2023-08-10T18:29:20+00:00","dateModified":"2023-08-10T20:26:10+00:00","mainEntityOfPage":{"@id":"https:\/\/diariotextual.com\/inicio\/index.php\/2023\/08\/10\/despidieron-los-restos-de-morena-y-se-negaron-a-declarar-los-dos-acusados-por-el-crimen\/"},"wordCount":385,"publisher":{"@id":"https:\/\/diariotextual.com\/inicio\/#organization"},"image":{"@id":"https:\/\/diariotextual.com\/inicio\/index.php\/2023\/08\/10\/despidieron-los-restos-de-morena-y-se-negaron-a-declarar-los-dos-acusados-por-el-crimen\/#primaryimage"},"thumbnailUrl":"https:\/\/diariotextual.com\/inicio\/wp-content\/uploads\/2023\/08\/morena11anosjusticia.jpg","articleSection":["A - ES NOTICIA (van abajo)","SOCIEDAD"],"inLanguage":"es"},{"@type":"WebPage","@id":"https:\/\/diariotextual.com\/inicio\/index.php\/2023\/08\/10\/despidieron-los-restos-de-morena-y-se-negaron-a-declarar-los-dos-acusados-por-el-crimen\/","url":"https:\/\/diariotextual.com\/inicio\/index.php\/2023\/08\/10\/despidieron-los-restos-de-morena-y-se-negaron-a-declarar-los-dos-acusados-por-el-crimen\/","name":"Despidieron los restos de Morena y se negaron a declarar los dos acusados por el crimen - Diario Textual","isPartOf":{"@id":"https:\/\/diariotextual.com\/inicio\/#website"},"primaryImageOfPage":{"@id":"https:\/\/diariotextual.com\/inicio\/index.php\/2023\/08\/10\/despidieron-los-restos-de-morena-y-se-negaron-a-declarar-los-dos-acusados-por-el-crimen\/#primaryimage"},"image":{"@id":"https:\/\/diariotextual.com\/inicio\/index.php\/2023\/08\/10\/despidieron-los-restos-de-morena-y-se-negaron-a-declarar-los-dos-acusados-por-el-crimen\/#primaryimage"},"thumbnailUrl":"https:\/\/diariotextual.com\/inicio\/wp-content\/uploads\/2023\/08\/morena11anosjusticia.jpg","datePublished":"2023-08-10T18:29:20+00:00","dateModified":"2023-08-10T20:26:10+00:00","breadcrumb":{"@id":"https:\/\/diariotextual.com\/inicio\/index.php\/2023\/08\/10\/despidieron-los-restos-de-morena-y-se-negaron-a-declarar-los-dos-acusados-por-el-crimen\/#breadcrumb"},"inLanguage":"es","potentialAction":[{"@type":"ReadAction","target":["https:\/\/diariotextual.com\/inicio\/index.php\/2023\/08\/10\/despidieron-los-restos-de-morena-y-se-negaron-a-declarar-los-dos-acusados-por-el-crimen\/"]}]},{"@type":"ImageObject","inLanguage":"es","@id":"https:\/\/diariotextual.com\/inicio\/index.php\/2023\/08\/10\/despidieron-los-restos-de-morena-y-se-negaron-a-declarar-los-dos-acusados-por-el-crimen\/#primaryimage","url":"https:\/\/diariotextual.com\/inicio\/wp-content\/uploads\/2023\/08\/morena11anosjusticia.jpg","contentUrl":"https:\/\/diariotextual.com\/inicio\/wp-content\/uploads\/2023\/08\/morena11anosjusticia.jpg","width":880,"height":586},{"@type":"BreadcrumbList","@id":"https:\/\/diariotextual.com\/inicio\/index.php\/2023\/08\/10\/despidieron-los-restos-de-morena-y-se-negaron-a-declarar-los-dos-acusados-por-el-crimen\/#breadcrumb","itemListElement":[{"@type":"ListItem","position":1,"name":"Portada","item":"https:\/\/diariotextual.com\/inicio\/"},{"@type":"ListItem","position":2,"name":"Despidieron los restos de Morena y se negaron a declarar los dos acusados por el crimen"}]},{"@type":"WebSite","@id":"https:\/\/diariotextual.com\/inicio\/#website","url":"https:\/\/diariotextual.com\/inicio\/","name":"Diario Textual","description":"","publisher":{"@id":"https:\/\/diariotextual.com\/inicio\/#organization"},"potentialAction":[{"@type":"SearchAction","target":{"@type":"EntryPoint","urlTemplate":"https:\/\/diariotextual.com\/inicio\/?s={search_term_string}"},"query-input":{"@type":"PropertyValueSpecification","valueRequired":true,"valueName":"search_term_string"}}],"inLanguage":"es"},{"@type":"Organization","@id":"https:\/\/diariotextual.com\/inicio\/#organization","name":"Diario Textual","url":"https:\/\/diariotextual.com\/inicio\/","logo":{"@type":"ImageObject","inLanguage":"es","@id":"https:\/\/diariotextual.com\/inicio\/#\/schema\/logo\/image\/","url":"https:\/\/diariotextual.com\/inicio\/wp-content\/uploads\/2023\/05\/logotextual1.jpg","contentUrl":"https:\/\/diariotextual.com\/inicio\/wp-content\/uploads\/2023\/05\/logotextual1.jpg","width":516,"height":76,"caption":"Diario Textual"},"image":{"@id":"https:\/\/diariotextual.com\/inicio\/#\/schema\/logo\/image\/"},"sameAs":["https:\/\/www.facebook.com\/eltextual","https:\/\/x.com\/eltextual","http:\/\/www.instagram.com\/eltextual"]},{"@type":"Person","@id":"https:\/\/diariotextual.com\/inicio\/#\/schema\/person\/418fc4093c33e86ed41562db3508f958","name":"Diario1 Diario1","image":{"@type":"ImageObject","inLanguage":"es","@id":"https:\/\/secure.gravatar.com\/avatar\/9167d280179c85bc18be67aa7eda765854300033af4896dd779b608640f2ef7a?s=96&d=mm&r=g","url":"https:\/\/secure.gravatar.com\/avatar\/9167d280179c85bc18be67aa7eda765854300033af4896dd779b608640f2ef7a?s=96&d=mm&r=g","contentUrl":"https:\/\/secure.gravatar.com\/avatar\/9167d280179c85bc18be67aa7eda765854300033af4896dd779b608640f2ef7a?s=96&d=mm&r=g","caption":"Diario1 Diario1"},"url":"https:\/\/diariotextual.com\/inicio\/index.php\/author\/diario1\/"}]}},"_links":{"self":[{"href":"https:\/\/diariotextual.com\/inicio\/index.php\/wp-json\/wp\/v2\/posts\/233426","targetHints":{"allow":["GET"]}}],"collection":[{"href":"https:\/\/diariotextual.com\/inicio\/index.php\/wp-json\/wp\/v2\/posts"}],"about":[{"href":"https:\/\/diariotextual.com\/inicio\/index.php\/wp-json\/wp\/v2\/types\/post"}],"author":[{"embeddable":true,"href":"https:\/\/diariotextual.com\/inicio\/index.php\/wp-json\/wp\/v2\/users\/3"}],"replies":[{"embeddable":true,"href":"https:\/\/diariotextual.com\/inicio\/index.php\/wp-json\/wp\/v2\/comments?post=233426"}],"version-history":[{"count":4,"href":"https:\/\/diariotextual.com\/inicio\/index.php\/wp-json\/wp\/v2\/posts\/233426\/revisions"}],"predecessor-version":[{"id":233436,"href":"https:\/\/diariotextual.com\/inicio\/index.php\/wp-json\/wp\/v2\/posts\/233426\/revisions\/233436"}],"wp:featuredmedia":[{"embeddable":true,"href":"https:\/\/diariotextual.com\/inicio\/index.php\/wp-json\/wp\/v2\/media\/233319"}],"wp:attachment":[{"href":"https:\/\/diariotextual.com\/inicio\/index.php\/wp-json\/wp\/v2\/media?parent=233426"}],"wp:term":[{"taxonomy":"category","embeddable":true,"href":"https:\/\/diariotextual.com\/inicio\/index.php\/wp-json\/wp\/v2\/categories?post=233426"},{"taxonomy":"post_tag","embeddable":true,"href":"https:\/\/diariotextual.com\/inicio\/index.php\/wp-json\/wp\/v2\/tags?post=233426"}],"curies":[{"name":"wp","href":"https:\/\/api.w.org\/{rel}","templated":true}]}}