{"id":233454,"date":"2023-08-10T17:31:02","date_gmt":"2023-08-10T20:31:02","guid":{"rendered":"https:\/\/diariotextual.com\/inicio\/?p=233454"},"modified":"2023-08-10T17:31:35","modified_gmt":"2023-08-10T20:31:35","slug":"silvina-luna-volvio-a-terapia-intensiva-y-preocupa-su-estado-de-salud","status":"publish","type":"post","link":"https:\/\/diariotextual.com\/inicio\/index.php\/2023\/08\/10\/silvina-luna-volvio-a-terapia-intensiva-y-preocupa-su-estado-de-salud\/","title":{"rendered":"Silvina Luna volvi\u00f3 a terapia intensiva y preocupa su estado de salud"},"content":{"rendered":"\n<p>La salud de<strong>\u00a0Silvina Luna volvi\u00f3 a agravarse en las \u00faltimas horas\u00a0<\/strong>y debi\u00f3\u00a0<strong>ser internada nuevamente en terapia intensiva<\/strong>, seg\u00fan pudo confirmar la periodista<strong>\u00a0Andrea Taboada<\/strong>\u00a0en\u00a0<em>DDM.<\/em>\u00a0La actriz se encontrar\u00eda en el\u00a0<strong>Hospital Italiano,<\/strong>\u00a0donde hace meses fue tratada y hab\u00eda logrado salir de ah\u00ed para pasar a una sala com\u00fan.<\/p>\n\n\n\n<p>\u00abHoy a las 9.40 volvi\u00f3 a terapia intensiva. Ella estaba en una habitaci\u00f3n com\u00fan para que tenga otro tipo de cuidados.\u00a0<strong>Fue muy dif\u00edcil de que ella pudiera volver a caminar con la kinesiolog\u00eda,<\/strong>\u00a0lo que decidieron para tener mejor cuidado es volverla a terapia\u00bb, inform\u00f3 la panelista en el programa del Diario de Mariana por Am\u00e9rica.<\/p>\n\n\n\n<p>Al mismo tiempo precis\u00f3 c\u00f3mo se encuentra actualmente. \u00abLos m\u00e9dicos apostaban a que pueda avanzar.<strong>\u00a0Estaba mejorando, hab\u00eda pasado a comer algo, pero vuelve para atr\u00e1s. Est\u00e1 delgada. Comiendo muy poco. Con suero<\/strong>\u00ab, cont\u00f3.<\/p>\n\n\n\n<p><\/p>\n","protected":false},"excerpt":{"rendered":"<p>La salud de\u00a0Silvina Luna volvi\u00f3 a agravarse en las \u00faltimas horas\u00a0y debi\u00f3\u00a0ser internada nuevamente en terapia intensiva, seg\u00fan pudo confirmar la periodista\u00a0Andrea Taboada\u00a0en\u00a0DDM.\u00a0La actriz se encontrar\u00eda en el\u00a0Hospital Italiano,\u00a0donde hace&hellip;<\/p>\n","protected":false},"author":3,"featured_media":229987,"comment_status":"closed","ping_status":"open","sticky":false,"template":"","format":"standard","meta":{"_acf_changed":false,"footnotes":""},"categories":[1,12],"tags":[],"class_list":["post-233454","post","type-post","status-publish","format-standard","has-post-thumbnail","hentry","category-es-noticia","category-sociedad"],"acf":[],"yoast_head":"<!-- This site is optimized with the Yoast SEO plugin v27.5 - https:\/\/yoast.com\/product\/yoast-seo-wordpress\/ -->\n<title>Silvina Luna volvi\u00f3 a terapia intensiva y preocupa su estado de salud - Diario Textual<\/title>\n<meta name=\"robots\" content=\"index, follow, max-snippet:-1, max-image-preview:large, max-video-preview:-1\" \/>\n<link rel=\"canonical\" href=\"https:\/\/diariotextual.com\/inicio\/index.php\/2023\/08\/10\/silvina-luna-volvio-a-terapia-intensiva-y-preocupa-su-estado-de-salud\/\" \/>\n<meta property=\"og:locale\" content=\"es_ES\" \/>\n<meta property=\"og:type\" content=\"article\" \/>\n<meta property=\"og:title\" content=\"Silvina Luna volvi\u00f3 a terapia intensiva y preocupa su estado de salud - Diario Textual\" \/>\n<meta property=\"og:description\" content=\"La salud de\u00a0Silvina Luna volvi\u00f3 a agravarse en las \u00faltimas horas\u00a0y debi\u00f3\u00a0ser internada nuevamente en terapia intensiva, seg\u00fan pudo confirmar la periodista\u00a0Andrea Taboada\u00a0en\u00a0DDM.\u00a0La actriz se encontrar\u00eda en el\u00a0Hospital Italiano,\u00a0donde hace&hellip;\" \/>\n<meta property=\"og:url\" content=\"https:\/\/diariotextual.com\/inicio\/index.php\/2023\/08\/10\/silvina-luna-volvio-a-terapia-intensiva-y-preocupa-su-estado-de-salud\/\" \/>\n<meta property=\"og:site_name\" content=\"Diario Textual\" \/>\n<meta property=\"article:publisher\" content=\"https:\/\/www.facebook.com\/eltextual\" \/>\n<meta property=\"article:published_time\" content=\"2023-08-10T20:31:02+00:00\" \/>\n<meta property=\"article:modified_time\" content=\"2023-08-10T20:31:35+00:00\" \/>\n<meta property=\"og:image\" content=\"https:\/\/diariotextual.com\/inicio\/wp-content\/uploads\/2023\/07\/lunasilvina2023-12.jpg\" \/>\n\t<meta property=\"og:image:width\" content=\"1687\" \/>\n\t<meta property=\"og:image:height\" content=\"950\" \/>\n\t<meta property=\"og:image:type\" content=\"image\/jpeg\" \/>\n<meta name=\"author\" content=\"Diario1 Diario1\" \/>\n<meta name=\"twitter:card\" content=\"summary_large_image\" \/>\n<meta name=\"twitter:creator\" content=\"@eltextual\" \/>\n<meta name=\"twitter:site\" content=\"@eltextual\" \/>\n<meta name=\"twitter:label1\" content=\"Escrito por\" \/>\n\t<meta name=\"twitter:data1\" content=\"Diario1 Diario1\" \/>\n\t<meta name=\"twitter:label2\" content=\"Tiempo de lectura\" \/>\n\t<meta name=\"twitter:data2\" content=\"1 minuto\" \/>\n<script type=\"application\/ld+json\" class=\"yoast-schema-graph\">{\"@context\":\"https:\\\/\\\/schema.org\",\"@graph\":[{\"@type\":\"Article\",\"@id\":\"https:\\\/\\\/diariotextual.com\\\/inicio\\\/index.php\\\/2023\\\/08\\\/10\\\/silvina-luna-volvio-a-terapia-intensiva-y-preocupa-su-estado-de-salud\\\/#article\",\"isPartOf\":{\"@id\":\"https:\\\/\\\/diariotextual.com\\\/inicio\\\/index.php\\\/2023\\\/08\\\/10\\\/silvina-luna-volvio-a-terapia-intensiva-y-preocupa-su-estado-de-salud\\\/\"},\"author\":{\"name\":\"Diario1 Diario1\",\"@id\":\"https:\\\/\\\/diariotextual.com\\\/inicio\\\/#\\\/schema\\\/person\\\/418fc4093c33e86ed41562db3508f958\"},\"headline\":\"Silvina Luna volvi\u00f3 a terapia intensiva y preocupa su estado de salud\",\"datePublished\":\"2023-08-10T20:31:02+00:00\",\"dateModified\":\"2023-08-10T20:31:35+00:00\",\"mainEntityOfPage\":{\"@id\":\"https:\\\/\\\/diariotextual.com\\\/inicio\\\/index.php\\\/2023\\\/08\\\/10\\\/silvina-luna-volvio-a-terapia-intensiva-y-preocupa-su-estado-de-salud\\\/\"},\"wordCount\":169,\"publisher\":{\"@id\":\"https:\\\/\\\/diariotextual.com\\\/inicio\\\/#organization\"},\"image\":{\"@id\":\"https:\\\/\\\/diariotextual.com\\\/inicio\\\/index.php\\\/2023\\\/08\\\/10\\\/silvina-luna-volvio-a-terapia-intensiva-y-preocupa-su-estado-de-salud\\\/#primaryimage\"},\"thumbnailUrl\":\"https:\\\/\\\/diariotextual.com\\\/inicio\\\/wp-content\\\/uploads\\\/2023\\\/07\\\/lunasilvina2023-12.jpg\",\"articleSection\":[\"A - ES NOTICIA (van abajo)\",\"SOCIEDAD\"],\"inLanguage\":\"es\"},{\"@type\":\"WebPage\",\"@id\":\"https:\\\/\\\/diariotextual.com\\\/inicio\\\/index.php\\\/2023\\\/08\\\/10\\\/silvina-luna-volvio-a-terapia-intensiva-y-preocupa-su-estado-de-salud\\\/\",\"url\":\"https:\\\/\\\/diariotextual.com\\\/inicio\\\/index.php\\\/2023\\\/08\\\/10\\\/silvina-luna-volvio-a-terapia-intensiva-y-preocupa-su-estado-de-salud\\\/\",\"name\":\"Silvina Luna volvi\u00f3 a terapia intensiva y preocupa su estado de salud - Diario Textual\",\"isPartOf\":{\"@id\":\"https:\\\/\\\/diariotextual.com\\\/inicio\\\/#website\"},\"primaryImageOfPage\":{\"@id\":\"https:\\\/\\\/diariotextual.com\\\/inicio\\\/index.php\\\/2023\\\/08\\\/10\\\/silvina-luna-volvio-a-terapia-intensiva-y-preocupa-su-estado-de-salud\\\/#primaryimage\"},\"image\":{\"@id\":\"https:\\\/\\\/diariotextual.com\\\/inicio\\\/index.php\\\/2023\\\/08\\\/10\\\/silvina-luna-volvio-a-terapia-intensiva-y-preocupa-su-estado-de-salud\\\/#primaryimage\"},\"thumbnailUrl\":\"https:\\\/\\\/diariotextual.com\\\/inicio\\\/wp-content\\\/uploads\\\/2023\\\/07\\\/lunasilvina2023-12.jpg\",\"datePublished\":\"2023-08-10T20:31:02+00:00\",\"dateModified\":\"2023-08-10T20:31:35+00:00\",\"breadcrumb\":{\"@id\":\"https:\\\/\\\/diariotextual.com\\\/inicio\\\/index.php\\\/2023\\\/08\\\/10\\\/silvina-luna-volvio-a-terapia-intensiva-y-preocupa-su-estado-de-salud\\\/#breadcrumb\"},\"inLanguage\":\"es\",\"potentialAction\":[{\"@type\":\"ReadAction\",\"target\":[\"https:\\\/\\\/diariotextual.com\\\/inicio\\\/index.php\\\/2023\\\/08\\\/10\\\/silvina-luna-volvio-a-terapia-intensiva-y-preocupa-su-estado-de-salud\\\/\"]}]},{\"@type\":\"ImageObject\",\"inLanguage\":\"es\",\"@id\":\"https:\\\/\\\/diariotextual.com\\\/inicio\\\/index.php\\\/2023\\\/08\\\/10\\\/silvina-luna-volvio-a-terapia-intensiva-y-preocupa-su-estado-de-salud\\\/#primaryimage\",\"url\":\"https:\\\/\\\/diariotextual.com\\\/inicio\\\/wp-content\\\/uploads\\\/2023\\\/07\\\/lunasilvina2023-12.jpg\",\"contentUrl\":\"https:\\\/\\\/diariotextual.com\\\/inicio\\\/wp-content\\\/uploads\\\/2023\\\/07\\\/lunasilvina2023-12.jpg\",\"width\":1687,\"height\":950},{\"@type\":\"BreadcrumbList\",\"@id\":\"https:\\\/\\\/diariotextual.com\\\/inicio\\\/index.php\\\/2023\\\/08\\\/10\\\/silvina-luna-volvio-a-terapia-intensiva-y-preocupa-su-estado-de-salud\\\/#breadcrumb\",\"itemListElement\":[{\"@type\":\"ListItem\",\"position\":1,\"name\":\"Portada\",\"item\":\"https:\\\/\\\/diariotextual.com\\\/inicio\\\/\"},{\"@type\":\"ListItem\",\"position\":2,\"name\":\"Silvina Luna volvi\u00f3 a terapia intensiva y preocupa su estado de salud\"}]},{\"@type\":\"WebSite\",\"@id\":\"https:\\\/\\\/diariotextual.com\\\/inicio\\\/#website\",\"url\":\"https:\\\/\\\/diariotextual.com\\\/inicio\\\/\",\"name\":\"Diario Textual\",\"description\":\"\",\"publisher\":{\"@id\":\"https:\\\/\\\/diariotextual.com\\\/inicio\\\/#organization\"},\"potentialAction\":[{\"@type\":\"SearchAction\",\"target\":{\"@type\":\"EntryPoint\",\"urlTemplate\":\"https:\\\/\\\/diariotextual.com\\\/inicio\\\/?s={search_term_string}\"},\"query-input\":{\"@type\":\"PropertyValueSpecification\",\"valueRequired\":true,\"valueName\":\"search_term_string\"}}],\"inLanguage\":\"es\"},{\"@type\":\"Organization\",\"@id\":\"https:\\\/\\\/diariotextual.com\\\/inicio\\\/#organization\",\"name\":\"Diario Textual\",\"url\":\"https:\\\/\\\/diariotextual.com\\\/inicio\\\/\",\"logo\":{\"@type\":\"ImageObject\",\"inLanguage\":\"es\",\"@id\":\"https:\\\/\\\/diariotextual.com\\\/inicio\\\/#\\\/schema\\\/logo\\\/image\\\/\",\"url\":\"https:\\\/\\\/diariotextual.com\\\/inicio\\\/wp-content\\\/uploads\\\/2023\\\/05\\\/logotextual1.jpg\",\"contentUrl\":\"https:\\\/\\\/diariotextual.com\\\/inicio\\\/wp-content\\\/uploads\\\/2023\\\/05\\\/logotextual1.jpg\",\"width\":516,\"height\":76,\"caption\":\"Diario Textual\"},\"image\":{\"@id\":\"https:\\\/\\\/diariotextual.com\\\/inicio\\\/#\\\/schema\\\/logo\\\/image\\\/\"},\"sameAs\":[\"https:\\\/\\\/www.facebook.com\\\/eltextual\",\"https:\\\/\\\/x.com\\\/eltextual\",\"http:\\\/\\\/www.instagram.com\\\/eltextual\"]},{\"@type\":\"Person\",\"@id\":\"https:\\\/\\\/diariotextual.com\\\/inicio\\\/#\\\/schema\\\/person\\\/418fc4093c33e86ed41562db3508f958\",\"name\":\"Diario1 Diario1\",\"image\":{\"@type\":\"ImageObject\",\"inLanguage\":\"es\",\"@id\":\"https:\\\/\\\/secure.gravatar.com\\\/avatar\\\/9167d280179c85bc18be67aa7eda765854300033af4896dd779b608640f2ef7a?s=96&d=mm&r=g\",\"url\":\"https:\\\/\\\/secure.gravatar.com\\\/avatar\\\/9167d280179c85bc18be67aa7eda765854300033af4896dd779b608640f2ef7a?s=96&d=mm&r=g\",\"contentUrl\":\"https:\\\/\\\/secure.gravatar.com\\\/avatar\\\/9167d280179c85bc18be67aa7eda765854300033af4896dd779b608640f2ef7a?s=96&d=mm&r=g\",\"caption\":\"Diario1 Diario1\"},\"url\":\"https:\\\/\\\/diariotextual.com\\\/inicio\\\/index.php\\\/author\\\/diario1\\\/\"}]}<\/script>\n<!-- \/ Yoast SEO plugin. -->","yoast_head_json":{"title":"Silvina Luna volvi\u00f3 a terapia intensiva y preocupa su estado de salud - Diario Textual","robots":{"index":"index","follow":"follow","max-snippet":"max-snippet:-1","max-image-preview":"max-image-preview:large","max-video-preview":"max-video-preview:-1"},"canonical":"https:\/\/diariotextual.com\/inicio\/index.php\/2023\/08\/10\/silvina-luna-volvio-a-terapia-intensiva-y-preocupa-su-estado-de-salud\/","og_locale":"es_ES","og_type":"article","og_title":"Silvina Luna volvi\u00f3 a terapia intensiva y preocupa su estado de salud - Diario Textual","og_description":"La salud de\u00a0Silvina Luna volvi\u00f3 a agravarse en las \u00faltimas horas\u00a0y debi\u00f3\u00a0ser internada nuevamente en terapia intensiva, seg\u00fan pudo confirmar la periodista\u00a0Andrea Taboada\u00a0en\u00a0DDM.\u00a0La actriz se encontrar\u00eda en el\u00a0Hospital Italiano,\u00a0donde hace&hellip;","og_url":"https:\/\/diariotextual.com\/inicio\/index.php\/2023\/08\/10\/silvina-luna-volvio-a-terapia-intensiva-y-preocupa-su-estado-de-salud\/","og_site_name":"Diario Textual","article_publisher":"https:\/\/www.facebook.com\/eltextual","article_published_time":"2023-08-10T20:31:02+00:00","article_modified_time":"2023-08-10T20:31:35+00:00","og_image":[{"width":1687,"height":950,"url":"https:\/\/diariotextual.com\/inicio\/wp-content\/uploads\/2023\/07\/lunasilvina2023-12.jpg","type":"image\/jpeg"}],"author":"Diario1 Diario1","twitter_card":"summary_large_image","twitter_creator":"@eltextual","twitter_site":"@eltextual","twitter_misc":{"Escrito por":"Diario1 Diario1","Tiempo de lectura":"1 minuto"},"schema":{"@context":"https:\/\/schema.org","@graph":[{"@type":"Article","@id":"https:\/\/diariotextual.com\/inicio\/index.php\/2023\/08\/10\/silvina-luna-volvio-a-terapia-intensiva-y-preocupa-su-estado-de-salud\/#article","isPartOf":{"@id":"https:\/\/diariotextual.com\/inicio\/index.php\/2023\/08\/10\/silvina-luna-volvio-a-terapia-intensiva-y-preocupa-su-estado-de-salud\/"},"author":{"name":"Diario1 Diario1","@id":"https:\/\/diariotextual.com\/inicio\/#\/schema\/person\/418fc4093c33e86ed41562db3508f958"},"headline":"Silvina Luna volvi\u00f3 a terapia intensiva y preocupa su estado de salud","datePublished":"2023-08-10T20:31:02+00:00","dateModified":"2023-08-10T20:31:35+00:00","mainEntityOfPage":{"@id":"https:\/\/diariotextual.com\/inicio\/index.php\/2023\/08\/10\/silvina-luna-volvio-a-terapia-intensiva-y-preocupa-su-estado-de-salud\/"},"wordCount":169,"publisher":{"@id":"https:\/\/diariotextual.com\/inicio\/#organization"},"image":{"@id":"https:\/\/diariotextual.com\/inicio\/index.php\/2023\/08\/10\/silvina-luna-volvio-a-terapia-intensiva-y-preocupa-su-estado-de-salud\/#primaryimage"},"thumbnailUrl":"https:\/\/diariotextual.com\/inicio\/wp-content\/uploads\/2023\/07\/lunasilvina2023-12.jpg","articleSection":["A - ES NOTICIA (van abajo)","SOCIEDAD"],"inLanguage":"es"},{"@type":"WebPage","@id":"https:\/\/diariotextual.com\/inicio\/index.php\/2023\/08\/10\/silvina-luna-volvio-a-terapia-intensiva-y-preocupa-su-estado-de-salud\/","url":"https:\/\/diariotextual.com\/inicio\/index.php\/2023\/08\/10\/silvina-luna-volvio-a-terapia-intensiva-y-preocupa-su-estado-de-salud\/","name":"Silvina Luna volvi\u00f3 a terapia intensiva y preocupa su estado de salud - Diario Textual","isPartOf":{"@id":"https:\/\/diariotextual.com\/inicio\/#website"},"primaryImageOfPage":{"@id":"https:\/\/diariotextual.com\/inicio\/index.php\/2023\/08\/10\/silvina-luna-volvio-a-terapia-intensiva-y-preocupa-su-estado-de-salud\/#primaryimage"},"image":{"@id":"https:\/\/diariotextual.com\/inicio\/index.php\/2023\/08\/10\/silvina-luna-volvio-a-terapia-intensiva-y-preocupa-su-estado-de-salud\/#primaryimage"},"thumbnailUrl":"https:\/\/diariotextual.com\/inicio\/wp-content\/uploads\/2023\/07\/lunasilvina2023-12.jpg","datePublished":"2023-08-10T20:31:02+00:00","dateModified":"2023-08-10T20:31:35+00:00","breadcrumb":{"@id":"https:\/\/diariotextual.com\/inicio\/index.php\/2023\/08\/10\/silvina-luna-volvio-a-terapia-intensiva-y-preocupa-su-estado-de-salud\/#breadcrumb"},"inLanguage":"es","potentialAction":[{"@type":"ReadAction","target":["https:\/\/diariotextual.com\/inicio\/index.php\/2023\/08\/10\/silvina-luna-volvio-a-terapia-intensiva-y-preocupa-su-estado-de-salud\/"]}]},{"@type":"ImageObject","inLanguage":"es","@id":"https:\/\/diariotextual.com\/inicio\/index.php\/2023\/08\/10\/silvina-luna-volvio-a-terapia-intensiva-y-preocupa-su-estado-de-salud\/#primaryimage","url":"https:\/\/diariotextual.com\/inicio\/wp-content\/uploads\/2023\/07\/lunasilvina2023-12.jpg","contentUrl":"https:\/\/diariotextual.com\/inicio\/wp-content\/uploads\/2023\/07\/lunasilvina2023-12.jpg","width":1687,"height":950},{"@type":"BreadcrumbList","@id":"https:\/\/diariotextual.com\/inicio\/index.php\/2023\/08\/10\/silvina-luna-volvio-a-terapia-intensiva-y-preocupa-su-estado-de-salud\/#breadcrumb","itemListElement":[{"@type":"ListItem","position":1,"name":"Portada","item":"https:\/\/diariotextual.com\/inicio\/"},{"@type":"ListItem","position":2,"name":"Silvina Luna volvi\u00f3 a terapia intensiva y preocupa su estado de salud"}]},{"@type":"WebSite","@id":"https:\/\/diariotextual.com\/inicio\/#website","url":"https:\/\/diariotextual.com\/inicio\/","name":"Diario Textual","description":"","publisher":{"@id":"https:\/\/diariotextual.com\/inicio\/#organization"},"potentialAction":[{"@type":"SearchAction","target":{"@type":"EntryPoint","urlTemplate":"https:\/\/diariotextual.com\/inicio\/?s={search_term_string}"},"query-input":{"@type":"PropertyValueSpecification","valueRequired":true,"valueName":"search_term_string"}}],"inLanguage":"es"},{"@type":"Organization","@id":"https:\/\/diariotextual.com\/inicio\/#organization","name":"Diario Textual","url":"https:\/\/diariotextual.com\/inicio\/","logo":{"@type":"ImageObject","inLanguage":"es","@id":"https:\/\/diariotextual.com\/inicio\/#\/schema\/logo\/image\/","url":"https:\/\/diariotextual.com\/inicio\/wp-content\/uploads\/2023\/05\/logotextual1.jpg","contentUrl":"https:\/\/diariotextual.com\/inicio\/wp-content\/uploads\/2023\/05\/logotextual1.jpg","width":516,"height":76,"caption":"Diario Textual"},"image":{"@id":"https:\/\/diariotextual.com\/inicio\/#\/schema\/logo\/image\/"},"sameAs":["https:\/\/www.facebook.com\/eltextual","https:\/\/x.com\/eltextual","http:\/\/www.instagram.com\/eltextual"]},{"@type":"Person","@id":"https:\/\/diariotextual.com\/inicio\/#\/schema\/person\/418fc4093c33e86ed41562db3508f958","name":"Diario1 Diario1","image":{"@type":"ImageObject","inLanguage":"es","@id":"https:\/\/secure.gravatar.com\/avatar\/9167d280179c85bc18be67aa7eda765854300033af4896dd779b608640f2ef7a?s=96&d=mm&r=g","url":"https:\/\/secure.gravatar.com\/avatar\/9167d280179c85bc18be67aa7eda765854300033af4896dd779b608640f2ef7a?s=96&d=mm&r=g","contentUrl":"https:\/\/secure.gravatar.com\/avatar\/9167d280179c85bc18be67aa7eda765854300033af4896dd779b608640f2ef7a?s=96&d=mm&r=g","caption":"Diario1 Diario1"},"url":"https:\/\/diariotextual.com\/inicio\/index.php\/author\/diario1\/"}]}},"_links":{"self":[{"href":"https:\/\/diariotextual.com\/inicio\/index.php\/wp-json\/wp\/v2\/posts\/233454","targetHints":{"allow":["GET"]}}],"collection":[{"href":"https:\/\/diariotextual.com\/inicio\/index.php\/wp-json\/wp\/v2\/posts"}],"about":[{"href":"https:\/\/diariotextual.com\/inicio\/index.php\/wp-json\/wp\/v2\/types\/post"}],"author":[{"embeddable":true,"href":"https:\/\/diariotextual.com\/inicio\/index.php\/wp-json\/wp\/v2\/users\/3"}],"replies":[{"embeddable":true,"href":"https:\/\/diariotextual.com\/inicio\/index.php\/wp-json\/wp\/v2\/comments?post=233454"}],"version-history":[{"count":3,"href":"https:\/\/diariotextual.com\/inicio\/index.php\/wp-json\/wp\/v2\/posts\/233454\/revisions"}],"predecessor-version":[{"id":233458,"href":"https:\/\/diariotextual.com\/inicio\/index.php\/wp-json\/wp\/v2\/posts\/233454\/revisions\/233458"}],"wp:featuredmedia":[{"embeddable":true,"href":"https:\/\/diariotextual.com\/inicio\/index.php\/wp-json\/wp\/v2\/media\/229987"}],"wp:attachment":[{"href":"https:\/\/diariotextual.com\/inicio\/index.php\/wp-json\/wp\/v2\/media?parent=233454"}],"wp:term":[{"taxonomy":"category","embeddable":true,"href":"https:\/\/diariotextual.com\/inicio\/index.php\/wp-json\/wp\/v2\/categories?post=233454"},{"taxonomy":"post_tag","embeddable":true,"href":"https:\/\/diariotextual.com\/inicio\/index.php\/wp-json\/wp\/v2\/tags?post=233454"}],"curies":[{"name":"wp","href":"https:\/\/api.w.org\/{rel}","templated":true}]}}