{"id":233582,"date":"2023-08-11T11:13:19","date_gmt":"2023-08-11T14:13:19","guid":{"rendered":"https:\/\/diariotextual.com\/inicio\/?p=233582"},"modified":"2023-08-11T13:04:57","modified_gmt":"2023-08-11T16:04:57","slug":"catrilo-en-comercios-no-encontraron-chacinados-que-provocaron-brote-de-triquinosis-en-el-oeste-bonaerense","status":"publish","type":"post","link":"https:\/\/diariotextual.com\/inicio\/index.php\/2023\/08\/11\/catrilo-en-comercios-no-encontraron-chacinados-que-provocaron-brote-de-triquinosis-en-el-oeste-bonaerense\/","title":{"rendered":"Catril\u00f3: en comercios no encontraron chacinados que provocaron brote de triquinosis en el oeste bonaerense"},"content":{"rendered":"\n<p class=\"wp-block-paragraph\">En los comercios de Catril\u00f3 no se encontraron chorizos y otros embutidos de la f\u00e1brica que provoc\u00f3 en el oeste de Buenos Aires un brote de triquinosis. As\u00ed lo indic\u00f3 el intendente Ricardo Delfino, ante una consulta de Diario Textual. \u201cSe hizo un relevamiento y no se detectaron embutidos de esa empresa\u201d, dijo.<\/p>\n\n\n\n<p class=\"wp-block-paragraph\">La f\u00e1brica apuntada es Don Andr\u00e9s, de Salliquel\u00f3 (Buenos Aires). Hay unas 15 personas afectadas.<\/p>\n\n\n\n<p class=\"wp-block-paragraph\">Por la cercan\u00eda con localidades pampeanas, la Mesa de Zoonosis de La Pampa lanz\u00f3 un alerta. Pero, por lo pronto, no se han registrado casos derivados de Don Andr\u00e9s en nuestra provincia.<\/p>\n\n\n\n<p class=\"wp-block-paragraph\">Los s\u00edntomas relacionados con la triquinosis abarcan diarrea, hinchaz\u00f3n de p\u00e1rpados, dolor de cabeza y v\u00f3mitos.<\/p>\n","protected":false},"excerpt":{"rendered":"<p>En los comercios de Catril\u00f3 no se encontraron chorizos y otros embutidos de la f\u00e1brica que provoc\u00f3 en el oeste de Buenos Aires un brote de triquinosis. As\u00ed lo indic\u00f3&hellip;<\/p>\n","protected":false},"author":3,"featured_media":233182,"comment_status":"closed","ping_status":"open","sticky":false,"template":"","format":"standard","meta":{"_acf_changed":false,"footnotes":""},"categories":[1,20],"tags":[],"class_list":["post-233582","post","type-post","status-publish","format-standard","has-post-thumbnail","hentry","category-es-noticia","category-campo"],"acf":[],"yoast_head":"<!-- This site is optimized with the Yoast SEO plugin v28.4 - https:\/\/yoast.com\/product\/yoast-seo-wordpress\/ -->\n<title>Catril\u00f3: en comercios no encontraron chacinados que provocaron brote de triquinosis en el oeste bonaerense - Diario Textual<\/title>\n<meta name=\"robots\" content=\"index, follow, max-snippet:-1, max-image-preview:large, max-video-preview:-1\" \/>\n<link rel=\"canonical\" href=\"https:\/\/diariotextual.com\/inicio\/index.php\/2023\/08\/11\/catrilo-en-comercios-no-encontraron-chacinados-que-provocaron-brote-de-triquinosis-en-el-oeste-bonaerense\/\" \/>\n<meta property=\"og:locale\" content=\"es_ES\" \/>\n<meta property=\"og:type\" content=\"article\" \/>\n<meta property=\"og:title\" content=\"Catril\u00f3: en comercios no encontraron chacinados que provocaron brote de triquinosis en el oeste bonaerense - Diario Textual\" \/>\n<meta property=\"og:description\" content=\"En los comercios de Catril\u00f3 no se encontraron chorizos y otros embutidos de la f\u00e1brica que provoc\u00f3 en el oeste de Buenos Aires un brote de triquinosis. As\u00ed lo indic\u00f3&hellip;\" \/>\n<meta property=\"og:url\" content=\"https:\/\/diariotextual.com\/inicio\/index.php\/2023\/08\/11\/catrilo-en-comercios-no-encontraron-chacinados-que-provocaron-brote-de-triquinosis-en-el-oeste-bonaerense\/\" \/>\n<meta property=\"og:site_name\" content=\"Diario Textual\" \/>\n<meta property=\"article:publisher\" content=\"https:\/\/www.facebook.com\/eltextual\" \/>\n<meta property=\"article:published_time\" content=\"2023-08-11T14:13:19+00:00\" \/>\n<meta property=\"article:modified_time\" content=\"2023-08-11T16:04:57+00:00\" \/>\n<meta property=\"og:image\" content=\"https:\/\/diariotextual.com\/inicio\/wp-content\/uploads\/2023\/08\/chorizos2023-1.jpg\" \/>\n\t<meta property=\"og:image:width\" content=\"546\" \/>\n\t<meta property=\"og:image:height\" content=\"361\" \/>\n\t<meta property=\"og:image:type\" content=\"image\/jpeg\" \/>\n<meta name=\"author\" content=\"Diario1 Diario1\" \/>\n<meta name=\"twitter:card\" content=\"summary_large_image\" \/>\n<meta name=\"twitter:creator\" content=\"@eltextual\" \/>\n<meta name=\"twitter:site\" content=\"@eltextual\" \/>\n<meta name=\"twitter:label1\" content=\"Escrito por\" \/>\n\t<meta name=\"twitter:data1\" content=\"Diario1 Diario1\" \/>\n\t<meta name=\"twitter:label2\" content=\"Tiempo de lectura\" \/>\n\t<meta name=\"twitter:data2\" content=\"1 minuto\" \/>\n<script type=\"application\/ld+json\" class=\"yoast-schema-graph\">{\"@context\":\"https:\\\/\\\/schema.org\",\"@graph\":[{\"@type\":\"Article\",\"@id\":\"https:\\\/\\\/diariotextual.com\\\/inicio\\\/index.php\\\/2023\\\/08\\\/11\\\/catrilo-en-comercios-no-encontraron-chacinados-que-provocaron-brote-de-triquinosis-en-el-oeste-bonaerense\\\/#article\",\"isPartOf\":{\"@id\":\"https:\\\/\\\/diariotextual.com\\\/inicio\\\/index.php\\\/2023\\\/08\\\/11\\\/catrilo-en-comercios-no-encontraron-chacinados-que-provocaron-brote-de-triquinosis-en-el-oeste-bonaerense\\\/\"},\"author\":{\"name\":\"Diario1 Diario1\",\"@id\":\"https:\\\/\\\/diariotextual.com\\\/inicio\\\/#\\\/schema\\\/person\\\/418fc4093c33e86ed41562db3508f958\"},\"headline\":\"Catril\u00f3: en comercios no encontraron chacinados que provocaron brote de triquinosis en el oeste bonaerense\",\"datePublished\":\"2023-08-11T14:13:19+00:00\",\"dateModified\":\"2023-08-11T16:04:57+00:00\",\"mainEntityOfPage\":{\"@id\":\"https:\\\/\\\/diariotextual.com\\\/inicio\\\/index.php\\\/2023\\\/08\\\/11\\\/catrilo-en-comercios-no-encontraron-chacinados-que-provocaron-brote-de-triquinosis-en-el-oeste-bonaerense\\\/\"},\"wordCount\":139,\"publisher\":{\"@id\":\"https:\\\/\\\/diariotextual.com\\\/inicio\\\/#organization\"},\"image\":{\"@id\":\"https:\\\/\\\/diariotextual.com\\\/inicio\\\/index.php\\\/2023\\\/08\\\/11\\\/catrilo-en-comercios-no-encontraron-chacinados-que-provocaron-brote-de-triquinosis-en-el-oeste-bonaerense\\\/#primaryimage\"},\"thumbnailUrl\":\"https:\\\/\\\/diariotextual.com\\\/inicio\\\/wp-content\\\/uploads\\\/2023\\\/08\\\/chorizos2023-1.jpg\",\"articleSection\":[\"A - ES NOTICIA (van abajo)\",\"CAMPO\"],\"inLanguage\":\"es\"},{\"@type\":\"WebPage\",\"@id\":\"https:\\\/\\\/diariotextual.com\\\/inicio\\\/index.php\\\/2023\\\/08\\\/11\\\/catrilo-en-comercios-no-encontraron-chacinados-que-provocaron-brote-de-triquinosis-en-el-oeste-bonaerense\\\/\",\"url\":\"https:\\\/\\\/diariotextual.com\\\/inicio\\\/index.php\\\/2023\\\/08\\\/11\\\/catrilo-en-comercios-no-encontraron-chacinados-que-provocaron-brote-de-triquinosis-en-el-oeste-bonaerense\\\/\",\"name\":\"Catril\u00f3: en comercios no encontraron chacinados que provocaron brote de triquinosis en el oeste bonaerense - Diario Textual\",\"isPartOf\":{\"@id\":\"https:\\\/\\\/diariotextual.com\\\/inicio\\\/#website\"},\"primaryImageOfPage\":{\"@id\":\"https:\\\/\\\/diariotextual.com\\\/inicio\\\/index.php\\\/2023\\\/08\\\/11\\\/catrilo-en-comercios-no-encontraron-chacinados-que-provocaron-brote-de-triquinosis-en-el-oeste-bonaerense\\\/#primaryimage\"},\"image\":{\"@id\":\"https:\\\/\\\/diariotextual.com\\\/inicio\\\/index.php\\\/2023\\\/08\\\/11\\\/catrilo-en-comercios-no-encontraron-chacinados-que-provocaron-brote-de-triquinosis-en-el-oeste-bonaerense\\\/#primaryimage\"},\"thumbnailUrl\":\"https:\\\/\\\/diariotextual.com\\\/inicio\\\/wp-content\\\/uploads\\\/2023\\\/08\\\/chorizos2023-1.jpg\",\"datePublished\":\"2023-08-11T14:13:19+00:00\",\"dateModified\":\"2023-08-11T16:04:57+00:00\",\"breadcrumb\":{\"@id\":\"https:\\\/\\\/diariotextual.com\\\/inicio\\\/index.php\\\/2023\\\/08\\\/11\\\/catrilo-en-comercios-no-encontraron-chacinados-que-provocaron-brote-de-triquinosis-en-el-oeste-bonaerense\\\/#breadcrumb\"},\"inLanguage\":\"es\",\"potentialAction\":[{\"@type\":\"ReadAction\",\"target\":[\"https:\\\/\\\/diariotextual.com\\\/inicio\\\/index.php\\\/2023\\\/08\\\/11\\\/catrilo-en-comercios-no-encontraron-chacinados-que-provocaron-brote-de-triquinosis-en-el-oeste-bonaerense\\\/\"]}]},{\"@type\":\"ImageObject\",\"inLanguage\":\"es\",\"@id\":\"https:\\\/\\\/diariotextual.com\\\/inicio\\\/index.php\\\/2023\\\/08\\\/11\\\/catrilo-en-comercios-no-encontraron-chacinados-que-provocaron-brote-de-triquinosis-en-el-oeste-bonaerense\\\/#primaryimage\",\"url\":\"https:\\\/\\\/diariotextual.com\\\/inicio\\\/wp-content\\\/uploads\\\/2023\\\/08\\\/chorizos2023-1.jpg\",\"contentUrl\":\"https:\\\/\\\/diariotextual.com\\\/inicio\\\/wp-content\\\/uploads\\\/2023\\\/08\\\/chorizos2023-1.jpg\",\"width\":546,\"height\":361},{\"@type\":\"BreadcrumbList\",\"@id\":\"https:\\\/\\\/diariotextual.com\\\/inicio\\\/index.php\\\/2023\\\/08\\\/11\\\/catrilo-en-comercios-no-encontraron-chacinados-que-provocaron-brote-de-triquinosis-en-el-oeste-bonaerense\\\/#breadcrumb\",\"itemListElement\":[{\"@type\":\"ListItem\",\"position\":1,\"name\":\"Portada\",\"item\":\"https:\\\/\\\/diariotextual.com\\\/inicio\\\/\"},{\"@type\":\"ListItem\",\"position\":2,\"name\":\"Catril\u00f3: en comercios no encontraron chacinados que provocaron brote de triquinosis en el oeste bonaerense\"}]},{\"@type\":\"WebSite\",\"@id\":\"https:\\\/\\\/diariotextual.com\\\/inicio\\\/#website\",\"url\":\"https:\\\/\\\/diariotextual.com\\\/inicio\\\/\",\"name\":\"Diario Textual\",\"description\":\"\",\"publisher\":{\"@id\":\"https:\\\/\\\/diariotextual.com\\\/inicio\\\/#organization\"},\"potentialAction\":[{\"@type\":\"SearchAction\",\"target\":{\"@type\":\"EntryPoint\",\"urlTemplate\":\"https:\\\/\\\/diariotextual.com\\\/inicio\\\/?s={search_term_string}\"},\"query-input\":{\"@type\":\"PropertyValueSpecification\",\"valueRequired\":true,\"valueName\":\"search_term_string\"}}],\"inLanguage\":\"es\"},{\"@type\":\"Organization\",\"@id\":\"https:\\\/\\\/diariotextual.com\\\/inicio\\\/#organization\",\"name\":\"Diario Textual\",\"url\":\"https:\\\/\\\/diariotextual.com\\\/inicio\\\/\",\"logo\":{\"@type\":\"ImageObject\",\"inLanguage\":\"es\",\"@id\":\"https:\\\/\\\/diariotextual.com\\\/inicio\\\/#\\\/schema\\\/logo\\\/image\\\/\",\"url\":\"https:\\\/\\\/diariotextual.com\\\/inicio\\\/wp-content\\\/uploads\\\/2023\\\/05\\\/logotextual1.jpg\",\"contentUrl\":\"https:\\\/\\\/diariotextual.com\\\/inicio\\\/wp-content\\\/uploads\\\/2023\\\/05\\\/logotextual1.jpg\",\"width\":516,\"height\":76,\"caption\":\"Diario Textual\"},\"image\":{\"@id\":\"https:\\\/\\\/diariotextual.com\\\/inicio\\\/#\\\/schema\\\/logo\\\/image\\\/\"},\"sameAs\":[\"https:\\\/\\\/www.facebook.com\\\/eltextual\",\"https:\\\/\\\/x.com\\\/eltextual\",\"http:\\\/\\\/www.instagram.com\\\/eltextual\"]},{\"@type\":\"Person\",\"@id\":\"https:\\\/\\\/diariotextual.com\\\/inicio\\\/#\\\/schema\\\/person\\\/418fc4093c33e86ed41562db3508f958\",\"name\":\"Diario1 Diario1\",\"image\":{\"@type\":\"ImageObject\",\"inLanguage\":\"es\",\"@id\":\"https:\\\/\\\/secure.gravatar.com\\\/avatar\\\/9167d280179c85bc18be67aa7eda765854300033af4896dd779b608640f2ef7a?s=96&d=mm&r=g\",\"url\":\"https:\\\/\\\/secure.gravatar.com\\\/avatar\\\/9167d280179c85bc18be67aa7eda765854300033af4896dd779b608640f2ef7a?s=96&d=mm&r=g\",\"contentUrl\":\"https:\\\/\\\/secure.gravatar.com\\\/avatar\\\/9167d280179c85bc18be67aa7eda765854300033af4896dd779b608640f2ef7a?s=96&d=mm&r=g\",\"caption\":\"Diario1 Diario1\"},\"url\":\"https:\\\/\\\/diariotextual.com\\\/inicio\\\/index.php\\\/author\\\/diario1\\\/\"}]}<\/script>\n<!-- \/ Yoast SEO plugin. -->","yoast_head_json":{"title":"Catril\u00f3: en comercios no encontraron chacinados que provocaron brote de triquinosis en el oeste bonaerense - Diario Textual","robots":{"index":"index","follow":"follow","max-snippet":"max-snippet:-1","max-image-preview":"max-image-preview:large","max-video-preview":"max-video-preview:-1"},"canonical":"https:\/\/diariotextual.com\/inicio\/index.php\/2023\/08\/11\/catrilo-en-comercios-no-encontraron-chacinados-que-provocaron-brote-de-triquinosis-en-el-oeste-bonaerense\/","og_locale":"es_ES","og_type":"article","og_title":"Catril\u00f3: en comercios no encontraron chacinados que provocaron brote de triquinosis en el oeste bonaerense - Diario Textual","og_description":"En los comercios de Catril\u00f3 no se encontraron chorizos y otros embutidos de la f\u00e1brica que provoc\u00f3 en el oeste de Buenos Aires un brote de triquinosis. As\u00ed lo indic\u00f3&hellip;","og_url":"https:\/\/diariotextual.com\/inicio\/index.php\/2023\/08\/11\/catrilo-en-comercios-no-encontraron-chacinados-que-provocaron-brote-de-triquinosis-en-el-oeste-bonaerense\/","og_site_name":"Diario Textual","article_publisher":"https:\/\/www.facebook.com\/eltextual","article_published_time":"2023-08-11T14:13:19+00:00","article_modified_time":"2023-08-11T16:04:57+00:00","og_image":[{"width":546,"height":361,"url":"https:\/\/diariotextual.com\/inicio\/wp-content\/uploads\/2023\/08\/chorizos2023-1.jpg","type":"image\/jpeg"}],"author":"Diario1 Diario1","twitter_card":"summary_large_image","twitter_creator":"@eltextual","twitter_site":"@eltextual","twitter_misc":{"Escrito por":"Diario1 Diario1","Tiempo de lectura":"1 minuto"},"schema":{"@context":"https:\/\/schema.org","@graph":[{"@type":"Article","@id":"https:\/\/diariotextual.com\/inicio\/index.php\/2023\/08\/11\/catrilo-en-comercios-no-encontraron-chacinados-que-provocaron-brote-de-triquinosis-en-el-oeste-bonaerense\/#article","isPartOf":{"@id":"https:\/\/diariotextual.com\/inicio\/index.php\/2023\/08\/11\/catrilo-en-comercios-no-encontraron-chacinados-que-provocaron-brote-de-triquinosis-en-el-oeste-bonaerense\/"},"author":{"name":"Diario1 Diario1","@id":"https:\/\/diariotextual.com\/inicio\/#\/schema\/person\/418fc4093c33e86ed41562db3508f958"},"headline":"Catril\u00f3: en comercios no encontraron chacinados que provocaron brote de triquinosis en el oeste bonaerense","datePublished":"2023-08-11T14:13:19+00:00","dateModified":"2023-08-11T16:04:57+00:00","mainEntityOfPage":{"@id":"https:\/\/diariotextual.com\/inicio\/index.php\/2023\/08\/11\/catrilo-en-comercios-no-encontraron-chacinados-que-provocaron-brote-de-triquinosis-en-el-oeste-bonaerense\/"},"wordCount":139,"publisher":{"@id":"https:\/\/diariotextual.com\/inicio\/#organization"},"image":{"@id":"https:\/\/diariotextual.com\/inicio\/index.php\/2023\/08\/11\/catrilo-en-comercios-no-encontraron-chacinados-que-provocaron-brote-de-triquinosis-en-el-oeste-bonaerense\/#primaryimage"},"thumbnailUrl":"https:\/\/diariotextual.com\/inicio\/wp-content\/uploads\/2023\/08\/chorizos2023-1.jpg","articleSection":["A - ES NOTICIA (van abajo)","CAMPO"],"inLanguage":"es"},{"@type":"WebPage","@id":"https:\/\/diariotextual.com\/inicio\/index.php\/2023\/08\/11\/catrilo-en-comercios-no-encontraron-chacinados-que-provocaron-brote-de-triquinosis-en-el-oeste-bonaerense\/","url":"https:\/\/diariotextual.com\/inicio\/index.php\/2023\/08\/11\/catrilo-en-comercios-no-encontraron-chacinados-que-provocaron-brote-de-triquinosis-en-el-oeste-bonaerense\/","name":"Catril\u00f3: en comercios no encontraron chacinados que provocaron brote de triquinosis en el oeste bonaerense - Diario Textual","isPartOf":{"@id":"https:\/\/diariotextual.com\/inicio\/#website"},"primaryImageOfPage":{"@id":"https:\/\/diariotextual.com\/inicio\/index.php\/2023\/08\/11\/catrilo-en-comercios-no-encontraron-chacinados-que-provocaron-brote-de-triquinosis-en-el-oeste-bonaerense\/#primaryimage"},"image":{"@id":"https:\/\/diariotextual.com\/inicio\/index.php\/2023\/08\/11\/catrilo-en-comercios-no-encontraron-chacinados-que-provocaron-brote-de-triquinosis-en-el-oeste-bonaerense\/#primaryimage"},"thumbnailUrl":"https:\/\/diariotextual.com\/inicio\/wp-content\/uploads\/2023\/08\/chorizos2023-1.jpg","datePublished":"2023-08-11T14:13:19+00:00","dateModified":"2023-08-11T16:04:57+00:00","breadcrumb":{"@id":"https:\/\/diariotextual.com\/inicio\/index.php\/2023\/08\/11\/catrilo-en-comercios-no-encontraron-chacinados-que-provocaron-brote-de-triquinosis-en-el-oeste-bonaerense\/#breadcrumb"},"inLanguage":"es","potentialAction":[{"@type":"ReadAction","target":["https:\/\/diariotextual.com\/inicio\/index.php\/2023\/08\/11\/catrilo-en-comercios-no-encontraron-chacinados-que-provocaron-brote-de-triquinosis-en-el-oeste-bonaerense\/"]}]},{"@type":"ImageObject","inLanguage":"es","@id":"https:\/\/diariotextual.com\/inicio\/index.php\/2023\/08\/11\/catrilo-en-comercios-no-encontraron-chacinados-que-provocaron-brote-de-triquinosis-en-el-oeste-bonaerense\/#primaryimage","url":"https:\/\/diariotextual.com\/inicio\/wp-content\/uploads\/2023\/08\/chorizos2023-1.jpg","contentUrl":"https:\/\/diariotextual.com\/inicio\/wp-content\/uploads\/2023\/08\/chorizos2023-1.jpg","width":546,"height":361},{"@type":"BreadcrumbList","@id":"https:\/\/diariotextual.com\/inicio\/index.php\/2023\/08\/11\/catrilo-en-comercios-no-encontraron-chacinados-que-provocaron-brote-de-triquinosis-en-el-oeste-bonaerense\/#breadcrumb","itemListElement":[{"@type":"ListItem","position":1,"name":"Portada","item":"https:\/\/diariotextual.com\/inicio\/"},{"@type":"ListItem","position":2,"name":"Catril\u00f3: en comercios no encontraron chacinados que provocaron brote de triquinosis en el oeste bonaerense"}]},{"@type":"WebSite","@id":"https:\/\/diariotextual.com\/inicio\/#website","url":"https:\/\/diariotextual.com\/inicio\/","name":"Diario Textual","description":"","publisher":{"@id":"https:\/\/diariotextual.com\/inicio\/#organization"},"potentialAction":[{"@type":"SearchAction","target":{"@type":"EntryPoint","urlTemplate":"https:\/\/diariotextual.com\/inicio\/?s={search_term_string}"},"query-input":{"@type":"PropertyValueSpecification","valueRequired":true,"valueName":"search_term_string"}}],"inLanguage":"es"},{"@type":"Organization","@id":"https:\/\/diariotextual.com\/inicio\/#organization","name":"Diario Textual","url":"https:\/\/diariotextual.com\/inicio\/","logo":{"@type":"ImageObject","inLanguage":"es","@id":"https:\/\/diariotextual.com\/inicio\/#\/schema\/logo\/image\/","url":"https:\/\/diariotextual.com\/inicio\/wp-content\/uploads\/2023\/05\/logotextual1.jpg","contentUrl":"https:\/\/diariotextual.com\/inicio\/wp-content\/uploads\/2023\/05\/logotextual1.jpg","width":516,"height":76,"caption":"Diario Textual"},"image":{"@id":"https:\/\/diariotextual.com\/inicio\/#\/schema\/logo\/image\/"},"sameAs":["https:\/\/www.facebook.com\/eltextual","https:\/\/x.com\/eltextual","http:\/\/www.instagram.com\/eltextual"]},{"@type":"Person","@id":"https:\/\/diariotextual.com\/inicio\/#\/schema\/person\/418fc4093c33e86ed41562db3508f958","name":"Diario1 Diario1","image":{"@type":"ImageObject","inLanguage":"es","@id":"https:\/\/secure.gravatar.com\/avatar\/9167d280179c85bc18be67aa7eda765854300033af4896dd779b608640f2ef7a?s=96&d=mm&r=g","url":"https:\/\/secure.gravatar.com\/avatar\/9167d280179c85bc18be67aa7eda765854300033af4896dd779b608640f2ef7a?s=96&d=mm&r=g","contentUrl":"https:\/\/secure.gravatar.com\/avatar\/9167d280179c85bc18be67aa7eda765854300033af4896dd779b608640f2ef7a?s=96&d=mm&r=g","caption":"Diario1 Diario1"},"url":"https:\/\/diariotextual.com\/inicio\/index.php\/author\/diario1\/"}]}},"_links":{"self":[{"href":"https:\/\/diariotextual.com\/inicio\/index.php\/wp-json\/wp\/v2\/posts\/233582","targetHints":{"allow":["GET"]}}],"collection":[{"href":"https:\/\/diariotextual.com\/inicio\/index.php\/wp-json\/wp\/v2\/posts"}],"about":[{"href":"https:\/\/diariotextual.com\/inicio\/index.php\/wp-json\/wp\/v2\/types\/post"}],"author":[{"embeddable":true,"href":"https:\/\/diariotextual.com\/inicio\/index.php\/wp-json\/wp\/v2\/users\/3"}],"replies":[{"embeddable":true,"href":"https:\/\/diariotextual.com\/inicio\/index.php\/wp-json\/wp\/v2\/comments?post=233582"}],"version-history":[{"count":1,"href":"https:\/\/diariotextual.com\/inicio\/index.php\/wp-json\/wp\/v2\/posts\/233582\/revisions"}],"predecessor-version":[{"id":233583,"href":"https:\/\/diariotextual.com\/inicio\/index.php\/wp-json\/wp\/v2\/posts\/233582\/revisions\/233583"}],"wp:featuredmedia":[{"embeddable":true,"href":"https:\/\/diariotextual.com\/inicio\/index.php\/wp-json\/wp\/v2\/media\/233182"}],"wp:attachment":[{"href":"https:\/\/diariotextual.com\/inicio\/index.php\/wp-json\/wp\/v2\/media?parent=233582"}],"wp:term":[{"taxonomy":"category","embeddable":true,"href":"https:\/\/diariotextual.com\/inicio\/index.php\/wp-json\/wp\/v2\/categories?post=233582"},{"taxonomy":"post_tag","embeddable":true,"href":"https:\/\/diariotextual.com\/inicio\/index.php\/wp-json\/wp\/v2\/tags?post=233582"}],"curies":[{"name":"wp","href":"https:\/\/api.w.org\/{rel}","templated":true}]}}