{"id":233588,"date":"2023-08-11T11:26:21","date_gmt":"2023-08-11T14:26:21","guid":{"rendered":"https:\/\/diariotextual.com\/inicio\/?p=233588"},"modified":"2023-08-11T11:26:24","modified_gmt":"2023-08-11T14:26:24","slug":"educacion-justicia-se-extendio-a-acha-y-ya-abarca-a-toda-la-provincia","status":"publish","type":"post","link":"https:\/\/diariotextual.com\/inicio\/index.php\/2023\/08\/11\/educacion-justicia-se-extendio-a-acha-y-ya-abarca-a-toda-la-provincia\/","title":{"rendered":"\u201cEducaci\u00f3n + Justicia\u201d se extendi\u00f3 a Acha y ya abarca a toda la provincia"},"content":{"rendered":"\n<p>El programa del Superior Tribunal de Justicia, \u201cEducaci\u00f3n + Justicia\u201d, se extendi\u00f3 a General Acha a partir de la visita de un grupo de 28 estudiantes de quinto a\u00f1o del Colegio Secundario Valle Argentino al Edificio Judicial, donde funcionan la mayor\u00eda de los organismos judiciales en esa ciudad, y ahora ya abarca a toda la provincia.<\/p>\n\n\n\n<p>Si bien en 2017 hubo una primera experiencia, con la asistencia de alumnos y alumnos secundarios a un juicio oral y p\u00fablico; luego la iniciativa no pudo consolidarse y ahora, a partir de una idea del defensor oficial Claudio Mart\u00ednez Sabio y del prosecretario H\u00e9ctor David L\u00f3pez, se reflot\u00f3.<\/p>\n\n\n\n<p>Por ello, los estudiantes del turno ma\u00f1ana de la escuela achense \u2013divididos en dos tandas\u2013 concurrieron dos d\u00edas al edificio de la calle Don Bosco para interiorizarse c\u00f3mo funcionan las dependencias que atienden all\u00ed.<\/p>\n\n\n\n<p>Ambos grupos fueron recibidos y guiados por Mart\u00ednez Sabio y L\u00f3pez y, en un primer momento, recorrieron las \u00e1reas de Servicios Generales, Archivo y Oficina Judicial, donde fueron atendidos por sus responsables, Carlos Gim\u00e9nez, Adriana Dos Santos y Federico L\u00f3pez Scala (acompa\u00f1ado por la subjefa Carolina Mart\u00ednez), respectivamente.<\/p>\n\n\n\n<p>Posteriormente dialogaron con el fiscal general Alejandro Mendiara, el juez de control Diego As\u00edn, el defensor oficial Marco Mezzasalma, la fiscala Paula Duscher y Silvana Cejas, quien se desempe\u00f1a en la Asesor\u00eda de Ni\u00f1as, Ni\u00f1os y Adolescentes. Y, por \u00faltimo, estuvieron en la alcaid\u00eda y en la C\u00e1mara Gesell.<\/p>\n\n\n\n<p>Justamente, despu\u00e9s de observar esos dos lugares, los alumnos y alumnas hicieron varias preguntas sobre el tema, espec\u00edficamente si hay personas que est\u00e1n detenidas all\u00ed en forma permanente y como son las declaraciones en C\u00e1mara Gesell.<\/p>\n\n\n\n<p>Otros temas que interesaron a los adolescentes fueron cuestiones vinculadas a g\u00e9nero y los abusos sexuales infantiles. Los funcionarios dieron explicaciones y respondieron cada uno de esos interrogantes.<\/p>\n\n\n\n<p>Durante la primera jornada, los estudiantes que asistieron, acompa\u00f1ados por la docente Florencia Bacha, fueron Josefina Alzugaray, Agustina Conte, Candela Coria, Martina Fern\u00e1ndez, Luz Herrera, Luc\u00edas Herrera, Martina Kenig, Laureano Lazarini, Benjam\u00edn M\u00e1s, Maia Pedernera, Milagros Urreta, Tob\u00edas Verot e Iara Yafar.<\/p>\n\n\n\n<p>Al d\u00eda siguiente, junto al docente Javier Ayala, estuvieron Jer\u00f3nimo Acosta, Enzo Alzugaray, M\u00eda Andiarena, Ayl\u00e9n Casado, Ariana Cayuqueo, Mateo Cervi\u00f1o, Thiago Duarte, Lucas Gigena, Alejo Kuhn, Isabella Laborda, Maleni L\u00f3pez, Avril Magallanes, Arantxa Quir\u00f3s, Ana Luz Sejas y Franco Vera.<\/p>\n\n\n\n<div style=\"height:100px\" aria-hidden=\"true\" class=\"wp-block-spacer\"><\/div>\n\n\n\n<p><strong>En toda la provincia<\/strong><\/p>\n\n\n\n<p>Esta propuesta del STJ empez\u00f3 a implementarse en 2015 y tiene lugar en Santa Rosa, General Pico, Victorica y ahora General Acha, es decir que abarca a las sedes de las cuatro circunscripciones judiciales en que est\u00e1 dividida la provincia y donde se desarrollaran juicios orales y p\u00fablicos.<\/p>\n\n\n\n<p>La iniciativa pedag\u00f3gica tiene caracter\u00edsticas \u00fanicas en el pa\u00eds, cuenta con el respaldo del Ministerio de Educaci\u00f3n de La Pampa, fue declarada por la C\u00e1mara de Diputados de inter\u00e9s legislativo y apunta, fundamentalmente, a los y las estudiantes secundarios que est\u00e1n cerca de cumplir la mayor\u00eda de edad.<\/p>\n\n\n\n<p>Un objetivo espec\u00edfico del proyecto es acercar de manera concreta el Poder Judicial a la sociedad pampeana, contribuir a la formaci\u00f3n ciudadana de los alumnos y alumnas, concienciarlos acerca del respeto a la ley \u2013sus derechos, deberes y obligaciones\u2013 e inculcarles el valor justicia. Y, adem\u00e1s, permitirles a los alumnos y alumnas observar en forma directa y concreta c\u00f3mo act\u00faan jueces, fiscales, defensores, abogados, querellantes y testigos frente a hechos que muchas veces son reflejados en los medios masivos de comunicaci\u00f3n.<\/p>\n\n\n\n<p>El programa \u201cEducaci\u00f3n + Justicia\u201d incluye varias ofertas: a) concurrencia de estudiantes secundarios, a partir de los 16 a\u00f1os, a juicios orales en Santa Rosa, General Pico, General Acha y Victorica; b) charlas de funcionarios y magistrados en colegios, especialmente del interior; c) organizaci\u00f3n de simulacros de juicios; d) visitas guiadas a edificios judiciales; y e) exhibici\u00f3n de un juicio real editado.<\/p>\n\n\n\n<div style=\"height:100px\" aria-hidden=\"true\" class=\"wp-block-spacer\"><\/div>\n\n\n\n<p><strong>Nocturno<\/strong><\/p>\n\n\n\n<p>Por otra parte, un grupo de estudiantes de educaci\u00f3n permanente y de j\u00f3venes y adultos (EPJA) del Colegio Secundario Nocturno \u201c1 de Mayo\u201d, de Santa Rosa, realiz\u00f3 una visita guiada al Centro Judicial.<\/p>\n\n\n\n<p>Ellos y ellas, acompa\u00f1ados por las docentes Micaela Valderrey y Ana Surin, recorrieron los dos edificios ubicados all\u00ed, el del Ministerio P\u00fablico y el de los organismos jurisdiccionales, y observaron d\u00f3nde y c\u00f3mo funcionan las fiscal\u00edas y las defensor\u00edas.<\/p>\n\n\n\n<p>Tambi\u00e9n estuvieron en el Laboratorio de Gen\u00e9tica Forense, la C\u00e1mara Gesell, la Oficina de Atenci\u00f3n a la V\u00edctima y a los Testigos, la Biblioteca y una de las salas de audiencias donde se desarrollar\u00e1n los juicios orales y p\u00fablicos.<\/p>\n","protected":false},"excerpt":{"rendered":"<p>El programa del Superior Tribunal de Justicia, \u201cEducaci\u00f3n + Justicia\u201d, se extendi\u00f3 a General Acha a partir de la visita de un grupo de 28 estudiantes de quinto a\u00f1o del&hellip;<\/p>\n","protected":false},"author":3,"featured_media":233590,"comment_status":"closed","ping_status":"open","sticky":false,"template":"","format":"standard","meta":{"_acf_changed":false,"footnotes":""},"categories":[1,12],"tags":[],"class_list":["post-233588","post","type-post","status-publish","format-standard","has-post-thumbnail","hentry","category-es-noticia","category-sociedad"],"acf":[],"yoast_head":"<!-- This site is optimized with the Yoast SEO plugin v27.5 - https:\/\/yoast.com\/product\/yoast-seo-wordpress\/ -->\n<title>\u201cEducaci\u00f3n + Justicia\u201d se extendi\u00f3 a Acha y ya abarca a toda la provincia - Diario Textual<\/title>\n<meta name=\"robots\" content=\"index, follow, max-snippet:-1, max-image-preview:large, max-video-preview:-1\" \/>\n<link rel=\"canonical\" href=\"https:\/\/diariotextual.com\/inicio\/index.php\/2023\/08\/11\/educacion-justicia-se-extendio-a-acha-y-ya-abarca-a-toda-la-provincia\/\" \/>\n<meta property=\"og:locale\" content=\"es_ES\" \/>\n<meta property=\"og:type\" content=\"article\" \/>\n<meta property=\"og:title\" content=\"\u201cEducaci\u00f3n + Justicia\u201d se extendi\u00f3 a Acha y ya abarca a toda la provincia - Diario Textual\" \/>\n<meta property=\"og:description\" content=\"El programa del Superior Tribunal de Justicia, \u201cEducaci\u00f3n + Justicia\u201d, se extendi\u00f3 a General Acha a partir de la visita de un grupo de 28 estudiantes de quinto a\u00f1o del&hellip;\" \/>\n<meta property=\"og:url\" content=\"https:\/\/diariotextual.com\/inicio\/index.php\/2023\/08\/11\/educacion-justicia-se-extendio-a-acha-y-ya-abarca-a-toda-la-provincia\/\" \/>\n<meta property=\"og:site_name\" content=\"Diario Textual\" \/>\n<meta property=\"article:publisher\" content=\"https:\/\/www.facebook.com\/eltextual\" \/>\n<meta property=\"article:published_time\" content=\"2023-08-11T14:26:21+00:00\" \/>\n<meta property=\"article:modified_time\" content=\"2023-08-11T14:26:24+00:00\" \/>\n<meta property=\"og:image\" content=\"https:\/\/diariotextual.com\/inicio\/wp-content\/uploads\/2023\/08\/educacionmasjusticiaacha2023-1.jpg\" \/>\n\t<meta property=\"og:image:width\" content=\"893\" \/>\n\t<meta property=\"og:image:height\" content=\"622\" \/>\n\t<meta property=\"og:image:type\" content=\"image\/jpeg\" \/>\n<meta name=\"author\" content=\"Diario1 Diario1\" \/>\n<meta name=\"twitter:card\" content=\"summary_large_image\" \/>\n<meta name=\"twitter:creator\" content=\"@eltextual\" \/>\n<meta name=\"twitter:site\" content=\"@eltextual\" \/>\n<meta name=\"twitter:label1\" content=\"Escrito por\" \/>\n\t<meta name=\"twitter:data1\" content=\"Diario1 Diario1\" \/>\n\t<meta name=\"twitter:label2\" content=\"Tiempo de lectura\" \/>\n\t<meta name=\"twitter:data2\" content=\"4 minutos\" \/>\n<script type=\"application\/ld+json\" class=\"yoast-schema-graph\">{\"@context\":\"https:\\\/\\\/schema.org\",\"@graph\":[{\"@type\":\"Article\",\"@id\":\"https:\\\/\\\/diariotextual.com\\\/inicio\\\/index.php\\\/2023\\\/08\\\/11\\\/educacion-justicia-se-extendio-a-acha-y-ya-abarca-a-toda-la-provincia\\\/#article\",\"isPartOf\":{\"@id\":\"https:\\\/\\\/diariotextual.com\\\/inicio\\\/index.php\\\/2023\\\/08\\\/11\\\/educacion-justicia-se-extendio-a-acha-y-ya-abarca-a-toda-la-provincia\\\/\"},\"author\":{\"name\":\"Diario1 Diario1\",\"@id\":\"https:\\\/\\\/diariotextual.com\\\/inicio\\\/#\\\/schema\\\/person\\\/418fc4093c33e86ed41562db3508f958\"},\"headline\":\"\u201cEducaci\u00f3n + Justicia\u201d se extendi\u00f3 a Acha y ya abarca a toda la provincia\",\"datePublished\":\"2023-08-11T14:26:21+00:00\",\"dateModified\":\"2023-08-11T14:26:24+00:00\",\"mainEntityOfPage\":{\"@id\":\"https:\\\/\\\/diariotextual.com\\\/inicio\\\/index.php\\\/2023\\\/08\\\/11\\\/educacion-justicia-se-extendio-a-acha-y-ya-abarca-a-toda-la-provincia\\\/\"},\"wordCount\":820,\"publisher\":{\"@id\":\"https:\\\/\\\/diariotextual.com\\\/inicio\\\/#organization\"},\"image\":{\"@id\":\"https:\\\/\\\/diariotextual.com\\\/inicio\\\/index.php\\\/2023\\\/08\\\/11\\\/educacion-justicia-se-extendio-a-acha-y-ya-abarca-a-toda-la-provincia\\\/#primaryimage\"},\"thumbnailUrl\":\"https:\\\/\\\/diariotextual.com\\\/inicio\\\/wp-content\\\/uploads\\\/2023\\\/08\\\/educacionmasjusticiaacha2023-1.jpg\",\"articleSection\":[\"A - ES NOTICIA (van abajo)\",\"SOCIEDAD\"],\"inLanguage\":\"es\"},{\"@type\":\"WebPage\",\"@id\":\"https:\\\/\\\/diariotextual.com\\\/inicio\\\/index.php\\\/2023\\\/08\\\/11\\\/educacion-justicia-se-extendio-a-acha-y-ya-abarca-a-toda-la-provincia\\\/\",\"url\":\"https:\\\/\\\/diariotextual.com\\\/inicio\\\/index.php\\\/2023\\\/08\\\/11\\\/educacion-justicia-se-extendio-a-acha-y-ya-abarca-a-toda-la-provincia\\\/\",\"name\":\"\u201cEducaci\u00f3n + Justicia\u201d se extendi\u00f3 a Acha y ya abarca a toda la provincia - Diario Textual\",\"isPartOf\":{\"@id\":\"https:\\\/\\\/diariotextual.com\\\/inicio\\\/#website\"},\"primaryImageOfPage\":{\"@id\":\"https:\\\/\\\/diariotextual.com\\\/inicio\\\/index.php\\\/2023\\\/08\\\/11\\\/educacion-justicia-se-extendio-a-acha-y-ya-abarca-a-toda-la-provincia\\\/#primaryimage\"},\"image\":{\"@id\":\"https:\\\/\\\/diariotextual.com\\\/inicio\\\/index.php\\\/2023\\\/08\\\/11\\\/educacion-justicia-se-extendio-a-acha-y-ya-abarca-a-toda-la-provincia\\\/#primaryimage\"},\"thumbnailUrl\":\"https:\\\/\\\/diariotextual.com\\\/inicio\\\/wp-content\\\/uploads\\\/2023\\\/08\\\/educacionmasjusticiaacha2023-1.jpg\",\"datePublished\":\"2023-08-11T14:26:21+00:00\",\"dateModified\":\"2023-08-11T14:26:24+00:00\",\"breadcrumb\":{\"@id\":\"https:\\\/\\\/diariotextual.com\\\/inicio\\\/index.php\\\/2023\\\/08\\\/11\\\/educacion-justicia-se-extendio-a-acha-y-ya-abarca-a-toda-la-provincia\\\/#breadcrumb\"},\"inLanguage\":\"es\",\"potentialAction\":[{\"@type\":\"ReadAction\",\"target\":[\"https:\\\/\\\/diariotextual.com\\\/inicio\\\/index.php\\\/2023\\\/08\\\/11\\\/educacion-justicia-se-extendio-a-acha-y-ya-abarca-a-toda-la-provincia\\\/\"]}]},{\"@type\":\"ImageObject\",\"inLanguage\":\"es\",\"@id\":\"https:\\\/\\\/diariotextual.com\\\/inicio\\\/index.php\\\/2023\\\/08\\\/11\\\/educacion-justicia-se-extendio-a-acha-y-ya-abarca-a-toda-la-provincia\\\/#primaryimage\",\"url\":\"https:\\\/\\\/diariotextual.com\\\/inicio\\\/wp-content\\\/uploads\\\/2023\\\/08\\\/educacionmasjusticiaacha2023-1.jpg\",\"contentUrl\":\"https:\\\/\\\/diariotextual.com\\\/inicio\\\/wp-content\\\/uploads\\\/2023\\\/08\\\/educacionmasjusticiaacha2023-1.jpg\",\"width\":893,\"height\":622},{\"@type\":\"BreadcrumbList\",\"@id\":\"https:\\\/\\\/diariotextual.com\\\/inicio\\\/index.php\\\/2023\\\/08\\\/11\\\/educacion-justicia-se-extendio-a-acha-y-ya-abarca-a-toda-la-provincia\\\/#breadcrumb\",\"itemListElement\":[{\"@type\":\"ListItem\",\"position\":1,\"name\":\"Portada\",\"item\":\"https:\\\/\\\/diariotextual.com\\\/inicio\\\/\"},{\"@type\":\"ListItem\",\"position\":2,\"name\":\"\u201cEducaci\u00f3n + Justicia\u201d se extendi\u00f3 a Acha y ya abarca a toda la provincia\"}]},{\"@type\":\"WebSite\",\"@id\":\"https:\\\/\\\/diariotextual.com\\\/inicio\\\/#website\",\"url\":\"https:\\\/\\\/diariotextual.com\\\/inicio\\\/\",\"name\":\"Diario Textual\",\"description\":\"\",\"publisher\":{\"@id\":\"https:\\\/\\\/diariotextual.com\\\/inicio\\\/#organization\"},\"potentialAction\":[{\"@type\":\"SearchAction\",\"target\":{\"@type\":\"EntryPoint\",\"urlTemplate\":\"https:\\\/\\\/diariotextual.com\\\/inicio\\\/?s={search_term_string}\"},\"query-input\":{\"@type\":\"PropertyValueSpecification\",\"valueRequired\":true,\"valueName\":\"search_term_string\"}}],\"inLanguage\":\"es\"},{\"@type\":\"Organization\",\"@id\":\"https:\\\/\\\/diariotextual.com\\\/inicio\\\/#organization\",\"name\":\"Diario Textual\",\"url\":\"https:\\\/\\\/diariotextual.com\\\/inicio\\\/\",\"logo\":{\"@type\":\"ImageObject\",\"inLanguage\":\"es\",\"@id\":\"https:\\\/\\\/diariotextual.com\\\/inicio\\\/#\\\/schema\\\/logo\\\/image\\\/\",\"url\":\"https:\\\/\\\/diariotextual.com\\\/inicio\\\/wp-content\\\/uploads\\\/2023\\\/05\\\/logotextual1.jpg\",\"contentUrl\":\"https:\\\/\\\/diariotextual.com\\\/inicio\\\/wp-content\\\/uploads\\\/2023\\\/05\\\/logotextual1.jpg\",\"width\":516,\"height\":76,\"caption\":\"Diario Textual\"},\"image\":{\"@id\":\"https:\\\/\\\/diariotextual.com\\\/inicio\\\/#\\\/schema\\\/logo\\\/image\\\/\"},\"sameAs\":[\"https:\\\/\\\/www.facebook.com\\\/eltextual\",\"https:\\\/\\\/x.com\\\/eltextual\",\"http:\\\/\\\/www.instagram.com\\\/eltextual\"]},{\"@type\":\"Person\",\"@id\":\"https:\\\/\\\/diariotextual.com\\\/inicio\\\/#\\\/schema\\\/person\\\/418fc4093c33e86ed41562db3508f958\",\"name\":\"Diario1 Diario1\",\"image\":{\"@type\":\"ImageObject\",\"inLanguage\":\"es\",\"@id\":\"https:\\\/\\\/secure.gravatar.com\\\/avatar\\\/9167d280179c85bc18be67aa7eda765854300033af4896dd779b608640f2ef7a?s=96&d=mm&r=g\",\"url\":\"https:\\\/\\\/secure.gravatar.com\\\/avatar\\\/9167d280179c85bc18be67aa7eda765854300033af4896dd779b608640f2ef7a?s=96&d=mm&r=g\",\"contentUrl\":\"https:\\\/\\\/secure.gravatar.com\\\/avatar\\\/9167d280179c85bc18be67aa7eda765854300033af4896dd779b608640f2ef7a?s=96&d=mm&r=g\",\"caption\":\"Diario1 Diario1\"},\"url\":\"https:\\\/\\\/diariotextual.com\\\/inicio\\\/index.php\\\/author\\\/diario1\\\/\"}]}<\/script>\n<!-- \/ Yoast SEO plugin. -->","yoast_head_json":{"title":"\u201cEducaci\u00f3n + Justicia\u201d se extendi\u00f3 a Acha y ya abarca a toda la provincia - Diario Textual","robots":{"index":"index","follow":"follow","max-snippet":"max-snippet:-1","max-image-preview":"max-image-preview:large","max-video-preview":"max-video-preview:-1"},"canonical":"https:\/\/diariotextual.com\/inicio\/index.php\/2023\/08\/11\/educacion-justicia-se-extendio-a-acha-y-ya-abarca-a-toda-la-provincia\/","og_locale":"es_ES","og_type":"article","og_title":"\u201cEducaci\u00f3n + Justicia\u201d se extendi\u00f3 a Acha y ya abarca a toda la provincia - Diario Textual","og_description":"El programa del Superior Tribunal de Justicia, \u201cEducaci\u00f3n + Justicia\u201d, se extendi\u00f3 a General Acha a partir de la visita de un grupo de 28 estudiantes de quinto a\u00f1o del&hellip;","og_url":"https:\/\/diariotextual.com\/inicio\/index.php\/2023\/08\/11\/educacion-justicia-se-extendio-a-acha-y-ya-abarca-a-toda-la-provincia\/","og_site_name":"Diario Textual","article_publisher":"https:\/\/www.facebook.com\/eltextual","article_published_time":"2023-08-11T14:26:21+00:00","article_modified_time":"2023-08-11T14:26:24+00:00","og_image":[{"width":893,"height":622,"url":"https:\/\/diariotextual.com\/inicio\/wp-content\/uploads\/2023\/08\/educacionmasjusticiaacha2023-1.jpg","type":"image\/jpeg"}],"author":"Diario1 Diario1","twitter_card":"summary_large_image","twitter_creator":"@eltextual","twitter_site":"@eltextual","twitter_misc":{"Escrito por":"Diario1 Diario1","Tiempo de lectura":"4 minutos"},"schema":{"@context":"https:\/\/schema.org","@graph":[{"@type":"Article","@id":"https:\/\/diariotextual.com\/inicio\/index.php\/2023\/08\/11\/educacion-justicia-se-extendio-a-acha-y-ya-abarca-a-toda-la-provincia\/#article","isPartOf":{"@id":"https:\/\/diariotextual.com\/inicio\/index.php\/2023\/08\/11\/educacion-justicia-se-extendio-a-acha-y-ya-abarca-a-toda-la-provincia\/"},"author":{"name":"Diario1 Diario1","@id":"https:\/\/diariotextual.com\/inicio\/#\/schema\/person\/418fc4093c33e86ed41562db3508f958"},"headline":"\u201cEducaci\u00f3n + Justicia\u201d se extendi\u00f3 a Acha y ya abarca a toda la provincia","datePublished":"2023-08-11T14:26:21+00:00","dateModified":"2023-08-11T14:26:24+00:00","mainEntityOfPage":{"@id":"https:\/\/diariotextual.com\/inicio\/index.php\/2023\/08\/11\/educacion-justicia-se-extendio-a-acha-y-ya-abarca-a-toda-la-provincia\/"},"wordCount":820,"publisher":{"@id":"https:\/\/diariotextual.com\/inicio\/#organization"},"image":{"@id":"https:\/\/diariotextual.com\/inicio\/index.php\/2023\/08\/11\/educacion-justicia-se-extendio-a-acha-y-ya-abarca-a-toda-la-provincia\/#primaryimage"},"thumbnailUrl":"https:\/\/diariotextual.com\/inicio\/wp-content\/uploads\/2023\/08\/educacionmasjusticiaacha2023-1.jpg","articleSection":["A - ES NOTICIA (van abajo)","SOCIEDAD"],"inLanguage":"es"},{"@type":"WebPage","@id":"https:\/\/diariotextual.com\/inicio\/index.php\/2023\/08\/11\/educacion-justicia-se-extendio-a-acha-y-ya-abarca-a-toda-la-provincia\/","url":"https:\/\/diariotextual.com\/inicio\/index.php\/2023\/08\/11\/educacion-justicia-se-extendio-a-acha-y-ya-abarca-a-toda-la-provincia\/","name":"\u201cEducaci\u00f3n + Justicia\u201d se extendi\u00f3 a Acha y ya abarca a toda la provincia - Diario Textual","isPartOf":{"@id":"https:\/\/diariotextual.com\/inicio\/#website"},"primaryImageOfPage":{"@id":"https:\/\/diariotextual.com\/inicio\/index.php\/2023\/08\/11\/educacion-justicia-se-extendio-a-acha-y-ya-abarca-a-toda-la-provincia\/#primaryimage"},"image":{"@id":"https:\/\/diariotextual.com\/inicio\/index.php\/2023\/08\/11\/educacion-justicia-se-extendio-a-acha-y-ya-abarca-a-toda-la-provincia\/#primaryimage"},"thumbnailUrl":"https:\/\/diariotextual.com\/inicio\/wp-content\/uploads\/2023\/08\/educacionmasjusticiaacha2023-1.jpg","datePublished":"2023-08-11T14:26:21+00:00","dateModified":"2023-08-11T14:26:24+00:00","breadcrumb":{"@id":"https:\/\/diariotextual.com\/inicio\/index.php\/2023\/08\/11\/educacion-justicia-se-extendio-a-acha-y-ya-abarca-a-toda-la-provincia\/#breadcrumb"},"inLanguage":"es","potentialAction":[{"@type":"ReadAction","target":["https:\/\/diariotextual.com\/inicio\/index.php\/2023\/08\/11\/educacion-justicia-se-extendio-a-acha-y-ya-abarca-a-toda-la-provincia\/"]}]},{"@type":"ImageObject","inLanguage":"es","@id":"https:\/\/diariotextual.com\/inicio\/index.php\/2023\/08\/11\/educacion-justicia-se-extendio-a-acha-y-ya-abarca-a-toda-la-provincia\/#primaryimage","url":"https:\/\/diariotextual.com\/inicio\/wp-content\/uploads\/2023\/08\/educacionmasjusticiaacha2023-1.jpg","contentUrl":"https:\/\/diariotextual.com\/inicio\/wp-content\/uploads\/2023\/08\/educacionmasjusticiaacha2023-1.jpg","width":893,"height":622},{"@type":"BreadcrumbList","@id":"https:\/\/diariotextual.com\/inicio\/index.php\/2023\/08\/11\/educacion-justicia-se-extendio-a-acha-y-ya-abarca-a-toda-la-provincia\/#breadcrumb","itemListElement":[{"@type":"ListItem","position":1,"name":"Portada","item":"https:\/\/diariotextual.com\/inicio\/"},{"@type":"ListItem","position":2,"name":"\u201cEducaci\u00f3n + Justicia\u201d se extendi\u00f3 a Acha y ya abarca a toda la provincia"}]},{"@type":"WebSite","@id":"https:\/\/diariotextual.com\/inicio\/#website","url":"https:\/\/diariotextual.com\/inicio\/","name":"Diario Textual","description":"","publisher":{"@id":"https:\/\/diariotextual.com\/inicio\/#organization"},"potentialAction":[{"@type":"SearchAction","target":{"@type":"EntryPoint","urlTemplate":"https:\/\/diariotextual.com\/inicio\/?s={search_term_string}"},"query-input":{"@type":"PropertyValueSpecification","valueRequired":true,"valueName":"search_term_string"}}],"inLanguage":"es"},{"@type":"Organization","@id":"https:\/\/diariotextual.com\/inicio\/#organization","name":"Diario Textual","url":"https:\/\/diariotextual.com\/inicio\/","logo":{"@type":"ImageObject","inLanguage":"es","@id":"https:\/\/diariotextual.com\/inicio\/#\/schema\/logo\/image\/","url":"https:\/\/diariotextual.com\/inicio\/wp-content\/uploads\/2023\/05\/logotextual1.jpg","contentUrl":"https:\/\/diariotextual.com\/inicio\/wp-content\/uploads\/2023\/05\/logotextual1.jpg","width":516,"height":76,"caption":"Diario Textual"},"image":{"@id":"https:\/\/diariotextual.com\/inicio\/#\/schema\/logo\/image\/"},"sameAs":["https:\/\/www.facebook.com\/eltextual","https:\/\/x.com\/eltextual","http:\/\/www.instagram.com\/eltextual"]},{"@type":"Person","@id":"https:\/\/diariotextual.com\/inicio\/#\/schema\/person\/418fc4093c33e86ed41562db3508f958","name":"Diario1 Diario1","image":{"@type":"ImageObject","inLanguage":"es","@id":"https:\/\/secure.gravatar.com\/avatar\/9167d280179c85bc18be67aa7eda765854300033af4896dd779b608640f2ef7a?s=96&d=mm&r=g","url":"https:\/\/secure.gravatar.com\/avatar\/9167d280179c85bc18be67aa7eda765854300033af4896dd779b608640f2ef7a?s=96&d=mm&r=g","contentUrl":"https:\/\/secure.gravatar.com\/avatar\/9167d280179c85bc18be67aa7eda765854300033af4896dd779b608640f2ef7a?s=96&d=mm&r=g","caption":"Diario1 Diario1"},"url":"https:\/\/diariotextual.com\/inicio\/index.php\/author\/diario1\/"}]}},"_links":{"self":[{"href":"https:\/\/diariotextual.com\/inicio\/index.php\/wp-json\/wp\/v2\/posts\/233588","targetHints":{"allow":["GET"]}}],"collection":[{"href":"https:\/\/diariotextual.com\/inicio\/index.php\/wp-json\/wp\/v2\/posts"}],"about":[{"href":"https:\/\/diariotextual.com\/inicio\/index.php\/wp-json\/wp\/v2\/types\/post"}],"author":[{"embeddable":true,"href":"https:\/\/diariotextual.com\/inicio\/index.php\/wp-json\/wp\/v2\/users\/3"}],"replies":[{"embeddable":true,"href":"https:\/\/diariotextual.com\/inicio\/index.php\/wp-json\/wp\/v2\/comments?post=233588"}],"version-history":[{"count":1,"href":"https:\/\/diariotextual.com\/inicio\/index.php\/wp-json\/wp\/v2\/posts\/233588\/revisions"}],"predecessor-version":[{"id":233589,"href":"https:\/\/diariotextual.com\/inicio\/index.php\/wp-json\/wp\/v2\/posts\/233588\/revisions\/233589"}],"wp:featuredmedia":[{"embeddable":true,"href":"https:\/\/diariotextual.com\/inicio\/index.php\/wp-json\/wp\/v2\/media\/233590"}],"wp:attachment":[{"href":"https:\/\/diariotextual.com\/inicio\/index.php\/wp-json\/wp\/v2\/media?parent=233588"}],"wp:term":[{"taxonomy":"category","embeddable":true,"href":"https:\/\/diariotextual.com\/inicio\/index.php\/wp-json\/wp\/v2\/categories?post=233588"},{"taxonomy":"post_tag","embeddable":true,"href":"https:\/\/diariotextual.com\/inicio\/index.php\/wp-json\/wp\/v2\/tags?post=233588"}],"curies":[{"name":"wp","href":"https:\/\/api.w.org\/{rel}","templated":true}]}}