{"id":233628,"date":"2023-08-11T17:50:25","date_gmt":"2023-08-11T20:50:25","guid":{"rendered":"https:\/\/diariotextual.com\/inicio\/?p=233628"},"modified":"2023-08-12T08:28:59","modified_gmt":"2023-08-12T11:28:59","slug":"estos-son-los-finalistas-del-1-concurso-de-la-empanada-pampeana","status":"publish","type":"post","link":"https:\/\/diariotextual.com\/inicio\/index.php\/2023\/08\/11\/estos-son-los-finalistas-del-1-concurso-de-la-empanada-pampeana\/","title":{"rendered":"Estos son los finalistas del 1\u00b0 Concurso de la Empanada Pampeana"},"content":{"rendered":"\n<p>El 1\u00b0 Concurso de la Empanada Pampeana ya tiene sus finalistas. En total, son seis que fueron elegidos por sus recetas.<\/p>\n\n\n\n<p>En total, inform\u00f3 la Secretar\u00eda de Turismo de La Pampa, se recibieron unas 60 recetas, con ideas innovadoras y respetando la identidad pampeana. <\/p>\n\n\n\n<p>La selecci\u00f3n por parte del jurado fue muy dif\u00edcil ya que cada una de las recetas presentadas ten\u00edan un detalle en particular, diversidad de prote\u00ednas elegidas, ingredientes no convencionales que hac\u00edan a la pampeanidad del producto.<\/p>\n\n\n\n<p>Es importante destacar la participaci\u00f3n de distintas localidades de La Pampa.<\/p>\n\n\n\n<p>El concurso es organizado por las secretar\u00edas de Turismo y Trabajo del Gobierno Provincial, junto a la Asociaci\u00f3n Hotelera de La Pampa (AEHGLP-FEHGRA) y la Uni\u00f3n de Trabajadores de la Hoteler\u00eda y la Gastronom\u00eda de la Rep\u00fablica Argentina (UTHGRA).<\/p>\n\n\n\n<p>Los 6 finalistas a presentarse en la instancia presencial, el mi\u00e9rcoles 16 de agosto, son los siguientes:<\/p>\n\n\n\n<div style=\"height:100px\" aria-hidden=\"true\" class=\"wp-block-spacer\"><\/div>\n\n\n\n<p><img decoding=\"async\" height=\"16\" width=\"16\" src=\"https:\/\/static.xx.fbcdn.net\/images\/emoji.php\/v9\/te2\/1\/16\/1f95f.png\" alt=\"&#x1f95f;\"> Jonathan Emmanuel Maisares<\/p>\n\n\n\n<p>DNI: 35776793<\/p>\n\n\n\n<p>Localidad: 25 de Mayo<\/p>\n\n\n\n<div style=\"height:100px\" aria-hidden=\"true\" class=\"wp-block-spacer\"><\/div>\n\n\n\n<p><\/p>\n\n\n\n<p><img decoding=\"async\" height=\"16\" width=\"16\" src=\"https:\/\/static.xx.fbcdn.net\/images\/emoji.php\/v9\/te2\/1\/16\/1f95f.png\" alt=\"&#x1f95f;\"> Carlos Nicolas Zanesi<\/p>\n\n\n\n<p>DNI :30248990<\/p>\n\n\n\n<p>Localidad: Santa Rosa<\/p>\n\n\n\n<div style=\"height:100px\" aria-hidden=\"true\" class=\"wp-block-spacer\"><\/div>\n\n\n\n<p><\/p>\n\n\n\n<p><img decoding=\"async\" height=\"16\" width=\"16\" src=\"https:\/\/static.xx.fbcdn.net\/images\/emoji.php\/v9\/te2\/1\/16\/1f95f.png\" alt=\"&#x1f95f;\"> Dalma Nerea Hurtado<\/p>\n\n\n\n<p>DNI: 36201936<\/p>\n\n\n\n<p>Localidad: Santa Rosa<\/p>\n\n\n\n<div style=\"height:100px\" aria-hidden=\"true\" class=\"wp-block-spacer\"><\/div>\n\n\n\n<p><\/p>\n\n\n\n<p><img decoding=\"async\" height=\"16\" width=\"16\" src=\"https:\/\/static.xx.fbcdn.net\/images\/emoji.php\/v9\/te2\/1\/16\/1f95f.png\" alt=\"&#x1f95f;\"> Nancy Susana Carballo<\/p>\n\n\n\n<p>DNI: 33654257<\/p>\n\n\n\n<p>Localidad: Carro Quemado<\/p>\n\n\n\n<div style=\"height:100px\" aria-hidden=\"true\" class=\"wp-block-spacer\"><\/div>\n\n\n\n<p><\/p>\n\n\n\n<p><img decoding=\"async\" height=\"16\" width=\"16\" src=\"https:\/\/static.xx.fbcdn.net\/images\/emoji.php\/v9\/te2\/1\/16\/1f95f.png\" alt=\"&#x1f95f;\"> Juan Antonio Garc\u00eda<\/p>\n\n\n\n<p>DNI: 11519254<\/p>\n\n\n\n<p>Localidad: General Pico<\/p>\n\n\n\n<div style=\"height:100px\" aria-hidden=\"true\" class=\"wp-block-spacer\"><\/div>\n\n\n\n<p><\/p>\n\n\n\n<p><img decoding=\"async\" height=\"16\" width=\"16\" src=\"https:\/\/static.xx.fbcdn.net\/images\/emoji.php\/v9\/te2\/1\/16\/1f95f.png\" alt=\"&#x1f95f;\"> Claudio Andres Massara<\/p>\n\n\n\n<p>DNI :21955347<\/p>\n\n\n\n<p>Localidad: Santa Rosa<\/p>\n\n\n\n<div style=\"height:100px\" aria-hidden=\"true\" class=\"wp-block-spacer\"><\/div>\n\n\n\n<p><\/p>\n\n\n\n<p>Los finalistas suplentes, en caso de haber alg\u00fan inconveniente o raz\u00f3n de fuerza mayor de algunos de los seleccionados, son:<\/p>\n\n\n\n<p><\/p>\n\n\n\n<p><img decoding=\"async\" height=\"16\" width=\"16\" src=\"https:\/\/static.xx.fbcdn.net\/images\/emoji.php\/v9\/te2\/1\/16\/1f95f.png\" alt=\"&#x1f95f;\"> Roxana Arguello<\/p>\n\n\n\n<p>DNI: 31405249<\/p>\n\n\n\n<p>Localidad: Toay<\/p>\n\n\n\n<div style=\"height:100px\" aria-hidden=\"true\" class=\"wp-block-spacer\"><\/div>\n\n\n\n<p><\/p>\n\n\n\n<p><img decoding=\"async\" height=\"16\" width=\"16\" src=\"https:\/\/static.xx.fbcdn.net\/images\/emoji.php\/v9\/te2\/1\/16\/1f95f.png\" alt=\"&#x1f95f;\"> Eric Leonel Lucero<\/p>\n\n\n\n<p>DNI: 41036779<\/p>\n\n\n\n<p>Localidad: General Pico<\/p>\n\n\n\n<p><\/p>\n\n\n\n<div style=\"height:100px\" aria-hidden=\"true\" class=\"wp-block-spacer\"><\/div>\n\n\n\n<p><\/p>\n\n\n\n<p><img decoding=\"async\" height=\"16\" width=\"16\" src=\"https:\/\/static.xx.fbcdn.net\/images\/emoji.php\/v9\/te2\/1\/16\/1f95f.png\" alt=\"&#x1f95f;\"> Miguel Angel Massara<\/p>\n\n\n\n<p>DNI: 13384037<\/p>\n\n\n\n<p>Localidad: Santa Rosa<\/p>\n\n\n\n<div style=\"height:100px\" aria-hidden=\"true\" class=\"wp-block-spacer\"><\/div>\n\n\n\n<p>Desde la Secretar\u00eda de Turismo se estar\u00e1n comunicando telef\u00f3nicamente con cada uno de los seleccionados para tratar temas relacionados a la participaci\u00f3n en la ronda final.<\/p>\n","protected":false},"excerpt":{"rendered":"<p>El 1\u00b0 Concurso de la Empanada Pampeana ya tiene sus finalistas. En total, son seis que fueron elegidos por sus recetas. En total, inform\u00f3 la Secretar\u00eda de Turismo de La&hellip;<\/p>\n","protected":false},"author":3,"featured_media":233629,"comment_status":"closed","ping_status":"open","sticky":false,"template":"","format":"standard","meta":{"_acf_changed":false,"footnotes":""},"categories":[1,11,12],"tags":[],"class_list":["post-233628","post","type-post","status-publish","format-standard","has-post-thumbnail","hentry","category-es-noticia","category-que-pasa","category-sociedad"],"acf":[],"yoast_head":"<!-- This site is optimized with the Yoast SEO plugin v27.5 - https:\/\/yoast.com\/product\/yoast-seo-wordpress\/ -->\n<title>Estos son los finalistas del 1\u00b0 Concurso de la Empanada Pampeana - Diario Textual<\/title>\n<meta name=\"robots\" content=\"index, follow, max-snippet:-1, max-image-preview:large, max-video-preview:-1\" \/>\n<link rel=\"canonical\" href=\"https:\/\/diariotextual.com\/inicio\/index.php\/2023\/08\/11\/estos-son-los-finalistas-del-1-concurso-de-la-empanada-pampeana\/\" \/>\n<meta property=\"og:locale\" content=\"es_ES\" \/>\n<meta property=\"og:type\" content=\"article\" \/>\n<meta property=\"og:title\" content=\"Estos son los finalistas del 1\u00b0 Concurso de la Empanada Pampeana - Diario Textual\" \/>\n<meta property=\"og:description\" content=\"El 1\u00b0 Concurso de la Empanada Pampeana ya tiene sus finalistas. En total, son seis que fueron elegidos por sus recetas. En total, inform\u00f3 la Secretar\u00eda de Turismo de La&hellip;\" \/>\n<meta property=\"og:url\" content=\"https:\/\/diariotextual.com\/inicio\/index.php\/2023\/08\/11\/estos-son-los-finalistas-del-1-concurso-de-la-empanada-pampeana\/\" \/>\n<meta property=\"og:site_name\" content=\"Diario Textual\" \/>\n<meta property=\"article:publisher\" content=\"https:\/\/www.facebook.com\/eltextual\" \/>\n<meta property=\"article:published_time\" content=\"2023-08-11T20:50:25+00:00\" \/>\n<meta property=\"article:modified_time\" content=\"2023-08-12T11:28:59+00:00\" \/>\n<meta property=\"og:image\" content=\"https:\/\/diariotextual.com\/inicio\/wp-content\/uploads\/2023\/08\/empanadas004-rotated.jpg\" \/>\n\t<meta property=\"og:image:width\" content=\"1544\" \/>\n\t<meta property=\"og:image:height\" content=\"1200\" \/>\n\t<meta property=\"og:image:type\" content=\"image\/jpeg\" \/>\n<meta name=\"author\" content=\"Diario1 Diario1\" \/>\n<meta name=\"twitter:card\" content=\"summary_large_image\" \/>\n<meta name=\"twitter:creator\" content=\"@eltextual\" \/>\n<meta name=\"twitter:site\" content=\"@eltextual\" \/>\n<meta name=\"twitter:label1\" content=\"Escrito por\" \/>\n\t<meta name=\"twitter:data1\" content=\"Diario1 Diario1\" \/>\n\t<meta name=\"twitter:label2\" content=\"Tiempo de lectura\" \/>\n\t<meta name=\"twitter:data2\" content=\"4 minutos\" \/>\n<script type=\"application\/ld+json\" class=\"yoast-schema-graph\">{\"@context\":\"https:\\\/\\\/schema.org\",\"@graph\":[{\"@type\":\"Article\",\"@id\":\"https:\\\/\\\/diariotextual.com\\\/inicio\\\/index.php\\\/2023\\\/08\\\/11\\\/estos-son-los-finalistas-del-1-concurso-de-la-empanada-pampeana\\\/#article\",\"isPartOf\":{\"@id\":\"https:\\\/\\\/diariotextual.com\\\/inicio\\\/index.php\\\/2023\\\/08\\\/11\\\/estos-son-los-finalistas-del-1-concurso-de-la-empanada-pampeana\\\/\"},\"author\":{\"name\":\"Diario1 Diario1\",\"@id\":\"https:\\\/\\\/diariotextual.com\\\/inicio\\\/#\\\/schema\\\/person\\\/418fc4093c33e86ed41562db3508f958\"},\"headline\":\"Estos son los finalistas del 1\u00b0 Concurso de la Empanada Pampeana\",\"datePublished\":\"2023-08-11T20:50:25+00:00\",\"dateModified\":\"2023-08-12T11:28:59+00:00\",\"mainEntityOfPage\":{\"@id\":\"https:\\\/\\\/diariotextual.com\\\/inicio\\\/index.php\\\/2023\\\/08\\\/11\\\/estos-son-los-finalistas-del-1-concurso-de-la-empanada-pampeana\\\/\"},\"wordCount\":281,\"publisher\":{\"@id\":\"https:\\\/\\\/diariotextual.com\\\/inicio\\\/#organization\"},\"image\":{\"@id\":\"https:\\\/\\\/diariotextual.com\\\/inicio\\\/index.php\\\/2023\\\/08\\\/11\\\/estos-son-los-finalistas-del-1-concurso-de-la-empanada-pampeana\\\/#primaryimage\"},\"thumbnailUrl\":\"https:\\\/\\\/diariotextual.com\\\/inicio\\\/wp-content\\\/uploads\\\/2023\\\/08\\\/empanadas004-rotated.jpg\",\"articleSection\":[\"A - ES NOTICIA (van abajo)\",\"A - QUE PASA (al costado)\",\"SOCIEDAD\"],\"inLanguage\":\"es\"},{\"@type\":\"WebPage\",\"@id\":\"https:\\\/\\\/diariotextual.com\\\/inicio\\\/index.php\\\/2023\\\/08\\\/11\\\/estos-son-los-finalistas-del-1-concurso-de-la-empanada-pampeana\\\/\",\"url\":\"https:\\\/\\\/diariotextual.com\\\/inicio\\\/index.php\\\/2023\\\/08\\\/11\\\/estos-son-los-finalistas-del-1-concurso-de-la-empanada-pampeana\\\/\",\"name\":\"Estos son los finalistas del 1\u00b0 Concurso de la Empanada Pampeana - Diario Textual\",\"isPartOf\":{\"@id\":\"https:\\\/\\\/diariotextual.com\\\/inicio\\\/#website\"},\"primaryImageOfPage\":{\"@id\":\"https:\\\/\\\/diariotextual.com\\\/inicio\\\/index.php\\\/2023\\\/08\\\/11\\\/estos-son-los-finalistas-del-1-concurso-de-la-empanada-pampeana\\\/#primaryimage\"},\"image\":{\"@id\":\"https:\\\/\\\/diariotextual.com\\\/inicio\\\/index.php\\\/2023\\\/08\\\/11\\\/estos-son-los-finalistas-del-1-concurso-de-la-empanada-pampeana\\\/#primaryimage\"},\"thumbnailUrl\":\"https:\\\/\\\/diariotextual.com\\\/inicio\\\/wp-content\\\/uploads\\\/2023\\\/08\\\/empanadas004-rotated.jpg\",\"datePublished\":\"2023-08-11T20:50:25+00:00\",\"dateModified\":\"2023-08-12T11:28:59+00:00\",\"breadcrumb\":{\"@id\":\"https:\\\/\\\/diariotextual.com\\\/inicio\\\/index.php\\\/2023\\\/08\\\/11\\\/estos-son-los-finalistas-del-1-concurso-de-la-empanada-pampeana\\\/#breadcrumb\"},\"inLanguage\":\"es\",\"potentialAction\":[{\"@type\":\"ReadAction\",\"target\":[\"https:\\\/\\\/diariotextual.com\\\/inicio\\\/index.php\\\/2023\\\/08\\\/11\\\/estos-son-los-finalistas-del-1-concurso-de-la-empanada-pampeana\\\/\"]}]},{\"@type\":\"ImageObject\",\"inLanguage\":\"es\",\"@id\":\"https:\\\/\\\/diariotextual.com\\\/inicio\\\/index.php\\\/2023\\\/08\\\/11\\\/estos-son-los-finalistas-del-1-concurso-de-la-empanada-pampeana\\\/#primaryimage\",\"url\":\"https:\\\/\\\/diariotextual.com\\\/inicio\\\/wp-content\\\/uploads\\\/2023\\\/08\\\/empanadas004-rotated.jpg\",\"contentUrl\":\"https:\\\/\\\/diariotextual.com\\\/inicio\\\/wp-content\\\/uploads\\\/2023\\\/08\\\/empanadas004-rotated.jpg\",\"width\":1544,\"height\":1200},{\"@type\":\"BreadcrumbList\",\"@id\":\"https:\\\/\\\/diariotextual.com\\\/inicio\\\/index.php\\\/2023\\\/08\\\/11\\\/estos-son-los-finalistas-del-1-concurso-de-la-empanada-pampeana\\\/#breadcrumb\",\"itemListElement\":[{\"@type\":\"ListItem\",\"position\":1,\"name\":\"Portada\",\"item\":\"https:\\\/\\\/diariotextual.com\\\/inicio\\\/\"},{\"@type\":\"ListItem\",\"position\":2,\"name\":\"Estos son los finalistas del 1\u00b0 Concurso de la Empanada Pampeana\"}]},{\"@type\":\"WebSite\",\"@id\":\"https:\\\/\\\/diariotextual.com\\\/inicio\\\/#website\",\"url\":\"https:\\\/\\\/diariotextual.com\\\/inicio\\\/\",\"name\":\"Diario Textual\",\"description\":\"\",\"publisher\":{\"@id\":\"https:\\\/\\\/diariotextual.com\\\/inicio\\\/#organization\"},\"potentialAction\":[{\"@type\":\"SearchAction\",\"target\":{\"@type\":\"EntryPoint\",\"urlTemplate\":\"https:\\\/\\\/diariotextual.com\\\/inicio\\\/?s={search_term_string}\"},\"query-input\":{\"@type\":\"PropertyValueSpecification\",\"valueRequired\":true,\"valueName\":\"search_term_string\"}}],\"inLanguage\":\"es\"},{\"@type\":\"Organization\",\"@id\":\"https:\\\/\\\/diariotextual.com\\\/inicio\\\/#organization\",\"name\":\"Diario Textual\",\"url\":\"https:\\\/\\\/diariotextual.com\\\/inicio\\\/\",\"logo\":{\"@type\":\"ImageObject\",\"inLanguage\":\"es\",\"@id\":\"https:\\\/\\\/diariotextual.com\\\/inicio\\\/#\\\/schema\\\/logo\\\/image\\\/\",\"url\":\"https:\\\/\\\/diariotextual.com\\\/inicio\\\/wp-content\\\/uploads\\\/2023\\\/05\\\/logotextual1.jpg\",\"contentUrl\":\"https:\\\/\\\/diariotextual.com\\\/inicio\\\/wp-content\\\/uploads\\\/2023\\\/05\\\/logotextual1.jpg\",\"width\":516,\"height\":76,\"caption\":\"Diario Textual\"},\"image\":{\"@id\":\"https:\\\/\\\/diariotextual.com\\\/inicio\\\/#\\\/schema\\\/logo\\\/image\\\/\"},\"sameAs\":[\"https:\\\/\\\/www.facebook.com\\\/eltextual\",\"https:\\\/\\\/x.com\\\/eltextual\",\"http:\\\/\\\/www.instagram.com\\\/eltextual\"]},{\"@type\":\"Person\",\"@id\":\"https:\\\/\\\/diariotextual.com\\\/inicio\\\/#\\\/schema\\\/person\\\/418fc4093c33e86ed41562db3508f958\",\"name\":\"Diario1 Diario1\",\"image\":{\"@type\":\"ImageObject\",\"inLanguage\":\"es\",\"@id\":\"https:\\\/\\\/secure.gravatar.com\\\/avatar\\\/9167d280179c85bc18be67aa7eda765854300033af4896dd779b608640f2ef7a?s=96&d=mm&r=g\",\"url\":\"https:\\\/\\\/secure.gravatar.com\\\/avatar\\\/9167d280179c85bc18be67aa7eda765854300033af4896dd779b608640f2ef7a?s=96&d=mm&r=g\",\"contentUrl\":\"https:\\\/\\\/secure.gravatar.com\\\/avatar\\\/9167d280179c85bc18be67aa7eda765854300033af4896dd779b608640f2ef7a?s=96&d=mm&r=g\",\"caption\":\"Diario1 Diario1\"},\"url\":\"https:\\\/\\\/diariotextual.com\\\/inicio\\\/index.php\\\/author\\\/diario1\\\/\"}]}<\/script>\n<!-- \/ Yoast SEO plugin. -->","yoast_head_json":{"title":"Estos son los finalistas del 1\u00b0 Concurso de la Empanada Pampeana - Diario Textual","robots":{"index":"index","follow":"follow","max-snippet":"max-snippet:-1","max-image-preview":"max-image-preview:large","max-video-preview":"max-video-preview:-1"},"canonical":"https:\/\/diariotextual.com\/inicio\/index.php\/2023\/08\/11\/estos-son-los-finalistas-del-1-concurso-de-la-empanada-pampeana\/","og_locale":"es_ES","og_type":"article","og_title":"Estos son los finalistas del 1\u00b0 Concurso de la Empanada Pampeana - Diario Textual","og_description":"El 1\u00b0 Concurso de la Empanada Pampeana ya tiene sus finalistas. En total, son seis que fueron elegidos por sus recetas. En total, inform\u00f3 la Secretar\u00eda de Turismo de La&hellip;","og_url":"https:\/\/diariotextual.com\/inicio\/index.php\/2023\/08\/11\/estos-son-los-finalistas-del-1-concurso-de-la-empanada-pampeana\/","og_site_name":"Diario Textual","article_publisher":"https:\/\/www.facebook.com\/eltextual","article_published_time":"2023-08-11T20:50:25+00:00","article_modified_time":"2023-08-12T11:28:59+00:00","og_image":[{"width":1544,"height":1200,"url":"https:\/\/diariotextual.com\/inicio\/wp-content\/uploads\/2023\/08\/empanadas004-rotated.jpg","type":"image\/jpeg"}],"author":"Diario1 Diario1","twitter_card":"summary_large_image","twitter_creator":"@eltextual","twitter_site":"@eltextual","twitter_misc":{"Escrito por":"Diario1 Diario1","Tiempo de lectura":"4 minutos"},"schema":{"@context":"https:\/\/schema.org","@graph":[{"@type":"Article","@id":"https:\/\/diariotextual.com\/inicio\/index.php\/2023\/08\/11\/estos-son-los-finalistas-del-1-concurso-de-la-empanada-pampeana\/#article","isPartOf":{"@id":"https:\/\/diariotextual.com\/inicio\/index.php\/2023\/08\/11\/estos-son-los-finalistas-del-1-concurso-de-la-empanada-pampeana\/"},"author":{"name":"Diario1 Diario1","@id":"https:\/\/diariotextual.com\/inicio\/#\/schema\/person\/418fc4093c33e86ed41562db3508f958"},"headline":"Estos son los finalistas del 1\u00b0 Concurso de la Empanada Pampeana","datePublished":"2023-08-11T20:50:25+00:00","dateModified":"2023-08-12T11:28:59+00:00","mainEntityOfPage":{"@id":"https:\/\/diariotextual.com\/inicio\/index.php\/2023\/08\/11\/estos-son-los-finalistas-del-1-concurso-de-la-empanada-pampeana\/"},"wordCount":281,"publisher":{"@id":"https:\/\/diariotextual.com\/inicio\/#organization"},"image":{"@id":"https:\/\/diariotextual.com\/inicio\/index.php\/2023\/08\/11\/estos-son-los-finalistas-del-1-concurso-de-la-empanada-pampeana\/#primaryimage"},"thumbnailUrl":"https:\/\/diariotextual.com\/inicio\/wp-content\/uploads\/2023\/08\/empanadas004-rotated.jpg","articleSection":["A - ES NOTICIA (van abajo)","A - QUE PASA (al costado)","SOCIEDAD"],"inLanguage":"es"},{"@type":"WebPage","@id":"https:\/\/diariotextual.com\/inicio\/index.php\/2023\/08\/11\/estos-son-los-finalistas-del-1-concurso-de-la-empanada-pampeana\/","url":"https:\/\/diariotextual.com\/inicio\/index.php\/2023\/08\/11\/estos-son-los-finalistas-del-1-concurso-de-la-empanada-pampeana\/","name":"Estos son los finalistas del 1\u00b0 Concurso de la Empanada Pampeana - Diario Textual","isPartOf":{"@id":"https:\/\/diariotextual.com\/inicio\/#website"},"primaryImageOfPage":{"@id":"https:\/\/diariotextual.com\/inicio\/index.php\/2023\/08\/11\/estos-son-los-finalistas-del-1-concurso-de-la-empanada-pampeana\/#primaryimage"},"image":{"@id":"https:\/\/diariotextual.com\/inicio\/index.php\/2023\/08\/11\/estos-son-los-finalistas-del-1-concurso-de-la-empanada-pampeana\/#primaryimage"},"thumbnailUrl":"https:\/\/diariotextual.com\/inicio\/wp-content\/uploads\/2023\/08\/empanadas004-rotated.jpg","datePublished":"2023-08-11T20:50:25+00:00","dateModified":"2023-08-12T11:28:59+00:00","breadcrumb":{"@id":"https:\/\/diariotextual.com\/inicio\/index.php\/2023\/08\/11\/estos-son-los-finalistas-del-1-concurso-de-la-empanada-pampeana\/#breadcrumb"},"inLanguage":"es","potentialAction":[{"@type":"ReadAction","target":["https:\/\/diariotextual.com\/inicio\/index.php\/2023\/08\/11\/estos-son-los-finalistas-del-1-concurso-de-la-empanada-pampeana\/"]}]},{"@type":"ImageObject","inLanguage":"es","@id":"https:\/\/diariotextual.com\/inicio\/index.php\/2023\/08\/11\/estos-son-los-finalistas-del-1-concurso-de-la-empanada-pampeana\/#primaryimage","url":"https:\/\/diariotextual.com\/inicio\/wp-content\/uploads\/2023\/08\/empanadas004-rotated.jpg","contentUrl":"https:\/\/diariotextual.com\/inicio\/wp-content\/uploads\/2023\/08\/empanadas004-rotated.jpg","width":1544,"height":1200},{"@type":"BreadcrumbList","@id":"https:\/\/diariotextual.com\/inicio\/index.php\/2023\/08\/11\/estos-son-los-finalistas-del-1-concurso-de-la-empanada-pampeana\/#breadcrumb","itemListElement":[{"@type":"ListItem","position":1,"name":"Portada","item":"https:\/\/diariotextual.com\/inicio\/"},{"@type":"ListItem","position":2,"name":"Estos son los finalistas del 1\u00b0 Concurso de la Empanada Pampeana"}]},{"@type":"WebSite","@id":"https:\/\/diariotextual.com\/inicio\/#website","url":"https:\/\/diariotextual.com\/inicio\/","name":"Diario Textual","description":"","publisher":{"@id":"https:\/\/diariotextual.com\/inicio\/#organization"},"potentialAction":[{"@type":"SearchAction","target":{"@type":"EntryPoint","urlTemplate":"https:\/\/diariotextual.com\/inicio\/?s={search_term_string}"},"query-input":{"@type":"PropertyValueSpecification","valueRequired":true,"valueName":"search_term_string"}}],"inLanguage":"es"},{"@type":"Organization","@id":"https:\/\/diariotextual.com\/inicio\/#organization","name":"Diario Textual","url":"https:\/\/diariotextual.com\/inicio\/","logo":{"@type":"ImageObject","inLanguage":"es","@id":"https:\/\/diariotextual.com\/inicio\/#\/schema\/logo\/image\/","url":"https:\/\/diariotextual.com\/inicio\/wp-content\/uploads\/2023\/05\/logotextual1.jpg","contentUrl":"https:\/\/diariotextual.com\/inicio\/wp-content\/uploads\/2023\/05\/logotextual1.jpg","width":516,"height":76,"caption":"Diario Textual"},"image":{"@id":"https:\/\/diariotextual.com\/inicio\/#\/schema\/logo\/image\/"},"sameAs":["https:\/\/www.facebook.com\/eltextual","https:\/\/x.com\/eltextual","http:\/\/www.instagram.com\/eltextual"]},{"@type":"Person","@id":"https:\/\/diariotextual.com\/inicio\/#\/schema\/person\/418fc4093c33e86ed41562db3508f958","name":"Diario1 Diario1","image":{"@type":"ImageObject","inLanguage":"es","@id":"https:\/\/secure.gravatar.com\/avatar\/9167d280179c85bc18be67aa7eda765854300033af4896dd779b608640f2ef7a?s=96&d=mm&r=g","url":"https:\/\/secure.gravatar.com\/avatar\/9167d280179c85bc18be67aa7eda765854300033af4896dd779b608640f2ef7a?s=96&d=mm&r=g","contentUrl":"https:\/\/secure.gravatar.com\/avatar\/9167d280179c85bc18be67aa7eda765854300033af4896dd779b608640f2ef7a?s=96&d=mm&r=g","caption":"Diario1 Diario1"},"url":"https:\/\/diariotextual.com\/inicio\/index.php\/author\/diario1\/"}]}},"_links":{"self":[{"href":"https:\/\/diariotextual.com\/inicio\/index.php\/wp-json\/wp\/v2\/posts\/233628","targetHints":{"allow":["GET"]}}],"collection":[{"href":"https:\/\/diariotextual.com\/inicio\/index.php\/wp-json\/wp\/v2\/posts"}],"about":[{"href":"https:\/\/diariotextual.com\/inicio\/index.php\/wp-json\/wp\/v2\/types\/post"}],"author":[{"embeddable":true,"href":"https:\/\/diariotextual.com\/inicio\/index.php\/wp-json\/wp\/v2\/users\/3"}],"replies":[{"embeddable":true,"href":"https:\/\/diariotextual.com\/inicio\/index.php\/wp-json\/wp\/v2\/comments?post=233628"}],"version-history":[{"count":2,"href":"https:\/\/diariotextual.com\/inicio\/index.php\/wp-json\/wp\/v2\/posts\/233628\/revisions"}],"predecessor-version":[{"id":233632,"href":"https:\/\/diariotextual.com\/inicio\/index.php\/wp-json\/wp\/v2\/posts\/233628\/revisions\/233632"}],"wp:featuredmedia":[{"embeddable":true,"href":"https:\/\/diariotextual.com\/inicio\/index.php\/wp-json\/wp\/v2\/media\/233629"}],"wp:attachment":[{"href":"https:\/\/diariotextual.com\/inicio\/index.php\/wp-json\/wp\/v2\/media?parent=233628"}],"wp:term":[{"taxonomy":"category","embeddable":true,"href":"https:\/\/diariotextual.com\/inicio\/index.php\/wp-json\/wp\/v2\/categories?post=233628"},{"taxonomy":"post_tag","embeddable":true,"href":"https:\/\/diariotextual.com\/inicio\/index.php\/wp-json\/wp\/v2\/tags?post=233628"}],"curies":[{"name":"wp","href":"https:\/\/api.w.org\/{rel}","templated":true}]}}