{"id":233643,"date":"2023-08-11T18:52:10","date_gmt":"2023-08-11T21:52:10","guid":{"rendered":"https:\/\/diariotextual.com\/inicio\/?p=233643"},"modified":"2023-08-11T18:52:12","modified_gmt":"2023-08-11T21:52:12","slug":"mar-del-plata-estudiante-de-17-anos-murio-al-caer-desde-el-octavo-piso","status":"publish","type":"post","link":"https:\/\/diariotextual.com\/inicio\/index.php\/2023\/08\/11\/mar-del-plata-estudiante-de-17-anos-murio-al-caer-desde-el-octavo-piso\/","title":{"rendered":"Mar del Plata: estudiante de 17 a\u00f1os muri\u00f3 al caer desde el octavo piso"},"content":{"rendered":"\n<p>Una <strong>estudiante de 17 a\u00f1os de la localidad bonaerense de Mercedes que estaba de viaje de egresados en Mar del Plata muri\u00f3 en la madrugada del viernes al caer del octavo piso del hotel c\u00e9ntrico<\/strong> en el que se hospedaba, y la principal hip\u00f3tesis es que se trat\u00f3 de un accidente.<\/p>\n\n\n\n<p>\u201cTodo hace presumir que <strong>se trat\u00f3 de una mala maniobra de la adolescente al intentar sentarse sobre un balc\u00f3n de la habitaci\u00f3n en la que se encontraba<\/strong> junto a otros compa\u00f1eros\u201d, asegur\u00f3 el fiscal de la causa, Leandro Ar\u00e9valo.<\/p>\n\n\n\n<p>La estudiante fue identificada como<strong> Agustina Kuhn, oriunda de la localidad bonaerense de Mercedes.<\/strong><\/p>\n\n\n\n<p>El hecho ocurri\u00f3 minutos despu\u00e9s de las 5, en el Gran Hotel Mar del Plata, ubicado en la calle Rivadavia 2235, de esta ciudad balnearia.<\/p>\n\n\n\n<p>Ar\u00e9valo tambi\u00e9n dijo que se descarta, a prima facie, que la hayan empujado: \u201cSi bien estamos esperando los resultados de la autopsia que se realizar\u00e1 en las pr\u00f3ximas horas, las pericias realizadas, an\u00e1lisis de los celulares y los testimonios que se han levantado en el lugar del hecho, la adolescente se cay\u00f3 por una mala maniobra\u201d.<\/p>\n\n\n\n<p>\u201cHasta el momento tenemos que <strong>los chicos fueron a un local nocturno de la zona de Playa Grande, a su regreso se mandaron mensajes y algunos decidieron juntarse en una habitaci\u00f3n que tiene una especie de balc\u00f3n en el octavo piso del hotel.<\/strong> En un momento, la joven se sube al balc\u00f3n y por una mala maniobra o p\u00e9rdida del equilibrio cae al vac\u00edo\u201d, detall\u00f3 el fiscal.<\/p>\n\n\n\n<p>\u201cUno de sus compa\u00f1eros advirti\u00f3 que se estaba subiendo al balc\u00f3n y lleg\u00f3 a decirle: &#8211; guarda, pero no lleg\u00f3 a agarrarla\u201d, agreg\u00f3.<\/p>\n\n\n\n<p>Tras un alerta al 911, personal de una ambulancia del SAME arrib\u00f3 al lugar y constataron que la estudiante estaba sin signos vitales.<\/p>\n\n\n\n<p>Por \u00faltimo, el funcionario judicial dijo: \u201cLa menor se encontraba vestida y no hay indicios de que haya sido abusada\u201d.<\/p>\n\n\n\n<p>Agustina, que se encontraba en Mar del Plata por el viaje de egresados con el resto de sus compa\u00f1eros, era alumna del colegio San Antonio de Padua de Mercedes, e integraba un contingente que hoy regres\u00f3 a su ciudad.<\/p>\n","protected":false},"excerpt":{"rendered":"<p>Una estudiante de 17 a\u00f1os de la localidad bonaerense de Mercedes que estaba de viaje de egresados en Mar del Plata muri\u00f3 en la madrugada del viernes al caer del&hellip;<\/p>\n","protected":false},"author":5,"featured_media":233644,"comment_status":"closed","ping_status":"open","sticky":false,"template":"","format":"standard","meta":{"_acf_changed":false,"footnotes":""},"categories":[1,12],"tags":[4484,1371],"class_list":["post-233643","post","type-post","status-publish","format-standard","has-post-thumbnail","hentry","category-es-noticia","category-sociedad","tag-egresados","tag-mar-del-plata"],"acf":[],"yoast_head":"<!-- This site is optimized with the Yoast SEO plugin v27.5 - https:\/\/yoast.com\/product\/yoast-seo-wordpress\/ -->\n<title>Mar del Plata: estudiante de 17 a\u00f1os muri\u00f3 al caer desde el octavo piso - Diario Textual<\/title>\n<meta name=\"robots\" content=\"index, follow, max-snippet:-1, max-image-preview:large, max-video-preview:-1\" \/>\n<link rel=\"canonical\" href=\"https:\/\/diariotextual.com\/inicio\/index.php\/2023\/08\/11\/mar-del-plata-estudiante-de-17-anos-murio-al-caer-desde-el-octavo-piso\/\" \/>\n<meta property=\"og:locale\" content=\"es_ES\" \/>\n<meta property=\"og:type\" content=\"article\" \/>\n<meta property=\"og:title\" content=\"Mar del Plata: estudiante de 17 a\u00f1os muri\u00f3 al caer desde el octavo piso - Diario Textual\" \/>\n<meta property=\"og:description\" content=\"Una estudiante de 17 a\u00f1os de la localidad bonaerense de Mercedes que estaba de viaje de egresados en Mar del Plata muri\u00f3 en la madrugada del viernes al caer del&hellip;\" \/>\n<meta property=\"og:url\" content=\"https:\/\/diariotextual.com\/inicio\/index.php\/2023\/08\/11\/mar-del-plata-estudiante-de-17-anos-murio-al-caer-desde-el-octavo-piso\/\" \/>\n<meta property=\"og:site_name\" content=\"Diario Textual\" \/>\n<meta property=\"article:publisher\" content=\"https:\/\/www.facebook.com\/eltextual\" \/>\n<meta property=\"article:published_time\" content=\"2023-08-11T21:52:10+00:00\" \/>\n<meta property=\"article:modified_time\" content=\"2023-08-11T21:52:12+00:00\" \/>\n<meta property=\"og:image\" content=\"https:\/\/diariotextual.com\/inicio\/wp-content\/uploads\/2023\/08\/granhotelmardelplata.jpg\" \/>\n\t<meta property=\"og:image:width\" content=\"900\" \/>\n\t<meta property=\"og:image:height\" content=\"506\" \/>\n\t<meta property=\"og:image:type\" content=\"image\/jpeg\" \/>\n<meta name=\"author\" content=\"diario3\" \/>\n<meta name=\"twitter:card\" content=\"summary_large_image\" \/>\n<meta name=\"twitter:creator\" content=\"@eltextual\" \/>\n<meta name=\"twitter:site\" content=\"@eltextual\" \/>\n<meta name=\"twitter:label1\" content=\"Escrito por\" \/>\n\t<meta name=\"twitter:data1\" content=\"diario3\" \/>\n\t<meta name=\"twitter:label2\" content=\"Tiempo de lectura\" \/>\n\t<meta name=\"twitter:data2\" content=\"2 minutos\" \/>\n<script type=\"application\/ld+json\" class=\"yoast-schema-graph\">{\"@context\":\"https:\\\/\\\/schema.org\",\"@graph\":[{\"@type\":\"Article\",\"@id\":\"https:\\\/\\\/diariotextual.com\\\/inicio\\\/index.php\\\/2023\\\/08\\\/11\\\/mar-del-plata-estudiante-de-17-anos-murio-al-caer-desde-el-octavo-piso\\\/#article\",\"isPartOf\":{\"@id\":\"https:\\\/\\\/diariotextual.com\\\/inicio\\\/index.php\\\/2023\\\/08\\\/11\\\/mar-del-plata-estudiante-de-17-anos-murio-al-caer-desde-el-octavo-piso\\\/\"},\"author\":{\"name\":\"diario3\",\"@id\":\"https:\\\/\\\/diariotextual.com\\\/inicio\\\/#\\\/schema\\\/person\\\/a1b6f563e0ee944c60f98119389a4d9f\"},\"headline\":\"Mar del Plata: estudiante de 17 a\u00f1os muri\u00f3 al caer desde el octavo piso\",\"datePublished\":\"2023-08-11T21:52:10+00:00\",\"dateModified\":\"2023-08-11T21:52:12+00:00\",\"mainEntityOfPage\":{\"@id\":\"https:\\\/\\\/diariotextual.com\\\/inicio\\\/index.php\\\/2023\\\/08\\\/11\\\/mar-del-plata-estudiante-de-17-anos-murio-al-caer-desde-el-octavo-piso\\\/\"},\"wordCount\":387,\"publisher\":{\"@id\":\"https:\\\/\\\/diariotextual.com\\\/inicio\\\/#organization\"},\"image\":{\"@id\":\"https:\\\/\\\/diariotextual.com\\\/inicio\\\/index.php\\\/2023\\\/08\\\/11\\\/mar-del-plata-estudiante-de-17-anos-murio-al-caer-desde-el-octavo-piso\\\/#primaryimage\"},\"thumbnailUrl\":\"https:\\\/\\\/diariotextual.com\\\/inicio\\\/wp-content\\\/uploads\\\/2023\\\/08\\\/granhotelmardelplata.jpg\",\"keywords\":[\"egresados\",\"mar del plata\"],\"articleSection\":[\"A - ES NOTICIA (van abajo)\",\"SOCIEDAD\"],\"inLanguage\":\"es\"},{\"@type\":\"WebPage\",\"@id\":\"https:\\\/\\\/diariotextual.com\\\/inicio\\\/index.php\\\/2023\\\/08\\\/11\\\/mar-del-plata-estudiante-de-17-anos-murio-al-caer-desde-el-octavo-piso\\\/\",\"url\":\"https:\\\/\\\/diariotextual.com\\\/inicio\\\/index.php\\\/2023\\\/08\\\/11\\\/mar-del-plata-estudiante-de-17-anos-murio-al-caer-desde-el-octavo-piso\\\/\",\"name\":\"Mar del Plata: estudiante de 17 a\u00f1os muri\u00f3 al caer desde el octavo piso - Diario Textual\",\"isPartOf\":{\"@id\":\"https:\\\/\\\/diariotextual.com\\\/inicio\\\/#website\"},\"primaryImageOfPage\":{\"@id\":\"https:\\\/\\\/diariotextual.com\\\/inicio\\\/index.php\\\/2023\\\/08\\\/11\\\/mar-del-plata-estudiante-de-17-anos-murio-al-caer-desde-el-octavo-piso\\\/#primaryimage\"},\"image\":{\"@id\":\"https:\\\/\\\/diariotextual.com\\\/inicio\\\/index.php\\\/2023\\\/08\\\/11\\\/mar-del-plata-estudiante-de-17-anos-murio-al-caer-desde-el-octavo-piso\\\/#primaryimage\"},\"thumbnailUrl\":\"https:\\\/\\\/diariotextual.com\\\/inicio\\\/wp-content\\\/uploads\\\/2023\\\/08\\\/granhotelmardelplata.jpg\",\"datePublished\":\"2023-08-11T21:52:10+00:00\",\"dateModified\":\"2023-08-11T21:52:12+00:00\",\"breadcrumb\":{\"@id\":\"https:\\\/\\\/diariotextual.com\\\/inicio\\\/index.php\\\/2023\\\/08\\\/11\\\/mar-del-plata-estudiante-de-17-anos-murio-al-caer-desde-el-octavo-piso\\\/#breadcrumb\"},\"inLanguage\":\"es\",\"potentialAction\":[{\"@type\":\"ReadAction\",\"target\":[\"https:\\\/\\\/diariotextual.com\\\/inicio\\\/index.php\\\/2023\\\/08\\\/11\\\/mar-del-plata-estudiante-de-17-anos-murio-al-caer-desde-el-octavo-piso\\\/\"]}]},{\"@type\":\"ImageObject\",\"inLanguage\":\"es\",\"@id\":\"https:\\\/\\\/diariotextual.com\\\/inicio\\\/index.php\\\/2023\\\/08\\\/11\\\/mar-del-plata-estudiante-de-17-anos-murio-al-caer-desde-el-octavo-piso\\\/#primaryimage\",\"url\":\"https:\\\/\\\/diariotextual.com\\\/inicio\\\/wp-content\\\/uploads\\\/2023\\\/08\\\/granhotelmardelplata.jpg\",\"contentUrl\":\"https:\\\/\\\/diariotextual.com\\\/inicio\\\/wp-content\\\/uploads\\\/2023\\\/08\\\/granhotelmardelplata.jpg\",\"width\":900,\"height\":506},{\"@type\":\"BreadcrumbList\",\"@id\":\"https:\\\/\\\/diariotextual.com\\\/inicio\\\/index.php\\\/2023\\\/08\\\/11\\\/mar-del-plata-estudiante-de-17-anos-murio-al-caer-desde-el-octavo-piso\\\/#breadcrumb\",\"itemListElement\":[{\"@type\":\"ListItem\",\"position\":1,\"name\":\"Portada\",\"item\":\"https:\\\/\\\/diariotextual.com\\\/inicio\\\/\"},{\"@type\":\"ListItem\",\"position\":2,\"name\":\"Mar del Plata: estudiante de 17 a\u00f1os muri\u00f3 al caer desde el octavo piso\"}]},{\"@type\":\"WebSite\",\"@id\":\"https:\\\/\\\/diariotextual.com\\\/inicio\\\/#website\",\"url\":\"https:\\\/\\\/diariotextual.com\\\/inicio\\\/\",\"name\":\"Diario Textual\",\"description\":\"\",\"publisher\":{\"@id\":\"https:\\\/\\\/diariotextual.com\\\/inicio\\\/#organization\"},\"potentialAction\":[{\"@type\":\"SearchAction\",\"target\":{\"@type\":\"EntryPoint\",\"urlTemplate\":\"https:\\\/\\\/diariotextual.com\\\/inicio\\\/?s={search_term_string}\"},\"query-input\":{\"@type\":\"PropertyValueSpecification\",\"valueRequired\":true,\"valueName\":\"search_term_string\"}}],\"inLanguage\":\"es\"},{\"@type\":\"Organization\",\"@id\":\"https:\\\/\\\/diariotextual.com\\\/inicio\\\/#organization\",\"name\":\"Diario Textual\",\"url\":\"https:\\\/\\\/diariotextual.com\\\/inicio\\\/\",\"logo\":{\"@type\":\"ImageObject\",\"inLanguage\":\"es\",\"@id\":\"https:\\\/\\\/diariotextual.com\\\/inicio\\\/#\\\/schema\\\/logo\\\/image\\\/\",\"url\":\"https:\\\/\\\/diariotextual.com\\\/inicio\\\/wp-content\\\/uploads\\\/2023\\\/05\\\/logotextual1.jpg\",\"contentUrl\":\"https:\\\/\\\/diariotextual.com\\\/inicio\\\/wp-content\\\/uploads\\\/2023\\\/05\\\/logotextual1.jpg\",\"width\":516,\"height\":76,\"caption\":\"Diario Textual\"},\"image\":{\"@id\":\"https:\\\/\\\/diariotextual.com\\\/inicio\\\/#\\\/schema\\\/logo\\\/image\\\/\"},\"sameAs\":[\"https:\\\/\\\/www.facebook.com\\\/eltextual\",\"https:\\\/\\\/x.com\\\/eltextual\",\"http:\\\/\\\/www.instagram.com\\\/eltextual\"]},{\"@type\":\"Person\",\"@id\":\"https:\\\/\\\/diariotextual.com\\\/inicio\\\/#\\\/schema\\\/person\\\/a1b6f563e0ee944c60f98119389a4d9f\",\"name\":\"diario3\",\"image\":{\"@type\":\"ImageObject\",\"inLanguage\":\"es\",\"@id\":\"https:\\\/\\\/secure.gravatar.com\\\/avatar\\\/5e7ee62c82fc04d9dd79d746a390d93c69c43223e5faeeb3ea9461ef752bfc5d?s=96&d=mm&r=g\",\"url\":\"https:\\\/\\\/secure.gravatar.com\\\/avatar\\\/5e7ee62c82fc04d9dd79d746a390d93c69c43223e5faeeb3ea9461ef752bfc5d?s=96&d=mm&r=g\",\"contentUrl\":\"https:\\\/\\\/secure.gravatar.com\\\/avatar\\\/5e7ee62c82fc04d9dd79d746a390d93c69c43223e5faeeb3ea9461ef752bfc5d?s=96&d=mm&r=g\",\"caption\":\"diario3\"},\"url\":\"https:\\\/\\\/diariotextual.com\\\/inicio\\\/index.php\\\/author\\\/diario3\\\/\"}]}<\/script>\n<!-- \/ Yoast SEO plugin. -->","yoast_head_json":{"title":"Mar del Plata: estudiante de 17 a\u00f1os muri\u00f3 al caer desde el octavo piso - Diario Textual","robots":{"index":"index","follow":"follow","max-snippet":"max-snippet:-1","max-image-preview":"max-image-preview:large","max-video-preview":"max-video-preview:-1"},"canonical":"https:\/\/diariotextual.com\/inicio\/index.php\/2023\/08\/11\/mar-del-plata-estudiante-de-17-anos-murio-al-caer-desde-el-octavo-piso\/","og_locale":"es_ES","og_type":"article","og_title":"Mar del Plata: estudiante de 17 a\u00f1os muri\u00f3 al caer desde el octavo piso - Diario Textual","og_description":"Una estudiante de 17 a\u00f1os de la localidad bonaerense de Mercedes que estaba de viaje de egresados en Mar del Plata muri\u00f3 en la madrugada del viernes al caer del&hellip;","og_url":"https:\/\/diariotextual.com\/inicio\/index.php\/2023\/08\/11\/mar-del-plata-estudiante-de-17-anos-murio-al-caer-desde-el-octavo-piso\/","og_site_name":"Diario Textual","article_publisher":"https:\/\/www.facebook.com\/eltextual","article_published_time":"2023-08-11T21:52:10+00:00","article_modified_time":"2023-08-11T21:52:12+00:00","og_image":[{"width":900,"height":506,"url":"https:\/\/diariotextual.com\/inicio\/wp-content\/uploads\/2023\/08\/granhotelmardelplata.jpg","type":"image\/jpeg"}],"author":"diario3","twitter_card":"summary_large_image","twitter_creator":"@eltextual","twitter_site":"@eltextual","twitter_misc":{"Escrito por":"diario3","Tiempo de lectura":"2 minutos"},"schema":{"@context":"https:\/\/schema.org","@graph":[{"@type":"Article","@id":"https:\/\/diariotextual.com\/inicio\/index.php\/2023\/08\/11\/mar-del-plata-estudiante-de-17-anos-murio-al-caer-desde-el-octavo-piso\/#article","isPartOf":{"@id":"https:\/\/diariotextual.com\/inicio\/index.php\/2023\/08\/11\/mar-del-plata-estudiante-de-17-anos-murio-al-caer-desde-el-octavo-piso\/"},"author":{"name":"diario3","@id":"https:\/\/diariotextual.com\/inicio\/#\/schema\/person\/a1b6f563e0ee944c60f98119389a4d9f"},"headline":"Mar del Plata: estudiante de 17 a\u00f1os muri\u00f3 al caer desde el octavo piso","datePublished":"2023-08-11T21:52:10+00:00","dateModified":"2023-08-11T21:52:12+00:00","mainEntityOfPage":{"@id":"https:\/\/diariotextual.com\/inicio\/index.php\/2023\/08\/11\/mar-del-plata-estudiante-de-17-anos-murio-al-caer-desde-el-octavo-piso\/"},"wordCount":387,"publisher":{"@id":"https:\/\/diariotextual.com\/inicio\/#organization"},"image":{"@id":"https:\/\/diariotextual.com\/inicio\/index.php\/2023\/08\/11\/mar-del-plata-estudiante-de-17-anos-murio-al-caer-desde-el-octavo-piso\/#primaryimage"},"thumbnailUrl":"https:\/\/diariotextual.com\/inicio\/wp-content\/uploads\/2023\/08\/granhotelmardelplata.jpg","keywords":["egresados","mar del plata"],"articleSection":["A - ES NOTICIA (van abajo)","SOCIEDAD"],"inLanguage":"es"},{"@type":"WebPage","@id":"https:\/\/diariotextual.com\/inicio\/index.php\/2023\/08\/11\/mar-del-plata-estudiante-de-17-anos-murio-al-caer-desde-el-octavo-piso\/","url":"https:\/\/diariotextual.com\/inicio\/index.php\/2023\/08\/11\/mar-del-plata-estudiante-de-17-anos-murio-al-caer-desde-el-octavo-piso\/","name":"Mar del Plata: estudiante de 17 a\u00f1os muri\u00f3 al caer desde el octavo piso - Diario Textual","isPartOf":{"@id":"https:\/\/diariotextual.com\/inicio\/#website"},"primaryImageOfPage":{"@id":"https:\/\/diariotextual.com\/inicio\/index.php\/2023\/08\/11\/mar-del-plata-estudiante-de-17-anos-murio-al-caer-desde-el-octavo-piso\/#primaryimage"},"image":{"@id":"https:\/\/diariotextual.com\/inicio\/index.php\/2023\/08\/11\/mar-del-plata-estudiante-de-17-anos-murio-al-caer-desde-el-octavo-piso\/#primaryimage"},"thumbnailUrl":"https:\/\/diariotextual.com\/inicio\/wp-content\/uploads\/2023\/08\/granhotelmardelplata.jpg","datePublished":"2023-08-11T21:52:10+00:00","dateModified":"2023-08-11T21:52:12+00:00","breadcrumb":{"@id":"https:\/\/diariotextual.com\/inicio\/index.php\/2023\/08\/11\/mar-del-plata-estudiante-de-17-anos-murio-al-caer-desde-el-octavo-piso\/#breadcrumb"},"inLanguage":"es","potentialAction":[{"@type":"ReadAction","target":["https:\/\/diariotextual.com\/inicio\/index.php\/2023\/08\/11\/mar-del-plata-estudiante-de-17-anos-murio-al-caer-desde-el-octavo-piso\/"]}]},{"@type":"ImageObject","inLanguage":"es","@id":"https:\/\/diariotextual.com\/inicio\/index.php\/2023\/08\/11\/mar-del-plata-estudiante-de-17-anos-murio-al-caer-desde-el-octavo-piso\/#primaryimage","url":"https:\/\/diariotextual.com\/inicio\/wp-content\/uploads\/2023\/08\/granhotelmardelplata.jpg","contentUrl":"https:\/\/diariotextual.com\/inicio\/wp-content\/uploads\/2023\/08\/granhotelmardelplata.jpg","width":900,"height":506},{"@type":"BreadcrumbList","@id":"https:\/\/diariotextual.com\/inicio\/index.php\/2023\/08\/11\/mar-del-plata-estudiante-de-17-anos-murio-al-caer-desde-el-octavo-piso\/#breadcrumb","itemListElement":[{"@type":"ListItem","position":1,"name":"Portada","item":"https:\/\/diariotextual.com\/inicio\/"},{"@type":"ListItem","position":2,"name":"Mar del Plata: estudiante de 17 a\u00f1os muri\u00f3 al caer desde el octavo piso"}]},{"@type":"WebSite","@id":"https:\/\/diariotextual.com\/inicio\/#website","url":"https:\/\/diariotextual.com\/inicio\/","name":"Diario Textual","description":"","publisher":{"@id":"https:\/\/diariotextual.com\/inicio\/#organization"},"potentialAction":[{"@type":"SearchAction","target":{"@type":"EntryPoint","urlTemplate":"https:\/\/diariotextual.com\/inicio\/?s={search_term_string}"},"query-input":{"@type":"PropertyValueSpecification","valueRequired":true,"valueName":"search_term_string"}}],"inLanguage":"es"},{"@type":"Organization","@id":"https:\/\/diariotextual.com\/inicio\/#organization","name":"Diario Textual","url":"https:\/\/diariotextual.com\/inicio\/","logo":{"@type":"ImageObject","inLanguage":"es","@id":"https:\/\/diariotextual.com\/inicio\/#\/schema\/logo\/image\/","url":"https:\/\/diariotextual.com\/inicio\/wp-content\/uploads\/2023\/05\/logotextual1.jpg","contentUrl":"https:\/\/diariotextual.com\/inicio\/wp-content\/uploads\/2023\/05\/logotextual1.jpg","width":516,"height":76,"caption":"Diario Textual"},"image":{"@id":"https:\/\/diariotextual.com\/inicio\/#\/schema\/logo\/image\/"},"sameAs":["https:\/\/www.facebook.com\/eltextual","https:\/\/x.com\/eltextual","http:\/\/www.instagram.com\/eltextual"]},{"@type":"Person","@id":"https:\/\/diariotextual.com\/inicio\/#\/schema\/person\/a1b6f563e0ee944c60f98119389a4d9f","name":"diario3","image":{"@type":"ImageObject","inLanguage":"es","@id":"https:\/\/secure.gravatar.com\/avatar\/5e7ee62c82fc04d9dd79d746a390d93c69c43223e5faeeb3ea9461ef752bfc5d?s=96&d=mm&r=g","url":"https:\/\/secure.gravatar.com\/avatar\/5e7ee62c82fc04d9dd79d746a390d93c69c43223e5faeeb3ea9461ef752bfc5d?s=96&d=mm&r=g","contentUrl":"https:\/\/secure.gravatar.com\/avatar\/5e7ee62c82fc04d9dd79d746a390d93c69c43223e5faeeb3ea9461ef752bfc5d?s=96&d=mm&r=g","caption":"diario3"},"url":"https:\/\/diariotextual.com\/inicio\/index.php\/author\/diario3\/"}]}},"_links":{"self":[{"href":"https:\/\/diariotextual.com\/inicio\/index.php\/wp-json\/wp\/v2\/posts\/233643","targetHints":{"allow":["GET"]}}],"collection":[{"href":"https:\/\/diariotextual.com\/inicio\/index.php\/wp-json\/wp\/v2\/posts"}],"about":[{"href":"https:\/\/diariotextual.com\/inicio\/index.php\/wp-json\/wp\/v2\/types\/post"}],"author":[{"embeddable":true,"href":"https:\/\/diariotextual.com\/inicio\/index.php\/wp-json\/wp\/v2\/users\/5"}],"replies":[{"embeddable":true,"href":"https:\/\/diariotextual.com\/inicio\/index.php\/wp-json\/wp\/v2\/comments?post=233643"}],"version-history":[{"count":1,"href":"https:\/\/diariotextual.com\/inicio\/index.php\/wp-json\/wp\/v2\/posts\/233643\/revisions"}],"predecessor-version":[{"id":233645,"href":"https:\/\/diariotextual.com\/inicio\/index.php\/wp-json\/wp\/v2\/posts\/233643\/revisions\/233645"}],"wp:featuredmedia":[{"embeddable":true,"href":"https:\/\/diariotextual.com\/inicio\/index.php\/wp-json\/wp\/v2\/media\/233644"}],"wp:attachment":[{"href":"https:\/\/diariotextual.com\/inicio\/index.php\/wp-json\/wp\/v2\/media?parent=233643"}],"wp:term":[{"taxonomy":"category","embeddable":true,"href":"https:\/\/diariotextual.com\/inicio\/index.php\/wp-json\/wp\/v2\/categories?post=233643"},{"taxonomy":"post_tag","embeddable":true,"href":"https:\/\/diariotextual.com\/inicio\/index.php\/wp-json\/wp\/v2\/tags?post=233643"}],"curies":[{"name":"wp","href":"https:\/\/api.w.org\/{rel}","templated":true}]}}