{"id":233651,"date":"2023-08-11T19:06:37","date_gmt":"2023-08-11T22:06:37","guid":{"rendered":"https:\/\/diariotextual.com\/inicio\/?p=233651"},"modified":"2023-08-11T19:06:40","modified_gmt":"2023-08-11T22:06:40","slug":"general-acha-conforman-consejo-permanente-por-la-no-violencia-en-un-cpfp","status":"publish","type":"post","link":"https:\/\/diariotextual.com\/inicio\/index.php\/2023\/08\/11\/general-acha-conforman-consejo-permanente-por-la-no-violencia-en-un-cpfp\/","title":{"rendered":"General Acha: conforman Consejo Permanente por la No Violencia en un CPFP"},"content":{"rendered":"\n<p>En el Centro Provincial de Formaci\u00f3n Profesional 4 de General Acha se realiz\u00f3 el primer encuentro para la conformaci\u00f3n de un nuevo Consejo Permanente por la No Violencia en el \u00e1mbito educativo.<\/p>\n\n\n\n<p>Del evento, realizado en la Sala de Oficios, participaron los capacitadores del Programa de No Violencia y Derechos Humanos de la Subsecretar\u00eda de DDHH y los instructores e instructoras del centro.<\/p>\n\n\n\n<p>La propuesta pretende integrar a familias, docentes, estudiantes y no docentes. Es el segundo Consejo en ponerse en marcha, ya que la primera experiencia se est\u00e1 implementando en la Escuela 25 de Santa Rosa.<\/p>\n\n\n\n<p>La propuesta consiste en la formaci\u00f3n de un \u00e1mbito de capacitaci\u00f3n permanente para trabajar en la prevenci\u00f3n y abordaje de la violencia a trav\u00e9s de la metodolog\u00eda de la no violencia activa.<\/p>\n\n\n\n<p>El abordaje se realizar\u00e1 en los planos personal, interpersonal, institucional y social, avanzando en tres etapas: desnaturalizaci\u00f3n de la violencia, positivizaci\u00f3n de cada uno de estos cuatro planos y construcci\u00f3n de espacios solidarios y no violentos.<\/p>\n\n\n\n<p>La Subsecretar\u00eda de DDHH lleva adelante, mediante la Direcci\u00f3n General de Promoci\u00f3n de Derechos Humanos y la Subdirecci\u00f3n General de Prevenci\u00f3n de la Violencia Institucional y Social el Programa Integral de No Violencia.<\/p>\n\n\n\n<p>Consiste en encuentros formativos y capacitaciones en Derechos Humanos y No Violencia centrados en que \u00abLa Violencia se aprende, la no violencia tambi\u00e9n\u00bb, y se puso en marcha en organismos p\u00fablicos, municipalidades y establecimientos educativos, entre otros \u00e1mbitos.<\/p>\n\n\n\n<p>Para solicitar encuentros y capacitaciones dirigirse al mail <a href=\"mailto:prevenciondelaviolencia@lapampa.gob.ar\">prevenciondelaviolencia@lapampa.gob.ar<\/a> y\/o a los tel\u00e9fonos 2954-418388\/437132.<\/p>\n","protected":false},"excerpt":{"rendered":"<p>En el Centro Provincial de Formaci\u00f3n Profesional 4 de General Acha se realiz\u00f3 el primer encuentro para la conformaci\u00f3n de un nuevo Consejo Permanente por la No Violencia en el&hellip;<\/p>\n","protected":false},"author":5,"featured_media":233652,"comment_status":"closed","ping_status":"open","sticky":false,"template":"","format":"standard","meta":{"_acf_changed":false,"footnotes":""},"categories":[1,12],"tags":[481,882,3999],"class_list":["post-233651","post","type-post","status-publish","format-standard","has-post-thumbnail","hentry","category-es-noticia","category-sociedad","tag-escuelas","tag-general-acha","tag-no-violencia"],"acf":[],"yoast_head":"<!-- This site is optimized with the Yoast SEO plugin v27.5 - https:\/\/yoast.com\/product\/yoast-seo-wordpress\/ -->\n<title>General Acha: conforman Consejo Permanente por la No Violencia en un CPFP - Diario Textual<\/title>\n<meta name=\"robots\" content=\"index, follow, max-snippet:-1, max-image-preview:large, max-video-preview:-1\" \/>\n<link rel=\"canonical\" href=\"https:\/\/diariotextual.com\/inicio\/index.php\/2023\/08\/11\/general-acha-conforman-consejo-permanente-por-la-no-violencia-en-un-cpfp\/\" \/>\n<meta property=\"og:locale\" content=\"es_ES\" \/>\n<meta property=\"og:type\" content=\"article\" \/>\n<meta property=\"og:title\" content=\"General Acha: conforman Consejo Permanente por la No Violencia en un CPFP - Diario Textual\" \/>\n<meta property=\"og:description\" content=\"En el Centro Provincial de Formaci\u00f3n Profesional 4 de General Acha se realiz\u00f3 el primer encuentro para la conformaci\u00f3n de un nuevo Consejo Permanente por la No Violencia en el&hellip;\" \/>\n<meta property=\"og:url\" content=\"https:\/\/diariotextual.com\/inicio\/index.php\/2023\/08\/11\/general-acha-conforman-consejo-permanente-por-la-no-violencia-en-un-cpfp\/\" \/>\n<meta property=\"og:site_name\" content=\"Diario Textual\" \/>\n<meta property=\"article:publisher\" content=\"https:\/\/www.facebook.com\/eltextual\" \/>\n<meta property=\"article:published_time\" content=\"2023-08-11T22:06:37+00:00\" \/>\n<meta property=\"article:modified_time\" content=\"2023-08-11T22:06:40+00:00\" \/>\n<meta property=\"og:image\" content=\"https:\/\/diariotextual.com\/inicio\/wp-content\/uploads\/2023\/08\/achaconsejonoviolencia.jpg\" \/>\n\t<meta property=\"og:image:width\" content=\"906\" \/>\n\t<meta property=\"og:image:height\" content=\"480\" \/>\n\t<meta property=\"og:image:type\" content=\"image\/jpeg\" \/>\n<meta name=\"author\" content=\"diario3\" \/>\n<meta name=\"twitter:card\" content=\"summary_large_image\" \/>\n<meta name=\"twitter:creator\" content=\"@eltextual\" \/>\n<meta name=\"twitter:site\" content=\"@eltextual\" \/>\n<meta name=\"twitter:label1\" content=\"Escrito por\" \/>\n\t<meta name=\"twitter:data1\" content=\"diario3\" \/>\n\t<meta name=\"twitter:label2\" content=\"Tiempo de lectura\" \/>\n\t<meta name=\"twitter:data2\" content=\"2 minutos\" \/>\n<script type=\"application\/ld+json\" class=\"yoast-schema-graph\">{\"@context\":\"https:\\\/\\\/schema.org\",\"@graph\":[{\"@type\":\"Article\",\"@id\":\"https:\\\/\\\/diariotextual.com\\\/inicio\\\/index.php\\\/2023\\\/08\\\/11\\\/general-acha-conforman-consejo-permanente-por-la-no-violencia-en-un-cpfp\\\/#article\",\"isPartOf\":{\"@id\":\"https:\\\/\\\/diariotextual.com\\\/inicio\\\/index.php\\\/2023\\\/08\\\/11\\\/general-acha-conforman-consejo-permanente-por-la-no-violencia-en-un-cpfp\\\/\"},\"author\":{\"name\":\"diario3\",\"@id\":\"https:\\\/\\\/diariotextual.com\\\/inicio\\\/#\\\/schema\\\/person\\\/a1b6f563e0ee944c60f98119389a4d9f\"},\"headline\":\"General Acha: conforman Consejo Permanente por la No Violencia en un CPFP\",\"datePublished\":\"2023-08-11T22:06:37+00:00\",\"dateModified\":\"2023-08-11T22:06:40+00:00\",\"mainEntityOfPage\":{\"@id\":\"https:\\\/\\\/diariotextual.com\\\/inicio\\\/index.php\\\/2023\\\/08\\\/11\\\/general-acha-conforman-consejo-permanente-por-la-no-violencia-en-un-cpfp\\\/\"},\"wordCount\":283,\"publisher\":{\"@id\":\"https:\\\/\\\/diariotextual.com\\\/inicio\\\/#organization\"},\"image\":{\"@id\":\"https:\\\/\\\/diariotextual.com\\\/inicio\\\/index.php\\\/2023\\\/08\\\/11\\\/general-acha-conforman-consejo-permanente-por-la-no-violencia-en-un-cpfp\\\/#primaryimage\"},\"thumbnailUrl\":\"https:\\\/\\\/diariotextual.com\\\/inicio\\\/wp-content\\\/uploads\\\/2023\\\/08\\\/achaconsejonoviolencia.jpg\",\"keywords\":[\"escuelas\",\"General Acha\",\"no violencia\"],\"articleSection\":[\"A - ES NOTICIA (van abajo)\",\"SOCIEDAD\"],\"inLanguage\":\"es\"},{\"@type\":\"WebPage\",\"@id\":\"https:\\\/\\\/diariotextual.com\\\/inicio\\\/index.php\\\/2023\\\/08\\\/11\\\/general-acha-conforman-consejo-permanente-por-la-no-violencia-en-un-cpfp\\\/\",\"url\":\"https:\\\/\\\/diariotextual.com\\\/inicio\\\/index.php\\\/2023\\\/08\\\/11\\\/general-acha-conforman-consejo-permanente-por-la-no-violencia-en-un-cpfp\\\/\",\"name\":\"General Acha: conforman Consejo Permanente por la No Violencia en un CPFP - Diario Textual\",\"isPartOf\":{\"@id\":\"https:\\\/\\\/diariotextual.com\\\/inicio\\\/#website\"},\"primaryImageOfPage\":{\"@id\":\"https:\\\/\\\/diariotextual.com\\\/inicio\\\/index.php\\\/2023\\\/08\\\/11\\\/general-acha-conforman-consejo-permanente-por-la-no-violencia-en-un-cpfp\\\/#primaryimage\"},\"image\":{\"@id\":\"https:\\\/\\\/diariotextual.com\\\/inicio\\\/index.php\\\/2023\\\/08\\\/11\\\/general-acha-conforman-consejo-permanente-por-la-no-violencia-en-un-cpfp\\\/#primaryimage\"},\"thumbnailUrl\":\"https:\\\/\\\/diariotextual.com\\\/inicio\\\/wp-content\\\/uploads\\\/2023\\\/08\\\/achaconsejonoviolencia.jpg\",\"datePublished\":\"2023-08-11T22:06:37+00:00\",\"dateModified\":\"2023-08-11T22:06:40+00:00\",\"breadcrumb\":{\"@id\":\"https:\\\/\\\/diariotextual.com\\\/inicio\\\/index.php\\\/2023\\\/08\\\/11\\\/general-acha-conforman-consejo-permanente-por-la-no-violencia-en-un-cpfp\\\/#breadcrumb\"},\"inLanguage\":\"es\",\"potentialAction\":[{\"@type\":\"ReadAction\",\"target\":[\"https:\\\/\\\/diariotextual.com\\\/inicio\\\/index.php\\\/2023\\\/08\\\/11\\\/general-acha-conforman-consejo-permanente-por-la-no-violencia-en-un-cpfp\\\/\"]}]},{\"@type\":\"ImageObject\",\"inLanguage\":\"es\",\"@id\":\"https:\\\/\\\/diariotextual.com\\\/inicio\\\/index.php\\\/2023\\\/08\\\/11\\\/general-acha-conforman-consejo-permanente-por-la-no-violencia-en-un-cpfp\\\/#primaryimage\",\"url\":\"https:\\\/\\\/diariotextual.com\\\/inicio\\\/wp-content\\\/uploads\\\/2023\\\/08\\\/achaconsejonoviolencia.jpg\",\"contentUrl\":\"https:\\\/\\\/diariotextual.com\\\/inicio\\\/wp-content\\\/uploads\\\/2023\\\/08\\\/achaconsejonoviolencia.jpg\",\"width\":906,\"height\":480},{\"@type\":\"BreadcrumbList\",\"@id\":\"https:\\\/\\\/diariotextual.com\\\/inicio\\\/index.php\\\/2023\\\/08\\\/11\\\/general-acha-conforman-consejo-permanente-por-la-no-violencia-en-un-cpfp\\\/#breadcrumb\",\"itemListElement\":[{\"@type\":\"ListItem\",\"position\":1,\"name\":\"Portada\",\"item\":\"https:\\\/\\\/diariotextual.com\\\/inicio\\\/\"},{\"@type\":\"ListItem\",\"position\":2,\"name\":\"General Acha: conforman Consejo Permanente por la No Violencia en un CPFP\"}]},{\"@type\":\"WebSite\",\"@id\":\"https:\\\/\\\/diariotextual.com\\\/inicio\\\/#website\",\"url\":\"https:\\\/\\\/diariotextual.com\\\/inicio\\\/\",\"name\":\"Diario Textual\",\"description\":\"\",\"publisher\":{\"@id\":\"https:\\\/\\\/diariotextual.com\\\/inicio\\\/#organization\"},\"potentialAction\":[{\"@type\":\"SearchAction\",\"target\":{\"@type\":\"EntryPoint\",\"urlTemplate\":\"https:\\\/\\\/diariotextual.com\\\/inicio\\\/?s={search_term_string}\"},\"query-input\":{\"@type\":\"PropertyValueSpecification\",\"valueRequired\":true,\"valueName\":\"search_term_string\"}}],\"inLanguage\":\"es\"},{\"@type\":\"Organization\",\"@id\":\"https:\\\/\\\/diariotextual.com\\\/inicio\\\/#organization\",\"name\":\"Diario Textual\",\"url\":\"https:\\\/\\\/diariotextual.com\\\/inicio\\\/\",\"logo\":{\"@type\":\"ImageObject\",\"inLanguage\":\"es\",\"@id\":\"https:\\\/\\\/diariotextual.com\\\/inicio\\\/#\\\/schema\\\/logo\\\/image\\\/\",\"url\":\"https:\\\/\\\/diariotextual.com\\\/inicio\\\/wp-content\\\/uploads\\\/2023\\\/05\\\/logotextual1.jpg\",\"contentUrl\":\"https:\\\/\\\/diariotextual.com\\\/inicio\\\/wp-content\\\/uploads\\\/2023\\\/05\\\/logotextual1.jpg\",\"width\":516,\"height\":76,\"caption\":\"Diario Textual\"},\"image\":{\"@id\":\"https:\\\/\\\/diariotextual.com\\\/inicio\\\/#\\\/schema\\\/logo\\\/image\\\/\"},\"sameAs\":[\"https:\\\/\\\/www.facebook.com\\\/eltextual\",\"https:\\\/\\\/x.com\\\/eltextual\",\"http:\\\/\\\/www.instagram.com\\\/eltextual\"]},{\"@type\":\"Person\",\"@id\":\"https:\\\/\\\/diariotextual.com\\\/inicio\\\/#\\\/schema\\\/person\\\/a1b6f563e0ee944c60f98119389a4d9f\",\"name\":\"diario3\",\"image\":{\"@type\":\"ImageObject\",\"inLanguage\":\"es\",\"@id\":\"https:\\\/\\\/secure.gravatar.com\\\/avatar\\\/5e7ee62c82fc04d9dd79d746a390d93c69c43223e5faeeb3ea9461ef752bfc5d?s=96&d=mm&r=g\",\"url\":\"https:\\\/\\\/secure.gravatar.com\\\/avatar\\\/5e7ee62c82fc04d9dd79d746a390d93c69c43223e5faeeb3ea9461ef752bfc5d?s=96&d=mm&r=g\",\"contentUrl\":\"https:\\\/\\\/secure.gravatar.com\\\/avatar\\\/5e7ee62c82fc04d9dd79d746a390d93c69c43223e5faeeb3ea9461ef752bfc5d?s=96&d=mm&r=g\",\"caption\":\"diario3\"},\"url\":\"https:\\\/\\\/diariotextual.com\\\/inicio\\\/index.php\\\/author\\\/diario3\\\/\"}]}<\/script>\n<!-- \/ Yoast SEO plugin. -->","yoast_head_json":{"title":"General Acha: conforman Consejo Permanente por la No Violencia en un CPFP - Diario Textual","robots":{"index":"index","follow":"follow","max-snippet":"max-snippet:-1","max-image-preview":"max-image-preview:large","max-video-preview":"max-video-preview:-1"},"canonical":"https:\/\/diariotextual.com\/inicio\/index.php\/2023\/08\/11\/general-acha-conforman-consejo-permanente-por-la-no-violencia-en-un-cpfp\/","og_locale":"es_ES","og_type":"article","og_title":"General Acha: conforman Consejo Permanente por la No Violencia en un CPFP - Diario Textual","og_description":"En el Centro Provincial de Formaci\u00f3n Profesional 4 de General Acha se realiz\u00f3 el primer encuentro para la conformaci\u00f3n de un nuevo Consejo Permanente por la No Violencia en el&hellip;","og_url":"https:\/\/diariotextual.com\/inicio\/index.php\/2023\/08\/11\/general-acha-conforman-consejo-permanente-por-la-no-violencia-en-un-cpfp\/","og_site_name":"Diario Textual","article_publisher":"https:\/\/www.facebook.com\/eltextual","article_published_time":"2023-08-11T22:06:37+00:00","article_modified_time":"2023-08-11T22:06:40+00:00","og_image":[{"width":906,"height":480,"url":"https:\/\/diariotextual.com\/inicio\/wp-content\/uploads\/2023\/08\/achaconsejonoviolencia.jpg","type":"image\/jpeg"}],"author":"diario3","twitter_card":"summary_large_image","twitter_creator":"@eltextual","twitter_site":"@eltextual","twitter_misc":{"Escrito por":"diario3","Tiempo de lectura":"2 minutos"},"schema":{"@context":"https:\/\/schema.org","@graph":[{"@type":"Article","@id":"https:\/\/diariotextual.com\/inicio\/index.php\/2023\/08\/11\/general-acha-conforman-consejo-permanente-por-la-no-violencia-en-un-cpfp\/#article","isPartOf":{"@id":"https:\/\/diariotextual.com\/inicio\/index.php\/2023\/08\/11\/general-acha-conforman-consejo-permanente-por-la-no-violencia-en-un-cpfp\/"},"author":{"name":"diario3","@id":"https:\/\/diariotextual.com\/inicio\/#\/schema\/person\/a1b6f563e0ee944c60f98119389a4d9f"},"headline":"General Acha: conforman Consejo Permanente por la No Violencia en un CPFP","datePublished":"2023-08-11T22:06:37+00:00","dateModified":"2023-08-11T22:06:40+00:00","mainEntityOfPage":{"@id":"https:\/\/diariotextual.com\/inicio\/index.php\/2023\/08\/11\/general-acha-conforman-consejo-permanente-por-la-no-violencia-en-un-cpfp\/"},"wordCount":283,"publisher":{"@id":"https:\/\/diariotextual.com\/inicio\/#organization"},"image":{"@id":"https:\/\/diariotextual.com\/inicio\/index.php\/2023\/08\/11\/general-acha-conforman-consejo-permanente-por-la-no-violencia-en-un-cpfp\/#primaryimage"},"thumbnailUrl":"https:\/\/diariotextual.com\/inicio\/wp-content\/uploads\/2023\/08\/achaconsejonoviolencia.jpg","keywords":["escuelas","General Acha","no violencia"],"articleSection":["A - ES NOTICIA (van abajo)","SOCIEDAD"],"inLanguage":"es"},{"@type":"WebPage","@id":"https:\/\/diariotextual.com\/inicio\/index.php\/2023\/08\/11\/general-acha-conforman-consejo-permanente-por-la-no-violencia-en-un-cpfp\/","url":"https:\/\/diariotextual.com\/inicio\/index.php\/2023\/08\/11\/general-acha-conforman-consejo-permanente-por-la-no-violencia-en-un-cpfp\/","name":"General Acha: conforman Consejo Permanente por la No Violencia en un CPFP - Diario Textual","isPartOf":{"@id":"https:\/\/diariotextual.com\/inicio\/#website"},"primaryImageOfPage":{"@id":"https:\/\/diariotextual.com\/inicio\/index.php\/2023\/08\/11\/general-acha-conforman-consejo-permanente-por-la-no-violencia-en-un-cpfp\/#primaryimage"},"image":{"@id":"https:\/\/diariotextual.com\/inicio\/index.php\/2023\/08\/11\/general-acha-conforman-consejo-permanente-por-la-no-violencia-en-un-cpfp\/#primaryimage"},"thumbnailUrl":"https:\/\/diariotextual.com\/inicio\/wp-content\/uploads\/2023\/08\/achaconsejonoviolencia.jpg","datePublished":"2023-08-11T22:06:37+00:00","dateModified":"2023-08-11T22:06:40+00:00","breadcrumb":{"@id":"https:\/\/diariotextual.com\/inicio\/index.php\/2023\/08\/11\/general-acha-conforman-consejo-permanente-por-la-no-violencia-en-un-cpfp\/#breadcrumb"},"inLanguage":"es","potentialAction":[{"@type":"ReadAction","target":["https:\/\/diariotextual.com\/inicio\/index.php\/2023\/08\/11\/general-acha-conforman-consejo-permanente-por-la-no-violencia-en-un-cpfp\/"]}]},{"@type":"ImageObject","inLanguage":"es","@id":"https:\/\/diariotextual.com\/inicio\/index.php\/2023\/08\/11\/general-acha-conforman-consejo-permanente-por-la-no-violencia-en-un-cpfp\/#primaryimage","url":"https:\/\/diariotextual.com\/inicio\/wp-content\/uploads\/2023\/08\/achaconsejonoviolencia.jpg","contentUrl":"https:\/\/diariotextual.com\/inicio\/wp-content\/uploads\/2023\/08\/achaconsejonoviolencia.jpg","width":906,"height":480},{"@type":"BreadcrumbList","@id":"https:\/\/diariotextual.com\/inicio\/index.php\/2023\/08\/11\/general-acha-conforman-consejo-permanente-por-la-no-violencia-en-un-cpfp\/#breadcrumb","itemListElement":[{"@type":"ListItem","position":1,"name":"Portada","item":"https:\/\/diariotextual.com\/inicio\/"},{"@type":"ListItem","position":2,"name":"General Acha: conforman Consejo Permanente por la No Violencia en un CPFP"}]},{"@type":"WebSite","@id":"https:\/\/diariotextual.com\/inicio\/#website","url":"https:\/\/diariotextual.com\/inicio\/","name":"Diario Textual","description":"","publisher":{"@id":"https:\/\/diariotextual.com\/inicio\/#organization"},"potentialAction":[{"@type":"SearchAction","target":{"@type":"EntryPoint","urlTemplate":"https:\/\/diariotextual.com\/inicio\/?s={search_term_string}"},"query-input":{"@type":"PropertyValueSpecification","valueRequired":true,"valueName":"search_term_string"}}],"inLanguage":"es"},{"@type":"Organization","@id":"https:\/\/diariotextual.com\/inicio\/#organization","name":"Diario Textual","url":"https:\/\/diariotextual.com\/inicio\/","logo":{"@type":"ImageObject","inLanguage":"es","@id":"https:\/\/diariotextual.com\/inicio\/#\/schema\/logo\/image\/","url":"https:\/\/diariotextual.com\/inicio\/wp-content\/uploads\/2023\/05\/logotextual1.jpg","contentUrl":"https:\/\/diariotextual.com\/inicio\/wp-content\/uploads\/2023\/05\/logotextual1.jpg","width":516,"height":76,"caption":"Diario Textual"},"image":{"@id":"https:\/\/diariotextual.com\/inicio\/#\/schema\/logo\/image\/"},"sameAs":["https:\/\/www.facebook.com\/eltextual","https:\/\/x.com\/eltextual","http:\/\/www.instagram.com\/eltextual"]},{"@type":"Person","@id":"https:\/\/diariotextual.com\/inicio\/#\/schema\/person\/a1b6f563e0ee944c60f98119389a4d9f","name":"diario3","image":{"@type":"ImageObject","inLanguage":"es","@id":"https:\/\/secure.gravatar.com\/avatar\/5e7ee62c82fc04d9dd79d746a390d93c69c43223e5faeeb3ea9461ef752bfc5d?s=96&d=mm&r=g","url":"https:\/\/secure.gravatar.com\/avatar\/5e7ee62c82fc04d9dd79d746a390d93c69c43223e5faeeb3ea9461ef752bfc5d?s=96&d=mm&r=g","contentUrl":"https:\/\/secure.gravatar.com\/avatar\/5e7ee62c82fc04d9dd79d746a390d93c69c43223e5faeeb3ea9461ef752bfc5d?s=96&d=mm&r=g","caption":"diario3"},"url":"https:\/\/diariotextual.com\/inicio\/index.php\/author\/diario3\/"}]}},"_links":{"self":[{"href":"https:\/\/diariotextual.com\/inicio\/index.php\/wp-json\/wp\/v2\/posts\/233651","targetHints":{"allow":["GET"]}}],"collection":[{"href":"https:\/\/diariotextual.com\/inicio\/index.php\/wp-json\/wp\/v2\/posts"}],"about":[{"href":"https:\/\/diariotextual.com\/inicio\/index.php\/wp-json\/wp\/v2\/types\/post"}],"author":[{"embeddable":true,"href":"https:\/\/diariotextual.com\/inicio\/index.php\/wp-json\/wp\/v2\/users\/5"}],"replies":[{"embeddable":true,"href":"https:\/\/diariotextual.com\/inicio\/index.php\/wp-json\/wp\/v2\/comments?post=233651"}],"version-history":[{"count":1,"href":"https:\/\/diariotextual.com\/inicio\/index.php\/wp-json\/wp\/v2\/posts\/233651\/revisions"}],"predecessor-version":[{"id":233653,"href":"https:\/\/diariotextual.com\/inicio\/index.php\/wp-json\/wp\/v2\/posts\/233651\/revisions\/233653"}],"wp:featuredmedia":[{"embeddable":true,"href":"https:\/\/diariotextual.com\/inicio\/index.php\/wp-json\/wp\/v2\/media\/233652"}],"wp:attachment":[{"href":"https:\/\/diariotextual.com\/inicio\/index.php\/wp-json\/wp\/v2\/media?parent=233651"}],"wp:term":[{"taxonomy":"category","embeddable":true,"href":"https:\/\/diariotextual.com\/inicio\/index.php\/wp-json\/wp\/v2\/categories?post=233651"},{"taxonomy":"post_tag","embeddable":true,"href":"https:\/\/diariotextual.com\/inicio\/index.php\/wp-json\/wp\/v2\/tags?post=233651"}],"curies":[{"name":"wp","href":"https:\/\/api.w.org\/{rel}","templated":true}]}}