{"id":233661,"date":"2023-08-11T23:05:10","date_gmt":"2023-08-12T02:05:10","guid":{"rendered":"https:\/\/diariotextual.com\/inicio\/?p=233661"},"modified":"2023-08-12T08:39:19","modified_gmt":"2023-08-12T11:39:19","slug":"construiran-el-primer-centro-para-rehabilitar-nenas-y-nenes-en-la-provincia","status":"publish","type":"post","link":"https:\/\/diariotextual.com\/inicio\/index.php\/2023\/08\/11\/construiran-el-primer-centro-para-rehabilitar-nenas-y-nenes-en-la-provincia\/","title":{"rendered":"Construir\u00e1n el primer centro para rehabilitar nenas y nenes en la provincia"},"content":{"rendered":"\n<p>El Gobierno provincial le puso fecha a la licitaci\u00f3n de la obra del Centro de Rehabilitaci\u00f3n Infantil en el Hospital Lucio Molas. El acto administrativo para que las empresas constructoras presenten sus ofertas ser\u00e1 el 22 de septiembre a las 10:00 en el Ministerio de Obras y Servicios P\u00fablicos. La obra a desarrollar cuenta con un presupuesto oficial, a noviembre de 2022, de $ 296.436.063,66 y un plazo de trabajos de 420 d\u00edas.&nbsp;&nbsp;<\/p>\n\n\n\n<p>Al respecto, la jefa del Servicio de Rehabilitaci\u00f3n del Hospital Lucio Molas, Laura Vigliota, explic\u00f3 a la Agencia Provincial de Noticias que el proyecto naci\u00f3 para dar funcionamiento al Servicio de Rehabilitaci\u00f3n Integral Infantil, ya que no existe en La Pampa ning\u00fan otro centro de rehabilitaci\u00f3n pedi\u00e1trico exclusivo. \u201cHablando de lo que tiene que ver con la integralidad, nos referimos a lo f\u00edsico, lo cognitivo, tomando a las infancias de manera integral, este centro rehabilitador va a tener \u00e1reas de Prevenci\u00f3n, Diagn\u00f3stico, Tratamiento y Rehabilitaci\u00f3n de todas las patolog\u00edas o cualquier tipo de condici\u00f3n que necesite atenci\u00f3n, tanto sea por alguna discapacidad espor\u00e1dica o permanente, o bien aquellos ni\u00f1os o ni\u00f1as que tengan un desaf\u00edo en su neuro-desarrollo\u201d, dijo.<\/p>\n\n\n\n<p>\u201cContar\u00e1 con la infraestructura, equipamiento y recurso integral en dicha \u00e1rea, desde salud p\u00fablica a las infancias y adolescencias. Con un espacio edilicio adecuado para el trabajo as\u00ed que estamos muy felices que esto se pueda llevar a cabo. Es muy importante tener una salud p\u00fablica de calidad, de excelencia y que est\u00e9 pensando siempre en las necesidades de todos los pampeanos y pampeanas. Viene ser como un regalo en el Mes de las Infancias que la licitaci\u00f3n salga ahora\u201d, agreg\u00f3 la profesional.<\/p>\n\n\n\n<p>\u201cEl centro Favaloro-Molas es el de mayor complejidad y de derivaci\u00f3n de toda la provincia y de localidades de provincias aleda\u00f1as. Nosotros somos cabecera, como Centro de Rehabilitaci\u00f3n, de la provincia de La Pampa, ya que conformamos la Red Federal de Rehabilitaci\u00f3n, por lo que el proyecto se concatena a partir de trabajar con la Agencia Nacional de Discapacidad\u201d, finaliz\u00f3.<\/p>\n","protected":false},"excerpt":{"rendered":"<p>El Gobierno provincial le puso fecha a la licitaci\u00f3n de la obra del Centro de Rehabilitaci\u00f3n Infantil en el Hospital Lucio Molas. El acto administrativo para que las empresas constructoras&hellip;<\/p>\n","protected":false},"author":3,"featured_media":233662,"comment_status":"closed","ping_status":"open","sticky":false,"template":"","format":"standard","meta":{"_acf_changed":false,"footnotes":""},"categories":[1,12],"tags":[],"class_list":["post-233661","post","type-post","status-publish","format-standard","has-post-thumbnail","hentry","category-es-noticia","category-sociedad"],"acf":[],"yoast_head":"<!-- This site is optimized with the Yoast SEO plugin v27.5 - https:\/\/yoast.com\/product\/yoast-seo-wordpress\/ -->\n<title>Construir\u00e1n el primer centro para rehabilitar nenas y nenes en la provincia - Diario Textual<\/title>\n<meta name=\"robots\" content=\"index, follow, max-snippet:-1, max-image-preview:large, max-video-preview:-1\" \/>\n<link rel=\"canonical\" href=\"https:\/\/diariotextual.com\/inicio\/index.php\/2023\/08\/11\/construiran-el-primer-centro-para-rehabilitar-nenas-y-nenes-en-la-provincia\/\" \/>\n<meta property=\"og:locale\" content=\"es_ES\" \/>\n<meta property=\"og:type\" content=\"article\" \/>\n<meta property=\"og:title\" content=\"Construir\u00e1n el primer centro para rehabilitar nenas y nenes en la provincia - Diario Textual\" \/>\n<meta property=\"og:description\" content=\"El Gobierno provincial le puso fecha a la licitaci\u00f3n de la obra del Centro de Rehabilitaci\u00f3n Infantil en el Hospital Lucio Molas. El acto administrativo para que las empresas constructoras&hellip;\" \/>\n<meta property=\"og:url\" content=\"https:\/\/diariotextual.com\/inicio\/index.php\/2023\/08\/11\/construiran-el-primer-centro-para-rehabilitar-nenas-y-nenes-en-la-provincia\/\" \/>\n<meta property=\"og:site_name\" content=\"Diario Textual\" \/>\n<meta property=\"article:publisher\" content=\"https:\/\/www.facebook.com\/eltextual\" \/>\n<meta property=\"article:published_time\" content=\"2023-08-12T02:05:10+00:00\" \/>\n<meta property=\"article:modified_time\" content=\"2023-08-12T11:39:19+00:00\" \/>\n<meta property=\"og:image\" content=\"https:\/\/diariotextual.com\/inicio\/wp-content\/uploads\/2023\/08\/centrorehabilitacioninfantilplano2023-1.jpg\" \/>\n\t<meta property=\"og:image:width\" content=\"1277\" \/>\n\t<meta property=\"og:image:height\" content=\"822\" \/>\n\t<meta property=\"og:image:type\" content=\"image\/jpeg\" \/>\n<meta name=\"author\" content=\"Diario1 Diario1\" \/>\n<meta name=\"twitter:card\" content=\"summary_large_image\" \/>\n<meta name=\"twitter:creator\" content=\"@eltextual\" \/>\n<meta name=\"twitter:site\" content=\"@eltextual\" \/>\n<meta name=\"twitter:label1\" content=\"Escrito por\" \/>\n\t<meta name=\"twitter:data1\" content=\"Diario1 Diario1\" \/>\n\t<meta name=\"twitter:label2\" content=\"Tiempo de lectura\" \/>\n\t<meta name=\"twitter:data2\" content=\"2 minutos\" \/>\n<script type=\"application\/ld+json\" class=\"yoast-schema-graph\">{\"@context\":\"https:\\\/\\\/schema.org\",\"@graph\":[{\"@type\":\"Article\",\"@id\":\"https:\\\/\\\/diariotextual.com\\\/inicio\\\/index.php\\\/2023\\\/08\\\/11\\\/construiran-el-primer-centro-para-rehabilitar-nenas-y-nenes-en-la-provincia\\\/#article\",\"isPartOf\":{\"@id\":\"https:\\\/\\\/diariotextual.com\\\/inicio\\\/index.php\\\/2023\\\/08\\\/11\\\/construiran-el-primer-centro-para-rehabilitar-nenas-y-nenes-en-la-provincia\\\/\"},\"author\":{\"name\":\"Diario1 Diario1\",\"@id\":\"https:\\\/\\\/diariotextual.com\\\/inicio\\\/#\\\/schema\\\/person\\\/418fc4093c33e86ed41562db3508f958\"},\"headline\":\"Construir\u00e1n el primer centro para rehabilitar nenas y nenes en la provincia\",\"datePublished\":\"2023-08-12T02:05:10+00:00\",\"dateModified\":\"2023-08-12T11:39:19+00:00\",\"mainEntityOfPage\":{\"@id\":\"https:\\\/\\\/diariotextual.com\\\/inicio\\\/index.php\\\/2023\\\/08\\\/11\\\/construiran-el-primer-centro-para-rehabilitar-nenas-y-nenes-en-la-provincia\\\/\"},\"wordCount\":371,\"publisher\":{\"@id\":\"https:\\\/\\\/diariotextual.com\\\/inicio\\\/#organization\"},\"image\":{\"@id\":\"https:\\\/\\\/diariotextual.com\\\/inicio\\\/index.php\\\/2023\\\/08\\\/11\\\/construiran-el-primer-centro-para-rehabilitar-nenas-y-nenes-en-la-provincia\\\/#primaryimage\"},\"thumbnailUrl\":\"https:\\\/\\\/diariotextual.com\\\/inicio\\\/wp-content\\\/uploads\\\/2023\\\/08\\\/centrorehabilitacioninfantilplano2023-1.jpg\",\"articleSection\":[\"A - ES NOTICIA (van abajo)\",\"SOCIEDAD\"],\"inLanguage\":\"es\"},{\"@type\":\"WebPage\",\"@id\":\"https:\\\/\\\/diariotextual.com\\\/inicio\\\/index.php\\\/2023\\\/08\\\/11\\\/construiran-el-primer-centro-para-rehabilitar-nenas-y-nenes-en-la-provincia\\\/\",\"url\":\"https:\\\/\\\/diariotextual.com\\\/inicio\\\/index.php\\\/2023\\\/08\\\/11\\\/construiran-el-primer-centro-para-rehabilitar-nenas-y-nenes-en-la-provincia\\\/\",\"name\":\"Construir\u00e1n el primer centro para rehabilitar nenas y nenes en la provincia - Diario Textual\",\"isPartOf\":{\"@id\":\"https:\\\/\\\/diariotextual.com\\\/inicio\\\/#website\"},\"primaryImageOfPage\":{\"@id\":\"https:\\\/\\\/diariotextual.com\\\/inicio\\\/index.php\\\/2023\\\/08\\\/11\\\/construiran-el-primer-centro-para-rehabilitar-nenas-y-nenes-en-la-provincia\\\/#primaryimage\"},\"image\":{\"@id\":\"https:\\\/\\\/diariotextual.com\\\/inicio\\\/index.php\\\/2023\\\/08\\\/11\\\/construiran-el-primer-centro-para-rehabilitar-nenas-y-nenes-en-la-provincia\\\/#primaryimage\"},\"thumbnailUrl\":\"https:\\\/\\\/diariotextual.com\\\/inicio\\\/wp-content\\\/uploads\\\/2023\\\/08\\\/centrorehabilitacioninfantilplano2023-1.jpg\",\"datePublished\":\"2023-08-12T02:05:10+00:00\",\"dateModified\":\"2023-08-12T11:39:19+00:00\",\"breadcrumb\":{\"@id\":\"https:\\\/\\\/diariotextual.com\\\/inicio\\\/index.php\\\/2023\\\/08\\\/11\\\/construiran-el-primer-centro-para-rehabilitar-nenas-y-nenes-en-la-provincia\\\/#breadcrumb\"},\"inLanguage\":\"es\",\"potentialAction\":[{\"@type\":\"ReadAction\",\"target\":[\"https:\\\/\\\/diariotextual.com\\\/inicio\\\/index.php\\\/2023\\\/08\\\/11\\\/construiran-el-primer-centro-para-rehabilitar-nenas-y-nenes-en-la-provincia\\\/\"]}]},{\"@type\":\"ImageObject\",\"inLanguage\":\"es\",\"@id\":\"https:\\\/\\\/diariotextual.com\\\/inicio\\\/index.php\\\/2023\\\/08\\\/11\\\/construiran-el-primer-centro-para-rehabilitar-nenas-y-nenes-en-la-provincia\\\/#primaryimage\",\"url\":\"https:\\\/\\\/diariotextual.com\\\/inicio\\\/wp-content\\\/uploads\\\/2023\\\/08\\\/centrorehabilitacioninfantilplano2023-1.jpg\",\"contentUrl\":\"https:\\\/\\\/diariotextual.com\\\/inicio\\\/wp-content\\\/uploads\\\/2023\\\/08\\\/centrorehabilitacioninfantilplano2023-1.jpg\",\"width\":1277,\"height\":822},{\"@type\":\"BreadcrumbList\",\"@id\":\"https:\\\/\\\/diariotextual.com\\\/inicio\\\/index.php\\\/2023\\\/08\\\/11\\\/construiran-el-primer-centro-para-rehabilitar-nenas-y-nenes-en-la-provincia\\\/#breadcrumb\",\"itemListElement\":[{\"@type\":\"ListItem\",\"position\":1,\"name\":\"Portada\",\"item\":\"https:\\\/\\\/diariotextual.com\\\/inicio\\\/\"},{\"@type\":\"ListItem\",\"position\":2,\"name\":\"Construir\u00e1n el primer centro para rehabilitar nenas y nenes en la provincia\"}]},{\"@type\":\"WebSite\",\"@id\":\"https:\\\/\\\/diariotextual.com\\\/inicio\\\/#website\",\"url\":\"https:\\\/\\\/diariotextual.com\\\/inicio\\\/\",\"name\":\"Diario Textual\",\"description\":\"\",\"publisher\":{\"@id\":\"https:\\\/\\\/diariotextual.com\\\/inicio\\\/#organization\"},\"potentialAction\":[{\"@type\":\"SearchAction\",\"target\":{\"@type\":\"EntryPoint\",\"urlTemplate\":\"https:\\\/\\\/diariotextual.com\\\/inicio\\\/?s={search_term_string}\"},\"query-input\":{\"@type\":\"PropertyValueSpecification\",\"valueRequired\":true,\"valueName\":\"search_term_string\"}}],\"inLanguage\":\"es\"},{\"@type\":\"Organization\",\"@id\":\"https:\\\/\\\/diariotextual.com\\\/inicio\\\/#organization\",\"name\":\"Diario Textual\",\"url\":\"https:\\\/\\\/diariotextual.com\\\/inicio\\\/\",\"logo\":{\"@type\":\"ImageObject\",\"inLanguage\":\"es\",\"@id\":\"https:\\\/\\\/diariotextual.com\\\/inicio\\\/#\\\/schema\\\/logo\\\/image\\\/\",\"url\":\"https:\\\/\\\/diariotextual.com\\\/inicio\\\/wp-content\\\/uploads\\\/2023\\\/05\\\/logotextual1.jpg\",\"contentUrl\":\"https:\\\/\\\/diariotextual.com\\\/inicio\\\/wp-content\\\/uploads\\\/2023\\\/05\\\/logotextual1.jpg\",\"width\":516,\"height\":76,\"caption\":\"Diario Textual\"},\"image\":{\"@id\":\"https:\\\/\\\/diariotextual.com\\\/inicio\\\/#\\\/schema\\\/logo\\\/image\\\/\"},\"sameAs\":[\"https:\\\/\\\/www.facebook.com\\\/eltextual\",\"https:\\\/\\\/x.com\\\/eltextual\",\"http:\\\/\\\/www.instagram.com\\\/eltextual\"]},{\"@type\":\"Person\",\"@id\":\"https:\\\/\\\/diariotextual.com\\\/inicio\\\/#\\\/schema\\\/person\\\/418fc4093c33e86ed41562db3508f958\",\"name\":\"Diario1 Diario1\",\"image\":{\"@type\":\"ImageObject\",\"inLanguage\":\"es\",\"@id\":\"https:\\\/\\\/secure.gravatar.com\\\/avatar\\\/9167d280179c85bc18be67aa7eda765854300033af4896dd779b608640f2ef7a?s=96&d=mm&r=g\",\"url\":\"https:\\\/\\\/secure.gravatar.com\\\/avatar\\\/9167d280179c85bc18be67aa7eda765854300033af4896dd779b608640f2ef7a?s=96&d=mm&r=g\",\"contentUrl\":\"https:\\\/\\\/secure.gravatar.com\\\/avatar\\\/9167d280179c85bc18be67aa7eda765854300033af4896dd779b608640f2ef7a?s=96&d=mm&r=g\",\"caption\":\"Diario1 Diario1\"},\"url\":\"https:\\\/\\\/diariotextual.com\\\/inicio\\\/index.php\\\/author\\\/diario1\\\/\"}]}<\/script>\n<!-- \/ Yoast SEO plugin. -->","yoast_head_json":{"title":"Construir\u00e1n el primer centro para rehabilitar nenas y nenes en la provincia - Diario Textual","robots":{"index":"index","follow":"follow","max-snippet":"max-snippet:-1","max-image-preview":"max-image-preview:large","max-video-preview":"max-video-preview:-1"},"canonical":"https:\/\/diariotextual.com\/inicio\/index.php\/2023\/08\/11\/construiran-el-primer-centro-para-rehabilitar-nenas-y-nenes-en-la-provincia\/","og_locale":"es_ES","og_type":"article","og_title":"Construir\u00e1n el primer centro para rehabilitar nenas y nenes en la provincia - Diario Textual","og_description":"El Gobierno provincial le puso fecha a la licitaci\u00f3n de la obra del Centro de Rehabilitaci\u00f3n Infantil en el Hospital Lucio Molas. El acto administrativo para que las empresas constructoras&hellip;","og_url":"https:\/\/diariotextual.com\/inicio\/index.php\/2023\/08\/11\/construiran-el-primer-centro-para-rehabilitar-nenas-y-nenes-en-la-provincia\/","og_site_name":"Diario Textual","article_publisher":"https:\/\/www.facebook.com\/eltextual","article_published_time":"2023-08-12T02:05:10+00:00","article_modified_time":"2023-08-12T11:39:19+00:00","og_image":[{"width":1277,"height":822,"url":"https:\/\/diariotextual.com\/inicio\/wp-content\/uploads\/2023\/08\/centrorehabilitacioninfantilplano2023-1.jpg","type":"image\/jpeg"}],"author":"Diario1 Diario1","twitter_card":"summary_large_image","twitter_creator":"@eltextual","twitter_site":"@eltextual","twitter_misc":{"Escrito por":"Diario1 Diario1","Tiempo de lectura":"2 minutos"},"schema":{"@context":"https:\/\/schema.org","@graph":[{"@type":"Article","@id":"https:\/\/diariotextual.com\/inicio\/index.php\/2023\/08\/11\/construiran-el-primer-centro-para-rehabilitar-nenas-y-nenes-en-la-provincia\/#article","isPartOf":{"@id":"https:\/\/diariotextual.com\/inicio\/index.php\/2023\/08\/11\/construiran-el-primer-centro-para-rehabilitar-nenas-y-nenes-en-la-provincia\/"},"author":{"name":"Diario1 Diario1","@id":"https:\/\/diariotextual.com\/inicio\/#\/schema\/person\/418fc4093c33e86ed41562db3508f958"},"headline":"Construir\u00e1n el primer centro para rehabilitar nenas y nenes en la provincia","datePublished":"2023-08-12T02:05:10+00:00","dateModified":"2023-08-12T11:39:19+00:00","mainEntityOfPage":{"@id":"https:\/\/diariotextual.com\/inicio\/index.php\/2023\/08\/11\/construiran-el-primer-centro-para-rehabilitar-nenas-y-nenes-en-la-provincia\/"},"wordCount":371,"publisher":{"@id":"https:\/\/diariotextual.com\/inicio\/#organization"},"image":{"@id":"https:\/\/diariotextual.com\/inicio\/index.php\/2023\/08\/11\/construiran-el-primer-centro-para-rehabilitar-nenas-y-nenes-en-la-provincia\/#primaryimage"},"thumbnailUrl":"https:\/\/diariotextual.com\/inicio\/wp-content\/uploads\/2023\/08\/centrorehabilitacioninfantilplano2023-1.jpg","articleSection":["A - ES NOTICIA (van abajo)","SOCIEDAD"],"inLanguage":"es"},{"@type":"WebPage","@id":"https:\/\/diariotextual.com\/inicio\/index.php\/2023\/08\/11\/construiran-el-primer-centro-para-rehabilitar-nenas-y-nenes-en-la-provincia\/","url":"https:\/\/diariotextual.com\/inicio\/index.php\/2023\/08\/11\/construiran-el-primer-centro-para-rehabilitar-nenas-y-nenes-en-la-provincia\/","name":"Construir\u00e1n el primer centro para rehabilitar nenas y nenes en la provincia - Diario Textual","isPartOf":{"@id":"https:\/\/diariotextual.com\/inicio\/#website"},"primaryImageOfPage":{"@id":"https:\/\/diariotextual.com\/inicio\/index.php\/2023\/08\/11\/construiran-el-primer-centro-para-rehabilitar-nenas-y-nenes-en-la-provincia\/#primaryimage"},"image":{"@id":"https:\/\/diariotextual.com\/inicio\/index.php\/2023\/08\/11\/construiran-el-primer-centro-para-rehabilitar-nenas-y-nenes-en-la-provincia\/#primaryimage"},"thumbnailUrl":"https:\/\/diariotextual.com\/inicio\/wp-content\/uploads\/2023\/08\/centrorehabilitacioninfantilplano2023-1.jpg","datePublished":"2023-08-12T02:05:10+00:00","dateModified":"2023-08-12T11:39:19+00:00","breadcrumb":{"@id":"https:\/\/diariotextual.com\/inicio\/index.php\/2023\/08\/11\/construiran-el-primer-centro-para-rehabilitar-nenas-y-nenes-en-la-provincia\/#breadcrumb"},"inLanguage":"es","potentialAction":[{"@type":"ReadAction","target":["https:\/\/diariotextual.com\/inicio\/index.php\/2023\/08\/11\/construiran-el-primer-centro-para-rehabilitar-nenas-y-nenes-en-la-provincia\/"]}]},{"@type":"ImageObject","inLanguage":"es","@id":"https:\/\/diariotextual.com\/inicio\/index.php\/2023\/08\/11\/construiran-el-primer-centro-para-rehabilitar-nenas-y-nenes-en-la-provincia\/#primaryimage","url":"https:\/\/diariotextual.com\/inicio\/wp-content\/uploads\/2023\/08\/centrorehabilitacioninfantilplano2023-1.jpg","contentUrl":"https:\/\/diariotextual.com\/inicio\/wp-content\/uploads\/2023\/08\/centrorehabilitacioninfantilplano2023-1.jpg","width":1277,"height":822},{"@type":"BreadcrumbList","@id":"https:\/\/diariotextual.com\/inicio\/index.php\/2023\/08\/11\/construiran-el-primer-centro-para-rehabilitar-nenas-y-nenes-en-la-provincia\/#breadcrumb","itemListElement":[{"@type":"ListItem","position":1,"name":"Portada","item":"https:\/\/diariotextual.com\/inicio\/"},{"@type":"ListItem","position":2,"name":"Construir\u00e1n el primer centro para rehabilitar nenas y nenes en la provincia"}]},{"@type":"WebSite","@id":"https:\/\/diariotextual.com\/inicio\/#website","url":"https:\/\/diariotextual.com\/inicio\/","name":"Diario Textual","description":"","publisher":{"@id":"https:\/\/diariotextual.com\/inicio\/#organization"},"potentialAction":[{"@type":"SearchAction","target":{"@type":"EntryPoint","urlTemplate":"https:\/\/diariotextual.com\/inicio\/?s={search_term_string}"},"query-input":{"@type":"PropertyValueSpecification","valueRequired":true,"valueName":"search_term_string"}}],"inLanguage":"es"},{"@type":"Organization","@id":"https:\/\/diariotextual.com\/inicio\/#organization","name":"Diario Textual","url":"https:\/\/diariotextual.com\/inicio\/","logo":{"@type":"ImageObject","inLanguage":"es","@id":"https:\/\/diariotextual.com\/inicio\/#\/schema\/logo\/image\/","url":"https:\/\/diariotextual.com\/inicio\/wp-content\/uploads\/2023\/05\/logotextual1.jpg","contentUrl":"https:\/\/diariotextual.com\/inicio\/wp-content\/uploads\/2023\/05\/logotextual1.jpg","width":516,"height":76,"caption":"Diario Textual"},"image":{"@id":"https:\/\/diariotextual.com\/inicio\/#\/schema\/logo\/image\/"},"sameAs":["https:\/\/www.facebook.com\/eltextual","https:\/\/x.com\/eltextual","http:\/\/www.instagram.com\/eltextual"]},{"@type":"Person","@id":"https:\/\/diariotextual.com\/inicio\/#\/schema\/person\/418fc4093c33e86ed41562db3508f958","name":"Diario1 Diario1","image":{"@type":"ImageObject","inLanguage":"es","@id":"https:\/\/secure.gravatar.com\/avatar\/9167d280179c85bc18be67aa7eda765854300033af4896dd779b608640f2ef7a?s=96&d=mm&r=g","url":"https:\/\/secure.gravatar.com\/avatar\/9167d280179c85bc18be67aa7eda765854300033af4896dd779b608640f2ef7a?s=96&d=mm&r=g","contentUrl":"https:\/\/secure.gravatar.com\/avatar\/9167d280179c85bc18be67aa7eda765854300033af4896dd779b608640f2ef7a?s=96&d=mm&r=g","caption":"Diario1 Diario1"},"url":"https:\/\/diariotextual.com\/inicio\/index.php\/author\/diario1\/"}]}},"_links":{"self":[{"href":"https:\/\/diariotextual.com\/inicio\/index.php\/wp-json\/wp\/v2\/posts\/233661","targetHints":{"allow":["GET"]}}],"collection":[{"href":"https:\/\/diariotextual.com\/inicio\/index.php\/wp-json\/wp\/v2\/posts"}],"about":[{"href":"https:\/\/diariotextual.com\/inicio\/index.php\/wp-json\/wp\/v2\/types\/post"}],"author":[{"embeddable":true,"href":"https:\/\/diariotextual.com\/inicio\/index.php\/wp-json\/wp\/v2\/users\/3"}],"replies":[{"embeddable":true,"href":"https:\/\/diariotextual.com\/inicio\/index.php\/wp-json\/wp\/v2\/comments?post=233661"}],"version-history":[{"count":1,"href":"https:\/\/diariotextual.com\/inicio\/index.php\/wp-json\/wp\/v2\/posts\/233661\/revisions"}],"predecessor-version":[{"id":233663,"href":"https:\/\/diariotextual.com\/inicio\/index.php\/wp-json\/wp\/v2\/posts\/233661\/revisions\/233663"}],"wp:featuredmedia":[{"embeddable":true,"href":"https:\/\/diariotextual.com\/inicio\/index.php\/wp-json\/wp\/v2\/media\/233662"}],"wp:attachment":[{"href":"https:\/\/diariotextual.com\/inicio\/index.php\/wp-json\/wp\/v2\/media?parent=233661"}],"wp:term":[{"taxonomy":"category","embeddable":true,"href":"https:\/\/diariotextual.com\/inicio\/index.php\/wp-json\/wp\/v2\/categories?post=233661"},{"taxonomy":"post_tag","embeddable":true,"href":"https:\/\/diariotextual.com\/inicio\/index.php\/wp-json\/wp\/v2\/tags?post=233661"}],"curies":[{"name":"wp","href":"https:\/\/api.w.org\/{rel}","templated":true}]}}