{"id":233671,"date":"2023-08-12T08:34:45","date_gmt":"2023-08-12T11:34:45","guid":{"rendered":"https:\/\/diariotextual.com\/inicio\/?p=233671"},"modified":"2023-08-12T10:12:15","modified_gmt":"2023-08-12T13:12:15","slug":"arsat-lanzara-su-satelite-sg1-a-comienzos-de-2025-para-brindar-internet","status":"publish","type":"post","link":"https:\/\/diariotextual.com\/inicio\/index.php\/2023\/08\/12\/arsat-lanzara-su-satelite-sg1-a-comienzos-de-2025-para-brindar-internet\/","title":{"rendered":"Arsat lanzar\u00e1 otro sat\u00e9lite a comienzos de 2025 para dar internet a los hogares"},"content":{"rendered":"\n<p>El lanzamiento del sat\u00e9lite SG1 de la empresa estatal de telecomunicaciones Arsat, que\u00a0<strong>orbitar\u00e1 a m\u00e1s de 35 mil kil\u00f3metros de la Tierra<\/strong>, se realizar\u00eda el primer trimestre de 2025, estim\u00f3 su subgerente de Operaciones Satelitales,\u00a0<strong>Juan Aurelio<\/strong>.<br><br>Durante una conferencia dictada en el Instituto Universitario para el Desarrollo Productivo y Tecnol\u00f3gico Empresarial de la Argentina (Iudpt), el funcionario afirm\u00f3 que \u201cel nuevo desaf\u00edo de Arsat es brindar conectividad de Internet a los hogares v\u00eda sat\u00e9lite\u201d.<br><br>Aurelio se\u00f1al\u00f3 que la capacidad de\u00a0<strong>servicio de conectividad de este sat\u00e9lite de segunda generaci\u00f3n ser\u00e1 de 70 gigabits por segundo, a ra\u00edz del \u201ccambio de frecuencia a la Banda Ka con un rango de 27,5 a 31 gigahercios, que cuadruplica el ancho de banda para la transmisi\u00f3n de grandes cantidades de datos\u201d<\/strong>.<br><br>Dicha Banda Ka, por ejemplo, es la que utiliza, en \u00f3rbita GEO, la serie de sat\u00e9lites brit\u00e1nicos Inmarsat-5 para brindar servicios a Europa, Medio Oriente, \u00c1frica, Asia, la zona del Pac\u00edfico y el Oeste de Am\u00e9rica del Norte; en \u00f3rbita terrestre baja (LEO), hace lo propio el sistema Starlink de SpaceX.<br><br>El experto agreg\u00f3 que la mayor capacidad de servicio del Arsat SG1 tambi\u00e9n se logra mediante \u201cla reutilizaci\u00f3n de la frecuencia ocho veces\u201d, que es lo que define las caracter\u00edsticas t\u00e9cnicas de los sat\u00e9lites de alto rendimiento, conocidos por sus siglas HTS.<br><br>El directivo tambi\u00e9n adelant\u00f3 que reci\u00e9n \u201cse est\u00e1 terminando la definici\u00f3n del sat\u00e9lite SG2\u201d, cuya construcci\u00f3n hab\u00eda sido anunciada el a\u00f1o pasado.<br><br>El objetivo es combinar el servicio de\u00a0<strong>broadcast de se\u00f1ales de TV y conectividad en la banda Ku y de Internet de alta velocidad en zonas alejadas de las redes de fibra en la banda Ka<\/strong>, explic\u00f3.<\/p>\n\n\n\n<p><\/p>\n","protected":false},"excerpt":{"rendered":"<p>El lanzamiento del sat\u00e9lite SG1 de la empresa estatal de telecomunicaciones Arsat, que\u00a0orbitar\u00e1 a m\u00e1s de 35 mil kil\u00f3metros de la Tierra, se realizar\u00eda el primer trimestre de 2025, estim\u00f3&hellip;<\/p>\n","protected":false},"author":3,"featured_media":78806,"comment_status":"closed","ping_status":"open","sticky":false,"template":"","format":"standard","meta":{"_acf_changed":false,"footnotes":""},"categories":[1,12],"tags":[],"class_list":["post-233671","post","type-post","status-publish","format-standard","has-post-thumbnail","hentry","category-es-noticia","category-sociedad"],"acf":[],"yoast_head":"<!-- This site is optimized with the Yoast SEO plugin v27.5 - https:\/\/yoast.com\/product\/yoast-seo-wordpress\/ -->\n<title>Arsat lanzar\u00e1 otro sat\u00e9lite a comienzos de 2025 para dar internet a los hogares - Diario Textual<\/title>\n<meta name=\"robots\" content=\"index, follow, max-snippet:-1, max-image-preview:large, max-video-preview:-1\" \/>\n<link rel=\"canonical\" href=\"https:\/\/diariotextual.com\/inicio\/index.php\/2023\/08\/12\/arsat-lanzara-su-satelite-sg1-a-comienzos-de-2025-para-brindar-internet\/\" \/>\n<meta property=\"og:locale\" content=\"es_ES\" \/>\n<meta property=\"og:type\" content=\"article\" \/>\n<meta property=\"og:title\" content=\"Arsat lanzar\u00e1 otro sat\u00e9lite a comienzos de 2025 para dar internet a los hogares - Diario Textual\" \/>\n<meta property=\"og:description\" content=\"El lanzamiento del sat\u00e9lite SG1 de la empresa estatal de telecomunicaciones Arsat, que\u00a0orbitar\u00e1 a m\u00e1s de 35 mil kil\u00f3metros de la Tierra, se realizar\u00eda el primer trimestre de 2025, estim\u00f3&hellip;\" \/>\n<meta property=\"og:url\" content=\"https:\/\/diariotextual.com\/inicio\/index.php\/2023\/08\/12\/arsat-lanzara-su-satelite-sg1-a-comienzos-de-2025-para-brindar-internet\/\" \/>\n<meta property=\"og:site_name\" content=\"Diario Textual\" \/>\n<meta property=\"article:publisher\" content=\"https:\/\/www.facebook.com\/eltextual\" \/>\n<meta property=\"article:published_time\" content=\"2023-08-12T11:34:45+00:00\" \/>\n<meta property=\"article:modified_time\" content=\"2023-08-12T13:12:15+00:00\" \/>\n<meta property=\"og:image\" content=\"https:\/\/diariotextual.com\/inicio\/wp-content\/uploads\/2020\/02\/arsat2.jpg\" \/>\n\t<meta property=\"og:image:width\" content=\"750\" \/>\n\t<meta property=\"og:image:height\" content=\"496\" \/>\n\t<meta property=\"og:image:type\" content=\"image\/jpeg\" \/>\n<meta name=\"author\" content=\"Diario1 Diario1\" \/>\n<meta name=\"twitter:card\" content=\"summary_large_image\" \/>\n<meta name=\"twitter:creator\" content=\"@eltextual\" \/>\n<meta name=\"twitter:site\" content=\"@eltextual\" \/>\n<meta name=\"twitter:label1\" content=\"Escrito por\" \/>\n\t<meta name=\"twitter:data1\" content=\"Diario1 Diario1\" \/>\n\t<meta name=\"twitter:label2\" content=\"Tiempo de lectura\" \/>\n\t<meta name=\"twitter:data2\" content=\"2 minutos\" \/>\n<script type=\"application\/ld+json\" class=\"yoast-schema-graph\">{\"@context\":\"https:\\\/\\\/schema.org\",\"@graph\":[{\"@type\":\"Article\",\"@id\":\"https:\\\/\\\/diariotextual.com\\\/inicio\\\/index.php\\\/2023\\\/08\\\/12\\\/arsat-lanzara-su-satelite-sg1-a-comienzos-de-2025-para-brindar-internet\\\/#article\",\"isPartOf\":{\"@id\":\"https:\\\/\\\/diariotextual.com\\\/inicio\\\/index.php\\\/2023\\\/08\\\/12\\\/arsat-lanzara-su-satelite-sg1-a-comienzos-de-2025-para-brindar-internet\\\/\"},\"author\":{\"name\":\"Diario1 Diario1\",\"@id\":\"https:\\\/\\\/diariotextual.com\\\/inicio\\\/#\\\/schema\\\/person\\\/418fc4093c33e86ed41562db3508f958\"},\"headline\":\"Arsat lanzar\u00e1 otro sat\u00e9lite a comienzos de 2025 para dar internet a los hogares\",\"datePublished\":\"2023-08-12T11:34:45+00:00\",\"dateModified\":\"2023-08-12T13:12:15+00:00\",\"mainEntityOfPage\":{\"@id\":\"https:\\\/\\\/diariotextual.com\\\/inicio\\\/index.php\\\/2023\\\/08\\\/12\\\/arsat-lanzara-su-satelite-sg1-a-comienzos-de-2025-para-brindar-internet\\\/\"},\"wordCount\":320,\"publisher\":{\"@id\":\"https:\\\/\\\/diariotextual.com\\\/inicio\\\/#organization\"},\"image\":{\"@id\":\"https:\\\/\\\/diariotextual.com\\\/inicio\\\/index.php\\\/2023\\\/08\\\/12\\\/arsat-lanzara-su-satelite-sg1-a-comienzos-de-2025-para-brindar-internet\\\/#primaryimage\"},\"thumbnailUrl\":\"https:\\\/\\\/diariotextual.com\\\/inicio\\\/wp-content\\\/uploads\\\/2020\\\/02\\\/arsat2.jpg\",\"articleSection\":[\"A - ES NOTICIA (van abajo)\",\"SOCIEDAD\"],\"inLanguage\":\"es\"},{\"@type\":\"WebPage\",\"@id\":\"https:\\\/\\\/diariotextual.com\\\/inicio\\\/index.php\\\/2023\\\/08\\\/12\\\/arsat-lanzara-su-satelite-sg1-a-comienzos-de-2025-para-brindar-internet\\\/\",\"url\":\"https:\\\/\\\/diariotextual.com\\\/inicio\\\/index.php\\\/2023\\\/08\\\/12\\\/arsat-lanzara-su-satelite-sg1-a-comienzos-de-2025-para-brindar-internet\\\/\",\"name\":\"Arsat lanzar\u00e1 otro sat\u00e9lite a comienzos de 2025 para dar internet a los hogares - Diario Textual\",\"isPartOf\":{\"@id\":\"https:\\\/\\\/diariotextual.com\\\/inicio\\\/#website\"},\"primaryImageOfPage\":{\"@id\":\"https:\\\/\\\/diariotextual.com\\\/inicio\\\/index.php\\\/2023\\\/08\\\/12\\\/arsat-lanzara-su-satelite-sg1-a-comienzos-de-2025-para-brindar-internet\\\/#primaryimage\"},\"image\":{\"@id\":\"https:\\\/\\\/diariotextual.com\\\/inicio\\\/index.php\\\/2023\\\/08\\\/12\\\/arsat-lanzara-su-satelite-sg1-a-comienzos-de-2025-para-brindar-internet\\\/#primaryimage\"},\"thumbnailUrl\":\"https:\\\/\\\/diariotextual.com\\\/inicio\\\/wp-content\\\/uploads\\\/2020\\\/02\\\/arsat2.jpg\",\"datePublished\":\"2023-08-12T11:34:45+00:00\",\"dateModified\":\"2023-08-12T13:12:15+00:00\",\"breadcrumb\":{\"@id\":\"https:\\\/\\\/diariotextual.com\\\/inicio\\\/index.php\\\/2023\\\/08\\\/12\\\/arsat-lanzara-su-satelite-sg1-a-comienzos-de-2025-para-brindar-internet\\\/#breadcrumb\"},\"inLanguage\":\"es\",\"potentialAction\":[{\"@type\":\"ReadAction\",\"target\":[\"https:\\\/\\\/diariotextual.com\\\/inicio\\\/index.php\\\/2023\\\/08\\\/12\\\/arsat-lanzara-su-satelite-sg1-a-comienzos-de-2025-para-brindar-internet\\\/\"]}]},{\"@type\":\"ImageObject\",\"inLanguage\":\"es\",\"@id\":\"https:\\\/\\\/diariotextual.com\\\/inicio\\\/index.php\\\/2023\\\/08\\\/12\\\/arsat-lanzara-su-satelite-sg1-a-comienzos-de-2025-para-brindar-internet\\\/#primaryimage\",\"url\":\"https:\\\/\\\/diariotextual.com\\\/inicio\\\/wp-content\\\/uploads\\\/2020\\\/02\\\/arsat2.jpg\",\"contentUrl\":\"https:\\\/\\\/diariotextual.com\\\/inicio\\\/wp-content\\\/uploads\\\/2020\\\/02\\\/arsat2.jpg\",\"width\":750,\"height\":496},{\"@type\":\"BreadcrumbList\",\"@id\":\"https:\\\/\\\/diariotextual.com\\\/inicio\\\/index.php\\\/2023\\\/08\\\/12\\\/arsat-lanzara-su-satelite-sg1-a-comienzos-de-2025-para-brindar-internet\\\/#breadcrumb\",\"itemListElement\":[{\"@type\":\"ListItem\",\"position\":1,\"name\":\"Portada\",\"item\":\"https:\\\/\\\/diariotextual.com\\\/inicio\\\/\"},{\"@type\":\"ListItem\",\"position\":2,\"name\":\"Arsat lanzar\u00e1 otro sat\u00e9lite a comienzos de 2025 para dar internet a los hogares\"}]},{\"@type\":\"WebSite\",\"@id\":\"https:\\\/\\\/diariotextual.com\\\/inicio\\\/#website\",\"url\":\"https:\\\/\\\/diariotextual.com\\\/inicio\\\/\",\"name\":\"Diario Textual\",\"description\":\"\",\"publisher\":{\"@id\":\"https:\\\/\\\/diariotextual.com\\\/inicio\\\/#organization\"},\"potentialAction\":[{\"@type\":\"SearchAction\",\"target\":{\"@type\":\"EntryPoint\",\"urlTemplate\":\"https:\\\/\\\/diariotextual.com\\\/inicio\\\/?s={search_term_string}\"},\"query-input\":{\"@type\":\"PropertyValueSpecification\",\"valueRequired\":true,\"valueName\":\"search_term_string\"}}],\"inLanguage\":\"es\"},{\"@type\":\"Organization\",\"@id\":\"https:\\\/\\\/diariotextual.com\\\/inicio\\\/#organization\",\"name\":\"Diario Textual\",\"url\":\"https:\\\/\\\/diariotextual.com\\\/inicio\\\/\",\"logo\":{\"@type\":\"ImageObject\",\"inLanguage\":\"es\",\"@id\":\"https:\\\/\\\/diariotextual.com\\\/inicio\\\/#\\\/schema\\\/logo\\\/image\\\/\",\"url\":\"https:\\\/\\\/diariotextual.com\\\/inicio\\\/wp-content\\\/uploads\\\/2023\\\/05\\\/logotextual1.jpg\",\"contentUrl\":\"https:\\\/\\\/diariotextual.com\\\/inicio\\\/wp-content\\\/uploads\\\/2023\\\/05\\\/logotextual1.jpg\",\"width\":516,\"height\":76,\"caption\":\"Diario Textual\"},\"image\":{\"@id\":\"https:\\\/\\\/diariotextual.com\\\/inicio\\\/#\\\/schema\\\/logo\\\/image\\\/\"},\"sameAs\":[\"https:\\\/\\\/www.facebook.com\\\/eltextual\",\"https:\\\/\\\/x.com\\\/eltextual\",\"http:\\\/\\\/www.instagram.com\\\/eltextual\"]},{\"@type\":\"Person\",\"@id\":\"https:\\\/\\\/diariotextual.com\\\/inicio\\\/#\\\/schema\\\/person\\\/418fc4093c33e86ed41562db3508f958\",\"name\":\"Diario1 Diario1\",\"image\":{\"@type\":\"ImageObject\",\"inLanguage\":\"es\",\"@id\":\"https:\\\/\\\/secure.gravatar.com\\\/avatar\\\/9167d280179c85bc18be67aa7eda765854300033af4896dd779b608640f2ef7a?s=96&d=mm&r=g\",\"url\":\"https:\\\/\\\/secure.gravatar.com\\\/avatar\\\/9167d280179c85bc18be67aa7eda765854300033af4896dd779b608640f2ef7a?s=96&d=mm&r=g\",\"contentUrl\":\"https:\\\/\\\/secure.gravatar.com\\\/avatar\\\/9167d280179c85bc18be67aa7eda765854300033af4896dd779b608640f2ef7a?s=96&d=mm&r=g\",\"caption\":\"Diario1 Diario1\"},\"url\":\"https:\\\/\\\/diariotextual.com\\\/inicio\\\/index.php\\\/author\\\/diario1\\\/\"}]}<\/script>\n<!-- \/ Yoast SEO plugin. -->","yoast_head_json":{"title":"Arsat lanzar\u00e1 otro sat\u00e9lite a comienzos de 2025 para dar internet a los hogares - Diario Textual","robots":{"index":"index","follow":"follow","max-snippet":"max-snippet:-1","max-image-preview":"max-image-preview:large","max-video-preview":"max-video-preview:-1"},"canonical":"https:\/\/diariotextual.com\/inicio\/index.php\/2023\/08\/12\/arsat-lanzara-su-satelite-sg1-a-comienzos-de-2025-para-brindar-internet\/","og_locale":"es_ES","og_type":"article","og_title":"Arsat lanzar\u00e1 otro sat\u00e9lite a comienzos de 2025 para dar internet a los hogares - Diario Textual","og_description":"El lanzamiento del sat\u00e9lite SG1 de la empresa estatal de telecomunicaciones Arsat, que\u00a0orbitar\u00e1 a m\u00e1s de 35 mil kil\u00f3metros de la Tierra, se realizar\u00eda el primer trimestre de 2025, estim\u00f3&hellip;","og_url":"https:\/\/diariotextual.com\/inicio\/index.php\/2023\/08\/12\/arsat-lanzara-su-satelite-sg1-a-comienzos-de-2025-para-brindar-internet\/","og_site_name":"Diario Textual","article_publisher":"https:\/\/www.facebook.com\/eltextual","article_published_time":"2023-08-12T11:34:45+00:00","article_modified_time":"2023-08-12T13:12:15+00:00","og_image":[{"width":750,"height":496,"url":"https:\/\/diariotextual.com\/inicio\/wp-content\/uploads\/2020\/02\/arsat2.jpg","type":"image\/jpeg"}],"author":"Diario1 Diario1","twitter_card":"summary_large_image","twitter_creator":"@eltextual","twitter_site":"@eltextual","twitter_misc":{"Escrito por":"Diario1 Diario1","Tiempo de lectura":"2 minutos"},"schema":{"@context":"https:\/\/schema.org","@graph":[{"@type":"Article","@id":"https:\/\/diariotextual.com\/inicio\/index.php\/2023\/08\/12\/arsat-lanzara-su-satelite-sg1-a-comienzos-de-2025-para-brindar-internet\/#article","isPartOf":{"@id":"https:\/\/diariotextual.com\/inicio\/index.php\/2023\/08\/12\/arsat-lanzara-su-satelite-sg1-a-comienzos-de-2025-para-brindar-internet\/"},"author":{"name":"Diario1 Diario1","@id":"https:\/\/diariotextual.com\/inicio\/#\/schema\/person\/418fc4093c33e86ed41562db3508f958"},"headline":"Arsat lanzar\u00e1 otro sat\u00e9lite a comienzos de 2025 para dar internet a los hogares","datePublished":"2023-08-12T11:34:45+00:00","dateModified":"2023-08-12T13:12:15+00:00","mainEntityOfPage":{"@id":"https:\/\/diariotextual.com\/inicio\/index.php\/2023\/08\/12\/arsat-lanzara-su-satelite-sg1-a-comienzos-de-2025-para-brindar-internet\/"},"wordCount":320,"publisher":{"@id":"https:\/\/diariotextual.com\/inicio\/#organization"},"image":{"@id":"https:\/\/diariotextual.com\/inicio\/index.php\/2023\/08\/12\/arsat-lanzara-su-satelite-sg1-a-comienzos-de-2025-para-brindar-internet\/#primaryimage"},"thumbnailUrl":"https:\/\/diariotextual.com\/inicio\/wp-content\/uploads\/2020\/02\/arsat2.jpg","articleSection":["A - ES NOTICIA (van abajo)","SOCIEDAD"],"inLanguage":"es"},{"@type":"WebPage","@id":"https:\/\/diariotextual.com\/inicio\/index.php\/2023\/08\/12\/arsat-lanzara-su-satelite-sg1-a-comienzos-de-2025-para-brindar-internet\/","url":"https:\/\/diariotextual.com\/inicio\/index.php\/2023\/08\/12\/arsat-lanzara-su-satelite-sg1-a-comienzos-de-2025-para-brindar-internet\/","name":"Arsat lanzar\u00e1 otro sat\u00e9lite a comienzos de 2025 para dar internet a los hogares - Diario Textual","isPartOf":{"@id":"https:\/\/diariotextual.com\/inicio\/#website"},"primaryImageOfPage":{"@id":"https:\/\/diariotextual.com\/inicio\/index.php\/2023\/08\/12\/arsat-lanzara-su-satelite-sg1-a-comienzos-de-2025-para-brindar-internet\/#primaryimage"},"image":{"@id":"https:\/\/diariotextual.com\/inicio\/index.php\/2023\/08\/12\/arsat-lanzara-su-satelite-sg1-a-comienzos-de-2025-para-brindar-internet\/#primaryimage"},"thumbnailUrl":"https:\/\/diariotextual.com\/inicio\/wp-content\/uploads\/2020\/02\/arsat2.jpg","datePublished":"2023-08-12T11:34:45+00:00","dateModified":"2023-08-12T13:12:15+00:00","breadcrumb":{"@id":"https:\/\/diariotextual.com\/inicio\/index.php\/2023\/08\/12\/arsat-lanzara-su-satelite-sg1-a-comienzos-de-2025-para-brindar-internet\/#breadcrumb"},"inLanguage":"es","potentialAction":[{"@type":"ReadAction","target":["https:\/\/diariotextual.com\/inicio\/index.php\/2023\/08\/12\/arsat-lanzara-su-satelite-sg1-a-comienzos-de-2025-para-brindar-internet\/"]}]},{"@type":"ImageObject","inLanguage":"es","@id":"https:\/\/diariotextual.com\/inicio\/index.php\/2023\/08\/12\/arsat-lanzara-su-satelite-sg1-a-comienzos-de-2025-para-brindar-internet\/#primaryimage","url":"https:\/\/diariotextual.com\/inicio\/wp-content\/uploads\/2020\/02\/arsat2.jpg","contentUrl":"https:\/\/diariotextual.com\/inicio\/wp-content\/uploads\/2020\/02\/arsat2.jpg","width":750,"height":496},{"@type":"BreadcrumbList","@id":"https:\/\/diariotextual.com\/inicio\/index.php\/2023\/08\/12\/arsat-lanzara-su-satelite-sg1-a-comienzos-de-2025-para-brindar-internet\/#breadcrumb","itemListElement":[{"@type":"ListItem","position":1,"name":"Portada","item":"https:\/\/diariotextual.com\/inicio\/"},{"@type":"ListItem","position":2,"name":"Arsat lanzar\u00e1 otro sat\u00e9lite a comienzos de 2025 para dar internet a los hogares"}]},{"@type":"WebSite","@id":"https:\/\/diariotextual.com\/inicio\/#website","url":"https:\/\/diariotextual.com\/inicio\/","name":"Diario Textual","description":"","publisher":{"@id":"https:\/\/diariotextual.com\/inicio\/#organization"},"potentialAction":[{"@type":"SearchAction","target":{"@type":"EntryPoint","urlTemplate":"https:\/\/diariotextual.com\/inicio\/?s={search_term_string}"},"query-input":{"@type":"PropertyValueSpecification","valueRequired":true,"valueName":"search_term_string"}}],"inLanguage":"es"},{"@type":"Organization","@id":"https:\/\/diariotextual.com\/inicio\/#organization","name":"Diario Textual","url":"https:\/\/diariotextual.com\/inicio\/","logo":{"@type":"ImageObject","inLanguage":"es","@id":"https:\/\/diariotextual.com\/inicio\/#\/schema\/logo\/image\/","url":"https:\/\/diariotextual.com\/inicio\/wp-content\/uploads\/2023\/05\/logotextual1.jpg","contentUrl":"https:\/\/diariotextual.com\/inicio\/wp-content\/uploads\/2023\/05\/logotextual1.jpg","width":516,"height":76,"caption":"Diario Textual"},"image":{"@id":"https:\/\/diariotextual.com\/inicio\/#\/schema\/logo\/image\/"},"sameAs":["https:\/\/www.facebook.com\/eltextual","https:\/\/x.com\/eltextual","http:\/\/www.instagram.com\/eltextual"]},{"@type":"Person","@id":"https:\/\/diariotextual.com\/inicio\/#\/schema\/person\/418fc4093c33e86ed41562db3508f958","name":"Diario1 Diario1","image":{"@type":"ImageObject","inLanguage":"es","@id":"https:\/\/secure.gravatar.com\/avatar\/9167d280179c85bc18be67aa7eda765854300033af4896dd779b608640f2ef7a?s=96&d=mm&r=g","url":"https:\/\/secure.gravatar.com\/avatar\/9167d280179c85bc18be67aa7eda765854300033af4896dd779b608640f2ef7a?s=96&d=mm&r=g","contentUrl":"https:\/\/secure.gravatar.com\/avatar\/9167d280179c85bc18be67aa7eda765854300033af4896dd779b608640f2ef7a?s=96&d=mm&r=g","caption":"Diario1 Diario1"},"url":"https:\/\/diariotextual.com\/inicio\/index.php\/author\/diario1\/"}]}},"_links":{"self":[{"href":"https:\/\/diariotextual.com\/inicio\/index.php\/wp-json\/wp\/v2\/posts\/233671","targetHints":{"allow":["GET"]}}],"collection":[{"href":"https:\/\/diariotextual.com\/inicio\/index.php\/wp-json\/wp\/v2\/posts"}],"about":[{"href":"https:\/\/diariotextual.com\/inicio\/index.php\/wp-json\/wp\/v2\/types\/post"}],"author":[{"embeddable":true,"href":"https:\/\/diariotextual.com\/inicio\/index.php\/wp-json\/wp\/v2\/users\/3"}],"replies":[{"embeddable":true,"href":"https:\/\/diariotextual.com\/inicio\/index.php\/wp-json\/wp\/v2\/comments?post=233671"}],"version-history":[{"count":2,"href":"https:\/\/diariotextual.com\/inicio\/index.php\/wp-json\/wp\/v2\/posts\/233671\/revisions"}],"predecessor-version":[{"id":233674,"href":"https:\/\/diariotextual.com\/inicio\/index.php\/wp-json\/wp\/v2\/posts\/233671\/revisions\/233674"}],"wp:featuredmedia":[{"embeddable":true,"href":"https:\/\/diariotextual.com\/inicio\/index.php\/wp-json\/wp\/v2\/media\/78806"}],"wp:attachment":[{"href":"https:\/\/diariotextual.com\/inicio\/index.php\/wp-json\/wp\/v2\/media?parent=233671"}],"wp:term":[{"taxonomy":"category","embeddable":true,"href":"https:\/\/diariotextual.com\/inicio\/index.php\/wp-json\/wp\/v2\/categories?post=233671"},{"taxonomy":"post_tag","embeddable":true,"href":"https:\/\/diariotextual.com\/inicio\/index.php\/wp-json\/wp\/v2\/tags?post=233671"}],"curies":[{"name":"wp","href":"https:\/\/api.w.org\/{rel}","templated":true}]}}