{"id":233687,"date":"2023-08-12T09:20:53","date_gmt":"2023-08-12T12:20:53","guid":{"rendered":"https:\/\/diariotextual.com\/inicio\/?p=233687"},"modified":"2023-08-12T09:20:55","modified_gmt":"2023-08-12T12:20:55","slug":"veda-electoral-hasta-cuando-se-puede-comprar-vino-o-cerveza","status":"publish","type":"post","link":"https:\/\/diariotextual.com\/inicio\/index.php\/2023\/08\/12\/veda-electoral-hasta-cuando-se-puede-comprar-vino-o-cerveza\/","title":{"rendered":"Veda electoral: hasta cu\u00e1ndo se puede comprar vino o cerveza"},"content":{"rendered":"\n<p>Este domingo 13 de agosto ser\u00e1n las Primarias, Abiertas, Simult\u00e1neas y Obligatorias (PASO), por la veda electoral los candidatos no pueden hacer m\u00e1s campa\u00f1a desde este viernes a las 8 de la ma\u00f1ana, pero no son los \u00fanicos limitados por la Ley Nacional Electoral.<\/p>\n\n\n\n<div style=\"height:100px\" aria-hidden=\"true\" class=\"wp-block-spacer\"><\/div>\n\n\n\n<p><strong>Hasta cu\u00e1ndo puedo comprar alcohol<\/strong><br>Si tom\u00e1s vino o cerveza, o te quedaste sin tu bebida blanca favorita, apurate, porque ten\u00e9s tiempo de comprar hasta el s\u00e1bado a las 20 horas, luego de suspender\u00e1 la venta de bebidas alcoh\u00f3licas.<\/p>\n\n\n\n<p>Asimismo, si vas a comer afuera ten\u00e9s que saber que en bares o restaurantes tampoco se puede vender alcohol.<\/p>\n\n\n\n<p>\u201cSe impondr\u00e1 prisi\u00f3n de quince d\u00edas a seis meses a las personas que expendan bebidas alcoh\u00f3licas desde doce horas antes y hasta tres horas despu\u00e9s de finalizado el acto eleccionario\u201d, indica la norma.<\/p>\n\n\n\n<div style=\"height:100px\" aria-hidden=\"true\" class=\"wp-block-spacer\"><\/div>\n\n\n\n<p><strong>Cu\u00e1ndo se puede volver a comprar alcohol<\/strong><\/p>\n\n\n\n<p>La venta de bebidas alcoh\u00f3licas se reanuda el domingo a las 21 horas, tres horas despu\u00e9s del cierre oficial de los comicios, aunque en la provincia de Buenos Aires esto reci\u00e9n se podr\u00e1 hacer el lunes 14 de agostos despu\u00e9s de las 10 de la ma\u00f1ana.<\/p>\n\n\n\n<p>A quien venda bebidas alcoh\u00f3licas durante ese per\u00edodo le corresponde una pena de prisi\u00f3n de entre quince d\u00edas y seis meses.<\/p>\n\n\n\n<figure class=\"wp-block-embed is-type-wp-embed is-provider-diario-textual wp-block-embed-diario-textual\"><div class=\"wp-block-embed__wrapper\">\n<blockquote class=\"wp-embedded-content\" data-secret=\"ITlcaWLn16\"><a href=\"https:\/\/diariotextual.com\/inicio\/index.php\/2023\/08\/11\/cuales-son-las-penalidades-por-no-ir-a-votar-y-quienes-estan-exceptuados\/\">De cu\u00e1nto puede ser la multa por no ir a votar a las PASO<\/a><\/blockquote><iframe class=\"wp-embedded-content\" sandbox=\"allow-scripts\" security=\"restricted\" style=\"position: absolute; clip: rect(1px, 1px, 1px, 1px);\" title=\"\u00abDe cu\u00e1nto puede ser la multa por no ir a votar a las PASO\u00bb \u2014 Diario Textual\" src=\"https:\/\/diariotextual.com\/inicio\/index.php\/2023\/08\/11\/cuales-son-las-penalidades-por-no-ir-a-votar-y-quienes-estan-exceptuados\/embed\/#?secret=4VCn6MpRLH#?secret=ITlcaWLn16\" data-secret=\"ITlcaWLn16\" width=\"600\" height=\"338\" frameborder=\"0\" marginwidth=\"0\" marginheight=\"0\" scrolling=\"no\"><\/iframe>\n<\/div><\/figure>\n\n\n\n<p><\/p>\n\n\n\n<p><\/p>\n","protected":false},"excerpt":{"rendered":"<p>Este domingo 13 de agosto ser\u00e1n las Primarias, Abiertas, Simult\u00e1neas y Obligatorias (PASO), por la veda electoral los candidatos no pueden hacer m\u00e1s campa\u00f1a desde este viernes a las 8&hellip;<\/p>\n","protected":false},"author":3,"featured_media":57671,"comment_status":"closed","ping_status":"open","sticky":false,"template":"","format":"standard","meta":{"_acf_changed":false,"footnotes":""},"categories":[1,12],"tags":[],"class_list":["post-233687","post","type-post","status-publish","format-standard","has-post-thumbnail","hentry","category-es-noticia","category-sociedad"],"acf":[],"yoast_head":"<!-- This site is optimized with the Yoast SEO plugin v27.5 - https:\/\/yoast.com\/product\/yoast-seo-wordpress\/ -->\n<title>Veda electoral: hasta cu\u00e1ndo se puede comprar vino o cerveza - Diario Textual<\/title>\n<meta name=\"robots\" content=\"index, follow, max-snippet:-1, max-image-preview:large, max-video-preview:-1\" \/>\n<link rel=\"canonical\" href=\"https:\/\/diariotextual.com\/inicio\/index.php\/2023\/08\/12\/veda-electoral-hasta-cuando-se-puede-comprar-vino-o-cerveza\/\" \/>\n<meta property=\"og:locale\" content=\"es_ES\" \/>\n<meta property=\"og:type\" content=\"article\" \/>\n<meta property=\"og:title\" content=\"Veda electoral: hasta cu\u00e1ndo se puede comprar vino o cerveza - Diario Textual\" \/>\n<meta property=\"og:description\" content=\"Este domingo 13 de agosto ser\u00e1n las Primarias, Abiertas, Simult\u00e1neas y Obligatorias (PASO), por la veda electoral los candidatos no pueden hacer m\u00e1s campa\u00f1a desde este viernes a las 8&hellip;\" \/>\n<meta property=\"og:url\" content=\"https:\/\/diariotextual.com\/inicio\/index.php\/2023\/08\/12\/veda-electoral-hasta-cuando-se-puede-comprar-vino-o-cerveza\/\" \/>\n<meta property=\"og:site_name\" content=\"Diario Textual\" \/>\n<meta property=\"article:publisher\" content=\"https:\/\/www.facebook.com\/eltextual\" \/>\n<meta property=\"article:published_time\" content=\"2023-08-12T12:20:53+00:00\" \/>\n<meta property=\"article:modified_time\" content=\"2023-08-12T12:20:55+00:00\" \/>\n<meta property=\"og:image\" content=\"https:\/\/diariotextual.com\/inicio\/wp-content\/uploads\/2019\/07\/cerveza.jpg\" \/>\n\t<meta property=\"og:image:width\" content=\"620\" \/>\n\t<meta property=\"og:image:height\" content=\"349\" \/>\n\t<meta property=\"og:image:type\" content=\"image\/jpeg\" \/>\n<meta name=\"author\" content=\"Diario1 Diario1\" \/>\n<meta name=\"twitter:card\" content=\"summary_large_image\" \/>\n<meta name=\"twitter:creator\" content=\"@eltextual\" \/>\n<meta name=\"twitter:site\" content=\"@eltextual\" \/>\n<meta name=\"twitter:label1\" content=\"Escrito por\" \/>\n\t<meta name=\"twitter:data1\" content=\"Diario1 Diario1\" \/>\n\t<meta name=\"twitter:label2\" content=\"Tiempo de lectura\" \/>\n\t<meta name=\"twitter:data2\" content=\"1 minuto\" \/>\n<script type=\"application\/ld+json\" class=\"yoast-schema-graph\">{\"@context\":\"https:\\\/\\\/schema.org\",\"@graph\":[{\"@type\":\"Article\",\"@id\":\"https:\\\/\\\/diariotextual.com\\\/inicio\\\/index.php\\\/2023\\\/08\\\/12\\\/veda-electoral-hasta-cuando-se-puede-comprar-vino-o-cerveza\\\/#article\",\"isPartOf\":{\"@id\":\"https:\\\/\\\/diariotextual.com\\\/inicio\\\/index.php\\\/2023\\\/08\\\/12\\\/veda-electoral-hasta-cuando-se-puede-comprar-vino-o-cerveza\\\/\"},\"author\":{\"name\":\"Diario1 Diario1\",\"@id\":\"https:\\\/\\\/diariotextual.com\\\/inicio\\\/#\\\/schema\\\/person\\\/418fc4093c33e86ed41562db3508f958\"},\"headline\":\"Veda electoral: hasta cu\u00e1ndo se puede comprar vino o cerveza\",\"datePublished\":\"2023-08-12T12:20:53+00:00\",\"dateModified\":\"2023-08-12T12:20:55+00:00\",\"mainEntityOfPage\":{\"@id\":\"https:\\\/\\\/diariotextual.com\\\/inicio\\\/index.php\\\/2023\\\/08\\\/12\\\/veda-electoral-hasta-cuando-se-puede-comprar-vino-o-cerveza\\\/\"},\"wordCount\":246,\"publisher\":{\"@id\":\"https:\\\/\\\/diariotextual.com\\\/inicio\\\/#organization\"},\"image\":{\"@id\":\"https:\\\/\\\/diariotextual.com\\\/inicio\\\/index.php\\\/2023\\\/08\\\/12\\\/veda-electoral-hasta-cuando-se-puede-comprar-vino-o-cerveza\\\/#primaryimage\"},\"thumbnailUrl\":\"https:\\\/\\\/diariotextual.com\\\/inicio\\\/wp-content\\\/uploads\\\/2019\\\/07\\\/cerveza.jpg\",\"articleSection\":[\"A - ES NOTICIA (van abajo)\",\"SOCIEDAD\"],\"inLanguage\":\"es\"},{\"@type\":\"WebPage\",\"@id\":\"https:\\\/\\\/diariotextual.com\\\/inicio\\\/index.php\\\/2023\\\/08\\\/12\\\/veda-electoral-hasta-cuando-se-puede-comprar-vino-o-cerveza\\\/\",\"url\":\"https:\\\/\\\/diariotextual.com\\\/inicio\\\/index.php\\\/2023\\\/08\\\/12\\\/veda-electoral-hasta-cuando-se-puede-comprar-vino-o-cerveza\\\/\",\"name\":\"Veda electoral: hasta cu\u00e1ndo se puede comprar vino o cerveza - Diario Textual\",\"isPartOf\":{\"@id\":\"https:\\\/\\\/diariotextual.com\\\/inicio\\\/#website\"},\"primaryImageOfPage\":{\"@id\":\"https:\\\/\\\/diariotextual.com\\\/inicio\\\/index.php\\\/2023\\\/08\\\/12\\\/veda-electoral-hasta-cuando-se-puede-comprar-vino-o-cerveza\\\/#primaryimage\"},\"image\":{\"@id\":\"https:\\\/\\\/diariotextual.com\\\/inicio\\\/index.php\\\/2023\\\/08\\\/12\\\/veda-electoral-hasta-cuando-se-puede-comprar-vino-o-cerveza\\\/#primaryimage\"},\"thumbnailUrl\":\"https:\\\/\\\/diariotextual.com\\\/inicio\\\/wp-content\\\/uploads\\\/2019\\\/07\\\/cerveza.jpg\",\"datePublished\":\"2023-08-12T12:20:53+00:00\",\"dateModified\":\"2023-08-12T12:20:55+00:00\",\"breadcrumb\":{\"@id\":\"https:\\\/\\\/diariotextual.com\\\/inicio\\\/index.php\\\/2023\\\/08\\\/12\\\/veda-electoral-hasta-cuando-se-puede-comprar-vino-o-cerveza\\\/#breadcrumb\"},\"inLanguage\":\"es\",\"potentialAction\":[{\"@type\":\"ReadAction\",\"target\":[\"https:\\\/\\\/diariotextual.com\\\/inicio\\\/index.php\\\/2023\\\/08\\\/12\\\/veda-electoral-hasta-cuando-se-puede-comprar-vino-o-cerveza\\\/\"]}]},{\"@type\":\"ImageObject\",\"inLanguage\":\"es\",\"@id\":\"https:\\\/\\\/diariotextual.com\\\/inicio\\\/index.php\\\/2023\\\/08\\\/12\\\/veda-electoral-hasta-cuando-se-puede-comprar-vino-o-cerveza\\\/#primaryimage\",\"url\":\"https:\\\/\\\/diariotextual.com\\\/inicio\\\/wp-content\\\/uploads\\\/2019\\\/07\\\/cerveza.jpg\",\"contentUrl\":\"https:\\\/\\\/diariotextual.com\\\/inicio\\\/wp-content\\\/uploads\\\/2019\\\/07\\\/cerveza.jpg\",\"width\":620,\"height\":349},{\"@type\":\"BreadcrumbList\",\"@id\":\"https:\\\/\\\/diariotextual.com\\\/inicio\\\/index.php\\\/2023\\\/08\\\/12\\\/veda-electoral-hasta-cuando-se-puede-comprar-vino-o-cerveza\\\/#breadcrumb\",\"itemListElement\":[{\"@type\":\"ListItem\",\"position\":1,\"name\":\"Portada\",\"item\":\"https:\\\/\\\/diariotextual.com\\\/inicio\\\/\"},{\"@type\":\"ListItem\",\"position\":2,\"name\":\"Veda electoral: hasta cu\u00e1ndo se puede comprar vino o cerveza\"}]},{\"@type\":\"WebSite\",\"@id\":\"https:\\\/\\\/diariotextual.com\\\/inicio\\\/#website\",\"url\":\"https:\\\/\\\/diariotextual.com\\\/inicio\\\/\",\"name\":\"Diario Textual\",\"description\":\"\",\"publisher\":{\"@id\":\"https:\\\/\\\/diariotextual.com\\\/inicio\\\/#organization\"},\"potentialAction\":[{\"@type\":\"SearchAction\",\"target\":{\"@type\":\"EntryPoint\",\"urlTemplate\":\"https:\\\/\\\/diariotextual.com\\\/inicio\\\/?s={search_term_string}\"},\"query-input\":{\"@type\":\"PropertyValueSpecification\",\"valueRequired\":true,\"valueName\":\"search_term_string\"}}],\"inLanguage\":\"es\"},{\"@type\":\"Organization\",\"@id\":\"https:\\\/\\\/diariotextual.com\\\/inicio\\\/#organization\",\"name\":\"Diario Textual\",\"url\":\"https:\\\/\\\/diariotextual.com\\\/inicio\\\/\",\"logo\":{\"@type\":\"ImageObject\",\"inLanguage\":\"es\",\"@id\":\"https:\\\/\\\/diariotextual.com\\\/inicio\\\/#\\\/schema\\\/logo\\\/image\\\/\",\"url\":\"https:\\\/\\\/diariotextual.com\\\/inicio\\\/wp-content\\\/uploads\\\/2023\\\/05\\\/logotextual1.jpg\",\"contentUrl\":\"https:\\\/\\\/diariotextual.com\\\/inicio\\\/wp-content\\\/uploads\\\/2023\\\/05\\\/logotextual1.jpg\",\"width\":516,\"height\":76,\"caption\":\"Diario Textual\"},\"image\":{\"@id\":\"https:\\\/\\\/diariotextual.com\\\/inicio\\\/#\\\/schema\\\/logo\\\/image\\\/\"},\"sameAs\":[\"https:\\\/\\\/www.facebook.com\\\/eltextual\",\"https:\\\/\\\/x.com\\\/eltextual\",\"http:\\\/\\\/www.instagram.com\\\/eltextual\"]},{\"@type\":\"Person\",\"@id\":\"https:\\\/\\\/diariotextual.com\\\/inicio\\\/#\\\/schema\\\/person\\\/418fc4093c33e86ed41562db3508f958\",\"name\":\"Diario1 Diario1\",\"image\":{\"@type\":\"ImageObject\",\"inLanguage\":\"es\",\"@id\":\"https:\\\/\\\/secure.gravatar.com\\\/avatar\\\/9167d280179c85bc18be67aa7eda765854300033af4896dd779b608640f2ef7a?s=96&d=mm&r=g\",\"url\":\"https:\\\/\\\/secure.gravatar.com\\\/avatar\\\/9167d280179c85bc18be67aa7eda765854300033af4896dd779b608640f2ef7a?s=96&d=mm&r=g\",\"contentUrl\":\"https:\\\/\\\/secure.gravatar.com\\\/avatar\\\/9167d280179c85bc18be67aa7eda765854300033af4896dd779b608640f2ef7a?s=96&d=mm&r=g\",\"caption\":\"Diario1 Diario1\"},\"url\":\"https:\\\/\\\/diariotextual.com\\\/inicio\\\/index.php\\\/author\\\/diario1\\\/\"}]}<\/script>\n<!-- \/ Yoast SEO plugin. -->","yoast_head_json":{"title":"Veda electoral: hasta cu\u00e1ndo se puede comprar vino o cerveza - Diario Textual","robots":{"index":"index","follow":"follow","max-snippet":"max-snippet:-1","max-image-preview":"max-image-preview:large","max-video-preview":"max-video-preview:-1"},"canonical":"https:\/\/diariotextual.com\/inicio\/index.php\/2023\/08\/12\/veda-electoral-hasta-cuando-se-puede-comprar-vino-o-cerveza\/","og_locale":"es_ES","og_type":"article","og_title":"Veda electoral: hasta cu\u00e1ndo se puede comprar vino o cerveza - Diario Textual","og_description":"Este domingo 13 de agosto ser\u00e1n las Primarias, Abiertas, Simult\u00e1neas y Obligatorias (PASO), por la veda electoral los candidatos no pueden hacer m\u00e1s campa\u00f1a desde este viernes a las 8&hellip;","og_url":"https:\/\/diariotextual.com\/inicio\/index.php\/2023\/08\/12\/veda-electoral-hasta-cuando-se-puede-comprar-vino-o-cerveza\/","og_site_name":"Diario Textual","article_publisher":"https:\/\/www.facebook.com\/eltextual","article_published_time":"2023-08-12T12:20:53+00:00","article_modified_time":"2023-08-12T12:20:55+00:00","og_image":[{"width":620,"height":349,"url":"https:\/\/diariotextual.com\/inicio\/wp-content\/uploads\/2019\/07\/cerveza.jpg","type":"image\/jpeg"}],"author":"Diario1 Diario1","twitter_card":"summary_large_image","twitter_creator":"@eltextual","twitter_site":"@eltextual","twitter_misc":{"Escrito por":"Diario1 Diario1","Tiempo de lectura":"1 minuto"},"schema":{"@context":"https:\/\/schema.org","@graph":[{"@type":"Article","@id":"https:\/\/diariotextual.com\/inicio\/index.php\/2023\/08\/12\/veda-electoral-hasta-cuando-se-puede-comprar-vino-o-cerveza\/#article","isPartOf":{"@id":"https:\/\/diariotextual.com\/inicio\/index.php\/2023\/08\/12\/veda-electoral-hasta-cuando-se-puede-comprar-vino-o-cerveza\/"},"author":{"name":"Diario1 Diario1","@id":"https:\/\/diariotextual.com\/inicio\/#\/schema\/person\/418fc4093c33e86ed41562db3508f958"},"headline":"Veda electoral: hasta cu\u00e1ndo se puede comprar vino o cerveza","datePublished":"2023-08-12T12:20:53+00:00","dateModified":"2023-08-12T12:20:55+00:00","mainEntityOfPage":{"@id":"https:\/\/diariotextual.com\/inicio\/index.php\/2023\/08\/12\/veda-electoral-hasta-cuando-se-puede-comprar-vino-o-cerveza\/"},"wordCount":246,"publisher":{"@id":"https:\/\/diariotextual.com\/inicio\/#organization"},"image":{"@id":"https:\/\/diariotextual.com\/inicio\/index.php\/2023\/08\/12\/veda-electoral-hasta-cuando-se-puede-comprar-vino-o-cerveza\/#primaryimage"},"thumbnailUrl":"https:\/\/diariotextual.com\/inicio\/wp-content\/uploads\/2019\/07\/cerveza.jpg","articleSection":["A - ES NOTICIA (van abajo)","SOCIEDAD"],"inLanguage":"es"},{"@type":"WebPage","@id":"https:\/\/diariotextual.com\/inicio\/index.php\/2023\/08\/12\/veda-electoral-hasta-cuando-se-puede-comprar-vino-o-cerveza\/","url":"https:\/\/diariotextual.com\/inicio\/index.php\/2023\/08\/12\/veda-electoral-hasta-cuando-se-puede-comprar-vino-o-cerveza\/","name":"Veda electoral: hasta cu\u00e1ndo se puede comprar vino o cerveza - Diario Textual","isPartOf":{"@id":"https:\/\/diariotextual.com\/inicio\/#website"},"primaryImageOfPage":{"@id":"https:\/\/diariotextual.com\/inicio\/index.php\/2023\/08\/12\/veda-electoral-hasta-cuando-se-puede-comprar-vino-o-cerveza\/#primaryimage"},"image":{"@id":"https:\/\/diariotextual.com\/inicio\/index.php\/2023\/08\/12\/veda-electoral-hasta-cuando-se-puede-comprar-vino-o-cerveza\/#primaryimage"},"thumbnailUrl":"https:\/\/diariotextual.com\/inicio\/wp-content\/uploads\/2019\/07\/cerveza.jpg","datePublished":"2023-08-12T12:20:53+00:00","dateModified":"2023-08-12T12:20:55+00:00","breadcrumb":{"@id":"https:\/\/diariotextual.com\/inicio\/index.php\/2023\/08\/12\/veda-electoral-hasta-cuando-se-puede-comprar-vino-o-cerveza\/#breadcrumb"},"inLanguage":"es","potentialAction":[{"@type":"ReadAction","target":["https:\/\/diariotextual.com\/inicio\/index.php\/2023\/08\/12\/veda-electoral-hasta-cuando-se-puede-comprar-vino-o-cerveza\/"]}]},{"@type":"ImageObject","inLanguage":"es","@id":"https:\/\/diariotextual.com\/inicio\/index.php\/2023\/08\/12\/veda-electoral-hasta-cuando-se-puede-comprar-vino-o-cerveza\/#primaryimage","url":"https:\/\/diariotextual.com\/inicio\/wp-content\/uploads\/2019\/07\/cerveza.jpg","contentUrl":"https:\/\/diariotextual.com\/inicio\/wp-content\/uploads\/2019\/07\/cerveza.jpg","width":620,"height":349},{"@type":"BreadcrumbList","@id":"https:\/\/diariotextual.com\/inicio\/index.php\/2023\/08\/12\/veda-electoral-hasta-cuando-se-puede-comprar-vino-o-cerveza\/#breadcrumb","itemListElement":[{"@type":"ListItem","position":1,"name":"Portada","item":"https:\/\/diariotextual.com\/inicio\/"},{"@type":"ListItem","position":2,"name":"Veda electoral: hasta cu\u00e1ndo se puede comprar vino o cerveza"}]},{"@type":"WebSite","@id":"https:\/\/diariotextual.com\/inicio\/#website","url":"https:\/\/diariotextual.com\/inicio\/","name":"Diario Textual","description":"","publisher":{"@id":"https:\/\/diariotextual.com\/inicio\/#organization"},"potentialAction":[{"@type":"SearchAction","target":{"@type":"EntryPoint","urlTemplate":"https:\/\/diariotextual.com\/inicio\/?s={search_term_string}"},"query-input":{"@type":"PropertyValueSpecification","valueRequired":true,"valueName":"search_term_string"}}],"inLanguage":"es"},{"@type":"Organization","@id":"https:\/\/diariotextual.com\/inicio\/#organization","name":"Diario Textual","url":"https:\/\/diariotextual.com\/inicio\/","logo":{"@type":"ImageObject","inLanguage":"es","@id":"https:\/\/diariotextual.com\/inicio\/#\/schema\/logo\/image\/","url":"https:\/\/diariotextual.com\/inicio\/wp-content\/uploads\/2023\/05\/logotextual1.jpg","contentUrl":"https:\/\/diariotextual.com\/inicio\/wp-content\/uploads\/2023\/05\/logotextual1.jpg","width":516,"height":76,"caption":"Diario Textual"},"image":{"@id":"https:\/\/diariotextual.com\/inicio\/#\/schema\/logo\/image\/"},"sameAs":["https:\/\/www.facebook.com\/eltextual","https:\/\/x.com\/eltextual","http:\/\/www.instagram.com\/eltextual"]},{"@type":"Person","@id":"https:\/\/diariotextual.com\/inicio\/#\/schema\/person\/418fc4093c33e86ed41562db3508f958","name":"Diario1 Diario1","image":{"@type":"ImageObject","inLanguage":"es","@id":"https:\/\/secure.gravatar.com\/avatar\/9167d280179c85bc18be67aa7eda765854300033af4896dd779b608640f2ef7a?s=96&d=mm&r=g","url":"https:\/\/secure.gravatar.com\/avatar\/9167d280179c85bc18be67aa7eda765854300033af4896dd779b608640f2ef7a?s=96&d=mm&r=g","contentUrl":"https:\/\/secure.gravatar.com\/avatar\/9167d280179c85bc18be67aa7eda765854300033af4896dd779b608640f2ef7a?s=96&d=mm&r=g","caption":"Diario1 Diario1"},"url":"https:\/\/diariotextual.com\/inicio\/index.php\/author\/diario1\/"}]}},"_links":{"self":[{"href":"https:\/\/diariotextual.com\/inicio\/index.php\/wp-json\/wp\/v2\/posts\/233687","targetHints":{"allow":["GET"]}}],"collection":[{"href":"https:\/\/diariotextual.com\/inicio\/index.php\/wp-json\/wp\/v2\/posts"}],"about":[{"href":"https:\/\/diariotextual.com\/inicio\/index.php\/wp-json\/wp\/v2\/types\/post"}],"author":[{"embeddable":true,"href":"https:\/\/diariotextual.com\/inicio\/index.php\/wp-json\/wp\/v2\/users\/3"}],"replies":[{"embeddable":true,"href":"https:\/\/diariotextual.com\/inicio\/index.php\/wp-json\/wp\/v2\/comments?post=233687"}],"version-history":[{"count":2,"href":"https:\/\/diariotextual.com\/inicio\/index.php\/wp-json\/wp\/v2\/posts\/233687\/revisions"}],"predecessor-version":[{"id":233689,"href":"https:\/\/diariotextual.com\/inicio\/index.php\/wp-json\/wp\/v2\/posts\/233687\/revisions\/233689"}],"wp:featuredmedia":[{"embeddable":true,"href":"https:\/\/diariotextual.com\/inicio\/index.php\/wp-json\/wp\/v2\/media\/57671"}],"wp:attachment":[{"href":"https:\/\/diariotextual.com\/inicio\/index.php\/wp-json\/wp\/v2\/media?parent=233687"}],"wp:term":[{"taxonomy":"category","embeddable":true,"href":"https:\/\/diariotextual.com\/inicio\/index.php\/wp-json\/wp\/v2\/categories?post=233687"},{"taxonomy":"post_tag","embeddable":true,"href":"https:\/\/diariotextual.com\/inicio\/index.php\/wp-json\/wp\/v2\/tags?post=233687"}],"curies":[{"name":"wp","href":"https:\/\/api.w.org\/{rel}","templated":true}]}}