{"id":233693,"date":"2023-08-12T09:39:04","date_gmt":"2023-08-12T12:39:04","guid":{"rendered":"https:\/\/diariotextual.com\/inicio\/?p=233693"},"modified":"2023-08-12T11:07:37","modified_gmt":"2023-08-12T14:07:37","slug":"el-jefe-de-la-primera-de-pico-fue-robado-mientras-dormia-en-su-casa","status":"publish","type":"post","link":"https:\/\/diariotextual.com\/inicio\/index.php\/2023\/08\/12\/el-jefe-de-la-primera-de-pico-fue-robado-mientras-dormia-en-su-casa\/","title":{"rendered":"El jefe de la Primera de Pico fue robado mientras dorm\u00eda en su casa"},"content":{"rendered":"\n<p>Dos adolescentes ingresaron a una casa donde se encontraba el jefe de la comisar\u00eda Primera de General Pico, Agust\u00edn Mart\u00ednez, y le robaron dinero y, entre otros elementos, su tel\u00e9fono celular. Uno de los j\u00f3venes, de 17 a\u00f1os, ya fue demorado. El otro, fue identificado.<\/p>\n\n\n\n<p>Ocurri\u00f3 en una casa de la Unidad Regional II que se encuentra en calle 7, entre avenida San Mart\u00edn y calle 16. Mart\u00ednez, en ese momento, se encontraba descansando en la vivienda.<\/p>\n\n\n\n<p>Los j\u00f3venes saltaron un tapial cerca de las 2 de la madrugada de este viernes e ingresaron al patio de la casa. Luego forzaron una reja para entrar a la vivienda.<\/p>\n\n\n\n<p>El comisario no se percat\u00f3 del robo hasta unas dos horas despu\u00e9s, cuando se despert\u00f3 y busc\u00f3 su celular, public\u00f3 El Diario.<\/p>\n\n\n\n<p>Tambi\u00e9n le llevaron un parlante y dinero.<\/p>\n\n\n\n<p>Uno de los autores fue demorado en horas del mediod\u00eda del viernes, mientras que el segundo logr\u00f3 evadir el procedimiento policial. El demorado, de 17 a\u00f1os, y su compa\u00f1ero de 16 a\u00f1os, en realidad hab\u00edan sido identificados por efectivos de la Comisar\u00eda Tercera alrededor de las 8 de la ma\u00f1ana, sin que estos polic\u00edas conocieran a\u00fan del robo al comisario. Cuando los investigadores comenzaron a revisar las c\u00e1maras de seguridad, all\u00ed se los vincul\u00f3 con el robo por sus prendas de vestir. Es m\u00e1s, seg\u00fan pudieron reconstruir los investigadores, tras ingresar a la casa de Mart\u00ednez, los dos menores pasaron horas consumiendo alcohol en un bar alejado de la zona c\u00e9ntrica.<\/p>\n","protected":false},"excerpt":{"rendered":"<p>Dos adolescentes ingresaron a una casa donde se encontraba el jefe de la comisar\u00eda Primera de General Pico, Agust\u00edn Mart\u00ednez, y le robaron dinero y, entre otros elementos, su tel\u00e9fono&hellip;<\/p>\n","protected":false},"author":3,"featured_media":16032,"comment_status":"closed","ping_status":"open","sticky":false,"template":"","format":"standard","meta":{"_acf_changed":false,"footnotes":""},"categories":[1,12],"tags":[],"class_list":["post-233693","post","type-post","status-publish","format-standard","has-post-thumbnail","hentry","category-es-noticia","category-sociedad"],"acf":[],"yoast_head":"<!-- This site is optimized with the Yoast SEO plugin v27.5 - https:\/\/yoast.com\/product\/yoast-seo-wordpress\/ -->\n<title>El jefe de la Primera de Pico fue robado mientras dorm\u00eda en su casa - Diario Textual<\/title>\n<meta name=\"robots\" content=\"index, follow, max-snippet:-1, max-image-preview:large, max-video-preview:-1\" \/>\n<link rel=\"canonical\" href=\"https:\/\/diariotextual.com\/inicio\/index.php\/2023\/08\/12\/el-jefe-de-la-primera-de-pico-fue-robado-mientras-dormia-en-su-casa\/\" \/>\n<meta property=\"og:locale\" content=\"es_ES\" \/>\n<meta property=\"og:type\" content=\"article\" \/>\n<meta property=\"og:title\" content=\"El jefe de la Primera de Pico fue robado mientras dorm\u00eda en su casa - Diario Textual\" \/>\n<meta property=\"og:description\" content=\"Dos adolescentes ingresaron a una casa donde se encontraba el jefe de la comisar\u00eda Primera de General Pico, Agust\u00edn Mart\u00ednez, y le robaron dinero y, entre otros elementos, su tel\u00e9fono&hellip;\" \/>\n<meta property=\"og:url\" content=\"https:\/\/diariotextual.com\/inicio\/index.php\/2023\/08\/12\/el-jefe-de-la-primera-de-pico-fue-robado-mientras-dormia-en-su-casa\/\" \/>\n<meta property=\"og:site_name\" content=\"Diario Textual\" \/>\n<meta property=\"article:publisher\" content=\"https:\/\/www.facebook.com\/eltextual\" \/>\n<meta property=\"article:published_time\" content=\"2023-08-12T12:39:04+00:00\" \/>\n<meta property=\"article:modified_time\" content=\"2023-08-12T14:07:37+00:00\" \/>\n<meta property=\"og:image\" content=\"https:\/\/diariotextual.com\/inicio\/wp-content\/uploads\/2018\/08\/policiacamioneta4321.jpg\" \/>\n\t<meta property=\"og:image:width\" content=\"812\" \/>\n\t<meta property=\"og:image:height\" content=\"457\" \/>\n\t<meta property=\"og:image:type\" content=\"image\/jpeg\" \/>\n<meta name=\"author\" content=\"Diario1 Diario1\" \/>\n<meta name=\"twitter:card\" content=\"summary_large_image\" \/>\n<meta name=\"twitter:creator\" content=\"@eltextual\" \/>\n<meta name=\"twitter:site\" content=\"@eltextual\" \/>\n<meta name=\"twitter:label1\" content=\"Escrito por\" \/>\n\t<meta name=\"twitter:data1\" content=\"Diario1 Diario1\" \/>\n\t<meta name=\"twitter:label2\" content=\"Tiempo de lectura\" \/>\n\t<meta name=\"twitter:data2\" content=\"2 minutos\" \/>\n<script type=\"application\/ld+json\" class=\"yoast-schema-graph\">{\"@context\":\"https:\\\/\\\/schema.org\",\"@graph\":[{\"@type\":\"Article\",\"@id\":\"https:\\\/\\\/diariotextual.com\\\/inicio\\\/index.php\\\/2023\\\/08\\\/12\\\/el-jefe-de-la-primera-de-pico-fue-robado-mientras-dormia-en-su-casa\\\/#article\",\"isPartOf\":{\"@id\":\"https:\\\/\\\/diariotextual.com\\\/inicio\\\/index.php\\\/2023\\\/08\\\/12\\\/el-jefe-de-la-primera-de-pico-fue-robado-mientras-dormia-en-su-casa\\\/\"},\"author\":{\"name\":\"Diario1 Diario1\",\"@id\":\"https:\\\/\\\/diariotextual.com\\\/inicio\\\/#\\\/schema\\\/person\\\/418fc4093c33e86ed41562db3508f958\"},\"headline\":\"El jefe de la Primera de Pico fue robado mientras dorm\u00eda en su casa\",\"datePublished\":\"2023-08-12T12:39:04+00:00\",\"dateModified\":\"2023-08-12T14:07:37+00:00\",\"mainEntityOfPage\":{\"@id\":\"https:\\\/\\\/diariotextual.com\\\/inicio\\\/index.php\\\/2023\\\/08\\\/12\\\/el-jefe-de-la-primera-de-pico-fue-robado-mientras-dormia-en-su-casa\\\/\"},\"wordCount\":281,\"publisher\":{\"@id\":\"https:\\\/\\\/diariotextual.com\\\/inicio\\\/#organization\"},\"image\":{\"@id\":\"https:\\\/\\\/diariotextual.com\\\/inicio\\\/index.php\\\/2023\\\/08\\\/12\\\/el-jefe-de-la-primera-de-pico-fue-robado-mientras-dormia-en-su-casa\\\/#primaryimage\"},\"thumbnailUrl\":\"https:\\\/\\\/diariotextual.com\\\/inicio\\\/wp-content\\\/uploads\\\/2018\\\/08\\\/policiacamioneta4321.jpg\",\"articleSection\":[\"A - ES NOTICIA (van abajo)\",\"SOCIEDAD\"],\"inLanguage\":\"es\"},{\"@type\":\"WebPage\",\"@id\":\"https:\\\/\\\/diariotextual.com\\\/inicio\\\/index.php\\\/2023\\\/08\\\/12\\\/el-jefe-de-la-primera-de-pico-fue-robado-mientras-dormia-en-su-casa\\\/\",\"url\":\"https:\\\/\\\/diariotextual.com\\\/inicio\\\/index.php\\\/2023\\\/08\\\/12\\\/el-jefe-de-la-primera-de-pico-fue-robado-mientras-dormia-en-su-casa\\\/\",\"name\":\"El jefe de la Primera de Pico fue robado mientras dorm\u00eda en su casa - Diario Textual\",\"isPartOf\":{\"@id\":\"https:\\\/\\\/diariotextual.com\\\/inicio\\\/#website\"},\"primaryImageOfPage\":{\"@id\":\"https:\\\/\\\/diariotextual.com\\\/inicio\\\/index.php\\\/2023\\\/08\\\/12\\\/el-jefe-de-la-primera-de-pico-fue-robado-mientras-dormia-en-su-casa\\\/#primaryimage\"},\"image\":{\"@id\":\"https:\\\/\\\/diariotextual.com\\\/inicio\\\/index.php\\\/2023\\\/08\\\/12\\\/el-jefe-de-la-primera-de-pico-fue-robado-mientras-dormia-en-su-casa\\\/#primaryimage\"},\"thumbnailUrl\":\"https:\\\/\\\/diariotextual.com\\\/inicio\\\/wp-content\\\/uploads\\\/2018\\\/08\\\/policiacamioneta4321.jpg\",\"datePublished\":\"2023-08-12T12:39:04+00:00\",\"dateModified\":\"2023-08-12T14:07:37+00:00\",\"breadcrumb\":{\"@id\":\"https:\\\/\\\/diariotextual.com\\\/inicio\\\/index.php\\\/2023\\\/08\\\/12\\\/el-jefe-de-la-primera-de-pico-fue-robado-mientras-dormia-en-su-casa\\\/#breadcrumb\"},\"inLanguage\":\"es\",\"potentialAction\":[{\"@type\":\"ReadAction\",\"target\":[\"https:\\\/\\\/diariotextual.com\\\/inicio\\\/index.php\\\/2023\\\/08\\\/12\\\/el-jefe-de-la-primera-de-pico-fue-robado-mientras-dormia-en-su-casa\\\/\"]}]},{\"@type\":\"ImageObject\",\"inLanguage\":\"es\",\"@id\":\"https:\\\/\\\/diariotextual.com\\\/inicio\\\/index.php\\\/2023\\\/08\\\/12\\\/el-jefe-de-la-primera-de-pico-fue-robado-mientras-dormia-en-su-casa\\\/#primaryimage\",\"url\":\"https:\\\/\\\/diariotextual.com\\\/inicio\\\/wp-content\\\/uploads\\\/2018\\\/08\\\/policiacamioneta4321.jpg\",\"contentUrl\":\"https:\\\/\\\/diariotextual.com\\\/inicio\\\/wp-content\\\/uploads\\\/2018\\\/08\\\/policiacamioneta4321.jpg\",\"width\":812,\"height\":457,\"caption\":\"?????????????????????????????????????????????????????????\"},{\"@type\":\"BreadcrumbList\",\"@id\":\"https:\\\/\\\/diariotextual.com\\\/inicio\\\/index.php\\\/2023\\\/08\\\/12\\\/el-jefe-de-la-primera-de-pico-fue-robado-mientras-dormia-en-su-casa\\\/#breadcrumb\",\"itemListElement\":[{\"@type\":\"ListItem\",\"position\":1,\"name\":\"Portada\",\"item\":\"https:\\\/\\\/diariotextual.com\\\/inicio\\\/\"},{\"@type\":\"ListItem\",\"position\":2,\"name\":\"El jefe de la Primera de Pico fue robado mientras dorm\u00eda en su casa\"}]},{\"@type\":\"WebSite\",\"@id\":\"https:\\\/\\\/diariotextual.com\\\/inicio\\\/#website\",\"url\":\"https:\\\/\\\/diariotextual.com\\\/inicio\\\/\",\"name\":\"Diario Textual\",\"description\":\"\",\"publisher\":{\"@id\":\"https:\\\/\\\/diariotextual.com\\\/inicio\\\/#organization\"},\"potentialAction\":[{\"@type\":\"SearchAction\",\"target\":{\"@type\":\"EntryPoint\",\"urlTemplate\":\"https:\\\/\\\/diariotextual.com\\\/inicio\\\/?s={search_term_string}\"},\"query-input\":{\"@type\":\"PropertyValueSpecification\",\"valueRequired\":true,\"valueName\":\"search_term_string\"}}],\"inLanguage\":\"es\"},{\"@type\":\"Organization\",\"@id\":\"https:\\\/\\\/diariotextual.com\\\/inicio\\\/#organization\",\"name\":\"Diario Textual\",\"url\":\"https:\\\/\\\/diariotextual.com\\\/inicio\\\/\",\"logo\":{\"@type\":\"ImageObject\",\"inLanguage\":\"es\",\"@id\":\"https:\\\/\\\/diariotextual.com\\\/inicio\\\/#\\\/schema\\\/logo\\\/image\\\/\",\"url\":\"https:\\\/\\\/diariotextual.com\\\/inicio\\\/wp-content\\\/uploads\\\/2023\\\/05\\\/logotextual1.jpg\",\"contentUrl\":\"https:\\\/\\\/diariotextual.com\\\/inicio\\\/wp-content\\\/uploads\\\/2023\\\/05\\\/logotextual1.jpg\",\"width\":516,\"height\":76,\"caption\":\"Diario Textual\"},\"image\":{\"@id\":\"https:\\\/\\\/diariotextual.com\\\/inicio\\\/#\\\/schema\\\/logo\\\/image\\\/\"},\"sameAs\":[\"https:\\\/\\\/www.facebook.com\\\/eltextual\",\"https:\\\/\\\/x.com\\\/eltextual\",\"http:\\\/\\\/www.instagram.com\\\/eltextual\"]},{\"@type\":\"Person\",\"@id\":\"https:\\\/\\\/diariotextual.com\\\/inicio\\\/#\\\/schema\\\/person\\\/418fc4093c33e86ed41562db3508f958\",\"name\":\"Diario1 Diario1\",\"image\":{\"@type\":\"ImageObject\",\"inLanguage\":\"es\",\"@id\":\"https:\\\/\\\/secure.gravatar.com\\\/avatar\\\/9167d280179c85bc18be67aa7eda765854300033af4896dd779b608640f2ef7a?s=96&d=mm&r=g\",\"url\":\"https:\\\/\\\/secure.gravatar.com\\\/avatar\\\/9167d280179c85bc18be67aa7eda765854300033af4896dd779b608640f2ef7a?s=96&d=mm&r=g\",\"contentUrl\":\"https:\\\/\\\/secure.gravatar.com\\\/avatar\\\/9167d280179c85bc18be67aa7eda765854300033af4896dd779b608640f2ef7a?s=96&d=mm&r=g\",\"caption\":\"Diario1 Diario1\"},\"url\":\"https:\\\/\\\/diariotextual.com\\\/inicio\\\/index.php\\\/author\\\/diario1\\\/\"}]}<\/script>\n<!-- \/ Yoast SEO plugin. -->","yoast_head_json":{"title":"El jefe de la Primera de Pico fue robado mientras dorm\u00eda en su casa - Diario Textual","robots":{"index":"index","follow":"follow","max-snippet":"max-snippet:-1","max-image-preview":"max-image-preview:large","max-video-preview":"max-video-preview:-1"},"canonical":"https:\/\/diariotextual.com\/inicio\/index.php\/2023\/08\/12\/el-jefe-de-la-primera-de-pico-fue-robado-mientras-dormia-en-su-casa\/","og_locale":"es_ES","og_type":"article","og_title":"El jefe de la Primera de Pico fue robado mientras dorm\u00eda en su casa - Diario Textual","og_description":"Dos adolescentes ingresaron a una casa donde se encontraba el jefe de la comisar\u00eda Primera de General Pico, Agust\u00edn Mart\u00ednez, y le robaron dinero y, entre otros elementos, su tel\u00e9fono&hellip;","og_url":"https:\/\/diariotextual.com\/inicio\/index.php\/2023\/08\/12\/el-jefe-de-la-primera-de-pico-fue-robado-mientras-dormia-en-su-casa\/","og_site_name":"Diario Textual","article_publisher":"https:\/\/www.facebook.com\/eltextual","article_published_time":"2023-08-12T12:39:04+00:00","article_modified_time":"2023-08-12T14:07:37+00:00","og_image":[{"width":812,"height":457,"url":"https:\/\/diariotextual.com\/inicio\/wp-content\/uploads\/2018\/08\/policiacamioneta4321.jpg","type":"image\/jpeg"}],"author":"Diario1 Diario1","twitter_card":"summary_large_image","twitter_creator":"@eltextual","twitter_site":"@eltextual","twitter_misc":{"Escrito por":"Diario1 Diario1","Tiempo de lectura":"2 minutos"},"schema":{"@context":"https:\/\/schema.org","@graph":[{"@type":"Article","@id":"https:\/\/diariotextual.com\/inicio\/index.php\/2023\/08\/12\/el-jefe-de-la-primera-de-pico-fue-robado-mientras-dormia-en-su-casa\/#article","isPartOf":{"@id":"https:\/\/diariotextual.com\/inicio\/index.php\/2023\/08\/12\/el-jefe-de-la-primera-de-pico-fue-robado-mientras-dormia-en-su-casa\/"},"author":{"name":"Diario1 Diario1","@id":"https:\/\/diariotextual.com\/inicio\/#\/schema\/person\/418fc4093c33e86ed41562db3508f958"},"headline":"El jefe de la Primera de Pico fue robado mientras dorm\u00eda en su casa","datePublished":"2023-08-12T12:39:04+00:00","dateModified":"2023-08-12T14:07:37+00:00","mainEntityOfPage":{"@id":"https:\/\/diariotextual.com\/inicio\/index.php\/2023\/08\/12\/el-jefe-de-la-primera-de-pico-fue-robado-mientras-dormia-en-su-casa\/"},"wordCount":281,"publisher":{"@id":"https:\/\/diariotextual.com\/inicio\/#organization"},"image":{"@id":"https:\/\/diariotextual.com\/inicio\/index.php\/2023\/08\/12\/el-jefe-de-la-primera-de-pico-fue-robado-mientras-dormia-en-su-casa\/#primaryimage"},"thumbnailUrl":"https:\/\/diariotextual.com\/inicio\/wp-content\/uploads\/2018\/08\/policiacamioneta4321.jpg","articleSection":["A - ES NOTICIA (van abajo)","SOCIEDAD"],"inLanguage":"es"},{"@type":"WebPage","@id":"https:\/\/diariotextual.com\/inicio\/index.php\/2023\/08\/12\/el-jefe-de-la-primera-de-pico-fue-robado-mientras-dormia-en-su-casa\/","url":"https:\/\/diariotextual.com\/inicio\/index.php\/2023\/08\/12\/el-jefe-de-la-primera-de-pico-fue-robado-mientras-dormia-en-su-casa\/","name":"El jefe de la Primera de Pico fue robado mientras dorm\u00eda en su casa - Diario Textual","isPartOf":{"@id":"https:\/\/diariotextual.com\/inicio\/#website"},"primaryImageOfPage":{"@id":"https:\/\/diariotextual.com\/inicio\/index.php\/2023\/08\/12\/el-jefe-de-la-primera-de-pico-fue-robado-mientras-dormia-en-su-casa\/#primaryimage"},"image":{"@id":"https:\/\/diariotextual.com\/inicio\/index.php\/2023\/08\/12\/el-jefe-de-la-primera-de-pico-fue-robado-mientras-dormia-en-su-casa\/#primaryimage"},"thumbnailUrl":"https:\/\/diariotextual.com\/inicio\/wp-content\/uploads\/2018\/08\/policiacamioneta4321.jpg","datePublished":"2023-08-12T12:39:04+00:00","dateModified":"2023-08-12T14:07:37+00:00","breadcrumb":{"@id":"https:\/\/diariotextual.com\/inicio\/index.php\/2023\/08\/12\/el-jefe-de-la-primera-de-pico-fue-robado-mientras-dormia-en-su-casa\/#breadcrumb"},"inLanguage":"es","potentialAction":[{"@type":"ReadAction","target":["https:\/\/diariotextual.com\/inicio\/index.php\/2023\/08\/12\/el-jefe-de-la-primera-de-pico-fue-robado-mientras-dormia-en-su-casa\/"]}]},{"@type":"ImageObject","inLanguage":"es","@id":"https:\/\/diariotextual.com\/inicio\/index.php\/2023\/08\/12\/el-jefe-de-la-primera-de-pico-fue-robado-mientras-dormia-en-su-casa\/#primaryimage","url":"https:\/\/diariotextual.com\/inicio\/wp-content\/uploads\/2018\/08\/policiacamioneta4321.jpg","contentUrl":"https:\/\/diariotextual.com\/inicio\/wp-content\/uploads\/2018\/08\/policiacamioneta4321.jpg","width":812,"height":457,"caption":"?????????????????????????????????????????????????????????"},{"@type":"BreadcrumbList","@id":"https:\/\/diariotextual.com\/inicio\/index.php\/2023\/08\/12\/el-jefe-de-la-primera-de-pico-fue-robado-mientras-dormia-en-su-casa\/#breadcrumb","itemListElement":[{"@type":"ListItem","position":1,"name":"Portada","item":"https:\/\/diariotextual.com\/inicio\/"},{"@type":"ListItem","position":2,"name":"El jefe de la Primera de Pico fue robado mientras dorm\u00eda en su casa"}]},{"@type":"WebSite","@id":"https:\/\/diariotextual.com\/inicio\/#website","url":"https:\/\/diariotextual.com\/inicio\/","name":"Diario Textual","description":"","publisher":{"@id":"https:\/\/diariotextual.com\/inicio\/#organization"},"potentialAction":[{"@type":"SearchAction","target":{"@type":"EntryPoint","urlTemplate":"https:\/\/diariotextual.com\/inicio\/?s={search_term_string}"},"query-input":{"@type":"PropertyValueSpecification","valueRequired":true,"valueName":"search_term_string"}}],"inLanguage":"es"},{"@type":"Organization","@id":"https:\/\/diariotextual.com\/inicio\/#organization","name":"Diario Textual","url":"https:\/\/diariotextual.com\/inicio\/","logo":{"@type":"ImageObject","inLanguage":"es","@id":"https:\/\/diariotextual.com\/inicio\/#\/schema\/logo\/image\/","url":"https:\/\/diariotextual.com\/inicio\/wp-content\/uploads\/2023\/05\/logotextual1.jpg","contentUrl":"https:\/\/diariotextual.com\/inicio\/wp-content\/uploads\/2023\/05\/logotextual1.jpg","width":516,"height":76,"caption":"Diario Textual"},"image":{"@id":"https:\/\/diariotextual.com\/inicio\/#\/schema\/logo\/image\/"},"sameAs":["https:\/\/www.facebook.com\/eltextual","https:\/\/x.com\/eltextual","http:\/\/www.instagram.com\/eltextual"]},{"@type":"Person","@id":"https:\/\/diariotextual.com\/inicio\/#\/schema\/person\/418fc4093c33e86ed41562db3508f958","name":"Diario1 Diario1","image":{"@type":"ImageObject","inLanguage":"es","@id":"https:\/\/secure.gravatar.com\/avatar\/9167d280179c85bc18be67aa7eda765854300033af4896dd779b608640f2ef7a?s=96&d=mm&r=g","url":"https:\/\/secure.gravatar.com\/avatar\/9167d280179c85bc18be67aa7eda765854300033af4896dd779b608640f2ef7a?s=96&d=mm&r=g","contentUrl":"https:\/\/secure.gravatar.com\/avatar\/9167d280179c85bc18be67aa7eda765854300033af4896dd779b608640f2ef7a?s=96&d=mm&r=g","caption":"Diario1 Diario1"},"url":"https:\/\/diariotextual.com\/inicio\/index.php\/author\/diario1\/"}]}},"_links":{"self":[{"href":"https:\/\/diariotextual.com\/inicio\/index.php\/wp-json\/wp\/v2\/posts\/233693","targetHints":{"allow":["GET"]}}],"collection":[{"href":"https:\/\/diariotextual.com\/inicio\/index.php\/wp-json\/wp\/v2\/posts"}],"about":[{"href":"https:\/\/diariotextual.com\/inicio\/index.php\/wp-json\/wp\/v2\/types\/post"}],"author":[{"embeddable":true,"href":"https:\/\/diariotextual.com\/inicio\/index.php\/wp-json\/wp\/v2\/users\/3"}],"replies":[{"embeddable":true,"href":"https:\/\/diariotextual.com\/inicio\/index.php\/wp-json\/wp\/v2\/comments?post=233693"}],"version-history":[{"count":1,"href":"https:\/\/diariotextual.com\/inicio\/index.php\/wp-json\/wp\/v2\/posts\/233693\/revisions"}],"predecessor-version":[{"id":233694,"href":"https:\/\/diariotextual.com\/inicio\/index.php\/wp-json\/wp\/v2\/posts\/233693\/revisions\/233694"}],"wp:featuredmedia":[{"embeddable":true,"href":"https:\/\/diariotextual.com\/inicio\/index.php\/wp-json\/wp\/v2\/media\/16032"}],"wp:attachment":[{"href":"https:\/\/diariotextual.com\/inicio\/index.php\/wp-json\/wp\/v2\/media?parent=233693"}],"wp:term":[{"taxonomy":"category","embeddable":true,"href":"https:\/\/diariotextual.com\/inicio\/index.php\/wp-json\/wp\/v2\/categories?post=233693"},{"taxonomy":"post_tag","embeddable":true,"href":"https:\/\/diariotextual.com\/inicio\/index.php\/wp-json\/wp\/v2\/tags?post=233693"}],"curies":[{"name":"wp","href":"https:\/\/api.w.org\/{rel}","templated":true}]}}