{"id":233702,"date":"2023-08-12T10:10:48","date_gmt":"2023-08-12T13:10:48","guid":{"rendered":"https:\/\/diariotextual.com\/inicio\/?p=233702"},"modified":"2023-08-13T06:15:47","modified_gmt":"2023-08-13T09:15:47","slug":"sandra-abdo-la-seguridad-social-se-hace-presente-en-momentos-de-crisis","status":"publish","type":"post","link":"https:\/\/diariotextual.com\/inicio\/index.php\/2023\/08\/12\/sandra-abdo-la-seguridad-social-se-hace-presente-en-momentos-de-crisis\/","title":{"rendered":"Sandra Abdo: \u201cLa seguridad social se hace presente en momentos de crisis\u201d"},"content":{"rendered":"\n<p>Se desarroll\u00f3 en Santa Rosa la<strong> Jornada de Educaci\u00f3n Previsional <\/strong>para j\u00f3venes profesionales y dirigentes de cajas de previsi\u00f3n y seguridad social de toda la zona Patag\u00f3nica, que cont\u00f3 con la asistencia de casi 200 asistentes tanto de manera presencial como por videoconferencia.<\/p>\n\n\n\n<p>El encuentro fue organizado por las tres cajas profesionales de La Pampa (Caja Forense, Caja de Previsi\u00f3n Profesional y Caja de Previsi\u00f3n M\u00e9dica) y disertaron<strong> Mar\u00eda Cecilia Barrios<\/strong>, secretaria general de la Coordinadora de Cajas de Previsi\u00f3n y Seguridad Social para profesionales de la Rep\u00fablica Argentina, y <strong>Sandra Abdo<\/strong>, referente de la Comisi\u00f3n Jur\u00eddica de la Coordinadora y vicepresidenta de Caja Forense.<\/p>\n\n\n\n<p><strong>\u201cNo es una jornada m\u00e1s porque se pone en valor dos principios para la seguridad social como son la solidaridad y el respeto por las autonom\u00edas provinciales. Las cajas profesionales somos parte importante de la seguridad social argentina y no podemos perder estos valores, sobre todo en momentos de crisis donde la seguridad social se hace presente para contener a cada afiliado\u201d<\/strong>, destac\u00f3 Abdo.<\/p>\n\n\n\n<p>La jornada se realiz\u00f3 en el<strong> D\u00eda de la Solidaridad Profesional <\/strong>que se celebra el 11 de agosto y que recuerda cuando en 1994 durante la reforma de la Constituci\u00f3n Nacional se sancion\u00f3 el art\u00edculo 125 que reconoci\u00f3 el derecho a que las provincias puedan mantener sus propios sistemas de seguridad social, p\u00fablicos y profesionales. En ese sentido, se record\u00f3 la defensa que hicieron Juan V\u00edctor Bensus\u00e1n como referente de las cajas profesionales y los constituyentes pampeanos Rub\u00e9n Mar\u00edn y Antonio Berhongaray.<\/p>\n\n\n\n<p>El encuentro desarrollado en el hotel Mercure tambi\u00e9n sirvi\u00f3 como preparativo para el 82\u00b0 Plenario de la Coordinadora Nacional de Cajas de Previsi\u00f3n y Seguridad para Profesionales que se har\u00e1 en Santa Rosa en el mes de noviembre y reunir\u00e1 a m\u00e1s de 170 dirigentes de todo el pa\u00eds.<\/p>\n\n\n\n<p><\/p>\n\n\n\n<p>Durante el encuentro habl\u00f3 por videoconferencia el secretario de Seguridad Social de la Naci\u00f3n, Luis Bulit Go\u00f1i, y estuvo presente el subsecretario de Justicia y Registros de la provincia, Pablo Boleas.<\/p>\n","protected":false},"excerpt":{"rendered":"<p>Se desarroll\u00f3 en Santa Rosa la Jornada de Educaci\u00f3n Previsional para j\u00f3venes profesionales y dirigentes de cajas de previsi\u00f3n y seguridad social de toda la zona Patag\u00f3nica, que cont\u00f3 con&hellip;<\/p>\n","protected":false},"author":3,"featured_media":233704,"comment_status":"closed","ping_status":"open","sticky":false,"template":"","format":"standard","meta":{"_acf_changed":false,"footnotes":""},"categories":[1,11,12],"tags":[],"class_list":["post-233702","post","type-post","status-publish","format-standard","has-post-thumbnail","hentry","category-es-noticia","category-que-pasa","category-sociedad"],"acf":[],"yoast_head":"<!-- This site is optimized with the Yoast SEO plugin v27.5 - https:\/\/yoast.com\/product\/yoast-seo-wordpress\/ -->\n<title>Sandra Abdo: \u201cLa seguridad social se hace presente en momentos de crisis\u201d - Diario Textual<\/title>\n<meta name=\"robots\" content=\"index, follow, max-snippet:-1, max-image-preview:large, max-video-preview:-1\" \/>\n<link rel=\"canonical\" href=\"https:\/\/diariotextual.com\/inicio\/index.php\/2023\/08\/12\/sandra-abdo-la-seguridad-social-se-hace-presente-en-momentos-de-crisis\/\" \/>\n<meta property=\"og:locale\" content=\"es_ES\" \/>\n<meta property=\"og:type\" content=\"article\" \/>\n<meta property=\"og:title\" content=\"Sandra Abdo: \u201cLa seguridad social se hace presente en momentos de crisis\u201d - Diario Textual\" \/>\n<meta property=\"og:description\" content=\"Se desarroll\u00f3 en Santa Rosa la Jornada de Educaci\u00f3n Previsional para j\u00f3venes profesionales y dirigentes de cajas de previsi\u00f3n y seguridad social de toda la zona Patag\u00f3nica, que cont\u00f3 con&hellip;\" \/>\n<meta property=\"og:url\" content=\"https:\/\/diariotextual.com\/inicio\/index.php\/2023\/08\/12\/sandra-abdo-la-seguridad-social-se-hace-presente-en-momentos-de-crisis\/\" \/>\n<meta property=\"og:site_name\" content=\"Diario Textual\" \/>\n<meta property=\"article:publisher\" content=\"https:\/\/www.facebook.com\/eltextual\" \/>\n<meta property=\"article:published_time\" content=\"2023-08-12T13:10:48+00:00\" \/>\n<meta property=\"article:modified_time\" content=\"2023-08-13T09:15:47+00:00\" \/>\n<meta property=\"og:image\" content=\"https:\/\/diariotextual.com\/inicio\/wp-content\/uploads\/2023\/08\/cajasprofesionaleslapampa2023-2.jpg\" \/>\n\t<meta property=\"og:image:width\" content=\"1500\" \/>\n\t<meta property=\"og:image:height\" content=\"869\" \/>\n\t<meta property=\"og:image:type\" content=\"image\/jpeg\" \/>\n<meta name=\"author\" content=\"Diario1 Diario1\" \/>\n<meta name=\"twitter:card\" content=\"summary_large_image\" \/>\n<meta name=\"twitter:creator\" content=\"@eltextual\" \/>\n<meta name=\"twitter:site\" content=\"@eltextual\" \/>\n<meta name=\"twitter:label1\" content=\"Escrito por\" \/>\n\t<meta name=\"twitter:data1\" content=\"Diario1 Diario1\" \/>\n\t<meta name=\"twitter:label2\" content=\"Tiempo de lectura\" \/>\n\t<meta name=\"twitter:data2\" content=\"2 minutos\" \/>\n<script type=\"application\/ld+json\" class=\"yoast-schema-graph\">{\"@context\":\"https:\\\/\\\/schema.org\",\"@graph\":[{\"@type\":\"Article\",\"@id\":\"https:\\\/\\\/diariotextual.com\\\/inicio\\\/index.php\\\/2023\\\/08\\\/12\\\/sandra-abdo-la-seguridad-social-se-hace-presente-en-momentos-de-crisis\\\/#article\",\"isPartOf\":{\"@id\":\"https:\\\/\\\/diariotextual.com\\\/inicio\\\/index.php\\\/2023\\\/08\\\/12\\\/sandra-abdo-la-seguridad-social-se-hace-presente-en-momentos-de-crisis\\\/\"},\"author\":{\"name\":\"Diario1 Diario1\",\"@id\":\"https:\\\/\\\/diariotextual.com\\\/inicio\\\/#\\\/schema\\\/person\\\/418fc4093c33e86ed41562db3508f958\"},\"headline\":\"Sandra Abdo: \u201cLa seguridad social se hace presente en momentos de crisis\u201d\",\"datePublished\":\"2023-08-12T13:10:48+00:00\",\"dateModified\":\"2023-08-13T09:15:47+00:00\",\"mainEntityOfPage\":{\"@id\":\"https:\\\/\\\/diariotextual.com\\\/inicio\\\/index.php\\\/2023\\\/08\\\/12\\\/sandra-abdo-la-seguridad-social-se-hace-presente-en-momentos-de-crisis\\\/\"},\"wordCount\":365,\"publisher\":{\"@id\":\"https:\\\/\\\/diariotextual.com\\\/inicio\\\/#organization\"},\"image\":{\"@id\":\"https:\\\/\\\/diariotextual.com\\\/inicio\\\/index.php\\\/2023\\\/08\\\/12\\\/sandra-abdo-la-seguridad-social-se-hace-presente-en-momentos-de-crisis\\\/#primaryimage\"},\"thumbnailUrl\":\"https:\\\/\\\/diariotextual.com\\\/inicio\\\/wp-content\\\/uploads\\\/2023\\\/08\\\/cajasprofesionaleslapampa2023-2.jpg\",\"articleSection\":[\"A - ES NOTICIA (van abajo)\",\"A - QUE PASA (al costado)\",\"SOCIEDAD\"],\"inLanguage\":\"es\"},{\"@type\":\"WebPage\",\"@id\":\"https:\\\/\\\/diariotextual.com\\\/inicio\\\/index.php\\\/2023\\\/08\\\/12\\\/sandra-abdo-la-seguridad-social-se-hace-presente-en-momentos-de-crisis\\\/\",\"url\":\"https:\\\/\\\/diariotextual.com\\\/inicio\\\/index.php\\\/2023\\\/08\\\/12\\\/sandra-abdo-la-seguridad-social-se-hace-presente-en-momentos-de-crisis\\\/\",\"name\":\"Sandra Abdo: \u201cLa seguridad social se hace presente en momentos de crisis\u201d - Diario Textual\",\"isPartOf\":{\"@id\":\"https:\\\/\\\/diariotextual.com\\\/inicio\\\/#website\"},\"primaryImageOfPage\":{\"@id\":\"https:\\\/\\\/diariotextual.com\\\/inicio\\\/index.php\\\/2023\\\/08\\\/12\\\/sandra-abdo-la-seguridad-social-se-hace-presente-en-momentos-de-crisis\\\/#primaryimage\"},\"image\":{\"@id\":\"https:\\\/\\\/diariotextual.com\\\/inicio\\\/index.php\\\/2023\\\/08\\\/12\\\/sandra-abdo-la-seguridad-social-se-hace-presente-en-momentos-de-crisis\\\/#primaryimage\"},\"thumbnailUrl\":\"https:\\\/\\\/diariotextual.com\\\/inicio\\\/wp-content\\\/uploads\\\/2023\\\/08\\\/cajasprofesionaleslapampa2023-2.jpg\",\"datePublished\":\"2023-08-12T13:10:48+00:00\",\"dateModified\":\"2023-08-13T09:15:47+00:00\",\"breadcrumb\":{\"@id\":\"https:\\\/\\\/diariotextual.com\\\/inicio\\\/index.php\\\/2023\\\/08\\\/12\\\/sandra-abdo-la-seguridad-social-se-hace-presente-en-momentos-de-crisis\\\/#breadcrumb\"},\"inLanguage\":\"es\",\"potentialAction\":[{\"@type\":\"ReadAction\",\"target\":[\"https:\\\/\\\/diariotextual.com\\\/inicio\\\/index.php\\\/2023\\\/08\\\/12\\\/sandra-abdo-la-seguridad-social-se-hace-presente-en-momentos-de-crisis\\\/\"]}]},{\"@type\":\"ImageObject\",\"inLanguage\":\"es\",\"@id\":\"https:\\\/\\\/diariotextual.com\\\/inicio\\\/index.php\\\/2023\\\/08\\\/12\\\/sandra-abdo-la-seguridad-social-se-hace-presente-en-momentos-de-crisis\\\/#primaryimage\",\"url\":\"https:\\\/\\\/diariotextual.com\\\/inicio\\\/wp-content\\\/uploads\\\/2023\\\/08\\\/cajasprofesionaleslapampa2023-2.jpg\",\"contentUrl\":\"https:\\\/\\\/diariotextual.com\\\/inicio\\\/wp-content\\\/uploads\\\/2023\\\/08\\\/cajasprofesionaleslapampa2023-2.jpg\",\"width\":1500,\"height\":869},{\"@type\":\"BreadcrumbList\",\"@id\":\"https:\\\/\\\/diariotextual.com\\\/inicio\\\/index.php\\\/2023\\\/08\\\/12\\\/sandra-abdo-la-seguridad-social-se-hace-presente-en-momentos-de-crisis\\\/#breadcrumb\",\"itemListElement\":[{\"@type\":\"ListItem\",\"position\":1,\"name\":\"Portada\",\"item\":\"https:\\\/\\\/diariotextual.com\\\/inicio\\\/\"},{\"@type\":\"ListItem\",\"position\":2,\"name\":\"Sandra Abdo: \u201cLa seguridad social se hace presente en momentos de crisis\u201d\"}]},{\"@type\":\"WebSite\",\"@id\":\"https:\\\/\\\/diariotextual.com\\\/inicio\\\/#website\",\"url\":\"https:\\\/\\\/diariotextual.com\\\/inicio\\\/\",\"name\":\"Diario Textual\",\"description\":\"\",\"publisher\":{\"@id\":\"https:\\\/\\\/diariotextual.com\\\/inicio\\\/#organization\"},\"potentialAction\":[{\"@type\":\"SearchAction\",\"target\":{\"@type\":\"EntryPoint\",\"urlTemplate\":\"https:\\\/\\\/diariotextual.com\\\/inicio\\\/?s={search_term_string}\"},\"query-input\":{\"@type\":\"PropertyValueSpecification\",\"valueRequired\":true,\"valueName\":\"search_term_string\"}}],\"inLanguage\":\"es\"},{\"@type\":\"Organization\",\"@id\":\"https:\\\/\\\/diariotextual.com\\\/inicio\\\/#organization\",\"name\":\"Diario Textual\",\"url\":\"https:\\\/\\\/diariotextual.com\\\/inicio\\\/\",\"logo\":{\"@type\":\"ImageObject\",\"inLanguage\":\"es\",\"@id\":\"https:\\\/\\\/diariotextual.com\\\/inicio\\\/#\\\/schema\\\/logo\\\/image\\\/\",\"url\":\"https:\\\/\\\/diariotextual.com\\\/inicio\\\/wp-content\\\/uploads\\\/2023\\\/05\\\/logotextual1.jpg\",\"contentUrl\":\"https:\\\/\\\/diariotextual.com\\\/inicio\\\/wp-content\\\/uploads\\\/2023\\\/05\\\/logotextual1.jpg\",\"width\":516,\"height\":76,\"caption\":\"Diario Textual\"},\"image\":{\"@id\":\"https:\\\/\\\/diariotextual.com\\\/inicio\\\/#\\\/schema\\\/logo\\\/image\\\/\"},\"sameAs\":[\"https:\\\/\\\/www.facebook.com\\\/eltextual\",\"https:\\\/\\\/x.com\\\/eltextual\",\"http:\\\/\\\/www.instagram.com\\\/eltextual\"]},{\"@type\":\"Person\",\"@id\":\"https:\\\/\\\/diariotextual.com\\\/inicio\\\/#\\\/schema\\\/person\\\/418fc4093c33e86ed41562db3508f958\",\"name\":\"Diario1 Diario1\",\"image\":{\"@type\":\"ImageObject\",\"inLanguage\":\"es\",\"@id\":\"https:\\\/\\\/secure.gravatar.com\\\/avatar\\\/9167d280179c85bc18be67aa7eda765854300033af4896dd779b608640f2ef7a?s=96&d=mm&r=g\",\"url\":\"https:\\\/\\\/secure.gravatar.com\\\/avatar\\\/9167d280179c85bc18be67aa7eda765854300033af4896dd779b608640f2ef7a?s=96&d=mm&r=g\",\"contentUrl\":\"https:\\\/\\\/secure.gravatar.com\\\/avatar\\\/9167d280179c85bc18be67aa7eda765854300033af4896dd779b608640f2ef7a?s=96&d=mm&r=g\",\"caption\":\"Diario1 Diario1\"},\"url\":\"https:\\\/\\\/diariotextual.com\\\/inicio\\\/index.php\\\/author\\\/diario1\\\/\"}]}<\/script>\n<!-- \/ Yoast SEO plugin. -->","yoast_head_json":{"title":"Sandra Abdo: \u201cLa seguridad social se hace presente en momentos de crisis\u201d - Diario Textual","robots":{"index":"index","follow":"follow","max-snippet":"max-snippet:-1","max-image-preview":"max-image-preview:large","max-video-preview":"max-video-preview:-1"},"canonical":"https:\/\/diariotextual.com\/inicio\/index.php\/2023\/08\/12\/sandra-abdo-la-seguridad-social-se-hace-presente-en-momentos-de-crisis\/","og_locale":"es_ES","og_type":"article","og_title":"Sandra Abdo: \u201cLa seguridad social se hace presente en momentos de crisis\u201d - Diario Textual","og_description":"Se desarroll\u00f3 en Santa Rosa la Jornada de Educaci\u00f3n Previsional para j\u00f3venes profesionales y dirigentes de cajas de previsi\u00f3n y seguridad social de toda la zona Patag\u00f3nica, que cont\u00f3 con&hellip;","og_url":"https:\/\/diariotextual.com\/inicio\/index.php\/2023\/08\/12\/sandra-abdo-la-seguridad-social-se-hace-presente-en-momentos-de-crisis\/","og_site_name":"Diario Textual","article_publisher":"https:\/\/www.facebook.com\/eltextual","article_published_time":"2023-08-12T13:10:48+00:00","article_modified_time":"2023-08-13T09:15:47+00:00","og_image":[{"width":1500,"height":869,"url":"https:\/\/diariotextual.com\/inicio\/wp-content\/uploads\/2023\/08\/cajasprofesionaleslapampa2023-2.jpg","type":"image\/jpeg"}],"author":"Diario1 Diario1","twitter_card":"summary_large_image","twitter_creator":"@eltextual","twitter_site":"@eltextual","twitter_misc":{"Escrito por":"Diario1 Diario1","Tiempo de lectura":"2 minutos"},"schema":{"@context":"https:\/\/schema.org","@graph":[{"@type":"Article","@id":"https:\/\/diariotextual.com\/inicio\/index.php\/2023\/08\/12\/sandra-abdo-la-seguridad-social-se-hace-presente-en-momentos-de-crisis\/#article","isPartOf":{"@id":"https:\/\/diariotextual.com\/inicio\/index.php\/2023\/08\/12\/sandra-abdo-la-seguridad-social-se-hace-presente-en-momentos-de-crisis\/"},"author":{"name":"Diario1 Diario1","@id":"https:\/\/diariotextual.com\/inicio\/#\/schema\/person\/418fc4093c33e86ed41562db3508f958"},"headline":"Sandra Abdo: \u201cLa seguridad social se hace presente en momentos de crisis\u201d","datePublished":"2023-08-12T13:10:48+00:00","dateModified":"2023-08-13T09:15:47+00:00","mainEntityOfPage":{"@id":"https:\/\/diariotextual.com\/inicio\/index.php\/2023\/08\/12\/sandra-abdo-la-seguridad-social-se-hace-presente-en-momentos-de-crisis\/"},"wordCount":365,"publisher":{"@id":"https:\/\/diariotextual.com\/inicio\/#organization"},"image":{"@id":"https:\/\/diariotextual.com\/inicio\/index.php\/2023\/08\/12\/sandra-abdo-la-seguridad-social-se-hace-presente-en-momentos-de-crisis\/#primaryimage"},"thumbnailUrl":"https:\/\/diariotextual.com\/inicio\/wp-content\/uploads\/2023\/08\/cajasprofesionaleslapampa2023-2.jpg","articleSection":["A - ES NOTICIA (van abajo)","A - QUE PASA (al costado)","SOCIEDAD"],"inLanguage":"es"},{"@type":"WebPage","@id":"https:\/\/diariotextual.com\/inicio\/index.php\/2023\/08\/12\/sandra-abdo-la-seguridad-social-se-hace-presente-en-momentos-de-crisis\/","url":"https:\/\/diariotextual.com\/inicio\/index.php\/2023\/08\/12\/sandra-abdo-la-seguridad-social-se-hace-presente-en-momentos-de-crisis\/","name":"Sandra Abdo: \u201cLa seguridad social se hace presente en momentos de crisis\u201d - Diario Textual","isPartOf":{"@id":"https:\/\/diariotextual.com\/inicio\/#website"},"primaryImageOfPage":{"@id":"https:\/\/diariotextual.com\/inicio\/index.php\/2023\/08\/12\/sandra-abdo-la-seguridad-social-se-hace-presente-en-momentos-de-crisis\/#primaryimage"},"image":{"@id":"https:\/\/diariotextual.com\/inicio\/index.php\/2023\/08\/12\/sandra-abdo-la-seguridad-social-se-hace-presente-en-momentos-de-crisis\/#primaryimage"},"thumbnailUrl":"https:\/\/diariotextual.com\/inicio\/wp-content\/uploads\/2023\/08\/cajasprofesionaleslapampa2023-2.jpg","datePublished":"2023-08-12T13:10:48+00:00","dateModified":"2023-08-13T09:15:47+00:00","breadcrumb":{"@id":"https:\/\/diariotextual.com\/inicio\/index.php\/2023\/08\/12\/sandra-abdo-la-seguridad-social-se-hace-presente-en-momentos-de-crisis\/#breadcrumb"},"inLanguage":"es","potentialAction":[{"@type":"ReadAction","target":["https:\/\/diariotextual.com\/inicio\/index.php\/2023\/08\/12\/sandra-abdo-la-seguridad-social-se-hace-presente-en-momentos-de-crisis\/"]}]},{"@type":"ImageObject","inLanguage":"es","@id":"https:\/\/diariotextual.com\/inicio\/index.php\/2023\/08\/12\/sandra-abdo-la-seguridad-social-se-hace-presente-en-momentos-de-crisis\/#primaryimage","url":"https:\/\/diariotextual.com\/inicio\/wp-content\/uploads\/2023\/08\/cajasprofesionaleslapampa2023-2.jpg","contentUrl":"https:\/\/diariotextual.com\/inicio\/wp-content\/uploads\/2023\/08\/cajasprofesionaleslapampa2023-2.jpg","width":1500,"height":869},{"@type":"BreadcrumbList","@id":"https:\/\/diariotextual.com\/inicio\/index.php\/2023\/08\/12\/sandra-abdo-la-seguridad-social-se-hace-presente-en-momentos-de-crisis\/#breadcrumb","itemListElement":[{"@type":"ListItem","position":1,"name":"Portada","item":"https:\/\/diariotextual.com\/inicio\/"},{"@type":"ListItem","position":2,"name":"Sandra Abdo: \u201cLa seguridad social se hace presente en momentos de crisis\u201d"}]},{"@type":"WebSite","@id":"https:\/\/diariotextual.com\/inicio\/#website","url":"https:\/\/diariotextual.com\/inicio\/","name":"Diario Textual","description":"","publisher":{"@id":"https:\/\/diariotextual.com\/inicio\/#organization"},"potentialAction":[{"@type":"SearchAction","target":{"@type":"EntryPoint","urlTemplate":"https:\/\/diariotextual.com\/inicio\/?s={search_term_string}"},"query-input":{"@type":"PropertyValueSpecification","valueRequired":true,"valueName":"search_term_string"}}],"inLanguage":"es"},{"@type":"Organization","@id":"https:\/\/diariotextual.com\/inicio\/#organization","name":"Diario Textual","url":"https:\/\/diariotextual.com\/inicio\/","logo":{"@type":"ImageObject","inLanguage":"es","@id":"https:\/\/diariotextual.com\/inicio\/#\/schema\/logo\/image\/","url":"https:\/\/diariotextual.com\/inicio\/wp-content\/uploads\/2023\/05\/logotextual1.jpg","contentUrl":"https:\/\/diariotextual.com\/inicio\/wp-content\/uploads\/2023\/05\/logotextual1.jpg","width":516,"height":76,"caption":"Diario Textual"},"image":{"@id":"https:\/\/diariotextual.com\/inicio\/#\/schema\/logo\/image\/"},"sameAs":["https:\/\/www.facebook.com\/eltextual","https:\/\/x.com\/eltextual","http:\/\/www.instagram.com\/eltextual"]},{"@type":"Person","@id":"https:\/\/diariotextual.com\/inicio\/#\/schema\/person\/418fc4093c33e86ed41562db3508f958","name":"Diario1 Diario1","image":{"@type":"ImageObject","inLanguage":"es","@id":"https:\/\/secure.gravatar.com\/avatar\/9167d280179c85bc18be67aa7eda765854300033af4896dd779b608640f2ef7a?s=96&d=mm&r=g","url":"https:\/\/secure.gravatar.com\/avatar\/9167d280179c85bc18be67aa7eda765854300033af4896dd779b608640f2ef7a?s=96&d=mm&r=g","contentUrl":"https:\/\/secure.gravatar.com\/avatar\/9167d280179c85bc18be67aa7eda765854300033af4896dd779b608640f2ef7a?s=96&d=mm&r=g","caption":"Diario1 Diario1"},"url":"https:\/\/diariotextual.com\/inicio\/index.php\/author\/diario1\/"}]}},"_links":{"self":[{"href":"https:\/\/diariotextual.com\/inicio\/index.php\/wp-json\/wp\/v2\/posts\/233702","targetHints":{"allow":["GET"]}}],"collection":[{"href":"https:\/\/diariotextual.com\/inicio\/index.php\/wp-json\/wp\/v2\/posts"}],"about":[{"href":"https:\/\/diariotextual.com\/inicio\/index.php\/wp-json\/wp\/v2\/types\/post"}],"author":[{"embeddable":true,"href":"https:\/\/diariotextual.com\/inicio\/index.php\/wp-json\/wp\/v2\/users\/3"}],"replies":[{"embeddable":true,"href":"https:\/\/diariotextual.com\/inicio\/index.php\/wp-json\/wp\/v2\/comments?post=233702"}],"version-history":[{"count":2,"href":"https:\/\/diariotextual.com\/inicio\/index.php\/wp-json\/wp\/v2\/posts\/233702\/revisions"}],"predecessor-version":[{"id":233705,"href":"https:\/\/diariotextual.com\/inicio\/index.php\/wp-json\/wp\/v2\/posts\/233702\/revisions\/233705"}],"wp:featuredmedia":[{"embeddable":true,"href":"https:\/\/diariotextual.com\/inicio\/index.php\/wp-json\/wp\/v2\/media\/233704"}],"wp:attachment":[{"href":"https:\/\/diariotextual.com\/inicio\/index.php\/wp-json\/wp\/v2\/media?parent=233702"}],"wp:term":[{"taxonomy":"category","embeddable":true,"href":"https:\/\/diariotextual.com\/inicio\/index.php\/wp-json\/wp\/v2\/categories?post=233702"},{"taxonomy":"post_tag","embeddable":true,"href":"https:\/\/diariotextual.com\/inicio\/index.php\/wp-json\/wp\/v2\/tags?post=233702"}],"curies":[{"name":"wp","href":"https:\/\/api.w.org\/{rel}","templated":true}]}}