{"id":233718,"date":"2023-08-12T11:06:10","date_gmt":"2023-08-12T14:06:10","guid":{"rendered":"https:\/\/diariotextual.com\/inicio\/?p=233718"},"modified":"2023-08-13T06:00:12","modified_gmt":"2023-08-13T09:00:12","slug":"buscan-que-la-pampa-se-posicione-como-productora-de-la-industria-del-canamo","status":"publish","type":"post","link":"https:\/\/diariotextual.com\/inicio\/index.php\/2023\/08\/12\/buscan-que-la-pampa-se-posicione-como-productora-de-la-industria-del-canamo\/","title":{"rendered":"Buscan que La Pampa se posicione como productora de la industria del c\u00e1\u00f1amo"},"content":{"rendered":"\n<p class=\"wp-block-paragraph\">La <strong>Agencia Pampeana de Ciencias, Tecnolog\u00edas e Innovaci\u00f3n Abierta (CITIA)<\/strong> y el <strong>Consejo Federal de Inversiones (CFI) <\/strong>firmaron un contrato de obra cuyo objetivo es analizar y promover el posicionamiento estrat\u00e9gico de la provincia de La Pampa respecto a la industria del c\u00e1\u00f1amo.\u00a0<\/p>\n\n\n\n<p class=\"wp-block-paragraph\"><strong>Se denomina \u201cc\u00e1\u00f1amo\u201d o \u201cc\u00e1\u00f1amo industrial y\/u hort\u00edcola\u201d a la planta de cannabis, sus partes, sus semillas y sus derivados, que tengan hasta un 1 % de concentraci\u00f3n del componente qu\u00edmico tetrahidrocannabinol (THC) y tengan como destino los fines industriales u hort\u00edcolas.<\/strong><\/p>\n\n\n\n<p class=\"wp-block-paragraph\">Seg\u00fan un reciente informe elaborado por la Secretar\u00eda de Agricultura, Ganader\u00eda y Pesca del Ministerio de Econom\u00eda de la Naci\u00f3n Argentina,<strong> el c\u00e1\u00f1amo resulta ser un negocio incipiente en el comercio internacional y actual contexto regulatorio internacional.<\/strong><\/p>\n\n\n\n<p class=\"wp-block-paragraph\">En ese marco, se firm\u00f3 este contrato de obra. \u201cLa Pampa cuenta con la oportunidad de desarrollar el cultivo y es necesario estudiar la potencialidad de desarrollo del negocio, as\u00ed como los productos, procesos y oportunidades de innovaci\u00f3n que podr\u00edan generarse en dicha cadena agroindustrial. Todo \u00e9sto enmarcado en un escenario internacional de creciente inter\u00e9s por la investigaci\u00f3n, el desarrollo y consumo de las fibras naturales\u201d, afirm\u00f3 <strong>Ver\u00f3nica Duarte<\/strong>, la directora ejecutiva de la Agencia CITIA, a la Agencia Provincial de Noticias.<\/p>\n\n\n\n<p class=\"wp-block-paragraph\">El estudio busca realizar un relevamiento de las capacidades cient\u00edficas-tecnol\u00f3gicas, t\u00e9cnicas, log\u00edsticas, legales, econ\u00f3micas y agron\u00f3micas para la explotaci\u00f3n regional de la industria del c\u00e1\u00f1amo y su impacto econ\u00f3mico en la provincia de La Pampa. La intenci\u00f3n es establecer, a partir de un diagn\u00f3stico de la situaci\u00f3n regional y mundial, diversas recomendaciones que permitan aprovechar las potencialidades de la provincia y posicionar competitivamente a la misma.<\/p>\n\n\n\n<p class=\"wp-block-paragraph\">La realizaci\u00f3n de este estudio prev\u00e9 un desarrollo de 9 meses de trabajo con etapas de an\u00e1lisis de factibilidad agron\u00f3mica, viabilidad socio productiva y recomendaciones normativas. Del mismo participar\u00e1n, el Ministerio de la Producci\u00f3n, a trav\u00e9s de la Direcci\u00f3n de Agricultura, un grupo de investigadores de diferentes Universidades, incluida la Universidad Nacional de La Pampa a trav\u00e9s de grupos de investigaci\u00f3n de la Facultad de Agronom\u00eda. Ser\u00e1 coordinado por el consultor experto en Gesti\u00f3n de la Innovaci\u00f3n y la Tecnolog\u00eda, Jorge Pedrueza.<\/p>\n\n\n\n<p class=\"wp-block-paragraph\">Desde CITIA se apunta a establecer un panorama del estado integral de la provincia, en contexto con el pa\u00eds y la regi\u00f3n, para la incorporaci\u00f3n y explotaci\u00f3n del c\u00e1\u00f1amo y su posible impacto econ\u00f3mico, as\u00ed como proponer estrategias t\u00e9cnico-productivas y cient\u00edficas-tecnol\u00f3gicas aportando al dise\u00f1o de Pol\u00edticas P\u00fablicas para el desarrollo de esta industria en La Pampa.<\/p>\n\n\n\n<figure class=\"wp-block-embed is-type-wp-embed is-provider-diario-textual wp-block-embed-diario-textual\"><div class=\"wp-block-embed__wrapper\">\n<blockquote class=\"wp-embedded-content\" data-secret=\"Xf1H4hsT4X\"><a href=\"https:\/\/diariotextual.com\/inicio\/index.php\/2023\/07\/27\/pampa-sativa-de-acha-es-la-primera-empresa-que-producira-cannabis-medicinal-en-la-pampa\/\">Pampa Sativa de Acha es la primera empresa que producir\u00e1 cannabis medicinal en La Pampa<\/a><\/blockquote><iframe class=\"wp-embedded-content\" sandbox=\"allow-scripts\" security=\"restricted\" style=\"position: absolute; clip: rect(1px, 1px, 1px, 1px);\" title=\"\u00abPampa Sativa de Acha es la primera empresa que producir\u00e1 cannabis medicinal en La Pampa\u00bb \u2014 Diario Textual\" src=\"https:\/\/diariotextual.com\/inicio\/index.php\/2023\/07\/27\/pampa-sativa-de-acha-es-la-primera-empresa-que-producira-cannabis-medicinal-en-la-pampa\/embed\/#?secret=50K7I21lak#?secret=Xf1H4hsT4X\" data-secret=\"Xf1H4hsT4X\" width=\"600\" height=\"338\" frameborder=\"0\" marginwidth=\"0\" marginheight=\"0\" scrolling=\"no\"><\/iframe>\n<\/div><\/figure>\n\n\n\n<p class=\"wp-block-paragraph\"><\/p>\n\n\n\n<p class=\"wp-block-paragraph\"><\/p>\n","protected":false},"excerpt":{"rendered":"<p>La Agencia Pampeana de Ciencias, Tecnolog\u00edas e Innovaci\u00f3n Abierta (CITIA) y el Consejo Federal de Inversiones (CFI) firmaron un contrato de obra cuyo objetivo es analizar y promover el posicionamiento&hellip;<\/p>\n","protected":false},"author":3,"featured_media":233719,"comment_status":"closed","ping_status":"open","sticky":false,"template":"","format":"standard","meta":{"_acf_changed":false,"footnotes":""},"categories":[1,20],"tags":[],"class_list":["post-233718","post","type-post","status-publish","format-standard","has-post-thumbnail","hentry","category-es-noticia","category-campo"],"acf":[],"yoast_head":"<!-- This site is optimized with the Yoast SEO plugin v28.4 - https:\/\/yoast.com\/product\/yoast-seo-wordpress\/ -->\n<title>Buscan que La Pampa se posicione como productora de la industria del c\u00e1\u00f1amo - Diario Textual<\/title>\n<meta name=\"robots\" content=\"index, follow, max-snippet:-1, max-image-preview:large, max-video-preview:-1\" \/>\n<link rel=\"canonical\" href=\"https:\/\/diariotextual.com\/inicio\/index.php\/2023\/08\/12\/buscan-que-la-pampa-se-posicione-como-productora-de-la-industria-del-canamo\/\" \/>\n<meta property=\"og:locale\" content=\"es_ES\" \/>\n<meta property=\"og:type\" content=\"article\" \/>\n<meta property=\"og:title\" content=\"Buscan que La Pampa se posicione como productora de la industria del c\u00e1\u00f1amo - Diario Textual\" \/>\n<meta property=\"og:description\" content=\"La Agencia Pampeana de Ciencias, Tecnolog\u00edas e Innovaci\u00f3n Abierta (CITIA) y el Consejo Federal de Inversiones (CFI) firmaron un contrato de obra cuyo objetivo es analizar y promover el posicionamiento&hellip;\" \/>\n<meta property=\"og:url\" content=\"https:\/\/diariotextual.com\/inicio\/index.php\/2023\/08\/12\/buscan-que-la-pampa-se-posicione-como-productora-de-la-industria-del-canamo\/\" \/>\n<meta property=\"og:site_name\" content=\"Diario Textual\" \/>\n<meta property=\"article:publisher\" content=\"https:\/\/www.facebook.com\/eltextual\" \/>\n<meta property=\"article:published_time\" content=\"2023-08-12T14:06:10+00:00\" \/>\n<meta property=\"article:modified_time\" content=\"2023-08-13T09:00:12+00:00\" \/>\n<meta property=\"og:image\" content=\"https:\/\/diariotextual.com\/inicio\/wp-content\/uploads\/2023\/08\/canamoindustrialcannabis2023-1.jpg\" \/>\n\t<meta property=\"og:image:width\" content=\"1030\" \/>\n\t<meta property=\"og:image:height\" content=\"686\" \/>\n\t<meta property=\"og:image:type\" content=\"image\/jpeg\" \/>\n<meta name=\"author\" content=\"Diario1 Diario1\" \/>\n<meta name=\"twitter:card\" content=\"summary_large_image\" \/>\n<meta name=\"twitter:creator\" content=\"@eltextual\" \/>\n<meta name=\"twitter:site\" content=\"@eltextual\" \/>\n<meta name=\"twitter:label1\" content=\"Escrito por\" \/>\n\t<meta name=\"twitter:data1\" content=\"Diario1 Diario1\" \/>\n\t<meta name=\"twitter:label2\" content=\"Tiempo de lectura\" \/>\n\t<meta name=\"twitter:data2\" content=\"2 minutos\" \/>\n<script type=\"application\/ld+json\" class=\"yoast-schema-graph\">{\"@context\":\"https:\\\/\\\/schema.org\",\"@graph\":[{\"@type\":\"Article\",\"@id\":\"https:\\\/\\\/diariotextual.com\\\/inicio\\\/index.php\\\/2023\\\/08\\\/12\\\/buscan-que-la-pampa-se-posicione-como-productora-de-la-industria-del-canamo\\\/#article\",\"isPartOf\":{\"@id\":\"https:\\\/\\\/diariotextual.com\\\/inicio\\\/index.php\\\/2023\\\/08\\\/12\\\/buscan-que-la-pampa-se-posicione-como-productora-de-la-industria-del-canamo\\\/\"},\"author\":{\"name\":\"Diario1 Diario1\",\"@id\":\"https:\\\/\\\/diariotextual.com\\\/inicio\\\/#\\\/schema\\\/person\\\/418fc4093c33e86ed41562db3508f958\"},\"headline\":\"Buscan que La Pampa se posicione como productora de la industria del c\u00e1\u00f1amo\",\"datePublished\":\"2023-08-12T14:06:10+00:00\",\"dateModified\":\"2023-08-13T09:00:12+00:00\",\"mainEntityOfPage\":{\"@id\":\"https:\\\/\\\/diariotextual.com\\\/inicio\\\/index.php\\\/2023\\\/08\\\/12\\\/buscan-que-la-pampa-se-posicione-como-productora-de-la-industria-del-canamo\\\/\"},\"wordCount\":485,\"publisher\":{\"@id\":\"https:\\\/\\\/diariotextual.com\\\/inicio\\\/#organization\"},\"image\":{\"@id\":\"https:\\\/\\\/diariotextual.com\\\/inicio\\\/index.php\\\/2023\\\/08\\\/12\\\/buscan-que-la-pampa-se-posicione-como-productora-de-la-industria-del-canamo\\\/#primaryimage\"},\"thumbnailUrl\":\"https:\\\/\\\/diariotextual.com\\\/inicio\\\/wp-content\\\/uploads\\\/2023\\\/08\\\/canamoindustrialcannabis2023-1.jpg\",\"articleSection\":[\"A - ES NOTICIA (van abajo)\",\"CAMPO\"],\"inLanguage\":\"es\"},{\"@type\":\"WebPage\",\"@id\":\"https:\\\/\\\/diariotextual.com\\\/inicio\\\/index.php\\\/2023\\\/08\\\/12\\\/buscan-que-la-pampa-se-posicione-como-productora-de-la-industria-del-canamo\\\/\",\"url\":\"https:\\\/\\\/diariotextual.com\\\/inicio\\\/index.php\\\/2023\\\/08\\\/12\\\/buscan-que-la-pampa-se-posicione-como-productora-de-la-industria-del-canamo\\\/\",\"name\":\"Buscan que La Pampa se posicione como productora de la industria del c\u00e1\u00f1amo - Diario Textual\",\"isPartOf\":{\"@id\":\"https:\\\/\\\/diariotextual.com\\\/inicio\\\/#website\"},\"primaryImageOfPage\":{\"@id\":\"https:\\\/\\\/diariotextual.com\\\/inicio\\\/index.php\\\/2023\\\/08\\\/12\\\/buscan-que-la-pampa-se-posicione-como-productora-de-la-industria-del-canamo\\\/#primaryimage\"},\"image\":{\"@id\":\"https:\\\/\\\/diariotextual.com\\\/inicio\\\/index.php\\\/2023\\\/08\\\/12\\\/buscan-que-la-pampa-se-posicione-como-productora-de-la-industria-del-canamo\\\/#primaryimage\"},\"thumbnailUrl\":\"https:\\\/\\\/diariotextual.com\\\/inicio\\\/wp-content\\\/uploads\\\/2023\\\/08\\\/canamoindustrialcannabis2023-1.jpg\",\"datePublished\":\"2023-08-12T14:06:10+00:00\",\"dateModified\":\"2023-08-13T09:00:12+00:00\",\"breadcrumb\":{\"@id\":\"https:\\\/\\\/diariotextual.com\\\/inicio\\\/index.php\\\/2023\\\/08\\\/12\\\/buscan-que-la-pampa-se-posicione-como-productora-de-la-industria-del-canamo\\\/#breadcrumb\"},\"inLanguage\":\"es\",\"potentialAction\":[{\"@type\":\"ReadAction\",\"target\":[\"https:\\\/\\\/diariotextual.com\\\/inicio\\\/index.php\\\/2023\\\/08\\\/12\\\/buscan-que-la-pampa-se-posicione-como-productora-de-la-industria-del-canamo\\\/\"]}]},{\"@type\":\"ImageObject\",\"inLanguage\":\"es\",\"@id\":\"https:\\\/\\\/diariotextual.com\\\/inicio\\\/index.php\\\/2023\\\/08\\\/12\\\/buscan-que-la-pampa-se-posicione-como-productora-de-la-industria-del-canamo\\\/#primaryimage\",\"url\":\"https:\\\/\\\/diariotextual.com\\\/inicio\\\/wp-content\\\/uploads\\\/2023\\\/08\\\/canamoindustrialcannabis2023-1.jpg\",\"contentUrl\":\"https:\\\/\\\/diariotextual.com\\\/inicio\\\/wp-content\\\/uploads\\\/2023\\\/08\\\/canamoindustrialcannabis2023-1.jpg\",\"width\":1030,\"height\":686},{\"@type\":\"BreadcrumbList\",\"@id\":\"https:\\\/\\\/diariotextual.com\\\/inicio\\\/index.php\\\/2023\\\/08\\\/12\\\/buscan-que-la-pampa-se-posicione-como-productora-de-la-industria-del-canamo\\\/#breadcrumb\",\"itemListElement\":[{\"@type\":\"ListItem\",\"position\":1,\"name\":\"Portada\",\"item\":\"https:\\\/\\\/diariotextual.com\\\/inicio\\\/\"},{\"@type\":\"ListItem\",\"position\":2,\"name\":\"Buscan que La Pampa se posicione como productora de la industria del c\u00e1\u00f1amo\"}]},{\"@type\":\"WebSite\",\"@id\":\"https:\\\/\\\/diariotextual.com\\\/inicio\\\/#website\",\"url\":\"https:\\\/\\\/diariotextual.com\\\/inicio\\\/\",\"name\":\"Diario Textual\",\"description\":\"\",\"publisher\":{\"@id\":\"https:\\\/\\\/diariotextual.com\\\/inicio\\\/#organization\"},\"potentialAction\":[{\"@type\":\"SearchAction\",\"target\":{\"@type\":\"EntryPoint\",\"urlTemplate\":\"https:\\\/\\\/diariotextual.com\\\/inicio\\\/?s={search_term_string}\"},\"query-input\":{\"@type\":\"PropertyValueSpecification\",\"valueRequired\":true,\"valueName\":\"search_term_string\"}}],\"inLanguage\":\"es\"},{\"@type\":\"Organization\",\"@id\":\"https:\\\/\\\/diariotextual.com\\\/inicio\\\/#organization\",\"name\":\"Diario Textual\",\"url\":\"https:\\\/\\\/diariotextual.com\\\/inicio\\\/\",\"logo\":{\"@type\":\"ImageObject\",\"inLanguage\":\"es\",\"@id\":\"https:\\\/\\\/diariotextual.com\\\/inicio\\\/#\\\/schema\\\/logo\\\/image\\\/\",\"url\":\"https:\\\/\\\/diariotextual.com\\\/inicio\\\/wp-content\\\/uploads\\\/2023\\\/05\\\/logotextual1.jpg\",\"contentUrl\":\"https:\\\/\\\/diariotextual.com\\\/inicio\\\/wp-content\\\/uploads\\\/2023\\\/05\\\/logotextual1.jpg\",\"width\":516,\"height\":76,\"caption\":\"Diario Textual\"},\"image\":{\"@id\":\"https:\\\/\\\/diariotextual.com\\\/inicio\\\/#\\\/schema\\\/logo\\\/image\\\/\"},\"sameAs\":[\"https:\\\/\\\/www.facebook.com\\\/eltextual\",\"https:\\\/\\\/x.com\\\/eltextual\",\"http:\\\/\\\/www.instagram.com\\\/eltextual\"]},{\"@type\":\"Person\",\"@id\":\"https:\\\/\\\/diariotextual.com\\\/inicio\\\/#\\\/schema\\\/person\\\/418fc4093c33e86ed41562db3508f958\",\"name\":\"Diario1 Diario1\",\"image\":{\"@type\":\"ImageObject\",\"inLanguage\":\"es\",\"@id\":\"https:\\\/\\\/secure.gravatar.com\\\/avatar\\\/9167d280179c85bc18be67aa7eda765854300033af4896dd779b608640f2ef7a?s=96&d=mm&r=g\",\"url\":\"https:\\\/\\\/secure.gravatar.com\\\/avatar\\\/9167d280179c85bc18be67aa7eda765854300033af4896dd779b608640f2ef7a?s=96&d=mm&r=g\",\"contentUrl\":\"https:\\\/\\\/secure.gravatar.com\\\/avatar\\\/9167d280179c85bc18be67aa7eda765854300033af4896dd779b608640f2ef7a?s=96&d=mm&r=g\",\"caption\":\"Diario1 Diario1\"},\"url\":\"https:\\\/\\\/diariotextual.com\\\/inicio\\\/index.php\\\/author\\\/diario1\\\/\"}]}<\/script>\n<!-- \/ Yoast SEO plugin. -->","yoast_head_json":{"title":"Buscan que La Pampa se posicione como productora de la industria del c\u00e1\u00f1amo - Diario Textual","robots":{"index":"index","follow":"follow","max-snippet":"max-snippet:-1","max-image-preview":"max-image-preview:large","max-video-preview":"max-video-preview:-1"},"canonical":"https:\/\/diariotextual.com\/inicio\/index.php\/2023\/08\/12\/buscan-que-la-pampa-se-posicione-como-productora-de-la-industria-del-canamo\/","og_locale":"es_ES","og_type":"article","og_title":"Buscan que La Pampa se posicione como productora de la industria del c\u00e1\u00f1amo - Diario Textual","og_description":"La Agencia Pampeana de Ciencias, Tecnolog\u00edas e Innovaci\u00f3n Abierta (CITIA) y el Consejo Federal de Inversiones (CFI) firmaron un contrato de obra cuyo objetivo es analizar y promover el posicionamiento&hellip;","og_url":"https:\/\/diariotextual.com\/inicio\/index.php\/2023\/08\/12\/buscan-que-la-pampa-se-posicione-como-productora-de-la-industria-del-canamo\/","og_site_name":"Diario Textual","article_publisher":"https:\/\/www.facebook.com\/eltextual","article_published_time":"2023-08-12T14:06:10+00:00","article_modified_time":"2023-08-13T09:00:12+00:00","og_image":[{"width":1030,"height":686,"url":"https:\/\/diariotextual.com\/inicio\/wp-content\/uploads\/2023\/08\/canamoindustrialcannabis2023-1.jpg","type":"image\/jpeg"}],"author":"Diario1 Diario1","twitter_card":"summary_large_image","twitter_creator":"@eltextual","twitter_site":"@eltextual","twitter_misc":{"Escrito por":"Diario1 Diario1","Tiempo de lectura":"2 minutos"},"schema":{"@context":"https:\/\/schema.org","@graph":[{"@type":"Article","@id":"https:\/\/diariotextual.com\/inicio\/index.php\/2023\/08\/12\/buscan-que-la-pampa-se-posicione-como-productora-de-la-industria-del-canamo\/#article","isPartOf":{"@id":"https:\/\/diariotextual.com\/inicio\/index.php\/2023\/08\/12\/buscan-que-la-pampa-se-posicione-como-productora-de-la-industria-del-canamo\/"},"author":{"name":"Diario1 Diario1","@id":"https:\/\/diariotextual.com\/inicio\/#\/schema\/person\/418fc4093c33e86ed41562db3508f958"},"headline":"Buscan que La Pampa se posicione como productora de la industria del c\u00e1\u00f1amo","datePublished":"2023-08-12T14:06:10+00:00","dateModified":"2023-08-13T09:00:12+00:00","mainEntityOfPage":{"@id":"https:\/\/diariotextual.com\/inicio\/index.php\/2023\/08\/12\/buscan-que-la-pampa-se-posicione-como-productora-de-la-industria-del-canamo\/"},"wordCount":485,"publisher":{"@id":"https:\/\/diariotextual.com\/inicio\/#organization"},"image":{"@id":"https:\/\/diariotextual.com\/inicio\/index.php\/2023\/08\/12\/buscan-que-la-pampa-se-posicione-como-productora-de-la-industria-del-canamo\/#primaryimage"},"thumbnailUrl":"https:\/\/diariotextual.com\/inicio\/wp-content\/uploads\/2023\/08\/canamoindustrialcannabis2023-1.jpg","articleSection":["A - ES NOTICIA (van abajo)","CAMPO"],"inLanguage":"es"},{"@type":"WebPage","@id":"https:\/\/diariotextual.com\/inicio\/index.php\/2023\/08\/12\/buscan-que-la-pampa-se-posicione-como-productora-de-la-industria-del-canamo\/","url":"https:\/\/diariotextual.com\/inicio\/index.php\/2023\/08\/12\/buscan-que-la-pampa-se-posicione-como-productora-de-la-industria-del-canamo\/","name":"Buscan que La Pampa se posicione como productora de la industria del c\u00e1\u00f1amo - Diario Textual","isPartOf":{"@id":"https:\/\/diariotextual.com\/inicio\/#website"},"primaryImageOfPage":{"@id":"https:\/\/diariotextual.com\/inicio\/index.php\/2023\/08\/12\/buscan-que-la-pampa-se-posicione-como-productora-de-la-industria-del-canamo\/#primaryimage"},"image":{"@id":"https:\/\/diariotextual.com\/inicio\/index.php\/2023\/08\/12\/buscan-que-la-pampa-se-posicione-como-productora-de-la-industria-del-canamo\/#primaryimage"},"thumbnailUrl":"https:\/\/diariotextual.com\/inicio\/wp-content\/uploads\/2023\/08\/canamoindustrialcannabis2023-1.jpg","datePublished":"2023-08-12T14:06:10+00:00","dateModified":"2023-08-13T09:00:12+00:00","breadcrumb":{"@id":"https:\/\/diariotextual.com\/inicio\/index.php\/2023\/08\/12\/buscan-que-la-pampa-se-posicione-como-productora-de-la-industria-del-canamo\/#breadcrumb"},"inLanguage":"es","potentialAction":[{"@type":"ReadAction","target":["https:\/\/diariotextual.com\/inicio\/index.php\/2023\/08\/12\/buscan-que-la-pampa-se-posicione-como-productora-de-la-industria-del-canamo\/"]}]},{"@type":"ImageObject","inLanguage":"es","@id":"https:\/\/diariotextual.com\/inicio\/index.php\/2023\/08\/12\/buscan-que-la-pampa-se-posicione-como-productora-de-la-industria-del-canamo\/#primaryimage","url":"https:\/\/diariotextual.com\/inicio\/wp-content\/uploads\/2023\/08\/canamoindustrialcannabis2023-1.jpg","contentUrl":"https:\/\/diariotextual.com\/inicio\/wp-content\/uploads\/2023\/08\/canamoindustrialcannabis2023-1.jpg","width":1030,"height":686},{"@type":"BreadcrumbList","@id":"https:\/\/diariotextual.com\/inicio\/index.php\/2023\/08\/12\/buscan-que-la-pampa-se-posicione-como-productora-de-la-industria-del-canamo\/#breadcrumb","itemListElement":[{"@type":"ListItem","position":1,"name":"Portada","item":"https:\/\/diariotextual.com\/inicio\/"},{"@type":"ListItem","position":2,"name":"Buscan que La Pampa se posicione como productora de la industria del c\u00e1\u00f1amo"}]},{"@type":"WebSite","@id":"https:\/\/diariotextual.com\/inicio\/#website","url":"https:\/\/diariotextual.com\/inicio\/","name":"Diario Textual","description":"","publisher":{"@id":"https:\/\/diariotextual.com\/inicio\/#organization"},"potentialAction":[{"@type":"SearchAction","target":{"@type":"EntryPoint","urlTemplate":"https:\/\/diariotextual.com\/inicio\/?s={search_term_string}"},"query-input":{"@type":"PropertyValueSpecification","valueRequired":true,"valueName":"search_term_string"}}],"inLanguage":"es"},{"@type":"Organization","@id":"https:\/\/diariotextual.com\/inicio\/#organization","name":"Diario Textual","url":"https:\/\/diariotextual.com\/inicio\/","logo":{"@type":"ImageObject","inLanguage":"es","@id":"https:\/\/diariotextual.com\/inicio\/#\/schema\/logo\/image\/","url":"https:\/\/diariotextual.com\/inicio\/wp-content\/uploads\/2023\/05\/logotextual1.jpg","contentUrl":"https:\/\/diariotextual.com\/inicio\/wp-content\/uploads\/2023\/05\/logotextual1.jpg","width":516,"height":76,"caption":"Diario Textual"},"image":{"@id":"https:\/\/diariotextual.com\/inicio\/#\/schema\/logo\/image\/"},"sameAs":["https:\/\/www.facebook.com\/eltextual","https:\/\/x.com\/eltextual","http:\/\/www.instagram.com\/eltextual"]},{"@type":"Person","@id":"https:\/\/diariotextual.com\/inicio\/#\/schema\/person\/418fc4093c33e86ed41562db3508f958","name":"Diario1 Diario1","image":{"@type":"ImageObject","inLanguage":"es","@id":"https:\/\/secure.gravatar.com\/avatar\/9167d280179c85bc18be67aa7eda765854300033af4896dd779b608640f2ef7a?s=96&d=mm&r=g","url":"https:\/\/secure.gravatar.com\/avatar\/9167d280179c85bc18be67aa7eda765854300033af4896dd779b608640f2ef7a?s=96&d=mm&r=g","contentUrl":"https:\/\/secure.gravatar.com\/avatar\/9167d280179c85bc18be67aa7eda765854300033af4896dd779b608640f2ef7a?s=96&d=mm&r=g","caption":"Diario1 Diario1"},"url":"https:\/\/diariotextual.com\/inicio\/index.php\/author\/diario1\/"}]}},"_links":{"self":[{"href":"https:\/\/diariotextual.com\/inicio\/index.php\/wp-json\/wp\/v2\/posts\/233718","targetHints":{"allow":["GET"]}}],"collection":[{"href":"https:\/\/diariotextual.com\/inicio\/index.php\/wp-json\/wp\/v2\/posts"}],"about":[{"href":"https:\/\/diariotextual.com\/inicio\/index.php\/wp-json\/wp\/v2\/types\/post"}],"author":[{"embeddable":true,"href":"https:\/\/diariotextual.com\/inicio\/index.php\/wp-json\/wp\/v2\/users\/3"}],"replies":[{"embeddable":true,"href":"https:\/\/diariotextual.com\/inicio\/index.php\/wp-json\/wp\/v2\/comments?post=233718"}],"version-history":[{"count":2,"href":"https:\/\/diariotextual.com\/inicio\/index.php\/wp-json\/wp\/v2\/posts\/233718\/revisions"}],"predecessor-version":[{"id":233722,"href":"https:\/\/diariotextual.com\/inicio\/index.php\/wp-json\/wp\/v2\/posts\/233718\/revisions\/233722"}],"wp:featuredmedia":[{"embeddable":true,"href":"https:\/\/diariotextual.com\/inicio\/index.php\/wp-json\/wp\/v2\/media\/233719"}],"wp:attachment":[{"href":"https:\/\/diariotextual.com\/inicio\/index.php\/wp-json\/wp\/v2\/media?parent=233718"}],"wp:term":[{"taxonomy":"category","embeddable":true,"href":"https:\/\/diariotextual.com\/inicio\/index.php\/wp-json\/wp\/v2\/categories?post=233718"},{"taxonomy":"post_tag","embeddable":true,"href":"https:\/\/diariotextual.com\/inicio\/index.php\/wp-json\/wp\/v2\/tags?post=233718"}],"curies":[{"name":"wp","href":"https:\/\/api.w.org\/{rel}","templated":true}]}}