{"id":233747,"date":"2023-08-12T16:08:24","date_gmt":"2023-08-12T19:08:24","guid":{"rendered":"https:\/\/diariotextual.com\/inicio\/?p=233747"},"modified":"2023-08-13T05:59:45","modified_gmt":"2023-08-13T08:59:45","slug":"en-25-de-mayo-decomisaron-un-cargamento-un-millon-y-medio-de-asado","status":"publish","type":"post","link":"https:\/\/diariotextual.com\/inicio\/index.php\/2023\/08\/12\/en-25-de-mayo-decomisaron-un-cargamento-un-millon-y-medio-de-asado\/","title":{"rendered":"En 25 de Mayo decomisaron un cargamento de asado valuado en un mill\u00f3n y medio de pesos"},"content":{"rendered":"\n<p class=\"wp-block-paragraph\">En el puesto de control de la <strong>Barrera Zoofitosanitaria Patag\u00f3nica<\/strong>, ubicada en 25 de Mayo (La Pampa), agentes del Servicio Nacional de Sanidad y Calidad Agroalimentaria (Senasa) decomisaron <strong>355 kilogramos de carne bovina con hueso<\/strong> que eran transportados de manera irregular en un veh\u00edculo no habilitado.<\/p>\n\n\n\n<p class=\"wp-block-paragraph\">Quien conduc\u00eda el autom\u00f3vil intent\u00f3 pasar por el puesto sin ser inspeccionado, en una maniobra que puso en peligro al agente del Senasa que se encontraba en el lugar, comunic\u00f3 el organismo. Por esta raz\u00f3n, se dio aviso a la Polic\u00eda, que procedi\u00f3 a detenerlo. De acuerdo a los datos recabados, se dirig\u00eda desde 25 de Mayo hacia Catriel, en R\u00edo Negro, y ya contaba con un antecedente en este tipo de infracci\u00f3n.<\/p>\n\n\n\n<p class=\"wp-block-paragraph\">Desde hace a\u00f1os que no se permite el paso de asado con hueso hacia el sur del r\u00edo Colorado porque, argumenta el Senasa, hay riesgo de contagio de fiebre aftosa (algo que el Gobierno pampeano considera un riesgo m\u00ednimo). Por eso hay particulares que intentan pasarlo en forma irregular, con el fin de venderlo en R\u00edo Negro y Neuqu\u00e9n.<\/p>\n\n\n\n<p class=\"wp-block-paragraph\"><strong>En La Pampa, mientras en los frigor\u00edficos el kilo tiene un costo promedio de unos 2 mil pesos, en las carnicer\u00edas de Neuqu\u00e9n y R\u00edo Negro se puede vender hasta en 4 mil pesos.<\/strong><\/p>\n\n\n\n<p class=\"wp-block-paragraph\"><strong>La mercader\u00eda<\/strong>, de ingreso prohibido a la regi\u00f3n libre de fiebre aftosa sin vacunaci\u00f3n,&nbsp;<strong>era llevada en el ba\u00fal y el asiento trasero del auto, sin cumplir con ninguna de las condiciones higi\u00e9nico-sanitarias que aseguren su inocuidad para el consumo<\/strong>. En especial, al tratarse de carne, el Senasa remarc\u00f3 el&nbsp;<strong>riesgo que implica su transporte sin conservar la cadena de fr\u00edo.<\/strong><\/p>\n\n\n\n<p class=\"wp-block-paragraph\"><\/p>\n","protected":false},"excerpt":{"rendered":"<p>En el puesto de control de la Barrera Zoofitosanitaria Patag\u00f3nica, ubicada en 25 de Mayo (La Pampa), agentes del Servicio Nacional de Sanidad y Calidad Agroalimentaria (Senasa) decomisaron 355 kilogramos&hellip;<\/p>\n","protected":false},"author":3,"featured_media":233751,"comment_status":"closed","ping_status":"open","sticky":false,"template":"","format":"standard","meta":{"_acf_changed":false,"footnotes":""},"categories":[1,20],"tags":[],"class_list":["post-233747","post","type-post","status-publish","format-standard","has-post-thumbnail","hentry","category-es-noticia","category-campo"],"acf":[],"yoast_head":"<!-- This site is optimized with the Yoast SEO plugin v28.4 - https:\/\/yoast.com\/product\/yoast-seo-wordpress\/ -->\n<title>En 25 de Mayo decomisaron un cargamento de asado valuado en un mill\u00f3n y medio de pesos - Diario Textual<\/title>\n<meta name=\"robots\" content=\"index, follow, max-snippet:-1, max-image-preview:large, max-video-preview:-1\" \/>\n<link rel=\"canonical\" href=\"https:\/\/diariotextual.com\/inicio\/index.php\/2023\/08\/12\/en-25-de-mayo-decomisaron-un-cargamento-un-millon-y-medio-de-asado\/\" \/>\n<meta property=\"og:locale\" content=\"es_ES\" \/>\n<meta property=\"og:type\" content=\"article\" \/>\n<meta property=\"og:title\" content=\"En 25 de Mayo decomisaron un cargamento de asado valuado en un mill\u00f3n y medio de pesos - Diario Textual\" \/>\n<meta property=\"og:description\" content=\"En el puesto de control de la Barrera Zoofitosanitaria Patag\u00f3nica, ubicada en 25 de Mayo (La Pampa), agentes del Servicio Nacional de Sanidad y Calidad Agroalimentaria (Senasa) decomisaron 355 kilogramos&hellip;\" \/>\n<meta property=\"og:url\" content=\"https:\/\/diariotextual.com\/inicio\/index.php\/2023\/08\/12\/en-25-de-mayo-decomisaron-un-cargamento-un-millon-y-medio-de-asado\/\" \/>\n<meta property=\"og:site_name\" content=\"Diario Textual\" \/>\n<meta property=\"article:publisher\" content=\"https:\/\/www.facebook.com\/eltextual\" \/>\n<meta property=\"article:published_time\" content=\"2023-08-12T19:08:24+00:00\" \/>\n<meta property=\"article:modified_time\" content=\"2023-08-13T08:59:45+00:00\" \/>\n<meta property=\"og:image\" content=\"https:\/\/diariotextual.com\/inicio\/wp-content\/uploads\/2023\/08\/asadodecomisado25demayo2023-1.jpg\" \/>\n\t<meta property=\"og:image:width\" content=\"959\" \/>\n\t<meta property=\"og:image:height\" content=\"515\" \/>\n\t<meta property=\"og:image:type\" content=\"image\/jpeg\" \/>\n<meta name=\"author\" content=\"Diario1 Diario1\" \/>\n<meta name=\"twitter:card\" content=\"summary_large_image\" \/>\n<meta name=\"twitter:creator\" content=\"@eltextual\" \/>\n<meta name=\"twitter:site\" content=\"@eltextual\" \/>\n<meta name=\"twitter:label1\" content=\"Escrito por\" \/>\n\t<meta name=\"twitter:data1\" content=\"Diario1 Diario1\" \/>\n\t<meta name=\"twitter:label2\" content=\"Tiempo de lectura\" \/>\n\t<meta name=\"twitter:data2\" content=\"2 minutos\" \/>\n<script type=\"application\/ld+json\" class=\"yoast-schema-graph\">{\"@context\":\"https:\\\/\\\/schema.org\",\"@graph\":[{\"@type\":\"Article\",\"@id\":\"https:\\\/\\\/diariotextual.com\\\/inicio\\\/index.php\\\/2023\\\/08\\\/12\\\/en-25-de-mayo-decomisaron-un-cargamento-un-millon-y-medio-de-asado\\\/#article\",\"isPartOf\":{\"@id\":\"https:\\\/\\\/diariotextual.com\\\/inicio\\\/index.php\\\/2023\\\/08\\\/12\\\/en-25-de-mayo-decomisaron-un-cargamento-un-millon-y-medio-de-asado\\\/\"},\"author\":{\"name\":\"Diario1 Diario1\",\"@id\":\"https:\\\/\\\/diariotextual.com\\\/inicio\\\/#\\\/schema\\\/person\\\/418fc4093c33e86ed41562db3508f958\"},\"headline\":\"En 25 de Mayo decomisaron un cargamento de asado valuado en un mill\u00f3n y medio de pesos\",\"datePublished\":\"2023-08-12T19:08:24+00:00\",\"dateModified\":\"2023-08-13T08:59:45+00:00\",\"mainEntityOfPage\":{\"@id\":\"https:\\\/\\\/diariotextual.com\\\/inicio\\\/index.php\\\/2023\\\/08\\\/12\\\/en-25-de-mayo-decomisaron-un-cargamento-un-millon-y-medio-de-asado\\\/\"},\"wordCount\":311,\"publisher\":{\"@id\":\"https:\\\/\\\/diariotextual.com\\\/inicio\\\/#organization\"},\"image\":{\"@id\":\"https:\\\/\\\/diariotextual.com\\\/inicio\\\/index.php\\\/2023\\\/08\\\/12\\\/en-25-de-mayo-decomisaron-un-cargamento-un-millon-y-medio-de-asado\\\/#primaryimage\"},\"thumbnailUrl\":\"https:\\\/\\\/diariotextual.com\\\/inicio\\\/wp-content\\\/uploads\\\/2023\\\/08\\\/asadodecomisado25demayo2023-1.jpg\",\"articleSection\":[\"A - ES NOTICIA (van abajo)\",\"CAMPO\"],\"inLanguage\":\"es\"},{\"@type\":\"WebPage\",\"@id\":\"https:\\\/\\\/diariotextual.com\\\/inicio\\\/index.php\\\/2023\\\/08\\\/12\\\/en-25-de-mayo-decomisaron-un-cargamento-un-millon-y-medio-de-asado\\\/\",\"url\":\"https:\\\/\\\/diariotextual.com\\\/inicio\\\/index.php\\\/2023\\\/08\\\/12\\\/en-25-de-mayo-decomisaron-un-cargamento-un-millon-y-medio-de-asado\\\/\",\"name\":\"En 25 de Mayo decomisaron un cargamento de asado valuado en un mill\u00f3n y medio de pesos - Diario Textual\",\"isPartOf\":{\"@id\":\"https:\\\/\\\/diariotextual.com\\\/inicio\\\/#website\"},\"primaryImageOfPage\":{\"@id\":\"https:\\\/\\\/diariotextual.com\\\/inicio\\\/index.php\\\/2023\\\/08\\\/12\\\/en-25-de-mayo-decomisaron-un-cargamento-un-millon-y-medio-de-asado\\\/#primaryimage\"},\"image\":{\"@id\":\"https:\\\/\\\/diariotextual.com\\\/inicio\\\/index.php\\\/2023\\\/08\\\/12\\\/en-25-de-mayo-decomisaron-un-cargamento-un-millon-y-medio-de-asado\\\/#primaryimage\"},\"thumbnailUrl\":\"https:\\\/\\\/diariotextual.com\\\/inicio\\\/wp-content\\\/uploads\\\/2023\\\/08\\\/asadodecomisado25demayo2023-1.jpg\",\"datePublished\":\"2023-08-12T19:08:24+00:00\",\"dateModified\":\"2023-08-13T08:59:45+00:00\",\"breadcrumb\":{\"@id\":\"https:\\\/\\\/diariotextual.com\\\/inicio\\\/index.php\\\/2023\\\/08\\\/12\\\/en-25-de-mayo-decomisaron-un-cargamento-un-millon-y-medio-de-asado\\\/#breadcrumb\"},\"inLanguage\":\"es\",\"potentialAction\":[{\"@type\":\"ReadAction\",\"target\":[\"https:\\\/\\\/diariotextual.com\\\/inicio\\\/index.php\\\/2023\\\/08\\\/12\\\/en-25-de-mayo-decomisaron-un-cargamento-un-millon-y-medio-de-asado\\\/\"]}]},{\"@type\":\"ImageObject\",\"inLanguage\":\"es\",\"@id\":\"https:\\\/\\\/diariotextual.com\\\/inicio\\\/index.php\\\/2023\\\/08\\\/12\\\/en-25-de-mayo-decomisaron-un-cargamento-un-millon-y-medio-de-asado\\\/#primaryimage\",\"url\":\"https:\\\/\\\/diariotextual.com\\\/inicio\\\/wp-content\\\/uploads\\\/2023\\\/08\\\/asadodecomisado25demayo2023-1.jpg\",\"contentUrl\":\"https:\\\/\\\/diariotextual.com\\\/inicio\\\/wp-content\\\/uploads\\\/2023\\\/08\\\/asadodecomisado25demayo2023-1.jpg\",\"width\":959,\"height\":515},{\"@type\":\"BreadcrumbList\",\"@id\":\"https:\\\/\\\/diariotextual.com\\\/inicio\\\/index.php\\\/2023\\\/08\\\/12\\\/en-25-de-mayo-decomisaron-un-cargamento-un-millon-y-medio-de-asado\\\/#breadcrumb\",\"itemListElement\":[{\"@type\":\"ListItem\",\"position\":1,\"name\":\"Portada\",\"item\":\"https:\\\/\\\/diariotextual.com\\\/inicio\\\/\"},{\"@type\":\"ListItem\",\"position\":2,\"name\":\"En 25 de Mayo decomisaron un cargamento de asado valuado en un mill\u00f3n y medio de pesos\"}]},{\"@type\":\"WebSite\",\"@id\":\"https:\\\/\\\/diariotextual.com\\\/inicio\\\/#website\",\"url\":\"https:\\\/\\\/diariotextual.com\\\/inicio\\\/\",\"name\":\"Diario Textual\",\"description\":\"\",\"publisher\":{\"@id\":\"https:\\\/\\\/diariotextual.com\\\/inicio\\\/#organization\"},\"potentialAction\":[{\"@type\":\"SearchAction\",\"target\":{\"@type\":\"EntryPoint\",\"urlTemplate\":\"https:\\\/\\\/diariotextual.com\\\/inicio\\\/?s={search_term_string}\"},\"query-input\":{\"@type\":\"PropertyValueSpecification\",\"valueRequired\":true,\"valueName\":\"search_term_string\"}}],\"inLanguage\":\"es\"},{\"@type\":\"Organization\",\"@id\":\"https:\\\/\\\/diariotextual.com\\\/inicio\\\/#organization\",\"name\":\"Diario Textual\",\"url\":\"https:\\\/\\\/diariotextual.com\\\/inicio\\\/\",\"logo\":{\"@type\":\"ImageObject\",\"inLanguage\":\"es\",\"@id\":\"https:\\\/\\\/diariotextual.com\\\/inicio\\\/#\\\/schema\\\/logo\\\/image\\\/\",\"url\":\"https:\\\/\\\/diariotextual.com\\\/inicio\\\/wp-content\\\/uploads\\\/2023\\\/05\\\/logotextual1.jpg\",\"contentUrl\":\"https:\\\/\\\/diariotextual.com\\\/inicio\\\/wp-content\\\/uploads\\\/2023\\\/05\\\/logotextual1.jpg\",\"width\":516,\"height\":76,\"caption\":\"Diario Textual\"},\"image\":{\"@id\":\"https:\\\/\\\/diariotextual.com\\\/inicio\\\/#\\\/schema\\\/logo\\\/image\\\/\"},\"sameAs\":[\"https:\\\/\\\/www.facebook.com\\\/eltextual\",\"https:\\\/\\\/x.com\\\/eltextual\",\"http:\\\/\\\/www.instagram.com\\\/eltextual\"]},{\"@type\":\"Person\",\"@id\":\"https:\\\/\\\/diariotextual.com\\\/inicio\\\/#\\\/schema\\\/person\\\/418fc4093c33e86ed41562db3508f958\",\"name\":\"Diario1 Diario1\",\"image\":{\"@type\":\"ImageObject\",\"inLanguage\":\"es\",\"@id\":\"https:\\\/\\\/secure.gravatar.com\\\/avatar\\\/9167d280179c85bc18be67aa7eda765854300033af4896dd779b608640f2ef7a?s=96&d=mm&r=g\",\"url\":\"https:\\\/\\\/secure.gravatar.com\\\/avatar\\\/9167d280179c85bc18be67aa7eda765854300033af4896dd779b608640f2ef7a?s=96&d=mm&r=g\",\"contentUrl\":\"https:\\\/\\\/secure.gravatar.com\\\/avatar\\\/9167d280179c85bc18be67aa7eda765854300033af4896dd779b608640f2ef7a?s=96&d=mm&r=g\",\"caption\":\"Diario1 Diario1\"},\"url\":\"https:\\\/\\\/diariotextual.com\\\/inicio\\\/index.php\\\/author\\\/diario1\\\/\"}]}<\/script>\n<!-- \/ Yoast SEO plugin. -->","yoast_head_json":{"title":"En 25 de Mayo decomisaron un cargamento de asado valuado en un mill\u00f3n y medio de pesos - Diario Textual","robots":{"index":"index","follow":"follow","max-snippet":"max-snippet:-1","max-image-preview":"max-image-preview:large","max-video-preview":"max-video-preview:-1"},"canonical":"https:\/\/diariotextual.com\/inicio\/index.php\/2023\/08\/12\/en-25-de-mayo-decomisaron-un-cargamento-un-millon-y-medio-de-asado\/","og_locale":"es_ES","og_type":"article","og_title":"En 25 de Mayo decomisaron un cargamento de asado valuado en un mill\u00f3n y medio de pesos - Diario Textual","og_description":"En el puesto de control de la Barrera Zoofitosanitaria Patag\u00f3nica, ubicada en 25 de Mayo (La Pampa), agentes del Servicio Nacional de Sanidad y Calidad Agroalimentaria (Senasa) decomisaron 355 kilogramos&hellip;","og_url":"https:\/\/diariotextual.com\/inicio\/index.php\/2023\/08\/12\/en-25-de-mayo-decomisaron-un-cargamento-un-millon-y-medio-de-asado\/","og_site_name":"Diario Textual","article_publisher":"https:\/\/www.facebook.com\/eltextual","article_published_time":"2023-08-12T19:08:24+00:00","article_modified_time":"2023-08-13T08:59:45+00:00","og_image":[{"width":959,"height":515,"url":"https:\/\/diariotextual.com\/inicio\/wp-content\/uploads\/2023\/08\/asadodecomisado25demayo2023-1.jpg","type":"image\/jpeg"}],"author":"Diario1 Diario1","twitter_card":"summary_large_image","twitter_creator":"@eltextual","twitter_site":"@eltextual","twitter_misc":{"Escrito por":"Diario1 Diario1","Tiempo de lectura":"2 minutos"},"schema":{"@context":"https:\/\/schema.org","@graph":[{"@type":"Article","@id":"https:\/\/diariotextual.com\/inicio\/index.php\/2023\/08\/12\/en-25-de-mayo-decomisaron-un-cargamento-un-millon-y-medio-de-asado\/#article","isPartOf":{"@id":"https:\/\/diariotextual.com\/inicio\/index.php\/2023\/08\/12\/en-25-de-mayo-decomisaron-un-cargamento-un-millon-y-medio-de-asado\/"},"author":{"name":"Diario1 Diario1","@id":"https:\/\/diariotextual.com\/inicio\/#\/schema\/person\/418fc4093c33e86ed41562db3508f958"},"headline":"En 25 de Mayo decomisaron un cargamento de asado valuado en un mill\u00f3n y medio de pesos","datePublished":"2023-08-12T19:08:24+00:00","dateModified":"2023-08-13T08:59:45+00:00","mainEntityOfPage":{"@id":"https:\/\/diariotextual.com\/inicio\/index.php\/2023\/08\/12\/en-25-de-mayo-decomisaron-un-cargamento-un-millon-y-medio-de-asado\/"},"wordCount":311,"publisher":{"@id":"https:\/\/diariotextual.com\/inicio\/#organization"},"image":{"@id":"https:\/\/diariotextual.com\/inicio\/index.php\/2023\/08\/12\/en-25-de-mayo-decomisaron-un-cargamento-un-millon-y-medio-de-asado\/#primaryimage"},"thumbnailUrl":"https:\/\/diariotextual.com\/inicio\/wp-content\/uploads\/2023\/08\/asadodecomisado25demayo2023-1.jpg","articleSection":["A - ES NOTICIA (van abajo)","CAMPO"],"inLanguage":"es"},{"@type":"WebPage","@id":"https:\/\/diariotextual.com\/inicio\/index.php\/2023\/08\/12\/en-25-de-mayo-decomisaron-un-cargamento-un-millon-y-medio-de-asado\/","url":"https:\/\/diariotextual.com\/inicio\/index.php\/2023\/08\/12\/en-25-de-mayo-decomisaron-un-cargamento-un-millon-y-medio-de-asado\/","name":"En 25 de Mayo decomisaron un cargamento de asado valuado en un mill\u00f3n y medio de pesos - Diario Textual","isPartOf":{"@id":"https:\/\/diariotextual.com\/inicio\/#website"},"primaryImageOfPage":{"@id":"https:\/\/diariotextual.com\/inicio\/index.php\/2023\/08\/12\/en-25-de-mayo-decomisaron-un-cargamento-un-millon-y-medio-de-asado\/#primaryimage"},"image":{"@id":"https:\/\/diariotextual.com\/inicio\/index.php\/2023\/08\/12\/en-25-de-mayo-decomisaron-un-cargamento-un-millon-y-medio-de-asado\/#primaryimage"},"thumbnailUrl":"https:\/\/diariotextual.com\/inicio\/wp-content\/uploads\/2023\/08\/asadodecomisado25demayo2023-1.jpg","datePublished":"2023-08-12T19:08:24+00:00","dateModified":"2023-08-13T08:59:45+00:00","breadcrumb":{"@id":"https:\/\/diariotextual.com\/inicio\/index.php\/2023\/08\/12\/en-25-de-mayo-decomisaron-un-cargamento-un-millon-y-medio-de-asado\/#breadcrumb"},"inLanguage":"es","potentialAction":[{"@type":"ReadAction","target":["https:\/\/diariotextual.com\/inicio\/index.php\/2023\/08\/12\/en-25-de-mayo-decomisaron-un-cargamento-un-millon-y-medio-de-asado\/"]}]},{"@type":"ImageObject","inLanguage":"es","@id":"https:\/\/diariotextual.com\/inicio\/index.php\/2023\/08\/12\/en-25-de-mayo-decomisaron-un-cargamento-un-millon-y-medio-de-asado\/#primaryimage","url":"https:\/\/diariotextual.com\/inicio\/wp-content\/uploads\/2023\/08\/asadodecomisado25demayo2023-1.jpg","contentUrl":"https:\/\/diariotextual.com\/inicio\/wp-content\/uploads\/2023\/08\/asadodecomisado25demayo2023-1.jpg","width":959,"height":515},{"@type":"BreadcrumbList","@id":"https:\/\/diariotextual.com\/inicio\/index.php\/2023\/08\/12\/en-25-de-mayo-decomisaron-un-cargamento-un-millon-y-medio-de-asado\/#breadcrumb","itemListElement":[{"@type":"ListItem","position":1,"name":"Portada","item":"https:\/\/diariotextual.com\/inicio\/"},{"@type":"ListItem","position":2,"name":"En 25 de Mayo decomisaron un cargamento de asado valuado en un mill\u00f3n y medio de pesos"}]},{"@type":"WebSite","@id":"https:\/\/diariotextual.com\/inicio\/#website","url":"https:\/\/diariotextual.com\/inicio\/","name":"Diario Textual","description":"","publisher":{"@id":"https:\/\/diariotextual.com\/inicio\/#organization"},"potentialAction":[{"@type":"SearchAction","target":{"@type":"EntryPoint","urlTemplate":"https:\/\/diariotextual.com\/inicio\/?s={search_term_string}"},"query-input":{"@type":"PropertyValueSpecification","valueRequired":true,"valueName":"search_term_string"}}],"inLanguage":"es"},{"@type":"Organization","@id":"https:\/\/diariotextual.com\/inicio\/#organization","name":"Diario Textual","url":"https:\/\/diariotextual.com\/inicio\/","logo":{"@type":"ImageObject","inLanguage":"es","@id":"https:\/\/diariotextual.com\/inicio\/#\/schema\/logo\/image\/","url":"https:\/\/diariotextual.com\/inicio\/wp-content\/uploads\/2023\/05\/logotextual1.jpg","contentUrl":"https:\/\/diariotextual.com\/inicio\/wp-content\/uploads\/2023\/05\/logotextual1.jpg","width":516,"height":76,"caption":"Diario Textual"},"image":{"@id":"https:\/\/diariotextual.com\/inicio\/#\/schema\/logo\/image\/"},"sameAs":["https:\/\/www.facebook.com\/eltextual","https:\/\/x.com\/eltextual","http:\/\/www.instagram.com\/eltextual"]},{"@type":"Person","@id":"https:\/\/diariotextual.com\/inicio\/#\/schema\/person\/418fc4093c33e86ed41562db3508f958","name":"Diario1 Diario1","image":{"@type":"ImageObject","inLanguage":"es","@id":"https:\/\/secure.gravatar.com\/avatar\/9167d280179c85bc18be67aa7eda765854300033af4896dd779b608640f2ef7a?s=96&d=mm&r=g","url":"https:\/\/secure.gravatar.com\/avatar\/9167d280179c85bc18be67aa7eda765854300033af4896dd779b608640f2ef7a?s=96&d=mm&r=g","contentUrl":"https:\/\/secure.gravatar.com\/avatar\/9167d280179c85bc18be67aa7eda765854300033af4896dd779b608640f2ef7a?s=96&d=mm&r=g","caption":"Diario1 Diario1"},"url":"https:\/\/diariotextual.com\/inicio\/index.php\/author\/diario1\/"}]}},"_links":{"self":[{"href":"https:\/\/diariotextual.com\/inicio\/index.php\/wp-json\/wp\/v2\/posts\/233747","targetHints":{"allow":["GET"]}}],"collection":[{"href":"https:\/\/diariotextual.com\/inicio\/index.php\/wp-json\/wp\/v2\/posts"}],"about":[{"href":"https:\/\/diariotextual.com\/inicio\/index.php\/wp-json\/wp\/v2\/types\/post"}],"author":[{"embeddable":true,"href":"https:\/\/diariotextual.com\/inicio\/index.php\/wp-json\/wp\/v2\/users\/3"}],"replies":[{"embeddable":true,"href":"https:\/\/diariotextual.com\/inicio\/index.php\/wp-json\/wp\/v2\/comments?post=233747"}],"version-history":[{"count":6,"href":"https:\/\/diariotextual.com\/inicio\/index.php\/wp-json\/wp\/v2\/posts\/233747\/revisions"}],"predecessor-version":[{"id":233754,"href":"https:\/\/diariotextual.com\/inicio\/index.php\/wp-json\/wp\/v2\/posts\/233747\/revisions\/233754"}],"wp:featuredmedia":[{"embeddable":true,"href":"https:\/\/diariotextual.com\/inicio\/index.php\/wp-json\/wp\/v2\/media\/233751"}],"wp:attachment":[{"href":"https:\/\/diariotextual.com\/inicio\/index.php\/wp-json\/wp\/v2\/media?parent=233747"}],"wp:term":[{"taxonomy":"category","embeddable":true,"href":"https:\/\/diariotextual.com\/inicio\/index.php\/wp-json\/wp\/v2\/categories?post=233747"},{"taxonomy":"post_tag","embeddable":true,"href":"https:\/\/diariotextual.com\/inicio\/index.php\/wp-json\/wp\/v2\/tags?post=233747"}],"curies":[{"name":"wp","href":"https:\/\/api.w.org\/{rel}","templated":true}]}}