{"id":233879,"date":"2023-08-13T13:30:14","date_gmt":"2023-08-13T16:30:14","guid":{"rendered":"https:\/\/diariotextual.com\/inicio\/?p=233879"},"modified":"2023-08-13T17:43:57","modified_gmt":"2023-08-13T20:43:57","slug":"el-stj-confirmo-la-condena-a-perpetua-por-el-femicidio-de-mirta-fetter","status":"publish","type":"post","link":"https:\/\/diariotextual.com\/inicio\/index.php\/2023\/08\/13\/el-stj-confirmo-la-condena-a-perpetua-por-el-femicidio-de-mirta-fetter\/","title":{"rendered":"El STJ confirm\u00f3 la condena a perpetua por el femicidio de Mirta Fetter"},"content":{"rendered":"\n<p>El Superior Tribunal de Justicia confirm\u00f3 la condena a prisi\u00f3n perpetua de Marcelo Dar\u00edo Ag\u00fcera por el femicidio de Mirta In\u00e9s Fetter, al declarar inadmisible el recurso de casaci\u00f3n presentado por la defensora oficial Silvina Blanco G\u00f3mez. La resoluci\u00f3n fue firmada por los ministros que integran la Sala B, Fabricio Luis Losi y Hugo Oscar D\u00edaz.<\/p>\n\n\n\n<p>Durante el juicio oral hab\u00eda quedado probado que, el 7 de enero del a\u00f1o pasado, el imputado golpe\u00f3 a la v\u00edctima en la cabeza con un objeto contuso, provoc\u00e1ndole un hematoma craneal que la condujo a su muerte cuatro d\u00edas m\u00e1s tarde. El hecho se produjo en una vivienda del barrio Los Hornos, en Toay.<\/p>\n\n\n\n<p>Ag\u00fcera fue hallado culpable de cometer el delito de homicidio calificado por haber sido cometido contra una mujer, mediando violencia de g\u00e9nero. El Tribunal de Impugnaci\u00f3n Penal ratific\u00f3 oportunamente, por mayor\u00eda, la pena a perpetua impuesta por la Audiencia de Juicio de Santa Rosa; por lo que Blanco G\u00f3mez recurri\u00f3 al STJ aduciendo que con el fallo del TIP se afectaron la garant\u00edas del doble conforme y de defensa eficaz, ya que la anterior defensora particular (Camila Aimar) omiti\u00f3 plantear una serie de agravios que ella consider\u00f3 \u201cesenciales\u201d y que, por consiguiente, el TIP no los trat\u00f3.<\/p>\n\n\n\n<p><\/p>\n\n\n\n<figure class=\"wp-block-image size-large\"><img fetchpriority=\"high\" decoding=\"async\" width=\"1024\" height=\"768\" src=\"https:\/\/diariotextual.com\/inicio\/wp-content\/uploads\/2022\/10\/fettermirtajuicioagueraacusado2022-21-1024x768.jpg\" alt=\"\" class=\"wp-image-202781\" srcset=\"https:\/\/diariotextual.com\/inicio\/wp-content\/uploads\/2022\/10\/fettermirtajuicioagueraacusado2022-21-1024x768.jpg 1024w, https:\/\/diariotextual.com\/inicio\/wp-content\/uploads\/2022\/10\/fettermirtajuicioagueraacusado2022-21-300x225.jpg 300w, https:\/\/diariotextual.com\/inicio\/wp-content\/uploads\/2022\/10\/fettermirtajuicioagueraacusado2022-21-768x576.jpg 768w, https:\/\/diariotextual.com\/inicio\/wp-content\/uploads\/2022\/10\/fettermirtajuicioagueraacusado2022-21-1536x1152.jpg 1536w, https:\/\/diariotextual.com\/inicio\/wp-content\/uploads\/2022\/10\/fettermirtajuicioagueraacusado2022-21-1170x878.jpg 1170w, https:\/\/diariotextual.com\/inicio\/wp-content\/uploads\/2022\/10\/fettermirtajuicioagueraacusado2022-21-585x439.jpg 585w, https:\/\/diariotextual.com\/inicio\/wp-content\/uploads\/2022\/10\/fettermirtajuicioagueraacusado2022-21.jpg 1600w\" sizes=\"(max-width: 1024px) 100vw, 1024px\" \/><\/figure>\n\n\n\n<p><\/p>\n\n\n\n<p>Los cuestionamientos principales de la defensa fueron los siguientes: a) no se condijo con las pruebas el hecho de que Fetter fuera golpeada con un objeto contuso mientras estaba de pie en el ba\u00f1o; b) que Ag\u00fcera nunca dijo que Fetter se cay\u00f3 de la cama, sino que se descompens\u00f3 y se cay\u00f3 al piso; c) que la madre de la v\u00edctima, un m\u00e9dico y un enfermero fueron testigos indirectos o de o\u00eddas y que con esos testimonios no puede condenarse a una persona a perpetua, cuando la fiscal\u00eda pudo haber interrogado a Fetter estando internada y no lo hizo; d) que la mujer no muri\u00f3 como consecuencia de un golpe \u2013y por ese motivo fue dada de alta en el hospital Lucio Molas\u2013, sino por una enfermedad preexistente (la insuficiencia hep\u00e1tica cr\u00f3nica tiene como factor predisponerte el resangrado de una herida). Y concluy\u00f3 que no hubo dolo en la conducta del acusado.<\/p>\n\n\n\n<p>Por eso pidi\u00f3 \u2013a partir de considerar que existi\u00f3 una err\u00f3nea valoraci\u00f3n de la prueba durante el juicio oral\u2013 que Ag\u00fcera sea absuelto por el beneficio de la duda y, subsidiariamente, que sea condenado por la figura del homicidio preterintencional que plante\u00f3 el juez del TIP, Filinto Rebechi, en su voto minoritario.<\/p>\n\n\n\n<p><\/p>\n\n\n\n<p>El STJ, al responder al recurso de casaci\u00f3n, asever\u00f3 que \u201cno hubo vulneraci\u00f3n del derecho a defensa como para invalidar la sentencia\u201d; ratific\u00f3 como el TIP \u2013a partir de declaraciones testimoniales\u2013 que los golpes que ten\u00eda Fetter, \u201cpor su distribuci\u00f3n y entidad no se correspond\u00edan a los producidos por una ca\u00edda\u201d; y remarc\u00f3 que la propia v\u00edctima le refiri\u00f3 a varias personas c\u00f3mo fue golpeada.<\/p>\n\n\n\n<p>\u201cLos magistrados revisores examinaron los relatos de la madre de Fetter y un m\u00e9dico, a quienes la v\u00edctima les revel\u00f3 lo que Ag\u00fcera le hab\u00eda hecho; todo lo que permiti\u00f3 establecer que lo expresado inicialmente acerca de que la mujer se hab\u00eda ca\u00eddo de la cama, no se ajust\u00f3 a la realidad de lo sucedido\u201d, a\u00f1adieron Losi y D\u00edaz, al descartar la hip\u00f3tesis del imputado.<\/p>\n\n\n\n<p>El Alto Tribunal sostuvo que Impugnaci\u00f3n \u201cdetermin\u00f3 la certeza de la tesis acusatoria en cuanto a la autor\u00eda de Ag\u00fcera, explicando que el contexto recreado por la totalidad de la prueba, apartaba de manera suficiente la alternativa desincriminatoria planteada por la defensa (\u2026) Esta s\u00edntesis desplaza la pretensi\u00f3n de invalidez, dejando entrever que aun cuando la defensa pueda disentir con la forma o estructura de la presentaci\u00f3n impugnatoria, ello puede corresponder a una posible estrategia, pero no alcanza a individualizar un defecto tal que amerite esa decisi\u00f3n\u201d.<\/p>\n\n\n\n<p>\u201cLo que le interes\u00f3 a la recurrente fue generar una nueva valorizaci\u00f3n de las pruebas que establecieran la secuencia de los hechos (\u2026) y, a partir de esa apreciaci\u00f3n, insistir con la existencia de duda, apoyada en la postura propiciada por el juez Rebechi\u201d, a\u00f1adieron Losi y D\u00edaz.<\/p>\n\n\n\n<p>\u201cEsta Sala \u2013acotaron\u2013 ya ha expresado, a los efectos de dilucidar el objeto del control casatorio, que el tribunal de grado (Audiencia de Juicio) es libre en la valoraci\u00f3n y selecci\u00f3n de las pruebas que han de fundar su convencimiento, y en la determinaci\u00f3n de los hechos que con ellas se demuestren. En consecuencia, por v\u00eda de este recurso no se puede provocar un nuevo examen cr\u00edtico de los medios probatorios que dieron base a la sentencia, puesto que queda excluido de \u00e9l todo lo que se refiera a la valoraci\u00f3n de los elementos de prueba y a la determinaci\u00f3n de los hechos\u201d.<\/p>\n\n\n\n<p>\u201cLo expuesto complementa la doctrina de la Corte Suprema acerca de que las sentencias judiciales deben constituir, como requisito de validez, una derivaci\u00f3n razonada del derecho vigente, conforme a las circunstancias comprobadas de la causa\u201d, resaltaron.<\/p>\n\n\n\n<p>En este caso, la resoluci\u00f3n del TIP satisfizo esas exigencias, ya que \u201cexpuso de manera consistente el tenor de la mayor\u00eda (los votos de la jueza Mar\u00eda Eugenia Schijvarger y el juez Pablo Balaguer), partiendo de la relaci\u00f3n del hecho hist\u00f3rico con precisi\u00f3n de las circunstancias sobre las que se emiti\u00f3 el juicio de valor sustentado en las constancias probatorias; rebatiendo no solo la presencia de la duda vinculada a la autor\u00eda y mec\u00e1nica del suceso, sino tambi\u00e9n la calificaci\u00f3n alternativa construida sobre la falta de demostraci\u00f3n del dolo respectivo y la correspondencia entre la acci\u00f3n del acusado y la causa de la muerte de la v\u00edctima\u201d, concluy\u00f3 el STJ<\/p>\n","protected":false},"excerpt":{"rendered":"<p>El Superior Tribunal de Justicia confirm\u00f3 la condena a prisi\u00f3n perpetua de Marcelo Dar\u00edo Ag\u00fcera por el femicidio de Mirta In\u00e9s Fetter, al declarar inadmisible el recurso de casaci\u00f3n presentado&hellip;<\/p>\n","protected":false},"author":3,"featured_media":176557,"comment_status":"closed","ping_status":"open","sticky":false,"template":"","format":"standard","meta":{"_acf_changed":false,"footnotes":""},"categories":[1,12],"tags":[],"class_list":["post-233879","post","type-post","status-publish","format-standard","has-post-thumbnail","hentry","category-es-noticia","category-sociedad"],"acf":[],"yoast_head":"<!-- This site is optimized with the Yoast SEO plugin v27.5 - https:\/\/yoast.com\/product\/yoast-seo-wordpress\/ -->\n<title>El STJ confirm\u00f3 la condena a perpetua por el femicidio de Mirta Fetter - Diario Textual<\/title>\n<meta name=\"robots\" content=\"index, follow, max-snippet:-1, max-image-preview:large, max-video-preview:-1\" \/>\n<link rel=\"canonical\" href=\"https:\/\/diariotextual.com\/inicio\/index.php\/2023\/08\/13\/el-stj-confirmo-la-condena-a-perpetua-por-el-femicidio-de-mirta-fetter\/\" \/>\n<meta property=\"og:locale\" content=\"es_ES\" \/>\n<meta property=\"og:type\" content=\"article\" \/>\n<meta property=\"og:title\" content=\"El STJ confirm\u00f3 la condena a perpetua por el femicidio de Mirta Fetter - Diario Textual\" \/>\n<meta property=\"og:description\" content=\"El Superior Tribunal de Justicia confirm\u00f3 la condena a prisi\u00f3n perpetua de Marcelo Dar\u00edo Ag\u00fcera por el femicidio de Mirta In\u00e9s Fetter, al declarar inadmisible el recurso de casaci\u00f3n presentado&hellip;\" \/>\n<meta property=\"og:url\" content=\"https:\/\/diariotextual.com\/inicio\/index.php\/2023\/08\/13\/el-stj-confirmo-la-condena-a-perpetua-por-el-femicidio-de-mirta-fetter\/\" \/>\n<meta property=\"og:site_name\" content=\"Diario Textual\" \/>\n<meta property=\"article:publisher\" content=\"https:\/\/www.facebook.com\/eltextual\" \/>\n<meta property=\"article:published_time\" content=\"2023-08-13T16:30:14+00:00\" \/>\n<meta property=\"article:modified_time\" content=\"2023-08-13T20:43:57+00:00\" \/>\n<meta property=\"og:image\" content=\"https:\/\/diariotextual.com\/inicio\/wp-content\/uploads\/2022\/01\/fettermirtacasotextualinesmama2022-2-2.jpg\" \/>\n\t<meta property=\"og:image:width\" content=\"1358\" \/>\n\t<meta property=\"og:image:height\" content=\"815\" \/>\n\t<meta property=\"og:image:type\" content=\"image\/jpeg\" \/>\n<meta name=\"author\" content=\"Diario1 Diario1\" \/>\n<meta name=\"twitter:card\" content=\"summary_large_image\" \/>\n<meta name=\"twitter:creator\" content=\"@eltextual\" \/>\n<meta name=\"twitter:site\" content=\"@eltextual\" \/>\n<meta name=\"twitter:label1\" content=\"Escrito por\" \/>\n\t<meta name=\"twitter:data1\" content=\"Diario1 Diario1\" \/>\n\t<meta name=\"twitter:label2\" content=\"Tiempo de lectura\" \/>\n\t<meta name=\"twitter:data2\" content=\"5 minutos\" \/>\n<script type=\"application\/ld+json\" class=\"yoast-schema-graph\">{\"@context\":\"https:\\\/\\\/schema.org\",\"@graph\":[{\"@type\":\"Article\",\"@id\":\"https:\\\/\\\/diariotextual.com\\\/inicio\\\/index.php\\\/2023\\\/08\\\/13\\\/el-stj-confirmo-la-condena-a-perpetua-por-el-femicidio-de-mirta-fetter\\\/#article\",\"isPartOf\":{\"@id\":\"https:\\\/\\\/diariotextual.com\\\/inicio\\\/index.php\\\/2023\\\/08\\\/13\\\/el-stj-confirmo-la-condena-a-perpetua-por-el-femicidio-de-mirta-fetter\\\/\"},\"author\":{\"name\":\"Diario1 Diario1\",\"@id\":\"https:\\\/\\\/diariotextual.com\\\/inicio\\\/#\\\/schema\\\/person\\\/418fc4093c33e86ed41562db3508f958\"},\"headline\":\"El STJ confirm\u00f3 la condena a perpetua por el femicidio de Mirta Fetter\",\"datePublished\":\"2023-08-13T16:30:14+00:00\",\"dateModified\":\"2023-08-13T20:43:57+00:00\",\"mainEntityOfPage\":{\"@id\":\"https:\\\/\\\/diariotextual.com\\\/inicio\\\/index.php\\\/2023\\\/08\\\/13\\\/el-stj-confirmo-la-condena-a-perpetua-por-el-femicidio-de-mirta-fetter\\\/\"},\"wordCount\":1017,\"publisher\":{\"@id\":\"https:\\\/\\\/diariotextual.com\\\/inicio\\\/#organization\"},\"image\":{\"@id\":\"https:\\\/\\\/diariotextual.com\\\/inicio\\\/index.php\\\/2023\\\/08\\\/13\\\/el-stj-confirmo-la-condena-a-perpetua-por-el-femicidio-de-mirta-fetter\\\/#primaryimage\"},\"thumbnailUrl\":\"https:\\\/\\\/diariotextual.com\\\/inicio\\\/wp-content\\\/uploads\\\/2022\\\/01\\\/fettermirtacasotextualinesmama2022-2-2.jpg\",\"articleSection\":[\"A - ES NOTICIA (van abajo)\",\"SOCIEDAD\"],\"inLanguage\":\"es\"},{\"@type\":\"WebPage\",\"@id\":\"https:\\\/\\\/diariotextual.com\\\/inicio\\\/index.php\\\/2023\\\/08\\\/13\\\/el-stj-confirmo-la-condena-a-perpetua-por-el-femicidio-de-mirta-fetter\\\/\",\"url\":\"https:\\\/\\\/diariotextual.com\\\/inicio\\\/index.php\\\/2023\\\/08\\\/13\\\/el-stj-confirmo-la-condena-a-perpetua-por-el-femicidio-de-mirta-fetter\\\/\",\"name\":\"El STJ confirm\u00f3 la condena a perpetua por el femicidio de Mirta Fetter - Diario Textual\",\"isPartOf\":{\"@id\":\"https:\\\/\\\/diariotextual.com\\\/inicio\\\/#website\"},\"primaryImageOfPage\":{\"@id\":\"https:\\\/\\\/diariotextual.com\\\/inicio\\\/index.php\\\/2023\\\/08\\\/13\\\/el-stj-confirmo-la-condena-a-perpetua-por-el-femicidio-de-mirta-fetter\\\/#primaryimage\"},\"image\":{\"@id\":\"https:\\\/\\\/diariotextual.com\\\/inicio\\\/index.php\\\/2023\\\/08\\\/13\\\/el-stj-confirmo-la-condena-a-perpetua-por-el-femicidio-de-mirta-fetter\\\/#primaryimage\"},\"thumbnailUrl\":\"https:\\\/\\\/diariotextual.com\\\/inicio\\\/wp-content\\\/uploads\\\/2022\\\/01\\\/fettermirtacasotextualinesmama2022-2-2.jpg\",\"datePublished\":\"2023-08-13T16:30:14+00:00\",\"dateModified\":\"2023-08-13T20:43:57+00:00\",\"breadcrumb\":{\"@id\":\"https:\\\/\\\/diariotextual.com\\\/inicio\\\/index.php\\\/2023\\\/08\\\/13\\\/el-stj-confirmo-la-condena-a-perpetua-por-el-femicidio-de-mirta-fetter\\\/#breadcrumb\"},\"inLanguage\":\"es\",\"potentialAction\":[{\"@type\":\"ReadAction\",\"target\":[\"https:\\\/\\\/diariotextual.com\\\/inicio\\\/index.php\\\/2023\\\/08\\\/13\\\/el-stj-confirmo-la-condena-a-perpetua-por-el-femicidio-de-mirta-fetter\\\/\"]}]},{\"@type\":\"ImageObject\",\"inLanguage\":\"es\",\"@id\":\"https:\\\/\\\/diariotextual.com\\\/inicio\\\/index.php\\\/2023\\\/08\\\/13\\\/el-stj-confirmo-la-condena-a-perpetua-por-el-femicidio-de-mirta-fetter\\\/#primaryimage\",\"url\":\"https:\\\/\\\/diariotextual.com\\\/inicio\\\/wp-content\\\/uploads\\\/2022\\\/01\\\/fettermirtacasotextualinesmama2022-2-2.jpg\",\"contentUrl\":\"https:\\\/\\\/diariotextual.com\\\/inicio\\\/wp-content\\\/uploads\\\/2022\\\/01\\\/fettermirtacasotextualinesmama2022-2-2.jpg\",\"width\":1358,\"height\":815},{\"@type\":\"BreadcrumbList\",\"@id\":\"https:\\\/\\\/diariotextual.com\\\/inicio\\\/index.php\\\/2023\\\/08\\\/13\\\/el-stj-confirmo-la-condena-a-perpetua-por-el-femicidio-de-mirta-fetter\\\/#breadcrumb\",\"itemListElement\":[{\"@type\":\"ListItem\",\"position\":1,\"name\":\"Portada\",\"item\":\"https:\\\/\\\/diariotextual.com\\\/inicio\\\/\"},{\"@type\":\"ListItem\",\"position\":2,\"name\":\"El STJ confirm\u00f3 la condena a perpetua por el femicidio de Mirta Fetter\"}]},{\"@type\":\"WebSite\",\"@id\":\"https:\\\/\\\/diariotextual.com\\\/inicio\\\/#website\",\"url\":\"https:\\\/\\\/diariotextual.com\\\/inicio\\\/\",\"name\":\"Diario Textual\",\"description\":\"\",\"publisher\":{\"@id\":\"https:\\\/\\\/diariotextual.com\\\/inicio\\\/#organization\"},\"potentialAction\":[{\"@type\":\"SearchAction\",\"target\":{\"@type\":\"EntryPoint\",\"urlTemplate\":\"https:\\\/\\\/diariotextual.com\\\/inicio\\\/?s={search_term_string}\"},\"query-input\":{\"@type\":\"PropertyValueSpecification\",\"valueRequired\":true,\"valueName\":\"search_term_string\"}}],\"inLanguage\":\"es\"},{\"@type\":\"Organization\",\"@id\":\"https:\\\/\\\/diariotextual.com\\\/inicio\\\/#organization\",\"name\":\"Diario Textual\",\"url\":\"https:\\\/\\\/diariotextual.com\\\/inicio\\\/\",\"logo\":{\"@type\":\"ImageObject\",\"inLanguage\":\"es\",\"@id\":\"https:\\\/\\\/diariotextual.com\\\/inicio\\\/#\\\/schema\\\/logo\\\/image\\\/\",\"url\":\"https:\\\/\\\/diariotextual.com\\\/inicio\\\/wp-content\\\/uploads\\\/2023\\\/05\\\/logotextual1.jpg\",\"contentUrl\":\"https:\\\/\\\/diariotextual.com\\\/inicio\\\/wp-content\\\/uploads\\\/2023\\\/05\\\/logotextual1.jpg\",\"width\":516,\"height\":76,\"caption\":\"Diario Textual\"},\"image\":{\"@id\":\"https:\\\/\\\/diariotextual.com\\\/inicio\\\/#\\\/schema\\\/logo\\\/image\\\/\"},\"sameAs\":[\"https:\\\/\\\/www.facebook.com\\\/eltextual\",\"https:\\\/\\\/x.com\\\/eltextual\",\"http:\\\/\\\/www.instagram.com\\\/eltextual\"]},{\"@type\":\"Person\",\"@id\":\"https:\\\/\\\/diariotextual.com\\\/inicio\\\/#\\\/schema\\\/person\\\/418fc4093c33e86ed41562db3508f958\",\"name\":\"Diario1 Diario1\",\"image\":{\"@type\":\"ImageObject\",\"inLanguage\":\"es\",\"@id\":\"https:\\\/\\\/secure.gravatar.com\\\/avatar\\\/9167d280179c85bc18be67aa7eda765854300033af4896dd779b608640f2ef7a?s=96&d=mm&r=g\",\"url\":\"https:\\\/\\\/secure.gravatar.com\\\/avatar\\\/9167d280179c85bc18be67aa7eda765854300033af4896dd779b608640f2ef7a?s=96&d=mm&r=g\",\"contentUrl\":\"https:\\\/\\\/secure.gravatar.com\\\/avatar\\\/9167d280179c85bc18be67aa7eda765854300033af4896dd779b608640f2ef7a?s=96&d=mm&r=g\",\"caption\":\"Diario1 Diario1\"},\"url\":\"https:\\\/\\\/diariotextual.com\\\/inicio\\\/index.php\\\/author\\\/diario1\\\/\"}]}<\/script>\n<!-- \/ Yoast SEO plugin. -->","yoast_head_json":{"title":"El STJ confirm\u00f3 la condena a perpetua por el femicidio de Mirta Fetter - Diario Textual","robots":{"index":"index","follow":"follow","max-snippet":"max-snippet:-1","max-image-preview":"max-image-preview:large","max-video-preview":"max-video-preview:-1"},"canonical":"https:\/\/diariotextual.com\/inicio\/index.php\/2023\/08\/13\/el-stj-confirmo-la-condena-a-perpetua-por-el-femicidio-de-mirta-fetter\/","og_locale":"es_ES","og_type":"article","og_title":"El STJ confirm\u00f3 la condena a perpetua por el femicidio de Mirta Fetter - Diario Textual","og_description":"El Superior Tribunal de Justicia confirm\u00f3 la condena a prisi\u00f3n perpetua de Marcelo Dar\u00edo Ag\u00fcera por el femicidio de Mirta In\u00e9s Fetter, al declarar inadmisible el recurso de casaci\u00f3n presentado&hellip;","og_url":"https:\/\/diariotextual.com\/inicio\/index.php\/2023\/08\/13\/el-stj-confirmo-la-condena-a-perpetua-por-el-femicidio-de-mirta-fetter\/","og_site_name":"Diario Textual","article_publisher":"https:\/\/www.facebook.com\/eltextual","article_published_time":"2023-08-13T16:30:14+00:00","article_modified_time":"2023-08-13T20:43:57+00:00","og_image":[{"width":1358,"height":815,"url":"https:\/\/diariotextual.com\/inicio\/wp-content\/uploads\/2022\/01\/fettermirtacasotextualinesmama2022-2-2.jpg","type":"image\/jpeg"}],"author":"Diario1 Diario1","twitter_card":"summary_large_image","twitter_creator":"@eltextual","twitter_site":"@eltextual","twitter_misc":{"Escrito por":"Diario1 Diario1","Tiempo de lectura":"5 minutos"},"schema":{"@context":"https:\/\/schema.org","@graph":[{"@type":"Article","@id":"https:\/\/diariotextual.com\/inicio\/index.php\/2023\/08\/13\/el-stj-confirmo-la-condena-a-perpetua-por-el-femicidio-de-mirta-fetter\/#article","isPartOf":{"@id":"https:\/\/diariotextual.com\/inicio\/index.php\/2023\/08\/13\/el-stj-confirmo-la-condena-a-perpetua-por-el-femicidio-de-mirta-fetter\/"},"author":{"name":"Diario1 Diario1","@id":"https:\/\/diariotextual.com\/inicio\/#\/schema\/person\/418fc4093c33e86ed41562db3508f958"},"headline":"El STJ confirm\u00f3 la condena a perpetua por el femicidio de Mirta Fetter","datePublished":"2023-08-13T16:30:14+00:00","dateModified":"2023-08-13T20:43:57+00:00","mainEntityOfPage":{"@id":"https:\/\/diariotextual.com\/inicio\/index.php\/2023\/08\/13\/el-stj-confirmo-la-condena-a-perpetua-por-el-femicidio-de-mirta-fetter\/"},"wordCount":1017,"publisher":{"@id":"https:\/\/diariotextual.com\/inicio\/#organization"},"image":{"@id":"https:\/\/diariotextual.com\/inicio\/index.php\/2023\/08\/13\/el-stj-confirmo-la-condena-a-perpetua-por-el-femicidio-de-mirta-fetter\/#primaryimage"},"thumbnailUrl":"https:\/\/diariotextual.com\/inicio\/wp-content\/uploads\/2022\/01\/fettermirtacasotextualinesmama2022-2-2.jpg","articleSection":["A - ES NOTICIA (van abajo)","SOCIEDAD"],"inLanguage":"es"},{"@type":"WebPage","@id":"https:\/\/diariotextual.com\/inicio\/index.php\/2023\/08\/13\/el-stj-confirmo-la-condena-a-perpetua-por-el-femicidio-de-mirta-fetter\/","url":"https:\/\/diariotextual.com\/inicio\/index.php\/2023\/08\/13\/el-stj-confirmo-la-condena-a-perpetua-por-el-femicidio-de-mirta-fetter\/","name":"El STJ confirm\u00f3 la condena a perpetua por el femicidio de Mirta Fetter - Diario Textual","isPartOf":{"@id":"https:\/\/diariotextual.com\/inicio\/#website"},"primaryImageOfPage":{"@id":"https:\/\/diariotextual.com\/inicio\/index.php\/2023\/08\/13\/el-stj-confirmo-la-condena-a-perpetua-por-el-femicidio-de-mirta-fetter\/#primaryimage"},"image":{"@id":"https:\/\/diariotextual.com\/inicio\/index.php\/2023\/08\/13\/el-stj-confirmo-la-condena-a-perpetua-por-el-femicidio-de-mirta-fetter\/#primaryimage"},"thumbnailUrl":"https:\/\/diariotextual.com\/inicio\/wp-content\/uploads\/2022\/01\/fettermirtacasotextualinesmama2022-2-2.jpg","datePublished":"2023-08-13T16:30:14+00:00","dateModified":"2023-08-13T20:43:57+00:00","breadcrumb":{"@id":"https:\/\/diariotextual.com\/inicio\/index.php\/2023\/08\/13\/el-stj-confirmo-la-condena-a-perpetua-por-el-femicidio-de-mirta-fetter\/#breadcrumb"},"inLanguage":"es","potentialAction":[{"@type":"ReadAction","target":["https:\/\/diariotextual.com\/inicio\/index.php\/2023\/08\/13\/el-stj-confirmo-la-condena-a-perpetua-por-el-femicidio-de-mirta-fetter\/"]}]},{"@type":"ImageObject","inLanguage":"es","@id":"https:\/\/diariotextual.com\/inicio\/index.php\/2023\/08\/13\/el-stj-confirmo-la-condena-a-perpetua-por-el-femicidio-de-mirta-fetter\/#primaryimage","url":"https:\/\/diariotextual.com\/inicio\/wp-content\/uploads\/2022\/01\/fettermirtacasotextualinesmama2022-2-2.jpg","contentUrl":"https:\/\/diariotextual.com\/inicio\/wp-content\/uploads\/2022\/01\/fettermirtacasotextualinesmama2022-2-2.jpg","width":1358,"height":815},{"@type":"BreadcrumbList","@id":"https:\/\/diariotextual.com\/inicio\/index.php\/2023\/08\/13\/el-stj-confirmo-la-condena-a-perpetua-por-el-femicidio-de-mirta-fetter\/#breadcrumb","itemListElement":[{"@type":"ListItem","position":1,"name":"Portada","item":"https:\/\/diariotextual.com\/inicio\/"},{"@type":"ListItem","position":2,"name":"El STJ confirm\u00f3 la condena a perpetua por el femicidio de Mirta Fetter"}]},{"@type":"WebSite","@id":"https:\/\/diariotextual.com\/inicio\/#website","url":"https:\/\/diariotextual.com\/inicio\/","name":"Diario Textual","description":"","publisher":{"@id":"https:\/\/diariotextual.com\/inicio\/#organization"},"potentialAction":[{"@type":"SearchAction","target":{"@type":"EntryPoint","urlTemplate":"https:\/\/diariotextual.com\/inicio\/?s={search_term_string}"},"query-input":{"@type":"PropertyValueSpecification","valueRequired":true,"valueName":"search_term_string"}}],"inLanguage":"es"},{"@type":"Organization","@id":"https:\/\/diariotextual.com\/inicio\/#organization","name":"Diario Textual","url":"https:\/\/diariotextual.com\/inicio\/","logo":{"@type":"ImageObject","inLanguage":"es","@id":"https:\/\/diariotextual.com\/inicio\/#\/schema\/logo\/image\/","url":"https:\/\/diariotextual.com\/inicio\/wp-content\/uploads\/2023\/05\/logotextual1.jpg","contentUrl":"https:\/\/diariotextual.com\/inicio\/wp-content\/uploads\/2023\/05\/logotextual1.jpg","width":516,"height":76,"caption":"Diario Textual"},"image":{"@id":"https:\/\/diariotextual.com\/inicio\/#\/schema\/logo\/image\/"},"sameAs":["https:\/\/www.facebook.com\/eltextual","https:\/\/x.com\/eltextual","http:\/\/www.instagram.com\/eltextual"]},{"@type":"Person","@id":"https:\/\/diariotextual.com\/inicio\/#\/schema\/person\/418fc4093c33e86ed41562db3508f958","name":"Diario1 Diario1","image":{"@type":"ImageObject","inLanguage":"es","@id":"https:\/\/secure.gravatar.com\/avatar\/9167d280179c85bc18be67aa7eda765854300033af4896dd779b608640f2ef7a?s=96&d=mm&r=g","url":"https:\/\/secure.gravatar.com\/avatar\/9167d280179c85bc18be67aa7eda765854300033af4896dd779b608640f2ef7a?s=96&d=mm&r=g","contentUrl":"https:\/\/secure.gravatar.com\/avatar\/9167d280179c85bc18be67aa7eda765854300033af4896dd779b608640f2ef7a?s=96&d=mm&r=g","caption":"Diario1 Diario1"},"url":"https:\/\/diariotextual.com\/inicio\/index.php\/author\/diario1\/"}]}},"_links":{"self":[{"href":"https:\/\/diariotextual.com\/inicio\/index.php\/wp-json\/wp\/v2\/posts\/233879","targetHints":{"allow":["GET"]}}],"collection":[{"href":"https:\/\/diariotextual.com\/inicio\/index.php\/wp-json\/wp\/v2\/posts"}],"about":[{"href":"https:\/\/diariotextual.com\/inicio\/index.php\/wp-json\/wp\/v2\/types\/post"}],"author":[{"embeddable":true,"href":"https:\/\/diariotextual.com\/inicio\/index.php\/wp-json\/wp\/v2\/users\/3"}],"replies":[{"embeddable":true,"href":"https:\/\/diariotextual.com\/inicio\/index.php\/wp-json\/wp\/v2\/comments?post=233879"}],"version-history":[{"count":2,"href":"https:\/\/diariotextual.com\/inicio\/index.php\/wp-json\/wp\/v2\/posts\/233879\/revisions"}],"predecessor-version":[{"id":233882,"href":"https:\/\/diariotextual.com\/inicio\/index.php\/wp-json\/wp\/v2\/posts\/233879\/revisions\/233882"}],"wp:featuredmedia":[{"embeddable":true,"href":"https:\/\/diariotextual.com\/inicio\/index.php\/wp-json\/wp\/v2\/media\/176557"}],"wp:attachment":[{"href":"https:\/\/diariotextual.com\/inicio\/index.php\/wp-json\/wp\/v2\/media?parent=233879"}],"wp:term":[{"taxonomy":"category","embeddable":true,"href":"https:\/\/diariotextual.com\/inicio\/index.php\/wp-json\/wp\/v2\/categories?post=233879"},{"taxonomy":"post_tag","embeddable":true,"href":"https:\/\/diariotextual.com\/inicio\/index.php\/wp-json\/wp\/v2\/tags?post=233879"}],"curies":[{"name":"wp","href":"https:\/\/api.w.org\/{rel}","templated":true}]}}