{"id":234094,"date":"2023-08-14T12:51:12","date_gmt":"2023-08-14T15:51:12","guid":{"rendered":"https:\/\/diariotextual.com\/inicio\/?p=234094"},"modified":"2023-08-14T18:47:13","modified_gmt":"2023-08-14T21:47:13","slug":"caso-rigutto-el-stj-dijo-que-las-escuchas-fueron-legales","status":"publish","type":"post","link":"https:\/\/diariotextual.com\/inicio\/index.php\/2023\/08\/14\/caso-rigutto-el-stj-dijo-que-las-escuchas-fueron-legales\/","title":{"rendered":"Caso Rigutto: el STJ dijo que las escuchas fueron legales"},"content":{"rendered":"\n<p>El Superior Tribunal de Justicia aval\u00f3 hoy las escuchas telef\u00f3nicas ordenadas en la causa donde se investiga al m\u00e9dico Jorge Rigutto, y otros imputados, por los delitos de estafa procesal en concurso ideal con falsificaci\u00f3n de instrumento privado y en concurso material con cohecho activo (pago de coimas).<\/p>\n\n\n\n<p>Los ministros Fabricio Losi y Eduardo Fern\u00e1ndez Mend\u00eda, como integrantes de la Sala B, as\u00ed lo hicieron saber al declarar inadmisibles los recursos de casaci\u00f3n presentados por los abogados Marcos Paz y Mauricio Moreno en nombre de Rigutto y del m\u00e9dico forense Juan Carlos Toulouse, respectivamente, contra la resoluci\u00f3n del Tribunal de Impugnaci\u00f3n que tambi\u00e9n hab\u00eda respaldado lo dispuesto por el juez de control, Carlos Chapalcaz. Al darle el STJ vista al procurador general, Mario Bongianino, este tambi\u00e9n se pronunci\u00f3 en igual sentido.<\/p>\n\n\n\n<p>Ambas defensas hab\u00edan considerado a las escuchas como ilegales y plantearon que a partir de esa prueba, presuntamente inv\u00e1lida, deb\u00edan anularse todas las actuaciones posteriores. Por eso indicaron que existi\u00f3 una actividad procesal defectuosa, algo que fue desestimado por el Superior Tribunal.<\/p>\n\n\n\n<p>Losi y Fern\u00e1ndez Mend\u00eda, despu\u00e9s de analizar lo que dicen la Constituci\u00f3n Nacional, los pactos internacionales, el C\u00f3digo Procesal Penal de La Pampa y la jurisprudencia y la acordada 17\/2019 de la Corte Suprema de la Naci\u00f3n, concluyeron que&nbsp;<strong>cada caso debe analizarse en forma particular<\/strong>, y que debe disponerse una intervenci\u00f3n telef\u00f3nica \u201ccuando exista informaci\u00f3n fehaciente, suficiente o datos objetivos que funden una m\u00ednima sospecha razonable relativa a un delito determinado\u201d.<\/p>\n\n\n\n<p>En este caso consideraron que&nbsp;<strong>\u201clas manifestaciones que el m\u00e9dico forense<\/strong>&nbsp;(Pablo)&nbsp;<strong>V\u00e9liz<\/strong>&nbsp;<strong>puso en conocimiento de los fiscales, configuraron la sospecha razonable, en los t\u00e9rminos de la jurisprudencia trazada por la CSJN en el caso Quaranta<\/strong>, que condujo fundadamente a la autorizaci\u00f3n del juez (Chapalcaz de disponer las intervenciones) y cuyos resultados fueron positivos\u201d.<\/p>\n\n\n\n<p>Justamente el caso Quaranta fue citado por Paz y Moreno para avalar los planteos defensivos sobre una violaci\u00f3n del derecho constitucional a la privacidad. Ese precedente establece que el dictado de una orden para escuchar una comunicaci\u00f3n telef\u00f3nica \u2013o registrar un domicilio\u2013 solo es v\u00e1lida cuando la dicte un juez y medien \u201cmedian elementos objetivos id\u00f3neos para fundar una m\u00ednima sospecha razonable\u201d.<\/p>\n\n\n\n<div style=\"height:100px\" aria-hidden=\"true\" class=\"wp-block-spacer\"><\/div>\n\n\n\n<p><strong>Un equilibrio necesario<\/strong><\/p>\n\n\n\n<p>M\u00e1s adelante, Losi y Fern\u00e1ndez Mend\u00eda hicieron hincapi\u00e9 en la acordada 17\/2019 de la Corte, referida a los principios que deben respetar los \u00f3rganos judiciales involucrados en los procedimientos de interceptaci\u00f3n y captaci\u00f3n de comunicaciones.<\/p>\n\n\n\n<p>\u201cLas circunstancias particulares de este legajo, y los distintos est\u00e1ndares que se imponen observar y valorar a la hora de determinar la afectaci\u00f3n concreta de la garant\u00eda constitucional en juego, el derecho a la intimidad, se impone como conclusi\u00f3n un pasaje de la acordada que ilustra el&nbsp;<strong>equilibrio necesario entre la plena vigencia de los derechos y garant\u00edas y la procedencia de la medida probatoria<\/strong>&nbsp;en cuesti\u00f3n\u201d.<\/p>\n\n\n\n<p>En tal sentido, el STJ textualiz\u00f3 un fragmento de la acordada: \u201cel balance entre el derecho de toda persona a no sufrir invasiones a su privacidad y el inter\u00e9s estatal en la persecuci\u00f3n penal de un posible delito, debe incluir una necesaria ponderaci\u00f3n de los instrumentos escogidos y los fines hacia los que se dirige la espec\u00edfica herramienta investigativa dispuesta en la causa, en cuyo marco corresponde tamizar la medida elegida por los filtros de la necesidad, la adecuaci\u00f3n y la proporcionalidad\u201d.<\/p>\n\n\n\n<p>Por eso, bas\u00e1ndose en lo establecido por la Corte, el Alto Tribunal manifest\u00f3 que existi\u00f3 \u201cproporcionalidad, fundamentaci\u00f3n, provisionalidad, responsabilidad, privacidad y control institucional judicial\u201d en la orden dada por Chapalcaz.<\/p>\n\n\n\n<p>\u201cLos precedentes de la Corte Interamericana de Derechos Humanos y la Corte Suprema de Justicia de la Naci\u00f3n, deducen como est\u00e1ndares: la plena vigencia del principio de legalidad en cuanto a la medida dispuesta de intervenci\u00f3n telef\u00f3nica; que exista una correspondencia entre tal medida y un legajo penal en tr\u00e1mite cuya instancia permita la medida probatoria, y en la que se identifique claramente a la persona y al delito por el que se lo investiga; que la resoluci\u00f3n que ordena tal disposici\u00f3n se encuentre debidamente fundada y motivada en cuanto a su necesidad y pertinencia, como a su modalidad y tiempo de duraci\u00f3n; y que sea dictada por autoridad competente\u201d. Todo de ello para el STJ, se cumpli\u00f3.<\/p>\n\n\n\n<div style=\"height:100px\" aria-hidden=\"true\" class=\"wp-block-spacer\"><\/div>\n\n\n\n<p><strong>Una resoluci\u00f3n fundada<\/strong><\/p>\n\n\n\n<p>En otra parte del extenso fallo, Losi y Fern\u00e1ndez Mend\u00eda consideraron que la resoluci\u00f3n del TIP fue fundada y para ello \u2013a modo de ejemplo\u2013 destacaron un p\u00e1rrafo donde Impugnaci\u00f3n desech\u00f3 la teor\u00eda defensiva de que el Ministerio P\u00fablico Fiscal fue \u2018a la pesca\u2019 de algo. As\u00ed lo reprodujo: \u201clas intervenciones se ampliaron a n\u00fameros de tel\u00e9fonos, cuyos titulares eran personas que colaboraban en demostrar un cuadro desmejorado de la salud de Rigutto para que este no cumpliera la prisi\u00f3n preventiva en encierro. Por ende, no resulta atendible sostener que la fiscal\u00eda estaba \u2018yendo a la pesca\u2019 como aleg\u00f3 la defensa\u201d.<\/p>\n\n\n\n<p>Tambi\u00e9n los ministros resaltaron otro tramo de lo expresado por el TIP: \u201clos procedimientos que se siguieron para materializar las intervenciones telef\u00f3nicas se compadecieron con lo ordenado por el juez de control, y la instrumentaci\u00f3n no se present\u00f3 como defectuosa, sino en concordancia con una interpretaci\u00f3n arm\u00f3nica del proceso en clave constitucional-convencional\u201d.<\/p>\n\n\n\n<p>Finalmente, acerca de las objeciones de los defensores porque en el diligenciamiento de las escuchas se incumpli\u00f3 presuntamente con la obligaci\u00f3n de entregar su resultado y grabaci\u00f3n al juez Chapalcaz, el STJ coincidi\u00f3 con el dictamen de la Procuraci\u00f3n de que\u00a0<strong>\u201cplantear la cuesti\u00f3n, otorg\u00e1ndole un impacto arbitrario de afectaci\u00f3n constitucional a las escuchas, en raz\u00f3n de si las mismas fueron recibidas por el fiscal, el juez o la Oficina Judicial, no resiste un an\u00e1lisis jur\u00eddico razonable\u201d<\/strong>.<\/p>\n\n\n\n<p><\/p>\n","protected":false},"excerpt":{"rendered":"<p>El Superior Tribunal de Justicia aval\u00f3 hoy las escuchas telef\u00f3nicas ordenadas en la causa donde se investiga al m\u00e9dico Jorge Rigutto, y otros imputados, por los delitos de estafa procesal&hellip;<\/p>\n","protected":false},"author":3,"featured_media":224501,"comment_status":"closed","ping_status":"open","sticky":false,"template":"","format":"standard","meta":{"_acf_changed":false,"footnotes":""},"categories":[1,11,12],"tags":[],"class_list":["post-234094","post","type-post","status-publish","format-standard","has-post-thumbnail","hentry","category-es-noticia","category-que-pasa","category-sociedad"],"acf":[],"yoast_head":"<!-- This site is optimized with the Yoast SEO plugin v27.5 - https:\/\/yoast.com\/product\/yoast-seo-wordpress\/ -->\n<title>Caso Rigutto: el STJ dijo que las escuchas fueron legales - Diario Textual<\/title>\n<meta name=\"robots\" content=\"index, follow, max-snippet:-1, max-image-preview:large, max-video-preview:-1\" \/>\n<link rel=\"canonical\" href=\"https:\/\/diariotextual.com\/inicio\/index.php\/2023\/08\/14\/caso-rigutto-el-stj-dijo-que-las-escuchas-fueron-legales\/\" \/>\n<meta property=\"og:locale\" content=\"es_ES\" \/>\n<meta property=\"og:type\" content=\"article\" \/>\n<meta property=\"og:title\" content=\"Caso Rigutto: el STJ dijo que las escuchas fueron legales - Diario Textual\" \/>\n<meta property=\"og:description\" content=\"El Superior Tribunal de Justicia aval\u00f3 hoy las escuchas telef\u00f3nicas ordenadas en la causa donde se investiga al m\u00e9dico Jorge Rigutto, y otros imputados, por los delitos de estafa procesal&hellip;\" \/>\n<meta property=\"og:url\" content=\"https:\/\/diariotextual.com\/inicio\/index.php\/2023\/08\/14\/caso-rigutto-el-stj-dijo-que-las-escuchas-fueron-legales\/\" \/>\n<meta property=\"og:site_name\" content=\"Diario Textual\" \/>\n<meta property=\"article:publisher\" content=\"https:\/\/www.facebook.com\/eltextual\" \/>\n<meta property=\"article:published_time\" content=\"2023-08-14T15:51:12+00:00\" \/>\n<meta property=\"article:modified_time\" content=\"2023-08-14T21:47:13+00:00\" \/>\n<meta property=\"og:image\" content=\"https:\/\/diariotextual.com\/inicio\/wp-content\/uploads\/2023\/05\/riguttojorgeJuicio2023-1.jpg\" \/>\n\t<meta property=\"og:image:width\" content=\"1600\" \/>\n\t<meta property=\"og:image:height\" content=\"1066\" \/>\n\t<meta property=\"og:image:type\" content=\"image\/jpeg\" \/>\n<meta name=\"author\" content=\"Diario1 Diario1\" \/>\n<meta name=\"twitter:card\" content=\"summary_large_image\" \/>\n<meta name=\"twitter:creator\" content=\"@eltextual\" \/>\n<meta name=\"twitter:site\" content=\"@eltextual\" \/>\n<meta name=\"twitter:label1\" content=\"Escrito por\" \/>\n\t<meta name=\"twitter:data1\" content=\"Diario1 Diario1\" \/>\n\t<meta name=\"twitter:label2\" content=\"Tiempo de lectura\" \/>\n\t<meta name=\"twitter:data2\" content=\"5 minutos\" \/>\n<script type=\"application\/ld+json\" class=\"yoast-schema-graph\">{\"@context\":\"https:\\\/\\\/schema.org\",\"@graph\":[{\"@type\":\"Article\",\"@id\":\"https:\\\/\\\/diariotextual.com\\\/inicio\\\/index.php\\\/2023\\\/08\\\/14\\\/caso-rigutto-el-stj-dijo-que-las-escuchas-fueron-legales\\\/#article\",\"isPartOf\":{\"@id\":\"https:\\\/\\\/diariotextual.com\\\/inicio\\\/index.php\\\/2023\\\/08\\\/14\\\/caso-rigutto-el-stj-dijo-que-las-escuchas-fueron-legales\\\/\"},\"author\":{\"name\":\"Diario1 Diario1\",\"@id\":\"https:\\\/\\\/diariotextual.com\\\/inicio\\\/#\\\/schema\\\/person\\\/418fc4093c33e86ed41562db3508f958\"},\"headline\":\"Caso Rigutto: el STJ dijo que las escuchas fueron legales\",\"datePublished\":\"2023-08-14T15:51:12+00:00\",\"dateModified\":\"2023-08-14T21:47:13+00:00\",\"mainEntityOfPage\":{\"@id\":\"https:\\\/\\\/diariotextual.com\\\/inicio\\\/index.php\\\/2023\\\/08\\\/14\\\/caso-rigutto-el-stj-dijo-que-las-escuchas-fueron-legales\\\/\"},\"wordCount\":1032,\"publisher\":{\"@id\":\"https:\\\/\\\/diariotextual.com\\\/inicio\\\/#organization\"},\"image\":{\"@id\":\"https:\\\/\\\/diariotextual.com\\\/inicio\\\/index.php\\\/2023\\\/08\\\/14\\\/caso-rigutto-el-stj-dijo-que-las-escuchas-fueron-legales\\\/#primaryimage\"},\"thumbnailUrl\":\"https:\\\/\\\/diariotextual.com\\\/inicio\\\/wp-content\\\/uploads\\\/2023\\\/05\\\/riguttojorgeJuicio2023-1.jpg\",\"articleSection\":[\"A - ES NOTICIA (van abajo)\",\"A - QUE PASA (al costado)\",\"SOCIEDAD\"],\"inLanguage\":\"es\"},{\"@type\":\"WebPage\",\"@id\":\"https:\\\/\\\/diariotextual.com\\\/inicio\\\/index.php\\\/2023\\\/08\\\/14\\\/caso-rigutto-el-stj-dijo-que-las-escuchas-fueron-legales\\\/\",\"url\":\"https:\\\/\\\/diariotextual.com\\\/inicio\\\/index.php\\\/2023\\\/08\\\/14\\\/caso-rigutto-el-stj-dijo-que-las-escuchas-fueron-legales\\\/\",\"name\":\"Caso Rigutto: el STJ dijo que las escuchas fueron legales - Diario Textual\",\"isPartOf\":{\"@id\":\"https:\\\/\\\/diariotextual.com\\\/inicio\\\/#website\"},\"primaryImageOfPage\":{\"@id\":\"https:\\\/\\\/diariotextual.com\\\/inicio\\\/index.php\\\/2023\\\/08\\\/14\\\/caso-rigutto-el-stj-dijo-que-las-escuchas-fueron-legales\\\/#primaryimage\"},\"image\":{\"@id\":\"https:\\\/\\\/diariotextual.com\\\/inicio\\\/index.php\\\/2023\\\/08\\\/14\\\/caso-rigutto-el-stj-dijo-que-las-escuchas-fueron-legales\\\/#primaryimage\"},\"thumbnailUrl\":\"https:\\\/\\\/diariotextual.com\\\/inicio\\\/wp-content\\\/uploads\\\/2023\\\/05\\\/riguttojorgeJuicio2023-1.jpg\",\"datePublished\":\"2023-08-14T15:51:12+00:00\",\"dateModified\":\"2023-08-14T21:47:13+00:00\",\"breadcrumb\":{\"@id\":\"https:\\\/\\\/diariotextual.com\\\/inicio\\\/index.php\\\/2023\\\/08\\\/14\\\/caso-rigutto-el-stj-dijo-que-las-escuchas-fueron-legales\\\/#breadcrumb\"},\"inLanguage\":\"es\",\"potentialAction\":[{\"@type\":\"ReadAction\",\"target\":[\"https:\\\/\\\/diariotextual.com\\\/inicio\\\/index.php\\\/2023\\\/08\\\/14\\\/caso-rigutto-el-stj-dijo-que-las-escuchas-fueron-legales\\\/\"]}]},{\"@type\":\"ImageObject\",\"inLanguage\":\"es\",\"@id\":\"https:\\\/\\\/diariotextual.com\\\/inicio\\\/index.php\\\/2023\\\/08\\\/14\\\/caso-rigutto-el-stj-dijo-que-las-escuchas-fueron-legales\\\/#primaryimage\",\"url\":\"https:\\\/\\\/diariotextual.com\\\/inicio\\\/wp-content\\\/uploads\\\/2023\\\/05\\\/riguttojorgeJuicio2023-1.jpg\",\"contentUrl\":\"https:\\\/\\\/diariotextual.com\\\/inicio\\\/wp-content\\\/uploads\\\/2023\\\/05\\\/riguttojorgeJuicio2023-1.jpg\",\"width\":1600,\"height\":1066},{\"@type\":\"BreadcrumbList\",\"@id\":\"https:\\\/\\\/diariotextual.com\\\/inicio\\\/index.php\\\/2023\\\/08\\\/14\\\/caso-rigutto-el-stj-dijo-que-las-escuchas-fueron-legales\\\/#breadcrumb\",\"itemListElement\":[{\"@type\":\"ListItem\",\"position\":1,\"name\":\"Portada\",\"item\":\"https:\\\/\\\/diariotextual.com\\\/inicio\\\/\"},{\"@type\":\"ListItem\",\"position\":2,\"name\":\"Caso Rigutto: el STJ dijo que las escuchas fueron legales\"}]},{\"@type\":\"WebSite\",\"@id\":\"https:\\\/\\\/diariotextual.com\\\/inicio\\\/#website\",\"url\":\"https:\\\/\\\/diariotextual.com\\\/inicio\\\/\",\"name\":\"Diario Textual\",\"description\":\"\",\"publisher\":{\"@id\":\"https:\\\/\\\/diariotextual.com\\\/inicio\\\/#organization\"},\"potentialAction\":[{\"@type\":\"SearchAction\",\"target\":{\"@type\":\"EntryPoint\",\"urlTemplate\":\"https:\\\/\\\/diariotextual.com\\\/inicio\\\/?s={search_term_string}\"},\"query-input\":{\"@type\":\"PropertyValueSpecification\",\"valueRequired\":true,\"valueName\":\"search_term_string\"}}],\"inLanguage\":\"es\"},{\"@type\":\"Organization\",\"@id\":\"https:\\\/\\\/diariotextual.com\\\/inicio\\\/#organization\",\"name\":\"Diario Textual\",\"url\":\"https:\\\/\\\/diariotextual.com\\\/inicio\\\/\",\"logo\":{\"@type\":\"ImageObject\",\"inLanguage\":\"es\",\"@id\":\"https:\\\/\\\/diariotextual.com\\\/inicio\\\/#\\\/schema\\\/logo\\\/image\\\/\",\"url\":\"https:\\\/\\\/diariotextual.com\\\/inicio\\\/wp-content\\\/uploads\\\/2023\\\/05\\\/logotextual1.jpg\",\"contentUrl\":\"https:\\\/\\\/diariotextual.com\\\/inicio\\\/wp-content\\\/uploads\\\/2023\\\/05\\\/logotextual1.jpg\",\"width\":516,\"height\":76,\"caption\":\"Diario Textual\"},\"image\":{\"@id\":\"https:\\\/\\\/diariotextual.com\\\/inicio\\\/#\\\/schema\\\/logo\\\/image\\\/\"},\"sameAs\":[\"https:\\\/\\\/www.facebook.com\\\/eltextual\",\"https:\\\/\\\/x.com\\\/eltextual\",\"http:\\\/\\\/www.instagram.com\\\/eltextual\"]},{\"@type\":\"Person\",\"@id\":\"https:\\\/\\\/diariotextual.com\\\/inicio\\\/#\\\/schema\\\/person\\\/418fc4093c33e86ed41562db3508f958\",\"name\":\"Diario1 Diario1\",\"image\":{\"@type\":\"ImageObject\",\"inLanguage\":\"es\",\"@id\":\"https:\\\/\\\/secure.gravatar.com\\\/avatar\\\/9167d280179c85bc18be67aa7eda765854300033af4896dd779b608640f2ef7a?s=96&d=mm&r=g\",\"url\":\"https:\\\/\\\/secure.gravatar.com\\\/avatar\\\/9167d280179c85bc18be67aa7eda765854300033af4896dd779b608640f2ef7a?s=96&d=mm&r=g\",\"contentUrl\":\"https:\\\/\\\/secure.gravatar.com\\\/avatar\\\/9167d280179c85bc18be67aa7eda765854300033af4896dd779b608640f2ef7a?s=96&d=mm&r=g\",\"caption\":\"Diario1 Diario1\"},\"url\":\"https:\\\/\\\/diariotextual.com\\\/inicio\\\/index.php\\\/author\\\/diario1\\\/\"}]}<\/script>\n<!-- \/ Yoast SEO plugin. -->","yoast_head_json":{"title":"Caso Rigutto: el STJ dijo que las escuchas fueron legales - Diario Textual","robots":{"index":"index","follow":"follow","max-snippet":"max-snippet:-1","max-image-preview":"max-image-preview:large","max-video-preview":"max-video-preview:-1"},"canonical":"https:\/\/diariotextual.com\/inicio\/index.php\/2023\/08\/14\/caso-rigutto-el-stj-dijo-que-las-escuchas-fueron-legales\/","og_locale":"es_ES","og_type":"article","og_title":"Caso Rigutto: el STJ dijo que las escuchas fueron legales - Diario Textual","og_description":"El Superior Tribunal de Justicia aval\u00f3 hoy las escuchas telef\u00f3nicas ordenadas en la causa donde se investiga al m\u00e9dico Jorge Rigutto, y otros imputados, por los delitos de estafa procesal&hellip;","og_url":"https:\/\/diariotextual.com\/inicio\/index.php\/2023\/08\/14\/caso-rigutto-el-stj-dijo-que-las-escuchas-fueron-legales\/","og_site_name":"Diario Textual","article_publisher":"https:\/\/www.facebook.com\/eltextual","article_published_time":"2023-08-14T15:51:12+00:00","article_modified_time":"2023-08-14T21:47:13+00:00","og_image":[{"width":1600,"height":1066,"url":"https:\/\/diariotextual.com\/inicio\/wp-content\/uploads\/2023\/05\/riguttojorgeJuicio2023-1.jpg","type":"image\/jpeg"}],"author":"Diario1 Diario1","twitter_card":"summary_large_image","twitter_creator":"@eltextual","twitter_site":"@eltextual","twitter_misc":{"Escrito por":"Diario1 Diario1","Tiempo de lectura":"5 minutos"},"schema":{"@context":"https:\/\/schema.org","@graph":[{"@type":"Article","@id":"https:\/\/diariotextual.com\/inicio\/index.php\/2023\/08\/14\/caso-rigutto-el-stj-dijo-que-las-escuchas-fueron-legales\/#article","isPartOf":{"@id":"https:\/\/diariotextual.com\/inicio\/index.php\/2023\/08\/14\/caso-rigutto-el-stj-dijo-que-las-escuchas-fueron-legales\/"},"author":{"name":"Diario1 Diario1","@id":"https:\/\/diariotextual.com\/inicio\/#\/schema\/person\/418fc4093c33e86ed41562db3508f958"},"headline":"Caso Rigutto: el STJ dijo que las escuchas fueron legales","datePublished":"2023-08-14T15:51:12+00:00","dateModified":"2023-08-14T21:47:13+00:00","mainEntityOfPage":{"@id":"https:\/\/diariotextual.com\/inicio\/index.php\/2023\/08\/14\/caso-rigutto-el-stj-dijo-que-las-escuchas-fueron-legales\/"},"wordCount":1032,"publisher":{"@id":"https:\/\/diariotextual.com\/inicio\/#organization"},"image":{"@id":"https:\/\/diariotextual.com\/inicio\/index.php\/2023\/08\/14\/caso-rigutto-el-stj-dijo-que-las-escuchas-fueron-legales\/#primaryimage"},"thumbnailUrl":"https:\/\/diariotextual.com\/inicio\/wp-content\/uploads\/2023\/05\/riguttojorgeJuicio2023-1.jpg","articleSection":["A - ES NOTICIA (van abajo)","A - QUE PASA (al costado)","SOCIEDAD"],"inLanguage":"es"},{"@type":"WebPage","@id":"https:\/\/diariotextual.com\/inicio\/index.php\/2023\/08\/14\/caso-rigutto-el-stj-dijo-que-las-escuchas-fueron-legales\/","url":"https:\/\/diariotextual.com\/inicio\/index.php\/2023\/08\/14\/caso-rigutto-el-stj-dijo-que-las-escuchas-fueron-legales\/","name":"Caso Rigutto: el STJ dijo que las escuchas fueron legales - Diario Textual","isPartOf":{"@id":"https:\/\/diariotextual.com\/inicio\/#website"},"primaryImageOfPage":{"@id":"https:\/\/diariotextual.com\/inicio\/index.php\/2023\/08\/14\/caso-rigutto-el-stj-dijo-que-las-escuchas-fueron-legales\/#primaryimage"},"image":{"@id":"https:\/\/diariotextual.com\/inicio\/index.php\/2023\/08\/14\/caso-rigutto-el-stj-dijo-que-las-escuchas-fueron-legales\/#primaryimage"},"thumbnailUrl":"https:\/\/diariotextual.com\/inicio\/wp-content\/uploads\/2023\/05\/riguttojorgeJuicio2023-1.jpg","datePublished":"2023-08-14T15:51:12+00:00","dateModified":"2023-08-14T21:47:13+00:00","breadcrumb":{"@id":"https:\/\/diariotextual.com\/inicio\/index.php\/2023\/08\/14\/caso-rigutto-el-stj-dijo-que-las-escuchas-fueron-legales\/#breadcrumb"},"inLanguage":"es","potentialAction":[{"@type":"ReadAction","target":["https:\/\/diariotextual.com\/inicio\/index.php\/2023\/08\/14\/caso-rigutto-el-stj-dijo-que-las-escuchas-fueron-legales\/"]}]},{"@type":"ImageObject","inLanguage":"es","@id":"https:\/\/diariotextual.com\/inicio\/index.php\/2023\/08\/14\/caso-rigutto-el-stj-dijo-que-las-escuchas-fueron-legales\/#primaryimage","url":"https:\/\/diariotextual.com\/inicio\/wp-content\/uploads\/2023\/05\/riguttojorgeJuicio2023-1.jpg","contentUrl":"https:\/\/diariotextual.com\/inicio\/wp-content\/uploads\/2023\/05\/riguttojorgeJuicio2023-1.jpg","width":1600,"height":1066},{"@type":"BreadcrumbList","@id":"https:\/\/diariotextual.com\/inicio\/index.php\/2023\/08\/14\/caso-rigutto-el-stj-dijo-que-las-escuchas-fueron-legales\/#breadcrumb","itemListElement":[{"@type":"ListItem","position":1,"name":"Portada","item":"https:\/\/diariotextual.com\/inicio\/"},{"@type":"ListItem","position":2,"name":"Caso Rigutto: el STJ dijo que las escuchas fueron legales"}]},{"@type":"WebSite","@id":"https:\/\/diariotextual.com\/inicio\/#website","url":"https:\/\/diariotextual.com\/inicio\/","name":"Diario Textual","description":"","publisher":{"@id":"https:\/\/diariotextual.com\/inicio\/#organization"},"potentialAction":[{"@type":"SearchAction","target":{"@type":"EntryPoint","urlTemplate":"https:\/\/diariotextual.com\/inicio\/?s={search_term_string}"},"query-input":{"@type":"PropertyValueSpecification","valueRequired":true,"valueName":"search_term_string"}}],"inLanguage":"es"},{"@type":"Organization","@id":"https:\/\/diariotextual.com\/inicio\/#organization","name":"Diario Textual","url":"https:\/\/diariotextual.com\/inicio\/","logo":{"@type":"ImageObject","inLanguage":"es","@id":"https:\/\/diariotextual.com\/inicio\/#\/schema\/logo\/image\/","url":"https:\/\/diariotextual.com\/inicio\/wp-content\/uploads\/2023\/05\/logotextual1.jpg","contentUrl":"https:\/\/diariotextual.com\/inicio\/wp-content\/uploads\/2023\/05\/logotextual1.jpg","width":516,"height":76,"caption":"Diario Textual"},"image":{"@id":"https:\/\/diariotextual.com\/inicio\/#\/schema\/logo\/image\/"},"sameAs":["https:\/\/www.facebook.com\/eltextual","https:\/\/x.com\/eltextual","http:\/\/www.instagram.com\/eltextual"]},{"@type":"Person","@id":"https:\/\/diariotextual.com\/inicio\/#\/schema\/person\/418fc4093c33e86ed41562db3508f958","name":"Diario1 Diario1","image":{"@type":"ImageObject","inLanguage":"es","@id":"https:\/\/secure.gravatar.com\/avatar\/9167d280179c85bc18be67aa7eda765854300033af4896dd779b608640f2ef7a?s=96&d=mm&r=g","url":"https:\/\/secure.gravatar.com\/avatar\/9167d280179c85bc18be67aa7eda765854300033af4896dd779b608640f2ef7a?s=96&d=mm&r=g","contentUrl":"https:\/\/secure.gravatar.com\/avatar\/9167d280179c85bc18be67aa7eda765854300033af4896dd779b608640f2ef7a?s=96&d=mm&r=g","caption":"Diario1 Diario1"},"url":"https:\/\/diariotextual.com\/inicio\/index.php\/author\/diario1\/"}]}},"_links":{"self":[{"href":"https:\/\/diariotextual.com\/inicio\/index.php\/wp-json\/wp\/v2\/posts\/234094","targetHints":{"allow":["GET"]}}],"collection":[{"href":"https:\/\/diariotextual.com\/inicio\/index.php\/wp-json\/wp\/v2\/posts"}],"about":[{"href":"https:\/\/diariotextual.com\/inicio\/index.php\/wp-json\/wp\/v2\/types\/post"}],"author":[{"embeddable":true,"href":"https:\/\/diariotextual.com\/inicio\/index.php\/wp-json\/wp\/v2\/users\/3"}],"replies":[{"embeddable":true,"href":"https:\/\/diariotextual.com\/inicio\/index.php\/wp-json\/wp\/v2\/comments?post=234094"}],"version-history":[{"count":1,"href":"https:\/\/diariotextual.com\/inicio\/index.php\/wp-json\/wp\/v2\/posts\/234094\/revisions"}],"predecessor-version":[{"id":234095,"href":"https:\/\/diariotextual.com\/inicio\/index.php\/wp-json\/wp\/v2\/posts\/234094\/revisions\/234095"}],"wp:featuredmedia":[{"embeddable":true,"href":"https:\/\/diariotextual.com\/inicio\/index.php\/wp-json\/wp\/v2\/media\/224501"}],"wp:attachment":[{"href":"https:\/\/diariotextual.com\/inicio\/index.php\/wp-json\/wp\/v2\/media?parent=234094"}],"wp:term":[{"taxonomy":"category","embeddable":true,"href":"https:\/\/diariotextual.com\/inicio\/index.php\/wp-json\/wp\/v2\/categories?post=234094"},{"taxonomy":"post_tag","embeddable":true,"href":"https:\/\/diariotextual.com\/inicio\/index.php\/wp-json\/wp\/v2\/tags?post=234094"}],"curies":[{"name":"wp","href":"https:\/\/api.w.org\/{rel}","templated":true}]}}