{"id":234112,"date":"2023-08-14T17:07:25","date_gmt":"2023-08-14T20:07:25","guid":{"rendered":"https:\/\/diariotextual.com\/inicio\/?p=234112"},"modified":"2023-08-14T17:07:27","modified_gmt":"2023-08-14T20:07:27","slug":"caso-perez-algaba-tres-detenidos-y-dos-profugos-por-el-crimen-del-empresario-descuartizado","status":"publish","type":"post","link":"https:\/\/diariotextual.com\/inicio\/index.php\/2023\/08\/14\/caso-perez-algaba-tres-detenidos-y-dos-profugos-por-el-crimen-del-empresario-descuartizado\/","title":{"rendered":"Caso P\u00e9rez Algaba: tres detenidos y dos pr\u00f3fugos por el crimen del empresario descuartizado"},"content":{"rendered":"\n<p><strong>Tres personas fueron detenidas<\/strong>\u00a0este lunes, acusadas del\u00a0<strong>homicidio de Fernando P\u00e9rez Algaba<\/strong>, el hombre de 41 a\u00f1os hallado descuartizado dentro de una valija en un arroyo de la localidad bonaerense de Ingeniero Budge en julio pasado. Mientras,\u00a0<strong>buscan a otras dos<\/strong>\u00a0que admitieron haber estado con \u00e9l el d\u00eda que desapareci\u00f3 a\u00fan no fueron localizadas.\u00a0<\/p>\n\n\n\n<p>Los arrestos se dieron en el marco de\u00a0<strong>18 allanamientos simult\u00e1neos<\/strong>\u00a0que se iniciaron esta madrugada en distintos puntos del conurbano bonaerense y de Capital Federal, informaron fuentes judiciales.<\/p>\n\n\n\n<p>Los detenidos son&nbsp;<strong>Mat\u00edas Ezequiel Gil, Fernando Gast\u00f3n Mart\u00edn Carrizo y Luis Alberto Contreras<\/strong>, mientras que los dos hombres con pedido de arresto son&nbsp;<strong>Maximiliano Pilepich y Nahuel Vargas<\/strong>, con quienes \u201cLechuga\u201d P\u00e9rez Algaba (41) se encontr\u00f3 en el predio Renacer de General Rodr\u00edguez el 18 de julio \u00faltimo.<\/p>\n\n\n\n<p>Las imputaciones que dict\u00f3 el juez de Garant\u00edas 4 de Lomas de Zamora, Sebasti\u00e1n Monelos, son: para los dos pr\u00f3fugos y para Contreras, \u201c<strong>homicidio cu\u00e1druplemente agravado por haber sido cometido mediante el uso de arma<\/strong>, con alevos\u00eda, por codicia y por el concurso premeditado de varias personas\u201d.<\/p>\n\n\n\n<p>Mientras, para los restantes detenidos es el mismo delito pero triplemente agravado, ya que\u00a0<strong>no les imput\u00f3 el uso de armas<\/strong>.<\/p>\n\n\n\n<div style=\"height:100px\" aria-hidden=\"true\" class=\"wp-block-spacer\"><\/div>\n\n\n\n<p><strong>\u00bfPor qu\u00e9 mataron a P\u00e9rez Algaba?<\/strong><\/p>\n\n\n\n<p>Seg\u00fan la hip\u00f3tesis de la fiscal\u00eda, el asesinato fue cometido para&nbsp;<strong>evitar pagarle a P\u00e9rez Algaba una deuda de dinero y propiedades<\/strong>&nbsp;que hab\u00eda sido documentada previamente en una escriban\u00eda y que \u201cLechuga\u201d planeaba cobrar el d\u00eda de su desaparici\u00f3n.<\/p>\n\n\n\n<p>Los arrestos de los tres acusados y la b\u00fasqueda de Pilepich y Vargas se realizaban en 18 allanamientos en las localidades de&nbsp;<strong>Hurlingham, Castelar y Mor\u00f3n, en el oeste del Gran Buenos Aires; en Ingeniero Budge, partido de Lomas de Zamora, y dos en la ciudad de Buenos Aires<\/strong>.<\/p>\n\n\n\n<p>\u201cLos tel\u00e9fonos de todos los implicados impactan en el predio Renacer de General Rodr\u00edguez y&nbsp;<strong>se van moviendo desde las 18 del 18 de julio hasta las 3 de la madrugada del d\u00eda siguiente hasta Ingeniero Budge, donde fueron hallados los restos<\/strong>&nbsp;de P\u00e9rez Algaba. Tambi\u00e9n se analizaron las c\u00e1maras de seguridad de la zona\u201d, confi\u00f3 a T\u00e9lam un investigador de la causa.<\/p>\n\n\n\n<p>En los procedimientos realizados por efectivos de la Delegaci\u00f3n Departamental de Investigaciones (DDI) de Lomas de Zamora\u00a0<strong>se incautaron armas, tel\u00e9fonos celulares, dispositivos electr\u00f3nicos y distintos veh\u00edculos<\/strong>, entre ellos la camioneta Mercedes Benz G500 propiedad de Pilepich que pose\u00eda pedido de secuestro, que ser\u00e1n analizados para determinar si fueron utilizados en el crimen del empresario.<\/p>\n\n\n\n<div style=\"height:100px\" aria-hidden=\"true\" class=\"wp-block-spacer\"><\/div>\n\n\n\n<p><strong>C\u00f3mo fue el crimen del empresario<\/strong><\/p>\n\n\n\n<p>\u201cCreemos que la camioneta Mercedes Benz&nbsp;<strong>fue utilizada para trasladar los restos de P\u00e9rez Algaba hasta el arroyo<\/strong>&nbsp;de Ingeniero Budge\u201d, precis\u00f3 a esta agencia un pesquisa.<\/p>\n\n\n\n<p>El fiscal Dom\u00ednguez determin\u00f3 en su investigaci\u00f3n que entre las 18 de 18 de julio y las 3 de la madrugada de 19,&nbsp;<strong>los acusados actuaron \u201cde manera premeditada, entre s\u00ed y con una previa divisi\u00f3n de tareas\u201d<\/strong>, para asesinar a \u201cLechuga\u201d de dos disparos por la espalda.<\/p>\n\n\n\n<p>Para el representante del Ministerio P\u00fablico, \u201cactuaron con alevos\u00eda, vali\u00e9ndose en tal sentido del estado de indefensi\u00f3n que se encontraba la victima al hab\u00e9rsele disparado por la espalda y por codicia, al reportarles el citado homicidio un r\u00e9dito econ\u00f3mico ilegitimo\u201d, ya que&nbsp;<strong>Pilepich ten\u00eda una deuda con P\u00e9rez Algaba<\/strong>.<\/p>\n\n\n\n<p>\u201cSiguiendo con dicho plan criminal en lugar y en momento a\u00fan no determinado,&nbsp;<strong>seccionaron y embalaron el cuerpo de Fernando Alejandro P\u00e9rez Algaba<\/strong>&nbsp;y, previo a colocarlo en una valija de color roja con vivos negros de marca Brandy, en una mochila de color negra (&#8230;) y en un envoltorio confeccionado con bolsas de nylon negra, tipo consorcio,&nbsp;<strong>lo arrojaron en el Arroyo del Rey<\/strong>\u201d, indic\u00f3 el fiscal en su pedido de detenci\u00f3n y allanamientos.<\/p>\n\n\n\n<p>\u201cLa presencia de Pilepich el 19 de julio a la madrugada en la zona de Ingeniero Budge, espec\u00edficamente en donde impacta la antena correspondiente al domicilio perteneciente a Contreras, como as\u00ed tambi\u00e9n los m\u00faltiples llamados entre Pilepich, Carrizo y Contreras en esas ocasiones, se desprende, palmariamente la estrecha vinculaci\u00f3n entre ambos\u201d, indic\u00f3 el fiscal.<\/p>\n\n\n\n<p>Un investigador asegur\u00f3 a T\u00e9lam que <strong>Pilepich y Contreras \u201cestaban relacionados en una causa por robos\u201d<\/strong>&nbsp;y que la pareja de \u00e9ste \u00faltimo declar\u00f3 haber visto a \u201cCooper\u201d, el bulldog franc\u00e9s propiedad de P\u00e9rez Algaba, en su domicilio.<\/p>\n\n\n\n<p>Seg\u00fan consta en el expediente,&nbsp;<strong>uno de los \u00faltimos lugares donde tuvo actividad el tel\u00e9fono del empresario fue en el predio rural Renacer<\/strong>, de la localidad bonaerense de General Rodr\u00edguez, donde el 18 de julio se reuni\u00f3 con su examigo Nahuel Vargas y su exsocio Maximiliano Pilepich, con quien compart\u00eda un emprendimiento de venta de lotes, para cobrar una deuda en d\u00f3lares.<\/p>\n\n\n\n<p>Hasta all\u00ed el empresario lleg\u00f3 junto a Vargas cerca de las 17.30 de ese d\u00eda en una camioneta Range Rover Evoque modelo 2012 que Pilepich le hab\u00eda prestado en los d\u00edas previos y que, al cabo de ese mismo encuentro, supuestamente \u00abLechuga\u00bb le devolvi\u00f3.<\/p>\n\n\n\n<p>Es que, al declarar inicialmente como testigo,&nbsp;<strong>Pilepich dijo que lleg\u00f3 a Renacer en su camioneta Mercedes Benz G500 y que tras pagarle a \u201cLechuga\u201d una deuda regres\u00f3 con Vargas para la zona de su casa a bordo de la Range Rover&nbsp;<\/strong>que le habr\u00eda prestado a la v\u00edctima, quien se qued\u00f3 en el predio esperando que alguien lo pasara a buscar y esa fue la \u00faltima vez que lo vio.<\/p>\n\n\n\n<p>Hasta hoy solo estaba detenida en la causa una&nbsp;<strong>mujer trans identificada como Alma Nicol Chamorro<\/strong>, due\u00f1a de la valija en la que aparecieron parte de los restos del empresario el 22 de julio \u00faltimo y a quien se le imputa el delito de&nbsp;<strong>part\u00edcipe secundaria<\/strong>&nbsp;de homicidio.<\/p>\n\n\n\n<p><strong>La desaparici\u00f3n del empresario fue denunciada por la due\u00f1a del departamento que \u00e9ste le hab\u00eda alquilado en Ituzaing\u00f3&nbsp;<\/strong>de manera temporal entre el 12 y 19 de julio \u00faltimos, quien al no tener noticias suyas y no recibir respuesta a sus mensajes, decidi\u00f3 acudir a la polic\u00eda.<\/p>\n\n\n\n<p>Los voceros dijeron que de la autopsia realizada al cuerpo surgi\u00f3 que P\u00e9rez Algaba fue&nbsp;<strong>ejecutado de dos disparos por la espalda y que fue descuartizado tras su muerte<\/strong>.<\/p>\n","protected":false},"excerpt":{"rendered":"<p>Tres personas fueron detenidas\u00a0este lunes, acusadas del\u00a0homicidio de Fernando P\u00e9rez Algaba, el hombre de 41 a\u00f1os hallado descuartizado dentro de una valija en un arroyo de la localidad bonaerense de&hellip;<\/p>\n","protected":false},"author":3,"featured_media":234114,"comment_status":"closed","ping_status":"open","sticky":false,"template":"","format":"standard","meta":{"_acf_changed":false,"footnotes":""},"categories":[1,12],"tags":[],"class_list":["post-234112","post","type-post","status-publish","format-standard","has-post-thumbnail","hentry","category-es-noticia","category-sociedad"],"acf":[],"yoast_head":"<!-- This site is optimized with the Yoast SEO plugin v27.5 - https:\/\/yoast.com\/product\/yoast-seo-wordpress\/ -->\n<title>Caso P\u00e9rez Algaba: tres detenidos y dos pr\u00f3fugos por el crimen del empresario descuartizado - Diario Textual<\/title>\n<meta name=\"robots\" content=\"index, follow, max-snippet:-1, max-image-preview:large, max-video-preview:-1\" \/>\n<link rel=\"canonical\" href=\"https:\/\/diariotextual.com\/inicio\/index.php\/2023\/08\/14\/caso-perez-algaba-tres-detenidos-y-dos-profugos-por-el-crimen-del-empresario-descuartizado\/\" \/>\n<meta property=\"og:locale\" content=\"es_ES\" \/>\n<meta property=\"og:type\" content=\"article\" \/>\n<meta property=\"og:title\" content=\"Caso P\u00e9rez Algaba: tres detenidos y dos pr\u00f3fugos por el crimen del empresario descuartizado - Diario Textual\" \/>\n<meta property=\"og:description\" content=\"Tres personas fueron detenidas\u00a0este lunes, acusadas del\u00a0homicidio de Fernando P\u00e9rez Algaba, el hombre de 41 a\u00f1os hallado descuartizado dentro de una valija en un arroyo de la localidad bonaerense de&hellip;\" \/>\n<meta property=\"og:url\" content=\"https:\/\/diariotextual.com\/inicio\/index.php\/2023\/08\/14\/caso-perez-algaba-tres-detenidos-y-dos-profugos-por-el-crimen-del-empresario-descuartizado\/\" \/>\n<meta property=\"og:site_name\" content=\"Diario Textual\" \/>\n<meta property=\"article:publisher\" content=\"https:\/\/www.facebook.com\/eltextual\" \/>\n<meta property=\"article:published_time\" content=\"2023-08-14T20:07:25+00:00\" \/>\n<meta property=\"article:modified_time\" content=\"2023-08-14T20:07:27+00:00\" \/>\n<meta property=\"og:image\" content=\"https:\/\/diariotextual.com\/inicio\/wp-content\/uploads\/2023\/08\/perezalgabafernandolechuga2023-1.jpg\" \/>\n\t<meta property=\"og:image:width\" content=\"960\" \/>\n\t<meta property=\"og:image:height\" content=\"640\" \/>\n\t<meta property=\"og:image:type\" content=\"image\/jpeg\" \/>\n<meta name=\"author\" content=\"Diario1 Diario1\" \/>\n<meta name=\"twitter:card\" content=\"summary_large_image\" \/>\n<meta name=\"twitter:creator\" content=\"@eltextual\" \/>\n<meta name=\"twitter:site\" content=\"@eltextual\" \/>\n<meta name=\"twitter:label1\" content=\"Escrito por\" \/>\n\t<meta name=\"twitter:data1\" content=\"Diario1 Diario1\" \/>\n\t<meta name=\"twitter:label2\" content=\"Tiempo de lectura\" \/>\n\t<meta name=\"twitter:data2\" content=\"5 minutos\" \/>\n<script type=\"application\/ld+json\" class=\"yoast-schema-graph\">{\"@context\":\"https:\\\/\\\/schema.org\",\"@graph\":[{\"@type\":\"Article\",\"@id\":\"https:\\\/\\\/diariotextual.com\\\/inicio\\\/index.php\\\/2023\\\/08\\\/14\\\/caso-perez-algaba-tres-detenidos-y-dos-profugos-por-el-crimen-del-empresario-descuartizado\\\/#article\",\"isPartOf\":{\"@id\":\"https:\\\/\\\/diariotextual.com\\\/inicio\\\/index.php\\\/2023\\\/08\\\/14\\\/caso-perez-algaba-tres-detenidos-y-dos-profugos-por-el-crimen-del-empresario-descuartizado\\\/\"},\"author\":{\"name\":\"Diario1 Diario1\",\"@id\":\"https:\\\/\\\/diariotextual.com\\\/inicio\\\/#\\\/schema\\\/person\\\/418fc4093c33e86ed41562db3508f958\"},\"headline\":\"Caso P\u00e9rez Algaba: tres detenidos y dos pr\u00f3fugos por el crimen del empresario descuartizado\",\"datePublished\":\"2023-08-14T20:07:25+00:00\",\"dateModified\":\"2023-08-14T20:07:27+00:00\",\"mainEntityOfPage\":{\"@id\":\"https:\\\/\\\/diariotextual.com\\\/inicio\\\/index.php\\\/2023\\\/08\\\/14\\\/caso-perez-algaba-tres-detenidos-y-dos-profugos-por-el-crimen-del-empresario-descuartizado\\\/\"},\"wordCount\":1111,\"publisher\":{\"@id\":\"https:\\\/\\\/diariotextual.com\\\/inicio\\\/#organization\"},\"image\":{\"@id\":\"https:\\\/\\\/diariotextual.com\\\/inicio\\\/index.php\\\/2023\\\/08\\\/14\\\/caso-perez-algaba-tres-detenidos-y-dos-profugos-por-el-crimen-del-empresario-descuartizado\\\/#primaryimage\"},\"thumbnailUrl\":\"https:\\\/\\\/diariotextual.com\\\/inicio\\\/wp-content\\\/uploads\\\/2023\\\/08\\\/perezalgabafernandolechuga2023-1.jpg\",\"articleSection\":[\"A - ES NOTICIA (van abajo)\",\"SOCIEDAD\"],\"inLanguage\":\"es\"},{\"@type\":\"WebPage\",\"@id\":\"https:\\\/\\\/diariotextual.com\\\/inicio\\\/index.php\\\/2023\\\/08\\\/14\\\/caso-perez-algaba-tres-detenidos-y-dos-profugos-por-el-crimen-del-empresario-descuartizado\\\/\",\"url\":\"https:\\\/\\\/diariotextual.com\\\/inicio\\\/index.php\\\/2023\\\/08\\\/14\\\/caso-perez-algaba-tres-detenidos-y-dos-profugos-por-el-crimen-del-empresario-descuartizado\\\/\",\"name\":\"Caso P\u00e9rez Algaba: tres detenidos y dos pr\u00f3fugos por el crimen del empresario descuartizado - Diario Textual\",\"isPartOf\":{\"@id\":\"https:\\\/\\\/diariotextual.com\\\/inicio\\\/#website\"},\"primaryImageOfPage\":{\"@id\":\"https:\\\/\\\/diariotextual.com\\\/inicio\\\/index.php\\\/2023\\\/08\\\/14\\\/caso-perez-algaba-tres-detenidos-y-dos-profugos-por-el-crimen-del-empresario-descuartizado\\\/#primaryimage\"},\"image\":{\"@id\":\"https:\\\/\\\/diariotextual.com\\\/inicio\\\/index.php\\\/2023\\\/08\\\/14\\\/caso-perez-algaba-tres-detenidos-y-dos-profugos-por-el-crimen-del-empresario-descuartizado\\\/#primaryimage\"},\"thumbnailUrl\":\"https:\\\/\\\/diariotextual.com\\\/inicio\\\/wp-content\\\/uploads\\\/2023\\\/08\\\/perezalgabafernandolechuga2023-1.jpg\",\"datePublished\":\"2023-08-14T20:07:25+00:00\",\"dateModified\":\"2023-08-14T20:07:27+00:00\",\"breadcrumb\":{\"@id\":\"https:\\\/\\\/diariotextual.com\\\/inicio\\\/index.php\\\/2023\\\/08\\\/14\\\/caso-perez-algaba-tres-detenidos-y-dos-profugos-por-el-crimen-del-empresario-descuartizado\\\/#breadcrumb\"},\"inLanguage\":\"es\",\"potentialAction\":[{\"@type\":\"ReadAction\",\"target\":[\"https:\\\/\\\/diariotextual.com\\\/inicio\\\/index.php\\\/2023\\\/08\\\/14\\\/caso-perez-algaba-tres-detenidos-y-dos-profugos-por-el-crimen-del-empresario-descuartizado\\\/\"]}]},{\"@type\":\"ImageObject\",\"inLanguage\":\"es\",\"@id\":\"https:\\\/\\\/diariotextual.com\\\/inicio\\\/index.php\\\/2023\\\/08\\\/14\\\/caso-perez-algaba-tres-detenidos-y-dos-profugos-por-el-crimen-del-empresario-descuartizado\\\/#primaryimage\",\"url\":\"https:\\\/\\\/diariotextual.com\\\/inicio\\\/wp-content\\\/uploads\\\/2023\\\/08\\\/perezalgabafernandolechuga2023-1.jpg\",\"contentUrl\":\"https:\\\/\\\/diariotextual.com\\\/inicio\\\/wp-content\\\/uploads\\\/2023\\\/08\\\/perezalgabafernandolechuga2023-1.jpg\",\"width\":960,\"height\":640},{\"@type\":\"BreadcrumbList\",\"@id\":\"https:\\\/\\\/diariotextual.com\\\/inicio\\\/index.php\\\/2023\\\/08\\\/14\\\/caso-perez-algaba-tres-detenidos-y-dos-profugos-por-el-crimen-del-empresario-descuartizado\\\/#breadcrumb\",\"itemListElement\":[{\"@type\":\"ListItem\",\"position\":1,\"name\":\"Portada\",\"item\":\"https:\\\/\\\/diariotextual.com\\\/inicio\\\/\"},{\"@type\":\"ListItem\",\"position\":2,\"name\":\"Caso P\u00e9rez Algaba: tres detenidos y dos pr\u00f3fugos por el crimen del empresario descuartizado\"}]},{\"@type\":\"WebSite\",\"@id\":\"https:\\\/\\\/diariotextual.com\\\/inicio\\\/#website\",\"url\":\"https:\\\/\\\/diariotextual.com\\\/inicio\\\/\",\"name\":\"Diario Textual\",\"description\":\"\",\"publisher\":{\"@id\":\"https:\\\/\\\/diariotextual.com\\\/inicio\\\/#organization\"},\"potentialAction\":[{\"@type\":\"SearchAction\",\"target\":{\"@type\":\"EntryPoint\",\"urlTemplate\":\"https:\\\/\\\/diariotextual.com\\\/inicio\\\/?s={search_term_string}\"},\"query-input\":{\"@type\":\"PropertyValueSpecification\",\"valueRequired\":true,\"valueName\":\"search_term_string\"}}],\"inLanguage\":\"es\"},{\"@type\":\"Organization\",\"@id\":\"https:\\\/\\\/diariotextual.com\\\/inicio\\\/#organization\",\"name\":\"Diario Textual\",\"url\":\"https:\\\/\\\/diariotextual.com\\\/inicio\\\/\",\"logo\":{\"@type\":\"ImageObject\",\"inLanguage\":\"es\",\"@id\":\"https:\\\/\\\/diariotextual.com\\\/inicio\\\/#\\\/schema\\\/logo\\\/image\\\/\",\"url\":\"https:\\\/\\\/diariotextual.com\\\/inicio\\\/wp-content\\\/uploads\\\/2023\\\/05\\\/logotextual1.jpg\",\"contentUrl\":\"https:\\\/\\\/diariotextual.com\\\/inicio\\\/wp-content\\\/uploads\\\/2023\\\/05\\\/logotextual1.jpg\",\"width\":516,\"height\":76,\"caption\":\"Diario Textual\"},\"image\":{\"@id\":\"https:\\\/\\\/diariotextual.com\\\/inicio\\\/#\\\/schema\\\/logo\\\/image\\\/\"},\"sameAs\":[\"https:\\\/\\\/www.facebook.com\\\/eltextual\",\"https:\\\/\\\/x.com\\\/eltextual\",\"http:\\\/\\\/www.instagram.com\\\/eltextual\"]},{\"@type\":\"Person\",\"@id\":\"https:\\\/\\\/diariotextual.com\\\/inicio\\\/#\\\/schema\\\/person\\\/418fc4093c33e86ed41562db3508f958\",\"name\":\"Diario1 Diario1\",\"image\":{\"@type\":\"ImageObject\",\"inLanguage\":\"es\",\"@id\":\"https:\\\/\\\/secure.gravatar.com\\\/avatar\\\/9167d280179c85bc18be67aa7eda765854300033af4896dd779b608640f2ef7a?s=96&d=mm&r=g\",\"url\":\"https:\\\/\\\/secure.gravatar.com\\\/avatar\\\/9167d280179c85bc18be67aa7eda765854300033af4896dd779b608640f2ef7a?s=96&d=mm&r=g\",\"contentUrl\":\"https:\\\/\\\/secure.gravatar.com\\\/avatar\\\/9167d280179c85bc18be67aa7eda765854300033af4896dd779b608640f2ef7a?s=96&d=mm&r=g\",\"caption\":\"Diario1 Diario1\"},\"url\":\"https:\\\/\\\/diariotextual.com\\\/inicio\\\/index.php\\\/author\\\/diario1\\\/\"}]}<\/script>\n<!-- \/ Yoast SEO plugin. -->","yoast_head_json":{"title":"Caso P\u00e9rez Algaba: tres detenidos y dos pr\u00f3fugos por el crimen del empresario descuartizado - Diario Textual","robots":{"index":"index","follow":"follow","max-snippet":"max-snippet:-1","max-image-preview":"max-image-preview:large","max-video-preview":"max-video-preview:-1"},"canonical":"https:\/\/diariotextual.com\/inicio\/index.php\/2023\/08\/14\/caso-perez-algaba-tres-detenidos-y-dos-profugos-por-el-crimen-del-empresario-descuartizado\/","og_locale":"es_ES","og_type":"article","og_title":"Caso P\u00e9rez Algaba: tres detenidos y dos pr\u00f3fugos por el crimen del empresario descuartizado - Diario Textual","og_description":"Tres personas fueron detenidas\u00a0este lunes, acusadas del\u00a0homicidio de Fernando P\u00e9rez Algaba, el hombre de 41 a\u00f1os hallado descuartizado dentro de una valija en un arroyo de la localidad bonaerense de&hellip;","og_url":"https:\/\/diariotextual.com\/inicio\/index.php\/2023\/08\/14\/caso-perez-algaba-tres-detenidos-y-dos-profugos-por-el-crimen-del-empresario-descuartizado\/","og_site_name":"Diario Textual","article_publisher":"https:\/\/www.facebook.com\/eltextual","article_published_time":"2023-08-14T20:07:25+00:00","article_modified_time":"2023-08-14T20:07:27+00:00","og_image":[{"width":960,"height":640,"url":"https:\/\/diariotextual.com\/inicio\/wp-content\/uploads\/2023\/08\/perezalgabafernandolechuga2023-1.jpg","type":"image\/jpeg"}],"author":"Diario1 Diario1","twitter_card":"summary_large_image","twitter_creator":"@eltextual","twitter_site":"@eltextual","twitter_misc":{"Escrito por":"Diario1 Diario1","Tiempo de lectura":"5 minutos"},"schema":{"@context":"https:\/\/schema.org","@graph":[{"@type":"Article","@id":"https:\/\/diariotextual.com\/inicio\/index.php\/2023\/08\/14\/caso-perez-algaba-tres-detenidos-y-dos-profugos-por-el-crimen-del-empresario-descuartizado\/#article","isPartOf":{"@id":"https:\/\/diariotextual.com\/inicio\/index.php\/2023\/08\/14\/caso-perez-algaba-tres-detenidos-y-dos-profugos-por-el-crimen-del-empresario-descuartizado\/"},"author":{"name":"Diario1 Diario1","@id":"https:\/\/diariotextual.com\/inicio\/#\/schema\/person\/418fc4093c33e86ed41562db3508f958"},"headline":"Caso P\u00e9rez Algaba: tres detenidos y dos pr\u00f3fugos por el crimen del empresario descuartizado","datePublished":"2023-08-14T20:07:25+00:00","dateModified":"2023-08-14T20:07:27+00:00","mainEntityOfPage":{"@id":"https:\/\/diariotextual.com\/inicio\/index.php\/2023\/08\/14\/caso-perez-algaba-tres-detenidos-y-dos-profugos-por-el-crimen-del-empresario-descuartizado\/"},"wordCount":1111,"publisher":{"@id":"https:\/\/diariotextual.com\/inicio\/#organization"},"image":{"@id":"https:\/\/diariotextual.com\/inicio\/index.php\/2023\/08\/14\/caso-perez-algaba-tres-detenidos-y-dos-profugos-por-el-crimen-del-empresario-descuartizado\/#primaryimage"},"thumbnailUrl":"https:\/\/diariotextual.com\/inicio\/wp-content\/uploads\/2023\/08\/perezalgabafernandolechuga2023-1.jpg","articleSection":["A - ES NOTICIA (van abajo)","SOCIEDAD"],"inLanguage":"es"},{"@type":"WebPage","@id":"https:\/\/diariotextual.com\/inicio\/index.php\/2023\/08\/14\/caso-perez-algaba-tres-detenidos-y-dos-profugos-por-el-crimen-del-empresario-descuartizado\/","url":"https:\/\/diariotextual.com\/inicio\/index.php\/2023\/08\/14\/caso-perez-algaba-tres-detenidos-y-dos-profugos-por-el-crimen-del-empresario-descuartizado\/","name":"Caso P\u00e9rez Algaba: tres detenidos y dos pr\u00f3fugos por el crimen del empresario descuartizado - Diario Textual","isPartOf":{"@id":"https:\/\/diariotextual.com\/inicio\/#website"},"primaryImageOfPage":{"@id":"https:\/\/diariotextual.com\/inicio\/index.php\/2023\/08\/14\/caso-perez-algaba-tres-detenidos-y-dos-profugos-por-el-crimen-del-empresario-descuartizado\/#primaryimage"},"image":{"@id":"https:\/\/diariotextual.com\/inicio\/index.php\/2023\/08\/14\/caso-perez-algaba-tres-detenidos-y-dos-profugos-por-el-crimen-del-empresario-descuartizado\/#primaryimage"},"thumbnailUrl":"https:\/\/diariotextual.com\/inicio\/wp-content\/uploads\/2023\/08\/perezalgabafernandolechuga2023-1.jpg","datePublished":"2023-08-14T20:07:25+00:00","dateModified":"2023-08-14T20:07:27+00:00","breadcrumb":{"@id":"https:\/\/diariotextual.com\/inicio\/index.php\/2023\/08\/14\/caso-perez-algaba-tres-detenidos-y-dos-profugos-por-el-crimen-del-empresario-descuartizado\/#breadcrumb"},"inLanguage":"es","potentialAction":[{"@type":"ReadAction","target":["https:\/\/diariotextual.com\/inicio\/index.php\/2023\/08\/14\/caso-perez-algaba-tres-detenidos-y-dos-profugos-por-el-crimen-del-empresario-descuartizado\/"]}]},{"@type":"ImageObject","inLanguage":"es","@id":"https:\/\/diariotextual.com\/inicio\/index.php\/2023\/08\/14\/caso-perez-algaba-tres-detenidos-y-dos-profugos-por-el-crimen-del-empresario-descuartizado\/#primaryimage","url":"https:\/\/diariotextual.com\/inicio\/wp-content\/uploads\/2023\/08\/perezalgabafernandolechuga2023-1.jpg","contentUrl":"https:\/\/diariotextual.com\/inicio\/wp-content\/uploads\/2023\/08\/perezalgabafernandolechuga2023-1.jpg","width":960,"height":640},{"@type":"BreadcrumbList","@id":"https:\/\/diariotextual.com\/inicio\/index.php\/2023\/08\/14\/caso-perez-algaba-tres-detenidos-y-dos-profugos-por-el-crimen-del-empresario-descuartizado\/#breadcrumb","itemListElement":[{"@type":"ListItem","position":1,"name":"Portada","item":"https:\/\/diariotextual.com\/inicio\/"},{"@type":"ListItem","position":2,"name":"Caso P\u00e9rez Algaba: tres detenidos y dos pr\u00f3fugos por el crimen del empresario descuartizado"}]},{"@type":"WebSite","@id":"https:\/\/diariotextual.com\/inicio\/#website","url":"https:\/\/diariotextual.com\/inicio\/","name":"Diario Textual","description":"","publisher":{"@id":"https:\/\/diariotextual.com\/inicio\/#organization"},"potentialAction":[{"@type":"SearchAction","target":{"@type":"EntryPoint","urlTemplate":"https:\/\/diariotextual.com\/inicio\/?s={search_term_string}"},"query-input":{"@type":"PropertyValueSpecification","valueRequired":true,"valueName":"search_term_string"}}],"inLanguage":"es"},{"@type":"Organization","@id":"https:\/\/diariotextual.com\/inicio\/#organization","name":"Diario Textual","url":"https:\/\/diariotextual.com\/inicio\/","logo":{"@type":"ImageObject","inLanguage":"es","@id":"https:\/\/diariotextual.com\/inicio\/#\/schema\/logo\/image\/","url":"https:\/\/diariotextual.com\/inicio\/wp-content\/uploads\/2023\/05\/logotextual1.jpg","contentUrl":"https:\/\/diariotextual.com\/inicio\/wp-content\/uploads\/2023\/05\/logotextual1.jpg","width":516,"height":76,"caption":"Diario Textual"},"image":{"@id":"https:\/\/diariotextual.com\/inicio\/#\/schema\/logo\/image\/"},"sameAs":["https:\/\/www.facebook.com\/eltextual","https:\/\/x.com\/eltextual","http:\/\/www.instagram.com\/eltextual"]},{"@type":"Person","@id":"https:\/\/diariotextual.com\/inicio\/#\/schema\/person\/418fc4093c33e86ed41562db3508f958","name":"Diario1 Diario1","image":{"@type":"ImageObject","inLanguage":"es","@id":"https:\/\/secure.gravatar.com\/avatar\/9167d280179c85bc18be67aa7eda765854300033af4896dd779b608640f2ef7a?s=96&d=mm&r=g","url":"https:\/\/secure.gravatar.com\/avatar\/9167d280179c85bc18be67aa7eda765854300033af4896dd779b608640f2ef7a?s=96&d=mm&r=g","contentUrl":"https:\/\/secure.gravatar.com\/avatar\/9167d280179c85bc18be67aa7eda765854300033af4896dd779b608640f2ef7a?s=96&d=mm&r=g","caption":"Diario1 Diario1"},"url":"https:\/\/diariotextual.com\/inicio\/index.php\/author\/diario1\/"}]}},"_links":{"self":[{"href":"https:\/\/diariotextual.com\/inicio\/index.php\/wp-json\/wp\/v2\/posts\/234112","targetHints":{"allow":["GET"]}}],"collection":[{"href":"https:\/\/diariotextual.com\/inicio\/index.php\/wp-json\/wp\/v2\/posts"}],"about":[{"href":"https:\/\/diariotextual.com\/inicio\/index.php\/wp-json\/wp\/v2\/types\/post"}],"author":[{"embeddable":true,"href":"https:\/\/diariotextual.com\/inicio\/index.php\/wp-json\/wp\/v2\/users\/3"}],"replies":[{"embeddable":true,"href":"https:\/\/diariotextual.com\/inicio\/index.php\/wp-json\/wp\/v2\/comments?post=234112"}],"version-history":[{"count":2,"href":"https:\/\/diariotextual.com\/inicio\/index.php\/wp-json\/wp\/v2\/posts\/234112\/revisions"}],"predecessor-version":[{"id":234115,"href":"https:\/\/diariotextual.com\/inicio\/index.php\/wp-json\/wp\/v2\/posts\/234112\/revisions\/234115"}],"wp:featuredmedia":[{"embeddable":true,"href":"https:\/\/diariotextual.com\/inicio\/index.php\/wp-json\/wp\/v2\/media\/234114"}],"wp:attachment":[{"href":"https:\/\/diariotextual.com\/inicio\/index.php\/wp-json\/wp\/v2\/media?parent=234112"}],"wp:term":[{"taxonomy":"category","embeddable":true,"href":"https:\/\/diariotextual.com\/inicio\/index.php\/wp-json\/wp\/v2\/categories?post=234112"},{"taxonomy":"post_tag","embeddable":true,"href":"https:\/\/diariotextual.com\/inicio\/index.php\/wp-json\/wp\/v2\/tags?post=234112"}],"curies":[{"name":"wp","href":"https:\/\/api.w.org\/{rel}","templated":true}]}}