{"id":234134,"date":"2023-08-14T20:52:12","date_gmt":"2023-08-14T23:52:12","guid":{"rendered":"https:\/\/diariotextual.com\/inicio\/?p=234134"},"modified":"2023-08-14T20:52:14","modified_gmt":"2023-08-14T23:52:14","slug":"asesinaron-a-una-mujer-en-tucuman-fue-apunalada-y-sufrio-heridas-de-quemaduras","status":"publish","type":"post","link":"https:\/\/diariotextual.com\/inicio\/index.php\/2023\/08\/14\/asesinaron-a-una-mujer-en-tucuman-fue-apunalada-y-sufrio-heridas-de-quemaduras\/","title":{"rendered":"Asesinaron a una mujer en Tucum\u00e1n: fue apu\u00f1alada y sufri\u00f3 heridas de quemaduras"},"content":{"rendered":"\n<p>Una mujer fue asesinada a pu\u00f1aladas en las \u00faltimas horas en San Miguel de Tucum\u00e1n. La Justicia investiga si se trat\u00f3 de un femicidio. Mirta Lazarte (56 a\u00f1os), quien se desempe\u00f1aba como secretaria en un colegio, fue encontrada muerta por un vecino en su casa, ubicada en Pasaje Jap\u00f3n al 1600 del barrio Victoria.<\/p>\n\n\n\n<p>El hombre la hall\u00f3 este domingo cuando regres\u00f3 de votar en las elecciones Primarias, Abiertas, Simult\u00e1neas y Obligatorias (PASO) 2023. Entonces, not\u00f3 que la puerta de la vivienda de la v\u00edctima estaba abierta e ingres\u00f3 ya que no obten\u00eda respuestas de su parte.<\/p>\n\n\n\n<p>Los investigadores determinaron que Lazarte fue encontrada sin vida con \u201cm\u00faltiples heridas cortantes y quemaduras\u201d, en su domicilio.<\/p>\n\n\n\n<p>En el caso investigan la Unidad Fiscal de Homicidios, a cargo de Ignacio L\u00f3pez Bustos, la Divisi\u00f3n homicidios de la Comisar\u00eda XIII de la pol\u00edtica provincial y el Equipo Cient\u00edfico de Investigaciones Fiscales (ECIF).<\/p>\n\n\n\n<p>La principal hip\u00f3tesis que se contempla en la causa es que Lazarte habr\u00eda sido v\u00edctima de un femicidio.<\/p>\n\n\n\n<p>El cuerpo de Lazarte, que era auxiliar de secretaria en la Escuela 277 \u201cJos\u00e9 Mariano Serrano\u201d, ser\u00e1 sometido a una autopsia en el Hospital Padilla, donde fue trasladada en las \u00faltimas horas.<\/p>\n","protected":false},"excerpt":{"rendered":"<p>Una mujer fue asesinada a pu\u00f1aladas en las \u00faltimas horas en San Miguel de Tucum\u00e1n. La Justicia investiga si se trat\u00f3 de un femicidio. Mirta Lazarte (56 a\u00f1os), quien se&hellip;<\/p>\n","protected":false},"author":5,"featured_media":234135,"comment_status":"closed","ping_status":"open","sticky":false,"template":"","format":"standard","meta":{"_acf_changed":false,"footnotes":""},"categories":[1,12],"tags":[755,2425],"class_list":["post-234134","post","type-post","status-publish","format-standard","has-post-thumbnail","hentry","category-es-noticia","category-sociedad","tag-femicidio","tag-tucuman"],"acf":[],"yoast_head":"<!-- This site is optimized with the Yoast SEO plugin v27.5 - https:\/\/yoast.com\/product\/yoast-seo-wordpress\/ -->\n<title>Asesinaron a una mujer en Tucum\u00e1n: fue apu\u00f1alada y sufri\u00f3 heridas de quemaduras - Diario Textual<\/title>\n<meta name=\"robots\" content=\"index, follow, max-snippet:-1, max-image-preview:large, max-video-preview:-1\" \/>\n<link rel=\"canonical\" href=\"https:\/\/diariotextual.com\/inicio\/index.php\/2023\/08\/14\/asesinaron-a-una-mujer-en-tucuman-fue-apunalada-y-sufrio-heridas-de-quemaduras\/\" \/>\n<meta property=\"og:locale\" content=\"es_ES\" \/>\n<meta property=\"og:type\" content=\"article\" \/>\n<meta property=\"og:title\" content=\"Asesinaron a una mujer en Tucum\u00e1n: fue apu\u00f1alada y sufri\u00f3 heridas de quemaduras - Diario Textual\" \/>\n<meta property=\"og:description\" content=\"Una mujer fue asesinada a pu\u00f1aladas en las \u00faltimas horas en San Miguel de Tucum\u00e1n. La Justicia investiga si se trat\u00f3 de un femicidio. Mirta Lazarte (56 a\u00f1os), quien se&hellip;\" \/>\n<meta property=\"og:url\" content=\"https:\/\/diariotextual.com\/inicio\/index.php\/2023\/08\/14\/asesinaron-a-una-mujer-en-tucuman-fue-apunalada-y-sufrio-heridas-de-quemaduras\/\" \/>\n<meta property=\"og:site_name\" content=\"Diario Textual\" \/>\n<meta property=\"article:publisher\" content=\"https:\/\/www.facebook.com\/eltextual\" \/>\n<meta property=\"article:published_time\" content=\"2023-08-14T23:52:12+00:00\" \/>\n<meta property=\"article:modified_time\" content=\"2023-08-14T23:52:14+00:00\" \/>\n<meta property=\"og:image\" content=\"https:\/\/diariotextual.com\/inicio\/wp-content\/uploads\/2023\/08\/femicidiotucuman2023.jpeg\" \/>\n\t<meta property=\"og:image:width\" content=\"900\" \/>\n\t<meta property=\"og:image:height\" content=\"506\" \/>\n\t<meta property=\"og:image:type\" content=\"image\/jpeg\" \/>\n<meta name=\"author\" content=\"diario3\" \/>\n<meta name=\"twitter:card\" content=\"summary_large_image\" \/>\n<meta name=\"twitter:creator\" content=\"@eltextual\" \/>\n<meta name=\"twitter:site\" content=\"@eltextual\" \/>\n<meta name=\"twitter:label1\" content=\"Escrito por\" \/>\n\t<meta name=\"twitter:data1\" content=\"diario3\" \/>\n\t<meta name=\"twitter:label2\" content=\"Tiempo de lectura\" \/>\n\t<meta name=\"twitter:data2\" content=\"1 minuto\" \/>\n<script type=\"application\/ld+json\" class=\"yoast-schema-graph\">{\"@context\":\"https:\\\/\\\/schema.org\",\"@graph\":[{\"@type\":\"Article\",\"@id\":\"https:\\\/\\\/diariotextual.com\\\/inicio\\\/index.php\\\/2023\\\/08\\\/14\\\/asesinaron-a-una-mujer-en-tucuman-fue-apunalada-y-sufrio-heridas-de-quemaduras\\\/#article\",\"isPartOf\":{\"@id\":\"https:\\\/\\\/diariotextual.com\\\/inicio\\\/index.php\\\/2023\\\/08\\\/14\\\/asesinaron-a-una-mujer-en-tucuman-fue-apunalada-y-sufrio-heridas-de-quemaduras\\\/\"},\"author\":{\"name\":\"diario3\",\"@id\":\"https:\\\/\\\/diariotextual.com\\\/inicio\\\/#\\\/schema\\\/person\\\/a1b6f563e0ee944c60f98119389a4d9f\"},\"headline\":\"Asesinaron a una mujer en Tucum\u00e1n: fue apu\u00f1alada y sufri\u00f3 heridas de quemaduras\",\"datePublished\":\"2023-08-14T23:52:12+00:00\",\"dateModified\":\"2023-08-14T23:52:14+00:00\",\"mainEntityOfPage\":{\"@id\":\"https:\\\/\\\/diariotextual.com\\\/inicio\\\/index.php\\\/2023\\\/08\\\/14\\\/asesinaron-a-una-mujer-en-tucuman-fue-apunalada-y-sufrio-heridas-de-quemaduras\\\/\"},\"wordCount\":227,\"publisher\":{\"@id\":\"https:\\\/\\\/diariotextual.com\\\/inicio\\\/#organization\"},\"image\":{\"@id\":\"https:\\\/\\\/diariotextual.com\\\/inicio\\\/index.php\\\/2023\\\/08\\\/14\\\/asesinaron-a-una-mujer-en-tucuman-fue-apunalada-y-sufrio-heridas-de-quemaduras\\\/#primaryimage\"},\"thumbnailUrl\":\"https:\\\/\\\/diariotextual.com\\\/inicio\\\/wp-content\\\/uploads\\\/2023\\\/08\\\/femicidiotucuman2023.jpeg\",\"keywords\":[\"femicidio\",\"tucuman\"],\"articleSection\":[\"A - ES NOTICIA (van abajo)\",\"SOCIEDAD\"],\"inLanguage\":\"es\"},{\"@type\":\"WebPage\",\"@id\":\"https:\\\/\\\/diariotextual.com\\\/inicio\\\/index.php\\\/2023\\\/08\\\/14\\\/asesinaron-a-una-mujer-en-tucuman-fue-apunalada-y-sufrio-heridas-de-quemaduras\\\/\",\"url\":\"https:\\\/\\\/diariotextual.com\\\/inicio\\\/index.php\\\/2023\\\/08\\\/14\\\/asesinaron-a-una-mujer-en-tucuman-fue-apunalada-y-sufrio-heridas-de-quemaduras\\\/\",\"name\":\"Asesinaron a una mujer en Tucum\u00e1n: fue apu\u00f1alada y sufri\u00f3 heridas de quemaduras - Diario Textual\",\"isPartOf\":{\"@id\":\"https:\\\/\\\/diariotextual.com\\\/inicio\\\/#website\"},\"primaryImageOfPage\":{\"@id\":\"https:\\\/\\\/diariotextual.com\\\/inicio\\\/index.php\\\/2023\\\/08\\\/14\\\/asesinaron-a-una-mujer-en-tucuman-fue-apunalada-y-sufrio-heridas-de-quemaduras\\\/#primaryimage\"},\"image\":{\"@id\":\"https:\\\/\\\/diariotextual.com\\\/inicio\\\/index.php\\\/2023\\\/08\\\/14\\\/asesinaron-a-una-mujer-en-tucuman-fue-apunalada-y-sufrio-heridas-de-quemaduras\\\/#primaryimage\"},\"thumbnailUrl\":\"https:\\\/\\\/diariotextual.com\\\/inicio\\\/wp-content\\\/uploads\\\/2023\\\/08\\\/femicidiotucuman2023.jpeg\",\"datePublished\":\"2023-08-14T23:52:12+00:00\",\"dateModified\":\"2023-08-14T23:52:14+00:00\",\"breadcrumb\":{\"@id\":\"https:\\\/\\\/diariotextual.com\\\/inicio\\\/index.php\\\/2023\\\/08\\\/14\\\/asesinaron-a-una-mujer-en-tucuman-fue-apunalada-y-sufrio-heridas-de-quemaduras\\\/#breadcrumb\"},\"inLanguage\":\"es\",\"potentialAction\":[{\"@type\":\"ReadAction\",\"target\":[\"https:\\\/\\\/diariotextual.com\\\/inicio\\\/index.php\\\/2023\\\/08\\\/14\\\/asesinaron-a-una-mujer-en-tucuman-fue-apunalada-y-sufrio-heridas-de-quemaduras\\\/\"]}]},{\"@type\":\"ImageObject\",\"inLanguage\":\"es\",\"@id\":\"https:\\\/\\\/diariotextual.com\\\/inicio\\\/index.php\\\/2023\\\/08\\\/14\\\/asesinaron-a-una-mujer-en-tucuman-fue-apunalada-y-sufrio-heridas-de-quemaduras\\\/#primaryimage\",\"url\":\"https:\\\/\\\/diariotextual.com\\\/inicio\\\/wp-content\\\/uploads\\\/2023\\\/08\\\/femicidiotucuman2023.jpeg\",\"contentUrl\":\"https:\\\/\\\/diariotextual.com\\\/inicio\\\/wp-content\\\/uploads\\\/2023\\\/08\\\/femicidiotucuman2023.jpeg\",\"width\":900,\"height\":506},{\"@type\":\"BreadcrumbList\",\"@id\":\"https:\\\/\\\/diariotextual.com\\\/inicio\\\/index.php\\\/2023\\\/08\\\/14\\\/asesinaron-a-una-mujer-en-tucuman-fue-apunalada-y-sufrio-heridas-de-quemaduras\\\/#breadcrumb\",\"itemListElement\":[{\"@type\":\"ListItem\",\"position\":1,\"name\":\"Portada\",\"item\":\"https:\\\/\\\/diariotextual.com\\\/inicio\\\/\"},{\"@type\":\"ListItem\",\"position\":2,\"name\":\"Asesinaron a una mujer en Tucum\u00e1n: fue apu\u00f1alada y sufri\u00f3 heridas de quemaduras\"}]},{\"@type\":\"WebSite\",\"@id\":\"https:\\\/\\\/diariotextual.com\\\/inicio\\\/#website\",\"url\":\"https:\\\/\\\/diariotextual.com\\\/inicio\\\/\",\"name\":\"Diario Textual\",\"description\":\"\",\"publisher\":{\"@id\":\"https:\\\/\\\/diariotextual.com\\\/inicio\\\/#organization\"},\"potentialAction\":[{\"@type\":\"SearchAction\",\"target\":{\"@type\":\"EntryPoint\",\"urlTemplate\":\"https:\\\/\\\/diariotextual.com\\\/inicio\\\/?s={search_term_string}\"},\"query-input\":{\"@type\":\"PropertyValueSpecification\",\"valueRequired\":true,\"valueName\":\"search_term_string\"}}],\"inLanguage\":\"es\"},{\"@type\":\"Organization\",\"@id\":\"https:\\\/\\\/diariotextual.com\\\/inicio\\\/#organization\",\"name\":\"Diario Textual\",\"url\":\"https:\\\/\\\/diariotextual.com\\\/inicio\\\/\",\"logo\":{\"@type\":\"ImageObject\",\"inLanguage\":\"es\",\"@id\":\"https:\\\/\\\/diariotextual.com\\\/inicio\\\/#\\\/schema\\\/logo\\\/image\\\/\",\"url\":\"https:\\\/\\\/diariotextual.com\\\/inicio\\\/wp-content\\\/uploads\\\/2023\\\/05\\\/logotextual1.jpg\",\"contentUrl\":\"https:\\\/\\\/diariotextual.com\\\/inicio\\\/wp-content\\\/uploads\\\/2023\\\/05\\\/logotextual1.jpg\",\"width\":516,\"height\":76,\"caption\":\"Diario Textual\"},\"image\":{\"@id\":\"https:\\\/\\\/diariotextual.com\\\/inicio\\\/#\\\/schema\\\/logo\\\/image\\\/\"},\"sameAs\":[\"https:\\\/\\\/www.facebook.com\\\/eltextual\",\"https:\\\/\\\/x.com\\\/eltextual\",\"http:\\\/\\\/www.instagram.com\\\/eltextual\"]},{\"@type\":\"Person\",\"@id\":\"https:\\\/\\\/diariotextual.com\\\/inicio\\\/#\\\/schema\\\/person\\\/a1b6f563e0ee944c60f98119389a4d9f\",\"name\":\"diario3\",\"image\":{\"@type\":\"ImageObject\",\"inLanguage\":\"es\",\"@id\":\"https:\\\/\\\/secure.gravatar.com\\\/avatar\\\/5e7ee62c82fc04d9dd79d746a390d93c69c43223e5faeeb3ea9461ef752bfc5d?s=96&d=mm&r=g\",\"url\":\"https:\\\/\\\/secure.gravatar.com\\\/avatar\\\/5e7ee62c82fc04d9dd79d746a390d93c69c43223e5faeeb3ea9461ef752bfc5d?s=96&d=mm&r=g\",\"contentUrl\":\"https:\\\/\\\/secure.gravatar.com\\\/avatar\\\/5e7ee62c82fc04d9dd79d746a390d93c69c43223e5faeeb3ea9461ef752bfc5d?s=96&d=mm&r=g\",\"caption\":\"diario3\"},\"url\":\"https:\\\/\\\/diariotextual.com\\\/inicio\\\/index.php\\\/author\\\/diario3\\\/\"}]}<\/script>\n<!-- \/ Yoast SEO plugin. -->","yoast_head_json":{"title":"Asesinaron a una mujer en Tucum\u00e1n: fue apu\u00f1alada y sufri\u00f3 heridas de quemaduras - Diario Textual","robots":{"index":"index","follow":"follow","max-snippet":"max-snippet:-1","max-image-preview":"max-image-preview:large","max-video-preview":"max-video-preview:-1"},"canonical":"https:\/\/diariotextual.com\/inicio\/index.php\/2023\/08\/14\/asesinaron-a-una-mujer-en-tucuman-fue-apunalada-y-sufrio-heridas-de-quemaduras\/","og_locale":"es_ES","og_type":"article","og_title":"Asesinaron a una mujer en Tucum\u00e1n: fue apu\u00f1alada y sufri\u00f3 heridas de quemaduras - Diario Textual","og_description":"Una mujer fue asesinada a pu\u00f1aladas en las \u00faltimas horas en San Miguel de Tucum\u00e1n. La Justicia investiga si se trat\u00f3 de un femicidio. Mirta Lazarte (56 a\u00f1os), quien se&hellip;","og_url":"https:\/\/diariotextual.com\/inicio\/index.php\/2023\/08\/14\/asesinaron-a-una-mujer-en-tucuman-fue-apunalada-y-sufrio-heridas-de-quemaduras\/","og_site_name":"Diario Textual","article_publisher":"https:\/\/www.facebook.com\/eltextual","article_published_time":"2023-08-14T23:52:12+00:00","article_modified_time":"2023-08-14T23:52:14+00:00","og_image":[{"width":900,"height":506,"url":"https:\/\/diariotextual.com\/inicio\/wp-content\/uploads\/2023\/08\/femicidiotucuman2023.jpeg","type":"image\/jpeg"}],"author":"diario3","twitter_card":"summary_large_image","twitter_creator":"@eltextual","twitter_site":"@eltextual","twitter_misc":{"Escrito por":"diario3","Tiempo de lectura":"1 minuto"},"schema":{"@context":"https:\/\/schema.org","@graph":[{"@type":"Article","@id":"https:\/\/diariotextual.com\/inicio\/index.php\/2023\/08\/14\/asesinaron-a-una-mujer-en-tucuman-fue-apunalada-y-sufrio-heridas-de-quemaduras\/#article","isPartOf":{"@id":"https:\/\/diariotextual.com\/inicio\/index.php\/2023\/08\/14\/asesinaron-a-una-mujer-en-tucuman-fue-apunalada-y-sufrio-heridas-de-quemaduras\/"},"author":{"name":"diario3","@id":"https:\/\/diariotextual.com\/inicio\/#\/schema\/person\/a1b6f563e0ee944c60f98119389a4d9f"},"headline":"Asesinaron a una mujer en Tucum\u00e1n: fue apu\u00f1alada y sufri\u00f3 heridas de quemaduras","datePublished":"2023-08-14T23:52:12+00:00","dateModified":"2023-08-14T23:52:14+00:00","mainEntityOfPage":{"@id":"https:\/\/diariotextual.com\/inicio\/index.php\/2023\/08\/14\/asesinaron-a-una-mujer-en-tucuman-fue-apunalada-y-sufrio-heridas-de-quemaduras\/"},"wordCount":227,"publisher":{"@id":"https:\/\/diariotextual.com\/inicio\/#organization"},"image":{"@id":"https:\/\/diariotextual.com\/inicio\/index.php\/2023\/08\/14\/asesinaron-a-una-mujer-en-tucuman-fue-apunalada-y-sufrio-heridas-de-quemaduras\/#primaryimage"},"thumbnailUrl":"https:\/\/diariotextual.com\/inicio\/wp-content\/uploads\/2023\/08\/femicidiotucuman2023.jpeg","keywords":["femicidio","tucuman"],"articleSection":["A - ES NOTICIA (van abajo)","SOCIEDAD"],"inLanguage":"es"},{"@type":"WebPage","@id":"https:\/\/diariotextual.com\/inicio\/index.php\/2023\/08\/14\/asesinaron-a-una-mujer-en-tucuman-fue-apunalada-y-sufrio-heridas-de-quemaduras\/","url":"https:\/\/diariotextual.com\/inicio\/index.php\/2023\/08\/14\/asesinaron-a-una-mujer-en-tucuman-fue-apunalada-y-sufrio-heridas-de-quemaduras\/","name":"Asesinaron a una mujer en Tucum\u00e1n: fue apu\u00f1alada y sufri\u00f3 heridas de quemaduras - Diario Textual","isPartOf":{"@id":"https:\/\/diariotextual.com\/inicio\/#website"},"primaryImageOfPage":{"@id":"https:\/\/diariotextual.com\/inicio\/index.php\/2023\/08\/14\/asesinaron-a-una-mujer-en-tucuman-fue-apunalada-y-sufrio-heridas-de-quemaduras\/#primaryimage"},"image":{"@id":"https:\/\/diariotextual.com\/inicio\/index.php\/2023\/08\/14\/asesinaron-a-una-mujer-en-tucuman-fue-apunalada-y-sufrio-heridas-de-quemaduras\/#primaryimage"},"thumbnailUrl":"https:\/\/diariotextual.com\/inicio\/wp-content\/uploads\/2023\/08\/femicidiotucuman2023.jpeg","datePublished":"2023-08-14T23:52:12+00:00","dateModified":"2023-08-14T23:52:14+00:00","breadcrumb":{"@id":"https:\/\/diariotextual.com\/inicio\/index.php\/2023\/08\/14\/asesinaron-a-una-mujer-en-tucuman-fue-apunalada-y-sufrio-heridas-de-quemaduras\/#breadcrumb"},"inLanguage":"es","potentialAction":[{"@type":"ReadAction","target":["https:\/\/diariotextual.com\/inicio\/index.php\/2023\/08\/14\/asesinaron-a-una-mujer-en-tucuman-fue-apunalada-y-sufrio-heridas-de-quemaduras\/"]}]},{"@type":"ImageObject","inLanguage":"es","@id":"https:\/\/diariotextual.com\/inicio\/index.php\/2023\/08\/14\/asesinaron-a-una-mujer-en-tucuman-fue-apunalada-y-sufrio-heridas-de-quemaduras\/#primaryimage","url":"https:\/\/diariotextual.com\/inicio\/wp-content\/uploads\/2023\/08\/femicidiotucuman2023.jpeg","contentUrl":"https:\/\/diariotextual.com\/inicio\/wp-content\/uploads\/2023\/08\/femicidiotucuman2023.jpeg","width":900,"height":506},{"@type":"BreadcrumbList","@id":"https:\/\/diariotextual.com\/inicio\/index.php\/2023\/08\/14\/asesinaron-a-una-mujer-en-tucuman-fue-apunalada-y-sufrio-heridas-de-quemaduras\/#breadcrumb","itemListElement":[{"@type":"ListItem","position":1,"name":"Portada","item":"https:\/\/diariotextual.com\/inicio\/"},{"@type":"ListItem","position":2,"name":"Asesinaron a una mujer en Tucum\u00e1n: fue apu\u00f1alada y sufri\u00f3 heridas de quemaduras"}]},{"@type":"WebSite","@id":"https:\/\/diariotextual.com\/inicio\/#website","url":"https:\/\/diariotextual.com\/inicio\/","name":"Diario Textual","description":"","publisher":{"@id":"https:\/\/diariotextual.com\/inicio\/#organization"},"potentialAction":[{"@type":"SearchAction","target":{"@type":"EntryPoint","urlTemplate":"https:\/\/diariotextual.com\/inicio\/?s={search_term_string}"},"query-input":{"@type":"PropertyValueSpecification","valueRequired":true,"valueName":"search_term_string"}}],"inLanguage":"es"},{"@type":"Organization","@id":"https:\/\/diariotextual.com\/inicio\/#organization","name":"Diario Textual","url":"https:\/\/diariotextual.com\/inicio\/","logo":{"@type":"ImageObject","inLanguage":"es","@id":"https:\/\/diariotextual.com\/inicio\/#\/schema\/logo\/image\/","url":"https:\/\/diariotextual.com\/inicio\/wp-content\/uploads\/2023\/05\/logotextual1.jpg","contentUrl":"https:\/\/diariotextual.com\/inicio\/wp-content\/uploads\/2023\/05\/logotextual1.jpg","width":516,"height":76,"caption":"Diario Textual"},"image":{"@id":"https:\/\/diariotextual.com\/inicio\/#\/schema\/logo\/image\/"},"sameAs":["https:\/\/www.facebook.com\/eltextual","https:\/\/x.com\/eltextual","http:\/\/www.instagram.com\/eltextual"]},{"@type":"Person","@id":"https:\/\/diariotextual.com\/inicio\/#\/schema\/person\/a1b6f563e0ee944c60f98119389a4d9f","name":"diario3","image":{"@type":"ImageObject","inLanguage":"es","@id":"https:\/\/secure.gravatar.com\/avatar\/5e7ee62c82fc04d9dd79d746a390d93c69c43223e5faeeb3ea9461ef752bfc5d?s=96&d=mm&r=g","url":"https:\/\/secure.gravatar.com\/avatar\/5e7ee62c82fc04d9dd79d746a390d93c69c43223e5faeeb3ea9461ef752bfc5d?s=96&d=mm&r=g","contentUrl":"https:\/\/secure.gravatar.com\/avatar\/5e7ee62c82fc04d9dd79d746a390d93c69c43223e5faeeb3ea9461ef752bfc5d?s=96&d=mm&r=g","caption":"diario3"},"url":"https:\/\/diariotextual.com\/inicio\/index.php\/author\/diario3\/"}]}},"_links":{"self":[{"href":"https:\/\/diariotextual.com\/inicio\/index.php\/wp-json\/wp\/v2\/posts\/234134","targetHints":{"allow":["GET"]}}],"collection":[{"href":"https:\/\/diariotextual.com\/inicio\/index.php\/wp-json\/wp\/v2\/posts"}],"about":[{"href":"https:\/\/diariotextual.com\/inicio\/index.php\/wp-json\/wp\/v2\/types\/post"}],"author":[{"embeddable":true,"href":"https:\/\/diariotextual.com\/inicio\/index.php\/wp-json\/wp\/v2\/users\/5"}],"replies":[{"embeddable":true,"href":"https:\/\/diariotextual.com\/inicio\/index.php\/wp-json\/wp\/v2\/comments?post=234134"}],"version-history":[{"count":1,"href":"https:\/\/diariotextual.com\/inicio\/index.php\/wp-json\/wp\/v2\/posts\/234134\/revisions"}],"predecessor-version":[{"id":234136,"href":"https:\/\/diariotextual.com\/inicio\/index.php\/wp-json\/wp\/v2\/posts\/234134\/revisions\/234136"}],"wp:featuredmedia":[{"embeddable":true,"href":"https:\/\/diariotextual.com\/inicio\/index.php\/wp-json\/wp\/v2\/media\/234135"}],"wp:attachment":[{"href":"https:\/\/diariotextual.com\/inicio\/index.php\/wp-json\/wp\/v2\/media?parent=234134"}],"wp:term":[{"taxonomy":"category","embeddable":true,"href":"https:\/\/diariotextual.com\/inicio\/index.php\/wp-json\/wp\/v2\/categories?post=234134"},{"taxonomy":"post_tag","embeddable":true,"href":"https:\/\/diariotextual.com\/inicio\/index.php\/wp-json\/wp\/v2\/tags?post=234134"}],"curies":[{"name":"wp","href":"https:\/\/api.w.org\/{rel}","templated":true}]}}