{"id":234148,"date":"2023-08-15T07:06:00","date_gmt":"2023-08-15T10:06:00","guid":{"rendered":"https:\/\/diariotextual.com\/inicio\/?p=234148"},"modified":"2023-08-15T09:55:58","modified_gmt":"2023-08-15T12:55:58","slug":"milei-anuncio-que-haria-con-la-ley-de-interrupcion-del-embarazo","status":"publish","type":"post","link":"https:\/\/diariotextual.com\/inicio\/index.php\/2023\/08\/15\/milei-anuncio-que-haria-con-la-ley-de-interrupcion-del-embarazo\/","title":{"rendered":"Milei anunci\u00f3 qu\u00e9 har\u00eda con la ley de interrupci\u00f3n del embarazo"},"content":{"rendered":"\n<p>El candidato presidencial de la Libertad Avanza (LLA), Javier Milei, anticip\u00f3 que, en caso de ser electo, \u201char\u00eda un plebiscito\u201d sobre la ley de interrupci\u00f3n voluntaria del embarazo (IVE), reiter\u00f3 que est\u00e1 \u201c<strong>en contra del aborto\u00bb\u201dy enfatiz\u00f3 que \u201cno es un derecho ganado\u201d.<\/strong><br><br><strong>\u201cEstoy en contra del aborto, porque est\u00e1 en contra del derecho a la vida\u201d, dijo el diputado nacional, en declaraciones a Neura Media.<\/strong><br><br>En caso de ser presidente, Milei indic\u00f3 que&nbsp;<strong>\u201char\u00eda un plebiscito\u201d<\/strong>&nbsp;y en caso de que los electores estuvieran \u201cen contra\u201d de la interrupci\u00f3n del embarazo \u201celiminar\u00eda la ley\u201d.<br><br>\u201cSi los argentinos creen en el asesinato de un humano indefenso en el vientre de la madre, se ver\u00e1\u201d, resalt\u00f3.<br><br>El economista critic\u00f3 a los sectores que promovieron el derecho a las mujeres de interrumpir su embarazo. \u201c<strong>Son personas con el cerebro lavado en una pol\u00edtica asesina\u201d, dijo.<\/strong><br><br>Luego, el dirigente libertario interrog\u00f3: \u201c\u00bfC\u00f3mo puede ser un derecho ganado matar un ser humano?\u201d<br><br>\u201cSoy militante del pa\u00f1uelo celeste y mi posici\u00f3n la baso en una cuesti\u00f3n filos\u00f3fica, biol\u00f3gica y matem\u00e1tica\u201d, a\u00f1adi\u00f3.<br><br>Adem\u00e1s, cuestion\u00f3 la implementaci\u00f3n de esta ley. \u201cCuando uno construye sobre un principio moral incorrecto, el resultado es inmundo\u201d, dijo.<br><br><strong>La Ley 27.610, aprobada en diciembre de 2020, regula el acceso a la interrupci\u00f3n voluntaria y legal del embarazo y a la atenci\u00f3n postaborto de todas las personas con capacidad de gestar y es de aplicaci\u00f3n obligatoria en todo el pa\u00eds.<\/strong><br><br>Las mujeres y personas con otras identidades de g\u00e9nero tienen derecho a interrumpir su embarazo hasta la semana catorce (14), inclusive, sin tener que explicar los motivos de su decisi\u00f3n y cuando el embarazo es resultado de una violaci\u00f3n o si est\u00e1 en peligro su vida o su salud.<\/p>\n","protected":false},"excerpt":{"rendered":"<p>El candidato presidencial de la Libertad Avanza (LLA), Javier Milei, anticip\u00f3 que, en caso de ser electo, \u201char\u00eda un plebiscito\u201d sobre la ley de interrupci\u00f3n voluntaria del embarazo (IVE), reiter\u00f3&hellip;<\/p>\n","protected":false},"author":3,"featured_media":233904,"comment_status":"closed","ping_status":"open","sticky":false,"template":"","format":"standard","meta":{"_acf_changed":false,"footnotes":""},"categories":[1,12],"tags":[],"class_list":["post-234148","post","type-post","status-publish","format-standard","has-post-thumbnail","hentry","category-es-noticia","category-sociedad"],"acf":[],"yoast_head":"<!-- This site is optimized with the Yoast SEO plugin v27.5 - https:\/\/yoast.com\/product\/yoast-seo-wordpress\/ -->\n<title>Milei anunci\u00f3 qu\u00e9 har\u00eda con la ley de interrupci\u00f3n del embarazo - Diario Textual<\/title>\n<meta name=\"robots\" content=\"index, follow, max-snippet:-1, max-image-preview:large, max-video-preview:-1\" \/>\n<link rel=\"canonical\" href=\"https:\/\/diariotextual.com\/inicio\/index.php\/2023\/08\/15\/milei-anuncio-que-haria-con-la-ley-de-interrupcion-del-embarazo\/\" \/>\n<meta property=\"og:locale\" content=\"es_ES\" \/>\n<meta property=\"og:type\" content=\"article\" \/>\n<meta property=\"og:title\" content=\"Milei anunci\u00f3 qu\u00e9 har\u00eda con la ley de interrupci\u00f3n del embarazo - Diario Textual\" \/>\n<meta property=\"og:description\" content=\"El candidato presidencial de la Libertad Avanza (LLA), Javier Milei, anticip\u00f3 que, en caso de ser electo, \u201char\u00eda un plebiscito\u201d sobre la ley de interrupci\u00f3n voluntaria del embarazo (IVE), reiter\u00f3&hellip;\" \/>\n<meta property=\"og:url\" content=\"https:\/\/diariotextual.com\/inicio\/index.php\/2023\/08\/15\/milei-anuncio-que-haria-con-la-ley-de-interrupcion-del-embarazo\/\" \/>\n<meta property=\"og:site_name\" content=\"Diario Textual\" \/>\n<meta property=\"article:publisher\" content=\"https:\/\/www.facebook.com\/eltextual\" \/>\n<meta property=\"article:published_time\" content=\"2023-08-15T10:06:00+00:00\" \/>\n<meta property=\"article:modified_time\" content=\"2023-08-15T12:55:58+00:00\" \/>\n<meta property=\"og:image\" content=\"https:\/\/diariotextual.com\/inicio\/wp-content\/uploads\/2023\/08\/mileivotacionpaso2023.jpg\" \/>\n\t<meta property=\"og:image:width\" content=\"973\" \/>\n\t<meta property=\"og:image:height\" content=\"687\" \/>\n\t<meta property=\"og:image:type\" content=\"image\/jpeg\" \/>\n<meta name=\"author\" content=\"Diario1 Diario1\" \/>\n<meta name=\"twitter:card\" content=\"summary_large_image\" \/>\n<meta name=\"twitter:creator\" content=\"@eltextual\" \/>\n<meta name=\"twitter:site\" content=\"@eltextual\" \/>\n<meta name=\"twitter:label1\" content=\"Escrito por\" \/>\n\t<meta name=\"twitter:data1\" content=\"Diario1 Diario1\" \/>\n\t<meta name=\"twitter:label2\" content=\"Tiempo de lectura\" \/>\n\t<meta name=\"twitter:data2\" content=\"2 minutos\" \/>\n<script type=\"application\/ld+json\" class=\"yoast-schema-graph\">{\"@context\":\"https:\\\/\\\/schema.org\",\"@graph\":[{\"@type\":\"Article\",\"@id\":\"https:\\\/\\\/diariotextual.com\\\/inicio\\\/index.php\\\/2023\\\/08\\\/15\\\/milei-anuncio-que-haria-con-la-ley-de-interrupcion-del-embarazo\\\/#article\",\"isPartOf\":{\"@id\":\"https:\\\/\\\/diariotextual.com\\\/inicio\\\/index.php\\\/2023\\\/08\\\/15\\\/milei-anuncio-que-haria-con-la-ley-de-interrupcion-del-embarazo\\\/\"},\"author\":{\"name\":\"Diario1 Diario1\",\"@id\":\"https:\\\/\\\/diariotextual.com\\\/inicio\\\/#\\\/schema\\\/person\\\/418fc4093c33e86ed41562db3508f958\"},\"headline\":\"Milei anunci\u00f3 qu\u00e9 har\u00eda con la ley de interrupci\u00f3n del embarazo\",\"datePublished\":\"2023-08-15T10:06:00+00:00\",\"dateModified\":\"2023-08-15T12:55:58+00:00\",\"mainEntityOfPage\":{\"@id\":\"https:\\\/\\\/diariotextual.com\\\/inicio\\\/index.php\\\/2023\\\/08\\\/15\\\/milei-anuncio-que-haria-con-la-ley-de-interrupcion-del-embarazo\\\/\"},\"wordCount\":322,\"publisher\":{\"@id\":\"https:\\\/\\\/diariotextual.com\\\/inicio\\\/#organization\"},\"image\":{\"@id\":\"https:\\\/\\\/diariotextual.com\\\/inicio\\\/index.php\\\/2023\\\/08\\\/15\\\/milei-anuncio-que-haria-con-la-ley-de-interrupcion-del-embarazo\\\/#primaryimage\"},\"thumbnailUrl\":\"https:\\\/\\\/diariotextual.com\\\/inicio\\\/wp-content\\\/uploads\\\/2023\\\/08\\\/mileivotacionpaso2023.jpg\",\"articleSection\":[\"A - ES NOTICIA (van abajo)\",\"SOCIEDAD\"],\"inLanguage\":\"es\"},{\"@type\":\"WebPage\",\"@id\":\"https:\\\/\\\/diariotextual.com\\\/inicio\\\/index.php\\\/2023\\\/08\\\/15\\\/milei-anuncio-que-haria-con-la-ley-de-interrupcion-del-embarazo\\\/\",\"url\":\"https:\\\/\\\/diariotextual.com\\\/inicio\\\/index.php\\\/2023\\\/08\\\/15\\\/milei-anuncio-que-haria-con-la-ley-de-interrupcion-del-embarazo\\\/\",\"name\":\"Milei anunci\u00f3 qu\u00e9 har\u00eda con la ley de interrupci\u00f3n del embarazo - Diario Textual\",\"isPartOf\":{\"@id\":\"https:\\\/\\\/diariotextual.com\\\/inicio\\\/#website\"},\"primaryImageOfPage\":{\"@id\":\"https:\\\/\\\/diariotextual.com\\\/inicio\\\/index.php\\\/2023\\\/08\\\/15\\\/milei-anuncio-que-haria-con-la-ley-de-interrupcion-del-embarazo\\\/#primaryimage\"},\"image\":{\"@id\":\"https:\\\/\\\/diariotextual.com\\\/inicio\\\/index.php\\\/2023\\\/08\\\/15\\\/milei-anuncio-que-haria-con-la-ley-de-interrupcion-del-embarazo\\\/#primaryimage\"},\"thumbnailUrl\":\"https:\\\/\\\/diariotextual.com\\\/inicio\\\/wp-content\\\/uploads\\\/2023\\\/08\\\/mileivotacionpaso2023.jpg\",\"datePublished\":\"2023-08-15T10:06:00+00:00\",\"dateModified\":\"2023-08-15T12:55:58+00:00\",\"breadcrumb\":{\"@id\":\"https:\\\/\\\/diariotextual.com\\\/inicio\\\/index.php\\\/2023\\\/08\\\/15\\\/milei-anuncio-que-haria-con-la-ley-de-interrupcion-del-embarazo\\\/#breadcrumb\"},\"inLanguage\":\"es\",\"potentialAction\":[{\"@type\":\"ReadAction\",\"target\":[\"https:\\\/\\\/diariotextual.com\\\/inicio\\\/index.php\\\/2023\\\/08\\\/15\\\/milei-anuncio-que-haria-con-la-ley-de-interrupcion-del-embarazo\\\/\"]}]},{\"@type\":\"ImageObject\",\"inLanguage\":\"es\",\"@id\":\"https:\\\/\\\/diariotextual.com\\\/inicio\\\/index.php\\\/2023\\\/08\\\/15\\\/milei-anuncio-que-haria-con-la-ley-de-interrupcion-del-embarazo\\\/#primaryimage\",\"url\":\"https:\\\/\\\/diariotextual.com\\\/inicio\\\/wp-content\\\/uploads\\\/2023\\\/08\\\/mileivotacionpaso2023.jpg\",\"contentUrl\":\"https:\\\/\\\/diariotextual.com\\\/inicio\\\/wp-content\\\/uploads\\\/2023\\\/08\\\/mileivotacionpaso2023.jpg\",\"width\":973,\"height\":687},{\"@type\":\"BreadcrumbList\",\"@id\":\"https:\\\/\\\/diariotextual.com\\\/inicio\\\/index.php\\\/2023\\\/08\\\/15\\\/milei-anuncio-que-haria-con-la-ley-de-interrupcion-del-embarazo\\\/#breadcrumb\",\"itemListElement\":[{\"@type\":\"ListItem\",\"position\":1,\"name\":\"Portada\",\"item\":\"https:\\\/\\\/diariotextual.com\\\/inicio\\\/\"},{\"@type\":\"ListItem\",\"position\":2,\"name\":\"Milei anunci\u00f3 qu\u00e9 har\u00eda con la ley de interrupci\u00f3n del embarazo\"}]},{\"@type\":\"WebSite\",\"@id\":\"https:\\\/\\\/diariotextual.com\\\/inicio\\\/#website\",\"url\":\"https:\\\/\\\/diariotextual.com\\\/inicio\\\/\",\"name\":\"Diario Textual\",\"description\":\"\",\"publisher\":{\"@id\":\"https:\\\/\\\/diariotextual.com\\\/inicio\\\/#organization\"},\"potentialAction\":[{\"@type\":\"SearchAction\",\"target\":{\"@type\":\"EntryPoint\",\"urlTemplate\":\"https:\\\/\\\/diariotextual.com\\\/inicio\\\/?s={search_term_string}\"},\"query-input\":{\"@type\":\"PropertyValueSpecification\",\"valueRequired\":true,\"valueName\":\"search_term_string\"}}],\"inLanguage\":\"es\"},{\"@type\":\"Organization\",\"@id\":\"https:\\\/\\\/diariotextual.com\\\/inicio\\\/#organization\",\"name\":\"Diario Textual\",\"url\":\"https:\\\/\\\/diariotextual.com\\\/inicio\\\/\",\"logo\":{\"@type\":\"ImageObject\",\"inLanguage\":\"es\",\"@id\":\"https:\\\/\\\/diariotextual.com\\\/inicio\\\/#\\\/schema\\\/logo\\\/image\\\/\",\"url\":\"https:\\\/\\\/diariotextual.com\\\/inicio\\\/wp-content\\\/uploads\\\/2023\\\/05\\\/logotextual1.jpg\",\"contentUrl\":\"https:\\\/\\\/diariotextual.com\\\/inicio\\\/wp-content\\\/uploads\\\/2023\\\/05\\\/logotextual1.jpg\",\"width\":516,\"height\":76,\"caption\":\"Diario Textual\"},\"image\":{\"@id\":\"https:\\\/\\\/diariotextual.com\\\/inicio\\\/#\\\/schema\\\/logo\\\/image\\\/\"},\"sameAs\":[\"https:\\\/\\\/www.facebook.com\\\/eltextual\",\"https:\\\/\\\/x.com\\\/eltextual\",\"http:\\\/\\\/www.instagram.com\\\/eltextual\"]},{\"@type\":\"Person\",\"@id\":\"https:\\\/\\\/diariotextual.com\\\/inicio\\\/#\\\/schema\\\/person\\\/418fc4093c33e86ed41562db3508f958\",\"name\":\"Diario1 Diario1\",\"image\":{\"@type\":\"ImageObject\",\"inLanguage\":\"es\",\"@id\":\"https:\\\/\\\/secure.gravatar.com\\\/avatar\\\/9167d280179c85bc18be67aa7eda765854300033af4896dd779b608640f2ef7a?s=96&d=mm&r=g\",\"url\":\"https:\\\/\\\/secure.gravatar.com\\\/avatar\\\/9167d280179c85bc18be67aa7eda765854300033af4896dd779b608640f2ef7a?s=96&d=mm&r=g\",\"contentUrl\":\"https:\\\/\\\/secure.gravatar.com\\\/avatar\\\/9167d280179c85bc18be67aa7eda765854300033af4896dd779b608640f2ef7a?s=96&d=mm&r=g\",\"caption\":\"Diario1 Diario1\"},\"url\":\"https:\\\/\\\/diariotextual.com\\\/inicio\\\/index.php\\\/author\\\/diario1\\\/\"}]}<\/script>\n<!-- \/ Yoast SEO plugin. -->","yoast_head_json":{"title":"Milei anunci\u00f3 qu\u00e9 har\u00eda con la ley de interrupci\u00f3n del embarazo - Diario Textual","robots":{"index":"index","follow":"follow","max-snippet":"max-snippet:-1","max-image-preview":"max-image-preview:large","max-video-preview":"max-video-preview:-1"},"canonical":"https:\/\/diariotextual.com\/inicio\/index.php\/2023\/08\/15\/milei-anuncio-que-haria-con-la-ley-de-interrupcion-del-embarazo\/","og_locale":"es_ES","og_type":"article","og_title":"Milei anunci\u00f3 qu\u00e9 har\u00eda con la ley de interrupci\u00f3n del embarazo - Diario Textual","og_description":"El candidato presidencial de la Libertad Avanza (LLA), Javier Milei, anticip\u00f3 que, en caso de ser electo, \u201char\u00eda un plebiscito\u201d sobre la ley de interrupci\u00f3n voluntaria del embarazo (IVE), reiter\u00f3&hellip;","og_url":"https:\/\/diariotextual.com\/inicio\/index.php\/2023\/08\/15\/milei-anuncio-que-haria-con-la-ley-de-interrupcion-del-embarazo\/","og_site_name":"Diario Textual","article_publisher":"https:\/\/www.facebook.com\/eltextual","article_published_time":"2023-08-15T10:06:00+00:00","article_modified_time":"2023-08-15T12:55:58+00:00","og_image":[{"width":973,"height":687,"url":"https:\/\/diariotextual.com\/inicio\/wp-content\/uploads\/2023\/08\/mileivotacionpaso2023.jpg","type":"image\/jpeg"}],"author":"Diario1 Diario1","twitter_card":"summary_large_image","twitter_creator":"@eltextual","twitter_site":"@eltextual","twitter_misc":{"Escrito por":"Diario1 Diario1","Tiempo de lectura":"2 minutos"},"schema":{"@context":"https:\/\/schema.org","@graph":[{"@type":"Article","@id":"https:\/\/diariotextual.com\/inicio\/index.php\/2023\/08\/15\/milei-anuncio-que-haria-con-la-ley-de-interrupcion-del-embarazo\/#article","isPartOf":{"@id":"https:\/\/diariotextual.com\/inicio\/index.php\/2023\/08\/15\/milei-anuncio-que-haria-con-la-ley-de-interrupcion-del-embarazo\/"},"author":{"name":"Diario1 Diario1","@id":"https:\/\/diariotextual.com\/inicio\/#\/schema\/person\/418fc4093c33e86ed41562db3508f958"},"headline":"Milei anunci\u00f3 qu\u00e9 har\u00eda con la ley de interrupci\u00f3n del embarazo","datePublished":"2023-08-15T10:06:00+00:00","dateModified":"2023-08-15T12:55:58+00:00","mainEntityOfPage":{"@id":"https:\/\/diariotextual.com\/inicio\/index.php\/2023\/08\/15\/milei-anuncio-que-haria-con-la-ley-de-interrupcion-del-embarazo\/"},"wordCount":322,"publisher":{"@id":"https:\/\/diariotextual.com\/inicio\/#organization"},"image":{"@id":"https:\/\/diariotextual.com\/inicio\/index.php\/2023\/08\/15\/milei-anuncio-que-haria-con-la-ley-de-interrupcion-del-embarazo\/#primaryimage"},"thumbnailUrl":"https:\/\/diariotextual.com\/inicio\/wp-content\/uploads\/2023\/08\/mileivotacionpaso2023.jpg","articleSection":["A - ES NOTICIA (van abajo)","SOCIEDAD"],"inLanguage":"es"},{"@type":"WebPage","@id":"https:\/\/diariotextual.com\/inicio\/index.php\/2023\/08\/15\/milei-anuncio-que-haria-con-la-ley-de-interrupcion-del-embarazo\/","url":"https:\/\/diariotextual.com\/inicio\/index.php\/2023\/08\/15\/milei-anuncio-que-haria-con-la-ley-de-interrupcion-del-embarazo\/","name":"Milei anunci\u00f3 qu\u00e9 har\u00eda con la ley de interrupci\u00f3n del embarazo - Diario Textual","isPartOf":{"@id":"https:\/\/diariotextual.com\/inicio\/#website"},"primaryImageOfPage":{"@id":"https:\/\/diariotextual.com\/inicio\/index.php\/2023\/08\/15\/milei-anuncio-que-haria-con-la-ley-de-interrupcion-del-embarazo\/#primaryimage"},"image":{"@id":"https:\/\/diariotextual.com\/inicio\/index.php\/2023\/08\/15\/milei-anuncio-que-haria-con-la-ley-de-interrupcion-del-embarazo\/#primaryimage"},"thumbnailUrl":"https:\/\/diariotextual.com\/inicio\/wp-content\/uploads\/2023\/08\/mileivotacionpaso2023.jpg","datePublished":"2023-08-15T10:06:00+00:00","dateModified":"2023-08-15T12:55:58+00:00","breadcrumb":{"@id":"https:\/\/diariotextual.com\/inicio\/index.php\/2023\/08\/15\/milei-anuncio-que-haria-con-la-ley-de-interrupcion-del-embarazo\/#breadcrumb"},"inLanguage":"es","potentialAction":[{"@type":"ReadAction","target":["https:\/\/diariotextual.com\/inicio\/index.php\/2023\/08\/15\/milei-anuncio-que-haria-con-la-ley-de-interrupcion-del-embarazo\/"]}]},{"@type":"ImageObject","inLanguage":"es","@id":"https:\/\/diariotextual.com\/inicio\/index.php\/2023\/08\/15\/milei-anuncio-que-haria-con-la-ley-de-interrupcion-del-embarazo\/#primaryimage","url":"https:\/\/diariotextual.com\/inicio\/wp-content\/uploads\/2023\/08\/mileivotacionpaso2023.jpg","contentUrl":"https:\/\/diariotextual.com\/inicio\/wp-content\/uploads\/2023\/08\/mileivotacionpaso2023.jpg","width":973,"height":687},{"@type":"BreadcrumbList","@id":"https:\/\/diariotextual.com\/inicio\/index.php\/2023\/08\/15\/milei-anuncio-que-haria-con-la-ley-de-interrupcion-del-embarazo\/#breadcrumb","itemListElement":[{"@type":"ListItem","position":1,"name":"Portada","item":"https:\/\/diariotextual.com\/inicio\/"},{"@type":"ListItem","position":2,"name":"Milei anunci\u00f3 qu\u00e9 har\u00eda con la ley de interrupci\u00f3n del embarazo"}]},{"@type":"WebSite","@id":"https:\/\/diariotextual.com\/inicio\/#website","url":"https:\/\/diariotextual.com\/inicio\/","name":"Diario Textual","description":"","publisher":{"@id":"https:\/\/diariotextual.com\/inicio\/#organization"},"potentialAction":[{"@type":"SearchAction","target":{"@type":"EntryPoint","urlTemplate":"https:\/\/diariotextual.com\/inicio\/?s={search_term_string}"},"query-input":{"@type":"PropertyValueSpecification","valueRequired":true,"valueName":"search_term_string"}}],"inLanguage":"es"},{"@type":"Organization","@id":"https:\/\/diariotextual.com\/inicio\/#organization","name":"Diario Textual","url":"https:\/\/diariotextual.com\/inicio\/","logo":{"@type":"ImageObject","inLanguage":"es","@id":"https:\/\/diariotextual.com\/inicio\/#\/schema\/logo\/image\/","url":"https:\/\/diariotextual.com\/inicio\/wp-content\/uploads\/2023\/05\/logotextual1.jpg","contentUrl":"https:\/\/diariotextual.com\/inicio\/wp-content\/uploads\/2023\/05\/logotextual1.jpg","width":516,"height":76,"caption":"Diario Textual"},"image":{"@id":"https:\/\/diariotextual.com\/inicio\/#\/schema\/logo\/image\/"},"sameAs":["https:\/\/www.facebook.com\/eltextual","https:\/\/x.com\/eltextual","http:\/\/www.instagram.com\/eltextual"]},{"@type":"Person","@id":"https:\/\/diariotextual.com\/inicio\/#\/schema\/person\/418fc4093c33e86ed41562db3508f958","name":"Diario1 Diario1","image":{"@type":"ImageObject","inLanguage":"es","@id":"https:\/\/secure.gravatar.com\/avatar\/9167d280179c85bc18be67aa7eda765854300033af4896dd779b608640f2ef7a?s=96&d=mm&r=g","url":"https:\/\/secure.gravatar.com\/avatar\/9167d280179c85bc18be67aa7eda765854300033af4896dd779b608640f2ef7a?s=96&d=mm&r=g","contentUrl":"https:\/\/secure.gravatar.com\/avatar\/9167d280179c85bc18be67aa7eda765854300033af4896dd779b608640f2ef7a?s=96&d=mm&r=g","caption":"Diario1 Diario1"},"url":"https:\/\/diariotextual.com\/inicio\/index.php\/author\/diario1\/"}]}},"_links":{"self":[{"href":"https:\/\/diariotextual.com\/inicio\/index.php\/wp-json\/wp\/v2\/posts\/234148","targetHints":{"allow":["GET"]}}],"collection":[{"href":"https:\/\/diariotextual.com\/inicio\/index.php\/wp-json\/wp\/v2\/posts"}],"about":[{"href":"https:\/\/diariotextual.com\/inicio\/index.php\/wp-json\/wp\/v2\/types\/post"}],"author":[{"embeddable":true,"href":"https:\/\/diariotextual.com\/inicio\/index.php\/wp-json\/wp\/v2\/users\/3"}],"replies":[{"embeddable":true,"href":"https:\/\/diariotextual.com\/inicio\/index.php\/wp-json\/wp\/v2\/comments?post=234148"}],"version-history":[{"count":1,"href":"https:\/\/diariotextual.com\/inicio\/index.php\/wp-json\/wp\/v2\/posts\/234148\/revisions"}],"predecessor-version":[{"id":234149,"href":"https:\/\/diariotextual.com\/inicio\/index.php\/wp-json\/wp\/v2\/posts\/234148\/revisions\/234149"}],"wp:featuredmedia":[{"embeddable":true,"href":"https:\/\/diariotextual.com\/inicio\/index.php\/wp-json\/wp\/v2\/media\/233904"}],"wp:attachment":[{"href":"https:\/\/diariotextual.com\/inicio\/index.php\/wp-json\/wp\/v2\/media?parent=234148"}],"wp:term":[{"taxonomy":"category","embeddable":true,"href":"https:\/\/diariotextual.com\/inicio\/index.php\/wp-json\/wp\/v2\/categories?post=234148"},{"taxonomy":"post_tag","embeddable":true,"href":"https:\/\/diariotextual.com\/inicio\/index.php\/wp-json\/wp\/v2\/tags?post=234148"}],"curies":[{"name":"wp","href":"https:\/\/api.w.org\/{rel}","templated":true}]}}