{"id":234155,"date":"2023-08-15T08:19:59","date_gmt":"2023-08-15T11:19:59","guid":{"rendered":"https:\/\/diariotextual.com\/inicio\/?p=234155"},"modified":"2023-08-15T21:33:16","modified_gmt":"2023-08-16T00:33:16","slug":"el-stj-avalo-que-la-pampa-haya-prohibido-la-venta-de-agroquimicos-en-el-verano-de-2020","status":"publish","type":"post","link":"https:\/\/diariotextual.com\/inicio\/index.php\/2023\/08\/15\/el-stj-avalo-que-la-pampa-haya-prohibido-la-venta-de-agroquimicos-en-el-verano-de-2020\/","title":{"rendered":"El STJ aval\u00f3 que La Pampa haya prohibido la venta de agroqu\u00edmicos en el verano de 2020"},"content":{"rendered":"\n<p class=\"wp-block-paragraph\">La <strong>Sala B del Superior Tribunal de Justicia (STJ) <\/strong>rechaz\u00f3 una <strong>demanda contencioso administrativa<\/strong> de la <strong>Fundaci\u00f3n Campo Limpio <\/strong>y aval\u00f3 una <strong>disposici\u00f3n<\/strong> del Estado provincial que<strong> durante dos semanas prohibi\u00f3 en el verano de 2020 la comercializaci\u00f3n de agroqu\u00edmicos en La Pampa.<\/strong><\/p>\n\n\n\n<p class=\"wp-block-paragraph\"><strong>Esa prohibici\u00f3n, en su momento, se estableci\u00f3 porque Campo Limpio se demor\u00f3 en construir los centros de almacenamientos provisorios de bidones<\/strong>&nbsp;de agroqu\u00edmicos.<\/p>\n\n\n\n<p class=\"wp-block-paragraph\">Ese incumplimiento,&nbsp;<strong>oblig\u00f3 al Estado a prohibir el cese de comercializaci\u00f3n entre el 29 de enero y el 11 de febrero de este a\u00f1o<\/strong>.<\/p>\n\n\n\n<p class=\"wp-block-paragraph\">Finalmente la fundaci\u00f3n, integrada por 92 empresas productoras de fitosanitarios,\u00a0<strong>construy\u00f3 dos de los tres centros previstos, en Colonia Bar\u00f3n y Alta Italia<\/strong>. El restante luego se hizo en Macach\u00edn.<\/p>\n\n\n\n<p class=\"wp-block-paragraph\">El fallo del STJ fue firmado ayer, pudo saber <strong>Diario Textual<\/strong>, por parte de los jueces<strong> Jos\u00e9 Roberto Sappa<\/strong> y <strong>Eduardo D. Fern\u00e1ndez Mend\u00eda.<\/strong><\/p>\n\n\n\n<p class=\"wp-block-paragraph\">Federico Ra\u00fal Landgraf y Armando Allinghi, en car\u00e1cter de presidente y secretario de la Fundaci\u00f3n Campo Limpio, respectivamente, interpusieron una demanda contencioso-administrativa contra la Provincia de La Pampa solicitando la nulidad de la disposici\u00f3n 33\/2020 de la Subsecretar\u00eda de Ambiente de la provincia.<\/p>\n\n\n\n<p class=\"wp-block-paragraph\">Cuando Ambiente dict\u00f3 la prohibici\u00f3n, Campo Limpio ten\u00eda a su cargo la implementaci\u00f3n del Sistema de Gesti\u00f3n Integral de Envases Vac\u00edos de Productos Fitosanitarios de, aproximadamente, cien empresas registrantes en La Pampa.<\/p>\n\n\n\n<p class=\"wp-block-paragraph\">En ese momento Ambiente, mediante la disposici\u00f3n 33\/2020, rechaz\u00f3 la solicitud de pr\u00f3rroga del plazo de implementaci\u00f3n del Sistema de Gesti\u00f3n de Campo Limpio, dispuso el incumplimiento de esa implementaci\u00f3n -porque no hab\u00eda concluido los centros de acopio- y, por aplicaci\u00f3n de lo establecido en el art\u00edculo 10 de la ley 27279, prohibi\u00f3 la comercializaci\u00f3n en jurisdicci\u00f3n de la provincia de La Pampa a todos los registrantes.<\/p>\n\n\n\n<p class=\"wp-block-paragraph\">Entre otros puntos, desde Campo Limpio sostuvieron que la disposici\u00f3n 33\/2020 era \u201cnula\u201d porque estaba \u201cviciada en la causa, en el objeto y en la finalidad\u201d y que el Sistema de Gesti\u00f3n que presentaron fue aprobado sin que la subsecretar\u00eda efectuara ninguna observaci\u00f3n por lo que es improcedente que exija posteriormente requerimientos adicionales.<\/p>\n\n\n\n<p class=\"wp-block-paragraph\">Incluso se\u00f1alaron que, algunos de los requerimientos invocados en la disposici\u00f3n 33\/2020 para fundar la inobservancia al Sistema de Gesti\u00f3n, \u201cno tienen fundamento legal ni reglamentario ni fueron incluidos por Campo Limpio en el sistema aprobado y por eso no pueden servir de causa jur\u00eddica v\u00e1lida\u201d de la decisi\u00f3n adoptada.<\/p>\n\n\n\n<p class=\"wp-block-paragraph\">Tambi\u00e9n se\u00f1alaron la \u201cdesproporci\u00f3n de la decisi\u00f3n y que fue adoptada en un muy breve plazo\u201d y que con ello vulner\u00f3 el principio de inocencia e incurri\u00f3 en prejuzgamiento por parte de la Provincia al comunicar en un medio de comunicaci\u00f3n local la intenci\u00f3n de sancionar a Campo Limpio tres d\u00edas antes de que se venciera el plazo para la adecuaci\u00f3n del sistema de gesti\u00f3n, el 28 de enero de 2020.<\/p>\n\n\n\n<p class=\"wp-block-paragraph\">Los magistrados del <strong>STJ, punto por punto, avalaron la posici\u00f3n de Ambiente. Dijeron que, efectivamente, los centros de acopio no estaban terminados.<\/strong><\/p>\n\n\n\n<p class=\"wp-block-paragraph\">Tambi\u00e9n los jueces sostuvieron que Campo Limpio conoc\u00eda la existencia del plazo de 270 d\u00edas corridos para la adecuaci\u00f3n del sistema a los lineamientos de la ley 27279 de Productos Fitosanitarios y de su decreto reglamentario y las consecuencias de su incumplimiento.<\/p>\n\n\n\n<p class=\"wp-block-paragraph\">\u201cEn el caso en examen, la finalidad de la decisi\u00f3n impugnada es congruente con el respeto de los presupuestos normativos regulados por la LPF y su decreto reglamentario, cuyo inter\u00e9s p\u00fablico radica en garantizar la protecci\u00f3n ambiental para la gesti\u00f3n de envases vac\u00edos de fitosanitarios en virtud de la toxicidad del producto que contuvieron\u201d, expresaron. \u201cSobre esa base, la Subsecretar\u00eda, como autoridad competente para la aplicaci\u00f3n de la norma en la materia, comprob\u00f3 el incumplimiento de Campo Limpio de los requisitos legales para la implementaci\u00f3n del Sistema de Gesti\u00f3n y ajust\u00f3 la decisi\u00f3n a la LPF. En consecuencia, la parte actora, en su defensa referida al vicio en la finalidad y a la desviaci\u00f3n de poder, solamente exhibe su disconformidad con la decisi\u00f3n, ya que no ha tra\u00eddo al proceso ning\u00fan elemento de prueba que acredite los vicios aludidos\u201d, sostuvieron.<\/p>\n\n\n\n<p class=\"wp-block-paragraph\"><\/p>\n\n\n\n<p class=\"wp-block-paragraph\"><\/p>\n","protected":false},"excerpt":{"rendered":"<p>La Sala B del Superior Tribunal de Justicia (STJ) rechaz\u00f3 una demanda contencioso administrativa de la Fundaci\u00f3n Campo Limpio y aval\u00f3 una disposici\u00f3n del Estado provincial que durante dos semanas&hellip;<\/p>\n","protected":false},"author":3,"featured_media":158460,"comment_status":"closed","ping_status":"open","sticky":false,"template":"","format":"standard","meta":{"_acf_changed":false,"footnotes":""},"categories":[1,20],"tags":[],"class_list":["post-234155","post","type-post","status-publish","format-standard","has-post-thumbnail","hentry","category-es-noticia","category-campo"],"acf":[],"yoast_head":"<!-- This site is optimized with the Yoast SEO plugin v28.3 - https:\/\/yoast.com\/product\/yoast-seo-wordpress\/ -->\n<title>El STJ aval\u00f3 que La Pampa haya prohibido la venta de agroqu\u00edmicos en el verano de 2020 - Diario Textual<\/title>\n<meta name=\"robots\" content=\"index, follow, max-snippet:-1, max-image-preview:large, max-video-preview:-1\" \/>\n<link rel=\"canonical\" href=\"https:\/\/diariotextual.com\/inicio\/index.php\/2023\/08\/15\/el-stj-avalo-que-la-pampa-haya-prohibido-la-venta-de-agroquimicos-en-el-verano-de-2020\/\" \/>\n<meta property=\"og:locale\" content=\"es_ES\" \/>\n<meta property=\"og:type\" content=\"article\" \/>\n<meta property=\"og:title\" content=\"El STJ aval\u00f3 que La Pampa haya prohibido la venta de agroqu\u00edmicos en el verano de 2020 - Diario Textual\" \/>\n<meta property=\"og:description\" content=\"La Sala B del Superior Tribunal de Justicia (STJ) rechaz\u00f3 una demanda contencioso administrativa de la Fundaci\u00f3n Campo Limpio y aval\u00f3 una disposici\u00f3n del Estado provincial que durante dos semanas&hellip;\" \/>\n<meta property=\"og:url\" content=\"https:\/\/diariotextual.com\/inicio\/index.php\/2023\/08\/15\/el-stj-avalo-que-la-pampa-haya-prohibido-la-venta-de-agroquimicos-en-el-verano-de-2020\/\" \/>\n<meta property=\"og:site_name\" content=\"Diario Textual\" \/>\n<meta property=\"article:publisher\" content=\"https:\/\/www.facebook.com\/eltextual\" \/>\n<meta property=\"article:published_time\" content=\"2023-08-15T11:19:59+00:00\" \/>\n<meta property=\"article:modified_time\" content=\"2023-08-16T00:33:16+00:00\" \/>\n<meta property=\"og:image\" content=\"https:\/\/diariotextual.com\/inicio\/wp-content\/uploads\/2021\/08\/agroquimicosplaguicidasbidonessantarosacampolimpio2021-1.jpg\" \/>\n\t<meta property=\"og:image:width\" content=\"1280\" \/>\n\t<meta property=\"og:image:height\" content=\"830\" \/>\n\t<meta property=\"og:image:type\" content=\"image\/jpeg\" \/>\n<meta name=\"author\" content=\"Diario1 Diario1\" \/>\n<meta name=\"twitter:card\" content=\"summary_large_image\" \/>\n<meta name=\"twitter:creator\" content=\"@eltextual\" \/>\n<meta name=\"twitter:site\" content=\"@eltextual\" \/>\n<meta name=\"twitter:label1\" content=\"Escrito por\" \/>\n\t<meta name=\"twitter:data1\" content=\"Diario1 Diario1\" \/>\n\t<meta name=\"twitter:label2\" content=\"Tiempo de lectura\" \/>\n\t<meta name=\"twitter:data2\" content=\"4 minutos\" \/>\n<script type=\"application\/ld+json\" class=\"yoast-schema-graph\">{\"@context\":\"https:\\\/\\\/schema.org\",\"@graph\":[{\"@type\":\"Article\",\"@id\":\"https:\\\/\\\/diariotextual.com\\\/inicio\\\/index.php\\\/2023\\\/08\\\/15\\\/el-stj-avalo-que-la-pampa-haya-prohibido-la-venta-de-agroquimicos-en-el-verano-de-2020\\\/#article\",\"isPartOf\":{\"@id\":\"https:\\\/\\\/diariotextual.com\\\/inicio\\\/index.php\\\/2023\\\/08\\\/15\\\/el-stj-avalo-que-la-pampa-haya-prohibido-la-venta-de-agroquimicos-en-el-verano-de-2020\\\/\"},\"author\":{\"name\":\"Diario1 Diario1\",\"@id\":\"https:\\\/\\\/diariotextual.com\\\/inicio\\\/#\\\/schema\\\/person\\\/418fc4093c33e86ed41562db3508f958\"},\"headline\":\"El STJ aval\u00f3 que La Pampa haya prohibido la venta de agroqu\u00edmicos en el verano de 2020\",\"datePublished\":\"2023-08-15T11:19:59+00:00\",\"dateModified\":\"2023-08-16T00:33:16+00:00\",\"mainEntityOfPage\":{\"@id\":\"https:\\\/\\\/diariotextual.com\\\/inicio\\\/index.php\\\/2023\\\/08\\\/15\\\/el-stj-avalo-que-la-pampa-haya-prohibido-la-venta-de-agroquimicos-en-el-verano-de-2020\\\/\"},\"wordCount\":741,\"publisher\":{\"@id\":\"https:\\\/\\\/diariotextual.com\\\/inicio\\\/#organization\"},\"image\":{\"@id\":\"https:\\\/\\\/diariotextual.com\\\/inicio\\\/index.php\\\/2023\\\/08\\\/15\\\/el-stj-avalo-que-la-pampa-haya-prohibido-la-venta-de-agroquimicos-en-el-verano-de-2020\\\/#primaryimage\"},\"thumbnailUrl\":\"https:\\\/\\\/diariotextual.com\\\/inicio\\\/wp-content\\\/uploads\\\/2021\\\/08\\\/agroquimicosplaguicidasbidonessantarosacampolimpio2021-1.jpg\",\"articleSection\":[\"A - ES NOTICIA (van abajo)\",\"CAMPO\"],\"inLanguage\":\"es\"},{\"@type\":\"WebPage\",\"@id\":\"https:\\\/\\\/diariotextual.com\\\/inicio\\\/index.php\\\/2023\\\/08\\\/15\\\/el-stj-avalo-que-la-pampa-haya-prohibido-la-venta-de-agroquimicos-en-el-verano-de-2020\\\/\",\"url\":\"https:\\\/\\\/diariotextual.com\\\/inicio\\\/index.php\\\/2023\\\/08\\\/15\\\/el-stj-avalo-que-la-pampa-haya-prohibido-la-venta-de-agroquimicos-en-el-verano-de-2020\\\/\",\"name\":\"El STJ aval\u00f3 que La Pampa haya prohibido la venta de agroqu\u00edmicos en el verano de 2020 - Diario Textual\",\"isPartOf\":{\"@id\":\"https:\\\/\\\/diariotextual.com\\\/inicio\\\/#website\"},\"primaryImageOfPage\":{\"@id\":\"https:\\\/\\\/diariotextual.com\\\/inicio\\\/index.php\\\/2023\\\/08\\\/15\\\/el-stj-avalo-que-la-pampa-haya-prohibido-la-venta-de-agroquimicos-en-el-verano-de-2020\\\/#primaryimage\"},\"image\":{\"@id\":\"https:\\\/\\\/diariotextual.com\\\/inicio\\\/index.php\\\/2023\\\/08\\\/15\\\/el-stj-avalo-que-la-pampa-haya-prohibido-la-venta-de-agroquimicos-en-el-verano-de-2020\\\/#primaryimage\"},\"thumbnailUrl\":\"https:\\\/\\\/diariotextual.com\\\/inicio\\\/wp-content\\\/uploads\\\/2021\\\/08\\\/agroquimicosplaguicidasbidonessantarosacampolimpio2021-1.jpg\",\"datePublished\":\"2023-08-15T11:19:59+00:00\",\"dateModified\":\"2023-08-16T00:33:16+00:00\",\"breadcrumb\":{\"@id\":\"https:\\\/\\\/diariotextual.com\\\/inicio\\\/index.php\\\/2023\\\/08\\\/15\\\/el-stj-avalo-que-la-pampa-haya-prohibido-la-venta-de-agroquimicos-en-el-verano-de-2020\\\/#breadcrumb\"},\"inLanguage\":\"es\",\"potentialAction\":[{\"@type\":\"ReadAction\",\"target\":[\"https:\\\/\\\/diariotextual.com\\\/inicio\\\/index.php\\\/2023\\\/08\\\/15\\\/el-stj-avalo-que-la-pampa-haya-prohibido-la-venta-de-agroquimicos-en-el-verano-de-2020\\\/\"]}]},{\"@type\":\"ImageObject\",\"inLanguage\":\"es\",\"@id\":\"https:\\\/\\\/diariotextual.com\\\/inicio\\\/index.php\\\/2023\\\/08\\\/15\\\/el-stj-avalo-que-la-pampa-haya-prohibido-la-venta-de-agroquimicos-en-el-verano-de-2020\\\/#primaryimage\",\"url\":\"https:\\\/\\\/diariotextual.com\\\/inicio\\\/wp-content\\\/uploads\\\/2021\\\/08\\\/agroquimicosplaguicidasbidonessantarosacampolimpio2021-1.jpg\",\"contentUrl\":\"https:\\\/\\\/diariotextual.com\\\/inicio\\\/wp-content\\\/uploads\\\/2021\\\/08\\\/agroquimicosplaguicidasbidonessantarosacampolimpio2021-1.jpg\",\"width\":1280,\"height\":830},{\"@type\":\"BreadcrumbList\",\"@id\":\"https:\\\/\\\/diariotextual.com\\\/inicio\\\/index.php\\\/2023\\\/08\\\/15\\\/el-stj-avalo-que-la-pampa-haya-prohibido-la-venta-de-agroquimicos-en-el-verano-de-2020\\\/#breadcrumb\",\"itemListElement\":[{\"@type\":\"ListItem\",\"position\":1,\"name\":\"Portada\",\"item\":\"https:\\\/\\\/diariotextual.com\\\/inicio\\\/\"},{\"@type\":\"ListItem\",\"position\":2,\"name\":\"El STJ aval\u00f3 que La Pampa haya prohibido la venta de agroqu\u00edmicos en el verano de 2020\"}]},{\"@type\":\"WebSite\",\"@id\":\"https:\\\/\\\/diariotextual.com\\\/inicio\\\/#website\",\"url\":\"https:\\\/\\\/diariotextual.com\\\/inicio\\\/\",\"name\":\"Diario Textual\",\"description\":\"\",\"publisher\":{\"@id\":\"https:\\\/\\\/diariotextual.com\\\/inicio\\\/#organization\"},\"potentialAction\":[{\"@type\":\"SearchAction\",\"target\":{\"@type\":\"EntryPoint\",\"urlTemplate\":\"https:\\\/\\\/diariotextual.com\\\/inicio\\\/?s={search_term_string}\"},\"query-input\":{\"@type\":\"PropertyValueSpecification\",\"valueRequired\":true,\"valueName\":\"search_term_string\"}}],\"inLanguage\":\"es\"},{\"@type\":\"Organization\",\"@id\":\"https:\\\/\\\/diariotextual.com\\\/inicio\\\/#organization\",\"name\":\"Diario Textual\",\"url\":\"https:\\\/\\\/diariotextual.com\\\/inicio\\\/\",\"logo\":{\"@type\":\"ImageObject\",\"inLanguage\":\"es\",\"@id\":\"https:\\\/\\\/diariotextual.com\\\/inicio\\\/#\\\/schema\\\/logo\\\/image\\\/\",\"url\":\"https:\\\/\\\/diariotextual.com\\\/inicio\\\/wp-content\\\/uploads\\\/2023\\\/05\\\/logotextual1.jpg\",\"contentUrl\":\"https:\\\/\\\/diariotextual.com\\\/inicio\\\/wp-content\\\/uploads\\\/2023\\\/05\\\/logotextual1.jpg\",\"width\":516,\"height\":76,\"caption\":\"Diario Textual\"},\"image\":{\"@id\":\"https:\\\/\\\/diariotextual.com\\\/inicio\\\/#\\\/schema\\\/logo\\\/image\\\/\"},\"sameAs\":[\"https:\\\/\\\/www.facebook.com\\\/eltextual\",\"https:\\\/\\\/x.com\\\/eltextual\",\"http:\\\/\\\/www.instagram.com\\\/eltextual\"]},{\"@type\":\"Person\",\"@id\":\"https:\\\/\\\/diariotextual.com\\\/inicio\\\/#\\\/schema\\\/person\\\/418fc4093c33e86ed41562db3508f958\",\"name\":\"Diario1 Diario1\",\"image\":{\"@type\":\"ImageObject\",\"inLanguage\":\"es\",\"@id\":\"https:\\\/\\\/secure.gravatar.com\\\/avatar\\\/9167d280179c85bc18be67aa7eda765854300033af4896dd779b608640f2ef7a?s=96&d=mm&r=g\",\"url\":\"https:\\\/\\\/secure.gravatar.com\\\/avatar\\\/9167d280179c85bc18be67aa7eda765854300033af4896dd779b608640f2ef7a?s=96&d=mm&r=g\",\"contentUrl\":\"https:\\\/\\\/secure.gravatar.com\\\/avatar\\\/9167d280179c85bc18be67aa7eda765854300033af4896dd779b608640f2ef7a?s=96&d=mm&r=g\",\"caption\":\"Diario1 Diario1\"},\"url\":\"https:\\\/\\\/diariotextual.com\\\/inicio\\\/index.php\\\/author\\\/diario1\\\/\"}]}<\/script>\n<!-- \/ Yoast SEO plugin. -->","yoast_head_json":{"title":"El STJ aval\u00f3 que La Pampa haya prohibido la venta de agroqu\u00edmicos en el verano de 2020 - Diario Textual","robots":{"index":"index","follow":"follow","max-snippet":"max-snippet:-1","max-image-preview":"max-image-preview:large","max-video-preview":"max-video-preview:-1"},"canonical":"https:\/\/diariotextual.com\/inicio\/index.php\/2023\/08\/15\/el-stj-avalo-que-la-pampa-haya-prohibido-la-venta-de-agroquimicos-en-el-verano-de-2020\/","og_locale":"es_ES","og_type":"article","og_title":"El STJ aval\u00f3 que La Pampa haya prohibido la venta de agroqu\u00edmicos en el verano de 2020 - Diario Textual","og_description":"La Sala B del Superior Tribunal de Justicia (STJ) rechaz\u00f3 una demanda contencioso administrativa de la Fundaci\u00f3n Campo Limpio y aval\u00f3 una disposici\u00f3n del Estado provincial que durante dos semanas&hellip;","og_url":"https:\/\/diariotextual.com\/inicio\/index.php\/2023\/08\/15\/el-stj-avalo-que-la-pampa-haya-prohibido-la-venta-de-agroquimicos-en-el-verano-de-2020\/","og_site_name":"Diario Textual","article_publisher":"https:\/\/www.facebook.com\/eltextual","article_published_time":"2023-08-15T11:19:59+00:00","article_modified_time":"2023-08-16T00:33:16+00:00","og_image":[{"width":1280,"height":830,"url":"https:\/\/diariotextual.com\/inicio\/wp-content\/uploads\/2021\/08\/agroquimicosplaguicidasbidonessantarosacampolimpio2021-1.jpg","type":"image\/jpeg"}],"author":"Diario1 Diario1","twitter_card":"summary_large_image","twitter_creator":"@eltextual","twitter_site":"@eltextual","twitter_misc":{"Escrito por":"Diario1 Diario1","Tiempo de lectura":"4 minutos"},"schema":{"@context":"https:\/\/schema.org","@graph":[{"@type":"Article","@id":"https:\/\/diariotextual.com\/inicio\/index.php\/2023\/08\/15\/el-stj-avalo-que-la-pampa-haya-prohibido-la-venta-de-agroquimicos-en-el-verano-de-2020\/#article","isPartOf":{"@id":"https:\/\/diariotextual.com\/inicio\/index.php\/2023\/08\/15\/el-stj-avalo-que-la-pampa-haya-prohibido-la-venta-de-agroquimicos-en-el-verano-de-2020\/"},"author":{"name":"Diario1 Diario1","@id":"https:\/\/diariotextual.com\/inicio\/#\/schema\/person\/418fc4093c33e86ed41562db3508f958"},"headline":"El STJ aval\u00f3 que La Pampa haya prohibido la venta de agroqu\u00edmicos en el verano de 2020","datePublished":"2023-08-15T11:19:59+00:00","dateModified":"2023-08-16T00:33:16+00:00","mainEntityOfPage":{"@id":"https:\/\/diariotextual.com\/inicio\/index.php\/2023\/08\/15\/el-stj-avalo-que-la-pampa-haya-prohibido-la-venta-de-agroquimicos-en-el-verano-de-2020\/"},"wordCount":741,"publisher":{"@id":"https:\/\/diariotextual.com\/inicio\/#organization"},"image":{"@id":"https:\/\/diariotextual.com\/inicio\/index.php\/2023\/08\/15\/el-stj-avalo-que-la-pampa-haya-prohibido-la-venta-de-agroquimicos-en-el-verano-de-2020\/#primaryimage"},"thumbnailUrl":"https:\/\/diariotextual.com\/inicio\/wp-content\/uploads\/2021\/08\/agroquimicosplaguicidasbidonessantarosacampolimpio2021-1.jpg","articleSection":["A - ES NOTICIA (van abajo)","CAMPO"],"inLanguage":"es"},{"@type":"WebPage","@id":"https:\/\/diariotextual.com\/inicio\/index.php\/2023\/08\/15\/el-stj-avalo-que-la-pampa-haya-prohibido-la-venta-de-agroquimicos-en-el-verano-de-2020\/","url":"https:\/\/diariotextual.com\/inicio\/index.php\/2023\/08\/15\/el-stj-avalo-que-la-pampa-haya-prohibido-la-venta-de-agroquimicos-en-el-verano-de-2020\/","name":"El STJ aval\u00f3 que La Pampa haya prohibido la venta de agroqu\u00edmicos en el verano de 2020 - Diario Textual","isPartOf":{"@id":"https:\/\/diariotextual.com\/inicio\/#website"},"primaryImageOfPage":{"@id":"https:\/\/diariotextual.com\/inicio\/index.php\/2023\/08\/15\/el-stj-avalo-que-la-pampa-haya-prohibido-la-venta-de-agroquimicos-en-el-verano-de-2020\/#primaryimage"},"image":{"@id":"https:\/\/diariotextual.com\/inicio\/index.php\/2023\/08\/15\/el-stj-avalo-que-la-pampa-haya-prohibido-la-venta-de-agroquimicos-en-el-verano-de-2020\/#primaryimage"},"thumbnailUrl":"https:\/\/diariotextual.com\/inicio\/wp-content\/uploads\/2021\/08\/agroquimicosplaguicidasbidonessantarosacampolimpio2021-1.jpg","datePublished":"2023-08-15T11:19:59+00:00","dateModified":"2023-08-16T00:33:16+00:00","breadcrumb":{"@id":"https:\/\/diariotextual.com\/inicio\/index.php\/2023\/08\/15\/el-stj-avalo-que-la-pampa-haya-prohibido-la-venta-de-agroquimicos-en-el-verano-de-2020\/#breadcrumb"},"inLanguage":"es","potentialAction":[{"@type":"ReadAction","target":["https:\/\/diariotextual.com\/inicio\/index.php\/2023\/08\/15\/el-stj-avalo-que-la-pampa-haya-prohibido-la-venta-de-agroquimicos-en-el-verano-de-2020\/"]}]},{"@type":"ImageObject","inLanguage":"es","@id":"https:\/\/diariotextual.com\/inicio\/index.php\/2023\/08\/15\/el-stj-avalo-que-la-pampa-haya-prohibido-la-venta-de-agroquimicos-en-el-verano-de-2020\/#primaryimage","url":"https:\/\/diariotextual.com\/inicio\/wp-content\/uploads\/2021\/08\/agroquimicosplaguicidasbidonessantarosacampolimpio2021-1.jpg","contentUrl":"https:\/\/diariotextual.com\/inicio\/wp-content\/uploads\/2021\/08\/agroquimicosplaguicidasbidonessantarosacampolimpio2021-1.jpg","width":1280,"height":830},{"@type":"BreadcrumbList","@id":"https:\/\/diariotextual.com\/inicio\/index.php\/2023\/08\/15\/el-stj-avalo-que-la-pampa-haya-prohibido-la-venta-de-agroquimicos-en-el-verano-de-2020\/#breadcrumb","itemListElement":[{"@type":"ListItem","position":1,"name":"Portada","item":"https:\/\/diariotextual.com\/inicio\/"},{"@type":"ListItem","position":2,"name":"El STJ aval\u00f3 que La Pampa haya prohibido la venta de agroqu\u00edmicos en el verano de 2020"}]},{"@type":"WebSite","@id":"https:\/\/diariotextual.com\/inicio\/#website","url":"https:\/\/diariotextual.com\/inicio\/","name":"Diario Textual","description":"","publisher":{"@id":"https:\/\/diariotextual.com\/inicio\/#organization"},"potentialAction":[{"@type":"SearchAction","target":{"@type":"EntryPoint","urlTemplate":"https:\/\/diariotextual.com\/inicio\/?s={search_term_string}"},"query-input":{"@type":"PropertyValueSpecification","valueRequired":true,"valueName":"search_term_string"}}],"inLanguage":"es"},{"@type":"Organization","@id":"https:\/\/diariotextual.com\/inicio\/#organization","name":"Diario Textual","url":"https:\/\/diariotextual.com\/inicio\/","logo":{"@type":"ImageObject","inLanguage":"es","@id":"https:\/\/diariotextual.com\/inicio\/#\/schema\/logo\/image\/","url":"https:\/\/diariotextual.com\/inicio\/wp-content\/uploads\/2023\/05\/logotextual1.jpg","contentUrl":"https:\/\/diariotextual.com\/inicio\/wp-content\/uploads\/2023\/05\/logotextual1.jpg","width":516,"height":76,"caption":"Diario Textual"},"image":{"@id":"https:\/\/diariotextual.com\/inicio\/#\/schema\/logo\/image\/"},"sameAs":["https:\/\/www.facebook.com\/eltextual","https:\/\/x.com\/eltextual","http:\/\/www.instagram.com\/eltextual"]},{"@type":"Person","@id":"https:\/\/diariotextual.com\/inicio\/#\/schema\/person\/418fc4093c33e86ed41562db3508f958","name":"Diario1 Diario1","image":{"@type":"ImageObject","inLanguage":"es","@id":"https:\/\/secure.gravatar.com\/avatar\/9167d280179c85bc18be67aa7eda765854300033af4896dd779b608640f2ef7a?s=96&d=mm&r=g","url":"https:\/\/secure.gravatar.com\/avatar\/9167d280179c85bc18be67aa7eda765854300033af4896dd779b608640f2ef7a?s=96&d=mm&r=g","contentUrl":"https:\/\/secure.gravatar.com\/avatar\/9167d280179c85bc18be67aa7eda765854300033af4896dd779b608640f2ef7a?s=96&d=mm&r=g","caption":"Diario1 Diario1"},"url":"https:\/\/diariotextual.com\/inicio\/index.php\/author\/diario1\/"}]}},"_links":{"self":[{"href":"https:\/\/diariotextual.com\/inicio\/index.php\/wp-json\/wp\/v2\/posts\/234155","targetHints":{"allow":["GET"]}}],"collection":[{"href":"https:\/\/diariotextual.com\/inicio\/index.php\/wp-json\/wp\/v2\/posts"}],"about":[{"href":"https:\/\/diariotextual.com\/inicio\/index.php\/wp-json\/wp\/v2\/types\/post"}],"author":[{"embeddable":true,"href":"https:\/\/diariotextual.com\/inicio\/index.php\/wp-json\/wp\/v2\/users\/3"}],"replies":[{"embeddable":true,"href":"https:\/\/diariotextual.com\/inicio\/index.php\/wp-json\/wp\/v2\/comments?post=234155"}],"version-history":[{"count":3,"href":"https:\/\/diariotextual.com\/inicio\/index.php\/wp-json\/wp\/v2\/posts\/234155\/revisions"}],"predecessor-version":[{"id":234158,"href":"https:\/\/diariotextual.com\/inicio\/index.php\/wp-json\/wp\/v2\/posts\/234155\/revisions\/234158"}],"wp:featuredmedia":[{"embeddable":true,"href":"https:\/\/diariotextual.com\/inicio\/index.php\/wp-json\/wp\/v2\/media\/158460"}],"wp:attachment":[{"href":"https:\/\/diariotextual.com\/inicio\/index.php\/wp-json\/wp\/v2\/media?parent=234155"}],"wp:term":[{"taxonomy":"category","embeddable":true,"href":"https:\/\/diariotextual.com\/inicio\/index.php\/wp-json\/wp\/v2\/categories?post=234155"},{"taxonomy":"post_tag","embeddable":true,"href":"https:\/\/diariotextual.com\/inicio\/index.php\/wp-json\/wp\/v2\/tags?post=234155"}],"curies":[{"name":"wp","href":"https:\/\/api.w.org\/{rel}","templated":true}]}}