{"id":234180,"date":"2023-08-15T11:15:05","date_gmt":"2023-08-15T14:15:05","guid":{"rendered":"https:\/\/diariotextual.com\/inicio\/?p=234180"},"modified":"2023-08-15T12:28:18","modified_gmt":"2023-08-15T15:28:18","slug":"el-gobierno-anuncia-el-desmantelamiento-de-tres-bandas-narcos-en-la-provincia","status":"publish","type":"post","link":"https:\/\/diariotextual.com\/inicio\/index.php\/2023\/08\/15\/el-gobierno-anuncia-el-desmantelamiento-de-tres-bandas-narcos-en-la-provincia\/","title":{"rendered":"El Gobierno anuncia el desmantelamiento de tres bandas narcos en la provincia"},"content":{"rendered":"\n<p>Durante el \u00faltimo fin de semana se desarrollaron en distintos puntos de la provincia una serie de operativos que concluy\u00f3 con la desarticulaci\u00f3n de tres redes dedicadas al narcotr\u00e1fico.\u00a0 \u00a0<\/p>\n\n\n\n<p>Efectivos del \u00c1rea de Coordinaci\u00f3n Operativa de Lucha contra el Narcotr\u00e1fico (ACOLN) llevaron adelante las acciones que condujeron a la detenci\u00f3n de personas involucradas en actividades il\u00edcitas, a la incautaci\u00f3n de sustancias prohibidas y elementos relacionados, comunic\u00f3 el Ministerio de Seguridad.<br><\/p>\n\n\n\n<p>En el marco del primer procedimiento llevado a cabo en una residencia de Santa Rosa, donde se hab\u00eda corroborado la venta de estupefacientes. Como resultado, un hombre de 45 a\u00f1os, objeto de investigaci\u00f3n, fue detenido. Adem\u00e1s, se confiscaron sustancias estupefacientes, incluyendo coca\u00edna y se decomis\u00f3 una suma considerable de dinero en efectivo.<br><\/p>\n\n\n\n<p>Simult\u00e1neamente, en la localidad de Eduardo Castex, con la colaboraci\u00f3n de personal de la comisar\u00eda local y Toxicoman\u00eda de General Pico, se efectu\u00f3 un operativo en la v\u00eda p\u00fablica y dos allanamientos en viviendas particulares. Este accionar fue resultado de investigaciones realizadas por el equipo de Redes Urbanas del ACOLN. Dos hombres de 39 y 20 a\u00f1os fueron detenidos y se confiscaron sustancias listas para su venta, entre ellas coca\u00edna y m\u00e1s de medio kilo de marihuana, junto con otros elementos relacionados al narcotr\u00e1fico, como armas de fuego.<br><\/p>\n\n\n\n<p>Por \u00faltimo, en un control sobre la Ruta Nacional N\u00b0 5, se detuvo un colectivo procedente de Paran\u00e1, Entre R\u00edos, con destino a Bariloche, R\u00edo Negro. En esta ocasi\u00f3n, se identific\u00f3 a una mujer de 35 a\u00f1os, oriunda de Santa Rosa, quien transportaba 130 gramos de marihuana y 70 recortes de papel met\u00e1lico de varios colores, doblados en forma de cuadrados, con coca\u00edna en su interior.<br><\/p>\n\n\n\n<p>El operativo cont\u00f3 con la participaci\u00f3n del personal de control de Tr\u00e1fico Il\u00edcito de Drogas, utilizando sistemas de inspecci\u00f3n especializados y perros entrenados.<\/p>\n","protected":false},"excerpt":{"rendered":"<p>Durante el \u00faltimo fin de semana se desarrollaron en distintos puntos de la provincia una serie de operativos que concluy\u00f3 con la desarticulaci\u00f3n de tres redes dedicadas al narcotr\u00e1fico.\u00a0 \u00a0&hellip;<\/p>\n","protected":false},"author":3,"featured_media":234182,"comment_status":"closed","ping_status":"open","sticky":false,"template":"","format":"standard","meta":{"_acf_changed":false,"footnotes":""},"categories":[1,12],"tags":[],"class_list":["post-234180","post","type-post","status-publish","format-standard","has-post-thumbnail","hentry","category-es-noticia","category-sociedad"],"acf":[],"yoast_head":"<!-- This site is optimized with the Yoast SEO plugin v27.5 - https:\/\/yoast.com\/product\/yoast-seo-wordpress\/ -->\n<title>El Gobierno anuncia el desmantelamiento de tres bandas narcos en la provincia - Diario Textual<\/title>\n<meta name=\"robots\" content=\"index, follow, max-snippet:-1, max-image-preview:large, max-video-preview:-1\" \/>\n<link rel=\"canonical\" href=\"https:\/\/diariotextual.com\/inicio\/index.php\/2023\/08\/15\/el-gobierno-anuncia-el-desmantelamiento-de-tres-bandas-narcos-en-la-provincia\/\" \/>\n<meta property=\"og:locale\" content=\"es_ES\" \/>\n<meta property=\"og:type\" content=\"article\" \/>\n<meta property=\"og:title\" content=\"El Gobierno anuncia el desmantelamiento de tres bandas narcos en la provincia - Diario Textual\" \/>\n<meta property=\"og:description\" content=\"Durante el \u00faltimo fin de semana se desarrollaron en distintos puntos de la provincia una serie de operativos que concluy\u00f3 con la desarticulaci\u00f3n de tres redes dedicadas al narcotr\u00e1fico.\u00a0 \u00a0&hellip;\" \/>\n<meta property=\"og:url\" content=\"https:\/\/diariotextual.com\/inicio\/index.php\/2023\/08\/15\/el-gobierno-anuncia-el-desmantelamiento-de-tres-bandas-narcos-en-la-provincia\/\" \/>\n<meta property=\"og:site_name\" content=\"Diario Textual\" \/>\n<meta property=\"article:publisher\" content=\"https:\/\/www.facebook.com\/eltextual\" \/>\n<meta property=\"article:published_time\" content=\"2023-08-15T14:15:05+00:00\" \/>\n<meta property=\"article:modified_time\" content=\"2023-08-15T15:28:18+00:00\" \/>\n<meta property=\"og:image\" content=\"https:\/\/diariotextual.com\/inicio\/wp-content\/uploads\/2023\/08\/drogassecuestros2023-1.jpeg\" \/>\n\t<meta property=\"og:image:width\" content=\"1600\" \/>\n\t<meta property=\"og:image:height\" content=\"900\" \/>\n\t<meta property=\"og:image:type\" content=\"image\/jpeg\" \/>\n<meta name=\"author\" content=\"Diario1 Diario1\" \/>\n<meta name=\"twitter:card\" content=\"summary_large_image\" \/>\n<meta name=\"twitter:creator\" content=\"@eltextual\" \/>\n<meta name=\"twitter:site\" content=\"@eltextual\" \/>\n<meta name=\"twitter:label1\" content=\"Escrito por\" \/>\n\t<meta name=\"twitter:data1\" content=\"Diario1 Diario1\" \/>\n\t<meta name=\"twitter:label2\" content=\"Tiempo de lectura\" \/>\n\t<meta name=\"twitter:data2\" content=\"2 minutos\" \/>\n<script type=\"application\/ld+json\" class=\"yoast-schema-graph\">{\"@context\":\"https:\\\/\\\/schema.org\",\"@graph\":[{\"@type\":\"Article\",\"@id\":\"https:\\\/\\\/diariotextual.com\\\/inicio\\\/index.php\\\/2023\\\/08\\\/15\\\/el-gobierno-anuncia-el-desmantelamiento-de-tres-bandas-narcos-en-la-provincia\\\/#article\",\"isPartOf\":{\"@id\":\"https:\\\/\\\/diariotextual.com\\\/inicio\\\/index.php\\\/2023\\\/08\\\/15\\\/el-gobierno-anuncia-el-desmantelamiento-de-tres-bandas-narcos-en-la-provincia\\\/\"},\"author\":{\"name\":\"Diario1 Diario1\",\"@id\":\"https:\\\/\\\/diariotextual.com\\\/inicio\\\/#\\\/schema\\\/person\\\/418fc4093c33e86ed41562db3508f958\"},\"headline\":\"El Gobierno anuncia el desmantelamiento de tres bandas narcos en la provincia\",\"datePublished\":\"2023-08-15T14:15:05+00:00\",\"dateModified\":\"2023-08-15T15:28:18+00:00\",\"mainEntityOfPage\":{\"@id\":\"https:\\\/\\\/diariotextual.com\\\/inicio\\\/index.php\\\/2023\\\/08\\\/15\\\/el-gobierno-anuncia-el-desmantelamiento-de-tres-bandas-narcos-en-la-provincia\\\/\"},\"wordCount\":336,\"publisher\":{\"@id\":\"https:\\\/\\\/diariotextual.com\\\/inicio\\\/#organization\"},\"image\":{\"@id\":\"https:\\\/\\\/diariotextual.com\\\/inicio\\\/index.php\\\/2023\\\/08\\\/15\\\/el-gobierno-anuncia-el-desmantelamiento-de-tres-bandas-narcos-en-la-provincia\\\/#primaryimage\"},\"thumbnailUrl\":\"https:\\\/\\\/diariotextual.com\\\/inicio\\\/wp-content\\\/uploads\\\/2023\\\/08\\\/drogassecuestros2023-1.jpeg\",\"articleSection\":[\"A - ES NOTICIA (van abajo)\",\"SOCIEDAD\"],\"inLanguage\":\"es\"},{\"@type\":\"WebPage\",\"@id\":\"https:\\\/\\\/diariotextual.com\\\/inicio\\\/index.php\\\/2023\\\/08\\\/15\\\/el-gobierno-anuncia-el-desmantelamiento-de-tres-bandas-narcos-en-la-provincia\\\/\",\"url\":\"https:\\\/\\\/diariotextual.com\\\/inicio\\\/index.php\\\/2023\\\/08\\\/15\\\/el-gobierno-anuncia-el-desmantelamiento-de-tres-bandas-narcos-en-la-provincia\\\/\",\"name\":\"El Gobierno anuncia el desmantelamiento de tres bandas narcos en la provincia - Diario Textual\",\"isPartOf\":{\"@id\":\"https:\\\/\\\/diariotextual.com\\\/inicio\\\/#website\"},\"primaryImageOfPage\":{\"@id\":\"https:\\\/\\\/diariotextual.com\\\/inicio\\\/index.php\\\/2023\\\/08\\\/15\\\/el-gobierno-anuncia-el-desmantelamiento-de-tres-bandas-narcos-en-la-provincia\\\/#primaryimage\"},\"image\":{\"@id\":\"https:\\\/\\\/diariotextual.com\\\/inicio\\\/index.php\\\/2023\\\/08\\\/15\\\/el-gobierno-anuncia-el-desmantelamiento-de-tres-bandas-narcos-en-la-provincia\\\/#primaryimage\"},\"thumbnailUrl\":\"https:\\\/\\\/diariotextual.com\\\/inicio\\\/wp-content\\\/uploads\\\/2023\\\/08\\\/drogassecuestros2023-1.jpeg\",\"datePublished\":\"2023-08-15T14:15:05+00:00\",\"dateModified\":\"2023-08-15T15:28:18+00:00\",\"breadcrumb\":{\"@id\":\"https:\\\/\\\/diariotextual.com\\\/inicio\\\/index.php\\\/2023\\\/08\\\/15\\\/el-gobierno-anuncia-el-desmantelamiento-de-tres-bandas-narcos-en-la-provincia\\\/#breadcrumb\"},\"inLanguage\":\"es\",\"potentialAction\":[{\"@type\":\"ReadAction\",\"target\":[\"https:\\\/\\\/diariotextual.com\\\/inicio\\\/index.php\\\/2023\\\/08\\\/15\\\/el-gobierno-anuncia-el-desmantelamiento-de-tres-bandas-narcos-en-la-provincia\\\/\"]}]},{\"@type\":\"ImageObject\",\"inLanguage\":\"es\",\"@id\":\"https:\\\/\\\/diariotextual.com\\\/inicio\\\/index.php\\\/2023\\\/08\\\/15\\\/el-gobierno-anuncia-el-desmantelamiento-de-tres-bandas-narcos-en-la-provincia\\\/#primaryimage\",\"url\":\"https:\\\/\\\/diariotextual.com\\\/inicio\\\/wp-content\\\/uploads\\\/2023\\\/08\\\/drogassecuestros2023-1.jpeg\",\"contentUrl\":\"https:\\\/\\\/diariotextual.com\\\/inicio\\\/wp-content\\\/uploads\\\/2023\\\/08\\\/drogassecuestros2023-1.jpeg\",\"width\":1600,\"height\":900},{\"@type\":\"BreadcrumbList\",\"@id\":\"https:\\\/\\\/diariotextual.com\\\/inicio\\\/index.php\\\/2023\\\/08\\\/15\\\/el-gobierno-anuncia-el-desmantelamiento-de-tres-bandas-narcos-en-la-provincia\\\/#breadcrumb\",\"itemListElement\":[{\"@type\":\"ListItem\",\"position\":1,\"name\":\"Portada\",\"item\":\"https:\\\/\\\/diariotextual.com\\\/inicio\\\/\"},{\"@type\":\"ListItem\",\"position\":2,\"name\":\"El Gobierno anuncia el desmantelamiento de tres bandas narcos en la provincia\"}]},{\"@type\":\"WebSite\",\"@id\":\"https:\\\/\\\/diariotextual.com\\\/inicio\\\/#website\",\"url\":\"https:\\\/\\\/diariotextual.com\\\/inicio\\\/\",\"name\":\"Diario Textual\",\"description\":\"\",\"publisher\":{\"@id\":\"https:\\\/\\\/diariotextual.com\\\/inicio\\\/#organization\"},\"potentialAction\":[{\"@type\":\"SearchAction\",\"target\":{\"@type\":\"EntryPoint\",\"urlTemplate\":\"https:\\\/\\\/diariotextual.com\\\/inicio\\\/?s={search_term_string}\"},\"query-input\":{\"@type\":\"PropertyValueSpecification\",\"valueRequired\":true,\"valueName\":\"search_term_string\"}}],\"inLanguage\":\"es\"},{\"@type\":\"Organization\",\"@id\":\"https:\\\/\\\/diariotextual.com\\\/inicio\\\/#organization\",\"name\":\"Diario Textual\",\"url\":\"https:\\\/\\\/diariotextual.com\\\/inicio\\\/\",\"logo\":{\"@type\":\"ImageObject\",\"inLanguage\":\"es\",\"@id\":\"https:\\\/\\\/diariotextual.com\\\/inicio\\\/#\\\/schema\\\/logo\\\/image\\\/\",\"url\":\"https:\\\/\\\/diariotextual.com\\\/inicio\\\/wp-content\\\/uploads\\\/2023\\\/05\\\/logotextual1.jpg\",\"contentUrl\":\"https:\\\/\\\/diariotextual.com\\\/inicio\\\/wp-content\\\/uploads\\\/2023\\\/05\\\/logotextual1.jpg\",\"width\":516,\"height\":76,\"caption\":\"Diario Textual\"},\"image\":{\"@id\":\"https:\\\/\\\/diariotextual.com\\\/inicio\\\/#\\\/schema\\\/logo\\\/image\\\/\"},\"sameAs\":[\"https:\\\/\\\/www.facebook.com\\\/eltextual\",\"https:\\\/\\\/x.com\\\/eltextual\",\"http:\\\/\\\/www.instagram.com\\\/eltextual\"]},{\"@type\":\"Person\",\"@id\":\"https:\\\/\\\/diariotextual.com\\\/inicio\\\/#\\\/schema\\\/person\\\/418fc4093c33e86ed41562db3508f958\",\"name\":\"Diario1 Diario1\",\"image\":{\"@type\":\"ImageObject\",\"inLanguage\":\"es\",\"@id\":\"https:\\\/\\\/secure.gravatar.com\\\/avatar\\\/9167d280179c85bc18be67aa7eda765854300033af4896dd779b608640f2ef7a?s=96&d=mm&r=g\",\"url\":\"https:\\\/\\\/secure.gravatar.com\\\/avatar\\\/9167d280179c85bc18be67aa7eda765854300033af4896dd779b608640f2ef7a?s=96&d=mm&r=g\",\"contentUrl\":\"https:\\\/\\\/secure.gravatar.com\\\/avatar\\\/9167d280179c85bc18be67aa7eda765854300033af4896dd779b608640f2ef7a?s=96&d=mm&r=g\",\"caption\":\"Diario1 Diario1\"},\"url\":\"https:\\\/\\\/diariotextual.com\\\/inicio\\\/index.php\\\/author\\\/diario1\\\/\"}]}<\/script>\n<!-- \/ Yoast SEO plugin. -->","yoast_head_json":{"title":"El Gobierno anuncia el desmantelamiento de tres bandas narcos en la provincia - Diario Textual","robots":{"index":"index","follow":"follow","max-snippet":"max-snippet:-1","max-image-preview":"max-image-preview:large","max-video-preview":"max-video-preview:-1"},"canonical":"https:\/\/diariotextual.com\/inicio\/index.php\/2023\/08\/15\/el-gobierno-anuncia-el-desmantelamiento-de-tres-bandas-narcos-en-la-provincia\/","og_locale":"es_ES","og_type":"article","og_title":"El Gobierno anuncia el desmantelamiento de tres bandas narcos en la provincia - Diario Textual","og_description":"Durante el \u00faltimo fin de semana se desarrollaron en distintos puntos de la provincia una serie de operativos que concluy\u00f3 con la desarticulaci\u00f3n de tres redes dedicadas al narcotr\u00e1fico.\u00a0 \u00a0&hellip;","og_url":"https:\/\/diariotextual.com\/inicio\/index.php\/2023\/08\/15\/el-gobierno-anuncia-el-desmantelamiento-de-tres-bandas-narcos-en-la-provincia\/","og_site_name":"Diario Textual","article_publisher":"https:\/\/www.facebook.com\/eltextual","article_published_time":"2023-08-15T14:15:05+00:00","article_modified_time":"2023-08-15T15:28:18+00:00","og_image":[{"width":1600,"height":900,"url":"https:\/\/diariotextual.com\/inicio\/wp-content\/uploads\/2023\/08\/drogassecuestros2023-1.jpeg","type":"image\/jpeg"}],"author":"Diario1 Diario1","twitter_card":"summary_large_image","twitter_creator":"@eltextual","twitter_site":"@eltextual","twitter_misc":{"Escrito por":"Diario1 Diario1","Tiempo de lectura":"2 minutos"},"schema":{"@context":"https:\/\/schema.org","@graph":[{"@type":"Article","@id":"https:\/\/diariotextual.com\/inicio\/index.php\/2023\/08\/15\/el-gobierno-anuncia-el-desmantelamiento-de-tres-bandas-narcos-en-la-provincia\/#article","isPartOf":{"@id":"https:\/\/diariotextual.com\/inicio\/index.php\/2023\/08\/15\/el-gobierno-anuncia-el-desmantelamiento-de-tres-bandas-narcos-en-la-provincia\/"},"author":{"name":"Diario1 Diario1","@id":"https:\/\/diariotextual.com\/inicio\/#\/schema\/person\/418fc4093c33e86ed41562db3508f958"},"headline":"El Gobierno anuncia el desmantelamiento de tres bandas narcos en la provincia","datePublished":"2023-08-15T14:15:05+00:00","dateModified":"2023-08-15T15:28:18+00:00","mainEntityOfPage":{"@id":"https:\/\/diariotextual.com\/inicio\/index.php\/2023\/08\/15\/el-gobierno-anuncia-el-desmantelamiento-de-tres-bandas-narcos-en-la-provincia\/"},"wordCount":336,"publisher":{"@id":"https:\/\/diariotextual.com\/inicio\/#organization"},"image":{"@id":"https:\/\/diariotextual.com\/inicio\/index.php\/2023\/08\/15\/el-gobierno-anuncia-el-desmantelamiento-de-tres-bandas-narcos-en-la-provincia\/#primaryimage"},"thumbnailUrl":"https:\/\/diariotextual.com\/inicio\/wp-content\/uploads\/2023\/08\/drogassecuestros2023-1.jpeg","articleSection":["A - ES NOTICIA (van abajo)","SOCIEDAD"],"inLanguage":"es"},{"@type":"WebPage","@id":"https:\/\/diariotextual.com\/inicio\/index.php\/2023\/08\/15\/el-gobierno-anuncia-el-desmantelamiento-de-tres-bandas-narcos-en-la-provincia\/","url":"https:\/\/diariotextual.com\/inicio\/index.php\/2023\/08\/15\/el-gobierno-anuncia-el-desmantelamiento-de-tres-bandas-narcos-en-la-provincia\/","name":"El Gobierno anuncia el desmantelamiento de tres bandas narcos en la provincia - Diario Textual","isPartOf":{"@id":"https:\/\/diariotextual.com\/inicio\/#website"},"primaryImageOfPage":{"@id":"https:\/\/diariotextual.com\/inicio\/index.php\/2023\/08\/15\/el-gobierno-anuncia-el-desmantelamiento-de-tres-bandas-narcos-en-la-provincia\/#primaryimage"},"image":{"@id":"https:\/\/diariotextual.com\/inicio\/index.php\/2023\/08\/15\/el-gobierno-anuncia-el-desmantelamiento-de-tres-bandas-narcos-en-la-provincia\/#primaryimage"},"thumbnailUrl":"https:\/\/diariotextual.com\/inicio\/wp-content\/uploads\/2023\/08\/drogassecuestros2023-1.jpeg","datePublished":"2023-08-15T14:15:05+00:00","dateModified":"2023-08-15T15:28:18+00:00","breadcrumb":{"@id":"https:\/\/diariotextual.com\/inicio\/index.php\/2023\/08\/15\/el-gobierno-anuncia-el-desmantelamiento-de-tres-bandas-narcos-en-la-provincia\/#breadcrumb"},"inLanguage":"es","potentialAction":[{"@type":"ReadAction","target":["https:\/\/diariotextual.com\/inicio\/index.php\/2023\/08\/15\/el-gobierno-anuncia-el-desmantelamiento-de-tres-bandas-narcos-en-la-provincia\/"]}]},{"@type":"ImageObject","inLanguage":"es","@id":"https:\/\/diariotextual.com\/inicio\/index.php\/2023\/08\/15\/el-gobierno-anuncia-el-desmantelamiento-de-tres-bandas-narcos-en-la-provincia\/#primaryimage","url":"https:\/\/diariotextual.com\/inicio\/wp-content\/uploads\/2023\/08\/drogassecuestros2023-1.jpeg","contentUrl":"https:\/\/diariotextual.com\/inicio\/wp-content\/uploads\/2023\/08\/drogassecuestros2023-1.jpeg","width":1600,"height":900},{"@type":"BreadcrumbList","@id":"https:\/\/diariotextual.com\/inicio\/index.php\/2023\/08\/15\/el-gobierno-anuncia-el-desmantelamiento-de-tres-bandas-narcos-en-la-provincia\/#breadcrumb","itemListElement":[{"@type":"ListItem","position":1,"name":"Portada","item":"https:\/\/diariotextual.com\/inicio\/"},{"@type":"ListItem","position":2,"name":"El Gobierno anuncia el desmantelamiento de tres bandas narcos en la provincia"}]},{"@type":"WebSite","@id":"https:\/\/diariotextual.com\/inicio\/#website","url":"https:\/\/diariotextual.com\/inicio\/","name":"Diario Textual","description":"","publisher":{"@id":"https:\/\/diariotextual.com\/inicio\/#organization"},"potentialAction":[{"@type":"SearchAction","target":{"@type":"EntryPoint","urlTemplate":"https:\/\/diariotextual.com\/inicio\/?s={search_term_string}"},"query-input":{"@type":"PropertyValueSpecification","valueRequired":true,"valueName":"search_term_string"}}],"inLanguage":"es"},{"@type":"Organization","@id":"https:\/\/diariotextual.com\/inicio\/#organization","name":"Diario Textual","url":"https:\/\/diariotextual.com\/inicio\/","logo":{"@type":"ImageObject","inLanguage":"es","@id":"https:\/\/diariotextual.com\/inicio\/#\/schema\/logo\/image\/","url":"https:\/\/diariotextual.com\/inicio\/wp-content\/uploads\/2023\/05\/logotextual1.jpg","contentUrl":"https:\/\/diariotextual.com\/inicio\/wp-content\/uploads\/2023\/05\/logotextual1.jpg","width":516,"height":76,"caption":"Diario Textual"},"image":{"@id":"https:\/\/diariotextual.com\/inicio\/#\/schema\/logo\/image\/"},"sameAs":["https:\/\/www.facebook.com\/eltextual","https:\/\/x.com\/eltextual","http:\/\/www.instagram.com\/eltextual"]},{"@type":"Person","@id":"https:\/\/diariotextual.com\/inicio\/#\/schema\/person\/418fc4093c33e86ed41562db3508f958","name":"Diario1 Diario1","image":{"@type":"ImageObject","inLanguage":"es","@id":"https:\/\/secure.gravatar.com\/avatar\/9167d280179c85bc18be67aa7eda765854300033af4896dd779b608640f2ef7a?s=96&d=mm&r=g","url":"https:\/\/secure.gravatar.com\/avatar\/9167d280179c85bc18be67aa7eda765854300033af4896dd779b608640f2ef7a?s=96&d=mm&r=g","contentUrl":"https:\/\/secure.gravatar.com\/avatar\/9167d280179c85bc18be67aa7eda765854300033af4896dd779b608640f2ef7a?s=96&d=mm&r=g","caption":"Diario1 Diario1"},"url":"https:\/\/diariotextual.com\/inicio\/index.php\/author\/diario1\/"}]}},"_links":{"self":[{"href":"https:\/\/diariotextual.com\/inicio\/index.php\/wp-json\/wp\/v2\/posts\/234180","targetHints":{"allow":["GET"]}}],"collection":[{"href":"https:\/\/diariotextual.com\/inicio\/index.php\/wp-json\/wp\/v2\/posts"}],"about":[{"href":"https:\/\/diariotextual.com\/inicio\/index.php\/wp-json\/wp\/v2\/types\/post"}],"author":[{"embeddable":true,"href":"https:\/\/diariotextual.com\/inicio\/index.php\/wp-json\/wp\/v2\/users\/3"}],"replies":[{"embeddable":true,"href":"https:\/\/diariotextual.com\/inicio\/index.php\/wp-json\/wp\/v2\/comments?post=234180"}],"version-history":[{"count":2,"href":"https:\/\/diariotextual.com\/inicio\/index.php\/wp-json\/wp\/v2\/posts\/234180\/revisions"}],"predecessor-version":[{"id":234183,"href":"https:\/\/diariotextual.com\/inicio\/index.php\/wp-json\/wp\/v2\/posts\/234180\/revisions\/234183"}],"wp:featuredmedia":[{"embeddable":true,"href":"https:\/\/diariotextual.com\/inicio\/index.php\/wp-json\/wp\/v2\/media\/234182"}],"wp:attachment":[{"href":"https:\/\/diariotextual.com\/inicio\/index.php\/wp-json\/wp\/v2\/media?parent=234180"}],"wp:term":[{"taxonomy":"category","embeddable":true,"href":"https:\/\/diariotextual.com\/inicio\/index.php\/wp-json\/wp\/v2\/categories?post=234180"},{"taxonomy":"post_tag","embeddable":true,"href":"https:\/\/diariotextual.com\/inicio\/index.php\/wp-json\/wp\/v2\/tags?post=234180"}],"curies":[{"name":"wp","href":"https:\/\/api.w.org\/{rel}","templated":true}]}}