{"id":234207,"date":"2023-08-15T16:56:18","date_gmt":"2023-08-15T19:56:18","guid":{"rendered":"https:\/\/diariotextual.com\/inicio\/?p=234207"},"modified":"2023-08-16T06:49:48","modified_gmt":"2023-08-16T09:49:48","slug":"unas-250-familias-de-el-faro-y-las-camelias-piden-por-agua-potable","status":"publish","type":"post","link":"https:\/\/diariotextual.com\/inicio\/index.php\/2023\/08\/15\/unas-250-familias-de-el-faro-y-las-camelias-piden-por-agua-potable\/","title":{"rendered":"Unas 250 familias de El Faro y Las Camelias piden por agua potable"},"content":{"rendered":"\n<p>Unas<strong> 250 familias de los barrios El Faro y Las Camelias<\/strong> -ubicados en inmediaciones de la laguna Don Tom\u00e1s- pidieron p\u00fablicamente este martes por la tarde a las autoridades de la <strong>municipalidad de Santa Rosa<\/strong> por el servicio de<strong> agua potable. <\/strong>En las viviendas -algunas construidas hace casi 20 a\u00f1os- tienen perforaciones, pero sacan agua con fl\u00faor, ars\u00e9nico y hasta con la bacteria Escherichia coli. <\/p>\n\n\n\n<p>Un grupo de 40 vecinos -con integrantes de la Comisi\u00f3n Vecinal de El Faro, a cargo de Romina Capello- se reuni\u00f3 a las 16 horas de hoy en la esquina de Juana Azurduy y Felice -en el ingreso al barrio, donde se est\u00e1 realizando una obra de asfalto- para exponer su reclamo a la prensa.<\/p>\n\n\n\n<p>Seg\u00fan contaron, ya desde el 2016 han acelerado el reclamo a la intendencia. \u201cEste pedido ya lo hicimos al entonces intendente Leandro Altolaguirre y al actual Luciano di N\u00e1poli. Tambi\u00e9n a los concejales. Todos nos dicen que tenemos raz\u00f3n: que debemos tener agua, pero mientras tanto estamos esperando\u201d, contaron. \u201cDicen en la municipalidad que no tienen dinero para la magnitud de la obra\u201d.<\/p>\n\n\n\n<p><strong>Necesitan, en principio, un proyecto para luego avanzar con el financiamiento. Estiman que el dinero, frente a las alica\u00eddas arcas comunales, deber\u00edan aportarlo Provincia o Naci\u00f3n.<\/strong><\/p>\n\n\n\n<p>Dijeron que, en un Plan Director de Saneamiento -que luego se \u201ccay\u00f3\u201d-, <strong>se hab\u00eda avanzando en una iniciativa para construir una cisterna que abasteciera a El Faro, Las Camelias, Inti Hu\u00e9 y otros sectores.<\/strong> \u201cOtra alternativa es sacar agua para el barrio desde un ca\u00f1o que llega a la esquina de Felice y Altolaguirre, desde Villa Parque\u201d, acotaron otros vecinos.<\/p>\n\n\n\n<p>Lo cierto es que pasan los a\u00f1os y los vecinos y las vecinas a\u00fan esperan.<\/p>\n\n\n\n<p>En todas las casas tienen perforaciones. \u201cHemos hecho an\u00e1lisis y esa agua no se puede tomar. Algunos toman, seguramente por desconocimiento\u201d, dijeron. \u201cNo nos podemos lavar los dientes ni ba\u00f1arnos con agua contaminada\u201d.<\/p>\n\n\n\n<figure class=\"wp-block-image size-large\"><img fetchpriority=\"high\" decoding=\"async\" width=\"1024\" height=\"605\" src=\"https:\/\/diariotextual.com\/inicio\/wp-content\/uploads\/2023\/08\/aguaelfaro2023-1-1024x605.jpeg\" alt=\"\" class=\"wp-image-234210\" srcset=\"https:\/\/diariotextual.com\/inicio\/wp-content\/uploads\/2023\/08\/aguaelfaro2023-1-1024x605.jpeg 1024w, https:\/\/diariotextual.com\/inicio\/wp-content\/uploads\/2023\/08\/aguaelfaro2023-1-300x177.jpeg 300w, https:\/\/diariotextual.com\/inicio\/wp-content\/uploads\/2023\/08\/aguaelfaro2023-1-768x454.jpeg 768w, https:\/\/diariotextual.com\/inicio\/wp-content\/uploads\/2023\/08\/aguaelfaro2023-1-1170x691.jpeg 1170w, https:\/\/diariotextual.com\/inicio\/wp-content\/uploads\/2023\/08\/aguaelfaro2023-1-585x345.jpeg 585w, https:\/\/diariotextual.com\/inicio\/wp-content\/uploads\/2023\/08\/aguaelfaro2023-1.jpeg 1519w\" sizes=\"(max-width: 1024px) 100vw, 1024px\" \/><\/figure>\n\n\n\n<figure class=\"wp-block-image size-large\"><img decoding=\"async\" width=\"1024\" height=\"576\" src=\"https:\/\/diariotextual.com\/inicio\/wp-content\/uploads\/2023\/08\/aguaelfaro2023-2-1024x576.jpeg\" alt=\"\" class=\"wp-image-234209\" srcset=\"https:\/\/diariotextual.com\/inicio\/wp-content\/uploads\/2023\/08\/aguaelfaro2023-2-1024x576.jpeg 1024w, https:\/\/diariotextual.com\/inicio\/wp-content\/uploads\/2023\/08\/aguaelfaro2023-2-300x169.jpeg 300w, https:\/\/diariotextual.com\/inicio\/wp-content\/uploads\/2023\/08\/aguaelfaro2023-2-768x432.jpeg 768w, https:\/\/diariotextual.com\/inicio\/wp-content\/uploads\/2023\/08\/aguaelfaro2023-2-1536x864.jpeg 1536w, https:\/\/diariotextual.com\/inicio\/wp-content\/uploads\/2023\/08\/aguaelfaro2023-2-1170x658.jpeg 1170w, https:\/\/diariotextual.com\/inicio\/wp-content\/uploads\/2023\/08\/aguaelfaro2023-2-585x329.jpeg 585w, https:\/\/diariotextual.com\/inicio\/wp-content\/uploads\/2023\/08\/aguaelfaro2023-2.jpeg 1600w\" sizes=\"(max-width: 1024px) 100vw, 1024px\" \/><\/figure>\n","protected":false},"excerpt":{"rendered":"<p>Unas 250 familias de los barrios El Faro y Las Camelias -ubicados en inmediaciones de la laguna Don Tom\u00e1s- pidieron p\u00fablicamente este martes por la tarde a las autoridades de&hellip;<\/p>\n","protected":false},"author":3,"featured_media":234211,"comment_status":"closed","ping_status":"open","sticky":false,"template":"","format":"standard","meta":{"_acf_changed":false,"footnotes":""},"categories":[1,11,12],"tags":[],"class_list":["post-234207","post","type-post","status-publish","format-standard","has-post-thumbnail","hentry","category-es-noticia","category-que-pasa","category-sociedad"],"acf":[],"yoast_head":"<!-- This site is optimized with the Yoast SEO plugin v27.5 - https:\/\/yoast.com\/product\/yoast-seo-wordpress\/ -->\n<title>Unas 250 familias de El Faro y Las Camelias piden por agua potable - Diario Textual<\/title>\n<meta name=\"robots\" content=\"index, follow, max-snippet:-1, max-image-preview:large, max-video-preview:-1\" \/>\n<link rel=\"canonical\" href=\"https:\/\/diariotextual.com\/inicio\/index.php\/2023\/08\/15\/unas-250-familias-de-el-faro-y-las-camelias-piden-por-agua-potable\/\" \/>\n<meta property=\"og:locale\" content=\"es_ES\" \/>\n<meta property=\"og:type\" content=\"article\" \/>\n<meta property=\"og:title\" content=\"Unas 250 familias de El Faro y Las Camelias piden por agua potable - Diario Textual\" \/>\n<meta property=\"og:description\" content=\"Unas 250 familias de los barrios El Faro y Las Camelias -ubicados en inmediaciones de la laguna Don Tom\u00e1s- pidieron p\u00fablicamente este martes por la tarde a las autoridades de&hellip;\" \/>\n<meta property=\"og:url\" content=\"https:\/\/diariotextual.com\/inicio\/index.php\/2023\/08\/15\/unas-250-familias-de-el-faro-y-las-camelias-piden-por-agua-potable\/\" \/>\n<meta property=\"og:site_name\" content=\"Diario Textual\" \/>\n<meta property=\"article:publisher\" content=\"https:\/\/www.facebook.com\/eltextual\" \/>\n<meta property=\"article:published_time\" content=\"2023-08-15T19:56:18+00:00\" \/>\n<meta property=\"article:modified_time\" content=\"2023-08-16T09:49:48+00:00\" \/>\n<meta property=\"og:image\" content=\"https:\/\/diariotextual.com\/inicio\/wp-content\/uploads\/2023\/08\/aguaelfaro2023-3.jpg\" \/>\n\t<meta property=\"og:image:width\" content=\"1600\" \/>\n\t<meta property=\"og:image:height\" content=\"900\" \/>\n\t<meta property=\"og:image:type\" content=\"image\/jpeg\" \/>\n<meta name=\"author\" content=\"Diario1 Diario1\" \/>\n<meta name=\"twitter:card\" content=\"summary_large_image\" \/>\n<meta name=\"twitter:creator\" content=\"@eltextual\" \/>\n<meta name=\"twitter:site\" content=\"@eltextual\" \/>\n<meta name=\"twitter:label1\" content=\"Escrito por\" \/>\n\t<meta name=\"twitter:data1\" content=\"Diario1 Diario1\" \/>\n\t<meta name=\"twitter:label2\" content=\"Tiempo de lectura\" \/>\n\t<meta name=\"twitter:data2\" content=\"2 minutos\" \/>\n<script type=\"application\/ld+json\" class=\"yoast-schema-graph\">{\"@context\":\"https:\\\/\\\/schema.org\",\"@graph\":[{\"@type\":\"Article\",\"@id\":\"https:\\\/\\\/diariotextual.com\\\/inicio\\\/index.php\\\/2023\\\/08\\\/15\\\/unas-250-familias-de-el-faro-y-las-camelias-piden-por-agua-potable\\\/#article\",\"isPartOf\":{\"@id\":\"https:\\\/\\\/diariotextual.com\\\/inicio\\\/index.php\\\/2023\\\/08\\\/15\\\/unas-250-familias-de-el-faro-y-las-camelias-piden-por-agua-potable\\\/\"},\"author\":{\"name\":\"Diario1 Diario1\",\"@id\":\"https:\\\/\\\/diariotextual.com\\\/inicio\\\/#\\\/schema\\\/person\\\/418fc4093c33e86ed41562db3508f958\"},\"headline\":\"Unas 250 familias de El Faro y Las Camelias piden por agua potable\",\"datePublished\":\"2023-08-15T19:56:18+00:00\",\"dateModified\":\"2023-08-16T09:49:48+00:00\",\"mainEntityOfPage\":{\"@id\":\"https:\\\/\\\/diariotextual.com\\\/inicio\\\/index.php\\\/2023\\\/08\\\/15\\\/unas-250-familias-de-el-faro-y-las-camelias-piden-por-agua-potable\\\/\"},\"wordCount\":344,\"publisher\":{\"@id\":\"https:\\\/\\\/diariotextual.com\\\/inicio\\\/#organization\"},\"image\":{\"@id\":\"https:\\\/\\\/diariotextual.com\\\/inicio\\\/index.php\\\/2023\\\/08\\\/15\\\/unas-250-familias-de-el-faro-y-las-camelias-piden-por-agua-potable\\\/#primaryimage\"},\"thumbnailUrl\":\"https:\\\/\\\/diariotextual.com\\\/inicio\\\/wp-content\\\/uploads\\\/2023\\\/08\\\/aguaelfaro2023-3.jpg\",\"articleSection\":[\"A - ES NOTICIA (van abajo)\",\"A - QUE PASA (al costado)\",\"SOCIEDAD\"],\"inLanguage\":\"es\"},{\"@type\":\"WebPage\",\"@id\":\"https:\\\/\\\/diariotextual.com\\\/inicio\\\/index.php\\\/2023\\\/08\\\/15\\\/unas-250-familias-de-el-faro-y-las-camelias-piden-por-agua-potable\\\/\",\"url\":\"https:\\\/\\\/diariotextual.com\\\/inicio\\\/index.php\\\/2023\\\/08\\\/15\\\/unas-250-familias-de-el-faro-y-las-camelias-piden-por-agua-potable\\\/\",\"name\":\"Unas 250 familias de El Faro y Las Camelias piden por agua potable - Diario Textual\",\"isPartOf\":{\"@id\":\"https:\\\/\\\/diariotextual.com\\\/inicio\\\/#website\"},\"primaryImageOfPage\":{\"@id\":\"https:\\\/\\\/diariotextual.com\\\/inicio\\\/index.php\\\/2023\\\/08\\\/15\\\/unas-250-familias-de-el-faro-y-las-camelias-piden-por-agua-potable\\\/#primaryimage\"},\"image\":{\"@id\":\"https:\\\/\\\/diariotextual.com\\\/inicio\\\/index.php\\\/2023\\\/08\\\/15\\\/unas-250-familias-de-el-faro-y-las-camelias-piden-por-agua-potable\\\/#primaryimage\"},\"thumbnailUrl\":\"https:\\\/\\\/diariotextual.com\\\/inicio\\\/wp-content\\\/uploads\\\/2023\\\/08\\\/aguaelfaro2023-3.jpg\",\"datePublished\":\"2023-08-15T19:56:18+00:00\",\"dateModified\":\"2023-08-16T09:49:48+00:00\",\"breadcrumb\":{\"@id\":\"https:\\\/\\\/diariotextual.com\\\/inicio\\\/index.php\\\/2023\\\/08\\\/15\\\/unas-250-familias-de-el-faro-y-las-camelias-piden-por-agua-potable\\\/#breadcrumb\"},\"inLanguage\":\"es\",\"potentialAction\":[{\"@type\":\"ReadAction\",\"target\":[\"https:\\\/\\\/diariotextual.com\\\/inicio\\\/index.php\\\/2023\\\/08\\\/15\\\/unas-250-familias-de-el-faro-y-las-camelias-piden-por-agua-potable\\\/\"]}]},{\"@type\":\"ImageObject\",\"inLanguage\":\"es\",\"@id\":\"https:\\\/\\\/diariotextual.com\\\/inicio\\\/index.php\\\/2023\\\/08\\\/15\\\/unas-250-familias-de-el-faro-y-las-camelias-piden-por-agua-potable\\\/#primaryimage\",\"url\":\"https:\\\/\\\/diariotextual.com\\\/inicio\\\/wp-content\\\/uploads\\\/2023\\\/08\\\/aguaelfaro2023-3.jpg\",\"contentUrl\":\"https:\\\/\\\/diariotextual.com\\\/inicio\\\/wp-content\\\/uploads\\\/2023\\\/08\\\/aguaelfaro2023-3.jpg\",\"width\":1600,\"height\":900},{\"@type\":\"BreadcrumbList\",\"@id\":\"https:\\\/\\\/diariotextual.com\\\/inicio\\\/index.php\\\/2023\\\/08\\\/15\\\/unas-250-familias-de-el-faro-y-las-camelias-piden-por-agua-potable\\\/#breadcrumb\",\"itemListElement\":[{\"@type\":\"ListItem\",\"position\":1,\"name\":\"Portada\",\"item\":\"https:\\\/\\\/diariotextual.com\\\/inicio\\\/\"},{\"@type\":\"ListItem\",\"position\":2,\"name\":\"Unas 250 familias de El Faro y Las Camelias piden por agua potable\"}]},{\"@type\":\"WebSite\",\"@id\":\"https:\\\/\\\/diariotextual.com\\\/inicio\\\/#website\",\"url\":\"https:\\\/\\\/diariotextual.com\\\/inicio\\\/\",\"name\":\"Diario Textual\",\"description\":\"\",\"publisher\":{\"@id\":\"https:\\\/\\\/diariotextual.com\\\/inicio\\\/#organization\"},\"potentialAction\":[{\"@type\":\"SearchAction\",\"target\":{\"@type\":\"EntryPoint\",\"urlTemplate\":\"https:\\\/\\\/diariotextual.com\\\/inicio\\\/?s={search_term_string}\"},\"query-input\":{\"@type\":\"PropertyValueSpecification\",\"valueRequired\":true,\"valueName\":\"search_term_string\"}}],\"inLanguage\":\"es\"},{\"@type\":\"Organization\",\"@id\":\"https:\\\/\\\/diariotextual.com\\\/inicio\\\/#organization\",\"name\":\"Diario Textual\",\"url\":\"https:\\\/\\\/diariotextual.com\\\/inicio\\\/\",\"logo\":{\"@type\":\"ImageObject\",\"inLanguage\":\"es\",\"@id\":\"https:\\\/\\\/diariotextual.com\\\/inicio\\\/#\\\/schema\\\/logo\\\/image\\\/\",\"url\":\"https:\\\/\\\/diariotextual.com\\\/inicio\\\/wp-content\\\/uploads\\\/2023\\\/05\\\/logotextual1.jpg\",\"contentUrl\":\"https:\\\/\\\/diariotextual.com\\\/inicio\\\/wp-content\\\/uploads\\\/2023\\\/05\\\/logotextual1.jpg\",\"width\":516,\"height\":76,\"caption\":\"Diario Textual\"},\"image\":{\"@id\":\"https:\\\/\\\/diariotextual.com\\\/inicio\\\/#\\\/schema\\\/logo\\\/image\\\/\"},\"sameAs\":[\"https:\\\/\\\/www.facebook.com\\\/eltextual\",\"https:\\\/\\\/x.com\\\/eltextual\",\"http:\\\/\\\/www.instagram.com\\\/eltextual\"]},{\"@type\":\"Person\",\"@id\":\"https:\\\/\\\/diariotextual.com\\\/inicio\\\/#\\\/schema\\\/person\\\/418fc4093c33e86ed41562db3508f958\",\"name\":\"Diario1 Diario1\",\"image\":{\"@type\":\"ImageObject\",\"inLanguage\":\"es\",\"@id\":\"https:\\\/\\\/secure.gravatar.com\\\/avatar\\\/9167d280179c85bc18be67aa7eda765854300033af4896dd779b608640f2ef7a?s=96&d=mm&r=g\",\"url\":\"https:\\\/\\\/secure.gravatar.com\\\/avatar\\\/9167d280179c85bc18be67aa7eda765854300033af4896dd779b608640f2ef7a?s=96&d=mm&r=g\",\"contentUrl\":\"https:\\\/\\\/secure.gravatar.com\\\/avatar\\\/9167d280179c85bc18be67aa7eda765854300033af4896dd779b608640f2ef7a?s=96&d=mm&r=g\",\"caption\":\"Diario1 Diario1\"},\"url\":\"https:\\\/\\\/diariotextual.com\\\/inicio\\\/index.php\\\/author\\\/diario1\\\/\"}]}<\/script>\n<!-- \/ Yoast SEO plugin. -->","yoast_head_json":{"title":"Unas 250 familias de El Faro y Las Camelias piden por agua potable - Diario Textual","robots":{"index":"index","follow":"follow","max-snippet":"max-snippet:-1","max-image-preview":"max-image-preview:large","max-video-preview":"max-video-preview:-1"},"canonical":"https:\/\/diariotextual.com\/inicio\/index.php\/2023\/08\/15\/unas-250-familias-de-el-faro-y-las-camelias-piden-por-agua-potable\/","og_locale":"es_ES","og_type":"article","og_title":"Unas 250 familias de El Faro y Las Camelias piden por agua potable - Diario Textual","og_description":"Unas 250 familias de los barrios El Faro y Las Camelias -ubicados en inmediaciones de la laguna Don Tom\u00e1s- pidieron p\u00fablicamente este martes por la tarde a las autoridades de&hellip;","og_url":"https:\/\/diariotextual.com\/inicio\/index.php\/2023\/08\/15\/unas-250-familias-de-el-faro-y-las-camelias-piden-por-agua-potable\/","og_site_name":"Diario Textual","article_publisher":"https:\/\/www.facebook.com\/eltextual","article_published_time":"2023-08-15T19:56:18+00:00","article_modified_time":"2023-08-16T09:49:48+00:00","og_image":[{"width":1600,"height":900,"url":"https:\/\/diariotextual.com\/inicio\/wp-content\/uploads\/2023\/08\/aguaelfaro2023-3.jpg","type":"image\/jpeg"}],"author":"Diario1 Diario1","twitter_card":"summary_large_image","twitter_creator":"@eltextual","twitter_site":"@eltextual","twitter_misc":{"Escrito por":"Diario1 Diario1","Tiempo de lectura":"2 minutos"},"schema":{"@context":"https:\/\/schema.org","@graph":[{"@type":"Article","@id":"https:\/\/diariotextual.com\/inicio\/index.php\/2023\/08\/15\/unas-250-familias-de-el-faro-y-las-camelias-piden-por-agua-potable\/#article","isPartOf":{"@id":"https:\/\/diariotextual.com\/inicio\/index.php\/2023\/08\/15\/unas-250-familias-de-el-faro-y-las-camelias-piden-por-agua-potable\/"},"author":{"name":"Diario1 Diario1","@id":"https:\/\/diariotextual.com\/inicio\/#\/schema\/person\/418fc4093c33e86ed41562db3508f958"},"headline":"Unas 250 familias de El Faro y Las Camelias piden por agua potable","datePublished":"2023-08-15T19:56:18+00:00","dateModified":"2023-08-16T09:49:48+00:00","mainEntityOfPage":{"@id":"https:\/\/diariotextual.com\/inicio\/index.php\/2023\/08\/15\/unas-250-familias-de-el-faro-y-las-camelias-piden-por-agua-potable\/"},"wordCount":344,"publisher":{"@id":"https:\/\/diariotextual.com\/inicio\/#organization"},"image":{"@id":"https:\/\/diariotextual.com\/inicio\/index.php\/2023\/08\/15\/unas-250-familias-de-el-faro-y-las-camelias-piden-por-agua-potable\/#primaryimage"},"thumbnailUrl":"https:\/\/diariotextual.com\/inicio\/wp-content\/uploads\/2023\/08\/aguaelfaro2023-3.jpg","articleSection":["A - ES NOTICIA (van abajo)","A - QUE PASA (al costado)","SOCIEDAD"],"inLanguage":"es"},{"@type":"WebPage","@id":"https:\/\/diariotextual.com\/inicio\/index.php\/2023\/08\/15\/unas-250-familias-de-el-faro-y-las-camelias-piden-por-agua-potable\/","url":"https:\/\/diariotextual.com\/inicio\/index.php\/2023\/08\/15\/unas-250-familias-de-el-faro-y-las-camelias-piden-por-agua-potable\/","name":"Unas 250 familias de El Faro y Las Camelias piden por agua potable - Diario Textual","isPartOf":{"@id":"https:\/\/diariotextual.com\/inicio\/#website"},"primaryImageOfPage":{"@id":"https:\/\/diariotextual.com\/inicio\/index.php\/2023\/08\/15\/unas-250-familias-de-el-faro-y-las-camelias-piden-por-agua-potable\/#primaryimage"},"image":{"@id":"https:\/\/diariotextual.com\/inicio\/index.php\/2023\/08\/15\/unas-250-familias-de-el-faro-y-las-camelias-piden-por-agua-potable\/#primaryimage"},"thumbnailUrl":"https:\/\/diariotextual.com\/inicio\/wp-content\/uploads\/2023\/08\/aguaelfaro2023-3.jpg","datePublished":"2023-08-15T19:56:18+00:00","dateModified":"2023-08-16T09:49:48+00:00","breadcrumb":{"@id":"https:\/\/diariotextual.com\/inicio\/index.php\/2023\/08\/15\/unas-250-familias-de-el-faro-y-las-camelias-piden-por-agua-potable\/#breadcrumb"},"inLanguage":"es","potentialAction":[{"@type":"ReadAction","target":["https:\/\/diariotextual.com\/inicio\/index.php\/2023\/08\/15\/unas-250-familias-de-el-faro-y-las-camelias-piden-por-agua-potable\/"]}]},{"@type":"ImageObject","inLanguage":"es","@id":"https:\/\/diariotextual.com\/inicio\/index.php\/2023\/08\/15\/unas-250-familias-de-el-faro-y-las-camelias-piden-por-agua-potable\/#primaryimage","url":"https:\/\/diariotextual.com\/inicio\/wp-content\/uploads\/2023\/08\/aguaelfaro2023-3.jpg","contentUrl":"https:\/\/diariotextual.com\/inicio\/wp-content\/uploads\/2023\/08\/aguaelfaro2023-3.jpg","width":1600,"height":900},{"@type":"BreadcrumbList","@id":"https:\/\/diariotextual.com\/inicio\/index.php\/2023\/08\/15\/unas-250-familias-de-el-faro-y-las-camelias-piden-por-agua-potable\/#breadcrumb","itemListElement":[{"@type":"ListItem","position":1,"name":"Portada","item":"https:\/\/diariotextual.com\/inicio\/"},{"@type":"ListItem","position":2,"name":"Unas 250 familias de El Faro y Las Camelias piden por agua potable"}]},{"@type":"WebSite","@id":"https:\/\/diariotextual.com\/inicio\/#website","url":"https:\/\/diariotextual.com\/inicio\/","name":"Diario Textual","description":"","publisher":{"@id":"https:\/\/diariotextual.com\/inicio\/#organization"},"potentialAction":[{"@type":"SearchAction","target":{"@type":"EntryPoint","urlTemplate":"https:\/\/diariotextual.com\/inicio\/?s={search_term_string}"},"query-input":{"@type":"PropertyValueSpecification","valueRequired":true,"valueName":"search_term_string"}}],"inLanguage":"es"},{"@type":"Organization","@id":"https:\/\/diariotextual.com\/inicio\/#organization","name":"Diario Textual","url":"https:\/\/diariotextual.com\/inicio\/","logo":{"@type":"ImageObject","inLanguage":"es","@id":"https:\/\/diariotextual.com\/inicio\/#\/schema\/logo\/image\/","url":"https:\/\/diariotextual.com\/inicio\/wp-content\/uploads\/2023\/05\/logotextual1.jpg","contentUrl":"https:\/\/diariotextual.com\/inicio\/wp-content\/uploads\/2023\/05\/logotextual1.jpg","width":516,"height":76,"caption":"Diario Textual"},"image":{"@id":"https:\/\/diariotextual.com\/inicio\/#\/schema\/logo\/image\/"},"sameAs":["https:\/\/www.facebook.com\/eltextual","https:\/\/x.com\/eltextual","http:\/\/www.instagram.com\/eltextual"]},{"@type":"Person","@id":"https:\/\/diariotextual.com\/inicio\/#\/schema\/person\/418fc4093c33e86ed41562db3508f958","name":"Diario1 Diario1","image":{"@type":"ImageObject","inLanguage":"es","@id":"https:\/\/secure.gravatar.com\/avatar\/9167d280179c85bc18be67aa7eda765854300033af4896dd779b608640f2ef7a?s=96&d=mm&r=g","url":"https:\/\/secure.gravatar.com\/avatar\/9167d280179c85bc18be67aa7eda765854300033af4896dd779b608640f2ef7a?s=96&d=mm&r=g","contentUrl":"https:\/\/secure.gravatar.com\/avatar\/9167d280179c85bc18be67aa7eda765854300033af4896dd779b608640f2ef7a?s=96&d=mm&r=g","caption":"Diario1 Diario1"},"url":"https:\/\/diariotextual.com\/inicio\/index.php\/author\/diario1\/"}]}},"_links":{"self":[{"href":"https:\/\/diariotextual.com\/inicio\/index.php\/wp-json\/wp\/v2\/posts\/234207","targetHints":{"allow":["GET"]}}],"collection":[{"href":"https:\/\/diariotextual.com\/inicio\/index.php\/wp-json\/wp\/v2\/posts"}],"about":[{"href":"https:\/\/diariotextual.com\/inicio\/index.php\/wp-json\/wp\/v2\/types\/post"}],"author":[{"embeddable":true,"href":"https:\/\/diariotextual.com\/inicio\/index.php\/wp-json\/wp\/v2\/users\/3"}],"replies":[{"embeddable":true,"href":"https:\/\/diariotextual.com\/inicio\/index.php\/wp-json\/wp\/v2\/comments?post=234207"}],"version-history":[{"count":5,"href":"https:\/\/diariotextual.com\/inicio\/index.php\/wp-json\/wp\/v2\/posts\/234207\/revisions"}],"predecessor-version":[{"id":234227,"href":"https:\/\/diariotextual.com\/inicio\/index.php\/wp-json\/wp\/v2\/posts\/234207\/revisions\/234227"}],"wp:featuredmedia":[{"embeddable":true,"href":"https:\/\/diariotextual.com\/inicio\/index.php\/wp-json\/wp\/v2\/media\/234211"}],"wp:attachment":[{"href":"https:\/\/diariotextual.com\/inicio\/index.php\/wp-json\/wp\/v2\/media?parent=234207"}],"wp:term":[{"taxonomy":"category","embeddable":true,"href":"https:\/\/diariotextual.com\/inicio\/index.php\/wp-json\/wp\/v2\/categories?post=234207"},{"taxonomy":"post_tag","embeddable":true,"href":"https:\/\/diariotextual.com\/inicio\/index.php\/wp-json\/wp\/v2\/tags?post=234207"}],"curies":[{"name":"wp","href":"https:\/\/api.w.org\/{rel}","templated":true}]}}