{"id":234234,"date":"2023-08-15T20:04:39","date_gmt":"2023-08-15T23:04:39","guid":{"rendered":"https:\/\/diariotextual.com\/inicio\/?p=234234"},"modified":"2023-08-15T20:04:41","modified_gmt":"2023-08-15T23:04:41","slug":"desafio-eco-unlpam-se-extienden-inscripciones-hasta-el-25-de-agosto","status":"publish","type":"post","link":"https:\/\/diariotextual.com\/inicio\/index.php\/2023\/08\/15\/desafio-eco-unlpam-se-extienden-inscripciones-hasta-el-25-de-agosto\/","title":{"rendered":"\u201cDesaf\u00edo Eco UNLPam\u201d: se extienden inscripciones hasta el 25 de agosto"},"content":{"rendered":"\n<p>Autoridades de la Universidad Nacional de La Pampa, Ministerio de Educaci\u00f3n y Banco de La Pampa anunciaron este martes la extensi\u00f3n en la inscripci\u00f3n de la tercera edici\u00f3n del \u201cDesaf\u00edo Eco UNLPam\u201d, y que podr\u00e1 realizarse hasta el 25 de agosto.<\/p>\n\n\n\n<p>Participaron el decano de la Facultad de Ciencias Econ\u00f3micas y Jur\u00eddicas, Francisco Marull, la directora general de Educaci\u00f3n Secundario, Gabriela Mor\u00e1n, el director de la Licenciatura en Administraci\u00f3n con Orientaci\u00f3n en Emprendedurismo, Pablo Marek y Alexis Iviglia, presidente del Banco de La Pampa SEM.<\/p>\n\n\n\n<p>Durante la conferencia se destac\u00f3 la estrategia de gamificaci\u00f3n y en ese sentido el decano Marull afirm\u00f3 que este \u201cDesaf\u00edo Eco UNLPam\u201d vincula a la Facultad con las escuelas secundarias y promueve la innovaci\u00f3n a trav\u00e9s de pedagog\u00edas l\u00fadicas. \u201cIncorporar el juego como una herramienta de aprendizaje acerca la Universidad Nacional de La Pampa a todos los j\u00f3venes de la provincia, la primera etapa del desaf\u00edo es virtual por lo que podr\u00e1n participar todas las localidades\u201d, explic\u00f3.<\/p>\n\n\n\n<p>Mor\u00e1n dijo que desde el Ministerio de Educaci\u00f3n buscan impulsar \u00e9stas estrategias de gamificaci\u00f3n. Por lo que, propuestas como \u201cDesaf\u00edo Eco UNLPam\u201d son \u201cmuy enriquecedoras\u201d, sobre todo para estudiantes que cursan especializaciones vinculadas a las Ciencias Econ\u00f3micas, m\u00e1s all\u00e1 de que pueden participar todos los colegios de la jurisdicci\u00f3n.<\/p>\n\n\n\n<p>Marek brind\u00f3 detalles del juego: \u201cComenzamos el Desaf\u00edo en 2018 y lo repitamos en 2019, es una acci\u00f3n para que estudiantes del \u00faltimo a\u00f1o del secundario puedan jugar y ponerse en la piel de un emprendedor que va a abrir un nuevo negocio en la ciudad. A trav\u00e9s de un sistema de puntos, de acuerdo a las decisiones que tomen cada semana, cada grupo compite con otros equipos\u201d.<\/p>\n\n\n\n<p>El director expres\u00f3 que los chicos y las chicas transitan la fase inicial de un mercado desde una experiencia casi real, viendo durante 4 semanas como sus decisiones impactan en el emprendimiento. \u201cNuestro objetivo es que se interesen en el mundo de los negocios, para que quienes desean estudiar una carrera universitaria puedan continuar su formaci\u00f3n en la Licenciatura en Administraci\u00f3n. Pero, tambi\u00e9n, para despertar el esp\u00edritu emprendedor a quienes desean abocarse al trabajo\u201d, agreg\u00f3.<\/p>\n\n\n\n<p>El Banco de La Pampa aportar\u00e1 importantes premios en tecnolog\u00eda para los equipos ganadores del Desaf\u00edo.<\/p>\n\n\n\n<p>Las autoridades informaron que el impacto en las ediciones anteriores fue \u201cmuy positivo\u201d. Tanto en el an\u00e1lisis cuantitativo, como cualitativo. \u201cParticiparon m\u00e1s de 450 estudiantes y el nivel de compromiso y aprendizaje fue muy alto. El juego requiere de manejo de habilidades y conceptos que pudieron desempe\u00f1ar\u201d manifest\u00f3 el decano, al tiempo que destac\u00f3 el impacto territorial debido a que \u201cpudieron involucrarse escuelas secundarias de distintas localidades que en la instancia final vinieron a la ciudad, conocieron la Facultad y compartieron con estudiantes de otras instituciones\u201d, concluy\u00f3.<\/p>\n\n\n\n<p>Las\/os estudiantes del \u00faltimo a\u00f1o de colegios secundarios que deseen participar podr\u00e1n registrar su inscripci\u00f3n a trav\u00e9s del siguiente formulario: <a href=\"https:\/\/docs.google.com\/forms\/d\/e\/1FAIpQLSdWe8fH38zfFMvODrPkpeV5_ObuGtP8qcw5fR5OwdP0btpVWg\/viewform\">https:\/\/docs.google.com\/forms\/d\/e\/1FAIpQLSdWe8fH38zfFMvODrPkpeV5_ObuGtP8qcw5fR5OwdP0btpVWg\/viewform<\/a>.<\/p>\n\n\n\n<p>M\u00e1s informaci\u00f3n de la convocatoria en el sitio web de la Facultad de Ciencias Econ\u00f3micas y Jur\u00eddicas: <a href=\"http:\/\/www.eco.unlpam.edu.ar\/?page_id=7209\">http:\/\/www.eco.unlpam.edu.ar\/?page_id=7209<\/a>. &nbsp;<\/p>\n","protected":false},"excerpt":{"rendered":"<p>Autoridades de la Universidad Nacional de La Pampa, Ministerio de Educaci\u00f3n y Banco de La Pampa anunciaron este martes la extensi\u00f3n en la inscripci\u00f3n de la tercera edici\u00f3n del \u201cDesaf\u00edo&hellip;<\/p>\n","protected":false},"author":5,"featured_media":234235,"comment_status":"closed","ping_status":"open","sticky":false,"template":"","format":"standard","meta":{"_acf_changed":false,"footnotes":""},"categories":[1,12],"tags":[1497,3728,23],"class_list":["post-234234","post","type-post","status-publish","format-standard","has-post-thumbnail","hentry","category-es-noticia","category-sociedad","tag-banco-de-la-pampa","tag-educacion-2","tag-unlpam"],"acf":[],"yoast_head":"<!-- This site is optimized with the Yoast SEO plugin v27.5 - https:\/\/yoast.com\/product\/yoast-seo-wordpress\/ -->\n<title>\u201cDesaf\u00edo Eco UNLPam\u201d: se extienden inscripciones hasta el 25 de agosto - Diario Textual<\/title>\n<meta name=\"robots\" content=\"index, follow, max-snippet:-1, max-image-preview:large, max-video-preview:-1\" \/>\n<link rel=\"canonical\" href=\"https:\/\/diariotextual.com\/inicio\/index.php\/2023\/08\/15\/desafio-eco-unlpam-se-extienden-inscripciones-hasta-el-25-de-agosto\/\" \/>\n<meta property=\"og:locale\" content=\"es_ES\" \/>\n<meta property=\"og:type\" content=\"article\" \/>\n<meta property=\"og:title\" content=\"\u201cDesaf\u00edo Eco UNLPam\u201d: se extienden inscripciones hasta el 25 de agosto - Diario Textual\" \/>\n<meta property=\"og:description\" content=\"Autoridades de la Universidad Nacional de La Pampa, Ministerio de Educaci\u00f3n y Banco de La Pampa anunciaron este martes la extensi\u00f3n en la inscripci\u00f3n de la tercera edici\u00f3n del \u201cDesaf\u00edo&hellip;\" \/>\n<meta property=\"og:url\" content=\"https:\/\/diariotextual.com\/inicio\/index.php\/2023\/08\/15\/desafio-eco-unlpam-se-extienden-inscripciones-hasta-el-25-de-agosto\/\" \/>\n<meta property=\"og:site_name\" content=\"Diario Textual\" \/>\n<meta property=\"article:publisher\" content=\"https:\/\/www.facebook.com\/eltextual\" \/>\n<meta property=\"article:published_time\" content=\"2023-08-15T23:04:39+00:00\" \/>\n<meta property=\"article:modified_time\" content=\"2023-08-15T23:04:41+00:00\" \/>\n<meta property=\"og:image\" content=\"https:\/\/diariotextual.com\/inicio\/wp-content\/uploads\/2023\/08\/desafioecounlpam.jpg\" \/>\n\t<meta property=\"og:image:width\" content=\"900\" \/>\n\t<meta property=\"og:image:height\" content=\"374\" \/>\n\t<meta property=\"og:image:type\" content=\"image\/jpeg\" \/>\n<meta name=\"author\" content=\"diario3\" \/>\n<meta name=\"twitter:card\" content=\"summary_large_image\" \/>\n<meta name=\"twitter:creator\" content=\"@eltextual\" \/>\n<meta name=\"twitter:site\" content=\"@eltextual\" \/>\n<meta name=\"twitter:label1\" content=\"Escrito por\" \/>\n\t<meta name=\"twitter:data1\" content=\"diario3\" \/>\n\t<meta name=\"twitter:label2\" content=\"Tiempo de lectura\" \/>\n\t<meta name=\"twitter:data2\" content=\"3 minutos\" \/>\n<script type=\"application\/ld+json\" class=\"yoast-schema-graph\">{\"@context\":\"https:\\\/\\\/schema.org\",\"@graph\":[{\"@type\":\"Article\",\"@id\":\"https:\\\/\\\/diariotextual.com\\\/inicio\\\/index.php\\\/2023\\\/08\\\/15\\\/desafio-eco-unlpam-se-extienden-inscripciones-hasta-el-25-de-agosto\\\/#article\",\"isPartOf\":{\"@id\":\"https:\\\/\\\/diariotextual.com\\\/inicio\\\/index.php\\\/2023\\\/08\\\/15\\\/desafio-eco-unlpam-se-extienden-inscripciones-hasta-el-25-de-agosto\\\/\"},\"author\":{\"name\":\"diario3\",\"@id\":\"https:\\\/\\\/diariotextual.com\\\/inicio\\\/#\\\/schema\\\/person\\\/a1b6f563e0ee944c60f98119389a4d9f\"},\"headline\":\"\u201cDesaf\u00edo Eco UNLPam\u201d: se extienden inscripciones hasta el 25 de agosto\",\"datePublished\":\"2023-08-15T23:04:39+00:00\",\"dateModified\":\"2023-08-15T23:04:41+00:00\",\"mainEntityOfPage\":{\"@id\":\"https:\\\/\\\/diariotextual.com\\\/inicio\\\/index.php\\\/2023\\\/08\\\/15\\\/desafio-eco-unlpam-se-extienden-inscripciones-hasta-el-25-de-agosto\\\/\"},\"wordCount\":574,\"publisher\":{\"@id\":\"https:\\\/\\\/diariotextual.com\\\/inicio\\\/#organization\"},\"image\":{\"@id\":\"https:\\\/\\\/diariotextual.com\\\/inicio\\\/index.php\\\/2023\\\/08\\\/15\\\/desafio-eco-unlpam-se-extienden-inscripciones-hasta-el-25-de-agosto\\\/#primaryimage\"},\"thumbnailUrl\":\"https:\\\/\\\/diariotextual.com\\\/inicio\\\/wp-content\\\/uploads\\\/2023\\\/08\\\/desafioecounlpam.jpg\",\"keywords\":[\"Banco de La Pampa\",\"educacion\",\"unlpam\"],\"articleSection\":[\"A - ES NOTICIA (van abajo)\",\"SOCIEDAD\"],\"inLanguage\":\"es\"},{\"@type\":\"WebPage\",\"@id\":\"https:\\\/\\\/diariotextual.com\\\/inicio\\\/index.php\\\/2023\\\/08\\\/15\\\/desafio-eco-unlpam-se-extienden-inscripciones-hasta-el-25-de-agosto\\\/\",\"url\":\"https:\\\/\\\/diariotextual.com\\\/inicio\\\/index.php\\\/2023\\\/08\\\/15\\\/desafio-eco-unlpam-se-extienden-inscripciones-hasta-el-25-de-agosto\\\/\",\"name\":\"\u201cDesaf\u00edo Eco UNLPam\u201d: se extienden inscripciones hasta el 25 de agosto - Diario Textual\",\"isPartOf\":{\"@id\":\"https:\\\/\\\/diariotextual.com\\\/inicio\\\/#website\"},\"primaryImageOfPage\":{\"@id\":\"https:\\\/\\\/diariotextual.com\\\/inicio\\\/index.php\\\/2023\\\/08\\\/15\\\/desafio-eco-unlpam-se-extienden-inscripciones-hasta-el-25-de-agosto\\\/#primaryimage\"},\"image\":{\"@id\":\"https:\\\/\\\/diariotextual.com\\\/inicio\\\/index.php\\\/2023\\\/08\\\/15\\\/desafio-eco-unlpam-se-extienden-inscripciones-hasta-el-25-de-agosto\\\/#primaryimage\"},\"thumbnailUrl\":\"https:\\\/\\\/diariotextual.com\\\/inicio\\\/wp-content\\\/uploads\\\/2023\\\/08\\\/desafioecounlpam.jpg\",\"datePublished\":\"2023-08-15T23:04:39+00:00\",\"dateModified\":\"2023-08-15T23:04:41+00:00\",\"breadcrumb\":{\"@id\":\"https:\\\/\\\/diariotextual.com\\\/inicio\\\/index.php\\\/2023\\\/08\\\/15\\\/desafio-eco-unlpam-se-extienden-inscripciones-hasta-el-25-de-agosto\\\/#breadcrumb\"},\"inLanguage\":\"es\",\"potentialAction\":[{\"@type\":\"ReadAction\",\"target\":[\"https:\\\/\\\/diariotextual.com\\\/inicio\\\/index.php\\\/2023\\\/08\\\/15\\\/desafio-eco-unlpam-se-extienden-inscripciones-hasta-el-25-de-agosto\\\/\"]}]},{\"@type\":\"ImageObject\",\"inLanguage\":\"es\",\"@id\":\"https:\\\/\\\/diariotextual.com\\\/inicio\\\/index.php\\\/2023\\\/08\\\/15\\\/desafio-eco-unlpam-se-extienden-inscripciones-hasta-el-25-de-agosto\\\/#primaryimage\",\"url\":\"https:\\\/\\\/diariotextual.com\\\/inicio\\\/wp-content\\\/uploads\\\/2023\\\/08\\\/desafioecounlpam.jpg\",\"contentUrl\":\"https:\\\/\\\/diariotextual.com\\\/inicio\\\/wp-content\\\/uploads\\\/2023\\\/08\\\/desafioecounlpam.jpg\",\"width\":900,\"height\":374},{\"@type\":\"BreadcrumbList\",\"@id\":\"https:\\\/\\\/diariotextual.com\\\/inicio\\\/index.php\\\/2023\\\/08\\\/15\\\/desafio-eco-unlpam-se-extienden-inscripciones-hasta-el-25-de-agosto\\\/#breadcrumb\",\"itemListElement\":[{\"@type\":\"ListItem\",\"position\":1,\"name\":\"Portada\",\"item\":\"https:\\\/\\\/diariotextual.com\\\/inicio\\\/\"},{\"@type\":\"ListItem\",\"position\":2,\"name\":\"\u201cDesaf\u00edo Eco UNLPam\u201d: se extienden inscripciones hasta el 25 de agosto\"}]},{\"@type\":\"WebSite\",\"@id\":\"https:\\\/\\\/diariotextual.com\\\/inicio\\\/#website\",\"url\":\"https:\\\/\\\/diariotextual.com\\\/inicio\\\/\",\"name\":\"Diario Textual\",\"description\":\"\",\"publisher\":{\"@id\":\"https:\\\/\\\/diariotextual.com\\\/inicio\\\/#organization\"},\"potentialAction\":[{\"@type\":\"SearchAction\",\"target\":{\"@type\":\"EntryPoint\",\"urlTemplate\":\"https:\\\/\\\/diariotextual.com\\\/inicio\\\/?s={search_term_string}\"},\"query-input\":{\"@type\":\"PropertyValueSpecification\",\"valueRequired\":true,\"valueName\":\"search_term_string\"}}],\"inLanguage\":\"es\"},{\"@type\":\"Organization\",\"@id\":\"https:\\\/\\\/diariotextual.com\\\/inicio\\\/#organization\",\"name\":\"Diario Textual\",\"url\":\"https:\\\/\\\/diariotextual.com\\\/inicio\\\/\",\"logo\":{\"@type\":\"ImageObject\",\"inLanguage\":\"es\",\"@id\":\"https:\\\/\\\/diariotextual.com\\\/inicio\\\/#\\\/schema\\\/logo\\\/image\\\/\",\"url\":\"https:\\\/\\\/diariotextual.com\\\/inicio\\\/wp-content\\\/uploads\\\/2023\\\/05\\\/logotextual1.jpg\",\"contentUrl\":\"https:\\\/\\\/diariotextual.com\\\/inicio\\\/wp-content\\\/uploads\\\/2023\\\/05\\\/logotextual1.jpg\",\"width\":516,\"height\":76,\"caption\":\"Diario Textual\"},\"image\":{\"@id\":\"https:\\\/\\\/diariotextual.com\\\/inicio\\\/#\\\/schema\\\/logo\\\/image\\\/\"},\"sameAs\":[\"https:\\\/\\\/www.facebook.com\\\/eltextual\",\"https:\\\/\\\/x.com\\\/eltextual\",\"http:\\\/\\\/www.instagram.com\\\/eltextual\"]},{\"@type\":\"Person\",\"@id\":\"https:\\\/\\\/diariotextual.com\\\/inicio\\\/#\\\/schema\\\/person\\\/a1b6f563e0ee944c60f98119389a4d9f\",\"name\":\"diario3\",\"image\":{\"@type\":\"ImageObject\",\"inLanguage\":\"es\",\"@id\":\"https:\\\/\\\/secure.gravatar.com\\\/avatar\\\/5e7ee62c82fc04d9dd79d746a390d93c69c43223e5faeeb3ea9461ef752bfc5d?s=96&d=mm&r=g\",\"url\":\"https:\\\/\\\/secure.gravatar.com\\\/avatar\\\/5e7ee62c82fc04d9dd79d746a390d93c69c43223e5faeeb3ea9461ef752bfc5d?s=96&d=mm&r=g\",\"contentUrl\":\"https:\\\/\\\/secure.gravatar.com\\\/avatar\\\/5e7ee62c82fc04d9dd79d746a390d93c69c43223e5faeeb3ea9461ef752bfc5d?s=96&d=mm&r=g\",\"caption\":\"diario3\"},\"url\":\"https:\\\/\\\/diariotextual.com\\\/inicio\\\/index.php\\\/author\\\/diario3\\\/\"}]}<\/script>\n<!-- \/ Yoast SEO plugin. -->","yoast_head_json":{"title":"\u201cDesaf\u00edo Eco UNLPam\u201d: se extienden inscripciones hasta el 25 de agosto - Diario Textual","robots":{"index":"index","follow":"follow","max-snippet":"max-snippet:-1","max-image-preview":"max-image-preview:large","max-video-preview":"max-video-preview:-1"},"canonical":"https:\/\/diariotextual.com\/inicio\/index.php\/2023\/08\/15\/desafio-eco-unlpam-se-extienden-inscripciones-hasta-el-25-de-agosto\/","og_locale":"es_ES","og_type":"article","og_title":"\u201cDesaf\u00edo Eco UNLPam\u201d: se extienden inscripciones hasta el 25 de agosto - Diario Textual","og_description":"Autoridades de la Universidad Nacional de La Pampa, Ministerio de Educaci\u00f3n y Banco de La Pampa anunciaron este martes la extensi\u00f3n en la inscripci\u00f3n de la tercera edici\u00f3n del \u201cDesaf\u00edo&hellip;","og_url":"https:\/\/diariotextual.com\/inicio\/index.php\/2023\/08\/15\/desafio-eco-unlpam-se-extienden-inscripciones-hasta-el-25-de-agosto\/","og_site_name":"Diario Textual","article_publisher":"https:\/\/www.facebook.com\/eltextual","article_published_time":"2023-08-15T23:04:39+00:00","article_modified_time":"2023-08-15T23:04:41+00:00","og_image":[{"width":900,"height":374,"url":"https:\/\/diariotextual.com\/inicio\/wp-content\/uploads\/2023\/08\/desafioecounlpam.jpg","type":"image\/jpeg"}],"author":"diario3","twitter_card":"summary_large_image","twitter_creator":"@eltextual","twitter_site":"@eltextual","twitter_misc":{"Escrito por":"diario3","Tiempo de lectura":"3 minutos"},"schema":{"@context":"https:\/\/schema.org","@graph":[{"@type":"Article","@id":"https:\/\/diariotextual.com\/inicio\/index.php\/2023\/08\/15\/desafio-eco-unlpam-se-extienden-inscripciones-hasta-el-25-de-agosto\/#article","isPartOf":{"@id":"https:\/\/diariotextual.com\/inicio\/index.php\/2023\/08\/15\/desafio-eco-unlpam-se-extienden-inscripciones-hasta-el-25-de-agosto\/"},"author":{"name":"diario3","@id":"https:\/\/diariotextual.com\/inicio\/#\/schema\/person\/a1b6f563e0ee944c60f98119389a4d9f"},"headline":"\u201cDesaf\u00edo Eco UNLPam\u201d: se extienden inscripciones hasta el 25 de agosto","datePublished":"2023-08-15T23:04:39+00:00","dateModified":"2023-08-15T23:04:41+00:00","mainEntityOfPage":{"@id":"https:\/\/diariotextual.com\/inicio\/index.php\/2023\/08\/15\/desafio-eco-unlpam-se-extienden-inscripciones-hasta-el-25-de-agosto\/"},"wordCount":574,"publisher":{"@id":"https:\/\/diariotextual.com\/inicio\/#organization"},"image":{"@id":"https:\/\/diariotextual.com\/inicio\/index.php\/2023\/08\/15\/desafio-eco-unlpam-se-extienden-inscripciones-hasta-el-25-de-agosto\/#primaryimage"},"thumbnailUrl":"https:\/\/diariotextual.com\/inicio\/wp-content\/uploads\/2023\/08\/desafioecounlpam.jpg","keywords":["Banco de La Pampa","educacion","unlpam"],"articleSection":["A - ES NOTICIA (van abajo)","SOCIEDAD"],"inLanguage":"es"},{"@type":"WebPage","@id":"https:\/\/diariotextual.com\/inicio\/index.php\/2023\/08\/15\/desafio-eco-unlpam-se-extienden-inscripciones-hasta-el-25-de-agosto\/","url":"https:\/\/diariotextual.com\/inicio\/index.php\/2023\/08\/15\/desafio-eco-unlpam-se-extienden-inscripciones-hasta-el-25-de-agosto\/","name":"\u201cDesaf\u00edo Eco UNLPam\u201d: se extienden inscripciones hasta el 25 de agosto - Diario Textual","isPartOf":{"@id":"https:\/\/diariotextual.com\/inicio\/#website"},"primaryImageOfPage":{"@id":"https:\/\/diariotextual.com\/inicio\/index.php\/2023\/08\/15\/desafio-eco-unlpam-se-extienden-inscripciones-hasta-el-25-de-agosto\/#primaryimage"},"image":{"@id":"https:\/\/diariotextual.com\/inicio\/index.php\/2023\/08\/15\/desafio-eco-unlpam-se-extienden-inscripciones-hasta-el-25-de-agosto\/#primaryimage"},"thumbnailUrl":"https:\/\/diariotextual.com\/inicio\/wp-content\/uploads\/2023\/08\/desafioecounlpam.jpg","datePublished":"2023-08-15T23:04:39+00:00","dateModified":"2023-08-15T23:04:41+00:00","breadcrumb":{"@id":"https:\/\/diariotextual.com\/inicio\/index.php\/2023\/08\/15\/desafio-eco-unlpam-se-extienden-inscripciones-hasta-el-25-de-agosto\/#breadcrumb"},"inLanguage":"es","potentialAction":[{"@type":"ReadAction","target":["https:\/\/diariotextual.com\/inicio\/index.php\/2023\/08\/15\/desafio-eco-unlpam-se-extienden-inscripciones-hasta-el-25-de-agosto\/"]}]},{"@type":"ImageObject","inLanguage":"es","@id":"https:\/\/diariotextual.com\/inicio\/index.php\/2023\/08\/15\/desafio-eco-unlpam-se-extienden-inscripciones-hasta-el-25-de-agosto\/#primaryimage","url":"https:\/\/diariotextual.com\/inicio\/wp-content\/uploads\/2023\/08\/desafioecounlpam.jpg","contentUrl":"https:\/\/diariotextual.com\/inicio\/wp-content\/uploads\/2023\/08\/desafioecounlpam.jpg","width":900,"height":374},{"@type":"BreadcrumbList","@id":"https:\/\/diariotextual.com\/inicio\/index.php\/2023\/08\/15\/desafio-eco-unlpam-se-extienden-inscripciones-hasta-el-25-de-agosto\/#breadcrumb","itemListElement":[{"@type":"ListItem","position":1,"name":"Portada","item":"https:\/\/diariotextual.com\/inicio\/"},{"@type":"ListItem","position":2,"name":"\u201cDesaf\u00edo Eco UNLPam\u201d: se extienden inscripciones hasta el 25 de agosto"}]},{"@type":"WebSite","@id":"https:\/\/diariotextual.com\/inicio\/#website","url":"https:\/\/diariotextual.com\/inicio\/","name":"Diario Textual","description":"","publisher":{"@id":"https:\/\/diariotextual.com\/inicio\/#organization"},"potentialAction":[{"@type":"SearchAction","target":{"@type":"EntryPoint","urlTemplate":"https:\/\/diariotextual.com\/inicio\/?s={search_term_string}"},"query-input":{"@type":"PropertyValueSpecification","valueRequired":true,"valueName":"search_term_string"}}],"inLanguage":"es"},{"@type":"Organization","@id":"https:\/\/diariotextual.com\/inicio\/#organization","name":"Diario Textual","url":"https:\/\/diariotextual.com\/inicio\/","logo":{"@type":"ImageObject","inLanguage":"es","@id":"https:\/\/diariotextual.com\/inicio\/#\/schema\/logo\/image\/","url":"https:\/\/diariotextual.com\/inicio\/wp-content\/uploads\/2023\/05\/logotextual1.jpg","contentUrl":"https:\/\/diariotextual.com\/inicio\/wp-content\/uploads\/2023\/05\/logotextual1.jpg","width":516,"height":76,"caption":"Diario Textual"},"image":{"@id":"https:\/\/diariotextual.com\/inicio\/#\/schema\/logo\/image\/"},"sameAs":["https:\/\/www.facebook.com\/eltextual","https:\/\/x.com\/eltextual","http:\/\/www.instagram.com\/eltextual"]},{"@type":"Person","@id":"https:\/\/diariotextual.com\/inicio\/#\/schema\/person\/a1b6f563e0ee944c60f98119389a4d9f","name":"diario3","image":{"@type":"ImageObject","inLanguage":"es","@id":"https:\/\/secure.gravatar.com\/avatar\/5e7ee62c82fc04d9dd79d746a390d93c69c43223e5faeeb3ea9461ef752bfc5d?s=96&d=mm&r=g","url":"https:\/\/secure.gravatar.com\/avatar\/5e7ee62c82fc04d9dd79d746a390d93c69c43223e5faeeb3ea9461ef752bfc5d?s=96&d=mm&r=g","contentUrl":"https:\/\/secure.gravatar.com\/avatar\/5e7ee62c82fc04d9dd79d746a390d93c69c43223e5faeeb3ea9461ef752bfc5d?s=96&d=mm&r=g","caption":"diario3"},"url":"https:\/\/diariotextual.com\/inicio\/index.php\/author\/diario3\/"}]}},"_links":{"self":[{"href":"https:\/\/diariotextual.com\/inicio\/index.php\/wp-json\/wp\/v2\/posts\/234234","targetHints":{"allow":["GET"]}}],"collection":[{"href":"https:\/\/diariotextual.com\/inicio\/index.php\/wp-json\/wp\/v2\/posts"}],"about":[{"href":"https:\/\/diariotextual.com\/inicio\/index.php\/wp-json\/wp\/v2\/types\/post"}],"author":[{"embeddable":true,"href":"https:\/\/diariotextual.com\/inicio\/index.php\/wp-json\/wp\/v2\/users\/5"}],"replies":[{"embeddable":true,"href":"https:\/\/diariotextual.com\/inicio\/index.php\/wp-json\/wp\/v2\/comments?post=234234"}],"version-history":[{"count":1,"href":"https:\/\/diariotextual.com\/inicio\/index.php\/wp-json\/wp\/v2\/posts\/234234\/revisions"}],"predecessor-version":[{"id":234236,"href":"https:\/\/diariotextual.com\/inicio\/index.php\/wp-json\/wp\/v2\/posts\/234234\/revisions\/234236"}],"wp:featuredmedia":[{"embeddable":true,"href":"https:\/\/diariotextual.com\/inicio\/index.php\/wp-json\/wp\/v2\/media\/234235"}],"wp:attachment":[{"href":"https:\/\/diariotextual.com\/inicio\/index.php\/wp-json\/wp\/v2\/media?parent=234234"}],"wp:term":[{"taxonomy":"category","embeddable":true,"href":"https:\/\/diariotextual.com\/inicio\/index.php\/wp-json\/wp\/v2\/categories?post=234234"},{"taxonomy":"post_tag","embeddable":true,"href":"https:\/\/diariotextual.com\/inicio\/index.php\/wp-json\/wp\/v2\/tags?post=234234"}],"curies":[{"name":"wp","href":"https:\/\/api.w.org\/{rel}","templated":true}]}}