{"id":234287,"date":"2023-08-16T08:32:03","date_gmt":"2023-08-16T11:32:03","guid":{"rendered":"https:\/\/diariotextual.com\/inicio\/?p=234287"},"modified":"2023-08-16T19:47:51","modified_gmt":"2023-08-16T22:47:51","slug":"en-un-dia-la-bolsa-de-harina-subio-1000-y-los-panaderos-avisan-que-el-kilo-de-pan-se-ira-a-750","status":"publish","type":"post","link":"https:\/\/diariotextual.com\/inicio\/index.php\/2023\/08\/16\/en-un-dia-la-bolsa-de-harina-subio-1000-y-los-panaderos-avisan-que-el-kilo-de-pan-se-ira-a-750\/","title":{"rendered":"En un d\u00eda la bolsa de harina subi\u00f3 $1000 y los panaderos avisan que el kilo de pan se ir\u00e1 a $750"},"content":{"rendered":"\n<p>El kilo de pan se ir\u00e1 esta semana en Santa Rosa a $750 producto del aumento de precios que tuvieron los insumos de panader\u00eda, fundamentalmente la bolsa de harina, que subi\u00f3 $1000 en un d\u00eda, luego de la devaluaci\u00f3n.<\/p>\n\n\n\n<p>\u201cEs una situaci\u00f3n terrible. La bolsa de harina de 25 kilos subi\u00f3 $1000 en un d\u00eda y hoy la estamos comprando a $5640. A eso sumale los aumentos en manteca, az\u00facar y levadura. Estoy mirando y analizando las boletas porque te bajan mercader\u00eda y no te dicen si aument\u00f3 o no\u201d, dijo a Diario Textual Federico, propietario de la panaderia \u201cLos Cha\u00f1ares\u201d, de Santa Rosa. <\/p>\n\n\n\n<p>\u00bfSi subir\u00e1 el precio del pan? \u201cVoy a tener que aumentarlo. Ahora est\u00e1 en $600 el kilo, pero se va a ir a $700 o $750, seguro\u201d, avis\u00f3.<\/p>\n\n\n\n<p>Tras los resultados de las PASO 2023\u00a0el Gobierno aument\u00f3 el valor del d\u00f3lar oficial y repercuti\u00f3 directamente en el aumento de los\u00a0costos de los insumos. Este movimiento en el mercado de cambios genera que el consumidor lo vea directamente volcado en el precio de los productos. Uno de ellos, es el pan.<\/p>\n\n\n\n<p><\/p>\n","protected":false},"excerpt":{"rendered":"<p>El kilo de pan se ir\u00e1 esta semana en Santa Rosa a $750 producto del aumento de precios que tuvieron los insumos de panader\u00eda, fundamentalmente la bolsa de harina, que&hellip;<\/p>\n","protected":false},"author":7,"featured_media":171259,"comment_status":"closed","ping_status":"open","sticky":false,"template":"","format":"standard","meta":{"_acf_changed":false,"footnotes":""},"categories":[1,12],"tags":[],"class_list":["post-234287","post","type-post","status-publish","format-standard","has-post-thumbnail","hentry","category-es-noticia","category-sociedad"],"acf":[],"yoast_head":"<!-- This site is optimized with the Yoast SEO plugin v27.5 - https:\/\/yoast.com\/product\/yoast-seo-wordpress\/ -->\n<title>En un d\u00eda la bolsa de harina subi\u00f3 $1000 y los panaderos avisan que el kilo de pan se ir\u00e1 a $750 - Diario Textual<\/title>\n<meta name=\"robots\" content=\"index, follow, max-snippet:-1, max-image-preview:large, max-video-preview:-1\" \/>\n<link rel=\"canonical\" href=\"https:\/\/diariotextual.com\/inicio\/index.php\/2023\/08\/16\/en-un-dia-la-bolsa-de-harina-subio-1000-y-los-panaderos-avisan-que-el-kilo-de-pan-se-ira-a-750\/\" \/>\n<meta property=\"og:locale\" content=\"es_ES\" \/>\n<meta property=\"og:type\" content=\"article\" \/>\n<meta property=\"og:title\" content=\"En un d\u00eda la bolsa de harina subi\u00f3 $1000 y los panaderos avisan que el kilo de pan se ir\u00e1 a $750 - Diario Textual\" \/>\n<meta property=\"og:description\" content=\"El kilo de pan se ir\u00e1 esta semana en Santa Rosa a $750 producto del aumento de precios que tuvieron los insumos de panader\u00eda, fundamentalmente la bolsa de harina, que&hellip;\" \/>\n<meta property=\"og:url\" content=\"https:\/\/diariotextual.com\/inicio\/index.php\/2023\/08\/16\/en-un-dia-la-bolsa-de-harina-subio-1000-y-los-panaderos-avisan-que-el-kilo-de-pan-se-ira-a-750\/\" \/>\n<meta property=\"og:site_name\" content=\"Diario Textual\" \/>\n<meta property=\"article:publisher\" content=\"https:\/\/www.facebook.com\/eltextual\" \/>\n<meta property=\"article:published_time\" content=\"2023-08-16T11:32:03+00:00\" \/>\n<meta property=\"article:modified_time\" content=\"2023-08-16T22:47:51+00:00\" \/>\n<meta property=\"og:image\" content=\"https:\/\/diariotextual.com\/inicio\/wp-content\/uploads\/2021\/12\/panpancitospanaderiatelam2021-2.jpg\" \/>\n\t<meta property=\"og:image:width\" content=\"914\" \/>\n\t<meta property=\"og:image:height\" content=\"600\" \/>\n\t<meta property=\"og:image:type\" content=\"image\/jpeg\" \/>\n<meta name=\"author\" content=\"diario5\" \/>\n<meta name=\"twitter:card\" content=\"summary_large_image\" \/>\n<meta name=\"twitter:creator\" content=\"@eltextual\" \/>\n<meta name=\"twitter:site\" content=\"@eltextual\" \/>\n<meta name=\"twitter:label1\" content=\"Escrito por\" \/>\n\t<meta name=\"twitter:data1\" content=\"diario5\" \/>\n\t<meta name=\"twitter:label2\" content=\"Tiempo de lectura\" \/>\n\t<meta name=\"twitter:data2\" content=\"1 minuto\" \/>\n<script type=\"application\/ld+json\" class=\"yoast-schema-graph\">{\"@context\":\"https:\\\/\\\/schema.org\",\"@graph\":[{\"@type\":\"Article\",\"@id\":\"https:\\\/\\\/diariotextual.com\\\/inicio\\\/index.php\\\/2023\\\/08\\\/16\\\/en-un-dia-la-bolsa-de-harina-subio-1000-y-los-panaderos-avisan-que-el-kilo-de-pan-se-ira-a-750\\\/#article\",\"isPartOf\":{\"@id\":\"https:\\\/\\\/diariotextual.com\\\/inicio\\\/index.php\\\/2023\\\/08\\\/16\\\/en-un-dia-la-bolsa-de-harina-subio-1000-y-los-panaderos-avisan-que-el-kilo-de-pan-se-ira-a-750\\\/\"},\"author\":{\"name\":\"diario5\",\"@id\":\"https:\\\/\\\/diariotextual.com\\\/inicio\\\/#\\\/schema\\\/person\\\/c7834961ad8b29b1d9cdbf4571299067\"},\"headline\":\"En un d\u00eda la bolsa de harina subi\u00f3 $1000 y los panaderos avisan que el kilo de pan se ir\u00e1 a $750\",\"datePublished\":\"2023-08-16T11:32:03+00:00\",\"dateModified\":\"2023-08-16T22:47:51+00:00\",\"mainEntityOfPage\":{\"@id\":\"https:\\\/\\\/diariotextual.com\\\/inicio\\\/index.php\\\/2023\\\/08\\\/16\\\/en-un-dia-la-bolsa-de-harina-subio-1000-y-los-panaderos-avisan-que-el-kilo-de-pan-se-ira-a-750\\\/\"},\"wordCount\":207,\"publisher\":{\"@id\":\"https:\\\/\\\/diariotextual.com\\\/inicio\\\/#organization\"},\"image\":{\"@id\":\"https:\\\/\\\/diariotextual.com\\\/inicio\\\/index.php\\\/2023\\\/08\\\/16\\\/en-un-dia-la-bolsa-de-harina-subio-1000-y-los-panaderos-avisan-que-el-kilo-de-pan-se-ira-a-750\\\/#primaryimage\"},\"thumbnailUrl\":\"https:\\\/\\\/diariotextual.com\\\/inicio\\\/wp-content\\\/uploads\\\/2021\\\/12\\\/panpancitospanaderiatelam2021-2.jpg\",\"articleSection\":[\"A - ES NOTICIA (van abajo)\",\"SOCIEDAD\"],\"inLanguage\":\"es\"},{\"@type\":\"WebPage\",\"@id\":\"https:\\\/\\\/diariotextual.com\\\/inicio\\\/index.php\\\/2023\\\/08\\\/16\\\/en-un-dia-la-bolsa-de-harina-subio-1000-y-los-panaderos-avisan-que-el-kilo-de-pan-se-ira-a-750\\\/\",\"url\":\"https:\\\/\\\/diariotextual.com\\\/inicio\\\/index.php\\\/2023\\\/08\\\/16\\\/en-un-dia-la-bolsa-de-harina-subio-1000-y-los-panaderos-avisan-que-el-kilo-de-pan-se-ira-a-750\\\/\",\"name\":\"En un d\u00eda la bolsa de harina subi\u00f3 $1000 y los panaderos avisan que el kilo de pan se ir\u00e1 a $750 - Diario Textual\",\"isPartOf\":{\"@id\":\"https:\\\/\\\/diariotextual.com\\\/inicio\\\/#website\"},\"primaryImageOfPage\":{\"@id\":\"https:\\\/\\\/diariotextual.com\\\/inicio\\\/index.php\\\/2023\\\/08\\\/16\\\/en-un-dia-la-bolsa-de-harina-subio-1000-y-los-panaderos-avisan-que-el-kilo-de-pan-se-ira-a-750\\\/#primaryimage\"},\"image\":{\"@id\":\"https:\\\/\\\/diariotextual.com\\\/inicio\\\/index.php\\\/2023\\\/08\\\/16\\\/en-un-dia-la-bolsa-de-harina-subio-1000-y-los-panaderos-avisan-que-el-kilo-de-pan-se-ira-a-750\\\/#primaryimage\"},\"thumbnailUrl\":\"https:\\\/\\\/diariotextual.com\\\/inicio\\\/wp-content\\\/uploads\\\/2021\\\/12\\\/panpancitospanaderiatelam2021-2.jpg\",\"datePublished\":\"2023-08-16T11:32:03+00:00\",\"dateModified\":\"2023-08-16T22:47:51+00:00\",\"breadcrumb\":{\"@id\":\"https:\\\/\\\/diariotextual.com\\\/inicio\\\/index.php\\\/2023\\\/08\\\/16\\\/en-un-dia-la-bolsa-de-harina-subio-1000-y-los-panaderos-avisan-que-el-kilo-de-pan-se-ira-a-750\\\/#breadcrumb\"},\"inLanguage\":\"es\",\"potentialAction\":[{\"@type\":\"ReadAction\",\"target\":[\"https:\\\/\\\/diariotextual.com\\\/inicio\\\/index.php\\\/2023\\\/08\\\/16\\\/en-un-dia-la-bolsa-de-harina-subio-1000-y-los-panaderos-avisan-que-el-kilo-de-pan-se-ira-a-750\\\/\"]}]},{\"@type\":\"ImageObject\",\"inLanguage\":\"es\",\"@id\":\"https:\\\/\\\/diariotextual.com\\\/inicio\\\/index.php\\\/2023\\\/08\\\/16\\\/en-un-dia-la-bolsa-de-harina-subio-1000-y-los-panaderos-avisan-que-el-kilo-de-pan-se-ira-a-750\\\/#primaryimage\",\"url\":\"https:\\\/\\\/diariotextual.com\\\/inicio\\\/wp-content\\\/uploads\\\/2021\\\/12\\\/panpancitospanaderiatelam2021-2.jpg\",\"contentUrl\":\"https:\\\/\\\/diariotextual.com\\\/inicio\\\/wp-content\\\/uploads\\\/2021\\\/12\\\/panpancitospanaderiatelam2021-2.jpg\",\"width\":914,\"height\":600},{\"@type\":\"BreadcrumbList\",\"@id\":\"https:\\\/\\\/diariotextual.com\\\/inicio\\\/index.php\\\/2023\\\/08\\\/16\\\/en-un-dia-la-bolsa-de-harina-subio-1000-y-los-panaderos-avisan-que-el-kilo-de-pan-se-ira-a-750\\\/#breadcrumb\",\"itemListElement\":[{\"@type\":\"ListItem\",\"position\":1,\"name\":\"Portada\",\"item\":\"https:\\\/\\\/diariotextual.com\\\/inicio\\\/\"},{\"@type\":\"ListItem\",\"position\":2,\"name\":\"En un d\u00eda la bolsa de harina subi\u00f3 $1000 y los panaderos avisan que el kilo de pan se ir\u00e1 a $750\"}]},{\"@type\":\"WebSite\",\"@id\":\"https:\\\/\\\/diariotextual.com\\\/inicio\\\/#website\",\"url\":\"https:\\\/\\\/diariotextual.com\\\/inicio\\\/\",\"name\":\"Diario Textual\",\"description\":\"\",\"publisher\":{\"@id\":\"https:\\\/\\\/diariotextual.com\\\/inicio\\\/#organization\"},\"potentialAction\":[{\"@type\":\"SearchAction\",\"target\":{\"@type\":\"EntryPoint\",\"urlTemplate\":\"https:\\\/\\\/diariotextual.com\\\/inicio\\\/?s={search_term_string}\"},\"query-input\":{\"@type\":\"PropertyValueSpecification\",\"valueRequired\":true,\"valueName\":\"search_term_string\"}}],\"inLanguage\":\"es\"},{\"@type\":\"Organization\",\"@id\":\"https:\\\/\\\/diariotextual.com\\\/inicio\\\/#organization\",\"name\":\"Diario Textual\",\"url\":\"https:\\\/\\\/diariotextual.com\\\/inicio\\\/\",\"logo\":{\"@type\":\"ImageObject\",\"inLanguage\":\"es\",\"@id\":\"https:\\\/\\\/diariotextual.com\\\/inicio\\\/#\\\/schema\\\/logo\\\/image\\\/\",\"url\":\"https:\\\/\\\/diariotextual.com\\\/inicio\\\/wp-content\\\/uploads\\\/2023\\\/05\\\/logotextual1.jpg\",\"contentUrl\":\"https:\\\/\\\/diariotextual.com\\\/inicio\\\/wp-content\\\/uploads\\\/2023\\\/05\\\/logotextual1.jpg\",\"width\":516,\"height\":76,\"caption\":\"Diario Textual\"},\"image\":{\"@id\":\"https:\\\/\\\/diariotextual.com\\\/inicio\\\/#\\\/schema\\\/logo\\\/image\\\/\"},\"sameAs\":[\"https:\\\/\\\/www.facebook.com\\\/eltextual\",\"https:\\\/\\\/x.com\\\/eltextual\",\"http:\\\/\\\/www.instagram.com\\\/eltextual\"]},{\"@type\":\"Person\",\"@id\":\"https:\\\/\\\/diariotextual.com\\\/inicio\\\/#\\\/schema\\\/person\\\/c7834961ad8b29b1d9cdbf4571299067\",\"name\":\"diario5\",\"image\":{\"@type\":\"ImageObject\",\"inLanguage\":\"es\",\"@id\":\"https:\\\/\\\/secure.gravatar.com\\\/avatar\\\/948c893b847ca6df68216ead81b63f363408ec9b0f600fefc0641ce78613b111?s=96&d=mm&r=g\",\"url\":\"https:\\\/\\\/secure.gravatar.com\\\/avatar\\\/948c893b847ca6df68216ead81b63f363408ec9b0f600fefc0641ce78613b111?s=96&d=mm&r=g\",\"contentUrl\":\"https:\\\/\\\/secure.gravatar.com\\\/avatar\\\/948c893b847ca6df68216ead81b63f363408ec9b0f600fefc0641ce78613b111?s=96&d=mm&r=g\",\"caption\":\"diario5\"},\"url\":\"https:\\\/\\\/diariotextual.com\\\/inicio\\\/index.php\\\/author\\\/diario5\\\/\"}]}<\/script>\n<!-- \/ Yoast SEO plugin. -->","yoast_head_json":{"title":"En un d\u00eda la bolsa de harina subi\u00f3 $1000 y los panaderos avisan que el kilo de pan se ir\u00e1 a $750 - Diario Textual","robots":{"index":"index","follow":"follow","max-snippet":"max-snippet:-1","max-image-preview":"max-image-preview:large","max-video-preview":"max-video-preview:-1"},"canonical":"https:\/\/diariotextual.com\/inicio\/index.php\/2023\/08\/16\/en-un-dia-la-bolsa-de-harina-subio-1000-y-los-panaderos-avisan-que-el-kilo-de-pan-se-ira-a-750\/","og_locale":"es_ES","og_type":"article","og_title":"En un d\u00eda la bolsa de harina subi\u00f3 $1000 y los panaderos avisan que el kilo de pan se ir\u00e1 a $750 - Diario Textual","og_description":"El kilo de pan se ir\u00e1 esta semana en Santa Rosa a $750 producto del aumento de precios que tuvieron los insumos de panader\u00eda, fundamentalmente la bolsa de harina, que&hellip;","og_url":"https:\/\/diariotextual.com\/inicio\/index.php\/2023\/08\/16\/en-un-dia-la-bolsa-de-harina-subio-1000-y-los-panaderos-avisan-que-el-kilo-de-pan-se-ira-a-750\/","og_site_name":"Diario Textual","article_publisher":"https:\/\/www.facebook.com\/eltextual","article_published_time":"2023-08-16T11:32:03+00:00","article_modified_time":"2023-08-16T22:47:51+00:00","og_image":[{"width":914,"height":600,"url":"https:\/\/diariotextual.com\/inicio\/wp-content\/uploads\/2021\/12\/panpancitospanaderiatelam2021-2.jpg","type":"image\/jpeg"}],"author":"diario5","twitter_card":"summary_large_image","twitter_creator":"@eltextual","twitter_site":"@eltextual","twitter_misc":{"Escrito por":"diario5","Tiempo de lectura":"1 minuto"},"schema":{"@context":"https:\/\/schema.org","@graph":[{"@type":"Article","@id":"https:\/\/diariotextual.com\/inicio\/index.php\/2023\/08\/16\/en-un-dia-la-bolsa-de-harina-subio-1000-y-los-panaderos-avisan-que-el-kilo-de-pan-se-ira-a-750\/#article","isPartOf":{"@id":"https:\/\/diariotextual.com\/inicio\/index.php\/2023\/08\/16\/en-un-dia-la-bolsa-de-harina-subio-1000-y-los-panaderos-avisan-que-el-kilo-de-pan-se-ira-a-750\/"},"author":{"name":"diario5","@id":"https:\/\/diariotextual.com\/inicio\/#\/schema\/person\/c7834961ad8b29b1d9cdbf4571299067"},"headline":"En un d\u00eda la bolsa de harina subi\u00f3 $1000 y los panaderos avisan que el kilo de pan se ir\u00e1 a $750","datePublished":"2023-08-16T11:32:03+00:00","dateModified":"2023-08-16T22:47:51+00:00","mainEntityOfPage":{"@id":"https:\/\/diariotextual.com\/inicio\/index.php\/2023\/08\/16\/en-un-dia-la-bolsa-de-harina-subio-1000-y-los-panaderos-avisan-que-el-kilo-de-pan-se-ira-a-750\/"},"wordCount":207,"publisher":{"@id":"https:\/\/diariotextual.com\/inicio\/#organization"},"image":{"@id":"https:\/\/diariotextual.com\/inicio\/index.php\/2023\/08\/16\/en-un-dia-la-bolsa-de-harina-subio-1000-y-los-panaderos-avisan-que-el-kilo-de-pan-se-ira-a-750\/#primaryimage"},"thumbnailUrl":"https:\/\/diariotextual.com\/inicio\/wp-content\/uploads\/2021\/12\/panpancitospanaderiatelam2021-2.jpg","articleSection":["A - ES NOTICIA (van abajo)","SOCIEDAD"],"inLanguage":"es"},{"@type":"WebPage","@id":"https:\/\/diariotextual.com\/inicio\/index.php\/2023\/08\/16\/en-un-dia-la-bolsa-de-harina-subio-1000-y-los-panaderos-avisan-que-el-kilo-de-pan-se-ira-a-750\/","url":"https:\/\/diariotextual.com\/inicio\/index.php\/2023\/08\/16\/en-un-dia-la-bolsa-de-harina-subio-1000-y-los-panaderos-avisan-que-el-kilo-de-pan-se-ira-a-750\/","name":"En un d\u00eda la bolsa de harina subi\u00f3 $1000 y los panaderos avisan que el kilo de pan se ir\u00e1 a $750 - Diario Textual","isPartOf":{"@id":"https:\/\/diariotextual.com\/inicio\/#website"},"primaryImageOfPage":{"@id":"https:\/\/diariotextual.com\/inicio\/index.php\/2023\/08\/16\/en-un-dia-la-bolsa-de-harina-subio-1000-y-los-panaderos-avisan-que-el-kilo-de-pan-se-ira-a-750\/#primaryimage"},"image":{"@id":"https:\/\/diariotextual.com\/inicio\/index.php\/2023\/08\/16\/en-un-dia-la-bolsa-de-harina-subio-1000-y-los-panaderos-avisan-que-el-kilo-de-pan-se-ira-a-750\/#primaryimage"},"thumbnailUrl":"https:\/\/diariotextual.com\/inicio\/wp-content\/uploads\/2021\/12\/panpancitospanaderiatelam2021-2.jpg","datePublished":"2023-08-16T11:32:03+00:00","dateModified":"2023-08-16T22:47:51+00:00","breadcrumb":{"@id":"https:\/\/diariotextual.com\/inicio\/index.php\/2023\/08\/16\/en-un-dia-la-bolsa-de-harina-subio-1000-y-los-panaderos-avisan-que-el-kilo-de-pan-se-ira-a-750\/#breadcrumb"},"inLanguage":"es","potentialAction":[{"@type":"ReadAction","target":["https:\/\/diariotextual.com\/inicio\/index.php\/2023\/08\/16\/en-un-dia-la-bolsa-de-harina-subio-1000-y-los-panaderos-avisan-que-el-kilo-de-pan-se-ira-a-750\/"]}]},{"@type":"ImageObject","inLanguage":"es","@id":"https:\/\/diariotextual.com\/inicio\/index.php\/2023\/08\/16\/en-un-dia-la-bolsa-de-harina-subio-1000-y-los-panaderos-avisan-que-el-kilo-de-pan-se-ira-a-750\/#primaryimage","url":"https:\/\/diariotextual.com\/inicio\/wp-content\/uploads\/2021\/12\/panpancitospanaderiatelam2021-2.jpg","contentUrl":"https:\/\/diariotextual.com\/inicio\/wp-content\/uploads\/2021\/12\/panpancitospanaderiatelam2021-2.jpg","width":914,"height":600},{"@type":"BreadcrumbList","@id":"https:\/\/diariotextual.com\/inicio\/index.php\/2023\/08\/16\/en-un-dia-la-bolsa-de-harina-subio-1000-y-los-panaderos-avisan-que-el-kilo-de-pan-se-ira-a-750\/#breadcrumb","itemListElement":[{"@type":"ListItem","position":1,"name":"Portada","item":"https:\/\/diariotextual.com\/inicio\/"},{"@type":"ListItem","position":2,"name":"En un d\u00eda la bolsa de harina subi\u00f3 $1000 y los panaderos avisan que el kilo de pan se ir\u00e1 a $750"}]},{"@type":"WebSite","@id":"https:\/\/diariotextual.com\/inicio\/#website","url":"https:\/\/diariotextual.com\/inicio\/","name":"Diario Textual","description":"","publisher":{"@id":"https:\/\/diariotextual.com\/inicio\/#organization"},"potentialAction":[{"@type":"SearchAction","target":{"@type":"EntryPoint","urlTemplate":"https:\/\/diariotextual.com\/inicio\/?s={search_term_string}"},"query-input":{"@type":"PropertyValueSpecification","valueRequired":true,"valueName":"search_term_string"}}],"inLanguage":"es"},{"@type":"Organization","@id":"https:\/\/diariotextual.com\/inicio\/#organization","name":"Diario Textual","url":"https:\/\/diariotextual.com\/inicio\/","logo":{"@type":"ImageObject","inLanguage":"es","@id":"https:\/\/diariotextual.com\/inicio\/#\/schema\/logo\/image\/","url":"https:\/\/diariotextual.com\/inicio\/wp-content\/uploads\/2023\/05\/logotextual1.jpg","contentUrl":"https:\/\/diariotextual.com\/inicio\/wp-content\/uploads\/2023\/05\/logotextual1.jpg","width":516,"height":76,"caption":"Diario Textual"},"image":{"@id":"https:\/\/diariotextual.com\/inicio\/#\/schema\/logo\/image\/"},"sameAs":["https:\/\/www.facebook.com\/eltextual","https:\/\/x.com\/eltextual","http:\/\/www.instagram.com\/eltextual"]},{"@type":"Person","@id":"https:\/\/diariotextual.com\/inicio\/#\/schema\/person\/c7834961ad8b29b1d9cdbf4571299067","name":"diario5","image":{"@type":"ImageObject","inLanguage":"es","@id":"https:\/\/secure.gravatar.com\/avatar\/948c893b847ca6df68216ead81b63f363408ec9b0f600fefc0641ce78613b111?s=96&d=mm&r=g","url":"https:\/\/secure.gravatar.com\/avatar\/948c893b847ca6df68216ead81b63f363408ec9b0f600fefc0641ce78613b111?s=96&d=mm&r=g","contentUrl":"https:\/\/secure.gravatar.com\/avatar\/948c893b847ca6df68216ead81b63f363408ec9b0f600fefc0641ce78613b111?s=96&d=mm&r=g","caption":"diario5"},"url":"https:\/\/diariotextual.com\/inicio\/index.php\/author\/diario5\/"}]}},"_links":{"self":[{"href":"https:\/\/diariotextual.com\/inicio\/index.php\/wp-json\/wp\/v2\/posts\/234287","targetHints":{"allow":["GET"]}}],"collection":[{"href":"https:\/\/diariotextual.com\/inicio\/index.php\/wp-json\/wp\/v2\/posts"}],"about":[{"href":"https:\/\/diariotextual.com\/inicio\/index.php\/wp-json\/wp\/v2\/types\/post"}],"author":[{"embeddable":true,"href":"https:\/\/diariotextual.com\/inicio\/index.php\/wp-json\/wp\/v2\/users\/7"}],"replies":[{"embeddable":true,"href":"https:\/\/diariotextual.com\/inicio\/index.php\/wp-json\/wp\/v2\/comments?post=234287"}],"version-history":[{"count":3,"href":"https:\/\/diariotextual.com\/inicio\/index.php\/wp-json\/wp\/v2\/posts\/234287\/revisions"}],"predecessor-version":[{"id":234292,"href":"https:\/\/diariotextual.com\/inicio\/index.php\/wp-json\/wp\/v2\/posts\/234287\/revisions\/234292"}],"wp:featuredmedia":[{"embeddable":true,"href":"https:\/\/diariotextual.com\/inicio\/index.php\/wp-json\/wp\/v2\/media\/171259"}],"wp:attachment":[{"href":"https:\/\/diariotextual.com\/inicio\/index.php\/wp-json\/wp\/v2\/media?parent=234287"}],"wp:term":[{"taxonomy":"category","embeddable":true,"href":"https:\/\/diariotextual.com\/inicio\/index.php\/wp-json\/wp\/v2\/categories?post=234287"},{"taxonomy":"post_tag","embeddable":true,"href":"https:\/\/diariotextual.com\/inicio\/index.php\/wp-json\/wp\/v2\/tags?post=234287"}],"curies":[{"name":"wp","href":"https:\/\/api.w.org\/{rel}","templated":true}]}}