{"id":23447,"date":"2018-10-12T08:30:53","date_gmt":"2018-10-12T11:30:53","guid":{"rendered":"http:\/\/diariotextual.com\/inicio\/?p=23447"},"modified":"2018-10-16T00:13:08","modified_gmt":"2018-10-16T03:13:08","slug":"gano-juicio-no-le-pagan-desesperado-pedido-ayuda-sergio-garcia","status":"publish","type":"post","link":"https:\/\/diariotextual.com\/inicio\/index.php\/2018\/10\/12\/gano-juicio-no-le-pagan-desesperado-pedido-ayuda-sergio-garcia\/","title":{"rendered":"Gan\u00f3 el juicio, pero no le pagan: desesperado pedido de ayuda de Sergio Garc\u00eda"},"content":{"rendered":"<p>Sergio Garc\u00eda, el mec\u00e1nico que\u00a0qued\u00f3 parapl\u00e9jico luego de caer con su moto en una zanja que no estaba debidamente se\u00f1alizada\u00a0en Santa Rosa, lanz\u00f3 en las \u00faltimas horas un desesperado pedido de ayuda para lograr que los demandados -los gobiernos provincial y municipal, y la constructora Ilka- cumplan con el fallo judicial y le paguen la indemnizaci\u00f3n, de alrededor de 14 millones de pesos.<\/p>\n<p>Garc\u00eda difundi\u00f3 el mensaje a trav\u00e9s de las redes sociales. En su Facebook puso: \u00abCon la ayuda del poder de las redes y de dios va a llegar donde tiene que pegar, en el coraz\u00f3n de las personas que me lastimaron y tienen que pagar para que yo pueda tener una oportunidad de curarme y vivir. No quiero morir en el abandono delante de la vista gorda de todos\u00bb.<\/p>\n<p>\u201cAc\u00e1 me tienen tirado como si yo no fuera un ser humano. Lo \u00fanico que reclamo es que me paguen mi indemnizaci\u00f3n, que me va a dar posibilidad de vivir en\u00a0 una casa de manera digna y mantengo la esperanza de ir a Cuba para tener una mejor calidad de vida\u201d, reclam\u00f3.<\/p>\n<p>\u201cDespu\u00e9s del accidente me divorci\u00e9, ten\u00eda dos talleres mec\u00e1nicos y hoy me qued\u00e9 en la calle. Son muy inhumanos, no pagan\u00bb, lament\u00f3.<\/p>\n<p>El siniestro ocurri\u00f3 el 1\u00ba de abril de 2011, entre las 21.30 y las 22 horas. Garc\u00eda se conduc\u00eda en su moto Corven por la calle Arriaga y al llegar a la calle Ferreira se encontr\u00f3 con un mont\u00edculo de tierra y un pozo abierto que lo agarr\u00f3 de lleno, impactando contra el mismo cuando trat\u00f3 de saltarlo. El accidente de tr\u00e1nsito le ocasion\u00f3 una incapacidad f\u00edsica-neurol\u00f3gica permanente de un 90% y qued\u00f3 parapl\u00e9jico.<\/p>\n<p>Garc\u00eda demand\u00f3 por da\u00f1os y perjuicios a la empresa Ilka, al gobierno provincial y a la municipalidad de Santa Rosa. El 8 de mayo de 2017, la jueza civil de primera instancia Mar\u00eda del Carmen Garc\u00eda hizo lugar a la demanda y conden\u00f3 a las partes a indemnizarlo por la suma de 2.648.000 pesos m\u00e1s los intereses devengados desde la fecha del accidente de tr\u00e1nsito hasta la del pago efectivo.<\/p>\n<p>A fines de agosto de este a\u00f1o, el fallo fue confirmado por la C\u00e1mara de Apelaciones. Y ahora, luego de que ni la empresa ni la municipalidad y la provincia atacaran ese fallo, qued\u00f3 firme.\u00a0Seg\u00fan los c\u00e1lculos que hizo la Justicia, con los intereses, deber\u00e1 percibir un total de 14 millones de pesos. Pero hasta el momento ese pago no se hizo efectivo.<\/p>\n","protected":false},"excerpt":{"rendered":"<p>Sergio Garc\u00eda, el mec\u00e1nico que\u00a0qued\u00f3 parapl\u00e9jico luego de caer con su moto en una zanja que no estaba debidamente se\u00f1alizada\u00a0en Santa Rosa, lanz\u00f3 en las \u00faltimas horas un desesperado pedido&hellip;<\/p>\n","protected":false},"author":7,"featured_media":12837,"comment_status":"closed","ping_status":"open","sticky":false,"template":"","format":"standard","meta":{"_acf_changed":false,"footnotes":""},"categories":[4,12],"tags":[],"class_list":["post-23447","post","type-post","status-publish","format-standard","has-post-thumbnail","hentry","category-destacadas","category-sociedad"],"acf":[],"yoast_head":"<!-- This site is optimized with the Yoast SEO plugin v27.5 - https:\/\/yoast.com\/product\/yoast-seo-wordpress\/ -->\n<title>Gan\u00f3 el juicio, pero no le pagan: desesperado pedido de ayuda de Sergio Garc\u00eda - Diario Textual<\/title>\n<meta name=\"robots\" content=\"index, follow, max-snippet:-1, max-image-preview:large, max-video-preview:-1\" \/>\n<link rel=\"canonical\" href=\"https:\/\/diariotextual.com\/inicio\/index.php\/2018\/10\/12\/gano-juicio-no-le-pagan-desesperado-pedido-ayuda-sergio-garcia\/\" \/>\n<meta property=\"og:locale\" content=\"es_ES\" \/>\n<meta property=\"og:type\" content=\"article\" \/>\n<meta property=\"og:title\" content=\"Gan\u00f3 el juicio, pero no le pagan: desesperado pedido de ayuda de Sergio Garc\u00eda - Diario Textual\" \/>\n<meta property=\"og:description\" content=\"Sergio Garc\u00eda, el mec\u00e1nico que\u00a0qued\u00f3 parapl\u00e9jico luego de caer con su moto en una zanja que no estaba debidamente se\u00f1alizada\u00a0en Santa Rosa, lanz\u00f3 en las \u00faltimas horas un desesperado pedido&hellip;\" \/>\n<meta property=\"og:url\" content=\"https:\/\/diariotextual.com\/inicio\/index.php\/2018\/10\/12\/gano-juicio-no-le-pagan-desesperado-pedido-ayuda-sergio-garcia\/\" \/>\n<meta property=\"og:site_name\" content=\"Diario Textual\" \/>\n<meta property=\"article:publisher\" content=\"https:\/\/www.facebook.com\/eltextual\" \/>\n<meta property=\"article:published_time\" content=\"2018-10-12T11:30:53+00:00\" \/>\n<meta property=\"article:modified_time\" content=\"2018-10-16T03:13:08+00:00\" \/>\n<meta property=\"og:image\" content=\"https:\/\/diariotextual.com\/inicio\/wp-content\/uploads\/2018\/07\/garciasergiocarpa10.jpg\" \/>\n\t<meta property=\"og:image:width\" content=\"1000\" \/>\n\t<meta property=\"og:image:height\" content=\"750\" \/>\n\t<meta property=\"og:image:type\" content=\"image\/jpeg\" \/>\n<meta name=\"author\" content=\"diario5\" \/>\n<meta name=\"twitter:card\" content=\"summary_large_image\" \/>\n<meta name=\"twitter:creator\" content=\"@eltextual\" \/>\n<meta name=\"twitter:site\" content=\"@eltextual\" \/>\n<meta name=\"twitter:label1\" content=\"Escrito por\" \/>\n\t<meta name=\"twitter:data1\" content=\"diario5\" \/>\n\t<meta name=\"twitter:label2\" content=\"Tiempo de lectura\" \/>\n\t<meta name=\"twitter:data2\" content=\"2 minutos\" \/>\n<script type=\"application\/ld+json\" class=\"yoast-schema-graph\">{\"@context\":\"https:\\\/\\\/schema.org\",\"@graph\":[{\"@type\":\"Article\",\"@id\":\"https:\\\/\\\/diariotextual.com\\\/inicio\\\/index.php\\\/2018\\\/10\\\/12\\\/gano-juicio-no-le-pagan-desesperado-pedido-ayuda-sergio-garcia\\\/#article\",\"isPartOf\":{\"@id\":\"https:\\\/\\\/diariotextual.com\\\/inicio\\\/index.php\\\/2018\\\/10\\\/12\\\/gano-juicio-no-le-pagan-desesperado-pedido-ayuda-sergio-garcia\\\/\"},\"author\":{\"name\":\"diario5\",\"@id\":\"https:\\\/\\\/diariotextual.com\\\/inicio\\\/#\\\/schema\\\/person\\\/c7834961ad8b29b1d9cdbf4571299067\"},\"headline\":\"Gan\u00f3 el juicio, pero no le pagan: desesperado pedido de ayuda de Sergio Garc\u00eda\",\"datePublished\":\"2018-10-12T11:30:53+00:00\",\"dateModified\":\"2018-10-16T03:13:08+00:00\",\"mainEntityOfPage\":{\"@id\":\"https:\\\/\\\/diariotextual.com\\\/inicio\\\/index.php\\\/2018\\\/10\\\/12\\\/gano-juicio-no-le-pagan-desesperado-pedido-ayuda-sergio-garcia\\\/\"},\"wordCount\":450,\"publisher\":{\"@id\":\"https:\\\/\\\/diariotextual.com\\\/inicio\\\/#organization\"},\"image\":{\"@id\":\"https:\\\/\\\/diariotextual.com\\\/inicio\\\/index.php\\\/2018\\\/10\\\/12\\\/gano-juicio-no-le-pagan-desesperado-pedido-ayuda-sergio-garcia\\\/#primaryimage\"},\"thumbnailUrl\":\"https:\\\/\\\/diariotextual.com\\\/inicio\\\/wp-content\\\/uploads\\\/2018\\\/07\\\/garciasergiocarpa10.jpg\",\"articleSection\":[\"A - DESTACADAS (mod 16)\",\"SOCIEDAD\"],\"inLanguage\":\"es\"},{\"@type\":\"WebPage\",\"@id\":\"https:\\\/\\\/diariotextual.com\\\/inicio\\\/index.php\\\/2018\\\/10\\\/12\\\/gano-juicio-no-le-pagan-desesperado-pedido-ayuda-sergio-garcia\\\/\",\"url\":\"https:\\\/\\\/diariotextual.com\\\/inicio\\\/index.php\\\/2018\\\/10\\\/12\\\/gano-juicio-no-le-pagan-desesperado-pedido-ayuda-sergio-garcia\\\/\",\"name\":\"Gan\u00f3 el juicio, pero no le pagan: desesperado pedido de ayuda de Sergio Garc\u00eda - Diario Textual\",\"isPartOf\":{\"@id\":\"https:\\\/\\\/diariotextual.com\\\/inicio\\\/#website\"},\"primaryImageOfPage\":{\"@id\":\"https:\\\/\\\/diariotextual.com\\\/inicio\\\/index.php\\\/2018\\\/10\\\/12\\\/gano-juicio-no-le-pagan-desesperado-pedido-ayuda-sergio-garcia\\\/#primaryimage\"},\"image\":{\"@id\":\"https:\\\/\\\/diariotextual.com\\\/inicio\\\/index.php\\\/2018\\\/10\\\/12\\\/gano-juicio-no-le-pagan-desesperado-pedido-ayuda-sergio-garcia\\\/#primaryimage\"},\"thumbnailUrl\":\"https:\\\/\\\/diariotextual.com\\\/inicio\\\/wp-content\\\/uploads\\\/2018\\\/07\\\/garciasergiocarpa10.jpg\",\"datePublished\":\"2018-10-12T11:30:53+00:00\",\"dateModified\":\"2018-10-16T03:13:08+00:00\",\"breadcrumb\":{\"@id\":\"https:\\\/\\\/diariotextual.com\\\/inicio\\\/index.php\\\/2018\\\/10\\\/12\\\/gano-juicio-no-le-pagan-desesperado-pedido-ayuda-sergio-garcia\\\/#breadcrumb\"},\"inLanguage\":\"es\",\"potentialAction\":[{\"@type\":\"ReadAction\",\"target\":[\"https:\\\/\\\/diariotextual.com\\\/inicio\\\/index.php\\\/2018\\\/10\\\/12\\\/gano-juicio-no-le-pagan-desesperado-pedido-ayuda-sergio-garcia\\\/\"]}]},{\"@type\":\"ImageObject\",\"inLanguage\":\"es\",\"@id\":\"https:\\\/\\\/diariotextual.com\\\/inicio\\\/index.php\\\/2018\\\/10\\\/12\\\/gano-juicio-no-le-pagan-desesperado-pedido-ayuda-sergio-garcia\\\/#primaryimage\",\"url\":\"https:\\\/\\\/diariotextual.com\\\/inicio\\\/wp-content\\\/uploads\\\/2018\\\/07\\\/garciasergiocarpa10.jpg\",\"contentUrl\":\"https:\\\/\\\/diariotextual.com\\\/inicio\\\/wp-content\\\/uploads\\\/2018\\\/07\\\/garciasergiocarpa10.jpg\",\"width\":1000,\"height\":750},{\"@type\":\"BreadcrumbList\",\"@id\":\"https:\\\/\\\/diariotextual.com\\\/inicio\\\/index.php\\\/2018\\\/10\\\/12\\\/gano-juicio-no-le-pagan-desesperado-pedido-ayuda-sergio-garcia\\\/#breadcrumb\",\"itemListElement\":[{\"@type\":\"ListItem\",\"position\":1,\"name\":\"Portada\",\"item\":\"https:\\\/\\\/diariotextual.com\\\/inicio\\\/\"},{\"@type\":\"ListItem\",\"position\":2,\"name\":\"Gan\u00f3 el juicio, pero no le pagan: desesperado pedido de ayuda de Sergio Garc\u00eda\"}]},{\"@type\":\"WebSite\",\"@id\":\"https:\\\/\\\/diariotextual.com\\\/inicio\\\/#website\",\"url\":\"https:\\\/\\\/diariotextual.com\\\/inicio\\\/\",\"name\":\"Diario Textual\",\"description\":\"\",\"publisher\":{\"@id\":\"https:\\\/\\\/diariotextual.com\\\/inicio\\\/#organization\"},\"potentialAction\":[{\"@type\":\"SearchAction\",\"target\":{\"@type\":\"EntryPoint\",\"urlTemplate\":\"https:\\\/\\\/diariotextual.com\\\/inicio\\\/?s={search_term_string}\"},\"query-input\":{\"@type\":\"PropertyValueSpecification\",\"valueRequired\":true,\"valueName\":\"search_term_string\"}}],\"inLanguage\":\"es\"},{\"@type\":\"Organization\",\"@id\":\"https:\\\/\\\/diariotextual.com\\\/inicio\\\/#organization\",\"name\":\"Diario Textual\",\"url\":\"https:\\\/\\\/diariotextual.com\\\/inicio\\\/\",\"logo\":{\"@type\":\"ImageObject\",\"inLanguage\":\"es\",\"@id\":\"https:\\\/\\\/diariotextual.com\\\/inicio\\\/#\\\/schema\\\/logo\\\/image\\\/\",\"url\":\"https:\\\/\\\/diariotextual.com\\\/inicio\\\/wp-content\\\/uploads\\\/2023\\\/05\\\/logotextual1.jpg\",\"contentUrl\":\"https:\\\/\\\/diariotextual.com\\\/inicio\\\/wp-content\\\/uploads\\\/2023\\\/05\\\/logotextual1.jpg\",\"width\":516,\"height\":76,\"caption\":\"Diario Textual\"},\"image\":{\"@id\":\"https:\\\/\\\/diariotextual.com\\\/inicio\\\/#\\\/schema\\\/logo\\\/image\\\/\"},\"sameAs\":[\"https:\\\/\\\/www.facebook.com\\\/eltextual\",\"https:\\\/\\\/x.com\\\/eltextual\",\"http:\\\/\\\/www.instagram.com\\\/eltextual\"]},{\"@type\":\"Person\",\"@id\":\"https:\\\/\\\/diariotextual.com\\\/inicio\\\/#\\\/schema\\\/person\\\/c7834961ad8b29b1d9cdbf4571299067\",\"name\":\"diario5\",\"image\":{\"@type\":\"ImageObject\",\"inLanguage\":\"es\",\"@id\":\"https:\\\/\\\/secure.gravatar.com\\\/avatar\\\/948c893b847ca6df68216ead81b63f363408ec9b0f600fefc0641ce78613b111?s=96&d=mm&r=g\",\"url\":\"https:\\\/\\\/secure.gravatar.com\\\/avatar\\\/948c893b847ca6df68216ead81b63f363408ec9b0f600fefc0641ce78613b111?s=96&d=mm&r=g\",\"contentUrl\":\"https:\\\/\\\/secure.gravatar.com\\\/avatar\\\/948c893b847ca6df68216ead81b63f363408ec9b0f600fefc0641ce78613b111?s=96&d=mm&r=g\",\"caption\":\"diario5\"},\"url\":\"https:\\\/\\\/diariotextual.com\\\/inicio\\\/index.php\\\/author\\\/diario5\\\/\"}]}<\/script>\n<!-- \/ Yoast SEO plugin. -->","yoast_head_json":{"title":"Gan\u00f3 el juicio, pero no le pagan: desesperado pedido de ayuda de Sergio Garc\u00eda - Diario Textual","robots":{"index":"index","follow":"follow","max-snippet":"max-snippet:-1","max-image-preview":"max-image-preview:large","max-video-preview":"max-video-preview:-1"},"canonical":"https:\/\/diariotextual.com\/inicio\/index.php\/2018\/10\/12\/gano-juicio-no-le-pagan-desesperado-pedido-ayuda-sergio-garcia\/","og_locale":"es_ES","og_type":"article","og_title":"Gan\u00f3 el juicio, pero no le pagan: desesperado pedido de ayuda de Sergio Garc\u00eda - Diario Textual","og_description":"Sergio Garc\u00eda, el mec\u00e1nico que\u00a0qued\u00f3 parapl\u00e9jico luego de caer con su moto en una zanja que no estaba debidamente se\u00f1alizada\u00a0en Santa Rosa, lanz\u00f3 en las \u00faltimas horas un desesperado pedido&hellip;","og_url":"https:\/\/diariotextual.com\/inicio\/index.php\/2018\/10\/12\/gano-juicio-no-le-pagan-desesperado-pedido-ayuda-sergio-garcia\/","og_site_name":"Diario Textual","article_publisher":"https:\/\/www.facebook.com\/eltextual","article_published_time":"2018-10-12T11:30:53+00:00","article_modified_time":"2018-10-16T03:13:08+00:00","og_image":[{"width":1000,"height":750,"url":"https:\/\/diariotextual.com\/inicio\/wp-content\/uploads\/2018\/07\/garciasergiocarpa10.jpg","type":"image\/jpeg"}],"author":"diario5","twitter_card":"summary_large_image","twitter_creator":"@eltextual","twitter_site":"@eltextual","twitter_misc":{"Escrito por":"diario5","Tiempo de lectura":"2 minutos"},"schema":{"@context":"https:\/\/schema.org","@graph":[{"@type":"Article","@id":"https:\/\/diariotextual.com\/inicio\/index.php\/2018\/10\/12\/gano-juicio-no-le-pagan-desesperado-pedido-ayuda-sergio-garcia\/#article","isPartOf":{"@id":"https:\/\/diariotextual.com\/inicio\/index.php\/2018\/10\/12\/gano-juicio-no-le-pagan-desesperado-pedido-ayuda-sergio-garcia\/"},"author":{"name":"diario5","@id":"https:\/\/diariotextual.com\/inicio\/#\/schema\/person\/c7834961ad8b29b1d9cdbf4571299067"},"headline":"Gan\u00f3 el juicio, pero no le pagan: desesperado pedido de ayuda de Sergio Garc\u00eda","datePublished":"2018-10-12T11:30:53+00:00","dateModified":"2018-10-16T03:13:08+00:00","mainEntityOfPage":{"@id":"https:\/\/diariotextual.com\/inicio\/index.php\/2018\/10\/12\/gano-juicio-no-le-pagan-desesperado-pedido-ayuda-sergio-garcia\/"},"wordCount":450,"publisher":{"@id":"https:\/\/diariotextual.com\/inicio\/#organization"},"image":{"@id":"https:\/\/diariotextual.com\/inicio\/index.php\/2018\/10\/12\/gano-juicio-no-le-pagan-desesperado-pedido-ayuda-sergio-garcia\/#primaryimage"},"thumbnailUrl":"https:\/\/diariotextual.com\/inicio\/wp-content\/uploads\/2018\/07\/garciasergiocarpa10.jpg","articleSection":["A - DESTACADAS (mod 16)","SOCIEDAD"],"inLanguage":"es"},{"@type":"WebPage","@id":"https:\/\/diariotextual.com\/inicio\/index.php\/2018\/10\/12\/gano-juicio-no-le-pagan-desesperado-pedido-ayuda-sergio-garcia\/","url":"https:\/\/diariotextual.com\/inicio\/index.php\/2018\/10\/12\/gano-juicio-no-le-pagan-desesperado-pedido-ayuda-sergio-garcia\/","name":"Gan\u00f3 el juicio, pero no le pagan: desesperado pedido de ayuda de Sergio Garc\u00eda - Diario Textual","isPartOf":{"@id":"https:\/\/diariotextual.com\/inicio\/#website"},"primaryImageOfPage":{"@id":"https:\/\/diariotextual.com\/inicio\/index.php\/2018\/10\/12\/gano-juicio-no-le-pagan-desesperado-pedido-ayuda-sergio-garcia\/#primaryimage"},"image":{"@id":"https:\/\/diariotextual.com\/inicio\/index.php\/2018\/10\/12\/gano-juicio-no-le-pagan-desesperado-pedido-ayuda-sergio-garcia\/#primaryimage"},"thumbnailUrl":"https:\/\/diariotextual.com\/inicio\/wp-content\/uploads\/2018\/07\/garciasergiocarpa10.jpg","datePublished":"2018-10-12T11:30:53+00:00","dateModified":"2018-10-16T03:13:08+00:00","breadcrumb":{"@id":"https:\/\/diariotextual.com\/inicio\/index.php\/2018\/10\/12\/gano-juicio-no-le-pagan-desesperado-pedido-ayuda-sergio-garcia\/#breadcrumb"},"inLanguage":"es","potentialAction":[{"@type":"ReadAction","target":["https:\/\/diariotextual.com\/inicio\/index.php\/2018\/10\/12\/gano-juicio-no-le-pagan-desesperado-pedido-ayuda-sergio-garcia\/"]}]},{"@type":"ImageObject","inLanguage":"es","@id":"https:\/\/diariotextual.com\/inicio\/index.php\/2018\/10\/12\/gano-juicio-no-le-pagan-desesperado-pedido-ayuda-sergio-garcia\/#primaryimage","url":"https:\/\/diariotextual.com\/inicio\/wp-content\/uploads\/2018\/07\/garciasergiocarpa10.jpg","contentUrl":"https:\/\/diariotextual.com\/inicio\/wp-content\/uploads\/2018\/07\/garciasergiocarpa10.jpg","width":1000,"height":750},{"@type":"BreadcrumbList","@id":"https:\/\/diariotextual.com\/inicio\/index.php\/2018\/10\/12\/gano-juicio-no-le-pagan-desesperado-pedido-ayuda-sergio-garcia\/#breadcrumb","itemListElement":[{"@type":"ListItem","position":1,"name":"Portada","item":"https:\/\/diariotextual.com\/inicio\/"},{"@type":"ListItem","position":2,"name":"Gan\u00f3 el juicio, pero no le pagan: desesperado pedido de ayuda de Sergio Garc\u00eda"}]},{"@type":"WebSite","@id":"https:\/\/diariotextual.com\/inicio\/#website","url":"https:\/\/diariotextual.com\/inicio\/","name":"Diario Textual","description":"","publisher":{"@id":"https:\/\/diariotextual.com\/inicio\/#organization"},"potentialAction":[{"@type":"SearchAction","target":{"@type":"EntryPoint","urlTemplate":"https:\/\/diariotextual.com\/inicio\/?s={search_term_string}"},"query-input":{"@type":"PropertyValueSpecification","valueRequired":true,"valueName":"search_term_string"}}],"inLanguage":"es"},{"@type":"Organization","@id":"https:\/\/diariotextual.com\/inicio\/#organization","name":"Diario Textual","url":"https:\/\/diariotextual.com\/inicio\/","logo":{"@type":"ImageObject","inLanguage":"es","@id":"https:\/\/diariotextual.com\/inicio\/#\/schema\/logo\/image\/","url":"https:\/\/diariotextual.com\/inicio\/wp-content\/uploads\/2023\/05\/logotextual1.jpg","contentUrl":"https:\/\/diariotextual.com\/inicio\/wp-content\/uploads\/2023\/05\/logotextual1.jpg","width":516,"height":76,"caption":"Diario Textual"},"image":{"@id":"https:\/\/diariotextual.com\/inicio\/#\/schema\/logo\/image\/"},"sameAs":["https:\/\/www.facebook.com\/eltextual","https:\/\/x.com\/eltextual","http:\/\/www.instagram.com\/eltextual"]},{"@type":"Person","@id":"https:\/\/diariotextual.com\/inicio\/#\/schema\/person\/c7834961ad8b29b1d9cdbf4571299067","name":"diario5","image":{"@type":"ImageObject","inLanguage":"es","@id":"https:\/\/secure.gravatar.com\/avatar\/948c893b847ca6df68216ead81b63f363408ec9b0f600fefc0641ce78613b111?s=96&d=mm&r=g","url":"https:\/\/secure.gravatar.com\/avatar\/948c893b847ca6df68216ead81b63f363408ec9b0f600fefc0641ce78613b111?s=96&d=mm&r=g","contentUrl":"https:\/\/secure.gravatar.com\/avatar\/948c893b847ca6df68216ead81b63f363408ec9b0f600fefc0641ce78613b111?s=96&d=mm&r=g","caption":"diario5"},"url":"https:\/\/diariotextual.com\/inicio\/index.php\/author\/diario5\/"}]}},"_links":{"self":[{"href":"https:\/\/diariotextual.com\/inicio\/index.php\/wp-json\/wp\/v2\/posts\/23447","targetHints":{"allow":["GET"]}}],"collection":[{"href":"https:\/\/diariotextual.com\/inicio\/index.php\/wp-json\/wp\/v2\/posts"}],"about":[{"href":"https:\/\/diariotextual.com\/inicio\/index.php\/wp-json\/wp\/v2\/types\/post"}],"author":[{"embeddable":true,"href":"https:\/\/diariotextual.com\/inicio\/index.php\/wp-json\/wp\/v2\/users\/7"}],"replies":[{"embeddable":true,"href":"https:\/\/diariotextual.com\/inicio\/index.php\/wp-json\/wp\/v2\/comments?post=23447"}],"version-history":[{"count":2,"href":"https:\/\/diariotextual.com\/inicio\/index.php\/wp-json\/wp\/v2\/posts\/23447\/revisions"}],"predecessor-version":[{"id":23745,"href":"https:\/\/diariotextual.com\/inicio\/index.php\/wp-json\/wp\/v2\/posts\/23447\/revisions\/23745"}],"wp:featuredmedia":[{"embeddable":true,"href":"https:\/\/diariotextual.com\/inicio\/index.php\/wp-json\/wp\/v2\/media\/12837"}],"wp:attachment":[{"href":"https:\/\/diariotextual.com\/inicio\/index.php\/wp-json\/wp\/v2\/media?parent=23447"}],"wp:term":[{"taxonomy":"category","embeddable":true,"href":"https:\/\/diariotextual.com\/inicio\/index.php\/wp-json\/wp\/v2\/categories?post=23447"},{"taxonomy":"post_tag","embeddable":true,"href":"https:\/\/diariotextual.com\/inicio\/index.php\/wp-json\/wp\/v2\/tags?post=23447"}],"curies":[{"name":"wp","href":"https:\/\/api.w.org\/{rel}","templated":true}]}}