{"id":234860,"date":"2023-08-22T17:27:36","date_gmt":"2023-08-22T20:27:36","guid":{"rendered":"https:\/\/diariotextual.com\/inicio\/?p=234860"},"modified":"2023-08-23T09:51:15","modified_gmt":"2023-08-23T12:51:15","slug":"la-facultad-de-agronomia-presento-la-1-expo-dinamica","status":"publish","type":"post","link":"https:\/\/diariotextual.com\/inicio\/index.php\/2023\/08\/22\/la-facultad-de-agronomia-presento-la-1-expo-dinamica\/","title":{"rendered":"Agronom\u00eda present\u00f3 la 1\u00b0 Expo Din\u00e1mica, una muestra de la tecnolog\u00eda en el campo"},"content":{"rendered":"\n<p><strong>Este martes se present\u00f3 en la Facultad de Agronom\u00eda de la Universidad Nacional de La Pampa la 1\u00b0 Expo Din\u00e1mica que se realizar\u00e1 el 3 y 4 de octubre en su predio. Estuvieron presentes la ministra de la Producci\u00f3n, Fernanda Gonz\u00e1lez; el vicepresidente de la Asociaci\u00f3n Agr\u00edcola Ganadera de La Pampa, Gast\u00f3n Alomar; el presidente del Banco de La Pampa, Alexis Iviglia; la decana de la Facultad de Agronom\u00eda,  Mar\u00eda L\u00eda Molas; y la vicerrectora a cargo del rectorado de la UNLPam, Mar\u00eda Ema Mart\u00edn.<\/strong><br><\/p>\n\n\n\n<p>La decana de la facultad fue la encargada de detallar el objetivo de la expo. \u201cQueremos acercar la tecnolog\u00eda y los nuevos desarrollos a la academia. Es una gran oportunidad para aprender y acercar toda esta tecnolog\u00eda a nuestros estudiantes\u201d, dijo.<br><\/p>\n\n\n\n<p>En tanto, la ministra de la Producci\u00f3n resalt\u00f3 la importancia del trabajo en conjunto de los diferentes actores del sector productivo. \u201cFrente a los desaf\u00edos globales que enfrentamos en el \u00e1mbito agr\u00edcola, la innovaci\u00f3n es nuestra herramienta m\u00e1s poderosa. Las m\u00e1quinas agr\u00edcolas de hoy son mucho m\u00e1s que simples herramientas; son la representaci\u00f3n de la ingenier\u00eda de vanguardia y la eficiencia aplicada a la agricultura\u201d, expres\u00f3.<br><\/p>\n\n\n\n<p>Destac\u00f3, a su vez, que detr\u00e1s de cada implemento se refleja el trabajo de investigaci\u00f3n que realizan nuestros cient\u00edficos para adaptar la tecnolog\u00eda a las necesidades y desaf\u00edos del campo, lograr mayor eficiencia, sustentabilidad y seguridad agroalimentaria.<br><\/p>\n\n\n\n<p>La vicerrectora a cargo del rectorado, <strong>Mar\u00eda Ema Mart\u00edn<\/strong>, mencion\u00f3 la importancia de la interacci\u00f3n entre la ciencia, la tecnolog\u00eda y el conocimiento y como la universidad p\u00fablica en interacci\u00f3n con el \u00e1mbito privado contribuyen al desarrollo de la provincia y del pa\u00eds.<br><\/p>\n\n\n\n<p>Por su parte, el vicepresidente de la Asociaci\u00f3n Agr\u00edcola Ganadera de La Pampa, <strong>Gast\u00f3n Alomar<\/strong>, agradeci\u00f3 el trabajo de la Facultad de Agronom\u00eda y subray\u00f3 que el compromiso de realizar actividades en conjunto, se ve hoy plasmado en la 1\u00b0 Expo Din\u00e1mica de la regi\u00f3n.<br><\/p>\n\n\n\n<p>Por \u00faltimo, el presidente del Banco de La Pampa,<strong> Alexis Iviglia<\/strong>, mencion\u00f3 la intenci\u00f3n por parte del banco de instrumentar herramientas financieras para poder facilitar algunas operaciones que se realicen a trav\u00e9s de la exposici\u00f3n.<br><br><strong>La caracter\u00edstica fundamental de este encuentro a campo es poder ver la maquinaria agr\u00edcola en pleno funcionamiento, su desarrollo y uso, as\u00ed como las principales innovaciones tecnol\u00f3gicas del sector de la mano de una amplia gama de expositores de renombre nacional.<\/strong><br><\/p>\n\n\n\n<p>Ser\u00e1 un espacio de encuentro y de aprendizaje para profesionales, productores, estudiantes y actores clave del sector agropecuario regional con entrada gratuita.<br><\/p>\n\n\n\n<p>Habr\u00e1 charlas t\u00e9cnicas, un panel referido a innovaci\u00f3n y desarrollo de tecnolog\u00edas con la presentaci\u00f3n de una de las empresas que se est\u00e1n incubando en la Agencia CITIA (Agencia Pampeana de Ciencias, Tecnolog\u00edas e Innovaci\u00f3n Abierta) sobre el desarrollo de banderilleros satelitales y un taller sobre el uso de drones para la aplicaci\u00f3n de fitosanitarios. En la segunda jornada se abordar\u00e1n las perspectivas clim\u00e1ticas y de mercado de la cosecha gruesa a mediano plazo.<\/p>\n\n\n\n<p><\/p>\n\n\n\n<p><\/p>\n","protected":false},"excerpt":{"rendered":"<p>Este martes se present\u00f3 en la Facultad de Agronom\u00eda de la Universidad Nacional de La Pampa la 1\u00b0 Expo Din\u00e1mica que se realizar\u00e1 el 3 y 4 de octubre en&hellip;<\/p>\n","protected":false},"author":3,"featured_media":234863,"comment_status":"closed","ping_status":"open","sticky":false,"template":"","format":"standard","meta":{"_acf_changed":false,"footnotes":""},"categories":[1,11,20],"tags":[],"class_list":["post-234860","post","type-post","status-publish","format-standard","has-post-thumbnail","hentry","category-es-noticia","category-que-pasa","category-campo"],"acf":[],"yoast_head":"<!-- This site is optimized with the Yoast SEO plugin v27.5 - https:\/\/yoast.com\/product\/yoast-seo-wordpress\/ -->\n<title>Agronom\u00eda present\u00f3 la 1\u00b0 Expo Din\u00e1mica, una muestra de la tecnolog\u00eda en el campo - Diario Textual<\/title>\n<meta name=\"robots\" content=\"index, follow, max-snippet:-1, max-image-preview:large, max-video-preview:-1\" \/>\n<link rel=\"canonical\" href=\"https:\/\/diariotextual.com\/inicio\/index.php\/2023\/08\/22\/la-facultad-de-agronomia-presento-la-1-expo-dinamica\/\" \/>\n<meta property=\"og:locale\" content=\"es_ES\" \/>\n<meta property=\"og:type\" content=\"article\" \/>\n<meta property=\"og:title\" content=\"Agronom\u00eda present\u00f3 la 1\u00b0 Expo Din\u00e1mica, una muestra de la tecnolog\u00eda en el campo - Diario Textual\" \/>\n<meta property=\"og:description\" content=\"Este martes se present\u00f3 en la Facultad de Agronom\u00eda de la Universidad Nacional de La Pampa la 1\u00b0 Expo Din\u00e1mica que se realizar\u00e1 el 3 y 4 de octubre en&hellip;\" \/>\n<meta property=\"og:url\" content=\"https:\/\/diariotextual.com\/inicio\/index.php\/2023\/08\/22\/la-facultad-de-agronomia-presento-la-1-expo-dinamica\/\" \/>\n<meta property=\"og:site_name\" content=\"Diario Textual\" \/>\n<meta property=\"article:publisher\" content=\"https:\/\/www.facebook.com\/eltextual\" \/>\n<meta property=\"article:published_time\" content=\"2023-08-22T20:27:36+00:00\" \/>\n<meta property=\"article:modified_time\" content=\"2023-08-23T12:51:15+00:00\" \/>\n<meta property=\"og:image\" content=\"https:\/\/diariotextual.com\/inicio\/wp-content\/uploads\/2023\/08\/expodinamicaanuncio2023-1.jpeg\" \/>\n\t<meta property=\"og:image:width\" content=\"1024\" \/>\n\t<meta property=\"og:image:height\" content=\"642\" \/>\n\t<meta property=\"og:image:type\" content=\"image\/jpeg\" \/>\n<meta name=\"author\" content=\"Diario1 Diario1\" \/>\n<meta name=\"twitter:card\" content=\"summary_large_image\" \/>\n<meta name=\"twitter:creator\" content=\"@eltextual\" \/>\n<meta name=\"twitter:site\" content=\"@eltextual\" \/>\n<meta name=\"twitter:label1\" content=\"Escrito por\" \/>\n\t<meta name=\"twitter:data1\" content=\"Diario1 Diario1\" \/>\n\t<meta name=\"twitter:label2\" content=\"Tiempo de lectura\" \/>\n\t<meta name=\"twitter:data2\" content=\"3 minutos\" \/>\n<script type=\"application\/ld+json\" class=\"yoast-schema-graph\">{\"@context\":\"https:\\\/\\\/schema.org\",\"@graph\":[{\"@type\":\"Article\",\"@id\":\"https:\\\/\\\/diariotextual.com\\\/inicio\\\/index.php\\\/2023\\\/08\\\/22\\\/la-facultad-de-agronomia-presento-la-1-expo-dinamica\\\/#article\",\"isPartOf\":{\"@id\":\"https:\\\/\\\/diariotextual.com\\\/inicio\\\/index.php\\\/2023\\\/08\\\/22\\\/la-facultad-de-agronomia-presento-la-1-expo-dinamica\\\/\"},\"author\":{\"name\":\"Diario1 Diario1\",\"@id\":\"https:\\\/\\\/diariotextual.com\\\/inicio\\\/#\\\/schema\\\/person\\\/418fc4093c33e86ed41562db3508f958\"},\"headline\":\"Agronom\u00eda present\u00f3 la 1\u00b0 Expo Din\u00e1mica, una muestra de la tecnolog\u00eda en el campo\",\"datePublished\":\"2023-08-22T20:27:36+00:00\",\"dateModified\":\"2023-08-23T12:51:15+00:00\",\"mainEntityOfPage\":{\"@id\":\"https:\\\/\\\/diariotextual.com\\\/inicio\\\/index.php\\\/2023\\\/08\\\/22\\\/la-facultad-de-agronomia-presento-la-1-expo-dinamica\\\/\"},\"wordCount\":559,\"publisher\":{\"@id\":\"https:\\\/\\\/diariotextual.com\\\/inicio\\\/#organization\"},\"image\":{\"@id\":\"https:\\\/\\\/diariotextual.com\\\/inicio\\\/index.php\\\/2023\\\/08\\\/22\\\/la-facultad-de-agronomia-presento-la-1-expo-dinamica\\\/#primaryimage\"},\"thumbnailUrl\":\"https:\\\/\\\/diariotextual.com\\\/inicio\\\/wp-content\\\/uploads\\\/2023\\\/08\\\/expodinamicaanuncio2023-1.jpeg\",\"articleSection\":[\"A - ES NOTICIA (van abajo)\",\"A - QUE PASA (al costado)\",\"CAMPO\"],\"inLanguage\":\"es\"},{\"@type\":\"WebPage\",\"@id\":\"https:\\\/\\\/diariotextual.com\\\/inicio\\\/index.php\\\/2023\\\/08\\\/22\\\/la-facultad-de-agronomia-presento-la-1-expo-dinamica\\\/\",\"url\":\"https:\\\/\\\/diariotextual.com\\\/inicio\\\/index.php\\\/2023\\\/08\\\/22\\\/la-facultad-de-agronomia-presento-la-1-expo-dinamica\\\/\",\"name\":\"Agronom\u00eda present\u00f3 la 1\u00b0 Expo Din\u00e1mica, una muestra de la tecnolog\u00eda en el campo - Diario Textual\",\"isPartOf\":{\"@id\":\"https:\\\/\\\/diariotextual.com\\\/inicio\\\/#website\"},\"primaryImageOfPage\":{\"@id\":\"https:\\\/\\\/diariotextual.com\\\/inicio\\\/index.php\\\/2023\\\/08\\\/22\\\/la-facultad-de-agronomia-presento-la-1-expo-dinamica\\\/#primaryimage\"},\"image\":{\"@id\":\"https:\\\/\\\/diariotextual.com\\\/inicio\\\/index.php\\\/2023\\\/08\\\/22\\\/la-facultad-de-agronomia-presento-la-1-expo-dinamica\\\/#primaryimage\"},\"thumbnailUrl\":\"https:\\\/\\\/diariotextual.com\\\/inicio\\\/wp-content\\\/uploads\\\/2023\\\/08\\\/expodinamicaanuncio2023-1.jpeg\",\"datePublished\":\"2023-08-22T20:27:36+00:00\",\"dateModified\":\"2023-08-23T12:51:15+00:00\",\"breadcrumb\":{\"@id\":\"https:\\\/\\\/diariotextual.com\\\/inicio\\\/index.php\\\/2023\\\/08\\\/22\\\/la-facultad-de-agronomia-presento-la-1-expo-dinamica\\\/#breadcrumb\"},\"inLanguage\":\"es\",\"potentialAction\":[{\"@type\":\"ReadAction\",\"target\":[\"https:\\\/\\\/diariotextual.com\\\/inicio\\\/index.php\\\/2023\\\/08\\\/22\\\/la-facultad-de-agronomia-presento-la-1-expo-dinamica\\\/\"]}]},{\"@type\":\"ImageObject\",\"inLanguage\":\"es\",\"@id\":\"https:\\\/\\\/diariotextual.com\\\/inicio\\\/index.php\\\/2023\\\/08\\\/22\\\/la-facultad-de-agronomia-presento-la-1-expo-dinamica\\\/#primaryimage\",\"url\":\"https:\\\/\\\/diariotextual.com\\\/inicio\\\/wp-content\\\/uploads\\\/2023\\\/08\\\/expodinamicaanuncio2023-1.jpeg\",\"contentUrl\":\"https:\\\/\\\/diariotextual.com\\\/inicio\\\/wp-content\\\/uploads\\\/2023\\\/08\\\/expodinamicaanuncio2023-1.jpeg\",\"width\":1024,\"height\":642},{\"@type\":\"BreadcrumbList\",\"@id\":\"https:\\\/\\\/diariotextual.com\\\/inicio\\\/index.php\\\/2023\\\/08\\\/22\\\/la-facultad-de-agronomia-presento-la-1-expo-dinamica\\\/#breadcrumb\",\"itemListElement\":[{\"@type\":\"ListItem\",\"position\":1,\"name\":\"Portada\",\"item\":\"https:\\\/\\\/diariotextual.com\\\/inicio\\\/\"},{\"@type\":\"ListItem\",\"position\":2,\"name\":\"Agronom\u00eda present\u00f3 la 1\u00b0 Expo Din\u00e1mica, una muestra de la tecnolog\u00eda en el campo\"}]},{\"@type\":\"WebSite\",\"@id\":\"https:\\\/\\\/diariotextual.com\\\/inicio\\\/#website\",\"url\":\"https:\\\/\\\/diariotextual.com\\\/inicio\\\/\",\"name\":\"Diario Textual\",\"description\":\"\",\"publisher\":{\"@id\":\"https:\\\/\\\/diariotextual.com\\\/inicio\\\/#organization\"},\"potentialAction\":[{\"@type\":\"SearchAction\",\"target\":{\"@type\":\"EntryPoint\",\"urlTemplate\":\"https:\\\/\\\/diariotextual.com\\\/inicio\\\/?s={search_term_string}\"},\"query-input\":{\"@type\":\"PropertyValueSpecification\",\"valueRequired\":true,\"valueName\":\"search_term_string\"}}],\"inLanguage\":\"es\"},{\"@type\":\"Organization\",\"@id\":\"https:\\\/\\\/diariotextual.com\\\/inicio\\\/#organization\",\"name\":\"Diario Textual\",\"url\":\"https:\\\/\\\/diariotextual.com\\\/inicio\\\/\",\"logo\":{\"@type\":\"ImageObject\",\"inLanguage\":\"es\",\"@id\":\"https:\\\/\\\/diariotextual.com\\\/inicio\\\/#\\\/schema\\\/logo\\\/image\\\/\",\"url\":\"https:\\\/\\\/diariotextual.com\\\/inicio\\\/wp-content\\\/uploads\\\/2023\\\/05\\\/logotextual1.jpg\",\"contentUrl\":\"https:\\\/\\\/diariotextual.com\\\/inicio\\\/wp-content\\\/uploads\\\/2023\\\/05\\\/logotextual1.jpg\",\"width\":516,\"height\":76,\"caption\":\"Diario Textual\"},\"image\":{\"@id\":\"https:\\\/\\\/diariotextual.com\\\/inicio\\\/#\\\/schema\\\/logo\\\/image\\\/\"},\"sameAs\":[\"https:\\\/\\\/www.facebook.com\\\/eltextual\",\"https:\\\/\\\/x.com\\\/eltextual\",\"http:\\\/\\\/www.instagram.com\\\/eltextual\"]},{\"@type\":\"Person\",\"@id\":\"https:\\\/\\\/diariotextual.com\\\/inicio\\\/#\\\/schema\\\/person\\\/418fc4093c33e86ed41562db3508f958\",\"name\":\"Diario1 Diario1\",\"image\":{\"@type\":\"ImageObject\",\"inLanguage\":\"es\",\"@id\":\"https:\\\/\\\/secure.gravatar.com\\\/avatar\\\/9167d280179c85bc18be67aa7eda765854300033af4896dd779b608640f2ef7a?s=96&d=mm&r=g\",\"url\":\"https:\\\/\\\/secure.gravatar.com\\\/avatar\\\/9167d280179c85bc18be67aa7eda765854300033af4896dd779b608640f2ef7a?s=96&d=mm&r=g\",\"contentUrl\":\"https:\\\/\\\/secure.gravatar.com\\\/avatar\\\/9167d280179c85bc18be67aa7eda765854300033af4896dd779b608640f2ef7a?s=96&d=mm&r=g\",\"caption\":\"Diario1 Diario1\"},\"url\":\"https:\\\/\\\/diariotextual.com\\\/inicio\\\/index.php\\\/author\\\/diario1\\\/\"}]}<\/script>\n<!-- \/ Yoast SEO plugin. -->","yoast_head_json":{"title":"Agronom\u00eda present\u00f3 la 1\u00b0 Expo Din\u00e1mica, una muestra de la tecnolog\u00eda en el campo - Diario Textual","robots":{"index":"index","follow":"follow","max-snippet":"max-snippet:-1","max-image-preview":"max-image-preview:large","max-video-preview":"max-video-preview:-1"},"canonical":"https:\/\/diariotextual.com\/inicio\/index.php\/2023\/08\/22\/la-facultad-de-agronomia-presento-la-1-expo-dinamica\/","og_locale":"es_ES","og_type":"article","og_title":"Agronom\u00eda present\u00f3 la 1\u00b0 Expo Din\u00e1mica, una muestra de la tecnolog\u00eda en el campo - Diario Textual","og_description":"Este martes se present\u00f3 en la Facultad de Agronom\u00eda de la Universidad Nacional de La Pampa la 1\u00b0 Expo Din\u00e1mica que se realizar\u00e1 el 3 y 4 de octubre en&hellip;","og_url":"https:\/\/diariotextual.com\/inicio\/index.php\/2023\/08\/22\/la-facultad-de-agronomia-presento-la-1-expo-dinamica\/","og_site_name":"Diario Textual","article_publisher":"https:\/\/www.facebook.com\/eltextual","article_published_time":"2023-08-22T20:27:36+00:00","article_modified_time":"2023-08-23T12:51:15+00:00","og_image":[{"width":1024,"height":642,"url":"https:\/\/diariotextual.com\/inicio\/wp-content\/uploads\/2023\/08\/expodinamicaanuncio2023-1.jpeg","type":"image\/jpeg"}],"author":"Diario1 Diario1","twitter_card":"summary_large_image","twitter_creator":"@eltextual","twitter_site":"@eltextual","twitter_misc":{"Escrito por":"Diario1 Diario1","Tiempo de lectura":"3 minutos"},"schema":{"@context":"https:\/\/schema.org","@graph":[{"@type":"Article","@id":"https:\/\/diariotextual.com\/inicio\/index.php\/2023\/08\/22\/la-facultad-de-agronomia-presento-la-1-expo-dinamica\/#article","isPartOf":{"@id":"https:\/\/diariotextual.com\/inicio\/index.php\/2023\/08\/22\/la-facultad-de-agronomia-presento-la-1-expo-dinamica\/"},"author":{"name":"Diario1 Diario1","@id":"https:\/\/diariotextual.com\/inicio\/#\/schema\/person\/418fc4093c33e86ed41562db3508f958"},"headline":"Agronom\u00eda present\u00f3 la 1\u00b0 Expo Din\u00e1mica, una muestra de la tecnolog\u00eda en el campo","datePublished":"2023-08-22T20:27:36+00:00","dateModified":"2023-08-23T12:51:15+00:00","mainEntityOfPage":{"@id":"https:\/\/diariotextual.com\/inicio\/index.php\/2023\/08\/22\/la-facultad-de-agronomia-presento-la-1-expo-dinamica\/"},"wordCount":559,"publisher":{"@id":"https:\/\/diariotextual.com\/inicio\/#organization"},"image":{"@id":"https:\/\/diariotextual.com\/inicio\/index.php\/2023\/08\/22\/la-facultad-de-agronomia-presento-la-1-expo-dinamica\/#primaryimage"},"thumbnailUrl":"https:\/\/diariotextual.com\/inicio\/wp-content\/uploads\/2023\/08\/expodinamicaanuncio2023-1.jpeg","articleSection":["A - ES NOTICIA (van abajo)","A - QUE PASA (al costado)","CAMPO"],"inLanguage":"es"},{"@type":"WebPage","@id":"https:\/\/diariotextual.com\/inicio\/index.php\/2023\/08\/22\/la-facultad-de-agronomia-presento-la-1-expo-dinamica\/","url":"https:\/\/diariotextual.com\/inicio\/index.php\/2023\/08\/22\/la-facultad-de-agronomia-presento-la-1-expo-dinamica\/","name":"Agronom\u00eda present\u00f3 la 1\u00b0 Expo Din\u00e1mica, una muestra de la tecnolog\u00eda en el campo - Diario Textual","isPartOf":{"@id":"https:\/\/diariotextual.com\/inicio\/#website"},"primaryImageOfPage":{"@id":"https:\/\/diariotextual.com\/inicio\/index.php\/2023\/08\/22\/la-facultad-de-agronomia-presento-la-1-expo-dinamica\/#primaryimage"},"image":{"@id":"https:\/\/diariotextual.com\/inicio\/index.php\/2023\/08\/22\/la-facultad-de-agronomia-presento-la-1-expo-dinamica\/#primaryimage"},"thumbnailUrl":"https:\/\/diariotextual.com\/inicio\/wp-content\/uploads\/2023\/08\/expodinamicaanuncio2023-1.jpeg","datePublished":"2023-08-22T20:27:36+00:00","dateModified":"2023-08-23T12:51:15+00:00","breadcrumb":{"@id":"https:\/\/diariotextual.com\/inicio\/index.php\/2023\/08\/22\/la-facultad-de-agronomia-presento-la-1-expo-dinamica\/#breadcrumb"},"inLanguage":"es","potentialAction":[{"@type":"ReadAction","target":["https:\/\/diariotextual.com\/inicio\/index.php\/2023\/08\/22\/la-facultad-de-agronomia-presento-la-1-expo-dinamica\/"]}]},{"@type":"ImageObject","inLanguage":"es","@id":"https:\/\/diariotextual.com\/inicio\/index.php\/2023\/08\/22\/la-facultad-de-agronomia-presento-la-1-expo-dinamica\/#primaryimage","url":"https:\/\/diariotextual.com\/inicio\/wp-content\/uploads\/2023\/08\/expodinamicaanuncio2023-1.jpeg","contentUrl":"https:\/\/diariotextual.com\/inicio\/wp-content\/uploads\/2023\/08\/expodinamicaanuncio2023-1.jpeg","width":1024,"height":642},{"@type":"BreadcrumbList","@id":"https:\/\/diariotextual.com\/inicio\/index.php\/2023\/08\/22\/la-facultad-de-agronomia-presento-la-1-expo-dinamica\/#breadcrumb","itemListElement":[{"@type":"ListItem","position":1,"name":"Portada","item":"https:\/\/diariotextual.com\/inicio\/"},{"@type":"ListItem","position":2,"name":"Agronom\u00eda present\u00f3 la 1\u00b0 Expo Din\u00e1mica, una muestra de la tecnolog\u00eda en el campo"}]},{"@type":"WebSite","@id":"https:\/\/diariotextual.com\/inicio\/#website","url":"https:\/\/diariotextual.com\/inicio\/","name":"Diario Textual","description":"","publisher":{"@id":"https:\/\/diariotextual.com\/inicio\/#organization"},"potentialAction":[{"@type":"SearchAction","target":{"@type":"EntryPoint","urlTemplate":"https:\/\/diariotextual.com\/inicio\/?s={search_term_string}"},"query-input":{"@type":"PropertyValueSpecification","valueRequired":true,"valueName":"search_term_string"}}],"inLanguage":"es"},{"@type":"Organization","@id":"https:\/\/diariotextual.com\/inicio\/#organization","name":"Diario Textual","url":"https:\/\/diariotextual.com\/inicio\/","logo":{"@type":"ImageObject","inLanguage":"es","@id":"https:\/\/diariotextual.com\/inicio\/#\/schema\/logo\/image\/","url":"https:\/\/diariotextual.com\/inicio\/wp-content\/uploads\/2023\/05\/logotextual1.jpg","contentUrl":"https:\/\/diariotextual.com\/inicio\/wp-content\/uploads\/2023\/05\/logotextual1.jpg","width":516,"height":76,"caption":"Diario Textual"},"image":{"@id":"https:\/\/diariotextual.com\/inicio\/#\/schema\/logo\/image\/"},"sameAs":["https:\/\/www.facebook.com\/eltextual","https:\/\/x.com\/eltextual","http:\/\/www.instagram.com\/eltextual"]},{"@type":"Person","@id":"https:\/\/diariotextual.com\/inicio\/#\/schema\/person\/418fc4093c33e86ed41562db3508f958","name":"Diario1 Diario1","image":{"@type":"ImageObject","inLanguage":"es","@id":"https:\/\/secure.gravatar.com\/avatar\/9167d280179c85bc18be67aa7eda765854300033af4896dd779b608640f2ef7a?s=96&d=mm&r=g","url":"https:\/\/secure.gravatar.com\/avatar\/9167d280179c85bc18be67aa7eda765854300033af4896dd779b608640f2ef7a?s=96&d=mm&r=g","contentUrl":"https:\/\/secure.gravatar.com\/avatar\/9167d280179c85bc18be67aa7eda765854300033af4896dd779b608640f2ef7a?s=96&d=mm&r=g","caption":"Diario1 Diario1"},"url":"https:\/\/diariotextual.com\/inicio\/index.php\/author\/diario1\/"}]}},"_links":{"self":[{"href":"https:\/\/diariotextual.com\/inicio\/index.php\/wp-json\/wp\/v2\/posts\/234860","targetHints":{"allow":["GET"]}}],"collection":[{"href":"https:\/\/diariotextual.com\/inicio\/index.php\/wp-json\/wp\/v2\/posts"}],"about":[{"href":"https:\/\/diariotextual.com\/inicio\/index.php\/wp-json\/wp\/v2\/types\/post"}],"author":[{"embeddable":true,"href":"https:\/\/diariotextual.com\/inicio\/index.php\/wp-json\/wp\/v2\/users\/3"}],"replies":[{"embeddable":true,"href":"https:\/\/diariotextual.com\/inicio\/index.php\/wp-json\/wp\/v2\/comments?post=234860"}],"version-history":[{"count":4,"href":"https:\/\/diariotextual.com\/inicio\/index.php\/wp-json\/wp\/v2\/posts\/234860\/revisions"}],"predecessor-version":[{"id":234866,"href":"https:\/\/diariotextual.com\/inicio\/index.php\/wp-json\/wp\/v2\/posts\/234860\/revisions\/234866"}],"wp:featuredmedia":[{"embeddable":true,"href":"https:\/\/diariotextual.com\/inicio\/index.php\/wp-json\/wp\/v2\/media\/234863"}],"wp:attachment":[{"href":"https:\/\/diariotextual.com\/inicio\/index.php\/wp-json\/wp\/v2\/media?parent=234860"}],"wp:term":[{"taxonomy":"category","embeddable":true,"href":"https:\/\/diariotextual.com\/inicio\/index.php\/wp-json\/wp\/v2\/categories?post=234860"},{"taxonomy":"post_tag","embeddable":true,"href":"https:\/\/diariotextual.com\/inicio\/index.php\/wp-json\/wp\/v2\/tags?post=234860"}],"curies":[{"name":"wp","href":"https:\/\/api.w.org\/{rel}","templated":true}]}}