{"id":234949,"date":"2023-08-23T10:21:22","date_gmt":"2023-08-23T13:21:22","guid":{"rendered":"https:\/\/diariotextual.com\/inicio\/?p=234949"},"modified":"2023-08-23T22:58:50","modified_gmt":"2023-08-24T01:58:50","slug":"mayoral-no-son-saqueos-son-robos-organizados-que-buscan-desestabilizar","status":"publish","type":"post","link":"https:\/\/diariotextual.com\/inicio\/index.php\/2023\/08\/23\/mayoral-no-son-saqueos-son-robos-organizados-que-buscan-desestabilizar\/","title":{"rendered":"Mayoral: \u201cNo hay saqueos, son robos organizados que buscan desestabilizar\u201d"},"content":{"rendered":"\n<p>La diputada provincial y vicegobernadora electa, <strong>Alicia Mayoral<\/strong>, dijo que no hay <strong>saqueos<\/strong> sino que son \u201crobos organizados que buscan desestabilizar\u201d al Gobierno. Adem\u00e1s, confi\u00f3 que Uni\u00f3n por la Patria podr\u00e1 <strong>\u201cdar vuelta\u201d la elecci\u00f3n<\/strong> en octubre. <strong>\u201cHay que salir a buscar a cada elector que no fue a votar\u201d, dijo.<\/strong><\/p>\n\n\n\n<p>\u201cInvito a reflexionar. Qu\u00e9 nos est\u00e1n diciendo si no hay m\u00e1s salud p\u00fablica y si no hay m\u00e1s educaci\u00f3n. No subestimo al votante, pero<strong> (Javier) Milei capt\u00f3 el voto bronca, la pobreza y el maltrago econ\u00f3mico en que nuestro gobierno est\u00e1 atrapado<\/strong>\u201d, analiz\u00f3.<\/p>\n\n\n\n<p>\u201cNo nos olvidemos lo que cost\u00f3 la democracia, una forma de defenderla es ir a votar\u201d, remarc\u00f3 y asegur\u00f3 que no tiene dudas que Uni\u00f3n por la Patria \u201ctiene la capacidad para dar vuelta la elecci\u00f3n\u201d en octubre.<\/p>\n\n\n\n<div style=\"height:100px\" aria-hidden=\"true\" class=\"wp-block-spacer\"><\/div>\n\n\n\n<p><strong>Voto a voto<\/strong><\/p>\n\n\n\n<p><strong>\u201cHay que salir a buscar a cada elector que no fue a votar<\/strong>\u201d, dijo. \u201cCuesta la realidad social, ir a encontrarse con los vecinos y seducirlos desde esta realidad econ\u00f3mica\u201d, admiti\u00f3.<\/p>\n\n\n\n<p>Mayoral consider\u00f3 que no fueron saqueos a supermercados los que se produjeron en algunas ciudades del pa\u00eds, sino  \u201crobos organizados que buscan desestabilizar\u201d al Gobierno. Y cruz\u00f3 a la vocera del Gobierno, Gabriela Cerrutti, quien hab\u00eda responsabilizado a Milei por los robos.<\/p>\n\n\n\n<p>\u201cNo fomentemos m\u00e1s la violencia, ni la grieta. Seamos responsables y tom\u00e9moslo como robos organizados\u201d, agreg\u00f3.<\/p>\n\n\n\n<div style=\"height:100px\" aria-hidden=\"true\" class=\"wp-block-spacer\"><\/div>\n\n\n\n<p><strong>Diplomas<\/strong><\/p>\n\n\n\n<p>El gobernador electo Sergio Ra\u00fal Ziliotto recibi\u00f3 esta ma\u00f1ana el diploma que lo acredita como autoridad electa en los comicios provinciales del 14 de mayo. La entrega estuvo a cargo del ministro del Superior Tribunal de Justicia, Fabricio Luis Losi, durante una ceremonia que se desarroll\u00f3 en el Centro Cultural Medasur.<\/p>\n\n\n\n<p>Losi, junto a los vocales del TEP, el procurador general Mario Oscar Bongianino y el juez en lo laboral Enrique Luis Fazzini, tambi\u00e9n les dieron sus respectivos diplomas a la vicegobernadora electa, Alicia Susana Mayoral; y a los 30 diputados\/as provinciales titulares electos.<\/p>\n\n\n\n<p>Este fue el primero de los cinco actos previstos en toda la provincia para otorgarles las acreditaciones a las 671 autoridades elegidas hace tres meses, entre gobernador, vicegobernadora, diputados\/as, intendentes\/as, concejales\/as, presidentes\/as de comisiones de fomento, vocales\/as y jueces y juezas de paz.<\/p>\n\n\n\n<p>A la ceremonia de hoy tambi\u00e9n asistieron los ministros del STJ, Eduardo Fern\u00e1ndez Mend\u00eda y Hugo Oscar D\u00edaz; el ministro de Gobierno, Justicia y Derechos Humanos, Ariel Rauschenberger; la senadora nacional Mar\u00eda Victoria Huala; y el ex diputado nacional Francisco Torroba, entre otras autoridades.<\/p>\n\n\n\n<p>Los diputados y diputados que recibieron tambi\u00e9n sus respectivos diplomas como autoridades electas fueron Hern\u00e1n P\u00e9rez Araujo, Liliana Vanesa Robledo, Espartaco Mar\u00edn, Mar\u00eda Luz Alonso, Daniel An\u00edbal Lovera, Mar\u00eda Silvia Larreta, Pedro Federico Ortiz Garc\u00eda, Marcela Lilia Ana P\u00e1ez, Mart\u00edn Horacio Balsa, Noelia Jorgelina Sosa, Juan Ram\u00f3n Barrionuevo, Ana Carolina Giussi, C\u00e9sar Oscar Montes de Oca, Patricia Viviana George y Le\u00f3n Alexis Nicanoff, por el Frente Justicialista Pampeano. De todos ellos no concurrieron \u2013con aviso previo\u2013 el diputado nacional P\u00e9rez Araujo porque ten\u00eda sesi\u00f3n en el Congreso, Mar\u00edn y Lovera.<\/p>\n\n\n\n<p>A su vez, Hip\u00f3lito Gustavo Altolaguirre, Mar\u00eda Laura Trapaglia, Javier Torroba, Noelia Susana Viara, Juli\u00e1n Oscar Aguilar, Celeste Fany Rivas, Sergio Heber Pegno, Romina Paola Mota, Enrique Manuel Juan, Gisela Viviana Cuadrado, Lucas Andr\u00e9s Lazaric, Mar\u00eda Andrea Valderrama Calvo y Mat\u00edas Francisco Traba los recibieron por el Frente Juntos por el Cambio-La Pampa; y Sandra Fabiana Fonseca y Carlos Maximiliano Aliaga Souto por Comunidad Organizada.<\/p>\n\n\n\n<p>Esta tarde, en el mismo lugar a partir de las 18, tendr\u00e1 lugar el acto de entrega de 148 diplomas a los intendentes, concejales y jueces de paz titulares y suplentes electos de Santa Rosa, Miguel Riglos, Tom\u00e1s Manuel de Anchorena, Anguil, Uriburu, Winifreda, Toay, Lonquimay, Catril\u00f3, Doblas, Macach\u00edn, Rol\u00f3n, Conhello, Mauricio Mayer y Eduardo Castex.<\/p>\n","protected":false},"excerpt":{"rendered":"<p>La diputada provincial y vicegobernadora electa, Alicia Mayoral, dijo que no hay saqueos sino que son \u201crobos organizados que buscan desestabilizar\u201d al Gobierno. Adem\u00e1s, confi\u00f3 que Uni\u00f3n por la Patria&hellip;<\/p>\n","protected":false},"author":7,"featured_media":234976,"comment_status":"closed","ping_status":"open","sticky":false,"template":"","format":"standard","meta":{"_acf_changed":false,"footnotes":""},"categories":[11,8],"tags":[],"class_list":["post-234949","post","type-post","status-publish","format-standard","has-post-thumbnail","hentry","category-que-pasa","category-politica"],"acf":[],"yoast_head":"<!-- This site is optimized with the Yoast SEO plugin v27.5 - https:\/\/yoast.com\/product\/yoast-seo-wordpress\/ -->\n<title>Mayoral: \u201cNo hay saqueos, son robos organizados que buscan desestabilizar\u201d - Diario Textual<\/title>\n<meta name=\"robots\" content=\"index, follow, max-snippet:-1, max-image-preview:large, max-video-preview:-1\" \/>\n<link rel=\"canonical\" href=\"https:\/\/diariotextual.com\/inicio\/index.php\/2023\/08\/23\/mayoral-no-son-saqueos-son-robos-organizados-que-buscan-desestabilizar\/\" \/>\n<meta property=\"og:locale\" content=\"es_ES\" \/>\n<meta property=\"og:type\" content=\"article\" \/>\n<meta property=\"og:title\" content=\"Mayoral: \u201cNo hay saqueos, son robos organizados que buscan desestabilizar\u201d - Diario Textual\" \/>\n<meta property=\"og:description\" content=\"La diputada provincial y vicegobernadora electa, Alicia Mayoral, dijo que no hay saqueos sino que son \u201crobos organizados que buscan desestabilizar\u201d al Gobierno. Adem\u00e1s, confi\u00f3 que Uni\u00f3n por la Patria&hellip;\" \/>\n<meta property=\"og:url\" content=\"https:\/\/diariotextual.com\/inicio\/index.php\/2023\/08\/23\/mayoral-no-son-saqueos-son-robos-organizados-que-buscan-desestabilizar\/\" \/>\n<meta property=\"og:site_name\" content=\"Diario Textual\" \/>\n<meta property=\"article:publisher\" content=\"https:\/\/www.facebook.com\/eltextual\" \/>\n<meta property=\"article:published_time\" content=\"2023-08-23T13:21:22+00:00\" \/>\n<meta property=\"article:modified_time\" content=\"2023-08-24T01:58:50+00:00\" \/>\n<meta property=\"og:image\" content=\"https:\/\/diariotextual.com\/inicio\/wp-content\/uploads\/2023\/08\/mayoralaliciarecibiendodiploma2023-1.jpg\" \/>\n\t<meta property=\"og:image:width\" content=\"1109\" \/>\n\t<meta property=\"og:image:height\" content=\"659\" \/>\n\t<meta property=\"og:image:type\" content=\"image\/jpeg\" \/>\n<meta name=\"author\" content=\"diario5\" \/>\n<meta name=\"twitter:card\" content=\"summary_large_image\" \/>\n<meta name=\"twitter:creator\" content=\"@eltextual\" \/>\n<meta name=\"twitter:site\" content=\"@eltextual\" \/>\n<meta name=\"twitter:label1\" content=\"Escrito por\" \/>\n\t<meta name=\"twitter:data1\" content=\"diario5\" \/>\n\t<meta name=\"twitter:label2\" content=\"Tiempo de lectura\" \/>\n\t<meta name=\"twitter:data2\" content=\"3 minutos\" \/>\n<script type=\"application\/ld+json\" class=\"yoast-schema-graph\">{\"@context\":\"https:\\\/\\\/schema.org\",\"@graph\":[{\"@type\":\"Article\",\"@id\":\"https:\\\/\\\/diariotextual.com\\\/inicio\\\/index.php\\\/2023\\\/08\\\/23\\\/mayoral-no-son-saqueos-son-robos-organizados-que-buscan-desestabilizar\\\/#article\",\"isPartOf\":{\"@id\":\"https:\\\/\\\/diariotextual.com\\\/inicio\\\/index.php\\\/2023\\\/08\\\/23\\\/mayoral-no-son-saqueos-son-robos-organizados-que-buscan-desestabilizar\\\/\"},\"author\":{\"name\":\"diario5\",\"@id\":\"https:\\\/\\\/diariotextual.com\\\/inicio\\\/#\\\/schema\\\/person\\\/c7834961ad8b29b1d9cdbf4571299067\"},\"headline\":\"Mayoral: \u201cNo hay saqueos, son robos organizados que buscan desestabilizar\u201d\",\"datePublished\":\"2023-08-23T13:21:22+00:00\",\"dateModified\":\"2023-08-24T01:58:50+00:00\",\"mainEntityOfPage\":{\"@id\":\"https:\\\/\\\/diariotextual.com\\\/inicio\\\/index.php\\\/2023\\\/08\\\/23\\\/mayoral-no-son-saqueos-son-robos-organizados-que-buscan-desestabilizar\\\/\"},\"wordCount\":678,\"publisher\":{\"@id\":\"https:\\\/\\\/diariotextual.com\\\/inicio\\\/#organization\"},\"image\":{\"@id\":\"https:\\\/\\\/diariotextual.com\\\/inicio\\\/index.php\\\/2023\\\/08\\\/23\\\/mayoral-no-son-saqueos-son-robos-organizados-que-buscan-desestabilizar\\\/#primaryimage\"},\"thumbnailUrl\":\"https:\\\/\\\/diariotextual.com\\\/inicio\\\/wp-content\\\/uploads\\\/2023\\\/08\\\/mayoralaliciarecibiendodiploma2023-1.jpg\",\"articleSection\":[\"A - QUE PASA (al costado)\",\"POLITICA\"],\"inLanguage\":\"es\"},{\"@type\":\"WebPage\",\"@id\":\"https:\\\/\\\/diariotextual.com\\\/inicio\\\/index.php\\\/2023\\\/08\\\/23\\\/mayoral-no-son-saqueos-son-robos-organizados-que-buscan-desestabilizar\\\/\",\"url\":\"https:\\\/\\\/diariotextual.com\\\/inicio\\\/index.php\\\/2023\\\/08\\\/23\\\/mayoral-no-son-saqueos-son-robos-organizados-que-buscan-desestabilizar\\\/\",\"name\":\"Mayoral: \u201cNo hay saqueos, son robos organizados que buscan desestabilizar\u201d - Diario Textual\",\"isPartOf\":{\"@id\":\"https:\\\/\\\/diariotextual.com\\\/inicio\\\/#website\"},\"primaryImageOfPage\":{\"@id\":\"https:\\\/\\\/diariotextual.com\\\/inicio\\\/index.php\\\/2023\\\/08\\\/23\\\/mayoral-no-son-saqueos-son-robos-organizados-que-buscan-desestabilizar\\\/#primaryimage\"},\"image\":{\"@id\":\"https:\\\/\\\/diariotextual.com\\\/inicio\\\/index.php\\\/2023\\\/08\\\/23\\\/mayoral-no-son-saqueos-son-robos-organizados-que-buscan-desestabilizar\\\/#primaryimage\"},\"thumbnailUrl\":\"https:\\\/\\\/diariotextual.com\\\/inicio\\\/wp-content\\\/uploads\\\/2023\\\/08\\\/mayoralaliciarecibiendodiploma2023-1.jpg\",\"datePublished\":\"2023-08-23T13:21:22+00:00\",\"dateModified\":\"2023-08-24T01:58:50+00:00\",\"breadcrumb\":{\"@id\":\"https:\\\/\\\/diariotextual.com\\\/inicio\\\/index.php\\\/2023\\\/08\\\/23\\\/mayoral-no-son-saqueos-son-robos-organizados-que-buscan-desestabilizar\\\/#breadcrumb\"},\"inLanguage\":\"es\",\"potentialAction\":[{\"@type\":\"ReadAction\",\"target\":[\"https:\\\/\\\/diariotextual.com\\\/inicio\\\/index.php\\\/2023\\\/08\\\/23\\\/mayoral-no-son-saqueos-son-robos-organizados-que-buscan-desestabilizar\\\/\"]}]},{\"@type\":\"ImageObject\",\"inLanguage\":\"es\",\"@id\":\"https:\\\/\\\/diariotextual.com\\\/inicio\\\/index.php\\\/2023\\\/08\\\/23\\\/mayoral-no-son-saqueos-son-robos-organizados-que-buscan-desestabilizar\\\/#primaryimage\",\"url\":\"https:\\\/\\\/diariotextual.com\\\/inicio\\\/wp-content\\\/uploads\\\/2023\\\/08\\\/mayoralaliciarecibiendodiploma2023-1.jpg\",\"contentUrl\":\"https:\\\/\\\/diariotextual.com\\\/inicio\\\/wp-content\\\/uploads\\\/2023\\\/08\\\/mayoralaliciarecibiendodiploma2023-1.jpg\",\"width\":1109,\"height\":659},{\"@type\":\"BreadcrumbList\",\"@id\":\"https:\\\/\\\/diariotextual.com\\\/inicio\\\/index.php\\\/2023\\\/08\\\/23\\\/mayoral-no-son-saqueos-son-robos-organizados-que-buscan-desestabilizar\\\/#breadcrumb\",\"itemListElement\":[{\"@type\":\"ListItem\",\"position\":1,\"name\":\"Portada\",\"item\":\"https:\\\/\\\/diariotextual.com\\\/inicio\\\/\"},{\"@type\":\"ListItem\",\"position\":2,\"name\":\"Mayoral: \u201cNo hay saqueos, son robos organizados que buscan desestabilizar\u201d\"}]},{\"@type\":\"WebSite\",\"@id\":\"https:\\\/\\\/diariotextual.com\\\/inicio\\\/#website\",\"url\":\"https:\\\/\\\/diariotextual.com\\\/inicio\\\/\",\"name\":\"Diario Textual\",\"description\":\"\",\"publisher\":{\"@id\":\"https:\\\/\\\/diariotextual.com\\\/inicio\\\/#organization\"},\"potentialAction\":[{\"@type\":\"SearchAction\",\"target\":{\"@type\":\"EntryPoint\",\"urlTemplate\":\"https:\\\/\\\/diariotextual.com\\\/inicio\\\/?s={search_term_string}\"},\"query-input\":{\"@type\":\"PropertyValueSpecification\",\"valueRequired\":true,\"valueName\":\"search_term_string\"}}],\"inLanguage\":\"es\"},{\"@type\":\"Organization\",\"@id\":\"https:\\\/\\\/diariotextual.com\\\/inicio\\\/#organization\",\"name\":\"Diario Textual\",\"url\":\"https:\\\/\\\/diariotextual.com\\\/inicio\\\/\",\"logo\":{\"@type\":\"ImageObject\",\"inLanguage\":\"es\",\"@id\":\"https:\\\/\\\/diariotextual.com\\\/inicio\\\/#\\\/schema\\\/logo\\\/image\\\/\",\"url\":\"https:\\\/\\\/diariotextual.com\\\/inicio\\\/wp-content\\\/uploads\\\/2023\\\/05\\\/logotextual1.jpg\",\"contentUrl\":\"https:\\\/\\\/diariotextual.com\\\/inicio\\\/wp-content\\\/uploads\\\/2023\\\/05\\\/logotextual1.jpg\",\"width\":516,\"height\":76,\"caption\":\"Diario Textual\"},\"image\":{\"@id\":\"https:\\\/\\\/diariotextual.com\\\/inicio\\\/#\\\/schema\\\/logo\\\/image\\\/\"},\"sameAs\":[\"https:\\\/\\\/www.facebook.com\\\/eltextual\",\"https:\\\/\\\/x.com\\\/eltextual\",\"http:\\\/\\\/www.instagram.com\\\/eltextual\"]},{\"@type\":\"Person\",\"@id\":\"https:\\\/\\\/diariotextual.com\\\/inicio\\\/#\\\/schema\\\/person\\\/c7834961ad8b29b1d9cdbf4571299067\",\"name\":\"diario5\",\"image\":{\"@type\":\"ImageObject\",\"inLanguage\":\"es\",\"@id\":\"https:\\\/\\\/secure.gravatar.com\\\/avatar\\\/948c893b847ca6df68216ead81b63f363408ec9b0f600fefc0641ce78613b111?s=96&d=mm&r=g\",\"url\":\"https:\\\/\\\/secure.gravatar.com\\\/avatar\\\/948c893b847ca6df68216ead81b63f363408ec9b0f600fefc0641ce78613b111?s=96&d=mm&r=g\",\"contentUrl\":\"https:\\\/\\\/secure.gravatar.com\\\/avatar\\\/948c893b847ca6df68216ead81b63f363408ec9b0f600fefc0641ce78613b111?s=96&d=mm&r=g\",\"caption\":\"diario5\"},\"url\":\"https:\\\/\\\/diariotextual.com\\\/inicio\\\/index.php\\\/author\\\/diario5\\\/\"}]}<\/script>\n<!-- \/ Yoast SEO plugin. -->","yoast_head_json":{"title":"Mayoral: \u201cNo hay saqueos, son robos organizados que buscan desestabilizar\u201d - Diario Textual","robots":{"index":"index","follow":"follow","max-snippet":"max-snippet:-1","max-image-preview":"max-image-preview:large","max-video-preview":"max-video-preview:-1"},"canonical":"https:\/\/diariotextual.com\/inicio\/index.php\/2023\/08\/23\/mayoral-no-son-saqueos-son-robos-organizados-que-buscan-desestabilizar\/","og_locale":"es_ES","og_type":"article","og_title":"Mayoral: \u201cNo hay saqueos, son robos organizados que buscan desestabilizar\u201d - Diario Textual","og_description":"La diputada provincial y vicegobernadora electa, Alicia Mayoral, dijo que no hay saqueos sino que son \u201crobos organizados que buscan desestabilizar\u201d al Gobierno. Adem\u00e1s, confi\u00f3 que Uni\u00f3n por la Patria&hellip;","og_url":"https:\/\/diariotextual.com\/inicio\/index.php\/2023\/08\/23\/mayoral-no-son-saqueos-son-robos-organizados-que-buscan-desestabilizar\/","og_site_name":"Diario Textual","article_publisher":"https:\/\/www.facebook.com\/eltextual","article_published_time":"2023-08-23T13:21:22+00:00","article_modified_time":"2023-08-24T01:58:50+00:00","og_image":[{"width":1109,"height":659,"url":"https:\/\/diariotextual.com\/inicio\/wp-content\/uploads\/2023\/08\/mayoralaliciarecibiendodiploma2023-1.jpg","type":"image\/jpeg"}],"author":"diario5","twitter_card":"summary_large_image","twitter_creator":"@eltextual","twitter_site":"@eltextual","twitter_misc":{"Escrito por":"diario5","Tiempo de lectura":"3 minutos"},"schema":{"@context":"https:\/\/schema.org","@graph":[{"@type":"Article","@id":"https:\/\/diariotextual.com\/inicio\/index.php\/2023\/08\/23\/mayoral-no-son-saqueos-son-robos-organizados-que-buscan-desestabilizar\/#article","isPartOf":{"@id":"https:\/\/diariotextual.com\/inicio\/index.php\/2023\/08\/23\/mayoral-no-son-saqueos-son-robos-organizados-que-buscan-desestabilizar\/"},"author":{"name":"diario5","@id":"https:\/\/diariotextual.com\/inicio\/#\/schema\/person\/c7834961ad8b29b1d9cdbf4571299067"},"headline":"Mayoral: \u201cNo hay saqueos, son robos organizados que buscan desestabilizar\u201d","datePublished":"2023-08-23T13:21:22+00:00","dateModified":"2023-08-24T01:58:50+00:00","mainEntityOfPage":{"@id":"https:\/\/diariotextual.com\/inicio\/index.php\/2023\/08\/23\/mayoral-no-son-saqueos-son-robos-organizados-que-buscan-desestabilizar\/"},"wordCount":678,"publisher":{"@id":"https:\/\/diariotextual.com\/inicio\/#organization"},"image":{"@id":"https:\/\/diariotextual.com\/inicio\/index.php\/2023\/08\/23\/mayoral-no-son-saqueos-son-robos-organizados-que-buscan-desestabilizar\/#primaryimage"},"thumbnailUrl":"https:\/\/diariotextual.com\/inicio\/wp-content\/uploads\/2023\/08\/mayoralaliciarecibiendodiploma2023-1.jpg","articleSection":["A - QUE PASA (al costado)","POLITICA"],"inLanguage":"es"},{"@type":"WebPage","@id":"https:\/\/diariotextual.com\/inicio\/index.php\/2023\/08\/23\/mayoral-no-son-saqueos-son-robos-organizados-que-buscan-desestabilizar\/","url":"https:\/\/diariotextual.com\/inicio\/index.php\/2023\/08\/23\/mayoral-no-son-saqueos-son-robos-organizados-que-buscan-desestabilizar\/","name":"Mayoral: \u201cNo hay saqueos, son robos organizados que buscan desestabilizar\u201d - Diario Textual","isPartOf":{"@id":"https:\/\/diariotextual.com\/inicio\/#website"},"primaryImageOfPage":{"@id":"https:\/\/diariotextual.com\/inicio\/index.php\/2023\/08\/23\/mayoral-no-son-saqueos-son-robos-organizados-que-buscan-desestabilizar\/#primaryimage"},"image":{"@id":"https:\/\/diariotextual.com\/inicio\/index.php\/2023\/08\/23\/mayoral-no-son-saqueos-son-robos-organizados-que-buscan-desestabilizar\/#primaryimage"},"thumbnailUrl":"https:\/\/diariotextual.com\/inicio\/wp-content\/uploads\/2023\/08\/mayoralaliciarecibiendodiploma2023-1.jpg","datePublished":"2023-08-23T13:21:22+00:00","dateModified":"2023-08-24T01:58:50+00:00","breadcrumb":{"@id":"https:\/\/diariotextual.com\/inicio\/index.php\/2023\/08\/23\/mayoral-no-son-saqueos-son-robos-organizados-que-buscan-desestabilizar\/#breadcrumb"},"inLanguage":"es","potentialAction":[{"@type":"ReadAction","target":["https:\/\/diariotextual.com\/inicio\/index.php\/2023\/08\/23\/mayoral-no-son-saqueos-son-robos-organizados-que-buscan-desestabilizar\/"]}]},{"@type":"ImageObject","inLanguage":"es","@id":"https:\/\/diariotextual.com\/inicio\/index.php\/2023\/08\/23\/mayoral-no-son-saqueos-son-robos-organizados-que-buscan-desestabilizar\/#primaryimage","url":"https:\/\/diariotextual.com\/inicio\/wp-content\/uploads\/2023\/08\/mayoralaliciarecibiendodiploma2023-1.jpg","contentUrl":"https:\/\/diariotextual.com\/inicio\/wp-content\/uploads\/2023\/08\/mayoralaliciarecibiendodiploma2023-1.jpg","width":1109,"height":659},{"@type":"BreadcrumbList","@id":"https:\/\/diariotextual.com\/inicio\/index.php\/2023\/08\/23\/mayoral-no-son-saqueos-son-robos-organizados-que-buscan-desestabilizar\/#breadcrumb","itemListElement":[{"@type":"ListItem","position":1,"name":"Portada","item":"https:\/\/diariotextual.com\/inicio\/"},{"@type":"ListItem","position":2,"name":"Mayoral: \u201cNo hay saqueos, son robos organizados que buscan desestabilizar\u201d"}]},{"@type":"WebSite","@id":"https:\/\/diariotextual.com\/inicio\/#website","url":"https:\/\/diariotextual.com\/inicio\/","name":"Diario Textual","description":"","publisher":{"@id":"https:\/\/diariotextual.com\/inicio\/#organization"},"potentialAction":[{"@type":"SearchAction","target":{"@type":"EntryPoint","urlTemplate":"https:\/\/diariotextual.com\/inicio\/?s={search_term_string}"},"query-input":{"@type":"PropertyValueSpecification","valueRequired":true,"valueName":"search_term_string"}}],"inLanguage":"es"},{"@type":"Organization","@id":"https:\/\/diariotextual.com\/inicio\/#organization","name":"Diario Textual","url":"https:\/\/diariotextual.com\/inicio\/","logo":{"@type":"ImageObject","inLanguage":"es","@id":"https:\/\/diariotextual.com\/inicio\/#\/schema\/logo\/image\/","url":"https:\/\/diariotextual.com\/inicio\/wp-content\/uploads\/2023\/05\/logotextual1.jpg","contentUrl":"https:\/\/diariotextual.com\/inicio\/wp-content\/uploads\/2023\/05\/logotextual1.jpg","width":516,"height":76,"caption":"Diario Textual"},"image":{"@id":"https:\/\/diariotextual.com\/inicio\/#\/schema\/logo\/image\/"},"sameAs":["https:\/\/www.facebook.com\/eltextual","https:\/\/x.com\/eltextual","http:\/\/www.instagram.com\/eltextual"]},{"@type":"Person","@id":"https:\/\/diariotextual.com\/inicio\/#\/schema\/person\/c7834961ad8b29b1d9cdbf4571299067","name":"diario5","image":{"@type":"ImageObject","inLanguage":"es","@id":"https:\/\/secure.gravatar.com\/avatar\/948c893b847ca6df68216ead81b63f363408ec9b0f600fefc0641ce78613b111?s=96&d=mm&r=g","url":"https:\/\/secure.gravatar.com\/avatar\/948c893b847ca6df68216ead81b63f363408ec9b0f600fefc0641ce78613b111?s=96&d=mm&r=g","contentUrl":"https:\/\/secure.gravatar.com\/avatar\/948c893b847ca6df68216ead81b63f363408ec9b0f600fefc0641ce78613b111?s=96&d=mm&r=g","caption":"diario5"},"url":"https:\/\/diariotextual.com\/inicio\/index.php\/author\/diario5\/"}]}},"_links":{"self":[{"href":"https:\/\/diariotextual.com\/inicio\/index.php\/wp-json\/wp\/v2\/posts\/234949","targetHints":{"allow":["GET"]}}],"collection":[{"href":"https:\/\/diariotextual.com\/inicio\/index.php\/wp-json\/wp\/v2\/posts"}],"about":[{"href":"https:\/\/diariotextual.com\/inicio\/index.php\/wp-json\/wp\/v2\/types\/post"}],"author":[{"embeddable":true,"href":"https:\/\/diariotextual.com\/inicio\/index.php\/wp-json\/wp\/v2\/users\/7"}],"replies":[{"embeddable":true,"href":"https:\/\/diariotextual.com\/inicio\/index.php\/wp-json\/wp\/v2\/comments?post=234949"}],"version-history":[{"count":5,"href":"https:\/\/diariotextual.com\/inicio\/index.php\/wp-json\/wp\/v2\/posts\/234949\/revisions"}],"predecessor-version":[{"id":234978,"href":"https:\/\/diariotextual.com\/inicio\/index.php\/wp-json\/wp\/v2\/posts\/234949\/revisions\/234978"}],"wp:featuredmedia":[{"embeddable":true,"href":"https:\/\/diariotextual.com\/inicio\/index.php\/wp-json\/wp\/v2\/media\/234976"}],"wp:attachment":[{"href":"https:\/\/diariotextual.com\/inicio\/index.php\/wp-json\/wp\/v2\/media?parent=234949"}],"wp:term":[{"taxonomy":"category","embeddable":true,"href":"https:\/\/diariotextual.com\/inicio\/index.php\/wp-json\/wp\/v2\/categories?post=234949"},{"taxonomy":"post_tag","embeddable":true,"href":"https:\/\/diariotextual.com\/inicio\/index.php\/wp-json\/wp\/v2\/tags?post=234949"}],"curies":[{"name":"wp","href":"https:\/\/api.w.org\/{rel}","templated":true}]}}