{"id":234964,"date":"2023-08-23T10:42:13","date_gmt":"2023-08-23T13:42:13","guid":{"rendered":"https:\/\/diariotextual.com\/inicio\/?p=234964"},"modified":"2023-08-24T07:13:54","modified_gmt":"2023-08-24T10:13:54","slug":"ziliotto-llamo-a-defender-los-derechos-adquiridos-y-critico-a-la-derecha-centralista-antiderechos","status":"publish","type":"post","link":"https:\/\/diariotextual.com\/inicio\/index.php\/2023\/08\/23\/ziliotto-llamo-a-defender-los-derechos-adquiridos-y-critico-a-la-derecha-centralista-antiderechos\/","title":{"rendered":"Ziliotto llam\u00f3 a \u201cdefender los derechos adquiridos\u201d y critic\u00f3 a la \u201cderecha centralista antiderechos\u201d"},"content":{"rendered":"\n<p>El gobernador <strong>Sergio Ziliotto<\/strong> llam\u00f3 a los pampeanos a <strong>\u201cdefender los derechos adquiridos\u201d<\/strong> y sostuvo que el \u00fanico candidato que los garantiza es <strong>Sergio Massa<\/strong>. Critic\u00f3 a la <strong>\u201cderecha centralista y antiderechos\u201d<\/strong> de estas elecciones. <strong>\u201cNo hay campa\u00f1a del miedo, sino de la realidad\u201d, dijo.<\/strong><\/p>\n\n\n\n<p>\u201cDebemos defender lo conseguido: que una persona vaya al hospital p\u00fablico, que tenga atenci\u00f3n y medicamentos gratuitos, que trabajadores de los frigor\u00edficos pampeanos sigan teniendo trabajo porque seguimos exportando, que adolescentes de bajos recursos tengan educaci\u00f3n p\u00fablica, zapatillas, merienda, desayuno. La campa\u00f1a debe ser positiva y mostrar la necesidad de tener un gobierno federal y un Estado presente\u201d, dijo el mandatario pampeano en declaraciones a la prensa en el Medasur, luego de la entrega de diplomas a las autoridades electas.<\/p>\n\n\n\n<p>\u201cLa diferencia (en las elecciones de octubre) va a ser d\u00f3nde est\u00e1 la gente, si adentro o afuera\u201d, analiz\u00f3. \u201cAlgunos quieren que el mercado defina todo, son antiderechos y les molesta que los que menos tienen tengan derechos\u201d, asegur\u00f3.<\/p>\n\n\n\n<p>\u201cVamos a hacer un gran llamado a la sociedad pampeana para que elija su futuro. El \u00fanico que defiende los derechos adquiridos es Sergio Massa, no la derecha centralista y antiderechos que nos quiere quitar todo lo conseguido\u201d, agreg\u00f3.<\/p>\n\n\n\n<p><strong>-\u00bfLos desaf\u00edos para los pr\u00f3ximos cuatro a\u00f1os se van a modificar o van a cambiar? \u00bfDepende del 10 de diciembre, de qu\u00e9 color pol\u00edtico haya a nivel nacional?<\/strong><br><\/p>\n\n\n\n<p>-S\u00ed, por supuesto. La pregunta a tu pregunta es analizar los dos espejos que tenemos para mirarnos, \u00bfno? Estos cuatro a\u00f1os de un gobierno federal y cuatro a\u00f1os anteriores de una derecha centralista. Por eso cuando hablamos de que est\u00e1 en juego el futuro de la provincia de La Pampa no es una chicana, no es meter miedo, es describir la realidad, nada m\u00e1s. Y creo que nuestro deber como dirigentes pol\u00edticos es llevar el mensaje a la sociedad, que la sociedad tenga los mayores elementos para discernir, para elegir su voto y tranquilamente, en democracia, sin presiones defina qu\u00e9 futuro quiere para la provincia de La Pampa.<\/p>\n\n\n\n<p><br><strong>-\u00bfC\u00f3mo se instala la campa\u00f1a del miedo? \u00bfSe puede compartir con propuestas? \u00bfC\u00f3mo van a afrontar esto?<\/strong><\/p>\n\n\n\n<p><br>-La campa\u00f1a es la realidad. Nosotros vamos a plantear una campa\u00f1a muy clara que es defender lo conseguido. Yo quiero seguir defendiendo que una persona vaya al hospital p\u00fablico, que tenga vacunas gratuitas, medicamentos gratuitos, atenci\u00f3n e internaci\u00f3n gratuita, cirug\u00edas gratuitas. Quiero que los trabajadores de los frigor\u00edficos pampeanos, que es una industria que ha crecido exponencialmente, siga teniendo trabajo porque podemos seguir exportando a China y a Brasil. Quiero que los ni\u00f1os, ni\u00f1as y adolescentes de bajos recursos tengan la posibilidad de que el Estado no solo les d\u00e9 educaci\u00f3n p\u00fablica, sino que tambi\u00e9n los pase a buscar, los lleve a la escuela, y si es necesario reciban guardapolvos, zapatillas, la comida, la merienda, el desayuno en la escuela p\u00fablica. La campa\u00f1a debe ser positiva. En La Pampa es defender lo conseguido y mostrar que la continuidad de una gesti\u00f3n eficiente la podemos tener \u00fanicamente con un gobierno federal, un Gobierno que mira todas las provincias de la misma manera. Porque la base es la gesti\u00f3n, con un Estado presente. Seguramente se va a discutir tambi\u00e9n si Estado o mercado, veremos cu\u00e1les son los beneficios que da el Estado, un Estado presente, eficiente, y cu\u00e1les son los beneficios que puede dar el mercado. Claramente, la diferencia va a ser donde va a estar la gente, si adentro o afuera.<br>\u00a0<br><strong>&#8211; \u00bfC\u00f3mo considera las declaraciones de Filguera Lima, un doctor que fue funcionario de un gobierno peronista y ahora quiere privatizar una salud p\u00fablica de la que fue parte?<\/strong><\/p>\n\n\n\n<p><br>&#8211; No lo enmarco en las personas, sino en las ideolog\u00edas, hoy quieren que el mercado defina todo, son antiderechos, les molesta que los que menos tienen tengan derechos.<\/p>\n\n\n\n<p><br><strong>&#8211; \u00bfHoy hay infiltrados?<\/strong><\/p>\n\n\n\n<p><br>&#8211;\u00a0 Hoy todos los que est\u00e1n, est\u00e1n trabajando de la misma manera. Ustedes saben bien que nosotros tuvimos un sesgo ideol\u00f3gico en la d\u00e9cada de los 90, de un Gobierno que no miraba a los que menos tienen como se debe mirarlo a partir de la doctrina y las banderas del justicialismo. Nosotros vamos a hacer un gran llamado a la sociedad pampeana para que elija su futuro y plantearle realmente cu\u00e1l es el futuro seg\u00fan cada propuesta, qu\u00e9 significa votar a un candidato que es el \u00fanico, que es Sergio Massa, que defiende los derechos adquiridos, y el resto, la derecha centralista. Aquella que ya nos discrimin\u00f3 una vez y que realmente no solo lo est\u00e1 prometiendo, sino que lo va a volver a hacer. Si ustedes me dicen que hay un candidato que va a eliminar la coparticipaci\u00f3n, que hay otro sector pol\u00edtico de derecha que ya le quit\u00f3 a las provincias para darle a la ciudad de Buenos Aires, o sea, para centralizar m\u00e1s la riqueza, claramente creo que tenemos que tenerlo muy en cuenta.<\/p>\n\n\n\n<p><br><strong>&#8211; \u00bfNo hace falta m\u00e1s una exposici\u00f3n p\u00fablica mayor de Uni\u00f3n por la Patria?<\/strong><\/p>\n\n\n\n<p><br>-Nosotros tenemos la responsabilidad de gobernar. Yo la semana pasada estuve con Sergio Massa y lo que menos hablamos fue de campa\u00f1a electoral. Yo creo que hoy lo que tenemos que hacer es ver de qu\u00e9 manera, a trav\u00e9s de todos los instrumentos p\u00fablicos, a trav\u00e9s del Estado presente, le damos respuesta, principalmente a los que menos tienen, por lo que signific\u00f3 la devaluaci\u00f3n impuesta por el FMI. Una devaluaci\u00f3n impuesta por el FMI que trajo la derecha a la Argentina, no para crecer, sino para fugar el dinero fuera del pa\u00eds. Principalmente, los amigos del poder.<br>\u00a0<br><strong>&#8211; \u00bfMilei es Macri?<\/strong><br>&#8211; La derecha es antiderechos. M\u00e1s all\u00e1 de los nombres propios es la derecha, la que nos quiere quitar todo lo conseguido.<\/p>\n\n\n\n<p><br>\u00a0<\/p>\n\n\n\n<div style=\"height:100px\" aria-hidden=\"true\" class=\"wp-block-spacer\"><\/div>\n\n\n\n<p><strong>La carne al asador<\/strong><\/p>\n\n\n\n<p>Ziliotto mantuvo en los \u00faltimos d\u00edas un encuentro con Sergio Massa para ir definiendo la campa\u00f1a electoral. Por lo pronto, el peronismo pampeano ya eligi\u00f3 rival: es Milei.<\/p>\n\n\n\n<p>El peronismo deber\u00e1 poner en octubre toda la carne al asador. A diferencia de las PASO, donde en gran parte de La Pampa trabaj\u00f3 a media m\u00e1quina, sin poner en funcionamiento la maquinaria del aparato, y casi toda la provincia se ti\u00f1\u00f3 de violeta. Se salvaron Santa Rosa y muy pocas otras localidades.<\/p>\n\n\n\n<p>Uno de los desaf\u00edos es tratar de incrementar la cantidad de votantes y, a la vez, convencerlos de votarlos en medio de la crisis econ\u00f3mica.<\/p>\n\n\n\n<div style=\"height:100px\" aria-hidden=\"true\" class=\"wp-block-spacer\"><\/div>\n\n\n\n<p><strong>Diplomas<\/strong><\/p>\n\n\n\n<p>El gobernador electo Sergio Ra\u00fal Ziliotto recibi\u00f3 esta ma\u00f1ana el diploma que lo acredita como autoridad electa en los comicios provinciales del 14 de mayo. La entrega estuvo a cargo del ministro del Superior Tribunal de Justicia, Fabricio Luis Losi, durante una ceremonia que se desarroll\u00f3 en el Centro Cultural Medasur.<\/p>\n\n\n\n<p>Losi, junto a los vocales del TEP, el procurador general Mario Oscar Bongianino y el juez en lo laboral Enrique Luis Fazzini, tambi\u00e9n les dieron sus respectivos diplomas a la vicegobernadora electa, Alicia Susana Mayoral; y a los 30 diputados\/as provinciales titulares electos.<\/p>\n\n\n\n<p>Este fue el primero de los cinco actos previstos en toda la provincia para otorgarles las acreditaciones a las 671 autoridades elegidas hace tres meses, entre gobernador, vicegobernadora, diputados\/as, intendentes\/as, concejales\/as, presidentes\/as de comisiones de fomento, vocales\/as y jueces y juezas de paz.<\/p>\n\n\n\n<p>A la ceremonia de hoy tambi\u00e9n asistieron los ministros del STJ, Eduardo Fern\u00e1ndez Mend\u00eda y Hugo Oscar D\u00edaz; el ministro de Gobierno, Justicia y Derechos Humanos, Ariel Rauschenberger; la senadora nacional Mar\u00eda Victoria Huala; y el ex diputado nacional Francisco Torroba, entre otras autoridades.<\/p>\n\n\n\n<p>Los diputados y diputados que recibieron tambi\u00e9n sus respectivos diplomas como autoridades electas fueron Hern\u00e1n P\u00e9rez Araujo, Liliana Vanesa Robledo, Espartaco Mar\u00edn, Mar\u00eda Luz Alonso, Daniel An\u00edbal Lovera, Mar\u00eda Silvia Larreta, Pedro Federico Ortiz Garc\u00eda, Marcela Lilia Ana P\u00e1ez, Mart\u00edn Horacio Balsa, Noelia Jorgelina Sosa, Juan Ram\u00f3n Barrionuevo, Ana Carolina Giussi, C\u00e9sar Oscar Montes de Oca, Patricia Viviana George y Le\u00f3n Alexis Nicanoff, por el Frente Justicialista Pampeano. De todos ellos no concurrieron \u2013con aviso previo\u2013 el diputado nacional P\u00e9rez Araujo porque ten\u00eda sesi\u00f3n en el Congreso, Mar\u00edn y Lovera.<\/p>\n\n\n\n<p>A su vez, Hip\u00f3lito Gustavo Altolaguirre, Mar\u00eda Laura Trapaglia, Javier Torroba, Noelia Susana Viara, Juli\u00e1n Oscar Aguilar, Celeste Fany Rivas, Sergio Heber Pegno, Romina Paola Mota, Enrique Manuel Juan, Gisela Viviana Cuadrado, Lucas Andr\u00e9s Lazaric, Mar\u00eda Andrea Valderrama Calvo y Mat\u00edas Francisco Traba los recibieron por el Frente Juntos por el Cambio-La Pampa; y Sandra Fabiana Fonseca y Carlos Maximiliano Aliaga Souto por Comunidad Organizada.<\/p>\n\n\n\n<p>Esta tarde, en el mismo lugar a partir de las 18, tendr\u00e1 lugar el acto de entrega de 148 diplomas a los intendentes, concejales y jueces de paz titulares y suplentes electos de Santa Rosa, Miguel Riglos, Tom\u00e1s Manuel de Anchorena, Anguil, Uriburu, Winifreda, Toay, Lonquimay, Catril\u00f3, Doblas, Macach\u00edn, Rol\u00f3n, Conhello, Mauricio Mayer y Eduardo Castex.<\/p>\n\n\n\n<figure class=\"wp-block-embed is-type-wp-embed is-provider-diario-textual wp-block-embed-diario-textual\"><div class=\"wp-block-embed__wrapper\">\n<blockquote class=\"wp-embedded-content\" data-secret=\"S3DgTxfvQg\"><a href=\"https:\/\/diariotextual.com\/inicio\/index.php\/2023\/08\/23\/pj-y-jxc-vs-milei-el-fuego-sagrado-el-voto-defensivo-y-el-tiro-en-el-pie11\/\">PJ y JxC vs Milei: el fuego sagrado, el voto defensivo y el tiro en el pie<\/a><\/blockquote><iframe class=\"wp-embedded-content\" sandbox=\"allow-scripts\" security=\"restricted\" style=\"position: absolute; clip: rect(1px, 1px, 1px, 1px);\" title=\"\u00abPJ y JxC vs Milei: el fuego sagrado, el voto defensivo y el tiro en el pie\u00bb \u2014 Diario Textual\" src=\"https:\/\/diariotextual.com\/inicio\/index.php\/2023\/08\/23\/pj-y-jxc-vs-milei-el-fuego-sagrado-el-voto-defensivo-y-el-tiro-en-el-pie11\/embed\/#?secret=HGW3sGeMJG#?secret=S3DgTxfvQg\" data-secret=\"S3DgTxfvQg\" width=\"600\" height=\"338\" frameborder=\"0\" marginwidth=\"0\" marginheight=\"0\" scrolling=\"no\"><\/iframe>\n<\/div><\/figure>\n","protected":false},"excerpt":{"rendered":"<p>El gobernador Sergio Ziliotto llam\u00f3 a los pampeanos a \u201cdefender los derechos adquiridos\u201d y sostuvo que el \u00fanico candidato que los garantiza es Sergio Massa. Critic\u00f3 a la \u201cderecha centralista&hellip;<\/p>\n","protected":false},"author":7,"featured_media":234979,"comment_status":"closed","ping_status":"open","sticky":false,"template":"","format":"standard","meta":{"_acf_changed":false,"footnotes":""},"categories":[1,11,8],"tags":[],"class_list":["post-234964","post","type-post","status-publish","format-standard","has-post-thumbnail","hentry","category-es-noticia","category-que-pasa","category-politica"],"acf":[],"yoast_head":"<!-- This site is optimized with the Yoast SEO plugin v27.5 - https:\/\/yoast.com\/product\/yoast-seo-wordpress\/ -->\n<title>Ziliotto llam\u00f3 a \u201cdefender los derechos adquiridos\u201d y critic\u00f3 a la \u201cderecha centralista antiderechos\u201d - Diario Textual<\/title>\n<meta name=\"robots\" content=\"index, follow, max-snippet:-1, max-image-preview:large, max-video-preview:-1\" \/>\n<link rel=\"canonical\" href=\"https:\/\/diariotextual.com\/inicio\/index.php\/2023\/08\/23\/ziliotto-llamo-a-defender-los-derechos-adquiridos-y-critico-a-la-derecha-centralista-antiderechos\/\" \/>\n<meta property=\"og:locale\" content=\"es_ES\" \/>\n<meta property=\"og:type\" content=\"article\" \/>\n<meta property=\"og:title\" content=\"Ziliotto llam\u00f3 a \u201cdefender los derechos adquiridos\u201d y critic\u00f3 a la \u201cderecha centralista antiderechos\u201d - Diario Textual\" \/>\n<meta property=\"og:description\" content=\"El gobernador Sergio Ziliotto llam\u00f3 a los pampeanos a \u201cdefender los derechos adquiridos\u201d y sostuvo que el \u00fanico candidato que los garantiza es Sergio Massa. Critic\u00f3 a la \u201cderecha centralista&hellip;\" \/>\n<meta property=\"og:url\" content=\"https:\/\/diariotextual.com\/inicio\/index.php\/2023\/08\/23\/ziliotto-llamo-a-defender-los-derechos-adquiridos-y-critico-a-la-derecha-centralista-antiderechos\/\" \/>\n<meta property=\"og:site_name\" content=\"Diario Textual\" \/>\n<meta property=\"article:publisher\" content=\"https:\/\/www.facebook.com\/eltextual\" \/>\n<meta property=\"article:published_time\" content=\"2023-08-23T13:42:13+00:00\" \/>\n<meta property=\"article:modified_time\" content=\"2023-08-24T10:13:54+00:00\" \/>\n<meta property=\"og:image\" content=\"https:\/\/diariotextual.com\/inicio\/wp-content\/uploads\/2023\/08\/ziliottosergiorecibiendodiploma2023-1.jpg\" \/>\n\t<meta property=\"og:image:width\" content=\"1599\" \/>\n\t<meta property=\"og:image:height\" content=\"947\" \/>\n\t<meta property=\"og:image:type\" content=\"image\/jpeg\" \/>\n<meta name=\"author\" content=\"diario5\" \/>\n<meta name=\"twitter:card\" content=\"summary_large_image\" \/>\n<meta name=\"twitter:creator\" content=\"@eltextual\" \/>\n<meta name=\"twitter:site\" content=\"@eltextual\" \/>\n<meta name=\"twitter:label1\" content=\"Escrito por\" \/>\n\t<meta name=\"twitter:data1\" content=\"diario5\" \/>\n\t<meta name=\"twitter:label2\" content=\"Tiempo de lectura\" \/>\n\t<meta name=\"twitter:data2\" content=\"7 minutos\" \/>\n<script type=\"application\/ld+json\" class=\"yoast-schema-graph\">{\"@context\":\"https:\\\/\\\/schema.org\",\"@graph\":[{\"@type\":\"Article\",\"@id\":\"https:\\\/\\\/diariotextual.com\\\/inicio\\\/index.php\\\/2023\\\/08\\\/23\\\/ziliotto-llamo-a-defender-los-derechos-adquiridos-y-critico-a-la-derecha-centralista-antiderechos\\\/#article\",\"isPartOf\":{\"@id\":\"https:\\\/\\\/diariotextual.com\\\/inicio\\\/index.php\\\/2023\\\/08\\\/23\\\/ziliotto-llamo-a-defender-los-derechos-adquiridos-y-critico-a-la-derecha-centralista-antiderechos\\\/\"},\"author\":{\"name\":\"diario5\",\"@id\":\"https:\\\/\\\/diariotextual.com\\\/inicio\\\/#\\\/schema\\\/person\\\/c7834961ad8b29b1d9cdbf4571299067\"},\"headline\":\"Ziliotto llam\u00f3 a \u201cdefender los derechos adquiridos\u201d y critic\u00f3 a la \u201cderecha centralista antiderechos\u201d\",\"datePublished\":\"2023-08-23T13:42:13+00:00\",\"dateModified\":\"2023-08-24T10:13:54+00:00\",\"mainEntityOfPage\":{\"@id\":\"https:\\\/\\\/diariotextual.com\\\/inicio\\\/index.php\\\/2023\\\/08\\\/23\\\/ziliotto-llamo-a-defender-los-derechos-adquiridos-y-critico-a-la-derecha-centralista-antiderechos\\\/\"},\"wordCount\":1579,\"publisher\":{\"@id\":\"https:\\\/\\\/diariotextual.com\\\/inicio\\\/#organization\"},\"image\":{\"@id\":\"https:\\\/\\\/diariotextual.com\\\/inicio\\\/index.php\\\/2023\\\/08\\\/23\\\/ziliotto-llamo-a-defender-los-derechos-adquiridos-y-critico-a-la-derecha-centralista-antiderechos\\\/#primaryimage\"},\"thumbnailUrl\":\"https:\\\/\\\/diariotextual.com\\\/inicio\\\/wp-content\\\/uploads\\\/2023\\\/08\\\/ziliottosergiorecibiendodiploma2023-1.jpg\",\"articleSection\":[\"A - ES NOTICIA (van abajo)\",\"A - QUE PASA (al costado)\",\"POLITICA\"],\"inLanguage\":\"es\"},{\"@type\":\"WebPage\",\"@id\":\"https:\\\/\\\/diariotextual.com\\\/inicio\\\/index.php\\\/2023\\\/08\\\/23\\\/ziliotto-llamo-a-defender-los-derechos-adquiridos-y-critico-a-la-derecha-centralista-antiderechos\\\/\",\"url\":\"https:\\\/\\\/diariotextual.com\\\/inicio\\\/index.php\\\/2023\\\/08\\\/23\\\/ziliotto-llamo-a-defender-los-derechos-adquiridos-y-critico-a-la-derecha-centralista-antiderechos\\\/\",\"name\":\"Ziliotto llam\u00f3 a \u201cdefender los derechos adquiridos\u201d y critic\u00f3 a la \u201cderecha centralista antiderechos\u201d - Diario Textual\",\"isPartOf\":{\"@id\":\"https:\\\/\\\/diariotextual.com\\\/inicio\\\/#website\"},\"primaryImageOfPage\":{\"@id\":\"https:\\\/\\\/diariotextual.com\\\/inicio\\\/index.php\\\/2023\\\/08\\\/23\\\/ziliotto-llamo-a-defender-los-derechos-adquiridos-y-critico-a-la-derecha-centralista-antiderechos\\\/#primaryimage\"},\"image\":{\"@id\":\"https:\\\/\\\/diariotextual.com\\\/inicio\\\/index.php\\\/2023\\\/08\\\/23\\\/ziliotto-llamo-a-defender-los-derechos-adquiridos-y-critico-a-la-derecha-centralista-antiderechos\\\/#primaryimage\"},\"thumbnailUrl\":\"https:\\\/\\\/diariotextual.com\\\/inicio\\\/wp-content\\\/uploads\\\/2023\\\/08\\\/ziliottosergiorecibiendodiploma2023-1.jpg\",\"datePublished\":\"2023-08-23T13:42:13+00:00\",\"dateModified\":\"2023-08-24T10:13:54+00:00\",\"breadcrumb\":{\"@id\":\"https:\\\/\\\/diariotextual.com\\\/inicio\\\/index.php\\\/2023\\\/08\\\/23\\\/ziliotto-llamo-a-defender-los-derechos-adquiridos-y-critico-a-la-derecha-centralista-antiderechos\\\/#breadcrumb\"},\"inLanguage\":\"es\",\"potentialAction\":[{\"@type\":\"ReadAction\",\"target\":[\"https:\\\/\\\/diariotextual.com\\\/inicio\\\/index.php\\\/2023\\\/08\\\/23\\\/ziliotto-llamo-a-defender-los-derechos-adquiridos-y-critico-a-la-derecha-centralista-antiderechos\\\/\"]}]},{\"@type\":\"ImageObject\",\"inLanguage\":\"es\",\"@id\":\"https:\\\/\\\/diariotextual.com\\\/inicio\\\/index.php\\\/2023\\\/08\\\/23\\\/ziliotto-llamo-a-defender-los-derechos-adquiridos-y-critico-a-la-derecha-centralista-antiderechos\\\/#primaryimage\",\"url\":\"https:\\\/\\\/diariotextual.com\\\/inicio\\\/wp-content\\\/uploads\\\/2023\\\/08\\\/ziliottosergiorecibiendodiploma2023-1.jpg\",\"contentUrl\":\"https:\\\/\\\/diariotextual.com\\\/inicio\\\/wp-content\\\/uploads\\\/2023\\\/08\\\/ziliottosergiorecibiendodiploma2023-1.jpg\",\"width\":1599,\"height\":947},{\"@type\":\"BreadcrumbList\",\"@id\":\"https:\\\/\\\/diariotextual.com\\\/inicio\\\/index.php\\\/2023\\\/08\\\/23\\\/ziliotto-llamo-a-defender-los-derechos-adquiridos-y-critico-a-la-derecha-centralista-antiderechos\\\/#breadcrumb\",\"itemListElement\":[{\"@type\":\"ListItem\",\"position\":1,\"name\":\"Portada\",\"item\":\"https:\\\/\\\/diariotextual.com\\\/inicio\\\/\"},{\"@type\":\"ListItem\",\"position\":2,\"name\":\"Ziliotto llam\u00f3 a \u201cdefender los derechos adquiridos\u201d y critic\u00f3 a la \u201cderecha centralista antiderechos\u201d\"}]},{\"@type\":\"WebSite\",\"@id\":\"https:\\\/\\\/diariotextual.com\\\/inicio\\\/#website\",\"url\":\"https:\\\/\\\/diariotextual.com\\\/inicio\\\/\",\"name\":\"Diario Textual\",\"description\":\"\",\"publisher\":{\"@id\":\"https:\\\/\\\/diariotextual.com\\\/inicio\\\/#organization\"},\"potentialAction\":[{\"@type\":\"SearchAction\",\"target\":{\"@type\":\"EntryPoint\",\"urlTemplate\":\"https:\\\/\\\/diariotextual.com\\\/inicio\\\/?s={search_term_string}\"},\"query-input\":{\"@type\":\"PropertyValueSpecification\",\"valueRequired\":true,\"valueName\":\"search_term_string\"}}],\"inLanguage\":\"es\"},{\"@type\":\"Organization\",\"@id\":\"https:\\\/\\\/diariotextual.com\\\/inicio\\\/#organization\",\"name\":\"Diario Textual\",\"url\":\"https:\\\/\\\/diariotextual.com\\\/inicio\\\/\",\"logo\":{\"@type\":\"ImageObject\",\"inLanguage\":\"es\",\"@id\":\"https:\\\/\\\/diariotextual.com\\\/inicio\\\/#\\\/schema\\\/logo\\\/image\\\/\",\"url\":\"https:\\\/\\\/diariotextual.com\\\/inicio\\\/wp-content\\\/uploads\\\/2023\\\/05\\\/logotextual1.jpg\",\"contentUrl\":\"https:\\\/\\\/diariotextual.com\\\/inicio\\\/wp-content\\\/uploads\\\/2023\\\/05\\\/logotextual1.jpg\",\"width\":516,\"height\":76,\"caption\":\"Diario Textual\"},\"image\":{\"@id\":\"https:\\\/\\\/diariotextual.com\\\/inicio\\\/#\\\/schema\\\/logo\\\/image\\\/\"},\"sameAs\":[\"https:\\\/\\\/www.facebook.com\\\/eltextual\",\"https:\\\/\\\/x.com\\\/eltextual\",\"http:\\\/\\\/www.instagram.com\\\/eltextual\"]},{\"@type\":\"Person\",\"@id\":\"https:\\\/\\\/diariotextual.com\\\/inicio\\\/#\\\/schema\\\/person\\\/c7834961ad8b29b1d9cdbf4571299067\",\"name\":\"diario5\",\"image\":{\"@type\":\"ImageObject\",\"inLanguage\":\"es\",\"@id\":\"https:\\\/\\\/secure.gravatar.com\\\/avatar\\\/948c893b847ca6df68216ead81b63f363408ec9b0f600fefc0641ce78613b111?s=96&d=mm&r=g\",\"url\":\"https:\\\/\\\/secure.gravatar.com\\\/avatar\\\/948c893b847ca6df68216ead81b63f363408ec9b0f600fefc0641ce78613b111?s=96&d=mm&r=g\",\"contentUrl\":\"https:\\\/\\\/secure.gravatar.com\\\/avatar\\\/948c893b847ca6df68216ead81b63f363408ec9b0f600fefc0641ce78613b111?s=96&d=mm&r=g\",\"caption\":\"diario5\"},\"url\":\"https:\\\/\\\/diariotextual.com\\\/inicio\\\/index.php\\\/author\\\/diario5\\\/\"}]}<\/script>\n<!-- \/ Yoast SEO plugin. -->","yoast_head_json":{"title":"Ziliotto llam\u00f3 a \u201cdefender los derechos adquiridos\u201d y critic\u00f3 a la \u201cderecha centralista antiderechos\u201d - Diario Textual","robots":{"index":"index","follow":"follow","max-snippet":"max-snippet:-1","max-image-preview":"max-image-preview:large","max-video-preview":"max-video-preview:-1"},"canonical":"https:\/\/diariotextual.com\/inicio\/index.php\/2023\/08\/23\/ziliotto-llamo-a-defender-los-derechos-adquiridos-y-critico-a-la-derecha-centralista-antiderechos\/","og_locale":"es_ES","og_type":"article","og_title":"Ziliotto llam\u00f3 a \u201cdefender los derechos adquiridos\u201d y critic\u00f3 a la \u201cderecha centralista antiderechos\u201d - Diario Textual","og_description":"El gobernador Sergio Ziliotto llam\u00f3 a los pampeanos a \u201cdefender los derechos adquiridos\u201d y sostuvo que el \u00fanico candidato que los garantiza es Sergio Massa. Critic\u00f3 a la \u201cderecha centralista&hellip;","og_url":"https:\/\/diariotextual.com\/inicio\/index.php\/2023\/08\/23\/ziliotto-llamo-a-defender-los-derechos-adquiridos-y-critico-a-la-derecha-centralista-antiderechos\/","og_site_name":"Diario Textual","article_publisher":"https:\/\/www.facebook.com\/eltextual","article_published_time":"2023-08-23T13:42:13+00:00","article_modified_time":"2023-08-24T10:13:54+00:00","og_image":[{"width":1599,"height":947,"url":"https:\/\/diariotextual.com\/inicio\/wp-content\/uploads\/2023\/08\/ziliottosergiorecibiendodiploma2023-1.jpg","type":"image\/jpeg"}],"author":"diario5","twitter_card":"summary_large_image","twitter_creator":"@eltextual","twitter_site":"@eltextual","twitter_misc":{"Escrito por":"diario5","Tiempo de lectura":"7 minutos"},"schema":{"@context":"https:\/\/schema.org","@graph":[{"@type":"Article","@id":"https:\/\/diariotextual.com\/inicio\/index.php\/2023\/08\/23\/ziliotto-llamo-a-defender-los-derechos-adquiridos-y-critico-a-la-derecha-centralista-antiderechos\/#article","isPartOf":{"@id":"https:\/\/diariotextual.com\/inicio\/index.php\/2023\/08\/23\/ziliotto-llamo-a-defender-los-derechos-adquiridos-y-critico-a-la-derecha-centralista-antiderechos\/"},"author":{"name":"diario5","@id":"https:\/\/diariotextual.com\/inicio\/#\/schema\/person\/c7834961ad8b29b1d9cdbf4571299067"},"headline":"Ziliotto llam\u00f3 a \u201cdefender los derechos adquiridos\u201d y critic\u00f3 a la \u201cderecha centralista antiderechos\u201d","datePublished":"2023-08-23T13:42:13+00:00","dateModified":"2023-08-24T10:13:54+00:00","mainEntityOfPage":{"@id":"https:\/\/diariotextual.com\/inicio\/index.php\/2023\/08\/23\/ziliotto-llamo-a-defender-los-derechos-adquiridos-y-critico-a-la-derecha-centralista-antiderechos\/"},"wordCount":1579,"publisher":{"@id":"https:\/\/diariotextual.com\/inicio\/#organization"},"image":{"@id":"https:\/\/diariotextual.com\/inicio\/index.php\/2023\/08\/23\/ziliotto-llamo-a-defender-los-derechos-adquiridos-y-critico-a-la-derecha-centralista-antiderechos\/#primaryimage"},"thumbnailUrl":"https:\/\/diariotextual.com\/inicio\/wp-content\/uploads\/2023\/08\/ziliottosergiorecibiendodiploma2023-1.jpg","articleSection":["A - ES NOTICIA (van abajo)","A - QUE PASA (al costado)","POLITICA"],"inLanguage":"es"},{"@type":"WebPage","@id":"https:\/\/diariotextual.com\/inicio\/index.php\/2023\/08\/23\/ziliotto-llamo-a-defender-los-derechos-adquiridos-y-critico-a-la-derecha-centralista-antiderechos\/","url":"https:\/\/diariotextual.com\/inicio\/index.php\/2023\/08\/23\/ziliotto-llamo-a-defender-los-derechos-adquiridos-y-critico-a-la-derecha-centralista-antiderechos\/","name":"Ziliotto llam\u00f3 a \u201cdefender los derechos adquiridos\u201d y critic\u00f3 a la \u201cderecha centralista antiderechos\u201d - Diario Textual","isPartOf":{"@id":"https:\/\/diariotextual.com\/inicio\/#website"},"primaryImageOfPage":{"@id":"https:\/\/diariotextual.com\/inicio\/index.php\/2023\/08\/23\/ziliotto-llamo-a-defender-los-derechos-adquiridos-y-critico-a-la-derecha-centralista-antiderechos\/#primaryimage"},"image":{"@id":"https:\/\/diariotextual.com\/inicio\/index.php\/2023\/08\/23\/ziliotto-llamo-a-defender-los-derechos-adquiridos-y-critico-a-la-derecha-centralista-antiderechos\/#primaryimage"},"thumbnailUrl":"https:\/\/diariotextual.com\/inicio\/wp-content\/uploads\/2023\/08\/ziliottosergiorecibiendodiploma2023-1.jpg","datePublished":"2023-08-23T13:42:13+00:00","dateModified":"2023-08-24T10:13:54+00:00","breadcrumb":{"@id":"https:\/\/diariotextual.com\/inicio\/index.php\/2023\/08\/23\/ziliotto-llamo-a-defender-los-derechos-adquiridos-y-critico-a-la-derecha-centralista-antiderechos\/#breadcrumb"},"inLanguage":"es","potentialAction":[{"@type":"ReadAction","target":["https:\/\/diariotextual.com\/inicio\/index.php\/2023\/08\/23\/ziliotto-llamo-a-defender-los-derechos-adquiridos-y-critico-a-la-derecha-centralista-antiderechos\/"]}]},{"@type":"ImageObject","inLanguage":"es","@id":"https:\/\/diariotextual.com\/inicio\/index.php\/2023\/08\/23\/ziliotto-llamo-a-defender-los-derechos-adquiridos-y-critico-a-la-derecha-centralista-antiderechos\/#primaryimage","url":"https:\/\/diariotextual.com\/inicio\/wp-content\/uploads\/2023\/08\/ziliottosergiorecibiendodiploma2023-1.jpg","contentUrl":"https:\/\/diariotextual.com\/inicio\/wp-content\/uploads\/2023\/08\/ziliottosergiorecibiendodiploma2023-1.jpg","width":1599,"height":947},{"@type":"BreadcrumbList","@id":"https:\/\/diariotextual.com\/inicio\/index.php\/2023\/08\/23\/ziliotto-llamo-a-defender-los-derechos-adquiridos-y-critico-a-la-derecha-centralista-antiderechos\/#breadcrumb","itemListElement":[{"@type":"ListItem","position":1,"name":"Portada","item":"https:\/\/diariotextual.com\/inicio\/"},{"@type":"ListItem","position":2,"name":"Ziliotto llam\u00f3 a \u201cdefender los derechos adquiridos\u201d y critic\u00f3 a la \u201cderecha centralista antiderechos\u201d"}]},{"@type":"WebSite","@id":"https:\/\/diariotextual.com\/inicio\/#website","url":"https:\/\/diariotextual.com\/inicio\/","name":"Diario Textual","description":"","publisher":{"@id":"https:\/\/diariotextual.com\/inicio\/#organization"},"potentialAction":[{"@type":"SearchAction","target":{"@type":"EntryPoint","urlTemplate":"https:\/\/diariotextual.com\/inicio\/?s={search_term_string}"},"query-input":{"@type":"PropertyValueSpecification","valueRequired":true,"valueName":"search_term_string"}}],"inLanguage":"es"},{"@type":"Organization","@id":"https:\/\/diariotextual.com\/inicio\/#organization","name":"Diario Textual","url":"https:\/\/diariotextual.com\/inicio\/","logo":{"@type":"ImageObject","inLanguage":"es","@id":"https:\/\/diariotextual.com\/inicio\/#\/schema\/logo\/image\/","url":"https:\/\/diariotextual.com\/inicio\/wp-content\/uploads\/2023\/05\/logotextual1.jpg","contentUrl":"https:\/\/diariotextual.com\/inicio\/wp-content\/uploads\/2023\/05\/logotextual1.jpg","width":516,"height":76,"caption":"Diario Textual"},"image":{"@id":"https:\/\/diariotextual.com\/inicio\/#\/schema\/logo\/image\/"},"sameAs":["https:\/\/www.facebook.com\/eltextual","https:\/\/x.com\/eltextual","http:\/\/www.instagram.com\/eltextual"]},{"@type":"Person","@id":"https:\/\/diariotextual.com\/inicio\/#\/schema\/person\/c7834961ad8b29b1d9cdbf4571299067","name":"diario5","image":{"@type":"ImageObject","inLanguage":"es","@id":"https:\/\/secure.gravatar.com\/avatar\/948c893b847ca6df68216ead81b63f363408ec9b0f600fefc0641ce78613b111?s=96&d=mm&r=g","url":"https:\/\/secure.gravatar.com\/avatar\/948c893b847ca6df68216ead81b63f363408ec9b0f600fefc0641ce78613b111?s=96&d=mm&r=g","contentUrl":"https:\/\/secure.gravatar.com\/avatar\/948c893b847ca6df68216ead81b63f363408ec9b0f600fefc0641ce78613b111?s=96&d=mm&r=g","caption":"diario5"},"url":"https:\/\/diariotextual.com\/inicio\/index.php\/author\/diario5\/"}]}},"_links":{"self":[{"href":"https:\/\/diariotextual.com\/inicio\/index.php\/wp-json\/wp\/v2\/posts\/234964","targetHints":{"allow":["GET"]}}],"collection":[{"href":"https:\/\/diariotextual.com\/inicio\/index.php\/wp-json\/wp\/v2\/posts"}],"about":[{"href":"https:\/\/diariotextual.com\/inicio\/index.php\/wp-json\/wp\/v2\/types\/post"}],"author":[{"embeddable":true,"href":"https:\/\/diariotextual.com\/inicio\/index.php\/wp-json\/wp\/v2\/users\/7"}],"replies":[{"embeddable":true,"href":"https:\/\/diariotextual.com\/inicio\/index.php\/wp-json\/wp\/v2\/comments?post=234964"}],"version-history":[{"count":6,"href":"https:\/\/diariotextual.com\/inicio\/index.php\/wp-json\/wp\/v2\/posts\/234964\/revisions"}],"predecessor-version":[{"id":234982,"href":"https:\/\/diariotextual.com\/inicio\/index.php\/wp-json\/wp\/v2\/posts\/234964\/revisions\/234982"}],"wp:featuredmedia":[{"embeddable":true,"href":"https:\/\/diariotextual.com\/inicio\/index.php\/wp-json\/wp\/v2\/media\/234979"}],"wp:attachment":[{"href":"https:\/\/diariotextual.com\/inicio\/index.php\/wp-json\/wp\/v2\/media?parent=234964"}],"wp:term":[{"taxonomy":"category","embeddable":true,"href":"https:\/\/diariotextual.com\/inicio\/index.php\/wp-json\/wp\/v2\/categories?post=234964"},{"taxonomy":"post_tag","embeddable":true,"href":"https:\/\/diariotextual.com\/inicio\/index.php\/wp-json\/wp\/v2\/tags?post=234964"}],"curies":[{"name":"wp","href":"https:\/\/api.w.org\/{rel}","templated":true}]}}