{"id":234973,"date":"2023-08-23T12:49:44","date_gmt":"2023-08-23T15:49:44","guid":{"rendered":"https:\/\/diariotextual.com\/inicio\/?p=234973"},"modified":"2023-08-24T10:24:22","modified_gmt":"2023-08-24T13:24:22","slug":"jefatura-de-la-policia-no-hay-amenazas-ciertas-de-saqueos-en-la-pampa","status":"publish","type":"post","link":"https:\/\/diariotextual.com\/inicio\/index.php\/2023\/08\/23\/jefatura-de-la-policia-no-hay-amenazas-ciertas-de-saqueos-en-la-pampa\/","title":{"rendered":"Jefatura de la Polic\u00eda: \u201cNo hay amenazas ciertas de saqueos en La Pampa\u201d"},"content":{"rendered":"\n<p>La <strong>Polic\u00eda pampeana<\/strong> reforz\u00f3<strong> la prevenci\u00f3n <\/strong>y r<strong>ecorridas por supermercados de Santa Rosa y General Pico<\/strong>, pero -sostienen fuentes oficiales consultadas por <strong>Diario Textual<\/strong>&#8211; <strong>\u201cno hay amenazas ciertas de saqueos\u201d <\/strong>en La Pampa.<\/p>\n\n\n\n<p>Hasta el momento, solo se hizo <strong><a href=\"https:\/\/diariotextual.com\/inicio\/index.php\/2023\/08\/22\/si-pinta-saqueo-me-avisan-el-mensaje-de-la-joven-denunciada-por-apologia-del-delito\/\" target=\"_blank\" rel=\"noreferrer noopener\">una causa penal a una mujer por incitar a saquear supermercados<\/a><\/strong> en Santa Rosa.<\/p>\n\n\n\n<p>Los uniformados \u201creforzaron\u201d la prevenci\u00f3n y la presencia en locales de grandes superficies, dijeron desde la Jefatura de la Polic\u00eda ante una consulta de Diario Textual.<\/p>\n\n\n\n<p>\u201cNo hay amenazas ciertas, pero se est\u00e1n monitoreando las redes (sociales) y reforzando las recorridas\u201d, contaron.<\/p>\n\n\n\n<p>Adem\u00e1s, se reunieron con dirigentes de c\u00e1maras de comercio y representantes de grandes supermercados  para tratar de llevar tranquilidad.<\/p>\n\n\n\n<p>En tanto, el gobernador<strong> Sergio Ziliotto<\/strong> consider\u00f3 que los saqueos registrados en las \u00faltimas horas \u201cno son espont\u00e1neos\u201d y asegur\u00f3 que en la provincia est\u00e1n \u201cmuy tranquilos\u201d porque est\u00e1 actuando la Justicia.<\/p>\n\n\n\n<p><strong>&#8211; \u00bfEst\u00e1 viendo con preocupaci\u00f3n lo que est\u00e1 ocurriendo en el conurbano, en Neuqu\u00e9n, en C\u00f3rdoba? -le consult\u00f3 la prensa.<\/strong><\/p>\n\n\n\n<p>-Cuando vos ves m\u00e1s movimiento en las redes sociales que en la calle, realmente da lo que pensar. Y m\u00e1s cuando se analiza, algunos que han analizado y que permanentemente est\u00e1n en el tema, la mayor\u00eda de los videos son viejos. Creo que, como siempre, siempre hay desestabilizadores, pero tambi\u00e9n hay personas en la Rep\u00fablica Argentina, no es nuevo, que a partir del robo aislado, de la delincuencia, tratan de generar caos. Creo que no es una cuesti\u00f3n espont\u00e1nea. No lo voy a repetir. Hay m\u00e1s actividad en las redes que en la calle.<\/p>\n\n\n\n<figure class=\"wp-block-embed is-type-wp-embed is-provider-diario-textual wp-block-embed-diario-textual\"><div class=\"wp-block-embed__wrapper\">\n<blockquote class=\"wp-embedded-content\" data-secret=\"W7MqO7prFO\"><a href=\"https:\/\/diariotextual.com\/inicio\/index.php\/2023\/08\/23\/mayoral-no-son-saqueos-son-robos-organizados-que-buscan-desestabilizar\/\">Mayoral: \u201cNo hay saqueos, son robos organizados que buscan desestabilizar\u201d<\/a><\/blockquote><iframe class=\"wp-embedded-content\" sandbox=\"allow-scripts\" security=\"restricted\" style=\"position: absolute; clip: rect(1px, 1px, 1px, 1px);\" title=\"\u00abMayoral: \u201cNo hay saqueos, son robos organizados que buscan desestabilizar\u201d\u00bb \u2014 Diario Textual\" src=\"https:\/\/diariotextual.com\/inicio\/index.php\/2023\/08\/23\/mayoral-no-son-saqueos-son-robos-organizados-que-buscan-desestabilizar\/embed\/#?secret=qqqDtF1z9c#?secret=W7MqO7prFO\" data-secret=\"W7MqO7prFO\" width=\"600\" height=\"338\" frameborder=\"0\" marginwidth=\"0\" marginheight=\"0\" scrolling=\"no\"><\/iframe>\n<\/div><\/figure>\n","protected":false},"excerpt":{"rendered":"<p>La Polic\u00eda pampeana reforz\u00f3 la prevenci\u00f3n y recorridas por supermercados de Santa Rosa y General Pico, pero -sostienen fuentes oficiales consultadas por Diario Textual&#8211; \u201cno hay amenazas ciertas de saqueos\u201d&hellip;<\/p>\n","protected":false},"author":3,"featured_media":109611,"comment_status":"closed","ping_status":"open","sticky":false,"template":"","format":"standard","meta":{"_acf_changed":false,"footnotes":""},"categories":[11,8],"tags":[],"class_list":["post-234973","post","type-post","status-publish","format-standard","has-post-thumbnail","hentry","category-que-pasa","category-politica"],"acf":[],"yoast_head":"<!-- This site is optimized with the Yoast SEO plugin v27.5 - https:\/\/yoast.com\/product\/yoast-seo-wordpress\/ -->\n<title>Jefatura de la Polic\u00eda: \u201cNo hay amenazas ciertas de saqueos en La Pampa\u201d - Diario Textual<\/title>\n<meta name=\"robots\" content=\"index, follow, max-snippet:-1, max-image-preview:large, max-video-preview:-1\" \/>\n<link rel=\"canonical\" href=\"https:\/\/diariotextual.com\/inicio\/index.php\/2023\/08\/23\/jefatura-de-la-policia-no-hay-amenazas-ciertas-de-saqueos-en-la-pampa\/\" \/>\n<meta property=\"og:locale\" content=\"es_ES\" \/>\n<meta property=\"og:type\" content=\"article\" \/>\n<meta property=\"og:title\" content=\"Jefatura de la Polic\u00eda: \u201cNo hay amenazas ciertas de saqueos en La Pampa\u201d - Diario Textual\" \/>\n<meta property=\"og:description\" content=\"La Polic\u00eda pampeana reforz\u00f3 la prevenci\u00f3n y recorridas por supermercados de Santa Rosa y General Pico, pero -sostienen fuentes oficiales consultadas por Diario Textual&#8211; \u201cno hay amenazas ciertas de saqueos\u201d&hellip;\" \/>\n<meta property=\"og:url\" content=\"https:\/\/diariotextual.com\/inicio\/index.php\/2023\/08\/23\/jefatura-de-la-policia-no-hay-amenazas-ciertas-de-saqueos-en-la-pampa\/\" \/>\n<meta property=\"og:site_name\" content=\"Diario Textual\" \/>\n<meta property=\"article:publisher\" content=\"https:\/\/www.facebook.com\/eltextual\" \/>\n<meta property=\"article:published_time\" content=\"2023-08-23T15:49:44+00:00\" \/>\n<meta property=\"article:modified_time\" content=\"2023-08-24T13:24:22+00:00\" \/>\n<meta property=\"og:image\" content=\"https:\/\/diariotextual.com\/inicio\/wp-content\/uploads\/2020\/09\/policia00088.jpg\" \/>\n\t<meta property=\"og:image:width\" content=\"923\" \/>\n\t<meta property=\"og:image:height\" content=\"586\" \/>\n\t<meta property=\"og:image:type\" content=\"image\/jpeg\" \/>\n<meta name=\"author\" content=\"Diario1 Diario1\" \/>\n<meta name=\"twitter:card\" content=\"summary_large_image\" \/>\n<meta name=\"twitter:creator\" content=\"@eltextual\" \/>\n<meta name=\"twitter:site\" content=\"@eltextual\" \/>\n<meta name=\"twitter:label1\" content=\"Escrito por\" \/>\n\t<meta name=\"twitter:data1\" content=\"Diario1 Diario1\" \/>\n\t<meta name=\"twitter:label2\" content=\"Tiempo de lectura\" \/>\n\t<meta name=\"twitter:data2\" content=\"2 minutos\" \/>\n<script type=\"application\/ld+json\" class=\"yoast-schema-graph\">{\"@context\":\"https:\\\/\\\/schema.org\",\"@graph\":[{\"@type\":\"Article\",\"@id\":\"https:\\\/\\\/diariotextual.com\\\/inicio\\\/index.php\\\/2023\\\/08\\\/23\\\/jefatura-de-la-policia-no-hay-amenazas-ciertas-de-saqueos-en-la-pampa\\\/#article\",\"isPartOf\":{\"@id\":\"https:\\\/\\\/diariotextual.com\\\/inicio\\\/index.php\\\/2023\\\/08\\\/23\\\/jefatura-de-la-policia-no-hay-amenazas-ciertas-de-saqueos-en-la-pampa\\\/\"},\"author\":{\"name\":\"Diario1 Diario1\",\"@id\":\"https:\\\/\\\/diariotextual.com\\\/inicio\\\/#\\\/schema\\\/person\\\/418fc4093c33e86ed41562db3508f958\"},\"headline\":\"Jefatura de la Polic\u00eda: \u201cNo hay amenazas ciertas de saqueos en La Pampa\u201d\",\"datePublished\":\"2023-08-23T15:49:44+00:00\",\"dateModified\":\"2023-08-24T13:24:22+00:00\",\"mainEntityOfPage\":{\"@id\":\"https:\\\/\\\/diariotextual.com\\\/inicio\\\/index.php\\\/2023\\\/08\\\/23\\\/jefatura-de-la-policia-no-hay-amenazas-ciertas-de-saqueos-en-la-pampa\\\/\"},\"wordCount\":302,\"publisher\":{\"@id\":\"https:\\\/\\\/diariotextual.com\\\/inicio\\\/#organization\"},\"image\":{\"@id\":\"https:\\\/\\\/diariotextual.com\\\/inicio\\\/index.php\\\/2023\\\/08\\\/23\\\/jefatura-de-la-policia-no-hay-amenazas-ciertas-de-saqueos-en-la-pampa\\\/#primaryimage\"},\"thumbnailUrl\":\"https:\\\/\\\/diariotextual.com\\\/inicio\\\/wp-content\\\/uploads\\\/2020\\\/09\\\/policia00088.jpg\",\"articleSection\":[\"A - QUE PASA (al costado)\",\"POLITICA\"],\"inLanguage\":\"es\"},{\"@type\":\"WebPage\",\"@id\":\"https:\\\/\\\/diariotextual.com\\\/inicio\\\/index.php\\\/2023\\\/08\\\/23\\\/jefatura-de-la-policia-no-hay-amenazas-ciertas-de-saqueos-en-la-pampa\\\/\",\"url\":\"https:\\\/\\\/diariotextual.com\\\/inicio\\\/index.php\\\/2023\\\/08\\\/23\\\/jefatura-de-la-policia-no-hay-amenazas-ciertas-de-saqueos-en-la-pampa\\\/\",\"name\":\"Jefatura de la Polic\u00eda: \u201cNo hay amenazas ciertas de saqueos en La Pampa\u201d - Diario Textual\",\"isPartOf\":{\"@id\":\"https:\\\/\\\/diariotextual.com\\\/inicio\\\/#website\"},\"primaryImageOfPage\":{\"@id\":\"https:\\\/\\\/diariotextual.com\\\/inicio\\\/index.php\\\/2023\\\/08\\\/23\\\/jefatura-de-la-policia-no-hay-amenazas-ciertas-de-saqueos-en-la-pampa\\\/#primaryimage\"},\"image\":{\"@id\":\"https:\\\/\\\/diariotextual.com\\\/inicio\\\/index.php\\\/2023\\\/08\\\/23\\\/jefatura-de-la-policia-no-hay-amenazas-ciertas-de-saqueos-en-la-pampa\\\/#primaryimage\"},\"thumbnailUrl\":\"https:\\\/\\\/diariotextual.com\\\/inicio\\\/wp-content\\\/uploads\\\/2020\\\/09\\\/policia00088.jpg\",\"datePublished\":\"2023-08-23T15:49:44+00:00\",\"dateModified\":\"2023-08-24T13:24:22+00:00\",\"breadcrumb\":{\"@id\":\"https:\\\/\\\/diariotextual.com\\\/inicio\\\/index.php\\\/2023\\\/08\\\/23\\\/jefatura-de-la-policia-no-hay-amenazas-ciertas-de-saqueos-en-la-pampa\\\/#breadcrumb\"},\"inLanguage\":\"es\",\"potentialAction\":[{\"@type\":\"ReadAction\",\"target\":[\"https:\\\/\\\/diariotextual.com\\\/inicio\\\/index.php\\\/2023\\\/08\\\/23\\\/jefatura-de-la-policia-no-hay-amenazas-ciertas-de-saqueos-en-la-pampa\\\/\"]}]},{\"@type\":\"ImageObject\",\"inLanguage\":\"es\",\"@id\":\"https:\\\/\\\/diariotextual.com\\\/inicio\\\/index.php\\\/2023\\\/08\\\/23\\\/jefatura-de-la-policia-no-hay-amenazas-ciertas-de-saqueos-en-la-pampa\\\/#primaryimage\",\"url\":\"https:\\\/\\\/diariotextual.com\\\/inicio\\\/wp-content\\\/uploads\\\/2020\\\/09\\\/policia00088.jpg\",\"contentUrl\":\"https:\\\/\\\/diariotextual.com\\\/inicio\\\/wp-content\\\/uploads\\\/2020\\\/09\\\/policia00088.jpg\",\"width\":923,\"height\":586},{\"@type\":\"BreadcrumbList\",\"@id\":\"https:\\\/\\\/diariotextual.com\\\/inicio\\\/index.php\\\/2023\\\/08\\\/23\\\/jefatura-de-la-policia-no-hay-amenazas-ciertas-de-saqueos-en-la-pampa\\\/#breadcrumb\",\"itemListElement\":[{\"@type\":\"ListItem\",\"position\":1,\"name\":\"Portada\",\"item\":\"https:\\\/\\\/diariotextual.com\\\/inicio\\\/\"},{\"@type\":\"ListItem\",\"position\":2,\"name\":\"Jefatura de la Polic\u00eda: \u201cNo hay amenazas ciertas de saqueos en La Pampa\u201d\"}]},{\"@type\":\"WebSite\",\"@id\":\"https:\\\/\\\/diariotextual.com\\\/inicio\\\/#website\",\"url\":\"https:\\\/\\\/diariotextual.com\\\/inicio\\\/\",\"name\":\"Diario Textual\",\"description\":\"\",\"publisher\":{\"@id\":\"https:\\\/\\\/diariotextual.com\\\/inicio\\\/#organization\"},\"potentialAction\":[{\"@type\":\"SearchAction\",\"target\":{\"@type\":\"EntryPoint\",\"urlTemplate\":\"https:\\\/\\\/diariotextual.com\\\/inicio\\\/?s={search_term_string}\"},\"query-input\":{\"@type\":\"PropertyValueSpecification\",\"valueRequired\":true,\"valueName\":\"search_term_string\"}}],\"inLanguage\":\"es\"},{\"@type\":\"Organization\",\"@id\":\"https:\\\/\\\/diariotextual.com\\\/inicio\\\/#organization\",\"name\":\"Diario Textual\",\"url\":\"https:\\\/\\\/diariotextual.com\\\/inicio\\\/\",\"logo\":{\"@type\":\"ImageObject\",\"inLanguage\":\"es\",\"@id\":\"https:\\\/\\\/diariotextual.com\\\/inicio\\\/#\\\/schema\\\/logo\\\/image\\\/\",\"url\":\"https:\\\/\\\/diariotextual.com\\\/inicio\\\/wp-content\\\/uploads\\\/2023\\\/05\\\/logotextual1.jpg\",\"contentUrl\":\"https:\\\/\\\/diariotextual.com\\\/inicio\\\/wp-content\\\/uploads\\\/2023\\\/05\\\/logotextual1.jpg\",\"width\":516,\"height\":76,\"caption\":\"Diario Textual\"},\"image\":{\"@id\":\"https:\\\/\\\/diariotextual.com\\\/inicio\\\/#\\\/schema\\\/logo\\\/image\\\/\"},\"sameAs\":[\"https:\\\/\\\/www.facebook.com\\\/eltextual\",\"https:\\\/\\\/x.com\\\/eltextual\",\"http:\\\/\\\/www.instagram.com\\\/eltextual\"]},{\"@type\":\"Person\",\"@id\":\"https:\\\/\\\/diariotextual.com\\\/inicio\\\/#\\\/schema\\\/person\\\/418fc4093c33e86ed41562db3508f958\",\"name\":\"Diario1 Diario1\",\"image\":{\"@type\":\"ImageObject\",\"inLanguage\":\"es\",\"@id\":\"https:\\\/\\\/secure.gravatar.com\\\/avatar\\\/9167d280179c85bc18be67aa7eda765854300033af4896dd779b608640f2ef7a?s=96&d=mm&r=g\",\"url\":\"https:\\\/\\\/secure.gravatar.com\\\/avatar\\\/9167d280179c85bc18be67aa7eda765854300033af4896dd779b608640f2ef7a?s=96&d=mm&r=g\",\"contentUrl\":\"https:\\\/\\\/secure.gravatar.com\\\/avatar\\\/9167d280179c85bc18be67aa7eda765854300033af4896dd779b608640f2ef7a?s=96&d=mm&r=g\",\"caption\":\"Diario1 Diario1\"},\"url\":\"https:\\\/\\\/diariotextual.com\\\/inicio\\\/index.php\\\/author\\\/diario1\\\/\"}]}<\/script>\n<!-- \/ Yoast SEO plugin. -->","yoast_head_json":{"title":"Jefatura de la Polic\u00eda: \u201cNo hay amenazas ciertas de saqueos en La Pampa\u201d - Diario Textual","robots":{"index":"index","follow":"follow","max-snippet":"max-snippet:-1","max-image-preview":"max-image-preview:large","max-video-preview":"max-video-preview:-1"},"canonical":"https:\/\/diariotextual.com\/inicio\/index.php\/2023\/08\/23\/jefatura-de-la-policia-no-hay-amenazas-ciertas-de-saqueos-en-la-pampa\/","og_locale":"es_ES","og_type":"article","og_title":"Jefatura de la Polic\u00eda: \u201cNo hay amenazas ciertas de saqueos en La Pampa\u201d - Diario Textual","og_description":"La Polic\u00eda pampeana reforz\u00f3 la prevenci\u00f3n y recorridas por supermercados de Santa Rosa y General Pico, pero -sostienen fuentes oficiales consultadas por Diario Textual&#8211; \u201cno hay amenazas ciertas de saqueos\u201d&hellip;","og_url":"https:\/\/diariotextual.com\/inicio\/index.php\/2023\/08\/23\/jefatura-de-la-policia-no-hay-amenazas-ciertas-de-saqueos-en-la-pampa\/","og_site_name":"Diario Textual","article_publisher":"https:\/\/www.facebook.com\/eltextual","article_published_time":"2023-08-23T15:49:44+00:00","article_modified_time":"2023-08-24T13:24:22+00:00","og_image":[{"width":923,"height":586,"url":"https:\/\/diariotextual.com\/inicio\/wp-content\/uploads\/2020\/09\/policia00088.jpg","type":"image\/jpeg"}],"author":"Diario1 Diario1","twitter_card":"summary_large_image","twitter_creator":"@eltextual","twitter_site":"@eltextual","twitter_misc":{"Escrito por":"Diario1 Diario1","Tiempo de lectura":"2 minutos"},"schema":{"@context":"https:\/\/schema.org","@graph":[{"@type":"Article","@id":"https:\/\/diariotextual.com\/inicio\/index.php\/2023\/08\/23\/jefatura-de-la-policia-no-hay-amenazas-ciertas-de-saqueos-en-la-pampa\/#article","isPartOf":{"@id":"https:\/\/diariotextual.com\/inicio\/index.php\/2023\/08\/23\/jefatura-de-la-policia-no-hay-amenazas-ciertas-de-saqueos-en-la-pampa\/"},"author":{"name":"Diario1 Diario1","@id":"https:\/\/diariotextual.com\/inicio\/#\/schema\/person\/418fc4093c33e86ed41562db3508f958"},"headline":"Jefatura de la Polic\u00eda: \u201cNo hay amenazas ciertas de saqueos en La Pampa\u201d","datePublished":"2023-08-23T15:49:44+00:00","dateModified":"2023-08-24T13:24:22+00:00","mainEntityOfPage":{"@id":"https:\/\/diariotextual.com\/inicio\/index.php\/2023\/08\/23\/jefatura-de-la-policia-no-hay-amenazas-ciertas-de-saqueos-en-la-pampa\/"},"wordCount":302,"publisher":{"@id":"https:\/\/diariotextual.com\/inicio\/#organization"},"image":{"@id":"https:\/\/diariotextual.com\/inicio\/index.php\/2023\/08\/23\/jefatura-de-la-policia-no-hay-amenazas-ciertas-de-saqueos-en-la-pampa\/#primaryimage"},"thumbnailUrl":"https:\/\/diariotextual.com\/inicio\/wp-content\/uploads\/2020\/09\/policia00088.jpg","articleSection":["A - QUE PASA (al costado)","POLITICA"],"inLanguage":"es"},{"@type":"WebPage","@id":"https:\/\/diariotextual.com\/inicio\/index.php\/2023\/08\/23\/jefatura-de-la-policia-no-hay-amenazas-ciertas-de-saqueos-en-la-pampa\/","url":"https:\/\/diariotextual.com\/inicio\/index.php\/2023\/08\/23\/jefatura-de-la-policia-no-hay-amenazas-ciertas-de-saqueos-en-la-pampa\/","name":"Jefatura de la Polic\u00eda: \u201cNo hay amenazas ciertas de saqueos en La Pampa\u201d - Diario Textual","isPartOf":{"@id":"https:\/\/diariotextual.com\/inicio\/#website"},"primaryImageOfPage":{"@id":"https:\/\/diariotextual.com\/inicio\/index.php\/2023\/08\/23\/jefatura-de-la-policia-no-hay-amenazas-ciertas-de-saqueos-en-la-pampa\/#primaryimage"},"image":{"@id":"https:\/\/diariotextual.com\/inicio\/index.php\/2023\/08\/23\/jefatura-de-la-policia-no-hay-amenazas-ciertas-de-saqueos-en-la-pampa\/#primaryimage"},"thumbnailUrl":"https:\/\/diariotextual.com\/inicio\/wp-content\/uploads\/2020\/09\/policia00088.jpg","datePublished":"2023-08-23T15:49:44+00:00","dateModified":"2023-08-24T13:24:22+00:00","breadcrumb":{"@id":"https:\/\/diariotextual.com\/inicio\/index.php\/2023\/08\/23\/jefatura-de-la-policia-no-hay-amenazas-ciertas-de-saqueos-en-la-pampa\/#breadcrumb"},"inLanguage":"es","potentialAction":[{"@type":"ReadAction","target":["https:\/\/diariotextual.com\/inicio\/index.php\/2023\/08\/23\/jefatura-de-la-policia-no-hay-amenazas-ciertas-de-saqueos-en-la-pampa\/"]}]},{"@type":"ImageObject","inLanguage":"es","@id":"https:\/\/diariotextual.com\/inicio\/index.php\/2023\/08\/23\/jefatura-de-la-policia-no-hay-amenazas-ciertas-de-saqueos-en-la-pampa\/#primaryimage","url":"https:\/\/diariotextual.com\/inicio\/wp-content\/uploads\/2020\/09\/policia00088.jpg","contentUrl":"https:\/\/diariotextual.com\/inicio\/wp-content\/uploads\/2020\/09\/policia00088.jpg","width":923,"height":586},{"@type":"BreadcrumbList","@id":"https:\/\/diariotextual.com\/inicio\/index.php\/2023\/08\/23\/jefatura-de-la-policia-no-hay-amenazas-ciertas-de-saqueos-en-la-pampa\/#breadcrumb","itemListElement":[{"@type":"ListItem","position":1,"name":"Portada","item":"https:\/\/diariotextual.com\/inicio\/"},{"@type":"ListItem","position":2,"name":"Jefatura de la Polic\u00eda: \u201cNo hay amenazas ciertas de saqueos en La Pampa\u201d"}]},{"@type":"WebSite","@id":"https:\/\/diariotextual.com\/inicio\/#website","url":"https:\/\/diariotextual.com\/inicio\/","name":"Diario Textual","description":"","publisher":{"@id":"https:\/\/diariotextual.com\/inicio\/#organization"},"potentialAction":[{"@type":"SearchAction","target":{"@type":"EntryPoint","urlTemplate":"https:\/\/diariotextual.com\/inicio\/?s={search_term_string}"},"query-input":{"@type":"PropertyValueSpecification","valueRequired":true,"valueName":"search_term_string"}}],"inLanguage":"es"},{"@type":"Organization","@id":"https:\/\/diariotextual.com\/inicio\/#organization","name":"Diario Textual","url":"https:\/\/diariotextual.com\/inicio\/","logo":{"@type":"ImageObject","inLanguage":"es","@id":"https:\/\/diariotextual.com\/inicio\/#\/schema\/logo\/image\/","url":"https:\/\/diariotextual.com\/inicio\/wp-content\/uploads\/2023\/05\/logotextual1.jpg","contentUrl":"https:\/\/diariotextual.com\/inicio\/wp-content\/uploads\/2023\/05\/logotextual1.jpg","width":516,"height":76,"caption":"Diario Textual"},"image":{"@id":"https:\/\/diariotextual.com\/inicio\/#\/schema\/logo\/image\/"},"sameAs":["https:\/\/www.facebook.com\/eltextual","https:\/\/x.com\/eltextual","http:\/\/www.instagram.com\/eltextual"]},{"@type":"Person","@id":"https:\/\/diariotextual.com\/inicio\/#\/schema\/person\/418fc4093c33e86ed41562db3508f958","name":"Diario1 Diario1","image":{"@type":"ImageObject","inLanguage":"es","@id":"https:\/\/secure.gravatar.com\/avatar\/9167d280179c85bc18be67aa7eda765854300033af4896dd779b608640f2ef7a?s=96&d=mm&r=g","url":"https:\/\/secure.gravatar.com\/avatar\/9167d280179c85bc18be67aa7eda765854300033af4896dd779b608640f2ef7a?s=96&d=mm&r=g","contentUrl":"https:\/\/secure.gravatar.com\/avatar\/9167d280179c85bc18be67aa7eda765854300033af4896dd779b608640f2ef7a?s=96&d=mm&r=g","caption":"Diario1 Diario1"},"url":"https:\/\/diariotextual.com\/inicio\/index.php\/author\/diario1\/"}]}},"_links":{"self":[{"href":"https:\/\/diariotextual.com\/inicio\/index.php\/wp-json\/wp\/v2\/posts\/234973","targetHints":{"allow":["GET"]}}],"collection":[{"href":"https:\/\/diariotextual.com\/inicio\/index.php\/wp-json\/wp\/v2\/posts"}],"about":[{"href":"https:\/\/diariotextual.com\/inicio\/index.php\/wp-json\/wp\/v2\/types\/post"}],"author":[{"embeddable":true,"href":"https:\/\/diariotextual.com\/inicio\/index.php\/wp-json\/wp\/v2\/users\/3"}],"replies":[{"embeddable":true,"href":"https:\/\/diariotextual.com\/inicio\/index.php\/wp-json\/wp\/v2\/comments?post=234973"}],"version-history":[{"count":3,"href":"https:\/\/diariotextual.com\/inicio\/index.php\/wp-json\/wp\/v2\/posts\/234973\/revisions"}],"predecessor-version":[{"id":234983,"href":"https:\/\/diariotextual.com\/inicio\/index.php\/wp-json\/wp\/v2\/posts\/234973\/revisions\/234983"}],"wp:featuredmedia":[{"embeddable":true,"href":"https:\/\/diariotextual.com\/inicio\/index.php\/wp-json\/wp\/v2\/media\/109611"}],"wp:attachment":[{"href":"https:\/\/diariotextual.com\/inicio\/index.php\/wp-json\/wp\/v2\/media?parent=234973"}],"wp:term":[{"taxonomy":"category","embeddable":true,"href":"https:\/\/diariotextual.com\/inicio\/index.php\/wp-json\/wp\/v2\/categories?post=234973"},{"taxonomy":"post_tag","embeddable":true,"href":"https:\/\/diariotextual.com\/inicio\/index.php\/wp-json\/wp\/v2\/tags?post=234973"}],"curies":[{"name":"wp","href":"https:\/\/api.w.org\/{rel}","templated":true}]}}