{"id":235150,"date":"2023-08-24T17:36:32","date_gmt":"2023-08-24T20:36:32","guid":{"rendered":"https:\/\/diariotextual.com\/inicio\/?p=235150"},"modified":"2023-08-25T10:30:46","modified_gmt":"2023-08-25T13:30:46","slug":"crean-area-para-combatir-el-ciberdelito-en-la-pampa","status":"publish","type":"post","link":"https:\/\/diariotextual.com\/inicio\/index.php\/2023\/08\/24\/crean-area-para-combatir-el-ciberdelito-en-la-pampa\/","title":{"rendered":"Crean \u00e1rea para combatir el ciberdelito en La Pampa"},"content":{"rendered":"\n<p>El gobernador <strong>Sergio Ziliotto<\/strong> anunci\u00f3 este jueves  la creaci\u00f3n de un \u00e1rea dentro del Estado provincial que se dedicar\u00e1 a combatir el <strong>ciberdelito<\/strong>. <\/p>\n\n\n\n<p>El anuncio lo hizo durante la <strong><a href=\"https:\/\/diariotextual.com\/inicio\/index.php\/2023\/08\/24\/ziliotto-encabeza-acto-de-entrega-de-37-moviles-policiales\/\" target=\"_blank\" rel=\"noreferrer noopener\">entrega de 37 m\u00f3viles policiales<\/a><\/strong> para distintas comisar\u00edas y \u00e1reas de la fuerza de seguridad.<\/p>\n\n\n\n<p><strong>\u201cEl pr\u00f3ximo mes estar\u00e1 funcionando en La Pampa un nuevo \u00e1rea dedicada exclusivamente y con el equipamiento tecnol\u00f3gico necesario para luchar contra el ciberdelito, contra las estafas telef\u00f3nicas, los secuestros virtuales, porque la delincuencia tiene nuevos m\u00e9todos para complicarle la vida al que trabaja\u201d<\/strong>, explic\u00f3.<\/p>\n\n\n\n<p>\u201cVamos a seguir incorporando infraestructura, equipamiento, recursos humanos\u201d, dijo, y record\u00f3 que hace poco tiempo el Gobierno provincial licit\u00f3 la compra de 130 c\u00e1maras de seguridad para usar la tecnolog\u00eda al servicio de la seguridad ciudadana y para poner en igualdad de condiciones al personal policial ante el  avance del ciberdelito.<\/p>\n\n\n\n<p>\u201cEsta nueva entrega de patrulleros, que van a estar diseminados en toda la geograf\u00eda de la provincia de La Pampa, se complementa con una mirada de desarrollo arm\u00f3nico, de igualdad de oportunidades en la provincia. Es lo que hemos hecho y lo que vamos a hacer, pero todo depende de nosotros, seamos consecuentes con nuestra historia, seamos responsables de elegir el mejor futuro para nosotros, para nuestra familia&nbsp;y para la pr\u00f3ximas generaciones, defendamos lo conseguido y el futuro de la provincia de La Pampa\u201d, cerr\u00f3.<\/p>\n","protected":false},"excerpt":{"rendered":"<p>El gobernador Sergio Ziliotto anunci\u00f3 este jueves la creaci\u00f3n de un \u00e1rea dentro del Estado provincial que se dedicar\u00e1 a combatir el ciberdelito. El anuncio lo hizo durante la entrega&hellip;<\/p>\n","protected":false},"author":7,"featured_media":235145,"comment_status":"closed","ping_status":"open","sticky":false,"template":"","format":"standard","meta":{"_acf_changed":false,"footnotes":""},"categories":[1,11,8],"tags":[],"class_list":["post-235150","post","type-post","status-publish","format-standard","has-post-thumbnail","hentry","category-es-noticia","category-que-pasa","category-politica"],"acf":[],"yoast_head":"<!-- This site is optimized with the Yoast SEO plugin v27.5 - https:\/\/yoast.com\/product\/yoast-seo-wordpress\/ -->\n<title>Crean \u00e1rea para combatir el ciberdelito en La Pampa - Diario Textual<\/title>\n<meta name=\"robots\" content=\"index, follow, max-snippet:-1, max-image-preview:large, max-video-preview:-1\" \/>\n<link rel=\"canonical\" href=\"https:\/\/diariotextual.com\/inicio\/index.php\/2023\/08\/24\/crean-area-para-combatir-el-ciberdelito-en-la-pampa\/\" \/>\n<meta property=\"og:locale\" content=\"es_ES\" \/>\n<meta property=\"og:type\" content=\"article\" \/>\n<meta property=\"og:title\" content=\"Crean \u00e1rea para combatir el ciberdelito en La Pampa - Diario Textual\" \/>\n<meta property=\"og:description\" content=\"El gobernador Sergio Ziliotto anunci\u00f3 este jueves la creaci\u00f3n de un \u00e1rea dentro del Estado provincial que se dedicar\u00e1 a combatir el ciberdelito. El anuncio lo hizo durante la entrega&hellip;\" \/>\n<meta property=\"og:url\" content=\"https:\/\/diariotextual.com\/inicio\/index.php\/2023\/08\/24\/crean-area-para-combatir-el-ciberdelito-en-la-pampa\/\" \/>\n<meta property=\"og:site_name\" content=\"Diario Textual\" \/>\n<meta property=\"article:publisher\" content=\"https:\/\/www.facebook.com\/eltextual\" \/>\n<meta property=\"article:published_time\" content=\"2023-08-24T20:36:32+00:00\" \/>\n<meta property=\"article:modified_time\" content=\"2023-08-25T13:30:46+00:00\" \/>\n<meta property=\"og:image\" content=\"https:\/\/diariotextual.com\/inicio\/wp-content\/uploads\/2023\/08\/ziliottoentregapatrulleros-scaled.jpg\" \/>\n\t<meta property=\"og:image:width\" content=\"2560\" \/>\n\t<meta property=\"og:image:height\" content=\"1706\" \/>\n\t<meta property=\"og:image:type\" content=\"image\/jpeg\" \/>\n<meta name=\"author\" content=\"diario5\" \/>\n<meta name=\"twitter:card\" content=\"summary_large_image\" \/>\n<meta name=\"twitter:creator\" content=\"@eltextual\" \/>\n<meta name=\"twitter:site\" content=\"@eltextual\" \/>\n<meta name=\"twitter:label1\" content=\"Escrito por\" \/>\n\t<meta name=\"twitter:data1\" content=\"diario5\" \/>\n\t<meta name=\"twitter:label2\" content=\"Tiempo de lectura\" \/>\n\t<meta name=\"twitter:data2\" content=\"2 minutos\" \/>\n<script type=\"application\/ld+json\" class=\"yoast-schema-graph\">{\"@context\":\"https:\\\/\\\/schema.org\",\"@graph\":[{\"@type\":\"Article\",\"@id\":\"https:\\\/\\\/diariotextual.com\\\/inicio\\\/index.php\\\/2023\\\/08\\\/24\\\/crean-area-para-combatir-el-ciberdelito-en-la-pampa\\\/#article\",\"isPartOf\":{\"@id\":\"https:\\\/\\\/diariotextual.com\\\/inicio\\\/index.php\\\/2023\\\/08\\\/24\\\/crean-area-para-combatir-el-ciberdelito-en-la-pampa\\\/\"},\"author\":{\"name\":\"diario5\",\"@id\":\"https:\\\/\\\/diariotextual.com\\\/inicio\\\/#\\\/schema\\\/person\\\/c7834961ad8b29b1d9cdbf4571299067\"},\"headline\":\"Crean \u00e1rea para combatir el ciberdelito en La Pampa\",\"datePublished\":\"2023-08-24T20:36:32+00:00\",\"dateModified\":\"2023-08-25T13:30:46+00:00\",\"mainEntityOfPage\":{\"@id\":\"https:\\\/\\\/diariotextual.com\\\/inicio\\\/index.php\\\/2023\\\/08\\\/24\\\/crean-area-para-combatir-el-ciberdelito-en-la-pampa\\\/\"},\"wordCount\":246,\"publisher\":{\"@id\":\"https:\\\/\\\/diariotextual.com\\\/inicio\\\/#organization\"},\"image\":{\"@id\":\"https:\\\/\\\/diariotextual.com\\\/inicio\\\/index.php\\\/2023\\\/08\\\/24\\\/crean-area-para-combatir-el-ciberdelito-en-la-pampa\\\/#primaryimage\"},\"thumbnailUrl\":\"https:\\\/\\\/diariotextual.com\\\/inicio\\\/wp-content\\\/uploads\\\/2023\\\/08\\\/ziliottoentregapatrulleros-scaled.jpg\",\"articleSection\":[\"A - ES NOTICIA (van abajo)\",\"A - QUE PASA (al costado)\",\"POLITICA\"],\"inLanguage\":\"es\"},{\"@type\":\"WebPage\",\"@id\":\"https:\\\/\\\/diariotextual.com\\\/inicio\\\/index.php\\\/2023\\\/08\\\/24\\\/crean-area-para-combatir-el-ciberdelito-en-la-pampa\\\/\",\"url\":\"https:\\\/\\\/diariotextual.com\\\/inicio\\\/index.php\\\/2023\\\/08\\\/24\\\/crean-area-para-combatir-el-ciberdelito-en-la-pampa\\\/\",\"name\":\"Crean \u00e1rea para combatir el ciberdelito en La Pampa - Diario Textual\",\"isPartOf\":{\"@id\":\"https:\\\/\\\/diariotextual.com\\\/inicio\\\/#website\"},\"primaryImageOfPage\":{\"@id\":\"https:\\\/\\\/diariotextual.com\\\/inicio\\\/index.php\\\/2023\\\/08\\\/24\\\/crean-area-para-combatir-el-ciberdelito-en-la-pampa\\\/#primaryimage\"},\"image\":{\"@id\":\"https:\\\/\\\/diariotextual.com\\\/inicio\\\/index.php\\\/2023\\\/08\\\/24\\\/crean-area-para-combatir-el-ciberdelito-en-la-pampa\\\/#primaryimage\"},\"thumbnailUrl\":\"https:\\\/\\\/diariotextual.com\\\/inicio\\\/wp-content\\\/uploads\\\/2023\\\/08\\\/ziliottoentregapatrulleros-scaled.jpg\",\"datePublished\":\"2023-08-24T20:36:32+00:00\",\"dateModified\":\"2023-08-25T13:30:46+00:00\",\"breadcrumb\":{\"@id\":\"https:\\\/\\\/diariotextual.com\\\/inicio\\\/index.php\\\/2023\\\/08\\\/24\\\/crean-area-para-combatir-el-ciberdelito-en-la-pampa\\\/#breadcrumb\"},\"inLanguage\":\"es\",\"potentialAction\":[{\"@type\":\"ReadAction\",\"target\":[\"https:\\\/\\\/diariotextual.com\\\/inicio\\\/index.php\\\/2023\\\/08\\\/24\\\/crean-area-para-combatir-el-ciberdelito-en-la-pampa\\\/\"]}]},{\"@type\":\"ImageObject\",\"inLanguage\":\"es\",\"@id\":\"https:\\\/\\\/diariotextual.com\\\/inicio\\\/index.php\\\/2023\\\/08\\\/24\\\/crean-area-para-combatir-el-ciberdelito-en-la-pampa\\\/#primaryimage\",\"url\":\"https:\\\/\\\/diariotextual.com\\\/inicio\\\/wp-content\\\/uploads\\\/2023\\\/08\\\/ziliottoentregapatrulleros-scaled.jpg\",\"contentUrl\":\"https:\\\/\\\/diariotextual.com\\\/inicio\\\/wp-content\\\/uploads\\\/2023\\\/08\\\/ziliottoentregapatrulleros-scaled.jpg\",\"width\":2560,\"height\":1706},{\"@type\":\"BreadcrumbList\",\"@id\":\"https:\\\/\\\/diariotextual.com\\\/inicio\\\/index.php\\\/2023\\\/08\\\/24\\\/crean-area-para-combatir-el-ciberdelito-en-la-pampa\\\/#breadcrumb\",\"itemListElement\":[{\"@type\":\"ListItem\",\"position\":1,\"name\":\"Portada\",\"item\":\"https:\\\/\\\/diariotextual.com\\\/inicio\\\/\"},{\"@type\":\"ListItem\",\"position\":2,\"name\":\"Crean \u00e1rea para combatir el ciberdelito en La Pampa\"}]},{\"@type\":\"WebSite\",\"@id\":\"https:\\\/\\\/diariotextual.com\\\/inicio\\\/#website\",\"url\":\"https:\\\/\\\/diariotextual.com\\\/inicio\\\/\",\"name\":\"Diario Textual\",\"description\":\"\",\"publisher\":{\"@id\":\"https:\\\/\\\/diariotextual.com\\\/inicio\\\/#organization\"},\"potentialAction\":[{\"@type\":\"SearchAction\",\"target\":{\"@type\":\"EntryPoint\",\"urlTemplate\":\"https:\\\/\\\/diariotextual.com\\\/inicio\\\/?s={search_term_string}\"},\"query-input\":{\"@type\":\"PropertyValueSpecification\",\"valueRequired\":true,\"valueName\":\"search_term_string\"}}],\"inLanguage\":\"es\"},{\"@type\":\"Organization\",\"@id\":\"https:\\\/\\\/diariotextual.com\\\/inicio\\\/#organization\",\"name\":\"Diario Textual\",\"url\":\"https:\\\/\\\/diariotextual.com\\\/inicio\\\/\",\"logo\":{\"@type\":\"ImageObject\",\"inLanguage\":\"es\",\"@id\":\"https:\\\/\\\/diariotextual.com\\\/inicio\\\/#\\\/schema\\\/logo\\\/image\\\/\",\"url\":\"https:\\\/\\\/diariotextual.com\\\/inicio\\\/wp-content\\\/uploads\\\/2023\\\/05\\\/logotextual1.jpg\",\"contentUrl\":\"https:\\\/\\\/diariotextual.com\\\/inicio\\\/wp-content\\\/uploads\\\/2023\\\/05\\\/logotextual1.jpg\",\"width\":516,\"height\":76,\"caption\":\"Diario Textual\"},\"image\":{\"@id\":\"https:\\\/\\\/diariotextual.com\\\/inicio\\\/#\\\/schema\\\/logo\\\/image\\\/\"},\"sameAs\":[\"https:\\\/\\\/www.facebook.com\\\/eltextual\",\"https:\\\/\\\/x.com\\\/eltextual\",\"http:\\\/\\\/www.instagram.com\\\/eltextual\"]},{\"@type\":\"Person\",\"@id\":\"https:\\\/\\\/diariotextual.com\\\/inicio\\\/#\\\/schema\\\/person\\\/c7834961ad8b29b1d9cdbf4571299067\",\"name\":\"diario5\",\"image\":{\"@type\":\"ImageObject\",\"inLanguage\":\"es\",\"@id\":\"https:\\\/\\\/secure.gravatar.com\\\/avatar\\\/948c893b847ca6df68216ead81b63f363408ec9b0f600fefc0641ce78613b111?s=96&d=mm&r=g\",\"url\":\"https:\\\/\\\/secure.gravatar.com\\\/avatar\\\/948c893b847ca6df68216ead81b63f363408ec9b0f600fefc0641ce78613b111?s=96&d=mm&r=g\",\"contentUrl\":\"https:\\\/\\\/secure.gravatar.com\\\/avatar\\\/948c893b847ca6df68216ead81b63f363408ec9b0f600fefc0641ce78613b111?s=96&d=mm&r=g\",\"caption\":\"diario5\"},\"url\":\"https:\\\/\\\/diariotextual.com\\\/inicio\\\/index.php\\\/author\\\/diario5\\\/\"}]}<\/script>\n<!-- \/ Yoast SEO plugin. -->","yoast_head_json":{"title":"Crean \u00e1rea para combatir el ciberdelito en La Pampa - Diario Textual","robots":{"index":"index","follow":"follow","max-snippet":"max-snippet:-1","max-image-preview":"max-image-preview:large","max-video-preview":"max-video-preview:-1"},"canonical":"https:\/\/diariotextual.com\/inicio\/index.php\/2023\/08\/24\/crean-area-para-combatir-el-ciberdelito-en-la-pampa\/","og_locale":"es_ES","og_type":"article","og_title":"Crean \u00e1rea para combatir el ciberdelito en La Pampa - Diario Textual","og_description":"El gobernador Sergio Ziliotto anunci\u00f3 este jueves la creaci\u00f3n de un \u00e1rea dentro del Estado provincial que se dedicar\u00e1 a combatir el ciberdelito. El anuncio lo hizo durante la entrega&hellip;","og_url":"https:\/\/diariotextual.com\/inicio\/index.php\/2023\/08\/24\/crean-area-para-combatir-el-ciberdelito-en-la-pampa\/","og_site_name":"Diario Textual","article_publisher":"https:\/\/www.facebook.com\/eltextual","article_published_time":"2023-08-24T20:36:32+00:00","article_modified_time":"2023-08-25T13:30:46+00:00","og_image":[{"width":2560,"height":1706,"url":"https:\/\/diariotextual.com\/inicio\/wp-content\/uploads\/2023\/08\/ziliottoentregapatrulleros-scaled.jpg","type":"image\/jpeg"}],"author":"diario5","twitter_card":"summary_large_image","twitter_creator":"@eltextual","twitter_site":"@eltextual","twitter_misc":{"Escrito por":"diario5","Tiempo de lectura":"2 minutos"},"schema":{"@context":"https:\/\/schema.org","@graph":[{"@type":"Article","@id":"https:\/\/diariotextual.com\/inicio\/index.php\/2023\/08\/24\/crean-area-para-combatir-el-ciberdelito-en-la-pampa\/#article","isPartOf":{"@id":"https:\/\/diariotextual.com\/inicio\/index.php\/2023\/08\/24\/crean-area-para-combatir-el-ciberdelito-en-la-pampa\/"},"author":{"name":"diario5","@id":"https:\/\/diariotextual.com\/inicio\/#\/schema\/person\/c7834961ad8b29b1d9cdbf4571299067"},"headline":"Crean \u00e1rea para combatir el ciberdelito en La Pampa","datePublished":"2023-08-24T20:36:32+00:00","dateModified":"2023-08-25T13:30:46+00:00","mainEntityOfPage":{"@id":"https:\/\/diariotextual.com\/inicio\/index.php\/2023\/08\/24\/crean-area-para-combatir-el-ciberdelito-en-la-pampa\/"},"wordCount":246,"publisher":{"@id":"https:\/\/diariotextual.com\/inicio\/#organization"},"image":{"@id":"https:\/\/diariotextual.com\/inicio\/index.php\/2023\/08\/24\/crean-area-para-combatir-el-ciberdelito-en-la-pampa\/#primaryimage"},"thumbnailUrl":"https:\/\/diariotextual.com\/inicio\/wp-content\/uploads\/2023\/08\/ziliottoentregapatrulleros-scaled.jpg","articleSection":["A - ES NOTICIA (van abajo)","A - QUE PASA (al costado)","POLITICA"],"inLanguage":"es"},{"@type":"WebPage","@id":"https:\/\/diariotextual.com\/inicio\/index.php\/2023\/08\/24\/crean-area-para-combatir-el-ciberdelito-en-la-pampa\/","url":"https:\/\/diariotextual.com\/inicio\/index.php\/2023\/08\/24\/crean-area-para-combatir-el-ciberdelito-en-la-pampa\/","name":"Crean \u00e1rea para combatir el ciberdelito en La Pampa - Diario Textual","isPartOf":{"@id":"https:\/\/diariotextual.com\/inicio\/#website"},"primaryImageOfPage":{"@id":"https:\/\/diariotextual.com\/inicio\/index.php\/2023\/08\/24\/crean-area-para-combatir-el-ciberdelito-en-la-pampa\/#primaryimage"},"image":{"@id":"https:\/\/diariotextual.com\/inicio\/index.php\/2023\/08\/24\/crean-area-para-combatir-el-ciberdelito-en-la-pampa\/#primaryimage"},"thumbnailUrl":"https:\/\/diariotextual.com\/inicio\/wp-content\/uploads\/2023\/08\/ziliottoentregapatrulleros-scaled.jpg","datePublished":"2023-08-24T20:36:32+00:00","dateModified":"2023-08-25T13:30:46+00:00","breadcrumb":{"@id":"https:\/\/diariotextual.com\/inicio\/index.php\/2023\/08\/24\/crean-area-para-combatir-el-ciberdelito-en-la-pampa\/#breadcrumb"},"inLanguage":"es","potentialAction":[{"@type":"ReadAction","target":["https:\/\/diariotextual.com\/inicio\/index.php\/2023\/08\/24\/crean-area-para-combatir-el-ciberdelito-en-la-pampa\/"]}]},{"@type":"ImageObject","inLanguage":"es","@id":"https:\/\/diariotextual.com\/inicio\/index.php\/2023\/08\/24\/crean-area-para-combatir-el-ciberdelito-en-la-pampa\/#primaryimage","url":"https:\/\/diariotextual.com\/inicio\/wp-content\/uploads\/2023\/08\/ziliottoentregapatrulleros-scaled.jpg","contentUrl":"https:\/\/diariotextual.com\/inicio\/wp-content\/uploads\/2023\/08\/ziliottoentregapatrulleros-scaled.jpg","width":2560,"height":1706},{"@type":"BreadcrumbList","@id":"https:\/\/diariotextual.com\/inicio\/index.php\/2023\/08\/24\/crean-area-para-combatir-el-ciberdelito-en-la-pampa\/#breadcrumb","itemListElement":[{"@type":"ListItem","position":1,"name":"Portada","item":"https:\/\/diariotextual.com\/inicio\/"},{"@type":"ListItem","position":2,"name":"Crean \u00e1rea para combatir el ciberdelito en La Pampa"}]},{"@type":"WebSite","@id":"https:\/\/diariotextual.com\/inicio\/#website","url":"https:\/\/diariotextual.com\/inicio\/","name":"Diario Textual","description":"","publisher":{"@id":"https:\/\/diariotextual.com\/inicio\/#organization"},"potentialAction":[{"@type":"SearchAction","target":{"@type":"EntryPoint","urlTemplate":"https:\/\/diariotextual.com\/inicio\/?s={search_term_string}"},"query-input":{"@type":"PropertyValueSpecification","valueRequired":true,"valueName":"search_term_string"}}],"inLanguage":"es"},{"@type":"Organization","@id":"https:\/\/diariotextual.com\/inicio\/#organization","name":"Diario Textual","url":"https:\/\/diariotextual.com\/inicio\/","logo":{"@type":"ImageObject","inLanguage":"es","@id":"https:\/\/diariotextual.com\/inicio\/#\/schema\/logo\/image\/","url":"https:\/\/diariotextual.com\/inicio\/wp-content\/uploads\/2023\/05\/logotextual1.jpg","contentUrl":"https:\/\/diariotextual.com\/inicio\/wp-content\/uploads\/2023\/05\/logotextual1.jpg","width":516,"height":76,"caption":"Diario Textual"},"image":{"@id":"https:\/\/diariotextual.com\/inicio\/#\/schema\/logo\/image\/"},"sameAs":["https:\/\/www.facebook.com\/eltextual","https:\/\/x.com\/eltextual","http:\/\/www.instagram.com\/eltextual"]},{"@type":"Person","@id":"https:\/\/diariotextual.com\/inicio\/#\/schema\/person\/c7834961ad8b29b1d9cdbf4571299067","name":"diario5","image":{"@type":"ImageObject","inLanguage":"es","@id":"https:\/\/secure.gravatar.com\/avatar\/948c893b847ca6df68216ead81b63f363408ec9b0f600fefc0641ce78613b111?s=96&d=mm&r=g","url":"https:\/\/secure.gravatar.com\/avatar\/948c893b847ca6df68216ead81b63f363408ec9b0f600fefc0641ce78613b111?s=96&d=mm&r=g","contentUrl":"https:\/\/secure.gravatar.com\/avatar\/948c893b847ca6df68216ead81b63f363408ec9b0f600fefc0641ce78613b111?s=96&d=mm&r=g","caption":"diario5"},"url":"https:\/\/diariotextual.com\/inicio\/index.php\/author\/diario5\/"}]}},"_links":{"self":[{"href":"https:\/\/diariotextual.com\/inicio\/index.php\/wp-json\/wp\/v2\/posts\/235150","targetHints":{"allow":["GET"]}}],"collection":[{"href":"https:\/\/diariotextual.com\/inicio\/index.php\/wp-json\/wp\/v2\/posts"}],"about":[{"href":"https:\/\/diariotextual.com\/inicio\/index.php\/wp-json\/wp\/v2\/types\/post"}],"author":[{"embeddable":true,"href":"https:\/\/diariotextual.com\/inicio\/index.php\/wp-json\/wp\/v2\/users\/7"}],"replies":[{"embeddable":true,"href":"https:\/\/diariotextual.com\/inicio\/index.php\/wp-json\/wp\/v2\/comments?post=235150"}],"version-history":[{"count":2,"href":"https:\/\/diariotextual.com\/inicio\/index.php\/wp-json\/wp\/v2\/posts\/235150\/revisions"}],"predecessor-version":[{"id":235171,"href":"https:\/\/diariotextual.com\/inicio\/index.php\/wp-json\/wp\/v2\/posts\/235150\/revisions\/235171"}],"wp:featuredmedia":[{"embeddable":true,"href":"https:\/\/diariotextual.com\/inicio\/index.php\/wp-json\/wp\/v2\/media\/235145"}],"wp:attachment":[{"href":"https:\/\/diariotextual.com\/inicio\/index.php\/wp-json\/wp\/v2\/media?parent=235150"}],"wp:term":[{"taxonomy":"category","embeddable":true,"href":"https:\/\/diariotextual.com\/inicio\/index.php\/wp-json\/wp\/v2\/categories?post=235150"},{"taxonomy":"post_tag","embeddable":true,"href":"https:\/\/diariotextual.com\/inicio\/index.php\/wp-json\/wp\/v2\/tags?post=235150"}],"curies":[{"name":"wp","href":"https:\/\/api.w.org\/{rel}","templated":true}]}}