{"id":235243,"date":"2023-08-25T12:20:52","date_gmt":"2023-08-25T15:20:52","guid":{"rendered":"https:\/\/diariotextual.com\/inicio\/?p=235243"},"modified":"2023-08-26T11:27:26","modified_gmt":"2023-08-26T14:27:26","slug":"alberto-desde-la-pampa-si-ganan-milei-o-bullrich-las-universidades-estan-en-riesgo","status":"publish","type":"post","link":"https:\/\/diariotextual.com\/inicio\/index.php\/2023\/08\/25\/alberto-desde-la-pampa-si-ganan-milei-o-bullrich-las-universidades-estan-en-riesgo\/","title":{"rendered":"Alberto, desde La Pampa: si ganan Milei o Bullrich, \u201clas universidades est\u00e1n en riesgo\u201d"},"content":{"rendered":"\n<p>El presidente <strong>Alberto Fern\u00e1ndez<\/strong> dijo este viernes, al inaugurar el Centro Universitario de Santa Rosa, que <strong>\u201clas universidades est\u00e1n en riesgo\u201d si en las pr\u00f3ximas elecciones ganan Javier Milei o Patricia Bullrich<\/strong>. \u201cEl Estado tiene que estar presente. Y esto est\u00e1 en riesgo\u201d, insisti\u00f3.<\/p>\n\n\n\n<p>El jefe de Estado lleg\u00f3 cerca de las 12 a Santa Rosa. Fue recibido por el gobernador <strong>Sergio Ziliotto<\/strong> y el intendente Luciano di N\u00e1poli. <\/p>\n\n\n\n<p>La comitiva oficial incluy\u00f3 al ministro de Educaci\u00f3n de la Naci\u00f3n, Jaime Perczyk; al ministro de Obras P\u00fablicas, Gabriel Katopodis, y al rector en uso de licencia de la UNLPam y secretario de Pol\u00edticas Universitarias, Oscar Alpa. Pasado el mediod\u00eda viajaron a Casa de Piedra.<\/p>\n\n\n\n<div style=\"height:100px\" aria-hidden=\"true\" class=\"wp-block-spacer\"><\/div>\n\n\n\n<figure class=\"wp-block-embed is-type-video is-provider-youtube wp-block-embed-youtube wp-embed-aspect-16-9 wp-has-aspect-ratio\"><div class=\"wp-block-embed__wrapper\">\n<iframe title=\"El presidente inaugur\u00f3 edificio del Centro Universitario de la UNLPam en Santa Rosa.\" width=\"1170\" height=\"658\" src=\"https:\/\/www.youtube.com\/embed\/COmItHgmVJE?feature=oembed\" frameborder=\"0\" allow=\"accelerometer; autoplay; clipboard-write; encrypted-media; gyroscope; picture-in-picture; web-share\" allowfullscreen><\/iframe>\n<\/div><\/figure>\n\n\n\n<div style=\"height:100px\" aria-hidden=\"true\" class=\"wp-block-spacer\"><\/div>\n\n\n\n<p><\/p>\n\n\n\n<p><\/p>\n\n\n\n<p>Esta inauguraci\u00f3n corresponde a una nueva etapa del Centro Universitario de Santa Rosa, con las mismas caracter\u00edsticas t\u00e9cnicas generales del edificio continuo, correspondiente a la Subetapa 1. La superficie total es de 2058,51 metros cuadrados, en los que se dispondr\u00e1n 2 auditorios y 8 aulas para albergar a un total de 540 estudiantes.<\/p>\n\n\n\n<div style=\"height:100px\" aria-hidden=\"true\" class=\"wp-block-spacer\"><\/div>\n\n\n\n<p><\/p>\n\n\n\n<figure class=\"wp-block-embed is-type-rich is-provider-twitter wp-block-embed-twitter\"><div class=\"wp-block-embed__wrapper\">\n<blockquote class=\"twitter-tweet\" data-width=\"550\" data-dnt=\"true\"><p lang=\"es\" dir=\"ltr\">Declaraciones del presidente Alberto Fern\u00e1ndez (<a href=\"https:\/\/twitter.com\/alferdez?ref_src=twsrc%5Etfw\">@alferdez<\/a>) en La Pampa. <a href=\"https:\/\/t.co\/HjnEAhtRoZ\">https:\/\/t.co\/HjnEAhtRoZ<\/a><\/p>&mdash; Casa Rosada (@CasaRosada) <a href=\"https:\/\/twitter.com\/CasaRosada\/status\/1695094685889618399?ref_src=twsrc%5Etfw\">August 25, 2023<\/a><\/blockquote><script async src=\"https:\/\/platform.twitter.com\/widgets.js\" charset=\"utf-8\"><\/script>\n<\/div><\/figure>\n\n\n\n<div style=\"height:100px\" aria-hidden=\"true\" class=\"wp-block-spacer\"><\/div>\n\n\n\n<p>\u201cSeguimos trabajando en el gobierno con todas las cosas que tenemos pendientes\u201d, manifest\u00f3 el presidente al ser consultado por la prensa. \u201cComo dije el otro d\u00eda en Neuqu\u00e9n, <strong>tenemos que, despu\u00e9s del ruido electoral, recuperar la tranquilidad, la paz social, la convivencia democr\u00e1tica<\/strong>. Hoy el ministro (Sergio) Massa ya va a comenzar a anunciar las medidas que en Neuqu\u00e9n dije que nuestro gobierno iba a tomar en favor de los sectores m\u00e1s vulnerables y de los sectores que trabajan y que han sufrido un desmedro en sus ingresos como consecuencia de la devaluaci\u00f3n y de la inflaci\u00f3n. Y eso supone una suma fija, correcci\u00f3n en los ingresos de los jubilados, en la asignaci\u00f3n universal por hijo, en la tarjeta alimentar, todos los sectores que se han visto afectados con lo que ha pasado \u00faltimamente\u201d, dijo. \u201cAs\u00ed que lo que tiene que hacer ahora es esperar que el ministro Massa empiece a especificar las medidas. La demanda es esperar que el ministro Massa espec\u00edfique exactamente cu\u00e1les son las medidas. Este Gobierno nunca se olvida de los sectores m\u00e1s vulnerables y mucho menos de los que trabajan, porque llevamos 24 meses consecutivos de creaci\u00f3n de empleos registrados, vamos a seguir trabajando en esos sectores\u201d.<\/p>\n\n\n\n<figure class=\"wp-block-image size-large\"><img fetchpriority=\"high\" decoding=\"async\" width=\"1024\" height=\"683\" src=\"https:\/\/diariotextual.com\/inicio\/wp-content\/uploads\/2023\/08\/centrouniversitariosantarosaunlpaminauguracionalbertofernandezziliottoalpa2023-2-1024x683.jpg\" alt=\"\" class=\"wp-image-235280\" srcset=\"https:\/\/diariotextual.com\/inicio\/wp-content\/uploads\/2023\/08\/centrouniversitariosantarosaunlpaminauguracionalbertofernandezziliottoalpa2023-2-1024x683.jpg 1024w, https:\/\/diariotextual.com\/inicio\/wp-content\/uploads\/2023\/08\/centrouniversitariosantarosaunlpaminauguracionalbertofernandezziliottoalpa2023-2-300x200.jpg 300w, https:\/\/diariotextual.com\/inicio\/wp-content\/uploads\/2023\/08\/centrouniversitariosantarosaunlpaminauguracionalbertofernandezziliottoalpa2023-2-768x512.jpg 768w, https:\/\/diariotextual.com\/inicio\/wp-content\/uploads\/2023\/08\/centrouniversitariosantarosaunlpaminauguracionalbertofernandezziliottoalpa2023-2-1170x780.jpg 1170w, https:\/\/diariotextual.com\/inicio\/wp-content\/uploads\/2023\/08\/centrouniversitariosantarosaunlpaminauguracionalbertofernandezziliottoalpa2023-2-585x390.jpg 585w, https:\/\/diariotextual.com\/inicio\/wp-content\/uploads\/2023\/08\/centrouniversitariosantarosaunlpaminauguracionalbertofernandezziliottoalpa2023-2-263x175.jpg 263w, https:\/\/diariotextual.com\/inicio\/wp-content\/uploads\/2023\/08\/centrouniversitariosantarosaunlpaminauguracionalbertofernandezziliottoalpa2023-2.jpg 1500w\" sizes=\"(max-width: 1024px) 100vw, 1024px\" \/><\/figure>\n\n\n\n<p><\/p>\n\n\n\n<p><\/p>\n\n\n\n<p><strong>-Si no gana peronismo, \u00bfse pone en riesgo la obra p\u00fablica en el pa\u00eds?<\/strong><\/p>\n\n\n\n<p>-En la obra p\u00fablica nosotros seguimos haciendo lo que hicimos siempre.<\/p>\n\n\n\n<p><strong>-\u00bfY si no gana peronismo, \u00bfse pone en riesgo?<\/strong><\/p>\n\n\n\n<p>-Bueno, yo creo que la gente tiene que poner en valor esto. Esto lo tiene que poner en valor. Yo le digo a los j\u00f3venes, muchos de ellos seguramente habr\u00e1n pasado por las aulas y yo les habr\u00e9 ense\u00f1ado en la Universidad de Buenos Aires, que tengan presente que, conceptualmente para nosotros, el Estado tiene que estar presente para garantizar la educaci\u00f3n, para garantizar la salud p\u00fablica. Tiene que estar presente al lado de los sectores m\u00e1s vulnerables. Esta es una de las 167 intervenciones que hemos hecho a lo largo de 4 a\u00f1os en universidades de todo el pa\u00eds. Hoy estoy en La Pampa, pero estuve tambi\u00e9n en Ushuaia presentando, inaugurando el edificio de la Universidad Nacional de Tierra del Fuego. Estuve en Misiones, inaugurando el nuevo edificio de farmacia y bioqu\u00edmica de la Universidad Nacional de Misiones, aqu\u00ed en Postradas. Nosotros llevamos alrededor de 6.800 obras iniciadas, de las cuales 3.700 est\u00e1n terminadas con esta. As\u00ed que creo que ese es el camino que hay que seguir y hay que llamar la atenci\u00f3n de todos los argentinos porque realmente esto est\u00e1 en riesgo. Esto est\u00e1 en riesgo porque quienes creen que para venir a la Universidad P\u00fablica van a necesitar un voucher, que estudie el que puede pagar, que tenga salud el que pueda pagar, nosotros no creemos eso. Nosotros creemos que hay un Estado igualador que tiene que estar all\u00ed atento al lado de los que necesitan.<\/p>\n\n\n\n<p>Posteriormente, ya en el acto, insisti\u00f3 en la educaci\u00f3n p\u00fablica. \u201cComo comunidad que somos tenemos que ser solidarios para que todos y todas puedan acceder a la educaci\u00f3n\u201d, enfatiz\u00f3 el presidente. \u201cDetr\u00e1s de ese mensaje de libertad hay una enorme trampa, porque la \u00fanica casta que se est\u00e1 defendiendo en ese discurso es la casta de los poderosos, de los que tienen recursos y les quitan a ustedes la libertad de estudiar\u201d.<\/p>\n\n\n\n<p>A su vez, en su intervenci\u00f3n, el gobernador Ziliotto destac\u00f3 el car\u00e1cter federal del Gobierno nacional. \u201cMir\u00f3 a la obra p\u00fablica en virtud de la necesidad del territorio, m\u00e1s all\u00e1 de qui\u00e9n gobernaba cada provincia\u201d, dijo.<\/p>\n\n\n\n<figure class=\"wp-block-image size-large\"><img decoding=\"async\" width=\"1024\" height=\"683\" src=\"https:\/\/diariotextual.com\/inicio\/wp-content\/uploads\/2023\/08\/fernandezalbertoinauguracioncentrouniversitariounlpam2023-10-1024x683.jpg\" alt=\"\" class=\"wp-image-235279\" srcset=\"https:\/\/diariotextual.com\/inicio\/wp-content\/uploads\/2023\/08\/fernandezalbertoinauguracioncentrouniversitariounlpam2023-10-1024x683.jpg 1024w, https:\/\/diariotextual.com\/inicio\/wp-content\/uploads\/2023\/08\/fernandezalbertoinauguracioncentrouniversitariounlpam2023-10-300x200.jpg 300w, https:\/\/diariotextual.com\/inicio\/wp-content\/uploads\/2023\/08\/fernandezalbertoinauguracioncentrouniversitariounlpam2023-10-768x512.jpg 768w, https:\/\/diariotextual.com\/inicio\/wp-content\/uploads\/2023\/08\/fernandezalbertoinauguracioncentrouniversitariounlpam2023-10-1170x780.jpg 1170w, https:\/\/diariotextual.com\/inicio\/wp-content\/uploads\/2023\/08\/fernandezalbertoinauguracioncentrouniversitariounlpam2023-10-585x390.jpg 585w, https:\/\/diariotextual.com\/inicio\/wp-content\/uploads\/2023\/08\/fernandezalbertoinauguracioncentrouniversitariounlpam2023-10-263x175.jpg 263w, https:\/\/diariotextual.com\/inicio\/wp-content\/uploads\/2023\/08\/fernandezalbertoinauguracioncentrouniversitariounlpam2023-10.jpg 1500w\" sizes=\"(max-width: 1024px) 100vw, 1024px\" \/><\/figure>\n\n\n\n<p>Detall\u00f3 que desde diciembre de 2019 tuvo lugar \u201cuna inversi\u00f3n p\u00fablica in\u00e9dita de un Gobierno nacional en La Pampa\u201d al alcanzar las 129 obras terminadas, en ejecuci\u00f3n o licitadas, a trav\u00e9s de una inversi\u00f3n al mes de julio pasado de 200.363 millones de pesos.<\/p>\n\n\n\n<p>El ministro Perczyk, por su parte, subray\u00f3 la necesidad de \u201cdefender la presencia de los y las estudiantes en la universidad\u201d, y resalt\u00f3 que \u201cla universidad p\u00fablica de la Argentina es reconocida en el mundo y en libertad la eligen 2 millones de estudiantes, as\u00ed como profesores y no docentes eligen trabajar en ella, mientras que los graduados eligen quedarse haciendo vida acad\u00e9mica y devolverle a la universidad lo que les dio\u201d.<\/p>\n\n\n\n<p><\/p>\n\n\n\n<p><\/p>\n\n\n\n<figure class=\"wp-block-image size-large\"><img decoding=\"async\" width=\"1024\" height=\"683\" src=\"https:\/\/diariotextual.com\/inicio\/wp-content\/uploads\/2023\/08\/centrouniversitariosantarosaunlpaminauguracionalbertofernandezziliottoalpa2023-3-1024x683.jpg\" alt=\"\" class=\"wp-image-235281\" srcset=\"https:\/\/diariotextual.com\/inicio\/wp-content\/uploads\/2023\/08\/centrouniversitariosantarosaunlpaminauguracionalbertofernandezziliottoalpa2023-3-1024x683.jpg 1024w, https:\/\/diariotextual.com\/inicio\/wp-content\/uploads\/2023\/08\/centrouniversitariosantarosaunlpaminauguracionalbertofernandezziliottoalpa2023-3-300x200.jpg 300w, https:\/\/diariotextual.com\/inicio\/wp-content\/uploads\/2023\/08\/centrouniversitariosantarosaunlpaminauguracionalbertofernandezziliottoalpa2023-3-768x512.jpg 768w, https:\/\/diariotextual.com\/inicio\/wp-content\/uploads\/2023\/08\/centrouniversitariosantarosaunlpaminauguracionalbertofernandezziliottoalpa2023-3-1170x780.jpg 1170w, https:\/\/diariotextual.com\/inicio\/wp-content\/uploads\/2023\/08\/centrouniversitariosantarosaunlpaminauguracionalbertofernandezziliottoalpa2023-3-585x390.jpg 585w, https:\/\/diariotextual.com\/inicio\/wp-content\/uploads\/2023\/08\/centrouniversitariosantarosaunlpaminauguracionalbertofernandezziliottoalpa2023-3-263x175.jpg 263w, https:\/\/diariotextual.com\/inicio\/wp-content\/uploads\/2023\/08\/centrouniversitariosantarosaunlpaminauguracionalbertofernandezziliottoalpa2023-3.jpg 1500w\" sizes=\"(max-width: 1024px) 100vw, 1024px\" \/><\/figure>\n","protected":false},"excerpt":{"rendered":"<p>El presidente Alberto Fern\u00e1ndez dijo este viernes, al inaugurar el Centro Universitario de Santa Rosa, que \u201clas universidades est\u00e1n en riesgo\u201d si en las pr\u00f3ximas elecciones ganan Javier Milei o&hellip;<\/p>\n","protected":false},"author":3,"featured_media":235255,"comment_status":"closed","ping_status":"open","sticky":false,"template":"","format":"standard","meta":{"_acf_changed":false,"footnotes":""},"categories":[1,11,8],"tags":[],"class_list":["post-235243","post","type-post","status-publish","format-standard","has-post-thumbnail","hentry","category-es-noticia","category-que-pasa","category-politica"],"acf":[],"yoast_head":"<!-- This site is optimized with the Yoast SEO plugin v27.5 - https:\/\/yoast.com\/product\/yoast-seo-wordpress\/ -->\n<title>Alberto, desde La Pampa: si ganan Milei o Bullrich, \u201clas universidades est\u00e1n en riesgo\u201d - Diario Textual<\/title>\n<meta name=\"robots\" content=\"index, follow, max-snippet:-1, max-image-preview:large, max-video-preview:-1\" \/>\n<link rel=\"canonical\" href=\"https:\/\/diariotextual.com\/inicio\/index.php\/2023\/08\/25\/alberto-desde-la-pampa-si-ganan-milei-o-bullrich-las-universidades-estan-en-riesgo\/\" \/>\n<meta property=\"og:locale\" content=\"es_ES\" \/>\n<meta property=\"og:type\" content=\"article\" \/>\n<meta property=\"og:title\" content=\"Alberto, desde La Pampa: si ganan Milei o Bullrich, \u201clas universidades est\u00e1n en riesgo\u201d - Diario Textual\" \/>\n<meta property=\"og:description\" content=\"El presidente Alberto Fern\u00e1ndez dijo este viernes, al inaugurar el Centro Universitario de Santa Rosa, que \u201clas universidades est\u00e1n en riesgo\u201d si en las pr\u00f3ximas elecciones ganan Javier Milei o&hellip;\" \/>\n<meta property=\"og:url\" content=\"https:\/\/diariotextual.com\/inicio\/index.php\/2023\/08\/25\/alberto-desde-la-pampa-si-ganan-milei-o-bullrich-las-universidades-estan-en-riesgo\/\" \/>\n<meta property=\"og:site_name\" content=\"Diario Textual\" \/>\n<meta property=\"article:publisher\" content=\"https:\/\/www.facebook.com\/eltextual\" \/>\n<meta property=\"article:published_time\" content=\"2023-08-25T15:20:52+00:00\" \/>\n<meta property=\"article:modified_time\" content=\"2023-08-26T14:27:26+00:00\" \/>\n<meta property=\"og:image\" content=\"https:\/\/diariotextual.com\/inicio\/wp-content\/uploads\/2023\/08\/centrouniversitariosantarosaunlpaminauguracionalbertofernandezziliottoalpa2023-1.jpg\" \/>\n\t<meta property=\"og:image:width\" content=\"1500\" \/>\n\t<meta property=\"og:image:height\" content=\"1000\" \/>\n\t<meta property=\"og:image:type\" content=\"image\/jpeg\" \/>\n<meta name=\"author\" content=\"Diario1 Diario1\" \/>\n<meta name=\"twitter:card\" content=\"summary_large_image\" \/>\n<meta name=\"twitter:creator\" content=\"@eltextual\" \/>\n<meta name=\"twitter:site\" content=\"@eltextual\" \/>\n<meta name=\"twitter:label1\" content=\"Escrito por\" \/>\n\t<meta name=\"twitter:data1\" content=\"Diario1 Diario1\" \/>\n\t<meta name=\"twitter:label2\" content=\"Tiempo de lectura\" \/>\n\t<meta name=\"twitter:data2\" content=\"5 minutos\" \/>\n<script type=\"application\/ld+json\" class=\"yoast-schema-graph\">{\"@context\":\"https:\\\/\\\/schema.org\",\"@graph\":[{\"@type\":\"Article\",\"@id\":\"https:\\\/\\\/diariotextual.com\\\/inicio\\\/index.php\\\/2023\\\/08\\\/25\\\/alberto-desde-la-pampa-si-ganan-milei-o-bullrich-las-universidades-estan-en-riesgo\\\/#article\",\"isPartOf\":{\"@id\":\"https:\\\/\\\/diariotextual.com\\\/inicio\\\/index.php\\\/2023\\\/08\\\/25\\\/alberto-desde-la-pampa-si-ganan-milei-o-bullrich-las-universidades-estan-en-riesgo\\\/\"},\"author\":{\"name\":\"Diario1 Diario1\",\"@id\":\"https:\\\/\\\/diariotextual.com\\\/inicio\\\/#\\\/schema\\\/person\\\/418fc4093c33e86ed41562db3508f958\"},\"headline\":\"Alberto, desde La Pampa: si ganan Milei o Bullrich, \u201clas universidades est\u00e1n en riesgo\u201d\",\"datePublished\":\"2023-08-25T15:20:52+00:00\",\"dateModified\":\"2023-08-26T14:27:26+00:00\",\"mainEntityOfPage\":{\"@id\":\"https:\\\/\\\/diariotextual.com\\\/inicio\\\/index.php\\\/2023\\\/08\\\/25\\\/alberto-desde-la-pampa-si-ganan-milei-o-bullrich-las-universidades-estan-en-riesgo\\\/\"},\"wordCount\":940,\"publisher\":{\"@id\":\"https:\\\/\\\/diariotextual.com\\\/inicio\\\/#organization\"},\"image\":{\"@id\":\"https:\\\/\\\/diariotextual.com\\\/inicio\\\/index.php\\\/2023\\\/08\\\/25\\\/alberto-desde-la-pampa-si-ganan-milei-o-bullrich-las-universidades-estan-en-riesgo\\\/#primaryimage\"},\"thumbnailUrl\":\"https:\\\/\\\/diariotextual.com\\\/inicio\\\/wp-content\\\/uploads\\\/2023\\\/08\\\/centrouniversitariosantarosaunlpaminauguracionalbertofernandezziliottoalpa2023-1.jpg\",\"articleSection\":[\"A - ES NOTICIA (van abajo)\",\"A - QUE PASA (al costado)\",\"POLITICA\"],\"inLanguage\":\"es\"},{\"@type\":\"WebPage\",\"@id\":\"https:\\\/\\\/diariotextual.com\\\/inicio\\\/index.php\\\/2023\\\/08\\\/25\\\/alberto-desde-la-pampa-si-ganan-milei-o-bullrich-las-universidades-estan-en-riesgo\\\/\",\"url\":\"https:\\\/\\\/diariotextual.com\\\/inicio\\\/index.php\\\/2023\\\/08\\\/25\\\/alberto-desde-la-pampa-si-ganan-milei-o-bullrich-las-universidades-estan-en-riesgo\\\/\",\"name\":\"Alberto, desde La Pampa: si ganan Milei o Bullrich, \u201clas universidades est\u00e1n en riesgo\u201d - Diario Textual\",\"isPartOf\":{\"@id\":\"https:\\\/\\\/diariotextual.com\\\/inicio\\\/#website\"},\"primaryImageOfPage\":{\"@id\":\"https:\\\/\\\/diariotextual.com\\\/inicio\\\/index.php\\\/2023\\\/08\\\/25\\\/alberto-desde-la-pampa-si-ganan-milei-o-bullrich-las-universidades-estan-en-riesgo\\\/#primaryimage\"},\"image\":{\"@id\":\"https:\\\/\\\/diariotextual.com\\\/inicio\\\/index.php\\\/2023\\\/08\\\/25\\\/alberto-desde-la-pampa-si-ganan-milei-o-bullrich-las-universidades-estan-en-riesgo\\\/#primaryimage\"},\"thumbnailUrl\":\"https:\\\/\\\/diariotextual.com\\\/inicio\\\/wp-content\\\/uploads\\\/2023\\\/08\\\/centrouniversitariosantarosaunlpaminauguracionalbertofernandezziliottoalpa2023-1.jpg\",\"datePublished\":\"2023-08-25T15:20:52+00:00\",\"dateModified\":\"2023-08-26T14:27:26+00:00\",\"breadcrumb\":{\"@id\":\"https:\\\/\\\/diariotextual.com\\\/inicio\\\/index.php\\\/2023\\\/08\\\/25\\\/alberto-desde-la-pampa-si-ganan-milei-o-bullrich-las-universidades-estan-en-riesgo\\\/#breadcrumb\"},\"inLanguage\":\"es\",\"potentialAction\":[{\"@type\":\"ReadAction\",\"target\":[\"https:\\\/\\\/diariotextual.com\\\/inicio\\\/index.php\\\/2023\\\/08\\\/25\\\/alberto-desde-la-pampa-si-ganan-milei-o-bullrich-las-universidades-estan-en-riesgo\\\/\"]}]},{\"@type\":\"ImageObject\",\"inLanguage\":\"es\",\"@id\":\"https:\\\/\\\/diariotextual.com\\\/inicio\\\/index.php\\\/2023\\\/08\\\/25\\\/alberto-desde-la-pampa-si-ganan-milei-o-bullrich-las-universidades-estan-en-riesgo\\\/#primaryimage\",\"url\":\"https:\\\/\\\/diariotextual.com\\\/inicio\\\/wp-content\\\/uploads\\\/2023\\\/08\\\/centrouniversitariosantarosaunlpaminauguracionalbertofernandezziliottoalpa2023-1.jpg\",\"contentUrl\":\"https:\\\/\\\/diariotextual.com\\\/inicio\\\/wp-content\\\/uploads\\\/2023\\\/08\\\/centrouniversitariosantarosaunlpaminauguracionalbertofernandezziliottoalpa2023-1.jpg\",\"width\":1500,\"height\":1000},{\"@type\":\"BreadcrumbList\",\"@id\":\"https:\\\/\\\/diariotextual.com\\\/inicio\\\/index.php\\\/2023\\\/08\\\/25\\\/alberto-desde-la-pampa-si-ganan-milei-o-bullrich-las-universidades-estan-en-riesgo\\\/#breadcrumb\",\"itemListElement\":[{\"@type\":\"ListItem\",\"position\":1,\"name\":\"Portada\",\"item\":\"https:\\\/\\\/diariotextual.com\\\/inicio\\\/\"},{\"@type\":\"ListItem\",\"position\":2,\"name\":\"Alberto, desde La Pampa: si ganan Milei o Bullrich, \u201clas universidades est\u00e1n en riesgo\u201d\"}]},{\"@type\":\"WebSite\",\"@id\":\"https:\\\/\\\/diariotextual.com\\\/inicio\\\/#website\",\"url\":\"https:\\\/\\\/diariotextual.com\\\/inicio\\\/\",\"name\":\"Diario Textual\",\"description\":\"\",\"publisher\":{\"@id\":\"https:\\\/\\\/diariotextual.com\\\/inicio\\\/#organization\"},\"potentialAction\":[{\"@type\":\"SearchAction\",\"target\":{\"@type\":\"EntryPoint\",\"urlTemplate\":\"https:\\\/\\\/diariotextual.com\\\/inicio\\\/?s={search_term_string}\"},\"query-input\":{\"@type\":\"PropertyValueSpecification\",\"valueRequired\":true,\"valueName\":\"search_term_string\"}}],\"inLanguage\":\"es\"},{\"@type\":\"Organization\",\"@id\":\"https:\\\/\\\/diariotextual.com\\\/inicio\\\/#organization\",\"name\":\"Diario Textual\",\"url\":\"https:\\\/\\\/diariotextual.com\\\/inicio\\\/\",\"logo\":{\"@type\":\"ImageObject\",\"inLanguage\":\"es\",\"@id\":\"https:\\\/\\\/diariotextual.com\\\/inicio\\\/#\\\/schema\\\/logo\\\/image\\\/\",\"url\":\"https:\\\/\\\/diariotextual.com\\\/inicio\\\/wp-content\\\/uploads\\\/2023\\\/05\\\/logotextual1.jpg\",\"contentUrl\":\"https:\\\/\\\/diariotextual.com\\\/inicio\\\/wp-content\\\/uploads\\\/2023\\\/05\\\/logotextual1.jpg\",\"width\":516,\"height\":76,\"caption\":\"Diario Textual\"},\"image\":{\"@id\":\"https:\\\/\\\/diariotextual.com\\\/inicio\\\/#\\\/schema\\\/logo\\\/image\\\/\"},\"sameAs\":[\"https:\\\/\\\/www.facebook.com\\\/eltextual\",\"https:\\\/\\\/x.com\\\/eltextual\",\"http:\\\/\\\/www.instagram.com\\\/eltextual\"]},{\"@type\":\"Person\",\"@id\":\"https:\\\/\\\/diariotextual.com\\\/inicio\\\/#\\\/schema\\\/person\\\/418fc4093c33e86ed41562db3508f958\",\"name\":\"Diario1 Diario1\",\"image\":{\"@type\":\"ImageObject\",\"inLanguage\":\"es\",\"@id\":\"https:\\\/\\\/secure.gravatar.com\\\/avatar\\\/9167d280179c85bc18be67aa7eda765854300033af4896dd779b608640f2ef7a?s=96&d=mm&r=g\",\"url\":\"https:\\\/\\\/secure.gravatar.com\\\/avatar\\\/9167d280179c85bc18be67aa7eda765854300033af4896dd779b608640f2ef7a?s=96&d=mm&r=g\",\"contentUrl\":\"https:\\\/\\\/secure.gravatar.com\\\/avatar\\\/9167d280179c85bc18be67aa7eda765854300033af4896dd779b608640f2ef7a?s=96&d=mm&r=g\",\"caption\":\"Diario1 Diario1\"},\"url\":\"https:\\\/\\\/diariotextual.com\\\/inicio\\\/index.php\\\/author\\\/diario1\\\/\"}]}<\/script>\n<!-- \/ Yoast SEO plugin. -->","yoast_head_json":{"title":"Alberto, desde La Pampa: si ganan Milei o Bullrich, \u201clas universidades est\u00e1n en riesgo\u201d - Diario Textual","robots":{"index":"index","follow":"follow","max-snippet":"max-snippet:-1","max-image-preview":"max-image-preview:large","max-video-preview":"max-video-preview:-1"},"canonical":"https:\/\/diariotextual.com\/inicio\/index.php\/2023\/08\/25\/alberto-desde-la-pampa-si-ganan-milei-o-bullrich-las-universidades-estan-en-riesgo\/","og_locale":"es_ES","og_type":"article","og_title":"Alberto, desde La Pampa: si ganan Milei o Bullrich, \u201clas universidades est\u00e1n en riesgo\u201d - Diario Textual","og_description":"El presidente Alberto Fern\u00e1ndez dijo este viernes, al inaugurar el Centro Universitario de Santa Rosa, que \u201clas universidades est\u00e1n en riesgo\u201d si en las pr\u00f3ximas elecciones ganan Javier Milei o&hellip;","og_url":"https:\/\/diariotextual.com\/inicio\/index.php\/2023\/08\/25\/alberto-desde-la-pampa-si-ganan-milei-o-bullrich-las-universidades-estan-en-riesgo\/","og_site_name":"Diario Textual","article_publisher":"https:\/\/www.facebook.com\/eltextual","article_published_time":"2023-08-25T15:20:52+00:00","article_modified_time":"2023-08-26T14:27:26+00:00","og_image":[{"width":1500,"height":1000,"url":"https:\/\/diariotextual.com\/inicio\/wp-content\/uploads\/2023\/08\/centrouniversitariosantarosaunlpaminauguracionalbertofernandezziliottoalpa2023-1.jpg","type":"image\/jpeg"}],"author":"Diario1 Diario1","twitter_card":"summary_large_image","twitter_creator":"@eltextual","twitter_site":"@eltextual","twitter_misc":{"Escrito por":"Diario1 Diario1","Tiempo de lectura":"5 minutos"},"schema":{"@context":"https:\/\/schema.org","@graph":[{"@type":"Article","@id":"https:\/\/diariotextual.com\/inicio\/index.php\/2023\/08\/25\/alberto-desde-la-pampa-si-ganan-milei-o-bullrich-las-universidades-estan-en-riesgo\/#article","isPartOf":{"@id":"https:\/\/diariotextual.com\/inicio\/index.php\/2023\/08\/25\/alberto-desde-la-pampa-si-ganan-milei-o-bullrich-las-universidades-estan-en-riesgo\/"},"author":{"name":"Diario1 Diario1","@id":"https:\/\/diariotextual.com\/inicio\/#\/schema\/person\/418fc4093c33e86ed41562db3508f958"},"headline":"Alberto, desde La Pampa: si ganan Milei o Bullrich, \u201clas universidades est\u00e1n en riesgo\u201d","datePublished":"2023-08-25T15:20:52+00:00","dateModified":"2023-08-26T14:27:26+00:00","mainEntityOfPage":{"@id":"https:\/\/diariotextual.com\/inicio\/index.php\/2023\/08\/25\/alberto-desde-la-pampa-si-ganan-milei-o-bullrich-las-universidades-estan-en-riesgo\/"},"wordCount":940,"publisher":{"@id":"https:\/\/diariotextual.com\/inicio\/#organization"},"image":{"@id":"https:\/\/diariotextual.com\/inicio\/index.php\/2023\/08\/25\/alberto-desde-la-pampa-si-ganan-milei-o-bullrich-las-universidades-estan-en-riesgo\/#primaryimage"},"thumbnailUrl":"https:\/\/diariotextual.com\/inicio\/wp-content\/uploads\/2023\/08\/centrouniversitariosantarosaunlpaminauguracionalbertofernandezziliottoalpa2023-1.jpg","articleSection":["A - ES NOTICIA (van abajo)","A - QUE PASA (al costado)","POLITICA"],"inLanguage":"es"},{"@type":"WebPage","@id":"https:\/\/diariotextual.com\/inicio\/index.php\/2023\/08\/25\/alberto-desde-la-pampa-si-ganan-milei-o-bullrich-las-universidades-estan-en-riesgo\/","url":"https:\/\/diariotextual.com\/inicio\/index.php\/2023\/08\/25\/alberto-desde-la-pampa-si-ganan-milei-o-bullrich-las-universidades-estan-en-riesgo\/","name":"Alberto, desde La Pampa: si ganan Milei o Bullrich, \u201clas universidades est\u00e1n en riesgo\u201d - Diario Textual","isPartOf":{"@id":"https:\/\/diariotextual.com\/inicio\/#website"},"primaryImageOfPage":{"@id":"https:\/\/diariotextual.com\/inicio\/index.php\/2023\/08\/25\/alberto-desde-la-pampa-si-ganan-milei-o-bullrich-las-universidades-estan-en-riesgo\/#primaryimage"},"image":{"@id":"https:\/\/diariotextual.com\/inicio\/index.php\/2023\/08\/25\/alberto-desde-la-pampa-si-ganan-milei-o-bullrich-las-universidades-estan-en-riesgo\/#primaryimage"},"thumbnailUrl":"https:\/\/diariotextual.com\/inicio\/wp-content\/uploads\/2023\/08\/centrouniversitariosantarosaunlpaminauguracionalbertofernandezziliottoalpa2023-1.jpg","datePublished":"2023-08-25T15:20:52+00:00","dateModified":"2023-08-26T14:27:26+00:00","breadcrumb":{"@id":"https:\/\/diariotextual.com\/inicio\/index.php\/2023\/08\/25\/alberto-desde-la-pampa-si-ganan-milei-o-bullrich-las-universidades-estan-en-riesgo\/#breadcrumb"},"inLanguage":"es","potentialAction":[{"@type":"ReadAction","target":["https:\/\/diariotextual.com\/inicio\/index.php\/2023\/08\/25\/alberto-desde-la-pampa-si-ganan-milei-o-bullrich-las-universidades-estan-en-riesgo\/"]}]},{"@type":"ImageObject","inLanguage":"es","@id":"https:\/\/diariotextual.com\/inicio\/index.php\/2023\/08\/25\/alberto-desde-la-pampa-si-ganan-milei-o-bullrich-las-universidades-estan-en-riesgo\/#primaryimage","url":"https:\/\/diariotextual.com\/inicio\/wp-content\/uploads\/2023\/08\/centrouniversitariosantarosaunlpaminauguracionalbertofernandezziliottoalpa2023-1.jpg","contentUrl":"https:\/\/diariotextual.com\/inicio\/wp-content\/uploads\/2023\/08\/centrouniversitariosantarosaunlpaminauguracionalbertofernandezziliottoalpa2023-1.jpg","width":1500,"height":1000},{"@type":"BreadcrumbList","@id":"https:\/\/diariotextual.com\/inicio\/index.php\/2023\/08\/25\/alberto-desde-la-pampa-si-ganan-milei-o-bullrich-las-universidades-estan-en-riesgo\/#breadcrumb","itemListElement":[{"@type":"ListItem","position":1,"name":"Portada","item":"https:\/\/diariotextual.com\/inicio\/"},{"@type":"ListItem","position":2,"name":"Alberto, desde La Pampa: si ganan Milei o Bullrich, \u201clas universidades est\u00e1n en riesgo\u201d"}]},{"@type":"WebSite","@id":"https:\/\/diariotextual.com\/inicio\/#website","url":"https:\/\/diariotextual.com\/inicio\/","name":"Diario Textual","description":"","publisher":{"@id":"https:\/\/diariotextual.com\/inicio\/#organization"},"potentialAction":[{"@type":"SearchAction","target":{"@type":"EntryPoint","urlTemplate":"https:\/\/diariotextual.com\/inicio\/?s={search_term_string}"},"query-input":{"@type":"PropertyValueSpecification","valueRequired":true,"valueName":"search_term_string"}}],"inLanguage":"es"},{"@type":"Organization","@id":"https:\/\/diariotextual.com\/inicio\/#organization","name":"Diario Textual","url":"https:\/\/diariotextual.com\/inicio\/","logo":{"@type":"ImageObject","inLanguage":"es","@id":"https:\/\/diariotextual.com\/inicio\/#\/schema\/logo\/image\/","url":"https:\/\/diariotextual.com\/inicio\/wp-content\/uploads\/2023\/05\/logotextual1.jpg","contentUrl":"https:\/\/diariotextual.com\/inicio\/wp-content\/uploads\/2023\/05\/logotextual1.jpg","width":516,"height":76,"caption":"Diario Textual"},"image":{"@id":"https:\/\/diariotextual.com\/inicio\/#\/schema\/logo\/image\/"},"sameAs":["https:\/\/www.facebook.com\/eltextual","https:\/\/x.com\/eltextual","http:\/\/www.instagram.com\/eltextual"]},{"@type":"Person","@id":"https:\/\/diariotextual.com\/inicio\/#\/schema\/person\/418fc4093c33e86ed41562db3508f958","name":"Diario1 Diario1","image":{"@type":"ImageObject","inLanguage":"es","@id":"https:\/\/secure.gravatar.com\/avatar\/9167d280179c85bc18be67aa7eda765854300033af4896dd779b608640f2ef7a?s=96&d=mm&r=g","url":"https:\/\/secure.gravatar.com\/avatar\/9167d280179c85bc18be67aa7eda765854300033af4896dd779b608640f2ef7a?s=96&d=mm&r=g","contentUrl":"https:\/\/secure.gravatar.com\/avatar\/9167d280179c85bc18be67aa7eda765854300033af4896dd779b608640f2ef7a?s=96&d=mm&r=g","caption":"Diario1 Diario1"},"url":"https:\/\/diariotextual.com\/inicio\/index.php\/author\/diario1\/"}]}},"_links":{"self":[{"href":"https:\/\/diariotextual.com\/inicio\/index.php\/wp-json\/wp\/v2\/posts\/235243","targetHints":{"allow":["GET"]}}],"collection":[{"href":"https:\/\/diariotextual.com\/inicio\/index.php\/wp-json\/wp\/v2\/posts"}],"about":[{"href":"https:\/\/diariotextual.com\/inicio\/index.php\/wp-json\/wp\/v2\/types\/post"}],"author":[{"embeddable":true,"href":"https:\/\/diariotextual.com\/inicio\/index.php\/wp-json\/wp\/v2\/users\/3"}],"replies":[{"embeddable":true,"href":"https:\/\/diariotextual.com\/inicio\/index.php\/wp-json\/wp\/v2\/comments?post=235243"}],"version-history":[{"count":9,"href":"https:\/\/diariotextual.com\/inicio\/index.php\/wp-json\/wp\/v2\/posts\/235243\/revisions"}],"predecessor-version":[{"id":235283,"href":"https:\/\/diariotextual.com\/inicio\/index.php\/wp-json\/wp\/v2\/posts\/235243\/revisions\/235283"}],"wp:featuredmedia":[{"embeddable":true,"href":"https:\/\/diariotextual.com\/inicio\/index.php\/wp-json\/wp\/v2\/media\/235255"}],"wp:attachment":[{"href":"https:\/\/diariotextual.com\/inicio\/index.php\/wp-json\/wp\/v2\/media?parent=235243"}],"wp:term":[{"taxonomy":"category","embeddable":true,"href":"https:\/\/diariotextual.com\/inicio\/index.php\/wp-json\/wp\/v2\/categories?post=235243"},{"taxonomy":"post_tag","embeddable":true,"href":"https:\/\/diariotextual.com\/inicio\/index.php\/wp-json\/wp\/v2\/tags?post=235243"}],"curies":[{"name":"wp","href":"https:\/\/api.w.org\/{rel}","templated":true}]}}