{"id":235819,"date":"2023-08-30T10:42:13","date_gmt":"2023-08-30T13:42:13","guid":{"rendered":"https:\/\/diariotextual.com\/inicio\/?p=235819"},"modified":"2023-08-30T17:53:55","modified_gmt":"2023-08-30T20:53:55","slug":"el-renatre-clausuro-un-campo-en-la-zona-de-pico-por-irregularidades-con-sus-trabajadores","status":"publish","type":"post","link":"https:\/\/diariotextual.com\/inicio\/index.php\/2023\/08\/30\/el-renatre-clausuro-un-campo-en-la-zona-de-pico-por-irregularidades-con-sus-trabajadores\/","title":{"rendered":"El Renatre clausur\u00f3 un campo en la zona de Pico por irregularidades con sus trabajadores"},"content":{"rendered":"\n<p class=\"wp-block-paragraph\">La delegaci\u00f3n de Uatre La Pampa llev\u00f3 a cabo un operativo en establecimientos agropecuarios de General Pico, donde se hallaron serias irregularidades que provocaron la clausura de la empresa, hasta que regularice la situaci\u00f3n.&nbsp; El operativo se realiz\u00f3 junto a Renatre e inspectores de Trabajo de la provincia.<\/p>\n\n\n\n<p class=\"wp-block-paragraph\">\u201cEncontramos muchos trabajadores y trabajadoras sin registrar y en p\u00e9simas condiciones habitacionales. Adem\u00e1s, no ten\u00edan movilidad y el empleador no les daba ropa de trabajo adecuada para sus tareas\u201d, dijo el delegado de Uatre, H\u00e9ctor Ruiz.<\/p>\n\n\n\n<p class=\"wp-block-paragraph\">Dio a conocer los pasos a seguir a partir de ahora. \u201cPor el momento, el Ministerio de Trabajo clausur\u00f3 el establecimiento porque claramente no se encuentran con capacidad de dar trabajo, no podemos permitir que hagan lo que quieran con la gente\u201d, dijo.<\/p>\n\n\n\n<p class=\"wp-block-paragraph\">El gremio recomend\u00f3 que si alguna persona detecta trabajo irregular, puede realizar la denuncia en la p\u00e1gina web https:\/\/www.uatre.org.ar\/denuncia.aspx o en la seccional m\u00e1s cercana a su domicilio.<\/p>\n","protected":false},"excerpt":{"rendered":"<p>La delegaci\u00f3n de Uatre La Pampa llev\u00f3 a cabo un operativo en establecimientos agropecuarios de General Pico, donde se hallaron serias irregularidades que provocaron la clausura de la empresa, hasta&hellip;<\/p>\n","protected":false},"author":3,"featured_media":235821,"comment_status":"closed","ping_status":"open","sticky":false,"template":"","format":"standard","meta":{"_acf_changed":false,"footnotes":""},"categories":[1,20],"tags":[],"class_list":["post-235819","post","type-post","status-publish","format-standard","has-post-thumbnail","hentry","category-es-noticia","category-campo"],"acf":[],"yoast_head":"<!-- This site is optimized with the Yoast SEO plugin v28.3 - https:\/\/yoast.com\/product\/yoast-seo-wordpress\/ -->\n<title>El Renatre clausur\u00f3 un campo en la zona de Pico por irregularidades con sus trabajadores - Diario Textual<\/title>\n<meta name=\"robots\" content=\"index, follow, max-snippet:-1, max-image-preview:large, max-video-preview:-1\" \/>\n<link rel=\"canonical\" href=\"https:\/\/diariotextual.com\/inicio\/index.php\/2023\/08\/30\/el-renatre-clausuro-un-campo-en-la-zona-de-pico-por-irregularidades-con-sus-trabajadores\/\" \/>\n<meta property=\"og:locale\" content=\"es_ES\" \/>\n<meta property=\"og:type\" content=\"article\" \/>\n<meta property=\"og:title\" content=\"El Renatre clausur\u00f3 un campo en la zona de Pico por irregularidades con sus trabajadores - Diario Textual\" \/>\n<meta property=\"og:description\" content=\"La delegaci\u00f3n de Uatre La Pampa llev\u00f3 a cabo un operativo en establecimientos agropecuarios de General Pico, donde se hallaron serias irregularidades que provocaron la clausura de la empresa, hasta&hellip;\" \/>\n<meta property=\"og:url\" content=\"https:\/\/diariotextual.com\/inicio\/index.php\/2023\/08\/30\/el-renatre-clausuro-un-campo-en-la-zona-de-pico-por-irregularidades-con-sus-trabajadores\/\" \/>\n<meta property=\"og:site_name\" content=\"Diario Textual\" \/>\n<meta property=\"article:publisher\" content=\"https:\/\/www.facebook.com\/eltextual\" \/>\n<meta property=\"article:published_time\" content=\"2023-08-30T13:42:13+00:00\" \/>\n<meta property=\"article:modified_time\" content=\"2023-08-30T20:53:55+00:00\" \/>\n<meta property=\"og:image\" content=\"https:\/\/diariotextual.com\/inicio\/wp-content\/uploads\/2023\/08\/campoirregularidadespicouatre2023-1.jpg\" \/>\n\t<meta property=\"og:image:width\" content=\"1024\" \/>\n\t<meta property=\"og:image:height\" content=\"656\" \/>\n\t<meta property=\"og:image:type\" content=\"image\/jpeg\" \/>\n<meta name=\"author\" content=\"Diario1 Diario1\" \/>\n<meta name=\"twitter:card\" content=\"summary_large_image\" \/>\n<meta name=\"twitter:creator\" content=\"@eltextual\" \/>\n<meta name=\"twitter:site\" content=\"@eltextual\" \/>\n<meta name=\"twitter:label1\" content=\"Escrito por\" \/>\n\t<meta name=\"twitter:data1\" content=\"Diario1 Diario1\" \/>\n\t<meta name=\"twitter:label2\" content=\"Tiempo de lectura\" \/>\n\t<meta name=\"twitter:data2\" content=\"1 minuto\" \/>\n<script type=\"application\/ld+json\" class=\"yoast-schema-graph\">{\"@context\":\"https:\\\/\\\/schema.org\",\"@graph\":[{\"@type\":\"Article\",\"@id\":\"https:\\\/\\\/diariotextual.com\\\/inicio\\\/index.php\\\/2023\\\/08\\\/30\\\/el-renatre-clausuro-un-campo-en-la-zona-de-pico-por-irregularidades-con-sus-trabajadores\\\/#article\",\"isPartOf\":{\"@id\":\"https:\\\/\\\/diariotextual.com\\\/inicio\\\/index.php\\\/2023\\\/08\\\/30\\\/el-renatre-clausuro-un-campo-en-la-zona-de-pico-por-irregularidades-con-sus-trabajadores\\\/\"},\"author\":{\"name\":\"Diario1 Diario1\",\"@id\":\"https:\\\/\\\/diariotextual.com\\\/inicio\\\/#\\\/schema\\\/person\\\/418fc4093c33e86ed41562db3508f958\"},\"headline\":\"El Renatre clausur\u00f3 un campo en la zona de Pico por irregularidades con sus trabajadores\",\"datePublished\":\"2023-08-30T13:42:13+00:00\",\"dateModified\":\"2023-08-30T20:53:55+00:00\",\"mainEntityOfPage\":{\"@id\":\"https:\\\/\\\/diariotextual.com\\\/inicio\\\/index.php\\\/2023\\\/08\\\/30\\\/el-renatre-clausuro-un-campo-en-la-zona-de-pico-por-irregularidades-con-sus-trabajadores\\\/\"},\"wordCount\":185,\"publisher\":{\"@id\":\"https:\\\/\\\/diariotextual.com\\\/inicio\\\/#organization\"},\"image\":{\"@id\":\"https:\\\/\\\/diariotextual.com\\\/inicio\\\/index.php\\\/2023\\\/08\\\/30\\\/el-renatre-clausuro-un-campo-en-la-zona-de-pico-por-irregularidades-con-sus-trabajadores\\\/#primaryimage\"},\"thumbnailUrl\":\"https:\\\/\\\/diariotextual.com\\\/inicio\\\/wp-content\\\/uploads\\\/2023\\\/08\\\/campoirregularidadespicouatre2023-1.jpg\",\"articleSection\":[\"A - ES NOTICIA (van abajo)\",\"CAMPO\"],\"inLanguage\":\"es\"},{\"@type\":\"WebPage\",\"@id\":\"https:\\\/\\\/diariotextual.com\\\/inicio\\\/index.php\\\/2023\\\/08\\\/30\\\/el-renatre-clausuro-un-campo-en-la-zona-de-pico-por-irregularidades-con-sus-trabajadores\\\/\",\"url\":\"https:\\\/\\\/diariotextual.com\\\/inicio\\\/index.php\\\/2023\\\/08\\\/30\\\/el-renatre-clausuro-un-campo-en-la-zona-de-pico-por-irregularidades-con-sus-trabajadores\\\/\",\"name\":\"El Renatre clausur\u00f3 un campo en la zona de Pico por irregularidades con sus trabajadores - Diario Textual\",\"isPartOf\":{\"@id\":\"https:\\\/\\\/diariotextual.com\\\/inicio\\\/#website\"},\"primaryImageOfPage\":{\"@id\":\"https:\\\/\\\/diariotextual.com\\\/inicio\\\/index.php\\\/2023\\\/08\\\/30\\\/el-renatre-clausuro-un-campo-en-la-zona-de-pico-por-irregularidades-con-sus-trabajadores\\\/#primaryimage\"},\"image\":{\"@id\":\"https:\\\/\\\/diariotextual.com\\\/inicio\\\/index.php\\\/2023\\\/08\\\/30\\\/el-renatre-clausuro-un-campo-en-la-zona-de-pico-por-irregularidades-con-sus-trabajadores\\\/#primaryimage\"},\"thumbnailUrl\":\"https:\\\/\\\/diariotextual.com\\\/inicio\\\/wp-content\\\/uploads\\\/2023\\\/08\\\/campoirregularidadespicouatre2023-1.jpg\",\"datePublished\":\"2023-08-30T13:42:13+00:00\",\"dateModified\":\"2023-08-30T20:53:55+00:00\",\"breadcrumb\":{\"@id\":\"https:\\\/\\\/diariotextual.com\\\/inicio\\\/index.php\\\/2023\\\/08\\\/30\\\/el-renatre-clausuro-un-campo-en-la-zona-de-pico-por-irregularidades-con-sus-trabajadores\\\/#breadcrumb\"},\"inLanguage\":\"es\",\"potentialAction\":[{\"@type\":\"ReadAction\",\"target\":[\"https:\\\/\\\/diariotextual.com\\\/inicio\\\/index.php\\\/2023\\\/08\\\/30\\\/el-renatre-clausuro-un-campo-en-la-zona-de-pico-por-irregularidades-con-sus-trabajadores\\\/\"]}]},{\"@type\":\"ImageObject\",\"inLanguage\":\"es\",\"@id\":\"https:\\\/\\\/diariotextual.com\\\/inicio\\\/index.php\\\/2023\\\/08\\\/30\\\/el-renatre-clausuro-un-campo-en-la-zona-de-pico-por-irregularidades-con-sus-trabajadores\\\/#primaryimage\",\"url\":\"https:\\\/\\\/diariotextual.com\\\/inicio\\\/wp-content\\\/uploads\\\/2023\\\/08\\\/campoirregularidadespicouatre2023-1.jpg\",\"contentUrl\":\"https:\\\/\\\/diariotextual.com\\\/inicio\\\/wp-content\\\/uploads\\\/2023\\\/08\\\/campoirregularidadespicouatre2023-1.jpg\",\"width\":1024,\"height\":656},{\"@type\":\"BreadcrumbList\",\"@id\":\"https:\\\/\\\/diariotextual.com\\\/inicio\\\/index.php\\\/2023\\\/08\\\/30\\\/el-renatre-clausuro-un-campo-en-la-zona-de-pico-por-irregularidades-con-sus-trabajadores\\\/#breadcrumb\",\"itemListElement\":[{\"@type\":\"ListItem\",\"position\":1,\"name\":\"Portada\",\"item\":\"https:\\\/\\\/diariotextual.com\\\/inicio\\\/\"},{\"@type\":\"ListItem\",\"position\":2,\"name\":\"El Renatre clausur\u00f3 un campo en la zona de Pico por irregularidades con sus trabajadores\"}]},{\"@type\":\"WebSite\",\"@id\":\"https:\\\/\\\/diariotextual.com\\\/inicio\\\/#website\",\"url\":\"https:\\\/\\\/diariotextual.com\\\/inicio\\\/\",\"name\":\"Diario Textual\",\"description\":\"\",\"publisher\":{\"@id\":\"https:\\\/\\\/diariotextual.com\\\/inicio\\\/#organization\"},\"potentialAction\":[{\"@type\":\"SearchAction\",\"target\":{\"@type\":\"EntryPoint\",\"urlTemplate\":\"https:\\\/\\\/diariotextual.com\\\/inicio\\\/?s={search_term_string}\"},\"query-input\":{\"@type\":\"PropertyValueSpecification\",\"valueRequired\":true,\"valueName\":\"search_term_string\"}}],\"inLanguage\":\"es\"},{\"@type\":\"Organization\",\"@id\":\"https:\\\/\\\/diariotextual.com\\\/inicio\\\/#organization\",\"name\":\"Diario Textual\",\"url\":\"https:\\\/\\\/diariotextual.com\\\/inicio\\\/\",\"logo\":{\"@type\":\"ImageObject\",\"inLanguage\":\"es\",\"@id\":\"https:\\\/\\\/diariotextual.com\\\/inicio\\\/#\\\/schema\\\/logo\\\/image\\\/\",\"url\":\"https:\\\/\\\/diariotextual.com\\\/inicio\\\/wp-content\\\/uploads\\\/2023\\\/05\\\/logotextual1.jpg\",\"contentUrl\":\"https:\\\/\\\/diariotextual.com\\\/inicio\\\/wp-content\\\/uploads\\\/2023\\\/05\\\/logotextual1.jpg\",\"width\":516,\"height\":76,\"caption\":\"Diario Textual\"},\"image\":{\"@id\":\"https:\\\/\\\/diariotextual.com\\\/inicio\\\/#\\\/schema\\\/logo\\\/image\\\/\"},\"sameAs\":[\"https:\\\/\\\/www.facebook.com\\\/eltextual\",\"https:\\\/\\\/x.com\\\/eltextual\",\"http:\\\/\\\/www.instagram.com\\\/eltextual\"]},{\"@type\":\"Person\",\"@id\":\"https:\\\/\\\/diariotextual.com\\\/inicio\\\/#\\\/schema\\\/person\\\/418fc4093c33e86ed41562db3508f958\",\"name\":\"Diario1 Diario1\",\"image\":{\"@type\":\"ImageObject\",\"inLanguage\":\"es\",\"@id\":\"https:\\\/\\\/secure.gravatar.com\\\/avatar\\\/9167d280179c85bc18be67aa7eda765854300033af4896dd779b608640f2ef7a?s=96&d=mm&r=g\",\"url\":\"https:\\\/\\\/secure.gravatar.com\\\/avatar\\\/9167d280179c85bc18be67aa7eda765854300033af4896dd779b608640f2ef7a?s=96&d=mm&r=g\",\"contentUrl\":\"https:\\\/\\\/secure.gravatar.com\\\/avatar\\\/9167d280179c85bc18be67aa7eda765854300033af4896dd779b608640f2ef7a?s=96&d=mm&r=g\",\"caption\":\"Diario1 Diario1\"},\"url\":\"https:\\\/\\\/diariotextual.com\\\/inicio\\\/index.php\\\/author\\\/diario1\\\/\"}]}<\/script>\n<!-- \/ Yoast SEO plugin. -->","yoast_head_json":{"title":"El Renatre clausur\u00f3 un campo en la zona de Pico por irregularidades con sus trabajadores - Diario Textual","robots":{"index":"index","follow":"follow","max-snippet":"max-snippet:-1","max-image-preview":"max-image-preview:large","max-video-preview":"max-video-preview:-1"},"canonical":"https:\/\/diariotextual.com\/inicio\/index.php\/2023\/08\/30\/el-renatre-clausuro-un-campo-en-la-zona-de-pico-por-irregularidades-con-sus-trabajadores\/","og_locale":"es_ES","og_type":"article","og_title":"El Renatre clausur\u00f3 un campo en la zona de Pico por irregularidades con sus trabajadores - Diario Textual","og_description":"La delegaci\u00f3n de Uatre La Pampa llev\u00f3 a cabo un operativo en establecimientos agropecuarios de General Pico, donde se hallaron serias irregularidades que provocaron la clausura de la empresa, hasta&hellip;","og_url":"https:\/\/diariotextual.com\/inicio\/index.php\/2023\/08\/30\/el-renatre-clausuro-un-campo-en-la-zona-de-pico-por-irregularidades-con-sus-trabajadores\/","og_site_name":"Diario Textual","article_publisher":"https:\/\/www.facebook.com\/eltextual","article_published_time":"2023-08-30T13:42:13+00:00","article_modified_time":"2023-08-30T20:53:55+00:00","og_image":[{"width":1024,"height":656,"url":"https:\/\/diariotextual.com\/inicio\/wp-content\/uploads\/2023\/08\/campoirregularidadespicouatre2023-1.jpg","type":"image\/jpeg"}],"author":"Diario1 Diario1","twitter_card":"summary_large_image","twitter_creator":"@eltextual","twitter_site":"@eltextual","twitter_misc":{"Escrito por":"Diario1 Diario1","Tiempo de lectura":"1 minuto"},"schema":{"@context":"https:\/\/schema.org","@graph":[{"@type":"Article","@id":"https:\/\/diariotextual.com\/inicio\/index.php\/2023\/08\/30\/el-renatre-clausuro-un-campo-en-la-zona-de-pico-por-irregularidades-con-sus-trabajadores\/#article","isPartOf":{"@id":"https:\/\/diariotextual.com\/inicio\/index.php\/2023\/08\/30\/el-renatre-clausuro-un-campo-en-la-zona-de-pico-por-irregularidades-con-sus-trabajadores\/"},"author":{"name":"Diario1 Diario1","@id":"https:\/\/diariotextual.com\/inicio\/#\/schema\/person\/418fc4093c33e86ed41562db3508f958"},"headline":"El Renatre clausur\u00f3 un campo en la zona de Pico por irregularidades con sus trabajadores","datePublished":"2023-08-30T13:42:13+00:00","dateModified":"2023-08-30T20:53:55+00:00","mainEntityOfPage":{"@id":"https:\/\/diariotextual.com\/inicio\/index.php\/2023\/08\/30\/el-renatre-clausuro-un-campo-en-la-zona-de-pico-por-irregularidades-con-sus-trabajadores\/"},"wordCount":185,"publisher":{"@id":"https:\/\/diariotextual.com\/inicio\/#organization"},"image":{"@id":"https:\/\/diariotextual.com\/inicio\/index.php\/2023\/08\/30\/el-renatre-clausuro-un-campo-en-la-zona-de-pico-por-irregularidades-con-sus-trabajadores\/#primaryimage"},"thumbnailUrl":"https:\/\/diariotextual.com\/inicio\/wp-content\/uploads\/2023\/08\/campoirregularidadespicouatre2023-1.jpg","articleSection":["A - ES NOTICIA (van abajo)","CAMPO"],"inLanguage":"es"},{"@type":"WebPage","@id":"https:\/\/diariotextual.com\/inicio\/index.php\/2023\/08\/30\/el-renatre-clausuro-un-campo-en-la-zona-de-pico-por-irregularidades-con-sus-trabajadores\/","url":"https:\/\/diariotextual.com\/inicio\/index.php\/2023\/08\/30\/el-renatre-clausuro-un-campo-en-la-zona-de-pico-por-irregularidades-con-sus-trabajadores\/","name":"El Renatre clausur\u00f3 un campo en la zona de Pico por irregularidades con sus trabajadores - Diario Textual","isPartOf":{"@id":"https:\/\/diariotextual.com\/inicio\/#website"},"primaryImageOfPage":{"@id":"https:\/\/diariotextual.com\/inicio\/index.php\/2023\/08\/30\/el-renatre-clausuro-un-campo-en-la-zona-de-pico-por-irregularidades-con-sus-trabajadores\/#primaryimage"},"image":{"@id":"https:\/\/diariotextual.com\/inicio\/index.php\/2023\/08\/30\/el-renatre-clausuro-un-campo-en-la-zona-de-pico-por-irregularidades-con-sus-trabajadores\/#primaryimage"},"thumbnailUrl":"https:\/\/diariotextual.com\/inicio\/wp-content\/uploads\/2023\/08\/campoirregularidadespicouatre2023-1.jpg","datePublished":"2023-08-30T13:42:13+00:00","dateModified":"2023-08-30T20:53:55+00:00","breadcrumb":{"@id":"https:\/\/diariotextual.com\/inicio\/index.php\/2023\/08\/30\/el-renatre-clausuro-un-campo-en-la-zona-de-pico-por-irregularidades-con-sus-trabajadores\/#breadcrumb"},"inLanguage":"es","potentialAction":[{"@type":"ReadAction","target":["https:\/\/diariotextual.com\/inicio\/index.php\/2023\/08\/30\/el-renatre-clausuro-un-campo-en-la-zona-de-pico-por-irregularidades-con-sus-trabajadores\/"]}]},{"@type":"ImageObject","inLanguage":"es","@id":"https:\/\/diariotextual.com\/inicio\/index.php\/2023\/08\/30\/el-renatre-clausuro-un-campo-en-la-zona-de-pico-por-irregularidades-con-sus-trabajadores\/#primaryimage","url":"https:\/\/diariotextual.com\/inicio\/wp-content\/uploads\/2023\/08\/campoirregularidadespicouatre2023-1.jpg","contentUrl":"https:\/\/diariotextual.com\/inicio\/wp-content\/uploads\/2023\/08\/campoirregularidadespicouatre2023-1.jpg","width":1024,"height":656},{"@type":"BreadcrumbList","@id":"https:\/\/diariotextual.com\/inicio\/index.php\/2023\/08\/30\/el-renatre-clausuro-un-campo-en-la-zona-de-pico-por-irregularidades-con-sus-trabajadores\/#breadcrumb","itemListElement":[{"@type":"ListItem","position":1,"name":"Portada","item":"https:\/\/diariotextual.com\/inicio\/"},{"@type":"ListItem","position":2,"name":"El Renatre clausur\u00f3 un campo en la zona de Pico por irregularidades con sus trabajadores"}]},{"@type":"WebSite","@id":"https:\/\/diariotextual.com\/inicio\/#website","url":"https:\/\/diariotextual.com\/inicio\/","name":"Diario Textual","description":"","publisher":{"@id":"https:\/\/diariotextual.com\/inicio\/#organization"},"potentialAction":[{"@type":"SearchAction","target":{"@type":"EntryPoint","urlTemplate":"https:\/\/diariotextual.com\/inicio\/?s={search_term_string}"},"query-input":{"@type":"PropertyValueSpecification","valueRequired":true,"valueName":"search_term_string"}}],"inLanguage":"es"},{"@type":"Organization","@id":"https:\/\/diariotextual.com\/inicio\/#organization","name":"Diario Textual","url":"https:\/\/diariotextual.com\/inicio\/","logo":{"@type":"ImageObject","inLanguage":"es","@id":"https:\/\/diariotextual.com\/inicio\/#\/schema\/logo\/image\/","url":"https:\/\/diariotextual.com\/inicio\/wp-content\/uploads\/2023\/05\/logotextual1.jpg","contentUrl":"https:\/\/diariotextual.com\/inicio\/wp-content\/uploads\/2023\/05\/logotextual1.jpg","width":516,"height":76,"caption":"Diario Textual"},"image":{"@id":"https:\/\/diariotextual.com\/inicio\/#\/schema\/logo\/image\/"},"sameAs":["https:\/\/www.facebook.com\/eltextual","https:\/\/x.com\/eltextual","http:\/\/www.instagram.com\/eltextual"]},{"@type":"Person","@id":"https:\/\/diariotextual.com\/inicio\/#\/schema\/person\/418fc4093c33e86ed41562db3508f958","name":"Diario1 Diario1","image":{"@type":"ImageObject","inLanguage":"es","@id":"https:\/\/secure.gravatar.com\/avatar\/9167d280179c85bc18be67aa7eda765854300033af4896dd779b608640f2ef7a?s=96&d=mm&r=g","url":"https:\/\/secure.gravatar.com\/avatar\/9167d280179c85bc18be67aa7eda765854300033af4896dd779b608640f2ef7a?s=96&d=mm&r=g","contentUrl":"https:\/\/secure.gravatar.com\/avatar\/9167d280179c85bc18be67aa7eda765854300033af4896dd779b608640f2ef7a?s=96&d=mm&r=g","caption":"Diario1 Diario1"},"url":"https:\/\/diariotextual.com\/inicio\/index.php\/author\/diario1\/"}]}},"_links":{"self":[{"href":"https:\/\/diariotextual.com\/inicio\/index.php\/wp-json\/wp\/v2\/posts\/235819","targetHints":{"allow":["GET"]}}],"collection":[{"href":"https:\/\/diariotextual.com\/inicio\/index.php\/wp-json\/wp\/v2\/posts"}],"about":[{"href":"https:\/\/diariotextual.com\/inicio\/index.php\/wp-json\/wp\/v2\/types\/post"}],"author":[{"embeddable":true,"href":"https:\/\/diariotextual.com\/inicio\/index.php\/wp-json\/wp\/v2\/users\/3"}],"replies":[{"embeddable":true,"href":"https:\/\/diariotextual.com\/inicio\/index.php\/wp-json\/wp\/v2\/comments?post=235819"}],"version-history":[{"count":1,"href":"https:\/\/diariotextual.com\/inicio\/index.php\/wp-json\/wp\/v2\/posts\/235819\/revisions"}],"predecessor-version":[{"id":235820,"href":"https:\/\/diariotextual.com\/inicio\/index.php\/wp-json\/wp\/v2\/posts\/235819\/revisions\/235820"}],"wp:featuredmedia":[{"embeddable":true,"href":"https:\/\/diariotextual.com\/inicio\/index.php\/wp-json\/wp\/v2\/media\/235821"}],"wp:attachment":[{"href":"https:\/\/diariotextual.com\/inicio\/index.php\/wp-json\/wp\/v2\/media?parent=235819"}],"wp:term":[{"taxonomy":"category","embeddable":true,"href":"https:\/\/diariotextual.com\/inicio\/index.php\/wp-json\/wp\/v2\/categories?post=235819"},{"taxonomy":"post_tag","embeddable":true,"href":"https:\/\/diariotextual.com\/inicio\/index.php\/wp-json\/wp\/v2\/tags?post=235819"}],"curies":[{"name":"wp","href":"https:\/\/api.w.org\/{rel}","templated":true}]}}