{"id":235857,"date":"2023-08-31T06:38:53","date_gmt":"2023-08-31T09:38:53","guid":{"rendered":"https:\/\/diariotextual.com\/inicio\/?p=235857"},"modified":"2023-08-31T13:52:11","modified_gmt":"2023-08-31T16:52:11","slug":"que-dice-el-decreto-del-gobierno-que-oficializa-la-suma-fija-de-60-000","status":"publish","type":"post","link":"https:\/\/diariotextual.com\/inicio\/index.php\/2023\/08\/31\/que-dice-el-decreto-del-gobierno-que-oficializa-la-suma-fija-de-60-000\/","title":{"rendered":"Qu\u00e9 dice el decreto del Gobierno que oficializa la suma fija de $60.000"},"content":{"rendered":"\n<p>El <strong>Gobierno nacional <\/strong>public\u00f3 el Decreto de Necesidad y Urgencia (DNU) que estable la suma fija de $60 mil pesos para empleados p\u00fablicos y privados. Desde que el ministro de Econom\u00eda Sergio Massa dio a conocer la medida el domingo, se gener\u00f3 una amplia expectativa por la letra chica del anuncio.<\/p>\n\n\n\n<p>Este bono, que fue rechazado por parte de algunos gobernadores -en el caso de La Pampa, los estatales provinciales tienen ajustes mensuales- y empresarios,\u00a0<strong>se pagar\u00e1 en dos cuotas de $30 mil\u00a0<\/strong>que se percibir\u00e1n en septiembre y en octubre.<\/p>\n\n\n\n<p>El decreto contiene los detalles de la implementaci\u00f3n del bono y establece a qui\u00e9nes est\u00e1 destinado, cu\u00e1les son los montos, c\u00f3mo se pagar\u00e1 y qu\u00e9 pasar\u00e1 con las paritarias. La disposici\u00f3n cuenta<strong>&nbsp;con 22 art\u00edculos.<\/strong>&nbsp;<strong>El texto no contempla sanciones ni multas por incumplimiento.<\/strong><\/p>\n\n\n\n<p>La disposici\u00f3n argumenta que \u201cresulta necesaria la implementaci\u00f3n de un aumento de los ingresos de los trabajadores y las trabajadoras en relaci\u00f3n de dependencia del sector privado, p\u00fablico y de casas particulares, el cual\u00a0<strong>permitir\u00e1 mitigar la ca\u00edda en los salarios reales hasta que la negociaci\u00f3n colectiva consiga recuperar el poder adquisitivo perdido por la aceleraci\u00f3n inflacionaria inesperada<\/strong>\u201d.<\/p>\n\n\n\n<p>E indica que \u201cpara que la pol\u00edtica de ingresos planteada no afecte la din\u00e1mica de la negociaci\u00f3n colectiva, los acuerdos paritarios&nbsp;<strong>podr\u00e1n absorber a la asignaci\u00f3n no remunerativa con los aumentos salariales pactados<\/strong>\u201d.<\/p>\n\n\n\n<p>En tanto, hace una referencia a las C\u00e1maras Empresarias que cuestionaron la medida e insta a que \u201cse pronuncien mediante sendas resoluciones y<strong>\u00a0que el rechazo o aprobaci\u00f3n de los decretos deber\u00e1 ser expreso<\/strong>. Que los servicios de asesoramiento jur\u00eddico permanentes han tomado la intervenci\u00f3n que les compete\u201d.<\/p>\n\n\n\n<p><em>\u2013 Establ\u00e9cese una asignaci\u00f3n no remunerativa para los trabajadores y las trabajadoras que cumplen tareas en relaci\u00f3n de dependencia en el sector privado, que ascender\u00e1 a la suma de $60.000, que ser\u00e1 abonada por los sujetos empleadores en dos cuotas de $30.000 con los salarios devengados en los meses de agosto y septiembre de 2023.<\/em><\/p>\n\n\n\n<p>\u2013\u00a0<em>Establ\u00e9cese una asignaci\u00f3n no remunerativa para los trabajadores y las trabajadoras del \u201cR\u00e9gimen de Contrato de Trabajo para el Personal de Casas Particulares\u201d, que ascender\u00e1 a la suma de $25.000 y ser\u00e1 abonada por los sujetos empleadores en dos cuotas de $12.500 con los salarios devengados en los meses de agosto y septiembre de 2023.<\/em><\/p>\n\n\n\n<p>\u2013&nbsp;<em>Cuando la prestaci\u00f3n de servicios fuere inferior a la jornada legal o convencional, los trabajadores y las trabajadoras&nbsp;<strong>percibir\u00e1n la asignaci\u00f3n no remunerativa en forma proporcional<\/strong>, de acuerdo a los mecanismos de liquidaci\u00f3n previstos en el Convenio Colectivo de Trabajo aplicable o, supletoriamente, seg\u00fan las reglas generales contenidas en las leyes que les resulten aplicables de acuerdo a su modalidad de contrataci\u00f3n.<\/em><\/p>\n\n\n\n<p><em>\u2013 La asignaci\u00f3n no remunerativa se aplicar\u00e1 a los trabajadores y las trabajadoras que perciben salarios netos, incluyendo conceptos remunerativos y no remunerativos, correspondientes al devengado en el mes de agosto de 2023<strong>, inferiores a $400.000 o el monto proporcional en el caso de que la prestaci\u00f3n de servicios del trabajador o de la trabajadora fuere inferior a la jornada legal o convencional<\/strong><\/em>.<\/p>\n\n\n\n<p>\u2013<em>&nbsp;El monto mensual de la asignaci\u00f3n no remunerativa ser\u00e1 equivalente a: 1) $30.000 para los trabajadores y las trabajadoras que perciben salarios netos, correspondientes al devengado en el mes de agosto de 2023, menores o iguales a $370.000. 2) La diferencia entre $400.000 y los salarios netos superiores a $370.000 correspondientes al devengado en el mes de agosto de 2023 para los trabajadores y las trabajadoras que perciben salarios netos mayores al \u00faltimo monto mencionado, pero menores a $400.000. Cuando la prestaci\u00f3n de servicios del trabajador o de la trabajadora fuere inferior a la jornada legal o convencional, los montos mencionados en el presente art\u00edculo ser\u00e1n expresados en forma proporcional a la jornada trabajada.<\/em><\/p>\n\n\n\n<p>\u2013&nbsp;<em>El monto mensual de la asignaci\u00f3n no remunerativa para \u201cTrabajo para el Personal de Casas Particulares\u201d ser\u00e1 equivalente a: 1) $12.500 para los trabajadores y las trabajadoras que perciben salarios netos, correspondientes al devengado en el mes de agosto de 2023, menores o iguales a $387.500<\/em><\/p>\n\n\n\n<p>\u2013&nbsp;<em>Las asignaciones no remunerativas previstas<strong>&nbsp;podr\u00e1n ser absorbidas en concepto de aumentos salariales establecidos en los acuerdos<\/strong>, en el marco dispuesto por las Comisiones Negociadoras de sus respectivos Convenios Colectivos de Trabajo.<\/em><\/p>\n\n\n\n<p>\u2013\u00a0<em>Las Micro y Peque\u00f1as Empresas que cuenten con Certificado MiPyME vigente a la fecha de entrada en vigor del presente decreto podr\u00e1n computar a cuenta del pago de sus contribuciones patronales declaradas con destino al Sistema Integrado Previsional Argentino (SIPA), al Instituto Nacional de Servicios Sociales para Jubilados y Pensionados, al Fondo Nacional de Empleo, y al R\u00e9gimen de Asignaciones Familiares. Las sumas abonadas en concepto de la asignaci\u00f3n no remunerativa dispuesta, conforme a los siguientes porcentajes de reintegro para cada una de las categor\u00edas del Registro MiPyME detalladas: a.\u00a0<strong>Micro: 100 % del monto total abonado en concepto de asignaci\u00f3n no remunerativa. b. Peque\u00f1a: 50% del monto total abonado en concepto de asignaci\u00f3n no remunerativa.\u00a0<\/strong>Los reintegros establecidos en el presente art\u00edculo ser\u00e1n efectuados durante los meses correspondientes al pago de la asignaci\u00f3n no remunerativa y tendr\u00e1n como monto m\u00e1ximo mensual el total de las contribuciones patronales declaradas con destino a los subsistemas enunciados.<\/em><\/p>\n\n\n\n<p>\u2013&nbsp;<em>Aquellos empleadores o aquellas empleadoras del \u201cR\u00e9gimen de Contrato de Trabajo para el Personal de Casas Particulares\u201d que no fueren alcanzados o alcanzadas por el Impuesto sobre los Bienes Personales en el Ejercicio Fiscal 2022 y que hayan percibido ingresos netos en el mes agosto de 2023 por un monto inferior a $1.500.000 y que hubieren abonado el importe correspondiente a la asignaci\u00f3n no remunerativa&nbsp;<strong>podr\u00e1n solicitar el reintegro de hasta el 50% de lo abonado por este concepto.<\/strong><\/em><\/p>\n\n\n\n<p><em>\u2013 El beneficio para las micro y peque\u00f1as empresas ser\u00e1 compensado con recursos del Tesoro Nacional \u201ccon el fin de no afectar el financiamiento de la seguridad social ni el c\u00e1lculo correspondiente a la movilidad previsional\u201d.<\/em><\/p>\n\n\n\n<p>\u2013&nbsp;<em>El pago de la primera cuota de la asignaci\u00f3n no remunerativa correspondiente al salario devengado del mes de agosto de 2023 se efectuar\u00e1 dentro del plazo m\u00e1ximo de 15 d\u00edas h\u00e1biles, contados a partir del 1\u00b0 de septiembre de 2023. La segunda cuota de la asignaci\u00f3n no remunerativa correspondiente al salario devengado del mes de septiembre de 2023 deber\u00e1 ser abonada en los t\u00e9rminos de la normativa legal vigente.<\/em><\/p>\n\n\n\n<p>\u2013&nbsp;<em>Encomi\u00e9ndase a la AFIP a prorrogar el vencimiento del impuesto integrado \u2013componente impositivo- de los contribuyentes adheridos y las contribuyentes adheridas al R\u00e9gimen Simplificado para Peque\u00f1os Contribuyentes (RS) comprendidos y comprendidas en las categor\u00edas A, B C y D -y con las condiciones que disponga-, correspondientes a los per\u00edodos septiembre, octubre, noviembre, diciembre de 2023 y enero y febrero de 2024.<\/em><\/p>\n\n\n\n<p><em>\u2013 Encomi\u00e9ndase a la AFIP a prorrogar los vencimientos para el pago del Impuesto al Valor Agregado (IVA) y de las contribuciones de la seguridad social.<\/em><\/p>\n\n\n\n<p><em>\u2013 Fac\u00faltase al Ministerio de Econom\u00eda, de Trabajo y AFIP a dictar, en el marco de sus respectivas competencias, las normas complementarias, aclaratorias y operativas que resulten necesarias para la efectiva aplicaci\u00f3n de lo dispuesto en el presente decreto.<\/em><\/p>\n","protected":false},"excerpt":{"rendered":"<p>El Gobierno nacional public\u00f3 el Decreto de Necesidad y Urgencia (DNU) que estable la suma fija de $60 mil pesos para empleados p\u00fablicos y privados. Desde que el ministro de&hellip;<\/p>\n","protected":false},"author":3,"featured_media":168071,"comment_status":"closed","ping_status":"open","sticky":false,"template":"","format":"standard","meta":{"_acf_changed":false,"footnotes":""},"categories":[11,8],"tags":[],"class_list":["post-235857","post","type-post","status-publish","format-standard","has-post-thumbnail","hentry","category-que-pasa","category-politica"],"acf":[],"yoast_head":"<!-- This site is optimized with the Yoast SEO plugin v27.5 - https:\/\/yoast.com\/product\/yoast-seo-wordpress\/ -->\n<title>Qu\u00e9 dice el decreto del Gobierno que oficializa la suma fija de $60.000 - Diario Textual<\/title>\n<meta name=\"robots\" content=\"index, follow, max-snippet:-1, max-image-preview:large, max-video-preview:-1\" \/>\n<link rel=\"canonical\" href=\"https:\/\/diariotextual.com\/inicio\/index.php\/2023\/08\/31\/que-dice-el-decreto-del-gobierno-que-oficializa-la-suma-fija-de-60-000\/\" \/>\n<meta property=\"og:locale\" content=\"es_ES\" \/>\n<meta property=\"og:type\" content=\"article\" \/>\n<meta property=\"og:title\" content=\"Qu\u00e9 dice el decreto del Gobierno que oficializa la suma fija de $60.000 - Diario Textual\" \/>\n<meta property=\"og:description\" content=\"El Gobierno nacional public\u00f3 el Decreto de Necesidad y Urgencia (DNU) que estable la suma fija de $60 mil pesos para empleados p\u00fablicos y privados. Desde que el ministro de&hellip;\" \/>\n<meta property=\"og:url\" content=\"https:\/\/diariotextual.com\/inicio\/index.php\/2023\/08\/31\/que-dice-el-decreto-del-gobierno-que-oficializa-la-suma-fija-de-60-000\/\" \/>\n<meta property=\"og:site_name\" content=\"Diario Textual\" \/>\n<meta property=\"article:publisher\" content=\"https:\/\/www.facebook.com\/eltextual\" \/>\n<meta property=\"article:published_time\" content=\"2023-08-31T09:38:53+00:00\" \/>\n<meta property=\"article:modified_time\" content=\"2023-08-31T16:52:11+00:00\" \/>\n<meta property=\"og:image\" content=\"https:\/\/diariotextual.com\/inicio\/wp-content\/uploads\/2021\/11\/fernandezalbertotelam2021-2002.jpg\" \/>\n\t<meta property=\"og:image:width\" content=\"866\" \/>\n\t<meta property=\"og:image:height\" content=\"540\" \/>\n\t<meta property=\"og:image:type\" content=\"image\/jpeg\" \/>\n<meta name=\"author\" content=\"Diario1 Diario1\" \/>\n<meta name=\"twitter:card\" content=\"summary_large_image\" \/>\n<meta name=\"twitter:creator\" content=\"@eltextual\" \/>\n<meta name=\"twitter:site\" content=\"@eltextual\" \/>\n<meta name=\"twitter:label1\" content=\"Escrito por\" \/>\n\t<meta name=\"twitter:data1\" content=\"Diario1 Diario1\" \/>\n\t<meta name=\"twitter:label2\" content=\"Tiempo de lectura\" \/>\n\t<meta name=\"twitter:data2\" content=\"6 minutos\" \/>\n<script type=\"application\/ld+json\" class=\"yoast-schema-graph\">{\"@context\":\"https:\\\/\\\/schema.org\",\"@graph\":[{\"@type\":\"Article\",\"@id\":\"https:\\\/\\\/diariotextual.com\\\/inicio\\\/index.php\\\/2023\\\/08\\\/31\\\/que-dice-el-decreto-del-gobierno-que-oficializa-la-suma-fija-de-60-000\\\/#article\",\"isPartOf\":{\"@id\":\"https:\\\/\\\/diariotextual.com\\\/inicio\\\/index.php\\\/2023\\\/08\\\/31\\\/que-dice-el-decreto-del-gobierno-que-oficializa-la-suma-fija-de-60-000\\\/\"},\"author\":{\"name\":\"Diario1 Diario1\",\"@id\":\"https:\\\/\\\/diariotextual.com\\\/inicio\\\/#\\\/schema\\\/person\\\/418fc4093c33e86ed41562db3508f958\"},\"headline\":\"Qu\u00e9 dice el decreto del Gobierno que oficializa la suma fija de $60.000\",\"datePublished\":\"2023-08-31T09:38:53+00:00\",\"dateModified\":\"2023-08-31T16:52:11+00:00\",\"mainEntityOfPage\":{\"@id\":\"https:\\\/\\\/diariotextual.com\\\/inicio\\\/index.php\\\/2023\\\/08\\\/31\\\/que-dice-el-decreto-del-gobierno-que-oficializa-la-suma-fija-de-60-000\\\/\"},\"wordCount\":1226,\"publisher\":{\"@id\":\"https:\\\/\\\/diariotextual.com\\\/inicio\\\/#organization\"},\"image\":{\"@id\":\"https:\\\/\\\/diariotextual.com\\\/inicio\\\/index.php\\\/2023\\\/08\\\/31\\\/que-dice-el-decreto-del-gobierno-que-oficializa-la-suma-fija-de-60-000\\\/#primaryimage\"},\"thumbnailUrl\":\"https:\\\/\\\/diariotextual.com\\\/inicio\\\/wp-content\\\/uploads\\\/2021\\\/11\\\/fernandezalbertotelam2021-2002.jpg\",\"articleSection\":[\"A - QUE PASA (al costado)\",\"POLITICA\"],\"inLanguage\":\"es\"},{\"@type\":\"WebPage\",\"@id\":\"https:\\\/\\\/diariotextual.com\\\/inicio\\\/index.php\\\/2023\\\/08\\\/31\\\/que-dice-el-decreto-del-gobierno-que-oficializa-la-suma-fija-de-60-000\\\/\",\"url\":\"https:\\\/\\\/diariotextual.com\\\/inicio\\\/index.php\\\/2023\\\/08\\\/31\\\/que-dice-el-decreto-del-gobierno-que-oficializa-la-suma-fija-de-60-000\\\/\",\"name\":\"Qu\u00e9 dice el decreto del Gobierno que oficializa la suma fija de $60.000 - Diario Textual\",\"isPartOf\":{\"@id\":\"https:\\\/\\\/diariotextual.com\\\/inicio\\\/#website\"},\"primaryImageOfPage\":{\"@id\":\"https:\\\/\\\/diariotextual.com\\\/inicio\\\/index.php\\\/2023\\\/08\\\/31\\\/que-dice-el-decreto-del-gobierno-que-oficializa-la-suma-fija-de-60-000\\\/#primaryimage\"},\"image\":{\"@id\":\"https:\\\/\\\/diariotextual.com\\\/inicio\\\/index.php\\\/2023\\\/08\\\/31\\\/que-dice-el-decreto-del-gobierno-que-oficializa-la-suma-fija-de-60-000\\\/#primaryimage\"},\"thumbnailUrl\":\"https:\\\/\\\/diariotextual.com\\\/inicio\\\/wp-content\\\/uploads\\\/2021\\\/11\\\/fernandezalbertotelam2021-2002.jpg\",\"datePublished\":\"2023-08-31T09:38:53+00:00\",\"dateModified\":\"2023-08-31T16:52:11+00:00\",\"breadcrumb\":{\"@id\":\"https:\\\/\\\/diariotextual.com\\\/inicio\\\/index.php\\\/2023\\\/08\\\/31\\\/que-dice-el-decreto-del-gobierno-que-oficializa-la-suma-fija-de-60-000\\\/#breadcrumb\"},\"inLanguage\":\"es\",\"potentialAction\":[{\"@type\":\"ReadAction\",\"target\":[\"https:\\\/\\\/diariotextual.com\\\/inicio\\\/index.php\\\/2023\\\/08\\\/31\\\/que-dice-el-decreto-del-gobierno-que-oficializa-la-suma-fija-de-60-000\\\/\"]}]},{\"@type\":\"ImageObject\",\"inLanguage\":\"es\",\"@id\":\"https:\\\/\\\/diariotextual.com\\\/inicio\\\/index.php\\\/2023\\\/08\\\/31\\\/que-dice-el-decreto-del-gobierno-que-oficializa-la-suma-fija-de-60-000\\\/#primaryimage\",\"url\":\"https:\\\/\\\/diariotextual.com\\\/inicio\\\/wp-content\\\/uploads\\\/2021\\\/11\\\/fernandezalbertotelam2021-2002.jpg\",\"contentUrl\":\"https:\\\/\\\/diariotextual.com\\\/inicio\\\/wp-content\\\/uploads\\\/2021\\\/11\\\/fernandezalbertotelam2021-2002.jpg\",\"width\":866,\"height\":540},{\"@type\":\"BreadcrumbList\",\"@id\":\"https:\\\/\\\/diariotextual.com\\\/inicio\\\/index.php\\\/2023\\\/08\\\/31\\\/que-dice-el-decreto-del-gobierno-que-oficializa-la-suma-fija-de-60-000\\\/#breadcrumb\",\"itemListElement\":[{\"@type\":\"ListItem\",\"position\":1,\"name\":\"Portada\",\"item\":\"https:\\\/\\\/diariotextual.com\\\/inicio\\\/\"},{\"@type\":\"ListItem\",\"position\":2,\"name\":\"Qu\u00e9 dice el decreto del Gobierno que oficializa la suma fija de $60.000\"}]},{\"@type\":\"WebSite\",\"@id\":\"https:\\\/\\\/diariotextual.com\\\/inicio\\\/#website\",\"url\":\"https:\\\/\\\/diariotextual.com\\\/inicio\\\/\",\"name\":\"Diario Textual\",\"description\":\"\",\"publisher\":{\"@id\":\"https:\\\/\\\/diariotextual.com\\\/inicio\\\/#organization\"},\"potentialAction\":[{\"@type\":\"SearchAction\",\"target\":{\"@type\":\"EntryPoint\",\"urlTemplate\":\"https:\\\/\\\/diariotextual.com\\\/inicio\\\/?s={search_term_string}\"},\"query-input\":{\"@type\":\"PropertyValueSpecification\",\"valueRequired\":true,\"valueName\":\"search_term_string\"}}],\"inLanguage\":\"es\"},{\"@type\":\"Organization\",\"@id\":\"https:\\\/\\\/diariotextual.com\\\/inicio\\\/#organization\",\"name\":\"Diario Textual\",\"url\":\"https:\\\/\\\/diariotextual.com\\\/inicio\\\/\",\"logo\":{\"@type\":\"ImageObject\",\"inLanguage\":\"es\",\"@id\":\"https:\\\/\\\/diariotextual.com\\\/inicio\\\/#\\\/schema\\\/logo\\\/image\\\/\",\"url\":\"https:\\\/\\\/diariotextual.com\\\/inicio\\\/wp-content\\\/uploads\\\/2023\\\/05\\\/logotextual1.jpg\",\"contentUrl\":\"https:\\\/\\\/diariotextual.com\\\/inicio\\\/wp-content\\\/uploads\\\/2023\\\/05\\\/logotextual1.jpg\",\"width\":516,\"height\":76,\"caption\":\"Diario Textual\"},\"image\":{\"@id\":\"https:\\\/\\\/diariotextual.com\\\/inicio\\\/#\\\/schema\\\/logo\\\/image\\\/\"},\"sameAs\":[\"https:\\\/\\\/www.facebook.com\\\/eltextual\",\"https:\\\/\\\/x.com\\\/eltextual\",\"http:\\\/\\\/www.instagram.com\\\/eltextual\"]},{\"@type\":\"Person\",\"@id\":\"https:\\\/\\\/diariotextual.com\\\/inicio\\\/#\\\/schema\\\/person\\\/418fc4093c33e86ed41562db3508f958\",\"name\":\"Diario1 Diario1\",\"image\":{\"@type\":\"ImageObject\",\"inLanguage\":\"es\",\"@id\":\"https:\\\/\\\/secure.gravatar.com\\\/avatar\\\/9167d280179c85bc18be67aa7eda765854300033af4896dd779b608640f2ef7a?s=96&d=mm&r=g\",\"url\":\"https:\\\/\\\/secure.gravatar.com\\\/avatar\\\/9167d280179c85bc18be67aa7eda765854300033af4896dd779b608640f2ef7a?s=96&d=mm&r=g\",\"contentUrl\":\"https:\\\/\\\/secure.gravatar.com\\\/avatar\\\/9167d280179c85bc18be67aa7eda765854300033af4896dd779b608640f2ef7a?s=96&d=mm&r=g\",\"caption\":\"Diario1 Diario1\"},\"url\":\"https:\\\/\\\/diariotextual.com\\\/inicio\\\/index.php\\\/author\\\/diario1\\\/\"}]}<\/script>\n<!-- \/ Yoast SEO plugin. -->","yoast_head_json":{"title":"Qu\u00e9 dice el decreto del Gobierno que oficializa la suma fija de $60.000 - Diario Textual","robots":{"index":"index","follow":"follow","max-snippet":"max-snippet:-1","max-image-preview":"max-image-preview:large","max-video-preview":"max-video-preview:-1"},"canonical":"https:\/\/diariotextual.com\/inicio\/index.php\/2023\/08\/31\/que-dice-el-decreto-del-gobierno-que-oficializa-la-suma-fija-de-60-000\/","og_locale":"es_ES","og_type":"article","og_title":"Qu\u00e9 dice el decreto del Gobierno que oficializa la suma fija de $60.000 - Diario Textual","og_description":"El Gobierno nacional public\u00f3 el Decreto de Necesidad y Urgencia (DNU) que estable la suma fija de $60 mil pesos para empleados p\u00fablicos y privados. Desde que el ministro de&hellip;","og_url":"https:\/\/diariotextual.com\/inicio\/index.php\/2023\/08\/31\/que-dice-el-decreto-del-gobierno-que-oficializa-la-suma-fija-de-60-000\/","og_site_name":"Diario Textual","article_publisher":"https:\/\/www.facebook.com\/eltextual","article_published_time":"2023-08-31T09:38:53+00:00","article_modified_time":"2023-08-31T16:52:11+00:00","og_image":[{"width":866,"height":540,"url":"https:\/\/diariotextual.com\/inicio\/wp-content\/uploads\/2021\/11\/fernandezalbertotelam2021-2002.jpg","type":"image\/jpeg"}],"author":"Diario1 Diario1","twitter_card":"summary_large_image","twitter_creator":"@eltextual","twitter_site":"@eltextual","twitter_misc":{"Escrito por":"Diario1 Diario1","Tiempo de lectura":"6 minutos"},"schema":{"@context":"https:\/\/schema.org","@graph":[{"@type":"Article","@id":"https:\/\/diariotextual.com\/inicio\/index.php\/2023\/08\/31\/que-dice-el-decreto-del-gobierno-que-oficializa-la-suma-fija-de-60-000\/#article","isPartOf":{"@id":"https:\/\/diariotextual.com\/inicio\/index.php\/2023\/08\/31\/que-dice-el-decreto-del-gobierno-que-oficializa-la-suma-fija-de-60-000\/"},"author":{"name":"Diario1 Diario1","@id":"https:\/\/diariotextual.com\/inicio\/#\/schema\/person\/418fc4093c33e86ed41562db3508f958"},"headline":"Qu\u00e9 dice el decreto del Gobierno que oficializa la suma fija de $60.000","datePublished":"2023-08-31T09:38:53+00:00","dateModified":"2023-08-31T16:52:11+00:00","mainEntityOfPage":{"@id":"https:\/\/diariotextual.com\/inicio\/index.php\/2023\/08\/31\/que-dice-el-decreto-del-gobierno-que-oficializa-la-suma-fija-de-60-000\/"},"wordCount":1226,"publisher":{"@id":"https:\/\/diariotextual.com\/inicio\/#organization"},"image":{"@id":"https:\/\/diariotextual.com\/inicio\/index.php\/2023\/08\/31\/que-dice-el-decreto-del-gobierno-que-oficializa-la-suma-fija-de-60-000\/#primaryimage"},"thumbnailUrl":"https:\/\/diariotextual.com\/inicio\/wp-content\/uploads\/2021\/11\/fernandezalbertotelam2021-2002.jpg","articleSection":["A - QUE PASA (al costado)","POLITICA"],"inLanguage":"es"},{"@type":"WebPage","@id":"https:\/\/diariotextual.com\/inicio\/index.php\/2023\/08\/31\/que-dice-el-decreto-del-gobierno-que-oficializa-la-suma-fija-de-60-000\/","url":"https:\/\/diariotextual.com\/inicio\/index.php\/2023\/08\/31\/que-dice-el-decreto-del-gobierno-que-oficializa-la-suma-fija-de-60-000\/","name":"Qu\u00e9 dice el decreto del Gobierno que oficializa la suma fija de $60.000 - Diario Textual","isPartOf":{"@id":"https:\/\/diariotextual.com\/inicio\/#website"},"primaryImageOfPage":{"@id":"https:\/\/diariotextual.com\/inicio\/index.php\/2023\/08\/31\/que-dice-el-decreto-del-gobierno-que-oficializa-la-suma-fija-de-60-000\/#primaryimage"},"image":{"@id":"https:\/\/diariotextual.com\/inicio\/index.php\/2023\/08\/31\/que-dice-el-decreto-del-gobierno-que-oficializa-la-suma-fija-de-60-000\/#primaryimage"},"thumbnailUrl":"https:\/\/diariotextual.com\/inicio\/wp-content\/uploads\/2021\/11\/fernandezalbertotelam2021-2002.jpg","datePublished":"2023-08-31T09:38:53+00:00","dateModified":"2023-08-31T16:52:11+00:00","breadcrumb":{"@id":"https:\/\/diariotextual.com\/inicio\/index.php\/2023\/08\/31\/que-dice-el-decreto-del-gobierno-que-oficializa-la-suma-fija-de-60-000\/#breadcrumb"},"inLanguage":"es","potentialAction":[{"@type":"ReadAction","target":["https:\/\/diariotextual.com\/inicio\/index.php\/2023\/08\/31\/que-dice-el-decreto-del-gobierno-que-oficializa-la-suma-fija-de-60-000\/"]}]},{"@type":"ImageObject","inLanguage":"es","@id":"https:\/\/diariotextual.com\/inicio\/index.php\/2023\/08\/31\/que-dice-el-decreto-del-gobierno-que-oficializa-la-suma-fija-de-60-000\/#primaryimage","url":"https:\/\/diariotextual.com\/inicio\/wp-content\/uploads\/2021\/11\/fernandezalbertotelam2021-2002.jpg","contentUrl":"https:\/\/diariotextual.com\/inicio\/wp-content\/uploads\/2021\/11\/fernandezalbertotelam2021-2002.jpg","width":866,"height":540},{"@type":"BreadcrumbList","@id":"https:\/\/diariotextual.com\/inicio\/index.php\/2023\/08\/31\/que-dice-el-decreto-del-gobierno-que-oficializa-la-suma-fija-de-60-000\/#breadcrumb","itemListElement":[{"@type":"ListItem","position":1,"name":"Portada","item":"https:\/\/diariotextual.com\/inicio\/"},{"@type":"ListItem","position":2,"name":"Qu\u00e9 dice el decreto del Gobierno que oficializa la suma fija de $60.000"}]},{"@type":"WebSite","@id":"https:\/\/diariotextual.com\/inicio\/#website","url":"https:\/\/diariotextual.com\/inicio\/","name":"Diario Textual","description":"","publisher":{"@id":"https:\/\/diariotextual.com\/inicio\/#organization"},"potentialAction":[{"@type":"SearchAction","target":{"@type":"EntryPoint","urlTemplate":"https:\/\/diariotextual.com\/inicio\/?s={search_term_string}"},"query-input":{"@type":"PropertyValueSpecification","valueRequired":true,"valueName":"search_term_string"}}],"inLanguage":"es"},{"@type":"Organization","@id":"https:\/\/diariotextual.com\/inicio\/#organization","name":"Diario Textual","url":"https:\/\/diariotextual.com\/inicio\/","logo":{"@type":"ImageObject","inLanguage":"es","@id":"https:\/\/diariotextual.com\/inicio\/#\/schema\/logo\/image\/","url":"https:\/\/diariotextual.com\/inicio\/wp-content\/uploads\/2023\/05\/logotextual1.jpg","contentUrl":"https:\/\/diariotextual.com\/inicio\/wp-content\/uploads\/2023\/05\/logotextual1.jpg","width":516,"height":76,"caption":"Diario Textual"},"image":{"@id":"https:\/\/diariotextual.com\/inicio\/#\/schema\/logo\/image\/"},"sameAs":["https:\/\/www.facebook.com\/eltextual","https:\/\/x.com\/eltextual","http:\/\/www.instagram.com\/eltextual"]},{"@type":"Person","@id":"https:\/\/diariotextual.com\/inicio\/#\/schema\/person\/418fc4093c33e86ed41562db3508f958","name":"Diario1 Diario1","image":{"@type":"ImageObject","inLanguage":"es","@id":"https:\/\/secure.gravatar.com\/avatar\/9167d280179c85bc18be67aa7eda765854300033af4896dd779b608640f2ef7a?s=96&d=mm&r=g","url":"https:\/\/secure.gravatar.com\/avatar\/9167d280179c85bc18be67aa7eda765854300033af4896dd779b608640f2ef7a?s=96&d=mm&r=g","contentUrl":"https:\/\/secure.gravatar.com\/avatar\/9167d280179c85bc18be67aa7eda765854300033af4896dd779b608640f2ef7a?s=96&d=mm&r=g","caption":"Diario1 Diario1"},"url":"https:\/\/diariotextual.com\/inicio\/index.php\/author\/diario1\/"}]}},"_links":{"self":[{"href":"https:\/\/diariotextual.com\/inicio\/index.php\/wp-json\/wp\/v2\/posts\/235857","targetHints":{"allow":["GET"]}}],"collection":[{"href":"https:\/\/diariotextual.com\/inicio\/index.php\/wp-json\/wp\/v2\/posts"}],"about":[{"href":"https:\/\/diariotextual.com\/inicio\/index.php\/wp-json\/wp\/v2\/types\/post"}],"author":[{"embeddable":true,"href":"https:\/\/diariotextual.com\/inicio\/index.php\/wp-json\/wp\/v2\/users\/3"}],"replies":[{"embeddable":true,"href":"https:\/\/diariotextual.com\/inicio\/index.php\/wp-json\/wp\/v2\/comments?post=235857"}],"version-history":[{"count":4,"href":"https:\/\/diariotextual.com\/inicio\/index.php\/wp-json\/wp\/v2\/posts\/235857\/revisions"}],"predecessor-version":[{"id":235861,"href":"https:\/\/diariotextual.com\/inicio\/index.php\/wp-json\/wp\/v2\/posts\/235857\/revisions\/235861"}],"wp:featuredmedia":[{"embeddable":true,"href":"https:\/\/diariotextual.com\/inicio\/index.php\/wp-json\/wp\/v2\/media\/168071"}],"wp:attachment":[{"href":"https:\/\/diariotextual.com\/inicio\/index.php\/wp-json\/wp\/v2\/media?parent=235857"}],"wp:term":[{"taxonomy":"category","embeddable":true,"href":"https:\/\/diariotextual.com\/inicio\/index.php\/wp-json\/wp\/v2\/categories?post=235857"},{"taxonomy":"post_tag","embeddable":true,"href":"https:\/\/diariotextual.com\/inicio\/index.php\/wp-json\/wp\/v2\/tags?post=235857"}],"curies":[{"name":"wp","href":"https:\/\/api.w.org\/{rel}","templated":true}]}}