{"id":235886,"date":"2023-08-31T09:27:43","date_gmt":"2023-08-31T12:27:43","guid":{"rendered":"https:\/\/diariotextual.com\/inicio\/?p=235886"},"modified":"2023-09-01T13:10:56","modified_gmt":"2023-09-01T16:10:56","slug":"la-decision-historica-de-la-caja-forense-en-plantar-138-hectareas-de-pistachos-en-casa-de-piedra","status":"publish","type":"post","link":"https:\/\/diariotextual.com\/inicio\/index.php\/2023\/08\/31\/la-decision-historica-de-la-caja-forense-en-plantar-138-hectareas-de-pistachos-en-casa-de-piedra\/","title":{"rendered":"La \u201cdecisi\u00f3n hist\u00f3rica\u201d de la Caja Forense de La Pampa para cultivar pistachos en 138 hect\u00e1reas"},"content":{"rendered":"\n<p>La <strong><a href=\"https:\/\/diariotextual.com\/inicio\/index.php\/2023\/08\/30\/se-duplica-area-productiva-de-casa-de-piedra-se-asignaron-413-hectareas-a-4-nuevos-emprendimientos\/\" target=\"_blank\" rel=\"noreferrer noopener\">noticia fue dada a conocer esta semana <\/a><\/strong>y llam\u00f3 la atenci\u00f3n: la <strong>Caja Forense de La Pampa<\/strong> invertir\u00e1 en 138 hect\u00e1reas para producir<strong> pistachos <\/strong>en el polo productivo del pueblo de<strong> Casa de Piedra<\/strong>. La decisi\u00f3n, reconocen en el organismo, es <strong>un cambio de paradigma en las inversiones<\/strong> que ven\u00eda encarando.<\/p>\n\n\n\n<p>La caja fue creada en 1975 con <strong>el objetivo fundamental de atender, mejorar y mantener el sistema previsional y de asistencia social para los abogados y procuradores de la provincia. <\/strong>Hoy son poco m\u00e1s de <strong>mil afiliados.<\/strong><\/p>\n\n\n\n<p>Ahora apostar\u00e1 -al menos en esta inversi\u00f3n- en el <strong>pistacho<\/strong>, un fruto seco que tiene enorme proyecci\u00f3n: es considerado el futuro de la agricultura en zonas \u00e1ridas. En <strong>Casa de Piedra<\/strong>, por lo pronto,<strong><a href=\"https:\/\/diariotextual.com\/inicio\/index.php\/2022\/03\/10\/pistachos-la-novedosa-produccion-del-oro-verde-en-casa-de-piedra\/\" target=\"_blank\" rel=\"noreferrer noopener\"> ya hay un proyecto de plantaci\u00f3n de pistacho.<\/a><\/strong><\/p>\n\n\n\n<p><strong>Sandra Abdo<\/strong>, vicepresidenta de la caja, dialog\u00f3 con<strong> Diario Textual <\/strong>y explic\u00f3 por qu\u00e9 decidieron incursionar en Casa de Piedra. <strong>\u201cEs algo hist\u00f3rico porque cambiar\u00e1 el paradigma de las inversiones que ven\u00edamos haciendo\u201d<\/strong>, sostuvo.<\/p>\n\n\n\n<p>La caja -hoy bajo la presidencia de<strong> V\u00edctor Bensus\u00e1n<\/strong>&#8211; tiene el objetivo de poner en producci\u00f3n 138 hect\u00e1reas, destinadas en un 100 % a pistachos. La tecnolog\u00eda utilizada posibilitar\u00e1 la recolecci\u00f3n mec\u00e1nica de los frutos, estimando un rendimiento medio de 2.500 kilogramos por hect\u00e1rea y con un nivel de producci\u00f3n que comienza en el sexto a\u00f1o a un 13% de la capacidad y encontrando su r\u00e9gimen en el a\u00f1o 13, con una producci\u00f3n estimada de <strong>345.000 kilogramos por a\u00f1o.<\/strong> Planifican generar alrededor de 10 puestos de trabajo.<\/p>\n\n\n\n<p>\u201cEn principio -dijo Abdo- hay que aclarar que las cajas de seguridad social de los profesionales somos <strong>entes p\u00fablicos no estatales<\/strong>, algo que no se conoce com\u00fanmente y que es la esencia de nuestras cajas. Las cajas nuestras act\u00faan por delegaci\u00f3n del Estado provincial al otorgar beneficios de la seguridad social, establecido en la Constituci\u00f3n nacional\u201d, manifest\u00f3. \u201cEsa delegaci\u00f3n implica un compromiso muy grande porque estamos hablando de cajas donde todas las decisiones las toman los mismos profesionales. Entonces, en base a estas situaciones, los directorios de las cajas tienen que pensar y proyectar la sustentabilidad de las de las instituciones en el tiempo\u201d, manifest\u00f3. \u201cNosotros pagamos no solamente jubilaciones y pensiones sino que otorgamos otros beneficios de la seguridad social y, m\u00e1s all\u00e1 de cambios de paradigmas y de coyunturas econ\u00f3micas complejas, hay que pensar y proyectar en el tiempo para mantener a las cajas sustentables\u201d, insisti\u00f3. &nbsp;\u201cEsta es una de las cajas que mejores beneficios est\u00e1 otorgando, y eso es m\u00e9rito de los anteriores directorios que fueron haciendo inversiones y generando fuentes de ingreso. Nosotros<strong> no podemos quedarnos con el aporte solamente: hay que multiplicarlo<\/strong>\u201d, expres\u00f3.<\/p>\n\n\n\n<p>Abdo record\u00f3 que la Caja Forense de La Pampa pertenece a la Coordinadora Nacional de Cajas de Profesionales de Argentina que, a su vez, integra la Organizaci\u00f3n Iberoamericana de Seguridad Social. \u201cEl a\u00f1o pasado tuvimos un encuentro iberoamericano, donde hubo representantes de la seguridad social de varios pa\u00edses de Am\u00e9rica y de Espa\u00f1a. En ese contexto tambi\u00e9n estaban representantes de la Anses y se abri\u00f3 un poco esta posibilidad de empezar a pensar en inversiones con otra impronta: se habl\u00f3 de un tipo de inversi\u00f3n que se est\u00e1 haciendo para el fondo de sustentabilidad, que tiene que ver con agregar valor productivo y generar fuentes de trabajo en las provincias en la que se est\u00e1n desarrollando estos emprendimientos\u201d, manifest\u00f3.<\/p>\n\n\n\n<p>En ese marco, la direcci\u00f3n y el equipo t\u00e9cnico de la Caja Forense de La Pampa empezaron a explorar diferentes opciones de inversi\u00f3n. \u201cSurgi\u00f3 la posibilidad de invertir en Casa de Piedra, a trav\u00e9s de la convocatoria que hizo el Gobierno provincial, y el directorio tuvo que tomar una decisi\u00f3n hist\u00f3rica, luego de analizar beneficios y posibles riesgos\u201d, expres\u00f3. Tuvieron el asesoramiento tambi\u00e9n de la Universidad Nacional de La Pampa, entre otros organismos.<\/p>\n\n\n\n<p><strong>-\u00bfC\u00f3mo fueron los pasos para presentar el proyecto?<\/strong><\/p>\n\n\n\n<p>-La Provincia lo que hizo fue pedirnos que nos presentemos con un programa (de trabajo e inversi\u00f3n). Ese programa se present\u00f3 y fue aprobado, junto con otros tres emprendedores. Tenemos que adquirir las tierras, pero nos dieron plazos para pagarlas mientras avanza el proyecto. La producci\u00f3n del pistacho requiere pasar por varias etapas hasta poder empezar a producir. Va a llevar su tiempo&#8230;<\/p>\n\n\n\n<p><\/p>\n\n\n\n<figure class=\"wp-block-embed is-type-wp-embed is-provider-diario-textual wp-block-embed-diario-textual\"><div class=\"wp-block-embed__wrapper\">\n<blockquote class=\"wp-embedded-content\" data-secret=\"KyDZc6KiGc\"><a href=\"https:\/\/diariotextual.com\/inicio\/index.php\/2022\/03\/10\/pistachos-la-novedosa-produccion-del-oro-verde-en-casa-de-piedra\/\">Pistachos, la novedosa producci\u00f3n del \u201coro verde\u201d en Casa de Piedra<\/a><\/blockquote><iframe class=\"wp-embedded-content\" sandbox=\"allow-scripts\" security=\"restricted\" style=\"position: absolute; clip: rect(1px, 1px, 1px, 1px);\" title=\"\u00abPistachos, la novedosa producci\u00f3n del \u201coro verde\u201d en Casa de Piedra\u00bb \u2014 Diario Textual\" src=\"https:\/\/diariotextual.com\/inicio\/index.php\/2022\/03\/10\/pistachos-la-novedosa-produccion-del-oro-verde-en-casa-de-piedra\/embed\/#?secret=AIkIMgvdCX#?secret=KyDZc6KiGc\" data-secret=\"KyDZc6KiGc\" width=\"600\" height=\"338\" frameborder=\"0\" marginwidth=\"0\" marginheight=\"0\" scrolling=\"no\"><\/iframe>\n<\/div><\/figure>\n","protected":false},"excerpt":{"rendered":"<p>La noticia fue dada a conocer esta semana y llam\u00f3 la atenci\u00f3n: la Caja Forense de La Pampa invertir\u00e1 en 138 hect\u00e1reas para producir pistachos en el polo productivo del&hellip;<\/p>\n","protected":false},"author":3,"featured_media":235888,"comment_status":"closed","ping_status":"open","sticky":false,"template":"","format":"standard","meta":{"_acf_changed":false,"footnotes":""},"categories":[11,20],"tags":[],"class_list":["post-235886","post","type-post","status-publish","format-standard","has-post-thumbnail","hentry","category-que-pasa","category-campo"],"acf":[],"yoast_head":"<!-- This site is optimized with the Yoast SEO plugin v27.5 - https:\/\/yoast.com\/product\/yoast-seo-wordpress\/ -->\n<title>La \u201cdecisi\u00f3n hist\u00f3rica\u201d de la Caja Forense de La Pampa para cultivar pistachos en 138 hect\u00e1reas - Diario Textual<\/title>\n<meta name=\"robots\" content=\"index, follow, max-snippet:-1, max-image-preview:large, max-video-preview:-1\" \/>\n<link rel=\"canonical\" href=\"https:\/\/diariotextual.com\/inicio\/index.php\/2023\/08\/31\/la-decision-historica-de-la-caja-forense-en-plantar-138-hectareas-de-pistachos-en-casa-de-piedra\/\" \/>\n<meta property=\"og:locale\" content=\"es_ES\" \/>\n<meta property=\"og:type\" content=\"article\" \/>\n<meta property=\"og:title\" content=\"La \u201cdecisi\u00f3n hist\u00f3rica\u201d de la Caja Forense de La Pampa para cultivar pistachos en 138 hect\u00e1reas - Diario Textual\" \/>\n<meta property=\"og:description\" content=\"La noticia fue dada a conocer esta semana y llam\u00f3 la atenci\u00f3n: la Caja Forense de La Pampa invertir\u00e1 en 138 hect\u00e1reas para producir pistachos en el polo productivo del&hellip;\" \/>\n<meta property=\"og:url\" content=\"https:\/\/diariotextual.com\/inicio\/index.php\/2023\/08\/31\/la-decision-historica-de-la-caja-forense-en-plantar-138-hectareas-de-pistachos-en-casa-de-piedra\/\" \/>\n<meta property=\"og:site_name\" content=\"Diario Textual\" \/>\n<meta property=\"article:publisher\" content=\"https:\/\/www.facebook.com\/eltextual\" \/>\n<meta property=\"article:published_time\" content=\"2023-08-31T12:27:43+00:00\" \/>\n<meta property=\"article:modified_time\" content=\"2023-09-01T16:10:56+00:00\" \/>\n<meta property=\"og:image\" content=\"https:\/\/diariotextual.com\/inicio\/wp-content\/uploads\/2023\/08\/pistachos003.jpg\" \/>\n\t<meta property=\"og:image:width\" content=\"1280\" \/>\n\t<meta property=\"og:image:height\" content=\"854\" \/>\n\t<meta property=\"og:image:type\" content=\"image\/jpeg\" \/>\n<meta name=\"author\" content=\"Diario1 Diario1\" \/>\n<meta name=\"twitter:card\" content=\"summary_large_image\" \/>\n<meta name=\"twitter:creator\" content=\"@eltextual\" \/>\n<meta name=\"twitter:site\" content=\"@eltextual\" \/>\n<meta name=\"twitter:label1\" content=\"Escrito por\" \/>\n\t<meta name=\"twitter:data1\" content=\"Diario1 Diario1\" \/>\n\t<meta name=\"twitter:label2\" content=\"Tiempo de lectura\" \/>\n\t<meta name=\"twitter:data2\" content=\"4 minutos\" \/>\n<script type=\"application\/ld+json\" class=\"yoast-schema-graph\">{\"@context\":\"https:\\\/\\\/schema.org\",\"@graph\":[{\"@type\":\"Article\",\"@id\":\"https:\\\/\\\/diariotextual.com\\\/inicio\\\/index.php\\\/2023\\\/08\\\/31\\\/la-decision-historica-de-la-caja-forense-en-plantar-138-hectareas-de-pistachos-en-casa-de-piedra\\\/#article\",\"isPartOf\":{\"@id\":\"https:\\\/\\\/diariotextual.com\\\/inicio\\\/index.php\\\/2023\\\/08\\\/31\\\/la-decision-historica-de-la-caja-forense-en-plantar-138-hectareas-de-pistachos-en-casa-de-piedra\\\/\"},\"author\":{\"name\":\"Diario1 Diario1\",\"@id\":\"https:\\\/\\\/diariotextual.com\\\/inicio\\\/#\\\/schema\\\/person\\\/418fc4093c33e86ed41562db3508f958\"},\"headline\":\"La \u201cdecisi\u00f3n hist\u00f3rica\u201d de la Caja Forense de La Pampa para cultivar pistachos en 138 hect\u00e1reas\",\"datePublished\":\"2023-08-31T12:27:43+00:00\",\"dateModified\":\"2023-09-01T16:10:56+00:00\",\"mainEntityOfPage\":{\"@id\":\"https:\\\/\\\/diariotextual.com\\\/inicio\\\/index.php\\\/2023\\\/08\\\/31\\\/la-decision-historica-de-la-caja-forense-en-plantar-138-hectareas-de-pistachos-en-casa-de-piedra\\\/\"},\"wordCount\":771,\"publisher\":{\"@id\":\"https:\\\/\\\/diariotextual.com\\\/inicio\\\/#organization\"},\"image\":{\"@id\":\"https:\\\/\\\/diariotextual.com\\\/inicio\\\/index.php\\\/2023\\\/08\\\/31\\\/la-decision-historica-de-la-caja-forense-en-plantar-138-hectareas-de-pistachos-en-casa-de-piedra\\\/#primaryimage\"},\"thumbnailUrl\":\"https:\\\/\\\/diariotextual.com\\\/inicio\\\/wp-content\\\/uploads\\\/2023\\\/08\\\/pistachos003.jpg\",\"articleSection\":[\"A - QUE PASA (al costado)\",\"CAMPO\"],\"inLanguage\":\"es\"},{\"@type\":\"WebPage\",\"@id\":\"https:\\\/\\\/diariotextual.com\\\/inicio\\\/index.php\\\/2023\\\/08\\\/31\\\/la-decision-historica-de-la-caja-forense-en-plantar-138-hectareas-de-pistachos-en-casa-de-piedra\\\/\",\"url\":\"https:\\\/\\\/diariotextual.com\\\/inicio\\\/index.php\\\/2023\\\/08\\\/31\\\/la-decision-historica-de-la-caja-forense-en-plantar-138-hectareas-de-pistachos-en-casa-de-piedra\\\/\",\"name\":\"La \u201cdecisi\u00f3n hist\u00f3rica\u201d de la Caja Forense de La Pampa para cultivar pistachos en 138 hect\u00e1reas - Diario Textual\",\"isPartOf\":{\"@id\":\"https:\\\/\\\/diariotextual.com\\\/inicio\\\/#website\"},\"primaryImageOfPage\":{\"@id\":\"https:\\\/\\\/diariotextual.com\\\/inicio\\\/index.php\\\/2023\\\/08\\\/31\\\/la-decision-historica-de-la-caja-forense-en-plantar-138-hectareas-de-pistachos-en-casa-de-piedra\\\/#primaryimage\"},\"image\":{\"@id\":\"https:\\\/\\\/diariotextual.com\\\/inicio\\\/index.php\\\/2023\\\/08\\\/31\\\/la-decision-historica-de-la-caja-forense-en-plantar-138-hectareas-de-pistachos-en-casa-de-piedra\\\/#primaryimage\"},\"thumbnailUrl\":\"https:\\\/\\\/diariotextual.com\\\/inicio\\\/wp-content\\\/uploads\\\/2023\\\/08\\\/pistachos003.jpg\",\"datePublished\":\"2023-08-31T12:27:43+00:00\",\"dateModified\":\"2023-09-01T16:10:56+00:00\",\"breadcrumb\":{\"@id\":\"https:\\\/\\\/diariotextual.com\\\/inicio\\\/index.php\\\/2023\\\/08\\\/31\\\/la-decision-historica-de-la-caja-forense-en-plantar-138-hectareas-de-pistachos-en-casa-de-piedra\\\/#breadcrumb\"},\"inLanguage\":\"es\",\"potentialAction\":[{\"@type\":\"ReadAction\",\"target\":[\"https:\\\/\\\/diariotextual.com\\\/inicio\\\/index.php\\\/2023\\\/08\\\/31\\\/la-decision-historica-de-la-caja-forense-en-plantar-138-hectareas-de-pistachos-en-casa-de-piedra\\\/\"]}]},{\"@type\":\"ImageObject\",\"inLanguage\":\"es\",\"@id\":\"https:\\\/\\\/diariotextual.com\\\/inicio\\\/index.php\\\/2023\\\/08\\\/31\\\/la-decision-historica-de-la-caja-forense-en-plantar-138-hectareas-de-pistachos-en-casa-de-piedra\\\/#primaryimage\",\"url\":\"https:\\\/\\\/diariotextual.com\\\/inicio\\\/wp-content\\\/uploads\\\/2023\\\/08\\\/pistachos003.jpg\",\"contentUrl\":\"https:\\\/\\\/diariotextual.com\\\/inicio\\\/wp-content\\\/uploads\\\/2023\\\/08\\\/pistachos003.jpg\",\"width\":1280,\"height\":854,\"caption\":\"Hand of brunette model holding white pot with pistachio.\"},{\"@type\":\"BreadcrumbList\",\"@id\":\"https:\\\/\\\/diariotextual.com\\\/inicio\\\/index.php\\\/2023\\\/08\\\/31\\\/la-decision-historica-de-la-caja-forense-en-plantar-138-hectareas-de-pistachos-en-casa-de-piedra\\\/#breadcrumb\",\"itemListElement\":[{\"@type\":\"ListItem\",\"position\":1,\"name\":\"Portada\",\"item\":\"https:\\\/\\\/diariotextual.com\\\/inicio\\\/\"},{\"@type\":\"ListItem\",\"position\":2,\"name\":\"La \u201cdecisi\u00f3n hist\u00f3rica\u201d de la Caja Forense de La Pampa para cultivar pistachos en 138 hect\u00e1reas\"}]},{\"@type\":\"WebSite\",\"@id\":\"https:\\\/\\\/diariotextual.com\\\/inicio\\\/#website\",\"url\":\"https:\\\/\\\/diariotextual.com\\\/inicio\\\/\",\"name\":\"Diario Textual\",\"description\":\"\",\"publisher\":{\"@id\":\"https:\\\/\\\/diariotextual.com\\\/inicio\\\/#organization\"},\"potentialAction\":[{\"@type\":\"SearchAction\",\"target\":{\"@type\":\"EntryPoint\",\"urlTemplate\":\"https:\\\/\\\/diariotextual.com\\\/inicio\\\/?s={search_term_string}\"},\"query-input\":{\"@type\":\"PropertyValueSpecification\",\"valueRequired\":true,\"valueName\":\"search_term_string\"}}],\"inLanguage\":\"es\"},{\"@type\":\"Organization\",\"@id\":\"https:\\\/\\\/diariotextual.com\\\/inicio\\\/#organization\",\"name\":\"Diario Textual\",\"url\":\"https:\\\/\\\/diariotextual.com\\\/inicio\\\/\",\"logo\":{\"@type\":\"ImageObject\",\"inLanguage\":\"es\",\"@id\":\"https:\\\/\\\/diariotextual.com\\\/inicio\\\/#\\\/schema\\\/logo\\\/image\\\/\",\"url\":\"https:\\\/\\\/diariotextual.com\\\/inicio\\\/wp-content\\\/uploads\\\/2023\\\/05\\\/logotextual1.jpg\",\"contentUrl\":\"https:\\\/\\\/diariotextual.com\\\/inicio\\\/wp-content\\\/uploads\\\/2023\\\/05\\\/logotextual1.jpg\",\"width\":516,\"height\":76,\"caption\":\"Diario Textual\"},\"image\":{\"@id\":\"https:\\\/\\\/diariotextual.com\\\/inicio\\\/#\\\/schema\\\/logo\\\/image\\\/\"},\"sameAs\":[\"https:\\\/\\\/www.facebook.com\\\/eltextual\",\"https:\\\/\\\/x.com\\\/eltextual\",\"http:\\\/\\\/www.instagram.com\\\/eltextual\"]},{\"@type\":\"Person\",\"@id\":\"https:\\\/\\\/diariotextual.com\\\/inicio\\\/#\\\/schema\\\/person\\\/418fc4093c33e86ed41562db3508f958\",\"name\":\"Diario1 Diario1\",\"image\":{\"@type\":\"ImageObject\",\"inLanguage\":\"es\",\"@id\":\"https:\\\/\\\/secure.gravatar.com\\\/avatar\\\/9167d280179c85bc18be67aa7eda765854300033af4896dd779b608640f2ef7a?s=96&d=mm&r=g\",\"url\":\"https:\\\/\\\/secure.gravatar.com\\\/avatar\\\/9167d280179c85bc18be67aa7eda765854300033af4896dd779b608640f2ef7a?s=96&d=mm&r=g\",\"contentUrl\":\"https:\\\/\\\/secure.gravatar.com\\\/avatar\\\/9167d280179c85bc18be67aa7eda765854300033af4896dd779b608640f2ef7a?s=96&d=mm&r=g\",\"caption\":\"Diario1 Diario1\"},\"url\":\"https:\\\/\\\/diariotextual.com\\\/inicio\\\/index.php\\\/author\\\/diario1\\\/\"}]}<\/script>\n<!-- \/ Yoast SEO plugin. -->","yoast_head_json":{"title":"La \u201cdecisi\u00f3n hist\u00f3rica\u201d de la Caja Forense de La Pampa para cultivar pistachos en 138 hect\u00e1reas - Diario Textual","robots":{"index":"index","follow":"follow","max-snippet":"max-snippet:-1","max-image-preview":"max-image-preview:large","max-video-preview":"max-video-preview:-1"},"canonical":"https:\/\/diariotextual.com\/inicio\/index.php\/2023\/08\/31\/la-decision-historica-de-la-caja-forense-en-plantar-138-hectareas-de-pistachos-en-casa-de-piedra\/","og_locale":"es_ES","og_type":"article","og_title":"La \u201cdecisi\u00f3n hist\u00f3rica\u201d de la Caja Forense de La Pampa para cultivar pistachos en 138 hect\u00e1reas - Diario Textual","og_description":"La noticia fue dada a conocer esta semana y llam\u00f3 la atenci\u00f3n: la Caja Forense de La Pampa invertir\u00e1 en 138 hect\u00e1reas para producir pistachos en el polo productivo del&hellip;","og_url":"https:\/\/diariotextual.com\/inicio\/index.php\/2023\/08\/31\/la-decision-historica-de-la-caja-forense-en-plantar-138-hectareas-de-pistachos-en-casa-de-piedra\/","og_site_name":"Diario Textual","article_publisher":"https:\/\/www.facebook.com\/eltextual","article_published_time":"2023-08-31T12:27:43+00:00","article_modified_time":"2023-09-01T16:10:56+00:00","og_image":[{"width":1280,"height":854,"url":"https:\/\/diariotextual.com\/inicio\/wp-content\/uploads\/2023\/08\/pistachos003.jpg","type":"image\/jpeg"}],"author":"Diario1 Diario1","twitter_card":"summary_large_image","twitter_creator":"@eltextual","twitter_site":"@eltextual","twitter_misc":{"Escrito por":"Diario1 Diario1","Tiempo de lectura":"4 minutos"},"schema":{"@context":"https:\/\/schema.org","@graph":[{"@type":"Article","@id":"https:\/\/diariotextual.com\/inicio\/index.php\/2023\/08\/31\/la-decision-historica-de-la-caja-forense-en-plantar-138-hectareas-de-pistachos-en-casa-de-piedra\/#article","isPartOf":{"@id":"https:\/\/diariotextual.com\/inicio\/index.php\/2023\/08\/31\/la-decision-historica-de-la-caja-forense-en-plantar-138-hectareas-de-pistachos-en-casa-de-piedra\/"},"author":{"name":"Diario1 Diario1","@id":"https:\/\/diariotextual.com\/inicio\/#\/schema\/person\/418fc4093c33e86ed41562db3508f958"},"headline":"La \u201cdecisi\u00f3n hist\u00f3rica\u201d de la Caja Forense de La Pampa para cultivar pistachos en 138 hect\u00e1reas","datePublished":"2023-08-31T12:27:43+00:00","dateModified":"2023-09-01T16:10:56+00:00","mainEntityOfPage":{"@id":"https:\/\/diariotextual.com\/inicio\/index.php\/2023\/08\/31\/la-decision-historica-de-la-caja-forense-en-plantar-138-hectareas-de-pistachos-en-casa-de-piedra\/"},"wordCount":771,"publisher":{"@id":"https:\/\/diariotextual.com\/inicio\/#organization"},"image":{"@id":"https:\/\/diariotextual.com\/inicio\/index.php\/2023\/08\/31\/la-decision-historica-de-la-caja-forense-en-plantar-138-hectareas-de-pistachos-en-casa-de-piedra\/#primaryimage"},"thumbnailUrl":"https:\/\/diariotextual.com\/inicio\/wp-content\/uploads\/2023\/08\/pistachos003.jpg","articleSection":["A - QUE PASA (al costado)","CAMPO"],"inLanguage":"es"},{"@type":"WebPage","@id":"https:\/\/diariotextual.com\/inicio\/index.php\/2023\/08\/31\/la-decision-historica-de-la-caja-forense-en-plantar-138-hectareas-de-pistachos-en-casa-de-piedra\/","url":"https:\/\/diariotextual.com\/inicio\/index.php\/2023\/08\/31\/la-decision-historica-de-la-caja-forense-en-plantar-138-hectareas-de-pistachos-en-casa-de-piedra\/","name":"La \u201cdecisi\u00f3n hist\u00f3rica\u201d de la Caja Forense de La Pampa para cultivar pistachos en 138 hect\u00e1reas - Diario Textual","isPartOf":{"@id":"https:\/\/diariotextual.com\/inicio\/#website"},"primaryImageOfPage":{"@id":"https:\/\/diariotextual.com\/inicio\/index.php\/2023\/08\/31\/la-decision-historica-de-la-caja-forense-en-plantar-138-hectareas-de-pistachos-en-casa-de-piedra\/#primaryimage"},"image":{"@id":"https:\/\/diariotextual.com\/inicio\/index.php\/2023\/08\/31\/la-decision-historica-de-la-caja-forense-en-plantar-138-hectareas-de-pistachos-en-casa-de-piedra\/#primaryimage"},"thumbnailUrl":"https:\/\/diariotextual.com\/inicio\/wp-content\/uploads\/2023\/08\/pistachos003.jpg","datePublished":"2023-08-31T12:27:43+00:00","dateModified":"2023-09-01T16:10:56+00:00","breadcrumb":{"@id":"https:\/\/diariotextual.com\/inicio\/index.php\/2023\/08\/31\/la-decision-historica-de-la-caja-forense-en-plantar-138-hectareas-de-pistachos-en-casa-de-piedra\/#breadcrumb"},"inLanguage":"es","potentialAction":[{"@type":"ReadAction","target":["https:\/\/diariotextual.com\/inicio\/index.php\/2023\/08\/31\/la-decision-historica-de-la-caja-forense-en-plantar-138-hectareas-de-pistachos-en-casa-de-piedra\/"]}]},{"@type":"ImageObject","inLanguage":"es","@id":"https:\/\/diariotextual.com\/inicio\/index.php\/2023\/08\/31\/la-decision-historica-de-la-caja-forense-en-plantar-138-hectareas-de-pistachos-en-casa-de-piedra\/#primaryimage","url":"https:\/\/diariotextual.com\/inicio\/wp-content\/uploads\/2023\/08\/pistachos003.jpg","contentUrl":"https:\/\/diariotextual.com\/inicio\/wp-content\/uploads\/2023\/08\/pistachos003.jpg","width":1280,"height":854,"caption":"Hand of brunette model holding white pot with pistachio."},{"@type":"BreadcrumbList","@id":"https:\/\/diariotextual.com\/inicio\/index.php\/2023\/08\/31\/la-decision-historica-de-la-caja-forense-en-plantar-138-hectareas-de-pistachos-en-casa-de-piedra\/#breadcrumb","itemListElement":[{"@type":"ListItem","position":1,"name":"Portada","item":"https:\/\/diariotextual.com\/inicio\/"},{"@type":"ListItem","position":2,"name":"La \u201cdecisi\u00f3n hist\u00f3rica\u201d de la Caja Forense de La Pampa para cultivar pistachos en 138 hect\u00e1reas"}]},{"@type":"WebSite","@id":"https:\/\/diariotextual.com\/inicio\/#website","url":"https:\/\/diariotextual.com\/inicio\/","name":"Diario Textual","description":"","publisher":{"@id":"https:\/\/diariotextual.com\/inicio\/#organization"},"potentialAction":[{"@type":"SearchAction","target":{"@type":"EntryPoint","urlTemplate":"https:\/\/diariotextual.com\/inicio\/?s={search_term_string}"},"query-input":{"@type":"PropertyValueSpecification","valueRequired":true,"valueName":"search_term_string"}}],"inLanguage":"es"},{"@type":"Organization","@id":"https:\/\/diariotextual.com\/inicio\/#organization","name":"Diario Textual","url":"https:\/\/diariotextual.com\/inicio\/","logo":{"@type":"ImageObject","inLanguage":"es","@id":"https:\/\/diariotextual.com\/inicio\/#\/schema\/logo\/image\/","url":"https:\/\/diariotextual.com\/inicio\/wp-content\/uploads\/2023\/05\/logotextual1.jpg","contentUrl":"https:\/\/diariotextual.com\/inicio\/wp-content\/uploads\/2023\/05\/logotextual1.jpg","width":516,"height":76,"caption":"Diario Textual"},"image":{"@id":"https:\/\/diariotextual.com\/inicio\/#\/schema\/logo\/image\/"},"sameAs":["https:\/\/www.facebook.com\/eltextual","https:\/\/x.com\/eltextual","http:\/\/www.instagram.com\/eltextual"]},{"@type":"Person","@id":"https:\/\/diariotextual.com\/inicio\/#\/schema\/person\/418fc4093c33e86ed41562db3508f958","name":"Diario1 Diario1","image":{"@type":"ImageObject","inLanguage":"es","@id":"https:\/\/secure.gravatar.com\/avatar\/9167d280179c85bc18be67aa7eda765854300033af4896dd779b608640f2ef7a?s=96&d=mm&r=g","url":"https:\/\/secure.gravatar.com\/avatar\/9167d280179c85bc18be67aa7eda765854300033af4896dd779b608640f2ef7a?s=96&d=mm&r=g","contentUrl":"https:\/\/secure.gravatar.com\/avatar\/9167d280179c85bc18be67aa7eda765854300033af4896dd779b608640f2ef7a?s=96&d=mm&r=g","caption":"Diario1 Diario1"},"url":"https:\/\/diariotextual.com\/inicio\/index.php\/author\/diario1\/"}]}},"_links":{"self":[{"href":"https:\/\/diariotextual.com\/inicio\/index.php\/wp-json\/wp\/v2\/posts\/235886","targetHints":{"allow":["GET"]}}],"collection":[{"href":"https:\/\/diariotextual.com\/inicio\/index.php\/wp-json\/wp\/v2\/posts"}],"about":[{"href":"https:\/\/diariotextual.com\/inicio\/index.php\/wp-json\/wp\/v2\/types\/post"}],"author":[{"embeddable":true,"href":"https:\/\/diariotextual.com\/inicio\/index.php\/wp-json\/wp\/v2\/users\/3"}],"replies":[{"embeddable":true,"href":"https:\/\/diariotextual.com\/inicio\/index.php\/wp-json\/wp\/v2\/comments?post=235886"}],"version-history":[{"count":6,"href":"https:\/\/diariotextual.com\/inicio\/index.php\/wp-json\/wp\/v2\/posts\/235886\/revisions"}],"predecessor-version":[{"id":235900,"href":"https:\/\/diariotextual.com\/inicio\/index.php\/wp-json\/wp\/v2\/posts\/235886\/revisions\/235900"}],"wp:featuredmedia":[{"embeddable":true,"href":"https:\/\/diariotextual.com\/inicio\/index.php\/wp-json\/wp\/v2\/media\/235888"}],"wp:attachment":[{"href":"https:\/\/diariotextual.com\/inicio\/index.php\/wp-json\/wp\/v2\/media?parent=235886"}],"wp:term":[{"taxonomy":"category","embeddable":true,"href":"https:\/\/diariotextual.com\/inicio\/index.php\/wp-json\/wp\/v2\/categories?post=235886"},{"taxonomy":"post_tag","embeddable":true,"href":"https:\/\/diariotextual.com\/inicio\/index.php\/wp-json\/wp\/v2\/tags?post=235886"}],"curies":[{"name":"wp","href":"https:\/\/api.w.org\/{rel}","templated":true}]}}