{"id":23603,"date":"2018-10-13T18:06:07","date_gmt":"2018-10-13T21:06:07","guid":{"rendered":"http:\/\/diariotextual.com\/inicio\/?p=23603"},"modified":"2018-10-13T18:27:53","modified_gmt":"2018-10-13T21:27:53","slug":"murieron-9-alpinistas-una-tormenta-nieve-himalaya","status":"publish","type":"post","link":"https:\/\/diariotextual.com\/inicio\/index.php\/2018\/10\/13\/murieron-9-alpinistas-una-tormenta-nieve-himalaya\/","title":{"rendered":"Murieron 9 alpinistas por una tormenta de nieve en el Himalaya"},"content":{"rendered":"<p>Nueve<strong> alpinistas de una expedici\u00f3n surcoreana murieron<\/strong> este s\u00e1bado en<strong> el monte Gurja de Nepal<\/strong> debido a una fuerte tormenta de nieve que<strong> devast\u00f3<\/strong> su campamento. Se trata de una de las peores tragedias de los \u00faltimos en el Himalaya.<\/p>\n<p>Los cuerpos de ocho personas -cuatro surcoreanos y cuatro gu\u00edas nepal\u00edes- fueron localizados entre los escombros de su campamento por un equipo de rescate, pero las dif\u00edciles condiciones meteorol\u00f3gicas obstaculizaban las labores de b\u00fasqueda, seg\u00fan consign\u00f3 la agencia internacional AFP.<\/p>\n<p>Un quinto alpinista surcoreano, que inicialmente se hab\u00eda dado por desaparecido ya que deb\u00eda unirse con retraso al equipo principal, fue hallado muerto en el campamento base arrasado por la tormenta, por lo que el balance de muertos ascendi\u00f3 a nueve, seg\u00fan consign\u00f3 la agencia internacional AFP.<\/p>\n<p>Por otra parte un sexto surcoreano que se encontraba en un pueblo del valle situado m\u00e1s abajo, sobrevivi\u00f3. \u00abUna expedici\u00f3n alpina de cinco surcoreanos y cuatro extranjeros se vio golpeada por los violentos vientos en su campamento base durante el ascenso del monte Gurja, han fallecido\u00bb,informaron desde el ministerio surcoreano de Relaciones Exteriores mediante un comunicado.<\/p>\n<p>El piloto de helic\u00f3ptero Siddartha Gurung, uno de los primeros en llegar al campamento base tras la tormenta, describi\u00f3 la devastaci\u00f3n. \u00abTodo desapareci\u00f3, todas las tiendas de campa\u00f1a volaron. Las v\u00edctimas est\u00e1n desperdigadas por todo el lugar\u00bb, dijo.<\/p>\n<p>Este hecho se trata del m\u00e1s grave ocurrido all\u00ed desde 2015. Wangchu Sherpa, de Trekking Camp Nepal, organizadora de la expedici\u00f3n, manifest\u00f3 que activ\u00f3 la alarma tras 24 horas sin tener noticias del equipo. \u00abComo no se pod\u00eda contactar con (los alpinistas) desde ayer, enviamos a gente del pueblo y un helic\u00f3ptero a buscarlos\u00bb, sostuvo.<\/p>\n<p>Este es el accidente m\u00e1s grave desde la avalancha provocada por un temblor de tierra que se cobr\u00f3 la vida de 18 personas en el Everest en 2015. Un a\u00f1o antes, 16 sherpas tambi\u00e9n murieron por una avalancha en la misma cima.<\/p>\n<p>El grupo de alpinistas surcoreanos y sus gu\u00edas nepal\u00edes estaban acampados desde principios de octubre a los pies del monte Gurja, de <strong>7.193 metros de altitud<\/strong>, a la espera de que el tiempo mejorara para poder alcanzar la cima. La expedici\u00f3n estaba liderada por el alpinista surcoreano Kim Chang-ho, quien en 2013 se convirti\u00f3 en la persona que m\u00e1s r\u00e1pido coron\u00f3 las 14 monta\u00f1as m\u00e1s altas del mundo sin usar ox\u00edgeno extra.<\/p>\n<p><strong>El monte Gurja se encuentra en la regi\u00f3n del Annapurna<\/strong>, cerca del pico Dhaulagiri, la s\u00e9ptima cima m\u00e1s alta del mundo y muy proclive a las avalanchas. <strong>Apenas una treintena de alpinistas han logrado coronar el Gurja, frente a los m\u00e1s de 8.000 que llegaron a la cima del Everest<\/strong>. En sus pendientes murieron cuatro personas desde 1969, cuando un equipo japon\u00e9s lo ascendi\u00f3 por primera vez.<\/p>\n<p>&nbsp;<\/p>\n<p>&nbsp;<\/p>\n","protected":false},"excerpt":{"rendered":"<p>Nueve alpinistas de una expedici\u00f3n surcoreana murieron este s\u00e1bado en el monte Gurja de Nepal debido a una fuerte tormenta de nieve que devast\u00f3 su campamento. Se trata de una&hellip;<\/p>\n","protected":false},"author":3,"featured_media":23606,"comment_status":"closed","ping_status":"open","sticky":false,"template":"","format":"standard","meta":{"_acf_changed":false,"footnotes":""},"categories":[11,319,7],"tags":[],"class_list":["post-23603","post","type-post","status-publish","format-standard","has-post-thumbnail","hentry","category-que-pasa","category-a-temporales","category-mundo"],"acf":[],"yoast_head":"<!-- This site is optimized with the Yoast SEO plugin v27.5 - https:\/\/yoast.com\/product\/yoast-seo-wordpress\/ -->\n<title>Murieron 9 alpinistas por una tormenta de nieve en el Himalaya - Diario Textual<\/title>\n<meta name=\"robots\" content=\"index, follow, max-snippet:-1, max-image-preview:large, max-video-preview:-1\" \/>\n<link rel=\"canonical\" href=\"https:\/\/diariotextual.com\/inicio\/index.php\/2018\/10\/13\/murieron-9-alpinistas-una-tormenta-nieve-himalaya\/\" \/>\n<meta property=\"og:locale\" content=\"es_ES\" \/>\n<meta property=\"og:type\" content=\"article\" \/>\n<meta property=\"og:title\" content=\"Murieron 9 alpinistas por una tormenta de nieve en el Himalaya - Diario Textual\" \/>\n<meta property=\"og:description\" content=\"Nueve alpinistas de una expedici\u00f3n surcoreana murieron este s\u00e1bado en el monte Gurja de Nepal debido a una fuerte tormenta de nieve que devast\u00f3 su campamento. Se trata de una&hellip;\" \/>\n<meta property=\"og:url\" content=\"https:\/\/diariotextual.com\/inicio\/index.php\/2018\/10\/13\/murieron-9-alpinistas-una-tormenta-nieve-himalaya\/\" \/>\n<meta property=\"og:site_name\" content=\"Diario Textual\" \/>\n<meta property=\"article:publisher\" content=\"https:\/\/www.facebook.com\/eltextual\" \/>\n<meta property=\"article:published_time\" content=\"2018-10-13T21:06:07+00:00\" \/>\n<meta property=\"article:modified_time\" content=\"2018-10-13T21:27:53+00:00\" \/>\n<meta property=\"og:image\" content=\"https:\/\/diariotextual.com\/inicio\/wp-content\/uploads\/2018\/10\/montedurjahimalaya1.jpg\" \/>\n\t<meta property=\"og:image:width\" content=\"909\" \/>\n\t<meta property=\"og:image:height\" content=\"540\" \/>\n\t<meta property=\"og:image:type\" content=\"image\/jpeg\" \/>\n<meta name=\"author\" content=\"Diario1 Diario1\" \/>\n<meta name=\"twitter:card\" content=\"summary_large_image\" \/>\n<meta name=\"twitter:creator\" content=\"@eltextual\" \/>\n<meta name=\"twitter:site\" content=\"@eltextual\" \/>\n<meta name=\"twitter:label1\" content=\"Escrito por\" \/>\n\t<meta name=\"twitter:data1\" content=\"Diario1 Diario1\" \/>\n\t<meta name=\"twitter:label2\" content=\"Tiempo de lectura\" \/>\n\t<meta name=\"twitter:data2\" content=\"2 minutos\" \/>\n<script type=\"application\/ld+json\" class=\"yoast-schema-graph\">{\"@context\":\"https:\\\/\\\/schema.org\",\"@graph\":[{\"@type\":\"Article\",\"@id\":\"https:\\\/\\\/diariotextual.com\\\/inicio\\\/index.php\\\/2018\\\/10\\\/13\\\/murieron-9-alpinistas-una-tormenta-nieve-himalaya\\\/#article\",\"isPartOf\":{\"@id\":\"https:\\\/\\\/diariotextual.com\\\/inicio\\\/index.php\\\/2018\\\/10\\\/13\\\/murieron-9-alpinistas-una-tormenta-nieve-himalaya\\\/\"},\"author\":{\"name\":\"Diario1 Diario1\",\"@id\":\"https:\\\/\\\/diariotextual.com\\\/inicio\\\/#\\\/schema\\\/person\\\/418fc4093c33e86ed41562db3508f958\"},\"headline\":\"Murieron 9 alpinistas por una tormenta de nieve en el Himalaya\",\"datePublished\":\"2018-10-13T21:06:07+00:00\",\"dateModified\":\"2018-10-13T21:27:53+00:00\",\"mainEntityOfPage\":{\"@id\":\"https:\\\/\\\/diariotextual.com\\\/inicio\\\/index.php\\\/2018\\\/10\\\/13\\\/murieron-9-alpinistas-una-tormenta-nieve-himalaya\\\/\"},\"wordCount\":498,\"publisher\":{\"@id\":\"https:\\\/\\\/diariotextual.com\\\/inicio\\\/#organization\"},\"image\":{\"@id\":\"https:\\\/\\\/diariotextual.com\\\/inicio\\\/index.php\\\/2018\\\/10\\\/13\\\/murieron-9-alpinistas-una-tormenta-nieve-himalaya\\\/#primaryimage\"},\"thumbnailUrl\":\"https:\\\/\\\/diariotextual.com\\\/inicio\\\/wp-content\\\/uploads\\\/2018\\\/10\\\/montedurjahimalaya1.jpg\",\"articleSection\":[\"A - QUE PASA (al costado)\",\"A - TEMPORALES\",\"MUNDO\"],\"inLanguage\":\"es\"},{\"@type\":\"WebPage\",\"@id\":\"https:\\\/\\\/diariotextual.com\\\/inicio\\\/index.php\\\/2018\\\/10\\\/13\\\/murieron-9-alpinistas-una-tormenta-nieve-himalaya\\\/\",\"url\":\"https:\\\/\\\/diariotextual.com\\\/inicio\\\/index.php\\\/2018\\\/10\\\/13\\\/murieron-9-alpinistas-una-tormenta-nieve-himalaya\\\/\",\"name\":\"Murieron 9 alpinistas por una tormenta de nieve en el Himalaya - Diario Textual\",\"isPartOf\":{\"@id\":\"https:\\\/\\\/diariotextual.com\\\/inicio\\\/#website\"},\"primaryImageOfPage\":{\"@id\":\"https:\\\/\\\/diariotextual.com\\\/inicio\\\/index.php\\\/2018\\\/10\\\/13\\\/murieron-9-alpinistas-una-tormenta-nieve-himalaya\\\/#primaryimage\"},\"image\":{\"@id\":\"https:\\\/\\\/diariotextual.com\\\/inicio\\\/index.php\\\/2018\\\/10\\\/13\\\/murieron-9-alpinistas-una-tormenta-nieve-himalaya\\\/#primaryimage\"},\"thumbnailUrl\":\"https:\\\/\\\/diariotextual.com\\\/inicio\\\/wp-content\\\/uploads\\\/2018\\\/10\\\/montedurjahimalaya1.jpg\",\"datePublished\":\"2018-10-13T21:06:07+00:00\",\"dateModified\":\"2018-10-13T21:27:53+00:00\",\"breadcrumb\":{\"@id\":\"https:\\\/\\\/diariotextual.com\\\/inicio\\\/index.php\\\/2018\\\/10\\\/13\\\/murieron-9-alpinistas-una-tormenta-nieve-himalaya\\\/#breadcrumb\"},\"inLanguage\":\"es\",\"potentialAction\":[{\"@type\":\"ReadAction\",\"target\":[\"https:\\\/\\\/diariotextual.com\\\/inicio\\\/index.php\\\/2018\\\/10\\\/13\\\/murieron-9-alpinistas-una-tormenta-nieve-himalaya\\\/\"]}]},{\"@type\":\"ImageObject\",\"inLanguage\":\"es\",\"@id\":\"https:\\\/\\\/diariotextual.com\\\/inicio\\\/index.php\\\/2018\\\/10\\\/13\\\/murieron-9-alpinistas-una-tormenta-nieve-himalaya\\\/#primaryimage\",\"url\":\"https:\\\/\\\/diariotextual.com\\\/inicio\\\/wp-content\\\/uploads\\\/2018\\\/10\\\/montedurjahimalaya1.jpg\",\"contentUrl\":\"https:\\\/\\\/diariotextual.com\\\/inicio\\\/wp-content\\\/uploads\\\/2018\\\/10\\\/montedurjahimalaya1.jpg\",\"width\":909,\"height\":540},{\"@type\":\"BreadcrumbList\",\"@id\":\"https:\\\/\\\/diariotextual.com\\\/inicio\\\/index.php\\\/2018\\\/10\\\/13\\\/murieron-9-alpinistas-una-tormenta-nieve-himalaya\\\/#breadcrumb\",\"itemListElement\":[{\"@type\":\"ListItem\",\"position\":1,\"name\":\"Portada\",\"item\":\"https:\\\/\\\/diariotextual.com\\\/inicio\\\/\"},{\"@type\":\"ListItem\",\"position\":2,\"name\":\"Murieron 9 alpinistas por una tormenta de nieve en el Himalaya\"}]},{\"@type\":\"WebSite\",\"@id\":\"https:\\\/\\\/diariotextual.com\\\/inicio\\\/#website\",\"url\":\"https:\\\/\\\/diariotextual.com\\\/inicio\\\/\",\"name\":\"Diario Textual\",\"description\":\"\",\"publisher\":{\"@id\":\"https:\\\/\\\/diariotextual.com\\\/inicio\\\/#organization\"},\"potentialAction\":[{\"@type\":\"SearchAction\",\"target\":{\"@type\":\"EntryPoint\",\"urlTemplate\":\"https:\\\/\\\/diariotextual.com\\\/inicio\\\/?s={search_term_string}\"},\"query-input\":{\"@type\":\"PropertyValueSpecification\",\"valueRequired\":true,\"valueName\":\"search_term_string\"}}],\"inLanguage\":\"es\"},{\"@type\":\"Organization\",\"@id\":\"https:\\\/\\\/diariotextual.com\\\/inicio\\\/#organization\",\"name\":\"Diario Textual\",\"url\":\"https:\\\/\\\/diariotextual.com\\\/inicio\\\/\",\"logo\":{\"@type\":\"ImageObject\",\"inLanguage\":\"es\",\"@id\":\"https:\\\/\\\/diariotextual.com\\\/inicio\\\/#\\\/schema\\\/logo\\\/image\\\/\",\"url\":\"https:\\\/\\\/diariotextual.com\\\/inicio\\\/wp-content\\\/uploads\\\/2023\\\/05\\\/logotextual1.jpg\",\"contentUrl\":\"https:\\\/\\\/diariotextual.com\\\/inicio\\\/wp-content\\\/uploads\\\/2023\\\/05\\\/logotextual1.jpg\",\"width\":516,\"height\":76,\"caption\":\"Diario Textual\"},\"image\":{\"@id\":\"https:\\\/\\\/diariotextual.com\\\/inicio\\\/#\\\/schema\\\/logo\\\/image\\\/\"},\"sameAs\":[\"https:\\\/\\\/www.facebook.com\\\/eltextual\",\"https:\\\/\\\/x.com\\\/eltextual\",\"http:\\\/\\\/www.instagram.com\\\/eltextual\"]},{\"@type\":\"Person\",\"@id\":\"https:\\\/\\\/diariotextual.com\\\/inicio\\\/#\\\/schema\\\/person\\\/418fc4093c33e86ed41562db3508f958\",\"name\":\"Diario1 Diario1\",\"image\":{\"@type\":\"ImageObject\",\"inLanguage\":\"es\",\"@id\":\"https:\\\/\\\/secure.gravatar.com\\\/avatar\\\/9167d280179c85bc18be67aa7eda765854300033af4896dd779b608640f2ef7a?s=96&d=mm&r=g\",\"url\":\"https:\\\/\\\/secure.gravatar.com\\\/avatar\\\/9167d280179c85bc18be67aa7eda765854300033af4896dd779b608640f2ef7a?s=96&d=mm&r=g\",\"contentUrl\":\"https:\\\/\\\/secure.gravatar.com\\\/avatar\\\/9167d280179c85bc18be67aa7eda765854300033af4896dd779b608640f2ef7a?s=96&d=mm&r=g\",\"caption\":\"Diario1 Diario1\"},\"url\":\"https:\\\/\\\/diariotextual.com\\\/inicio\\\/index.php\\\/author\\\/diario1\\\/\"}]}<\/script>\n<!-- \/ Yoast SEO plugin. -->","yoast_head_json":{"title":"Murieron 9 alpinistas por una tormenta de nieve en el Himalaya - Diario Textual","robots":{"index":"index","follow":"follow","max-snippet":"max-snippet:-1","max-image-preview":"max-image-preview:large","max-video-preview":"max-video-preview:-1"},"canonical":"https:\/\/diariotextual.com\/inicio\/index.php\/2018\/10\/13\/murieron-9-alpinistas-una-tormenta-nieve-himalaya\/","og_locale":"es_ES","og_type":"article","og_title":"Murieron 9 alpinistas por una tormenta de nieve en el Himalaya - Diario Textual","og_description":"Nueve alpinistas de una expedici\u00f3n surcoreana murieron este s\u00e1bado en el monte Gurja de Nepal debido a una fuerte tormenta de nieve que devast\u00f3 su campamento. Se trata de una&hellip;","og_url":"https:\/\/diariotextual.com\/inicio\/index.php\/2018\/10\/13\/murieron-9-alpinistas-una-tormenta-nieve-himalaya\/","og_site_name":"Diario Textual","article_publisher":"https:\/\/www.facebook.com\/eltextual","article_published_time":"2018-10-13T21:06:07+00:00","article_modified_time":"2018-10-13T21:27:53+00:00","og_image":[{"width":909,"height":540,"url":"https:\/\/diariotextual.com\/inicio\/wp-content\/uploads\/2018\/10\/montedurjahimalaya1.jpg","type":"image\/jpeg"}],"author":"Diario1 Diario1","twitter_card":"summary_large_image","twitter_creator":"@eltextual","twitter_site":"@eltextual","twitter_misc":{"Escrito por":"Diario1 Diario1","Tiempo de lectura":"2 minutos"},"schema":{"@context":"https:\/\/schema.org","@graph":[{"@type":"Article","@id":"https:\/\/diariotextual.com\/inicio\/index.php\/2018\/10\/13\/murieron-9-alpinistas-una-tormenta-nieve-himalaya\/#article","isPartOf":{"@id":"https:\/\/diariotextual.com\/inicio\/index.php\/2018\/10\/13\/murieron-9-alpinistas-una-tormenta-nieve-himalaya\/"},"author":{"name":"Diario1 Diario1","@id":"https:\/\/diariotextual.com\/inicio\/#\/schema\/person\/418fc4093c33e86ed41562db3508f958"},"headline":"Murieron 9 alpinistas por una tormenta de nieve en el Himalaya","datePublished":"2018-10-13T21:06:07+00:00","dateModified":"2018-10-13T21:27:53+00:00","mainEntityOfPage":{"@id":"https:\/\/diariotextual.com\/inicio\/index.php\/2018\/10\/13\/murieron-9-alpinistas-una-tormenta-nieve-himalaya\/"},"wordCount":498,"publisher":{"@id":"https:\/\/diariotextual.com\/inicio\/#organization"},"image":{"@id":"https:\/\/diariotextual.com\/inicio\/index.php\/2018\/10\/13\/murieron-9-alpinistas-una-tormenta-nieve-himalaya\/#primaryimage"},"thumbnailUrl":"https:\/\/diariotextual.com\/inicio\/wp-content\/uploads\/2018\/10\/montedurjahimalaya1.jpg","articleSection":["A - QUE PASA (al costado)","A - TEMPORALES","MUNDO"],"inLanguage":"es"},{"@type":"WebPage","@id":"https:\/\/diariotextual.com\/inicio\/index.php\/2018\/10\/13\/murieron-9-alpinistas-una-tormenta-nieve-himalaya\/","url":"https:\/\/diariotextual.com\/inicio\/index.php\/2018\/10\/13\/murieron-9-alpinistas-una-tormenta-nieve-himalaya\/","name":"Murieron 9 alpinistas por una tormenta de nieve en el Himalaya - Diario Textual","isPartOf":{"@id":"https:\/\/diariotextual.com\/inicio\/#website"},"primaryImageOfPage":{"@id":"https:\/\/diariotextual.com\/inicio\/index.php\/2018\/10\/13\/murieron-9-alpinistas-una-tormenta-nieve-himalaya\/#primaryimage"},"image":{"@id":"https:\/\/diariotextual.com\/inicio\/index.php\/2018\/10\/13\/murieron-9-alpinistas-una-tormenta-nieve-himalaya\/#primaryimage"},"thumbnailUrl":"https:\/\/diariotextual.com\/inicio\/wp-content\/uploads\/2018\/10\/montedurjahimalaya1.jpg","datePublished":"2018-10-13T21:06:07+00:00","dateModified":"2018-10-13T21:27:53+00:00","breadcrumb":{"@id":"https:\/\/diariotextual.com\/inicio\/index.php\/2018\/10\/13\/murieron-9-alpinistas-una-tormenta-nieve-himalaya\/#breadcrumb"},"inLanguage":"es","potentialAction":[{"@type":"ReadAction","target":["https:\/\/diariotextual.com\/inicio\/index.php\/2018\/10\/13\/murieron-9-alpinistas-una-tormenta-nieve-himalaya\/"]}]},{"@type":"ImageObject","inLanguage":"es","@id":"https:\/\/diariotextual.com\/inicio\/index.php\/2018\/10\/13\/murieron-9-alpinistas-una-tormenta-nieve-himalaya\/#primaryimage","url":"https:\/\/diariotextual.com\/inicio\/wp-content\/uploads\/2018\/10\/montedurjahimalaya1.jpg","contentUrl":"https:\/\/diariotextual.com\/inicio\/wp-content\/uploads\/2018\/10\/montedurjahimalaya1.jpg","width":909,"height":540},{"@type":"BreadcrumbList","@id":"https:\/\/diariotextual.com\/inicio\/index.php\/2018\/10\/13\/murieron-9-alpinistas-una-tormenta-nieve-himalaya\/#breadcrumb","itemListElement":[{"@type":"ListItem","position":1,"name":"Portada","item":"https:\/\/diariotextual.com\/inicio\/"},{"@type":"ListItem","position":2,"name":"Murieron 9 alpinistas por una tormenta de nieve en el Himalaya"}]},{"@type":"WebSite","@id":"https:\/\/diariotextual.com\/inicio\/#website","url":"https:\/\/diariotextual.com\/inicio\/","name":"Diario Textual","description":"","publisher":{"@id":"https:\/\/diariotextual.com\/inicio\/#organization"},"potentialAction":[{"@type":"SearchAction","target":{"@type":"EntryPoint","urlTemplate":"https:\/\/diariotextual.com\/inicio\/?s={search_term_string}"},"query-input":{"@type":"PropertyValueSpecification","valueRequired":true,"valueName":"search_term_string"}}],"inLanguage":"es"},{"@type":"Organization","@id":"https:\/\/diariotextual.com\/inicio\/#organization","name":"Diario Textual","url":"https:\/\/diariotextual.com\/inicio\/","logo":{"@type":"ImageObject","inLanguage":"es","@id":"https:\/\/diariotextual.com\/inicio\/#\/schema\/logo\/image\/","url":"https:\/\/diariotextual.com\/inicio\/wp-content\/uploads\/2023\/05\/logotextual1.jpg","contentUrl":"https:\/\/diariotextual.com\/inicio\/wp-content\/uploads\/2023\/05\/logotextual1.jpg","width":516,"height":76,"caption":"Diario Textual"},"image":{"@id":"https:\/\/diariotextual.com\/inicio\/#\/schema\/logo\/image\/"},"sameAs":["https:\/\/www.facebook.com\/eltextual","https:\/\/x.com\/eltextual","http:\/\/www.instagram.com\/eltextual"]},{"@type":"Person","@id":"https:\/\/diariotextual.com\/inicio\/#\/schema\/person\/418fc4093c33e86ed41562db3508f958","name":"Diario1 Diario1","image":{"@type":"ImageObject","inLanguage":"es","@id":"https:\/\/secure.gravatar.com\/avatar\/9167d280179c85bc18be67aa7eda765854300033af4896dd779b608640f2ef7a?s=96&d=mm&r=g","url":"https:\/\/secure.gravatar.com\/avatar\/9167d280179c85bc18be67aa7eda765854300033af4896dd779b608640f2ef7a?s=96&d=mm&r=g","contentUrl":"https:\/\/secure.gravatar.com\/avatar\/9167d280179c85bc18be67aa7eda765854300033af4896dd779b608640f2ef7a?s=96&d=mm&r=g","caption":"Diario1 Diario1"},"url":"https:\/\/diariotextual.com\/inicio\/index.php\/author\/diario1\/"}]}},"_links":{"self":[{"href":"https:\/\/diariotextual.com\/inicio\/index.php\/wp-json\/wp\/v2\/posts\/23603","targetHints":{"allow":["GET"]}}],"collection":[{"href":"https:\/\/diariotextual.com\/inicio\/index.php\/wp-json\/wp\/v2\/posts"}],"about":[{"href":"https:\/\/diariotextual.com\/inicio\/index.php\/wp-json\/wp\/v2\/types\/post"}],"author":[{"embeddable":true,"href":"https:\/\/diariotextual.com\/inicio\/index.php\/wp-json\/wp\/v2\/users\/3"}],"replies":[{"embeddable":true,"href":"https:\/\/diariotextual.com\/inicio\/index.php\/wp-json\/wp\/v2\/comments?post=23603"}],"version-history":[{"count":5,"href":"https:\/\/diariotextual.com\/inicio\/index.php\/wp-json\/wp\/v2\/posts\/23603\/revisions"}],"predecessor-version":[{"id":23609,"href":"https:\/\/diariotextual.com\/inicio\/index.php\/wp-json\/wp\/v2\/posts\/23603\/revisions\/23609"}],"wp:featuredmedia":[{"embeddable":true,"href":"https:\/\/diariotextual.com\/inicio\/index.php\/wp-json\/wp\/v2\/media\/23606"}],"wp:attachment":[{"href":"https:\/\/diariotextual.com\/inicio\/index.php\/wp-json\/wp\/v2\/media?parent=23603"}],"wp:term":[{"taxonomy":"category","embeddable":true,"href":"https:\/\/diariotextual.com\/inicio\/index.php\/wp-json\/wp\/v2\/categories?post=23603"},{"taxonomy":"post_tag","embeddable":true,"href":"https:\/\/diariotextual.com\/inicio\/index.php\/wp-json\/wp\/v2\/tags?post=23603"}],"curies":[{"name":"wp","href":"https:\/\/api.w.org\/{rel}","templated":true}]}}