{"id":236051,"date":"2023-09-01T13:26:25","date_gmt":"2023-09-01T16:26:25","guid":{"rendered":"https:\/\/diariotextual.com\/inicio\/?p=236051"},"modified":"2023-09-01T19:03:45","modified_gmt":"2023-09-01T22:03:45","slug":"saldo-del-ultimo-temporal-en-el-colorado-sin-evacuados-y-acumulacion-de-agua-y-nieve","status":"publish","type":"post","link":"https:\/\/diariotextual.com\/inicio\/index.php\/2023\/09\/01\/saldo-del-ultimo-temporal-en-el-colorado-sin-evacuados-y-acumulacion-de-agua-y-nieve\/","title":{"rendered":"Saldo del \u00faltimo temporal en el Colorado: sin evacuados y acumulaci\u00f3n de agua y nieve"},"content":{"rendered":"\n<p class=\"wp-block-paragraph\">El \u00faltimo evento de lluvias y nevadas en la alta cuenca del Colorado, producido a partir del fin de semana del 19 y 20 de agosto, dej\u00f3 como saldo acumulaci\u00f3n de nieve en la alta monta\u00f1a y un aumento moderado en los caudales de los r\u00edos que no gener\u00f3 consecuencias en las localidades ribere\u00f1as ni perjuicios a sus habitantes, inform\u00f3 en un comunicado de prensa el Comit\u00e9 Interprovincial del R\u00edo Colorado (Coirco).<\/p>\n\n\n\n<p class=\"wp-block-paragraph\">Arribada la onda de crecida a Casa de Piedra, el embalse se encuentra con una cota de 275,10 m s.n.m., mientras que el caudal en Buta Ranquil registr\u00f3 al 1 de septiembre 111 m\u00b3\/s, en descenso, luego de alcanzar un pico para esta crecida de 528 el d\u00eda 22.<\/p>\n\n\n\n<p class=\"wp-block-paragraph\">Por primera vez en cuatro a\u00f1os, el embalse lleg\u00f3 a los 275 msnm, la cota m\u00ednima normal.<\/p>\n\n\n\n<p class=\"wp-block-paragraph\">A su vez, las estaciones nivol\u00f3gicas de Valle Hermoso y Pehuenches tuvieron un aumento aproximado de 270 y 362 mm respectivamente de equivalente agua nieve (EAN) respecto de los valores previos al temporal.<\/p>\n\n\n\n<p class=\"wp-block-paragraph\">\u201cEl evento clim\u00e1tico, que fue de una magnitud menor en lluvias comparado con el registrado a fines de junio, no gener\u00f3 la necesidad de evacuar vecinos de las localidades ribere\u00f1as\u201d, comunic\u00f3 el organismo. \u201cTal como es habitual ante acontecimientos clim\u00e1ticos que puedan ocasionar inconvenientes sobre la infraestructura de explotaci\u00f3n petrolera en la cuenca, se desactivaron los pozos que podr\u00edan verse afectados y se hicieron cortes nocturnos preventivos, sin que se haya reportado hasta el momento ning\u00fan incidente. Se intensificaron las inspecciones en las \u00e1reas petroleras con la participaci\u00f3n de COIRCO-CTF, junto con la Direcci\u00f3n de Control Operativo de Hidrocarburos de La Pampa y el Departamento Provincial de Aguas de R\u00edo Negro\u201d.<\/p>\n","protected":false},"excerpt":{"rendered":"<p>El \u00faltimo evento de lluvias y nevadas en la alta cuenca del Colorado, producido a partir del fin de semana del 19 y 20 de agosto, dej\u00f3 como saldo acumulaci\u00f3n&hellip;<\/p>\n","protected":false},"author":3,"featured_media":229755,"comment_status":"closed","ping_status":"open","sticky":false,"template":"","format":"standard","meta":{"_acf_changed":false,"footnotes":""},"categories":[1,20],"tags":[],"class_list":["post-236051","post","type-post","status-publish","format-standard","has-post-thumbnail","hentry","category-es-noticia","category-campo"],"acf":[],"yoast_head":"<!-- This site is optimized with the Yoast SEO plugin v28.3 - https:\/\/yoast.com\/product\/yoast-seo-wordpress\/ -->\n<title>Saldo del \u00faltimo temporal en el Colorado: sin evacuados y acumulaci\u00f3n de agua y nieve - Diario Textual<\/title>\n<meta name=\"robots\" content=\"index, follow, max-snippet:-1, max-image-preview:large, max-video-preview:-1\" \/>\n<link rel=\"canonical\" href=\"https:\/\/diariotextual.com\/inicio\/index.php\/2023\/09\/01\/saldo-del-ultimo-temporal-en-el-colorado-sin-evacuados-y-acumulacion-de-agua-y-nieve\/\" \/>\n<meta property=\"og:locale\" content=\"es_ES\" \/>\n<meta property=\"og:type\" content=\"article\" \/>\n<meta property=\"og:title\" content=\"Saldo del \u00faltimo temporal en el Colorado: sin evacuados y acumulaci\u00f3n de agua y nieve - Diario Textual\" \/>\n<meta property=\"og:description\" content=\"El \u00faltimo evento de lluvias y nevadas en la alta cuenca del Colorado, producido a partir del fin de semana del 19 y 20 de agosto, dej\u00f3 como saldo acumulaci\u00f3n&hellip;\" \/>\n<meta property=\"og:url\" content=\"https:\/\/diariotextual.com\/inicio\/index.php\/2023\/09\/01\/saldo-del-ultimo-temporal-en-el-colorado-sin-evacuados-y-acumulacion-de-agua-y-nieve\/\" \/>\n<meta property=\"og:site_name\" content=\"Diario Textual\" \/>\n<meta property=\"article:publisher\" content=\"https:\/\/www.facebook.com\/eltextual\" \/>\n<meta property=\"article:published_time\" content=\"2023-09-01T16:26:25+00:00\" \/>\n<meta property=\"article:modified_time\" content=\"2023-09-01T22:03:45+00:00\" \/>\n<meta property=\"og:image\" content=\"https:\/\/diariotextual.com\/inicio\/wp-content\/uploads\/2023\/06\/riocoloradocrecida25mayo2023-14.jpg\" \/>\n\t<meta property=\"og:image:width\" content=\"1280\" \/>\n\t<meta property=\"og:image:height\" content=\"720\" \/>\n\t<meta property=\"og:image:type\" content=\"image\/jpeg\" \/>\n<meta name=\"author\" content=\"Diario1 Diario1\" \/>\n<meta name=\"twitter:card\" content=\"summary_large_image\" \/>\n<meta name=\"twitter:creator\" content=\"@eltextual\" \/>\n<meta name=\"twitter:site\" content=\"@eltextual\" \/>\n<meta name=\"twitter:label1\" content=\"Escrito por\" \/>\n\t<meta name=\"twitter:data1\" content=\"Diario1 Diario1\" \/>\n\t<meta name=\"twitter:label2\" content=\"Tiempo de lectura\" \/>\n\t<meta name=\"twitter:data2\" content=\"2 minutos\" \/>\n<script type=\"application\/ld+json\" class=\"yoast-schema-graph\">{\"@context\":\"https:\\\/\\\/schema.org\",\"@graph\":[{\"@type\":\"Article\",\"@id\":\"https:\\\/\\\/diariotextual.com\\\/inicio\\\/index.php\\\/2023\\\/09\\\/01\\\/saldo-del-ultimo-temporal-en-el-colorado-sin-evacuados-y-acumulacion-de-agua-y-nieve\\\/#article\",\"isPartOf\":{\"@id\":\"https:\\\/\\\/diariotextual.com\\\/inicio\\\/index.php\\\/2023\\\/09\\\/01\\\/saldo-del-ultimo-temporal-en-el-colorado-sin-evacuados-y-acumulacion-de-agua-y-nieve\\\/\"},\"author\":{\"name\":\"Diario1 Diario1\",\"@id\":\"https:\\\/\\\/diariotextual.com\\\/inicio\\\/#\\\/schema\\\/person\\\/418fc4093c33e86ed41562db3508f958\"},\"headline\":\"Saldo del \u00faltimo temporal en el Colorado: sin evacuados y acumulaci\u00f3n de agua y nieve\",\"datePublished\":\"2023-09-01T16:26:25+00:00\",\"dateModified\":\"2023-09-01T22:03:45+00:00\",\"mainEntityOfPage\":{\"@id\":\"https:\\\/\\\/diariotextual.com\\\/inicio\\\/index.php\\\/2023\\\/09\\\/01\\\/saldo-del-ultimo-temporal-en-el-colorado-sin-evacuados-y-acumulacion-de-agua-y-nieve\\\/\"},\"wordCount\":309,\"publisher\":{\"@id\":\"https:\\\/\\\/diariotextual.com\\\/inicio\\\/#organization\"},\"image\":{\"@id\":\"https:\\\/\\\/diariotextual.com\\\/inicio\\\/index.php\\\/2023\\\/09\\\/01\\\/saldo-del-ultimo-temporal-en-el-colorado-sin-evacuados-y-acumulacion-de-agua-y-nieve\\\/#primaryimage\"},\"thumbnailUrl\":\"https:\\\/\\\/diariotextual.com\\\/inicio\\\/wp-content\\\/uploads\\\/2023\\\/06\\\/riocoloradocrecida25mayo2023-14.jpg\",\"articleSection\":[\"A - ES NOTICIA (van abajo)\",\"CAMPO\"],\"inLanguage\":\"es\"},{\"@type\":\"WebPage\",\"@id\":\"https:\\\/\\\/diariotextual.com\\\/inicio\\\/index.php\\\/2023\\\/09\\\/01\\\/saldo-del-ultimo-temporal-en-el-colorado-sin-evacuados-y-acumulacion-de-agua-y-nieve\\\/\",\"url\":\"https:\\\/\\\/diariotextual.com\\\/inicio\\\/index.php\\\/2023\\\/09\\\/01\\\/saldo-del-ultimo-temporal-en-el-colorado-sin-evacuados-y-acumulacion-de-agua-y-nieve\\\/\",\"name\":\"Saldo del \u00faltimo temporal en el Colorado: sin evacuados y acumulaci\u00f3n de agua y nieve - Diario Textual\",\"isPartOf\":{\"@id\":\"https:\\\/\\\/diariotextual.com\\\/inicio\\\/#website\"},\"primaryImageOfPage\":{\"@id\":\"https:\\\/\\\/diariotextual.com\\\/inicio\\\/index.php\\\/2023\\\/09\\\/01\\\/saldo-del-ultimo-temporal-en-el-colorado-sin-evacuados-y-acumulacion-de-agua-y-nieve\\\/#primaryimage\"},\"image\":{\"@id\":\"https:\\\/\\\/diariotextual.com\\\/inicio\\\/index.php\\\/2023\\\/09\\\/01\\\/saldo-del-ultimo-temporal-en-el-colorado-sin-evacuados-y-acumulacion-de-agua-y-nieve\\\/#primaryimage\"},\"thumbnailUrl\":\"https:\\\/\\\/diariotextual.com\\\/inicio\\\/wp-content\\\/uploads\\\/2023\\\/06\\\/riocoloradocrecida25mayo2023-14.jpg\",\"datePublished\":\"2023-09-01T16:26:25+00:00\",\"dateModified\":\"2023-09-01T22:03:45+00:00\",\"breadcrumb\":{\"@id\":\"https:\\\/\\\/diariotextual.com\\\/inicio\\\/index.php\\\/2023\\\/09\\\/01\\\/saldo-del-ultimo-temporal-en-el-colorado-sin-evacuados-y-acumulacion-de-agua-y-nieve\\\/#breadcrumb\"},\"inLanguage\":\"es\",\"potentialAction\":[{\"@type\":\"ReadAction\",\"target\":[\"https:\\\/\\\/diariotextual.com\\\/inicio\\\/index.php\\\/2023\\\/09\\\/01\\\/saldo-del-ultimo-temporal-en-el-colorado-sin-evacuados-y-acumulacion-de-agua-y-nieve\\\/\"]}]},{\"@type\":\"ImageObject\",\"inLanguage\":\"es\",\"@id\":\"https:\\\/\\\/diariotextual.com\\\/inicio\\\/index.php\\\/2023\\\/09\\\/01\\\/saldo-del-ultimo-temporal-en-el-colorado-sin-evacuados-y-acumulacion-de-agua-y-nieve\\\/#primaryimage\",\"url\":\"https:\\\/\\\/diariotextual.com\\\/inicio\\\/wp-content\\\/uploads\\\/2023\\\/06\\\/riocoloradocrecida25mayo2023-14.jpg\",\"contentUrl\":\"https:\\\/\\\/diariotextual.com\\\/inicio\\\/wp-content\\\/uploads\\\/2023\\\/06\\\/riocoloradocrecida25mayo2023-14.jpg\",\"width\":1280,\"height\":720},{\"@type\":\"BreadcrumbList\",\"@id\":\"https:\\\/\\\/diariotextual.com\\\/inicio\\\/index.php\\\/2023\\\/09\\\/01\\\/saldo-del-ultimo-temporal-en-el-colorado-sin-evacuados-y-acumulacion-de-agua-y-nieve\\\/#breadcrumb\",\"itemListElement\":[{\"@type\":\"ListItem\",\"position\":1,\"name\":\"Portada\",\"item\":\"https:\\\/\\\/diariotextual.com\\\/inicio\\\/\"},{\"@type\":\"ListItem\",\"position\":2,\"name\":\"Saldo del \u00faltimo temporal en el Colorado: sin evacuados y acumulaci\u00f3n de agua y nieve\"}]},{\"@type\":\"WebSite\",\"@id\":\"https:\\\/\\\/diariotextual.com\\\/inicio\\\/#website\",\"url\":\"https:\\\/\\\/diariotextual.com\\\/inicio\\\/\",\"name\":\"Diario Textual\",\"description\":\"\",\"publisher\":{\"@id\":\"https:\\\/\\\/diariotextual.com\\\/inicio\\\/#organization\"},\"potentialAction\":[{\"@type\":\"SearchAction\",\"target\":{\"@type\":\"EntryPoint\",\"urlTemplate\":\"https:\\\/\\\/diariotextual.com\\\/inicio\\\/?s={search_term_string}\"},\"query-input\":{\"@type\":\"PropertyValueSpecification\",\"valueRequired\":true,\"valueName\":\"search_term_string\"}}],\"inLanguage\":\"es\"},{\"@type\":\"Organization\",\"@id\":\"https:\\\/\\\/diariotextual.com\\\/inicio\\\/#organization\",\"name\":\"Diario Textual\",\"url\":\"https:\\\/\\\/diariotextual.com\\\/inicio\\\/\",\"logo\":{\"@type\":\"ImageObject\",\"inLanguage\":\"es\",\"@id\":\"https:\\\/\\\/diariotextual.com\\\/inicio\\\/#\\\/schema\\\/logo\\\/image\\\/\",\"url\":\"https:\\\/\\\/diariotextual.com\\\/inicio\\\/wp-content\\\/uploads\\\/2023\\\/05\\\/logotextual1.jpg\",\"contentUrl\":\"https:\\\/\\\/diariotextual.com\\\/inicio\\\/wp-content\\\/uploads\\\/2023\\\/05\\\/logotextual1.jpg\",\"width\":516,\"height\":76,\"caption\":\"Diario Textual\"},\"image\":{\"@id\":\"https:\\\/\\\/diariotextual.com\\\/inicio\\\/#\\\/schema\\\/logo\\\/image\\\/\"},\"sameAs\":[\"https:\\\/\\\/www.facebook.com\\\/eltextual\",\"https:\\\/\\\/x.com\\\/eltextual\",\"http:\\\/\\\/www.instagram.com\\\/eltextual\"]},{\"@type\":\"Person\",\"@id\":\"https:\\\/\\\/diariotextual.com\\\/inicio\\\/#\\\/schema\\\/person\\\/418fc4093c33e86ed41562db3508f958\",\"name\":\"Diario1 Diario1\",\"image\":{\"@type\":\"ImageObject\",\"inLanguage\":\"es\",\"@id\":\"https:\\\/\\\/secure.gravatar.com\\\/avatar\\\/9167d280179c85bc18be67aa7eda765854300033af4896dd779b608640f2ef7a?s=96&d=mm&r=g\",\"url\":\"https:\\\/\\\/secure.gravatar.com\\\/avatar\\\/9167d280179c85bc18be67aa7eda765854300033af4896dd779b608640f2ef7a?s=96&d=mm&r=g\",\"contentUrl\":\"https:\\\/\\\/secure.gravatar.com\\\/avatar\\\/9167d280179c85bc18be67aa7eda765854300033af4896dd779b608640f2ef7a?s=96&d=mm&r=g\",\"caption\":\"Diario1 Diario1\"},\"url\":\"https:\\\/\\\/diariotextual.com\\\/inicio\\\/index.php\\\/author\\\/diario1\\\/\"}]}<\/script>\n<!-- \/ Yoast SEO plugin. -->","yoast_head_json":{"title":"Saldo del \u00faltimo temporal en el Colorado: sin evacuados y acumulaci\u00f3n de agua y nieve - Diario Textual","robots":{"index":"index","follow":"follow","max-snippet":"max-snippet:-1","max-image-preview":"max-image-preview:large","max-video-preview":"max-video-preview:-1"},"canonical":"https:\/\/diariotextual.com\/inicio\/index.php\/2023\/09\/01\/saldo-del-ultimo-temporal-en-el-colorado-sin-evacuados-y-acumulacion-de-agua-y-nieve\/","og_locale":"es_ES","og_type":"article","og_title":"Saldo del \u00faltimo temporal en el Colorado: sin evacuados y acumulaci\u00f3n de agua y nieve - Diario Textual","og_description":"El \u00faltimo evento de lluvias y nevadas en la alta cuenca del Colorado, producido a partir del fin de semana del 19 y 20 de agosto, dej\u00f3 como saldo acumulaci\u00f3n&hellip;","og_url":"https:\/\/diariotextual.com\/inicio\/index.php\/2023\/09\/01\/saldo-del-ultimo-temporal-en-el-colorado-sin-evacuados-y-acumulacion-de-agua-y-nieve\/","og_site_name":"Diario Textual","article_publisher":"https:\/\/www.facebook.com\/eltextual","article_published_time":"2023-09-01T16:26:25+00:00","article_modified_time":"2023-09-01T22:03:45+00:00","og_image":[{"width":1280,"height":720,"url":"https:\/\/diariotextual.com\/inicio\/wp-content\/uploads\/2023\/06\/riocoloradocrecida25mayo2023-14.jpg","type":"image\/jpeg"}],"author":"Diario1 Diario1","twitter_card":"summary_large_image","twitter_creator":"@eltextual","twitter_site":"@eltextual","twitter_misc":{"Escrito por":"Diario1 Diario1","Tiempo de lectura":"2 minutos"},"schema":{"@context":"https:\/\/schema.org","@graph":[{"@type":"Article","@id":"https:\/\/diariotextual.com\/inicio\/index.php\/2023\/09\/01\/saldo-del-ultimo-temporal-en-el-colorado-sin-evacuados-y-acumulacion-de-agua-y-nieve\/#article","isPartOf":{"@id":"https:\/\/diariotextual.com\/inicio\/index.php\/2023\/09\/01\/saldo-del-ultimo-temporal-en-el-colorado-sin-evacuados-y-acumulacion-de-agua-y-nieve\/"},"author":{"name":"Diario1 Diario1","@id":"https:\/\/diariotextual.com\/inicio\/#\/schema\/person\/418fc4093c33e86ed41562db3508f958"},"headline":"Saldo del \u00faltimo temporal en el Colorado: sin evacuados y acumulaci\u00f3n de agua y nieve","datePublished":"2023-09-01T16:26:25+00:00","dateModified":"2023-09-01T22:03:45+00:00","mainEntityOfPage":{"@id":"https:\/\/diariotextual.com\/inicio\/index.php\/2023\/09\/01\/saldo-del-ultimo-temporal-en-el-colorado-sin-evacuados-y-acumulacion-de-agua-y-nieve\/"},"wordCount":309,"publisher":{"@id":"https:\/\/diariotextual.com\/inicio\/#organization"},"image":{"@id":"https:\/\/diariotextual.com\/inicio\/index.php\/2023\/09\/01\/saldo-del-ultimo-temporal-en-el-colorado-sin-evacuados-y-acumulacion-de-agua-y-nieve\/#primaryimage"},"thumbnailUrl":"https:\/\/diariotextual.com\/inicio\/wp-content\/uploads\/2023\/06\/riocoloradocrecida25mayo2023-14.jpg","articleSection":["A - ES NOTICIA (van abajo)","CAMPO"],"inLanguage":"es"},{"@type":"WebPage","@id":"https:\/\/diariotextual.com\/inicio\/index.php\/2023\/09\/01\/saldo-del-ultimo-temporal-en-el-colorado-sin-evacuados-y-acumulacion-de-agua-y-nieve\/","url":"https:\/\/diariotextual.com\/inicio\/index.php\/2023\/09\/01\/saldo-del-ultimo-temporal-en-el-colorado-sin-evacuados-y-acumulacion-de-agua-y-nieve\/","name":"Saldo del \u00faltimo temporal en el Colorado: sin evacuados y acumulaci\u00f3n de agua y nieve - Diario Textual","isPartOf":{"@id":"https:\/\/diariotextual.com\/inicio\/#website"},"primaryImageOfPage":{"@id":"https:\/\/diariotextual.com\/inicio\/index.php\/2023\/09\/01\/saldo-del-ultimo-temporal-en-el-colorado-sin-evacuados-y-acumulacion-de-agua-y-nieve\/#primaryimage"},"image":{"@id":"https:\/\/diariotextual.com\/inicio\/index.php\/2023\/09\/01\/saldo-del-ultimo-temporal-en-el-colorado-sin-evacuados-y-acumulacion-de-agua-y-nieve\/#primaryimage"},"thumbnailUrl":"https:\/\/diariotextual.com\/inicio\/wp-content\/uploads\/2023\/06\/riocoloradocrecida25mayo2023-14.jpg","datePublished":"2023-09-01T16:26:25+00:00","dateModified":"2023-09-01T22:03:45+00:00","breadcrumb":{"@id":"https:\/\/diariotextual.com\/inicio\/index.php\/2023\/09\/01\/saldo-del-ultimo-temporal-en-el-colorado-sin-evacuados-y-acumulacion-de-agua-y-nieve\/#breadcrumb"},"inLanguage":"es","potentialAction":[{"@type":"ReadAction","target":["https:\/\/diariotextual.com\/inicio\/index.php\/2023\/09\/01\/saldo-del-ultimo-temporal-en-el-colorado-sin-evacuados-y-acumulacion-de-agua-y-nieve\/"]}]},{"@type":"ImageObject","inLanguage":"es","@id":"https:\/\/diariotextual.com\/inicio\/index.php\/2023\/09\/01\/saldo-del-ultimo-temporal-en-el-colorado-sin-evacuados-y-acumulacion-de-agua-y-nieve\/#primaryimage","url":"https:\/\/diariotextual.com\/inicio\/wp-content\/uploads\/2023\/06\/riocoloradocrecida25mayo2023-14.jpg","contentUrl":"https:\/\/diariotextual.com\/inicio\/wp-content\/uploads\/2023\/06\/riocoloradocrecida25mayo2023-14.jpg","width":1280,"height":720},{"@type":"BreadcrumbList","@id":"https:\/\/diariotextual.com\/inicio\/index.php\/2023\/09\/01\/saldo-del-ultimo-temporal-en-el-colorado-sin-evacuados-y-acumulacion-de-agua-y-nieve\/#breadcrumb","itemListElement":[{"@type":"ListItem","position":1,"name":"Portada","item":"https:\/\/diariotextual.com\/inicio\/"},{"@type":"ListItem","position":2,"name":"Saldo del \u00faltimo temporal en el Colorado: sin evacuados y acumulaci\u00f3n de agua y nieve"}]},{"@type":"WebSite","@id":"https:\/\/diariotextual.com\/inicio\/#website","url":"https:\/\/diariotextual.com\/inicio\/","name":"Diario Textual","description":"","publisher":{"@id":"https:\/\/diariotextual.com\/inicio\/#organization"},"potentialAction":[{"@type":"SearchAction","target":{"@type":"EntryPoint","urlTemplate":"https:\/\/diariotextual.com\/inicio\/?s={search_term_string}"},"query-input":{"@type":"PropertyValueSpecification","valueRequired":true,"valueName":"search_term_string"}}],"inLanguage":"es"},{"@type":"Organization","@id":"https:\/\/diariotextual.com\/inicio\/#organization","name":"Diario Textual","url":"https:\/\/diariotextual.com\/inicio\/","logo":{"@type":"ImageObject","inLanguage":"es","@id":"https:\/\/diariotextual.com\/inicio\/#\/schema\/logo\/image\/","url":"https:\/\/diariotextual.com\/inicio\/wp-content\/uploads\/2023\/05\/logotextual1.jpg","contentUrl":"https:\/\/diariotextual.com\/inicio\/wp-content\/uploads\/2023\/05\/logotextual1.jpg","width":516,"height":76,"caption":"Diario Textual"},"image":{"@id":"https:\/\/diariotextual.com\/inicio\/#\/schema\/logo\/image\/"},"sameAs":["https:\/\/www.facebook.com\/eltextual","https:\/\/x.com\/eltextual","http:\/\/www.instagram.com\/eltextual"]},{"@type":"Person","@id":"https:\/\/diariotextual.com\/inicio\/#\/schema\/person\/418fc4093c33e86ed41562db3508f958","name":"Diario1 Diario1","image":{"@type":"ImageObject","inLanguage":"es","@id":"https:\/\/secure.gravatar.com\/avatar\/9167d280179c85bc18be67aa7eda765854300033af4896dd779b608640f2ef7a?s=96&d=mm&r=g","url":"https:\/\/secure.gravatar.com\/avatar\/9167d280179c85bc18be67aa7eda765854300033af4896dd779b608640f2ef7a?s=96&d=mm&r=g","contentUrl":"https:\/\/secure.gravatar.com\/avatar\/9167d280179c85bc18be67aa7eda765854300033af4896dd779b608640f2ef7a?s=96&d=mm&r=g","caption":"Diario1 Diario1"},"url":"https:\/\/diariotextual.com\/inicio\/index.php\/author\/diario1\/"}]}},"_links":{"self":[{"href":"https:\/\/diariotextual.com\/inicio\/index.php\/wp-json\/wp\/v2\/posts\/236051","targetHints":{"allow":["GET"]}}],"collection":[{"href":"https:\/\/diariotextual.com\/inicio\/index.php\/wp-json\/wp\/v2\/posts"}],"about":[{"href":"https:\/\/diariotextual.com\/inicio\/index.php\/wp-json\/wp\/v2\/types\/post"}],"author":[{"embeddable":true,"href":"https:\/\/diariotextual.com\/inicio\/index.php\/wp-json\/wp\/v2\/users\/3"}],"replies":[{"embeddable":true,"href":"https:\/\/diariotextual.com\/inicio\/index.php\/wp-json\/wp\/v2\/comments?post=236051"}],"version-history":[{"count":2,"href":"https:\/\/diariotextual.com\/inicio\/index.php\/wp-json\/wp\/v2\/posts\/236051\/revisions"}],"predecessor-version":[{"id":236054,"href":"https:\/\/diariotextual.com\/inicio\/index.php\/wp-json\/wp\/v2\/posts\/236051\/revisions\/236054"}],"wp:featuredmedia":[{"embeddable":true,"href":"https:\/\/diariotextual.com\/inicio\/index.php\/wp-json\/wp\/v2\/media\/229755"}],"wp:attachment":[{"href":"https:\/\/diariotextual.com\/inicio\/index.php\/wp-json\/wp\/v2\/media?parent=236051"}],"wp:term":[{"taxonomy":"category","embeddable":true,"href":"https:\/\/diariotextual.com\/inicio\/index.php\/wp-json\/wp\/v2\/categories?post=236051"},{"taxonomy":"post_tag","embeddable":true,"href":"https:\/\/diariotextual.com\/inicio\/index.php\/wp-json\/wp\/v2\/tags?post=236051"}],"curies":[{"name":"wp","href":"https:\/\/api.w.org\/{rel}","templated":true}]}}