{"id":236076,"date":"2023-09-01T19:39:22","date_gmt":"2023-09-01T22:39:22","guid":{"rendered":"https:\/\/diariotextual.com\/inicio\/?p=236076"},"modified":"2023-09-03T19:51:55","modified_gmt":"2023-09-03T22:51:55","slug":"ardohain-y-su-pedido-para-que-los-votos-no-se-fuguen-a-milei-no-podemos-saltar-al-vacio","status":"publish","type":"post","link":"https:\/\/diariotextual.com\/inicio\/index.php\/2023\/09\/01\/ardohain-y-su-pedido-para-que-los-votos-no-se-fuguen-a-milei-no-podemos-saltar-al-vacio\/","title":{"rendered":"Ardohain y su pedido para que los votos no se fuguen a Milei: \u201cNo podemos saltar al vac\u00edo\u201d"},"content":{"rendered":"\n<p>En <strong>Juntos por el Cambio<\/strong> est\u00e1n apostando al <strong>\u201cvoto racional\u201d <\/strong>para las pr\u00f3ximas elecciones. Por lo pronto, por las declaraciones del candidato a diputado nacional por La Pampa, <strong>Mart\u00edn Ardohain<\/strong>, se empieza a conocer <strong>qu\u00e9 estrategia tendr\u00e1n en nuestra provincia durante esta campa\u00f1a<\/strong> luego de los sorpresivos resultados de las PASO:<strong> con Ardohain ya con un pie dentro del Congreso, en el campamento amarillo deber\u00e1n salir a convencer para que los votos no se fuguen desde Patricia Bullrich a Javier Milei.<\/strong><\/p>\n\n\n\n<p>La victoria de Milei en las elecciones PASO, frente a Patricia Bullrich y el peronista Sergio Massa, no solo lo dej\u00f3 bien posicionado para las generales de octubre: tambi\u00e9n<strong> lo convirti\u00f3 en un im\u00e1n para los votantes de Juntos. <\/strong>Por eso hoy la duda es si Bullrich va a lograr retener todos los votos obtenidos por la coalici\u00f3n en las primarias.<\/p>\n\n\n\n<p>Ardohain -vencedor en las PASO en la provincia frente al radical Francisco Torroba- estuvo este viernes en Pilar, donde Bullrich relanz\u00f3 la campa\u00f1a junto a candidatos a diputados e intendentes.<\/p>\n\n\n\n<p>\u201cCato\u201d obtuvo una \u201cfoto casual\u201d con \u201cPato\u201d y luego pidi\u00f3 a los pampeanos por un \u201ccambio profundo\u201d, pero \u201csin saltar al vac\u00edo\u201d.<\/p>\n\n\n\n<p>\u201c<strong>Estamos en un pa\u00eds que necesita un cambio profundo<\/strong>. Para hacerlo se necesita alguien con el car\u00e1cter para afrontar las decisiones qu\u00e9 hay que tomar, con un plan para llevar a cabo un cambio estrat\u00e9gico y un equipo formado y preparado para gobernar y legislar\u201d, manifest\u00f3. \u201c<strong>No podemos saltar al vac\u00edo y Patricia es la \u00fanica que tiene la fuerza para ordenar el pa\u00eds<\/strong>\u201d.<\/p>\n\n\n\n<p>En tanto,<strong> el grueso del radicalismo, al menos para mantener las formas, ha dicho que har\u00e1 campa\u00f1a por Bullrich. <\/strong>La miran con reojo, por lo que -m\u00e1s all\u00e1 de las declaraciones- se especula que los intendentes radicales har\u00e1n retranca o trabajar\u00e1n a media m\u00e1quina.<\/p>\n\n\n\n<p><\/p>\n\n\n\n<figure class=\"wp-block-embed is-type-wp-embed is-provider-diario-textual wp-block-embed-diario-textual\"><div class=\"wp-block-embed__wrapper\">\n<blockquote class=\"wp-embedded-content\" data-secret=\"OJzbTWCffb\"><a href=\"https:\/\/diariotextual.com\/inicio\/index.php\/2023\/09\/01\/avisan-desde-acha-la-ucr-pampenaa-va-a-acompanar-en-su-totalidad-a-bullrich\/\">Avisan desde Acha: \u201cLa UCR pampeana va a acompa\u00f1ar en su totalidad a Bullrich\u201d<\/a><\/blockquote><iframe class=\"wp-embedded-content\" sandbox=\"allow-scripts\" security=\"restricted\" style=\"position: absolute; clip: rect(1px, 1px, 1px, 1px);\" title=\"\u00abAvisan desde Acha: \u201cLa UCR pampeana va a acompa\u00f1ar en su totalidad a Bullrich\u201d\u00bb \u2014 Diario Textual\" src=\"https:\/\/diariotextual.com\/inicio\/index.php\/2023\/09\/01\/avisan-desde-acha-la-ucr-pampenaa-va-a-acompanar-en-su-totalidad-a-bullrich\/embed\/#?secret=kSem8J8QoJ#?secret=OJzbTWCffb\" data-secret=\"OJzbTWCffb\" width=\"600\" height=\"338\" frameborder=\"0\" marginwidth=\"0\" marginheight=\"0\" scrolling=\"no\"><\/iframe>\n<\/div><\/figure>\n\n\n\n<p><\/p>\n","protected":false},"excerpt":{"rendered":"<p>En Juntos por el Cambio est\u00e1n apostando al \u201cvoto racional\u201d para las pr\u00f3ximas elecciones. Por lo pronto, por las declaraciones del candidato a diputado nacional por La Pampa, Mart\u00edn Ardohain,&hellip;<\/p>\n","protected":false},"author":3,"featured_media":236080,"comment_status":"closed","ping_status":"open","sticky":false,"template":"","format":"standard","meta":{"_acf_changed":false,"footnotes":""},"categories":[11,8],"tags":[],"class_list":["post-236076","post","type-post","status-publish","format-standard","has-post-thumbnail","hentry","category-que-pasa","category-politica"],"acf":[],"yoast_head":"<!-- This site is optimized with the Yoast SEO plugin v27.5 - https:\/\/yoast.com\/product\/yoast-seo-wordpress\/ -->\n<title>Ardohain y su pedido para que los votos no se fuguen a Milei: \u201cNo podemos saltar al vac\u00edo\u201d - Diario Textual<\/title>\n<meta name=\"robots\" content=\"index, follow, max-snippet:-1, max-image-preview:large, max-video-preview:-1\" \/>\n<link rel=\"canonical\" href=\"https:\/\/diariotextual.com\/inicio\/index.php\/2023\/09\/01\/ardohain-y-su-pedido-para-que-los-votos-no-se-fuguen-a-milei-no-podemos-saltar-al-vacio\/\" \/>\n<meta property=\"og:locale\" content=\"es_ES\" \/>\n<meta property=\"og:type\" content=\"article\" \/>\n<meta property=\"og:title\" content=\"Ardohain y su pedido para que los votos no se fuguen a Milei: \u201cNo podemos saltar al vac\u00edo\u201d - Diario Textual\" \/>\n<meta property=\"og:description\" content=\"En Juntos por el Cambio est\u00e1n apostando al \u201cvoto racional\u201d para las pr\u00f3ximas elecciones. Por lo pronto, por las declaraciones del candidato a diputado nacional por La Pampa, Mart\u00edn Ardohain,&hellip;\" \/>\n<meta property=\"og:url\" content=\"https:\/\/diariotextual.com\/inicio\/index.php\/2023\/09\/01\/ardohain-y-su-pedido-para-que-los-votos-no-se-fuguen-a-milei-no-podemos-saltar-al-vacio\/\" \/>\n<meta property=\"og:site_name\" content=\"Diario Textual\" \/>\n<meta property=\"article:publisher\" content=\"https:\/\/www.facebook.com\/eltextual\" \/>\n<meta property=\"article:published_time\" content=\"2023-09-01T22:39:22+00:00\" \/>\n<meta property=\"article:modified_time\" content=\"2023-09-03T22:51:55+00:00\" \/>\n<meta property=\"og:image\" content=\"https:\/\/diariotextual.com\/inicio\/wp-content\/uploads\/2023\/09\/ardohainbullrich2023-09.jpg\" \/>\n\t<meta property=\"og:image:width\" content=\"527\" \/>\n\t<meta property=\"og:image:height\" content=\"345\" \/>\n\t<meta property=\"og:image:type\" content=\"image\/jpeg\" \/>\n<meta name=\"author\" content=\"Diario1 Diario1\" \/>\n<meta name=\"twitter:card\" content=\"summary_large_image\" \/>\n<meta name=\"twitter:creator\" content=\"@eltextual\" \/>\n<meta name=\"twitter:site\" content=\"@eltextual\" \/>\n<meta name=\"twitter:label1\" content=\"Escrito por\" \/>\n\t<meta name=\"twitter:data1\" content=\"Diario1 Diario1\" \/>\n\t<meta name=\"twitter:label2\" content=\"Tiempo de lectura\" \/>\n\t<meta name=\"twitter:data2\" content=\"2 minutos\" \/>\n<script type=\"application\/ld+json\" class=\"yoast-schema-graph\">{\"@context\":\"https:\\\/\\\/schema.org\",\"@graph\":[{\"@type\":\"Article\",\"@id\":\"https:\\\/\\\/diariotextual.com\\\/inicio\\\/index.php\\\/2023\\\/09\\\/01\\\/ardohain-y-su-pedido-para-que-los-votos-no-se-fuguen-a-milei-no-podemos-saltar-al-vacio\\\/#article\",\"isPartOf\":{\"@id\":\"https:\\\/\\\/diariotextual.com\\\/inicio\\\/index.php\\\/2023\\\/09\\\/01\\\/ardohain-y-su-pedido-para-que-los-votos-no-se-fuguen-a-milei-no-podemos-saltar-al-vacio\\\/\"},\"author\":{\"name\":\"Diario1 Diario1\",\"@id\":\"https:\\\/\\\/diariotextual.com\\\/inicio\\\/#\\\/schema\\\/person\\\/418fc4093c33e86ed41562db3508f958\"},\"headline\":\"Ardohain y su pedido para que los votos no se fuguen a Milei: \u201cNo podemos saltar al vac\u00edo\u201d\",\"datePublished\":\"2023-09-01T22:39:22+00:00\",\"dateModified\":\"2023-09-03T22:51:55+00:00\",\"mainEntityOfPage\":{\"@id\":\"https:\\\/\\\/diariotextual.com\\\/inicio\\\/index.php\\\/2023\\\/09\\\/01\\\/ardohain-y-su-pedido-para-que-los-votos-no-se-fuguen-a-milei-no-podemos-saltar-al-vacio\\\/\"},\"wordCount\":349,\"publisher\":{\"@id\":\"https:\\\/\\\/diariotextual.com\\\/inicio\\\/#organization\"},\"image\":{\"@id\":\"https:\\\/\\\/diariotextual.com\\\/inicio\\\/index.php\\\/2023\\\/09\\\/01\\\/ardohain-y-su-pedido-para-que-los-votos-no-se-fuguen-a-milei-no-podemos-saltar-al-vacio\\\/#primaryimage\"},\"thumbnailUrl\":\"https:\\\/\\\/diariotextual.com\\\/inicio\\\/wp-content\\\/uploads\\\/2023\\\/09\\\/ardohainbullrich2023-09.jpg\",\"articleSection\":[\"A - QUE PASA (al costado)\",\"POLITICA\"],\"inLanguage\":\"es\"},{\"@type\":\"WebPage\",\"@id\":\"https:\\\/\\\/diariotextual.com\\\/inicio\\\/index.php\\\/2023\\\/09\\\/01\\\/ardohain-y-su-pedido-para-que-los-votos-no-se-fuguen-a-milei-no-podemos-saltar-al-vacio\\\/\",\"url\":\"https:\\\/\\\/diariotextual.com\\\/inicio\\\/index.php\\\/2023\\\/09\\\/01\\\/ardohain-y-su-pedido-para-que-los-votos-no-se-fuguen-a-milei-no-podemos-saltar-al-vacio\\\/\",\"name\":\"Ardohain y su pedido para que los votos no se fuguen a Milei: \u201cNo podemos saltar al vac\u00edo\u201d - Diario Textual\",\"isPartOf\":{\"@id\":\"https:\\\/\\\/diariotextual.com\\\/inicio\\\/#website\"},\"primaryImageOfPage\":{\"@id\":\"https:\\\/\\\/diariotextual.com\\\/inicio\\\/index.php\\\/2023\\\/09\\\/01\\\/ardohain-y-su-pedido-para-que-los-votos-no-se-fuguen-a-milei-no-podemos-saltar-al-vacio\\\/#primaryimage\"},\"image\":{\"@id\":\"https:\\\/\\\/diariotextual.com\\\/inicio\\\/index.php\\\/2023\\\/09\\\/01\\\/ardohain-y-su-pedido-para-que-los-votos-no-se-fuguen-a-milei-no-podemos-saltar-al-vacio\\\/#primaryimage\"},\"thumbnailUrl\":\"https:\\\/\\\/diariotextual.com\\\/inicio\\\/wp-content\\\/uploads\\\/2023\\\/09\\\/ardohainbullrich2023-09.jpg\",\"datePublished\":\"2023-09-01T22:39:22+00:00\",\"dateModified\":\"2023-09-03T22:51:55+00:00\",\"breadcrumb\":{\"@id\":\"https:\\\/\\\/diariotextual.com\\\/inicio\\\/index.php\\\/2023\\\/09\\\/01\\\/ardohain-y-su-pedido-para-que-los-votos-no-se-fuguen-a-milei-no-podemos-saltar-al-vacio\\\/#breadcrumb\"},\"inLanguage\":\"es\",\"potentialAction\":[{\"@type\":\"ReadAction\",\"target\":[\"https:\\\/\\\/diariotextual.com\\\/inicio\\\/index.php\\\/2023\\\/09\\\/01\\\/ardohain-y-su-pedido-para-que-los-votos-no-se-fuguen-a-milei-no-podemos-saltar-al-vacio\\\/\"]}]},{\"@type\":\"ImageObject\",\"inLanguage\":\"es\",\"@id\":\"https:\\\/\\\/diariotextual.com\\\/inicio\\\/index.php\\\/2023\\\/09\\\/01\\\/ardohain-y-su-pedido-para-que-los-votos-no-se-fuguen-a-milei-no-podemos-saltar-al-vacio\\\/#primaryimage\",\"url\":\"https:\\\/\\\/diariotextual.com\\\/inicio\\\/wp-content\\\/uploads\\\/2023\\\/09\\\/ardohainbullrich2023-09.jpg\",\"contentUrl\":\"https:\\\/\\\/diariotextual.com\\\/inicio\\\/wp-content\\\/uploads\\\/2023\\\/09\\\/ardohainbullrich2023-09.jpg\",\"width\":527,\"height\":345},{\"@type\":\"BreadcrumbList\",\"@id\":\"https:\\\/\\\/diariotextual.com\\\/inicio\\\/index.php\\\/2023\\\/09\\\/01\\\/ardohain-y-su-pedido-para-que-los-votos-no-se-fuguen-a-milei-no-podemos-saltar-al-vacio\\\/#breadcrumb\",\"itemListElement\":[{\"@type\":\"ListItem\",\"position\":1,\"name\":\"Portada\",\"item\":\"https:\\\/\\\/diariotextual.com\\\/inicio\\\/\"},{\"@type\":\"ListItem\",\"position\":2,\"name\":\"Ardohain y su pedido para que los votos no se fuguen a Milei: \u201cNo podemos saltar al vac\u00edo\u201d\"}]},{\"@type\":\"WebSite\",\"@id\":\"https:\\\/\\\/diariotextual.com\\\/inicio\\\/#website\",\"url\":\"https:\\\/\\\/diariotextual.com\\\/inicio\\\/\",\"name\":\"Diario Textual\",\"description\":\"\",\"publisher\":{\"@id\":\"https:\\\/\\\/diariotextual.com\\\/inicio\\\/#organization\"},\"potentialAction\":[{\"@type\":\"SearchAction\",\"target\":{\"@type\":\"EntryPoint\",\"urlTemplate\":\"https:\\\/\\\/diariotextual.com\\\/inicio\\\/?s={search_term_string}\"},\"query-input\":{\"@type\":\"PropertyValueSpecification\",\"valueRequired\":true,\"valueName\":\"search_term_string\"}}],\"inLanguage\":\"es\"},{\"@type\":\"Organization\",\"@id\":\"https:\\\/\\\/diariotextual.com\\\/inicio\\\/#organization\",\"name\":\"Diario Textual\",\"url\":\"https:\\\/\\\/diariotextual.com\\\/inicio\\\/\",\"logo\":{\"@type\":\"ImageObject\",\"inLanguage\":\"es\",\"@id\":\"https:\\\/\\\/diariotextual.com\\\/inicio\\\/#\\\/schema\\\/logo\\\/image\\\/\",\"url\":\"https:\\\/\\\/diariotextual.com\\\/inicio\\\/wp-content\\\/uploads\\\/2023\\\/05\\\/logotextual1.jpg\",\"contentUrl\":\"https:\\\/\\\/diariotextual.com\\\/inicio\\\/wp-content\\\/uploads\\\/2023\\\/05\\\/logotextual1.jpg\",\"width\":516,\"height\":76,\"caption\":\"Diario Textual\"},\"image\":{\"@id\":\"https:\\\/\\\/diariotextual.com\\\/inicio\\\/#\\\/schema\\\/logo\\\/image\\\/\"},\"sameAs\":[\"https:\\\/\\\/www.facebook.com\\\/eltextual\",\"https:\\\/\\\/x.com\\\/eltextual\",\"http:\\\/\\\/www.instagram.com\\\/eltextual\"]},{\"@type\":\"Person\",\"@id\":\"https:\\\/\\\/diariotextual.com\\\/inicio\\\/#\\\/schema\\\/person\\\/418fc4093c33e86ed41562db3508f958\",\"name\":\"Diario1 Diario1\",\"image\":{\"@type\":\"ImageObject\",\"inLanguage\":\"es\",\"@id\":\"https:\\\/\\\/secure.gravatar.com\\\/avatar\\\/9167d280179c85bc18be67aa7eda765854300033af4896dd779b608640f2ef7a?s=96&d=mm&r=g\",\"url\":\"https:\\\/\\\/secure.gravatar.com\\\/avatar\\\/9167d280179c85bc18be67aa7eda765854300033af4896dd779b608640f2ef7a?s=96&d=mm&r=g\",\"contentUrl\":\"https:\\\/\\\/secure.gravatar.com\\\/avatar\\\/9167d280179c85bc18be67aa7eda765854300033af4896dd779b608640f2ef7a?s=96&d=mm&r=g\",\"caption\":\"Diario1 Diario1\"},\"url\":\"https:\\\/\\\/diariotextual.com\\\/inicio\\\/index.php\\\/author\\\/diario1\\\/\"}]}<\/script>\n<!-- \/ Yoast SEO plugin. -->","yoast_head_json":{"title":"Ardohain y su pedido para que los votos no se fuguen a Milei: \u201cNo podemos saltar al vac\u00edo\u201d - Diario Textual","robots":{"index":"index","follow":"follow","max-snippet":"max-snippet:-1","max-image-preview":"max-image-preview:large","max-video-preview":"max-video-preview:-1"},"canonical":"https:\/\/diariotextual.com\/inicio\/index.php\/2023\/09\/01\/ardohain-y-su-pedido-para-que-los-votos-no-se-fuguen-a-milei-no-podemos-saltar-al-vacio\/","og_locale":"es_ES","og_type":"article","og_title":"Ardohain y su pedido para que los votos no se fuguen a Milei: \u201cNo podemos saltar al vac\u00edo\u201d - Diario Textual","og_description":"En Juntos por el Cambio est\u00e1n apostando al \u201cvoto racional\u201d para las pr\u00f3ximas elecciones. Por lo pronto, por las declaraciones del candidato a diputado nacional por La Pampa, Mart\u00edn Ardohain,&hellip;","og_url":"https:\/\/diariotextual.com\/inicio\/index.php\/2023\/09\/01\/ardohain-y-su-pedido-para-que-los-votos-no-se-fuguen-a-milei-no-podemos-saltar-al-vacio\/","og_site_name":"Diario Textual","article_publisher":"https:\/\/www.facebook.com\/eltextual","article_published_time":"2023-09-01T22:39:22+00:00","article_modified_time":"2023-09-03T22:51:55+00:00","og_image":[{"width":527,"height":345,"url":"https:\/\/diariotextual.com\/inicio\/wp-content\/uploads\/2023\/09\/ardohainbullrich2023-09.jpg","type":"image\/jpeg"}],"author":"Diario1 Diario1","twitter_card":"summary_large_image","twitter_creator":"@eltextual","twitter_site":"@eltextual","twitter_misc":{"Escrito por":"Diario1 Diario1","Tiempo de lectura":"2 minutos"},"schema":{"@context":"https:\/\/schema.org","@graph":[{"@type":"Article","@id":"https:\/\/diariotextual.com\/inicio\/index.php\/2023\/09\/01\/ardohain-y-su-pedido-para-que-los-votos-no-se-fuguen-a-milei-no-podemos-saltar-al-vacio\/#article","isPartOf":{"@id":"https:\/\/diariotextual.com\/inicio\/index.php\/2023\/09\/01\/ardohain-y-su-pedido-para-que-los-votos-no-se-fuguen-a-milei-no-podemos-saltar-al-vacio\/"},"author":{"name":"Diario1 Diario1","@id":"https:\/\/diariotextual.com\/inicio\/#\/schema\/person\/418fc4093c33e86ed41562db3508f958"},"headline":"Ardohain y su pedido para que los votos no se fuguen a Milei: \u201cNo podemos saltar al vac\u00edo\u201d","datePublished":"2023-09-01T22:39:22+00:00","dateModified":"2023-09-03T22:51:55+00:00","mainEntityOfPage":{"@id":"https:\/\/diariotextual.com\/inicio\/index.php\/2023\/09\/01\/ardohain-y-su-pedido-para-que-los-votos-no-se-fuguen-a-milei-no-podemos-saltar-al-vacio\/"},"wordCount":349,"publisher":{"@id":"https:\/\/diariotextual.com\/inicio\/#organization"},"image":{"@id":"https:\/\/diariotextual.com\/inicio\/index.php\/2023\/09\/01\/ardohain-y-su-pedido-para-que-los-votos-no-se-fuguen-a-milei-no-podemos-saltar-al-vacio\/#primaryimage"},"thumbnailUrl":"https:\/\/diariotextual.com\/inicio\/wp-content\/uploads\/2023\/09\/ardohainbullrich2023-09.jpg","articleSection":["A - QUE PASA (al costado)","POLITICA"],"inLanguage":"es"},{"@type":"WebPage","@id":"https:\/\/diariotextual.com\/inicio\/index.php\/2023\/09\/01\/ardohain-y-su-pedido-para-que-los-votos-no-se-fuguen-a-milei-no-podemos-saltar-al-vacio\/","url":"https:\/\/diariotextual.com\/inicio\/index.php\/2023\/09\/01\/ardohain-y-su-pedido-para-que-los-votos-no-se-fuguen-a-milei-no-podemos-saltar-al-vacio\/","name":"Ardohain y su pedido para que los votos no se fuguen a Milei: \u201cNo podemos saltar al vac\u00edo\u201d - Diario Textual","isPartOf":{"@id":"https:\/\/diariotextual.com\/inicio\/#website"},"primaryImageOfPage":{"@id":"https:\/\/diariotextual.com\/inicio\/index.php\/2023\/09\/01\/ardohain-y-su-pedido-para-que-los-votos-no-se-fuguen-a-milei-no-podemos-saltar-al-vacio\/#primaryimage"},"image":{"@id":"https:\/\/diariotextual.com\/inicio\/index.php\/2023\/09\/01\/ardohain-y-su-pedido-para-que-los-votos-no-se-fuguen-a-milei-no-podemos-saltar-al-vacio\/#primaryimage"},"thumbnailUrl":"https:\/\/diariotextual.com\/inicio\/wp-content\/uploads\/2023\/09\/ardohainbullrich2023-09.jpg","datePublished":"2023-09-01T22:39:22+00:00","dateModified":"2023-09-03T22:51:55+00:00","breadcrumb":{"@id":"https:\/\/diariotextual.com\/inicio\/index.php\/2023\/09\/01\/ardohain-y-su-pedido-para-que-los-votos-no-se-fuguen-a-milei-no-podemos-saltar-al-vacio\/#breadcrumb"},"inLanguage":"es","potentialAction":[{"@type":"ReadAction","target":["https:\/\/diariotextual.com\/inicio\/index.php\/2023\/09\/01\/ardohain-y-su-pedido-para-que-los-votos-no-se-fuguen-a-milei-no-podemos-saltar-al-vacio\/"]}]},{"@type":"ImageObject","inLanguage":"es","@id":"https:\/\/diariotextual.com\/inicio\/index.php\/2023\/09\/01\/ardohain-y-su-pedido-para-que-los-votos-no-se-fuguen-a-milei-no-podemos-saltar-al-vacio\/#primaryimage","url":"https:\/\/diariotextual.com\/inicio\/wp-content\/uploads\/2023\/09\/ardohainbullrich2023-09.jpg","contentUrl":"https:\/\/diariotextual.com\/inicio\/wp-content\/uploads\/2023\/09\/ardohainbullrich2023-09.jpg","width":527,"height":345},{"@type":"BreadcrumbList","@id":"https:\/\/diariotextual.com\/inicio\/index.php\/2023\/09\/01\/ardohain-y-su-pedido-para-que-los-votos-no-se-fuguen-a-milei-no-podemos-saltar-al-vacio\/#breadcrumb","itemListElement":[{"@type":"ListItem","position":1,"name":"Portada","item":"https:\/\/diariotextual.com\/inicio\/"},{"@type":"ListItem","position":2,"name":"Ardohain y su pedido para que los votos no se fuguen a Milei: \u201cNo podemos saltar al vac\u00edo\u201d"}]},{"@type":"WebSite","@id":"https:\/\/diariotextual.com\/inicio\/#website","url":"https:\/\/diariotextual.com\/inicio\/","name":"Diario Textual","description":"","publisher":{"@id":"https:\/\/diariotextual.com\/inicio\/#organization"},"potentialAction":[{"@type":"SearchAction","target":{"@type":"EntryPoint","urlTemplate":"https:\/\/diariotextual.com\/inicio\/?s={search_term_string}"},"query-input":{"@type":"PropertyValueSpecification","valueRequired":true,"valueName":"search_term_string"}}],"inLanguage":"es"},{"@type":"Organization","@id":"https:\/\/diariotextual.com\/inicio\/#organization","name":"Diario Textual","url":"https:\/\/diariotextual.com\/inicio\/","logo":{"@type":"ImageObject","inLanguage":"es","@id":"https:\/\/diariotextual.com\/inicio\/#\/schema\/logo\/image\/","url":"https:\/\/diariotextual.com\/inicio\/wp-content\/uploads\/2023\/05\/logotextual1.jpg","contentUrl":"https:\/\/diariotextual.com\/inicio\/wp-content\/uploads\/2023\/05\/logotextual1.jpg","width":516,"height":76,"caption":"Diario Textual"},"image":{"@id":"https:\/\/diariotextual.com\/inicio\/#\/schema\/logo\/image\/"},"sameAs":["https:\/\/www.facebook.com\/eltextual","https:\/\/x.com\/eltextual","http:\/\/www.instagram.com\/eltextual"]},{"@type":"Person","@id":"https:\/\/diariotextual.com\/inicio\/#\/schema\/person\/418fc4093c33e86ed41562db3508f958","name":"Diario1 Diario1","image":{"@type":"ImageObject","inLanguage":"es","@id":"https:\/\/secure.gravatar.com\/avatar\/9167d280179c85bc18be67aa7eda765854300033af4896dd779b608640f2ef7a?s=96&d=mm&r=g","url":"https:\/\/secure.gravatar.com\/avatar\/9167d280179c85bc18be67aa7eda765854300033af4896dd779b608640f2ef7a?s=96&d=mm&r=g","contentUrl":"https:\/\/secure.gravatar.com\/avatar\/9167d280179c85bc18be67aa7eda765854300033af4896dd779b608640f2ef7a?s=96&d=mm&r=g","caption":"Diario1 Diario1"},"url":"https:\/\/diariotextual.com\/inicio\/index.php\/author\/diario1\/"}]}},"_links":{"self":[{"href":"https:\/\/diariotextual.com\/inicio\/index.php\/wp-json\/wp\/v2\/posts\/236076","targetHints":{"allow":["GET"]}}],"collection":[{"href":"https:\/\/diariotextual.com\/inicio\/index.php\/wp-json\/wp\/v2\/posts"}],"about":[{"href":"https:\/\/diariotextual.com\/inicio\/index.php\/wp-json\/wp\/v2\/types\/post"}],"author":[{"embeddable":true,"href":"https:\/\/diariotextual.com\/inicio\/index.php\/wp-json\/wp\/v2\/users\/3"}],"replies":[{"embeddable":true,"href":"https:\/\/diariotextual.com\/inicio\/index.php\/wp-json\/wp\/v2\/comments?post=236076"}],"version-history":[{"count":4,"href":"https:\/\/diariotextual.com\/inicio\/index.php\/wp-json\/wp\/v2\/posts\/236076\/revisions"}],"predecessor-version":[{"id":236081,"href":"https:\/\/diariotextual.com\/inicio\/index.php\/wp-json\/wp\/v2\/posts\/236076\/revisions\/236081"}],"wp:featuredmedia":[{"embeddable":true,"href":"https:\/\/diariotextual.com\/inicio\/index.php\/wp-json\/wp\/v2\/media\/236080"}],"wp:attachment":[{"href":"https:\/\/diariotextual.com\/inicio\/index.php\/wp-json\/wp\/v2\/media?parent=236076"}],"wp:term":[{"taxonomy":"category","embeddable":true,"href":"https:\/\/diariotextual.com\/inicio\/index.php\/wp-json\/wp\/v2\/categories?post=236076"},{"taxonomy":"post_tag","embeddable":true,"href":"https:\/\/diariotextual.com\/inicio\/index.php\/wp-json\/wp\/v2\/tags?post=236076"}],"curies":[{"name":"wp","href":"https:\/\/api.w.org\/{rel}","templated":true}]}}