{"id":236131,"date":"2023-09-03T10:40:52","date_gmt":"2023-09-03T13:40:52","guid":{"rendered":"https:\/\/diariotextual.com\/inicio\/?p=236131"},"modified":"2023-09-04T10:29:09","modified_gmt":"2023-09-04T13:29:09","slug":"kroneberger-defendio-el-proyecto-de-alquileres-y-acuso-al-oficialismo-de-tirar-la-pelota-para-adelante","status":"publish","type":"post","link":"https:\/\/diariotextual.com\/inicio\/index.php\/2023\/09\/03\/kroneberger-defendio-el-proyecto-de-alquileres-y-acuso-al-oficialismo-de-tirar-la-pelota-para-adelante\/","title":{"rendered":"Kroneberger defendi\u00f3 el proyecto de alquileres y acus\u00f3 al oficialismo de \u201ctirar la pelota para adelante\u201d"},"content":{"rendered":"\n<p>El senador nacional <strong>Daniel Kroneberger (Juntos por el Cambio)<\/strong> defendi\u00f3 en Radio Textual (LU 33) el proyecto de <strong>ley de alquileres<\/strong> que present\u00f3 la coalici\u00f3n opositora. Dijo que va a <strong>\u201cincrementar la oferta\u201d<\/strong> y va a <strong>\u201cmorigerar la situaci\u00f3n\u201d<\/strong> de la falta de inmuebles para alquilar.<\/p>\n\n\n\n<p>La iniciativa de JxC modifica, entre otros puntos, el plazo de los contratos de 3 a 2 a\u00f1os y propone que el plazo de actualizaci\u00f3n sea cada cuatro meses en vez de seis como rige actualmente.<\/p>\n\n\n\n<p>\u201cTratamos de que esto salga r\u00e1pidamente porque este es el peor de los momentos. Nadie quiere alquilar nada porque no sabe con qu\u00e9 reglas de juego se va a regir. Esto urge. Pero no logramos sacarlo porque el Frente de Todos plante\u00f3 modificaciones y tir\u00f3 la pelota para adelante. Esto hizo que la semana que viene tengamos que seguir discutiendo\u201d, lament\u00f3.<\/p>\n\n\n\n<p>\u201cTenemos d\u00e9ficit habitacional, no hay cr\u00e9ditos hipotecarios y estamos en un problema agudo. Este proyecto va a dar previsibilidad y va a aumentar la oferta\u201d, confi\u00f3.<\/p>\n\n\n\n<p>\u201cEsta ley no va en contra del inquilino y a favor del mercado. Busca un equilibrio donde las dos partes salgan beneficiadas\u201d, sostuvo.<\/p>\n\n\n\n<p>Reconoci\u00f3 que se est\u00e1n haciendo acuerdo por fuera de la ley. \u201cLo hacen porque ninguna de las dos partes se ve beneficiada\u201d, agreg\u00f3.<\/p>\n\n\n\n<p>La semana que viene continuar\u00e1 el debate en el Senado, con la convocatoria a inquilinos y propietarios. <\/p>\n","protected":false},"excerpt":{"rendered":"<p>El senador nacional Daniel Kroneberger (Juntos por el Cambio) defendi\u00f3 en Radio Textual (LU 33) el proyecto de ley de alquileres que present\u00f3 la coalici\u00f3n opositora. Dijo que va a&hellip;<\/p>\n","protected":false},"author":7,"featured_media":185364,"comment_status":"closed","ping_status":"open","sticky":false,"template":"","format":"standard","meta":{"_acf_changed":false,"footnotes":""},"categories":[11,8],"tags":[],"class_list":["post-236131","post","type-post","status-publish","format-standard","has-post-thumbnail","hentry","category-que-pasa","category-politica"],"acf":[],"yoast_head":"<!-- This site is optimized with the Yoast SEO plugin v27.5 - https:\/\/yoast.com\/product\/yoast-seo-wordpress\/ -->\n<title>Kroneberger defendi\u00f3 el proyecto de alquileres y acus\u00f3 al oficialismo de \u201ctirar la pelota para adelante\u201d - Diario Textual<\/title>\n<meta name=\"robots\" content=\"index, follow, max-snippet:-1, max-image-preview:large, max-video-preview:-1\" \/>\n<link rel=\"canonical\" href=\"https:\/\/diariotextual.com\/inicio\/index.php\/2023\/09\/03\/kroneberger-defendio-el-proyecto-de-alquileres-y-acuso-al-oficialismo-de-tirar-la-pelota-para-adelante\/\" \/>\n<meta property=\"og:locale\" content=\"es_ES\" \/>\n<meta property=\"og:type\" content=\"article\" \/>\n<meta property=\"og:title\" content=\"Kroneberger defendi\u00f3 el proyecto de alquileres y acus\u00f3 al oficialismo de \u201ctirar la pelota para adelante\u201d - Diario Textual\" \/>\n<meta property=\"og:description\" content=\"El senador nacional Daniel Kroneberger (Juntos por el Cambio) defendi\u00f3 en Radio Textual (LU 33) el proyecto de ley de alquileres que present\u00f3 la coalici\u00f3n opositora. Dijo que va a&hellip;\" \/>\n<meta property=\"og:url\" content=\"https:\/\/diariotextual.com\/inicio\/index.php\/2023\/09\/03\/kroneberger-defendio-el-proyecto-de-alquileres-y-acuso-al-oficialismo-de-tirar-la-pelota-para-adelante\/\" \/>\n<meta property=\"og:site_name\" content=\"Diario Textual\" \/>\n<meta property=\"article:publisher\" content=\"https:\/\/www.facebook.com\/eltextual\" \/>\n<meta property=\"article:published_time\" content=\"2023-09-03T13:40:52+00:00\" \/>\n<meta property=\"article:modified_time\" content=\"2023-09-04T13:29:09+00:00\" \/>\n<meta property=\"og:image\" content=\"https:\/\/diariotextual.com\/inicio\/wp-content\/uploads\/2022\/04\/alquileres00006.jpg\" \/>\n\t<meta property=\"og:image:width\" content=\"880\" \/>\n\t<meta property=\"og:image:height\" content=\"495\" \/>\n\t<meta property=\"og:image:type\" content=\"image\/jpeg\" \/>\n<meta name=\"author\" content=\"diario5\" \/>\n<meta name=\"twitter:card\" content=\"summary_large_image\" \/>\n<meta name=\"twitter:creator\" content=\"@eltextual\" \/>\n<meta name=\"twitter:site\" content=\"@eltextual\" \/>\n<meta name=\"twitter:label1\" content=\"Escrito por\" \/>\n\t<meta name=\"twitter:data1\" content=\"diario5\" \/>\n\t<meta name=\"twitter:label2\" content=\"Tiempo de lectura\" \/>\n\t<meta name=\"twitter:data2\" content=\"2 minutos\" \/>\n<script type=\"application\/ld+json\" class=\"yoast-schema-graph\">{\"@context\":\"https:\\\/\\\/schema.org\",\"@graph\":[{\"@type\":\"Article\",\"@id\":\"https:\\\/\\\/diariotextual.com\\\/inicio\\\/index.php\\\/2023\\\/09\\\/03\\\/kroneberger-defendio-el-proyecto-de-alquileres-y-acuso-al-oficialismo-de-tirar-la-pelota-para-adelante\\\/#article\",\"isPartOf\":{\"@id\":\"https:\\\/\\\/diariotextual.com\\\/inicio\\\/index.php\\\/2023\\\/09\\\/03\\\/kroneberger-defendio-el-proyecto-de-alquileres-y-acuso-al-oficialismo-de-tirar-la-pelota-para-adelante\\\/\"},\"author\":{\"name\":\"diario5\",\"@id\":\"https:\\\/\\\/diariotextual.com\\\/inicio\\\/#\\\/schema\\\/person\\\/c7834961ad8b29b1d9cdbf4571299067\"},\"headline\":\"Kroneberger defendi\u00f3 el proyecto de alquileres y acus\u00f3 al oficialismo de \u201ctirar la pelota para adelante\u201d\",\"datePublished\":\"2023-09-03T13:40:52+00:00\",\"dateModified\":\"2023-09-04T13:29:09+00:00\",\"mainEntityOfPage\":{\"@id\":\"https:\\\/\\\/diariotextual.com\\\/inicio\\\/index.php\\\/2023\\\/09\\\/03\\\/kroneberger-defendio-el-proyecto-de-alquileres-y-acuso-al-oficialismo-de-tirar-la-pelota-para-adelante\\\/\"},\"wordCount\":253,\"publisher\":{\"@id\":\"https:\\\/\\\/diariotextual.com\\\/inicio\\\/#organization\"},\"image\":{\"@id\":\"https:\\\/\\\/diariotextual.com\\\/inicio\\\/index.php\\\/2023\\\/09\\\/03\\\/kroneberger-defendio-el-proyecto-de-alquileres-y-acuso-al-oficialismo-de-tirar-la-pelota-para-adelante\\\/#primaryimage\"},\"thumbnailUrl\":\"https:\\\/\\\/diariotextual.com\\\/inicio\\\/wp-content\\\/uploads\\\/2022\\\/04\\\/alquileres00006.jpg\",\"articleSection\":[\"A - QUE PASA (al costado)\",\"POLITICA\"],\"inLanguage\":\"es\"},{\"@type\":\"WebPage\",\"@id\":\"https:\\\/\\\/diariotextual.com\\\/inicio\\\/index.php\\\/2023\\\/09\\\/03\\\/kroneberger-defendio-el-proyecto-de-alquileres-y-acuso-al-oficialismo-de-tirar-la-pelota-para-adelante\\\/\",\"url\":\"https:\\\/\\\/diariotextual.com\\\/inicio\\\/index.php\\\/2023\\\/09\\\/03\\\/kroneberger-defendio-el-proyecto-de-alquileres-y-acuso-al-oficialismo-de-tirar-la-pelota-para-adelante\\\/\",\"name\":\"Kroneberger defendi\u00f3 el proyecto de alquileres y acus\u00f3 al oficialismo de \u201ctirar la pelota para adelante\u201d - Diario Textual\",\"isPartOf\":{\"@id\":\"https:\\\/\\\/diariotextual.com\\\/inicio\\\/#website\"},\"primaryImageOfPage\":{\"@id\":\"https:\\\/\\\/diariotextual.com\\\/inicio\\\/index.php\\\/2023\\\/09\\\/03\\\/kroneberger-defendio-el-proyecto-de-alquileres-y-acuso-al-oficialismo-de-tirar-la-pelota-para-adelante\\\/#primaryimage\"},\"image\":{\"@id\":\"https:\\\/\\\/diariotextual.com\\\/inicio\\\/index.php\\\/2023\\\/09\\\/03\\\/kroneberger-defendio-el-proyecto-de-alquileres-y-acuso-al-oficialismo-de-tirar-la-pelota-para-adelante\\\/#primaryimage\"},\"thumbnailUrl\":\"https:\\\/\\\/diariotextual.com\\\/inicio\\\/wp-content\\\/uploads\\\/2022\\\/04\\\/alquileres00006.jpg\",\"datePublished\":\"2023-09-03T13:40:52+00:00\",\"dateModified\":\"2023-09-04T13:29:09+00:00\",\"breadcrumb\":{\"@id\":\"https:\\\/\\\/diariotextual.com\\\/inicio\\\/index.php\\\/2023\\\/09\\\/03\\\/kroneberger-defendio-el-proyecto-de-alquileres-y-acuso-al-oficialismo-de-tirar-la-pelota-para-adelante\\\/#breadcrumb\"},\"inLanguage\":\"es\",\"potentialAction\":[{\"@type\":\"ReadAction\",\"target\":[\"https:\\\/\\\/diariotextual.com\\\/inicio\\\/index.php\\\/2023\\\/09\\\/03\\\/kroneberger-defendio-el-proyecto-de-alquileres-y-acuso-al-oficialismo-de-tirar-la-pelota-para-adelante\\\/\"]}]},{\"@type\":\"ImageObject\",\"inLanguage\":\"es\",\"@id\":\"https:\\\/\\\/diariotextual.com\\\/inicio\\\/index.php\\\/2023\\\/09\\\/03\\\/kroneberger-defendio-el-proyecto-de-alquileres-y-acuso-al-oficialismo-de-tirar-la-pelota-para-adelante\\\/#primaryimage\",\"url\":\"https:\\\/\\\/diariotextual.com\\\/inicio\\\/wp-content\\\/uploads\\\/2022\\\/04\\\/alquileres00006.jpg\",\"contentUrl\":\"https:\\\/\\\/diariotextual.com\\\/inicio\\\/wp-content\\\/uploads\\\/2022\\\/04\\\/alquileres00006.jpg\",\"width\":880,\"height\":495},{\"@type\":\"BreadcrumbList\",\"@id\":\"https:\\\/\\\/diariotextual.com\\\/inicio\\\/index.php\\\/2023\\\/09\\\/03\\\/kroneberger-defendio-el-proyecto-de-alquileres-y-acuso-al-oficialismo-de-tirar-la-pelota-para-adelante\\\/#breadcrumb\",\"itemListElement\":[{\"@type\":\"ListItem\",\"position\":1,\"name\":\"Portada\",\"item\":\"https:\\\/\\\/diariotextual.com\\\/inicio\\\/\"},{\"@type\":\"ListItem\",\"position\":2,\"name\":\"Kroneberger defendi\u00f3 el proyecto de alquileres y acus\u00f3 al oficialismo de \u201ctirar la pelota para adelante\u201d\"}]},{\"@type\":\"WebSite\",\"@id\":\"https:\\\/\\\/diariotextual.com\\\/inicio\\\/#website\",\"url\":\"https:\\\/\\\/diariotextual.com\\\/inicio\\\/\",\"name\":\"Diario Textual\",\"description\":\"\",\"publisher\":{\"@id\":\"https:\\\/\\\/diariotextual.com\\\/inicio\\\/#organization\"},\"potentialAction\":[{\"@type\":\"SearchAction\",\"target\":{\"@type\":\"EntryPoint\",\"urlTemplate\":\"https:\\\/\\\/diariotextual.com\\\/inicio\\\/?s={search_term_string}\"},\"query-input\":{\"@type\":\"PropertyValueSpecification\",\"valueRequired\":true,\"valueName\":\"search_term_string\"}}],\"inLanguage\":\"es\"},{\"@type\":\"Organization\",\"@id\":\"https:\\\/\\\/diariotextual.com\\\/inicio\\\/#organization\",\"name\":\"Diario Textual\",\"url\":\"https:\\\/\\\/diariotextual.com\\\/inicio\\\/\",\"logo\":{\"@type\":\"ImageObject\",\"inLanguage\":\"es\",\"@id\":\"https:\\\/\\\/diariotextual.com\\\/inicio\\\/#\\\/schema\\\/logo\\\/image\\\/\",\"url\":\"https:\\\/\\\/diariotextual.com\\\/inicio\\\/wp-content\\\/uploads\\\/2023\\\/05\\\/logotextual1.jpg\",\"contentUrl\":\"https:\\\/\\\/diariotextual.com\\\/inicio\\\/wp-content\\\/uploads\\\/2023\\\/05\\\/logotextual1.jpg\",\"width\":516,\"height\":76,\"caption\":\"Diario Textual\"},\"image\":{\"@id\":\"https:\\\/\\\/diariotextual.com\\\/inicio\\\/#\\\/schema\\\/logo\\\/image\\\/\"},\"sameAs\":[\"https:\\\/\\\/www.facebook.com\\\/eltextual\",\"https:\\\/\\\/x.com\\\/eltextual\",\"http:\\\/\\\/www.instagram.com\\\/eltextual\"]},{\"@type\":\"Person\",\"@id\":\"https:\\\/\\\/diariotextual.com\\\/inicio\\\/#\\\/schema\\\/person\\\/c7834961ad8b29b1d9cdbf4571299067\",\"name\":\"diario5\",\"image\":{\"@type\":\"ImageObject\",\"inLanguage\":\"es\",\"@id\":\"https:\\\/\\\/secure.gravatar.com\\\/avatar\\\/948c893b847ca6df68216ead81b63f363408ec9b0f600fefc0641ce78613b111?s=96&d=mm&r=g\",\"url\":\"https:\\\/\\\/secure.gravatar.com\\\/avatar\\\/948c893b847ca6df68216ead81b63f363408ec9b0f600fefc0641ce78613b111?s=96&d=mm&r=g\",\"contentUrl\":\"https:\\\/\\\/secure.gravatar.com\\\/avatar\\\/948c893b847ca6df68216ead81b63f363408ec9b0f600fefc0641ce78613b111?s=96&d=mm&r=g\",\"caption\":\"diario5\"},\"url\":\"https:\\\/\\\/diariotextual.com\\\/inicio\\\/index.php\\\/author\\\/diario5\\\/\"}]}<\/script>\n<!-- \/ Yoast SEO plugin. -->","yoast_head_json":{"title":"Kroneberger defendi\u00f3 el proyecto de alquileres y acus\u00f3 al oficialismo de \u201ctirar la pelota para adelante\u201d - Diario Textual","robots":{"index":"index","follow":"follow","max-snippet":"max-snippet:-1","max-image-preview":"max-image-preview:large","max-video-preview":"max-video-preview:-1"},"canonical":"https:\/\/diariotextual.com\/inicio\/index.php\/2023\/09\/03\/kroneberger-defendio-el-proyecto-de-alquileres-y-acuso-al-oficialismo-de-tirar-la-pelota-para-adelante\/","og_locale":"es_ES","og_type":"article","og_title":"Kroneberger defendi\u00f3 el proyecto de alquileres y acus\u00f3 al oficialismo de \u201ctirar la pelota para adelante\u201d - Diario Textual","og_description":"El senador nacional Daniel Kroneberger (Juntos por el Cambio) defendi\u00f3 en Radio Textual (LU 33) el proyecto de ley de alquileres que present\u00f3 la coalici\u00f3n opositora. Dijo que va a&hellip;","og_url":"https:\/\/diariotextual.com\/inicio\/index.php\/2023\/09\/03\/kroneberger-defendio-el-proyecto-de-alquileres-y-acuso-al-oficialismo-de-tirar-la-pelota-para-adelante\/","og_site_name":"Diario Textual","article_publisher":"https:\/\/www.facebook.com\/eltextual","article_published_time":"2023-09-03T13:40:52+00:00","article_modified_time":"2023-09-04T13:29:09+00:00","og_image":[{"width":880,"height":495,"url":"https:\/\/diariotextual.com\/inicio\/wp-content\/uploads\/2022\/04\/alquileres00006.jpg","type":"image\/jpeg"}],"author":"diario5","twitter_card":"summary_large_image","twitter_creator":"@eltextual","twitter_site":"@eltextual","twitter_misc":{"Escrito por":"diario5","Tiempo de lectura":"2 minutos"},"schema":{"@context":"https:\/\/schema.org","@graph":[{"@type":"Article","@id":"https:\/\/diariotextual.com\/inicio\/index.php\/2023\/09\/03\/kroneberger-defendio-el-proyecto-de-alquileres-y-acuso-al-oficialismo-de-tirar-la-pelota-para-adelante\/#article","isPartOf":{"@id":"https:\/\/diariotextual.com\/inicio\/index.php\/2023\/09\/03\/kroneberger-defendio-el-proyecto-de-alquileres-y-acuso-al-oficialismo-de-tirar-la-pelota-para-adelante\/"},"author":{"name":"diario5","@id":"https:\/\/diariotextual.com\/inicio\/#\/schema\/person\/c7834961ad8b29b1d9cdbf4571299067"},"headline":"Kroneberger defendi\u00f3 el proyecto de alquileres y acus\u00f3 al oficialismo de \u201ctirar la pelota para adelante\u201d","datePublished":"2023-09-03T13:40:52+00:00","dateModified":"2023-09-04T13:29:09+00:00","mainEntityOfPage":{"@id":"https:\/\/diariotextual.com\/inicio\/index.php\/2023\/09\/03\/kroneberger-defendio-el-proyecto-de-alquileres-y-acuso-al-oficialismo-de-tirar-la-pelota-para-adelante\/"},"wordCount":253,"publisher":{"@id":"https:\/\/diariotextual.com\/inicio\/#organization"},"image":{"@id":"https:\/\/diariotextual.com\/inicio\/index.php\/2023\/09\/03\/kroneberger-defendio-el-proyecto-de-alquileres-y-acuso-al-oficialismo-de-tirar-la-pelota-para-adelante\/#primaryimage"},"thumbnailUrl":"https:\/\/diariotextual.com\/inicio\/wp-content\/uploads\/2022\/04\/alquileres00006.jpg","articleSection":["A - QUE PASA (al costado)","POLITICA"],"inLanguage":"es"},{"@type":"WebPage","@id":"https:\/\/diariotextual.com\/inicio\/index.php\/2023\/09\/03\/kroneberger-defendio-el-proyecto-de-alquileres-y-acuso-al-oficialismo-de-tirar-la-pelota-para-adelante\/","url":"https:\/\/diariotextual.com\/inicio\/index.php\/2023\/09\/03\/kroneberger-defendio-el-proyecto-de-alquileres-y-acuso-al-oficialismo-de-tirar-la-pelota-para-adelante\/","name":"Kroneberger defendi\u00f3 el proyecto de alquileres y acus\u00f3 al oficialismo de \u201ctirar la pelota para adelante\u201d - Diario Textual","isPartOf":{"@id":"https:\/\/diariotextual.com\/inicio\/#website"},"primaryImageOfPage":{"@id":"https:\/\/diariotextual.com\/inicio\/index.php\/2023\/09\/03\/kroneberger-defendio-el-proyecto-de-alquileres-y-acuso-al-oficialismo-de-tirar-la-pelota-para-adelante\/#primaryimage"},"image":{"@id":"https:\/\/diariotextual.com\/inicio\/index.php\/2023\/09\/03\/kroneberger-defendio-el-proyecto-de-alquileres-y-acuso-al-oficialismo-de-tirar-la-pelota-para-adelante\/#primaryimage"},"thumbnailUrl":"https:\/\/diariotextual.com\/inicio\/wp-content\/uploads\/2022\/04\/alquileres00006.jpg","datePublished":"2023-09-03T13:40:52+00:00","dateModified":"2023-09-04T13:29:09+00:00","breadcrumb":{"@id":"https:\/\/diariotextual.com\/inicio\/index.php\/2023\/09\/03\/kroneberger-defendio-el-proyecto-de-alquileres-y-acuso-al-oficialismo-de-tirar-la-pelota-para-adelante\/#breadcrumb"},"inLanguage":"es","potentialAction":[{"@type":"ReadAction","target":["https:\/\/diariotextual.com\/inicio\/index.php\/2023\/09\/03\/kroneberger-defendio-el-proyecto-de-alquileres-y-acuso-al-oficialismo-de-tirar-la-pelota-para-adelante\/"]}]},{"@type":"ImageObject","inLanguage":"es","@id":"https:\/\/diariotextual.com\/inicio\/index.php\/2023\/09\/03\/kroneberger-defendio-el-proyecto-de-alquileres-y-acuso-al-oficialismo-de-tirar-la-pelota-para-adelante\/#primaryimage","url":"https:\/\/diariotextual.com\/inicio\/wp-content\/uploads\/2022\/04\/alquileres00006.jpg","contentUrl":"https:\/\/diariotextual.com\/inicio\/wp-content\/uploads\/2022\/04\/alquileres00006.jpg","width":880,"height":495},{"@type":"BreadcrumbList","@id":"https:\/\/diariotextual.com\/inicio\/index.php\/2023\/09\/03\/kroneberger-defendio-el-proyecto-de-alquileres-y-acuso-al-oficialismo-de-tirar-la-pelota-para-adelante\/#breadcrumb","itemListElement":[{"@type":"ListItem","position":1,"name":"Portada","item":"https:\/\/diariotextual.com\/inicio\/"},{"@type":"ListItem","position":2,"name":"Kroneberger defendi\u00f3 el proyecto de alquileres y acus\u00f3 al oficialismo de \u201ctirar la pelota para adelante\u201d"}]},{"@type":"WebSite","@id":"https:\/\/diariotextual.com\/inicio\/#website","url":"https:\/\/diariotextual.com\/inicio\/","name":"Diario Textual","description":"","publisher":{"@id":"https:\/\/diariotextual.com\/inicio\/#organization"},"potentialAction":[{"@type":"SearchAction","target":{"@type":"EntryPoint","urlTemplate":"https:\/\/diariotextual.com\/inicio\/?s={search_term_string}"},"query-input":{"@type":"PropertyValueSpecification","valueRequired":true,"valueName":"search_term_string"}}],"inLanguage":"es"},{"@type":"Organization","@id":"https:\/\/diariotextual.com\/inicio\/#organization","name":"Diario Textual","url":"https:\/\/diariotextual.com\/inicio\/","logo":{"@type":"ImageObject","inLanguage":"es","@id":"https:\/\/diariotextual.com\/inicio\/#\/schema\/logo\/image\/","url":"https:\/\/diariotextual.com\/inicio\/wp-content\/uploads\/2023\/05\/logotextual1.jpg","contentUrl":"https:\/\/diariotextual.com\/inicio\/wp-content\/uploads\/2023\/05\/logotextual1.jpg","width":516,"height":76,"caption":"Diario Textual"},"image":{"@id":"https:\/\/diariotextual.com\/inicio\/#\/schema\/logo\/image\/"},"sameAs":["https:\/\/www.facebook.com\/eltextual","https:\/\/x.com\/eltextual","http:\/\/www.instagram.com\/eltextual"]},{"@type":"Person","@id":"https:\/\/diariotextual.com\/inicio\/#\/schema\/person\/c7834961ad8b29b1d9cdbf4571299067","name":"diario5","image":{"@type":"ImageObject","inLanguage":"es","@id":"https:\/\/secure.gravatar.com\/avatar\/948c893b847ca6df68216ead81b63f363408ec9b0f600fefc0641ce78613b111?s=96&d=mm&r=g","url":"https:\/\/secure.gravatar.com\/avatar\/948c893b847ca6df68216ead81b63f363408ec9b0f600fefc0641ce78613b111?s=96&d=mm&r=g","contentUrl":"https:\/\/secure.gravatar.com\/avatar\/948c893b847ca6df68216ead81b63f363408ec9b0f600fefc0641ce78613b111?s=96&d=mm&r=g","caption":"diario5"},"url":"https:\/\/diariotextual.com\/inicio\/index.php\/author\/diario5\/"}]}},"_links":{"self":[{"href":"https:\/\/diariotextual.com\/inicio\/index.php\/wp-json\/wp\/v2\/posts\/236131","targetHints":{"allow":["GET"]}}],"collection":[{"href":"https:\/\/diariotextual.com\/inicio\/index.php\/wp-json\/wp\/v2\/posts"}],"about":[{"href":"https:\/\/diariotextual.com\/inicio\/index.php\/wp-json\/wp\/v2\/types\/post"}],"author":[{"embeddable":true,"href":"https:\/\/diariotextual.com\/inicio\/index.php\/wp-json\/wp\/v2\/users\/7"}],"replies":[{"embeddable":true,"href":"https:\/\/diariotextual.com\/inicio\/index.php\/wp-json\/wp\/v2\/comments?post=236131"}],"version-history":[{"count":1,"href":"https:\/\/diariotextual.com\/inicio\/index.php\/wp-json\/wp\/v2\/posts\/236131\/revisions"}],"predecessor-version":[{"id":236132,"href":"https:\/\/diariotextual.com\/inicio\/index.php\/wp-json\/wp\/v2\/posts\/236131\/revisions\/236132"}],"wp:featuredmedia":[{"embeddable":true,"href":"https:\/\/diariotextual.com\/inicio\/index.php\/wp-json\/wp\/v2\/media\/185364"}],"wp:attachment":[{"href":"https:\/\/diariotextual.com\/inicio\/index.php\/wp-json\/wp\/v2\/media?parent=236131"}],"wp:term":[{"taxonomy":"category","embeddable":true,"href":"https:\/\/diariotextual.com\/inicio\/index.php\/wp-json\/wp\/v2\/categories?post=236131"},{"taxonomy":"post_tag","embeddable":true,"href":"https:\/\/diariotextual.com\/inicio\/index.php\/wp-json\/wp\/v2\/tags?post=236131"}],"curies":[{"name":"wp","href":"https:\/\/api.w.org\/{rel}","templated":true}]}}