{"id":236154,"date":"2023-09-03T20:01:27","date_gmt":"2023-09-03T23:01:27","guid":{"rendered":"https:\/\/diariotextual.com\/inicio\/?p=236154"},"modified":"2023-09-04T06:19:03","modified_gmt":"2023-09-04T09:19:03","slug":"por-que-ahora-usan-el-fuego-en-el-parque-luro","status":"publish","type":"post","link":"https:\/\/diariotextual.com\/inicio\/index.php\/2023\/09\/03\/por-que-ahora-usan-el-fuego-en-el-parque-luro\/","title":{"rendered":"Por qu\u00e9 ahora usan el fuego en el Parque Luro"},"content":{"rendered":"\n<p class=\"wp-block-paragraph\"><strong>En la Reserva Provincial Parque Luro, durante a\u00f1os se excluy\u00f3 el fuego como herramienta de manejo. La Subsecretar\u00eda de Ambiente explic\u00f3 que se intent\u00f3 prevenir incendios estivales mediante la creaci\u00f3n de cortafuegos, que en La Pampa no son efectivos para evitar el ingreso del fuego, sino que, m\u00e1s bien, facilitan el acceso de patrullas de combate a los incendios. Esta situaci\u00f3n se agrav\u00f3 debido a la presencia de dos especies ex\u00f3ticas, el jabal\u00ed y el ciervo colorado, que modificaron dr\u00e1sticamente el h\u00e1bitat, al crear \u00e1reas densamente vegetadas que, en condiciones extremas, se convierten en combustibles altamente inflamables y destructivos. La combinaci\u00f3n de estos factores llev\u00f3 a un proceso de arbustizaci\u00f3n en \u00e1reas de pastizales, amenazando con la desaparici\u00f3n de estos h\u00e1bitats.<\/strong><\/p>\n\n\n\n<p class=\"wp-block-paragraph\">Con la implementaci\u00f3n del programa <strong>\u201cEl Retorno de los Nuestros\u201d <\/strong>de la Subsecretar\u00eda de Ambiente, que busca <strong>reintroducir especies nativas en \u00e1reas protegidas provinciales<\/strong>, se\u00a0inici\u00f3 un programa de mejora de ambientes en el Parque Luro. <strong>Este proyecto logr\u00f3 el regreso de especies como vizcachas, guanacos e incluso el yuyo colorado. <\/strong>Todas ellas, especies que <strong>hab\u00edan desaparecido hace d\u00e9cadas<\/strong>. Junto con la reintroducci\u00f3n de estas especies, se trabaj\u00f3 en la mejora integral del h\u00e1bitat y en la minimizaci\u00f3n de las amenazas potenciales.<\/p>\n\n\n\n<p class=\"wp-block-paragraph\">A partir de entonces,<strong> el fuego se convirti\u00f3 en una herramienta valiosa para el manejo de h\u00e1bitats <\/strong>en la Reserva Provincial Parque Luro. \u201c<strong>En lugar de verlo como un enemigo temible, se reconoci\u00f3 su importancia para la renovaci\u00f3n y el mantenimiento de \u00e1reas de pastizales. Adem\u00e1s, se utiliz\u00f3 de manera controlada en \u00e1reas boscosas abiertas para prevenir incendios destructivos durante la temporada estival\u201d<\/strong>, comunic\u00f3 Ambiente.<\/p>\n\n\n\n<p class=\"wp-block-paragraph\">Recientemente, la Subsecretar\u00eda de Ambiente llev\u00f3 a cabo una quema controlada en una zona de pastizal natural, como parte de los esfuerzos planificados para mejorar los ambientes naturales del \u00e1rea protegida. \u201cEsta quema, ejecutada por la Direcci\u00f3n de Defensa Civil, se realiz\u00f3 con \u00e9xito, tomando todas las precauciones de seguridad necesarias. Es importante destacar que estas actividades de manejo activo en \u00e1reas protegidas tienen como objetivo restaurar la din\u00e1mica natural de los ecosistemas y prevenir eventos destructivos. En \u00faltima instancia, benefician a toda la biodiversidad presente en el Parque Luro, contribuyendo a la conservaci\u00f3n de la valiosa riqueza natural\u201d, inform\u00f3.<\/p>\n\n\n\n<p class=\"wp-block-paragraph\">Ambiente record\u00f3 que kla ecolog\u00eda ense\u00f1a que los disturbios naturales son eventos que generan cambios significativos en un ecosistema, influenciando su estructura y evoluci\u00f3n a corto, mediano y largo plazo. Estos eventos pueden ser impactantes, infrecuentes y a menudo captan la atenci\u00f3n de la sociedad en general, desafiando la comprensi\u00f3n cient\u00edfica. En los paisajes pampeanos, uno de los disturbios m\u00e1s relevantes es el fuego.&nbsp;<\/p>\n\n\n\n<p class=\"wp-block-paragraph\">El fuego, aunque a menudo se lo subestim\u00f3 como agente ecol\u00f3gico, es una parte inherente de muchos ecosistemas naturales. De hecho, influy\u00f3 directamente en la evoluci\u00f3n de las especies y en la configuraci\u00f3n de los ambientes en los que habitan. Su existencia est\u00e1 vinculada al surgimiento de las plantas, ya que proporcionan dos de los tres elementos esenciales para que el fuego exista: ox\u00edgeno y combustible. El tercer elemento, la fuente de calor o ignici\u00f3n, ha estado presente en el planeta desde tiempos inmemoriales, a trav\u00e9s de rayos, impactos de meteoritos y otras fuentes. Antes de la aparici\u00f3n de las plantas, no hab\u00eda suficiente ox\u00edgeno; antes de las plantas, no hab\u00eda suficiente combustible y, por lo tanto, el fuego no exist\u00eda en el planeta.<\/p>\n\n\n\n<p class=\"wp-block-paragraph\">En algunos ecosistemas, como las praderas, sabanas, bosques de con\u00edferas, caldenales y jarillales, el fuego desempe\u00f1a un papel fundamental en la vitalidad, la renovaci\u00f3n y el funcionamiento saludable de estos h\u00e1bitats. Muchas especies que habitan en estos ecosistemas dependen del fuego para germinar, establecerse o reproducirse.<\/p>\n\n\n\n<p class=\"wp-block-paragraph\">Sin embargo, la intervenci\u00f3n humana alter\u00f3 dr\u00e1sticamente el r\u00e9gimen natural de incendios. En muchos casos, se aumentaron la frecuencia de incendios, mientras que, en otros, se han suprimido por completo, lo que llev\u00f3 a cambios significativos en los ecosistemas.<\/p>\n\n\n\n<p class=\"wp-block-paragraph\"><\/p>\n","protected":false},"excerpt":{"rendered":"<p>En la Reserva Provincial Parque Luro, durante a\u00f1os se excluy\u00f3 el fuego como herramienta de manejo. La Subsecretar\u00eda de Ambiente explic\u00f3 que se intent\u00f3 prevenir incendios estivales mediante la creaci\u00f3n&hellip;<\/p>\n","protected":false},"author":3,"featured_media":236156,"comment_status":"closed","ping_status":"open","sticky":false,"template":"","format":"standard","meta":{"_acf_changed":false,"footnotes":""},"categories":[1,20],"tags":[],"class_list":["post-236154","post","type-post","status-publish","format-standard","has-post-thumbnail","hentry","category-es-noticia","category-campo"],"acf":[],"yoast_head":"<!-- This site is optimized with the Yoast SEO plugin v28.3 - https:\/\/yoast.com\/product\/yoast-seo-wordpress\/ -->\n<title>Por qu\u00e9 ahora usan el fuego en el Parque Luro - Diario Textual<\/title>\n<meta name=\"robots\" content=\"index, follow, max-snippet:-1, max-image-preview:large, max-video-preview:-1\" \/>\n<link rel=\"canonical\" href=\"https:\/\/diariotextual.com\/inicio\/index.php\/2023\/09\/03\/por-que-ahora-usan-el-fuego-en-el-parque-luro\/\" \/>\n<meta property=\"og:locale\" content=\"es_ES\" \/>\n<meta property=\"og:type\" content=\"article\" \/>\n<meta property=\"og:title\" content=\"Por qu\u00e9 ahora usan el fuego en el Parque Luro - Diario Textual\" \/>\n<meta property=\"og:description\" content=\"En la Reserva Provincial Parque Luro, durante a\u00f1os se excluy\u00f3 el fuego como herramienta de manejo. La Subsecretar\u00eda de Ambiente explic\u00f3 que se intent\u00f3 prevenir incendios estivales mediante la creaci\u00f3n&hellip;\" \/>\n<meta property=\"og:url\" content=\"https:\/\/diariotextual.com\/inicio\/index.php\/2023\/09\/03\/por-que-ahora-usan-el-fuego-en-el-parque-luro\/\" \/>\n<meta property=\"og:site_name\" content=\"Diario Textual\" \/>\n<meta property=\"article:publisher\" content=\"https:\/\/www.facebook.com\/eltextual\" \/>\n<meta property=\"article:published_time\" content=\"2023-09-03T23:01:27+00:00\" \/>\n<meta property=\"article:modified_time\" content=\"2023-09-04T09:19:03+00:00\" \/>\n<meta property=\"og:image\" content=\"https:\/\/diariotextual.com\/inicio\/wp-content\/uploads\/2023\/09\/incendioenelparqueluroquemaprescripta2023-1.jpeg\" \/>\n\t<meta property=\"og:image:width\" content=\"1280\" \/>\n\t<meta property=\"og:image:height\" content=\"906\" \/>\n\t<meta property=\"og:image:type\" content=\"image\/jpeg\" \/>\n<meta name=\"author\" content=\"Diario1 Diario1\" \/>\n<meta name=\"twitter:card\" content=\"summary_large_image\" \/>\n<meta name=\"twitter:creator\" content=\"@eltextual\" \/>\n<meta name=\"twitter:site\" content=\"@eltextual\" \/>\n<meta name=\"twitter:label1\" content=\"Escrito por\" \/>\n\t<meta name=\"twitter:data1\" content=\"Diario1 Diario1\" \/>\n\t<meta name=\"twitter:label2\" content=\"Tiempo de lectura\" \/>\n\t<meta name=\"twitter:data2\" content=\"3 minutos\" \/>\n<script type=\"application\/ld+json\" class=\"yoast-schema-graph\">{\"@context\":\"https:\\\/\\\/schema.org\",\"@graph\":[{\"@type\":\"Article\",\"@id\":\"https:\\\/\\\/diariotextual.com\\\/inicio\\\/index.php\\\/2023\\\/09\\\/03\\\/por-que-ahora-usan-el-fuego-en-el-parque-luro\\\/#article\",\"isPartOf\":{\"@id\":\"https:\\\/\\\/diariotextual.com\\\/inicio\\\/index.php\\\/2023\\\/09\\\/03\\\/por-que-ahora-usan-el-fuego-en-el-parque-luro\\\/\"},\"author\":{\"name\":\"Diario1 Diario1\",\"@id\":\"https:\\\/\\\/diariotextual.com\\\/inicio\\\/#\\\/schema\\\/person\\\/418fc4093c33e86ed41562db3508f958\"},\"headline\":\"Por qu\u00e9 ahora usan el fuego en el Parque Luro\",\"datePublished\":\"2023-09-03T23:01:27+00:00\",\"dateModified\":\"2023-09-04T09:19:03+00:00\",\"mainEntityOfPage\":{\"@id\":\"https:\\\/\\\/diariotextual.com\\\/inicio\\\/index.php\\\/2023\\\/09\\\/03\\\/por-que-ahora-usan-el-fuego-en-el-parque-luro\\\/\"},\"wordCount\":703,\"publisher\":{\"@id\":\"https:\\\/\\\/diariotextual.com\\\/inicio\\\/#organization\"},\"image\":{\"@id\":\"https:\\\/\\\/diariotextual.com\\\/inicio\\\/index.php\\\/2023\\\/09\\\/03\\\/por-que-ahora-usan-el-fuego-en-el-parque-luro\\\/#primaryimage\"},\"thumbnailUrl\":\"https:\\\/\\\/diariotextual.com\\\/inicio\\\/wp-content\\\/uploads\\\/2023\\\/09\\\/incendioenelparqueluroquemaprescripta2023-1.jpeg\",\"articleSection\":[\"A - ES NOTICIA (van abajo)\",\"CAMPO\"],\"inLanguage\":\"es\"},{\"@type\":\"WebPage\",\"@id\":\"https:\\\/\\\/diariotextual.com\\\/inicio\\\/index.php\\\/2023\\\/09\\\/03\\\/por-que-ahora-usan-el-fuego-en-el-parque-luro\\\/\",\"url\":\"https:\\\/\\\/diariotextual.com\\\/inicio\\\/index.php\\\/2023\\\/09\\\/03\\\/por-que-ahora-usan-el-fuego-en-el-parque-luro\\\/\",\"name\":\"Por qu\u00e9 ahora usan el fuego en el Parque Luro - Diario Textual\",\"isPartOf\":{\"@id\":\"https:\\\/\\\/diariotextual.com\\\/inicio\\\/#website\"},\"primaryImageOfPage\":{\"@id\":\"https:\\\/\\\/diariotextual.com\\\/inicio\\\/index.php\\\/2023\\\/09\\\/03\\\/por-que-ahora-usan-el-fuego-en-el-parque-luro\\\/#primaryimage\"},\"image\":{\"@id\":\"https:\\\/\\\/diariotextual.com\\\/inicio\\\/index.php\\\/2023\\\/09\\\/03\\\/por-que-ahora-usan-el-fuego-en-el-parque-luro\\\/#primaryimage\"},\"thumbnailUrl\":\"https:\\\/\\\/diariotextual.com\\\/inicio\\\/wp-content\\\/uploads\\\/2023\\\/09\\\/incendioenelparqueluroquemaprescripta2023-1.jpeg\",\"datePublished\":\"2023-09-03T23:01:27+00:00\",\"dateModified\":\"2023-09-04T09:19:03+00:00\",\"breadcrumb\":{\"@id\":\"https:\\\/\\\/diariotextual.com\\\/inicio\\\/index.php\\\/2023\\\/09\\\/03\\\/por-que-ahora-usan-el-fuego-en-el-parque-luro\\\/#breadcrumb\"},\"inLanguage\":\"es\",\"potentialAction\":[{\"@type\":\"ReadAction\",\"target\":[\"https:\\\/\\\/diariotextual.com\\\/inicio\\\/index.php\\\/2023\\\/09\\\/03\\\/por-que-ahora-usan-el-fuego-en-el-parque-luro\\\/\"]}]},{\"@type\":\"ImageObject\",\"inLanguage\":\"es\",\"@id\":\"https:\\\/\\\/diariotextual.com\\\/inicio\\\/index.php\\\/2023\\\/09\\\/03\\\/por-que-ahora-usan-el-fuego-en-el-parque-luro\\\/#primaryimage\",\"url\":\"https:\\\/\\\/diariotextual.com\\\/inicio\\\/wp-content\\\/uploads\\\/2023\\\/09\\\/incendioenelparqueluroquemaprescripta2023-1.jpeg\",\"contentUrl\":\"https:\\\/\\\/diariotextual.com\\\/inicio\\\/wp-content\\\/uploads\\\/2023\\\/09\\\/incendioenelparqueluroquemaprescripta2023-1.jpeg\",\"width\":1280,\"height\":906},{\"@type\":\"BreadcrumbList\",\"@id\":\"https:\\\/\\\/diariotextual.com\\\/inicio\\\/index.php\\\/2023\\\/09\\\/03\\\/por-que-ahora-usan-el-fuego-en-el-parque-luro\\\/#breadcrumb\",\"itemListElement\":[{\"@type\":\"ListItem\",\"position\":1,\"name\":\"Portada\",\"item\":\"https:\\\/\\\/diariotextual.com\\\/inicio\\\/\"},{\"@type\":\"ListItem\",\"position\":2,\"name\":\"Por qu\u00e9 ahora usan el fuego en el Parque Luro\"}]},{\"@type\":\"WebSite\",\"@id\":\"https:\\\/\\\/diariotextual.com\\\/inicio\\\/#website\",\"url\":\"https:\\\/\\\/diariotextual.com\\\/inicio\\\/\",\"name\":\"Diario Textual\",\"description\":\"\",\"publisher\":{\"@id\":\"https:\\\/\\\/diariotextual.com\\\/inicio\\\/#organization\"},\"potentialAction\":[{\"@type\":\"SearchAction\",\"target\":{\"@type\":\"EntryPoint\",\"urlTemplate\":\"https:\\\/\\\/diariotextual.com\\\/inicio\\\/?s={search_term_string}\"},\"query-input\":{\"@type\":\"PropertyValueSpecification\",\"valueRequired\":true,\"valueName\":\"search_term_string\"}}],\"inLanguage\":\"es\"},{\"@type\":\"Organization\",\"@id\":\"https:\\\/\\\/diariotextual.com\\\/inicio\\\/#organization\",\"name\":\"Diario Textual\",\"url\":\"https:\\\/\\\/diariotextual.com\\\/inicio\\\/\",\"logo\":{\"@type\":\"ImageObject\",\"inLanguage\":\"es\",\"@id\":\"https:\\\/\\\/diariotextual.com\\\/inicio\\\/#\\\/schema\\\/logo\\\/image\\\/\",\"url\":\"https:\\\/\\\/diariotextual.com\\\/inicio\\\/wp-content\\\/uploads\\\/2023\\\/05\\\/logotextual1.jpg\",\"contentUrl\":\"https:\\\/\\\/diariotextual.com\\\/inicio\\\/wp-content\\\/uploads\\\/2023\\\/05\\\/logotextual1.jpg\",\"width\":516,\"height\":76,\"caption\":\"Diario Textual\"},\"image\":{\"@id\":\"https:\\\/\\\/diariotextual.com\\\/inicio\\\/#\\\/schema\\\/logo\\\/image\\\/\"},\"sameAs\":[\"https:\\\/\\\/www.facebook.com\\\/eltextual\",\"https:\\\/\\\/x.com\\\/eltextual\",\"http:\\\/\\\/www.instagram.com\\\/eltextual\"]},{\"@type\":\"Person\",\"@id\":\"https:\\\/\\\/diariotextual.com\\\/inicio\\\/#\\\/schema\\\/person\\\/418fc4093c33e86ed41562db3508f958\",\"name\":\"Diario1 Diario1\",\"image\":{\"@type\":\"ImageObject\",\"inLanguage\":\"es\",\"@id\":\"https:\\\/\\\/secure.gravatar.com\\\/avatar\\\/9167d280179c85bc18be67aa7eda765854300033af4896dd779b608640f2ef7a?s=96&d=mm&r=g\",\"url\":\"https:\\\/\\\/secure.gravatar.com\\\/avatar\\\/9167d280179c85bc18be67aa7eda765854300033af4896dd779b608640f2ef7a?s=96&d=mm&r=g\",\"contentUrl\":\"https:\\\/\\\/secure.gravatar.com\\\/avatar\\\/9167d280179c85bc18be67aa7eda765854300033af4896dd779b608640f2ef7a?s=96&d=mm&r=g\",\"caption\":\"Diario1 Diario1\"},\"url\":\"https:\\\/\\\/diariotextual.com\\\/inicio\\\/index.php\\\/author\\\/diario1\\\/\"}]}<\/script>\n<!-- \/ Yoast SEO plugin. -->","yoast_head_json":{"title":"Por qu\u00e9 ahora usan el fuego en el Parque Luro - Diario Textual","robots":{"index":"index","follow":"follow","max-snippet":"max-snippet:-1","max-image-preview":"max-image-preview:large","max-video-preview":"max-video-preview:-1"},"canonical":"https:\/\/diariotextual.com\/inicio\/index.php\/2023\/09\/03\/por-que-ahora-usan-el-fuego-en-el-parque-luro\/","og_locale":"es_ES","og_type":"article","og_title":"Por qu\u00e9 ahora usan el fuego en el Parque Luro - Diario Textual","og_description":"En la Reserva Provincial Parque Luro, durante a\u00f1os se excluy\u00f3 el fuego como herramienta de manejo. La Subsecretar\u00eda de Ambiente explic\u00f3 que se intent\u00f3 prevenir incendios estivales mediante la creaci\u00f3n&hellip;","og_url":"https:\/\/diariotextual.com\/inicio\/index.php\/2023\/09\/03\/por-que-ahora-usan-el-fuego-en-el-parque-luro\/","og_site_name":"Diario Textual","article_publisher":"https:\/\/www.facebook.com\/eltextual","article_published_time":"2023-09-03T23:01:27+00:00","article_modified_time":"2023-09-04T09:19:03+00:00","og_image":[{"width":1280,"height":906,"url":"https:\/\/diariotextual.com\/inicio\/wp-content\/uploads\/2023\/09\/incendioenelparqueluroquemaprescripta2023-1.jpeg","type":"image\/jpeg"}],"author":"Diario1 Diario1","twitter_card":"summary_large_image","twitter_creator":"@eltextual","twitter_site":"@eltextual","twitter_misc":{"Escrito por":"Diario1 Diario1","Tiempo de lectura":"3 minutos"},"schema":{"@context":"https:\/\/schema.org","@graph":[{"@type":"Article","@id":"https:\/\/diariotextual.com\/inicio\/index.php\/2023\/09\/03\/por-que-ahora-usan-el-fuego-en-el-parque-luro\/#article","isPartOf":{"@id":"https:\/\/diariotextual.com\/inicio\/index.php\/2023\/09\/03\/por-que-ahora-usan-el-fuego-en-el-parque-luro\/"},"author":{"name":"Diario1 Diario1","@id":"https:\/\/diariotextual.com\/inicio\/#\/schema\/person\/418fc4093c33e86ed41562db3508f958"},"headline":"Por qu\u00e9 ahora usan el fuego en el Parque Luro","datePublished":"2023-09-03T23:01:27+00:00","dateModified":"2023-09-04T09:19:03+00:00","mainEntityOfPage":{"@id":"https:\/\/diariotextual.com\/inicio\/index.php\/2023\/09\/03\/por-que-ahora-usan-el-fuego-en-el-parque-luro\/"},"wordCount":703,"publisher":{"@id":"https:\/\/diariotextual.com\/inicio\/#organization"},"image":{"@id":"https:\/\/diariotextual.com\/inicio\/index.php\/2023\/09\/03\/por-que-ahora-usan-el-fuego-en-el-parque-luro\/#primaryimage"},"thumbnailUrl":"https:\/\/diariotextual.com\/inicio\/wp-content\/uploads\/2023\/09\/incendioenelparqueluroquemaprescripta2023-1.jpeg","articleSection":["A - ES NOTICIA (van abajo)","CAMPO"],"inLanguage":"es"},{"@type":"WebPage","@id":"https:\/\/diariotextual.com\/inicio\/index.php\/2023\/09\/03\/por-que-ahora-usan-el-fuego-en-el-parque-luro\/","url":"https:\/\/diariotextual.com\/inicio\/index.php\/2023\/09\/03\/por-que-ahora-usan-el-fuego-en-el-parque-luro\/","name":"Por qu\u00e9 ahora usan el fuego en el Parque Luro - Diario Textual","isPartOf":{"@id":"https:\/\/diariotextual.com\/inicio\/#website"},"primaryImageOfPage":{"@id":"https:\/\/diariotextual.com\/inicio\/index.php\/2023\/09\/03\/por-que-ahora-usan-el-fuego-en-el-parque-luro\/#primaryimage"},"image":{"@id":"https:\/\/diariotextual.com\/inicio\/index.php\/2023\/09\/03\/por-que-ahora-usan-el-fuego-en-el-parque-luro\/#primaryimage"},"thumbnailUrl":"https:\/\/diariotextual.com\/inicio\/wp-content\/uploads\/2023\/09\/incendioenelparqueluroquemaprescripta2023-1.jpeg","datePublished":"2023-09-03T23:01:27+00:00","dateModified":"2023-09-04T09:19:03+00:00","breadcrumb":{"@id":"https:\/\/diariotextual.com\/inicio\/index.php\/2023\/09\/03\/por-que-ahora-usan-el-fuego-en-el-parque-luro\/#breadcrumb"},"inLanguage":"es","potentialAction":[{"@type":"ReadAction","target":["https:\/\/diariotextual.com\/inicio\/index.php\/2023\/09\/03\/por-que-ahora-usan-el-fuego-en-el-parque-luro\/"]}]},{"@type":"ImageObject","inLanguage":"es","@id":"https:\/\/diariotextual.com\/inicio\/index.php\/2023\/09\/03\/por-que-ahora-usan-el-fuego-en-el-parque-luro\/#primaryimage","url":"https:\/\/diariotextual.com\/inicio\/wp-content\/uploads\/2023\/09\/incendioenelparqueluroquemaprescripta2023-1.jpeg","contentUrl":"https:\/\/diariotextual.com\/inicio\/wp-content\/uploads\/2023\/09\/incendioenelparqueluroquemaprescripta2023-1.jpeg","width":1280,"height":906},{"@type":"BreadcrumbList","@id":"https:\/\/diariotextual.com\/inicio\/index.php\/2023\/09\/03\/por-que-ahora-usan-el-fuego-en-el-parque-luro\/#breadcrumb","itemListElement":[{"@type":"ListItem","position":1,"name":"Portada","item":"https:\/\/diariotextual.com\/inicio\/"},{"@type":"ListItem","position":2,"name":"Por qu\u00e9 ahora usan el fuego en el Parque Luro"}]},{"@type":"WebSite","@id":"https:\/\/diariotextual.com\/inicio\/#website","url":"https:\/\/diariotextual.com\/inicio\/","name":"Diario Textual","description":"","publisher":{"@id":"https:\/\/diariotextual.com\/inicio\/#organization"},"potentialAction":[{"@type":"SearchAction","target":{"@type":"EntryPoint","urlTemplate":"https:\/\/diariotextual.com\/inicio\/?s={search_term_string}"},"query-input":{"@type":"PropertyValueSpecification","valueRequired":true,"valueName":"search_term_string"}}],"inLanguage":"es"},{"@type":"Organization","@id":"https:\/\/diariotextual.com\/inicio\/#organization","name":"Diario Textual","url":"https:\/\/diariotextual.com\/inicio\/","logo":{"@type":"ImageObject","inLanguage":"es","@id":"https:\/\/diariotextual.com\/inicio\/#\/schema\/logo\/image\/","url":"https:\/\/diariotextual.com\/inicio\/wp-content\/uploads\/2023\/05\/logotextual1.jpg","contentUrl":"https:\/\/diariotextual.com\/inicio\/wp-content\/uploads\/2023\/05\/logotextual1.jpg","width":516,"height":76,"caption":"Diario Textual"},"image":{"@id":"https:\/\/diariotextual.com\/inicio\/#\/schema\/logo\/image\/"},"sameAs":["https:\/\/www.facebook.com\/eltextual","https:\/\/x.com\/eltextual","http:\/\/www.instagram.com\/eltextual"]},{"@type":"Person","@id":"https:\/\/diariotextual.com\/inicio\/#\/schema\/person\/418fc4093c33e86ed41562db3508f958","name":"Diario1 Diario1","image":{"@type":"ImageObject","inLanguage":"es","@id":"https:\/\/secure.gravatar.com\/avatar\/9167d280179c85bc18be67aa7eda765854300033af4896dd779b608640f2ef7a?s=96&d=mm&r=g","url":"https:\/\/secure.gravatar.com\/avatar\/9167d280179c85bc18be67aa7eda765854300033af4896dd779b608640f2ef7a?s=96&d=mm&r=g","contentUrl":"https:\/\/secure.gravatar.com\/avatar\/9167d280179c85bc18be67aa7eda765854300033af4896dd779b608640f2ef7a?s=96&d=mm&r=g","caption":"Diario1 Diario1"},"url":"https:\/\/diariotextual.com\/inicio\/index.php\/author\/diario1\/"}]}},"_links":{"self":[{"href":"https:\/\/diariotextual.com\/inicio\/index.php\/wp-json\/wp\/v2\/posts\/236154","targetHints":{"allow":["GET"]}}],"collection":[{"href":"https:\/\/diariotextual.com\/inicio\/index.php\/wp-json\/wp\/v2\/posts"}],"about":[{"href":"https:\/\/diariotextual.com\/inicio\/index.php\/wp-json\/wp\/v2\/types\/post"}],"author":[{"embeddable":true,"href":"https:\/\/diariotextual.com\/inicio\/index.php\/wp-json\/wp\/v2\/users\/3"}],"replies":[{"embeddable":true,"href":"https:\/\/diariotextual.com\/inicio\/index.php\/wp-json\/wp\/v2\/comments?post=236154"}],"version-history":[{"count":2,"href":"https:\/\/diariotextual.com\/inicio\/index.php\/wp-json\/wp\/v2\/posts\/236154\/revisions"}],"predecessor-version":[{"id":236157,"href":"https:\/\/diariotextual.com\/inicio\/index.php\/wp-json\/wp\/v2\/posts\/236154\/revisions\/236157"}],"wp:featuredmedia":[{"embeddable":true,"href":"https:\/\/diariotextual.com\/inicio\/index.php\/wp-json\/wp\/v2\/media\/236156"}],"wp:attachment":[{"href":"https:\/\/diariotextual.com\/inicio\/index.php\/wp-json\/wp\/v2\/media?parent=236154"}],"wp:term":[{"taxonomy":"category","embeddable":true,"href":"https:\/\/diariotextual.com\/inicio\/index.php\/wp-json\/wp\/v2\/categories?post=236154"},{"taxonomy":"post_tag","embeddable":true,"href":"https:\/\/diariotextual.com\/inicio\/index.php\/wp-json\/wp\/v2\/tags?post=236154"}],"curies":[{"name":"wp","href":"https:\/\/api.w.org\/{rel}","templated":true}]}}