{"id":236200,"date":"2023-09-04T08:13:22","date_gmt":"2023-09-04T11:13:22","guid":{"rendered":"https:\/\/diariotextual.com\/inicio\/?p=236200"},"modified":"2023-09-04T19:39:58","modified_gmt":"2023-09-04T22:39:58","slug":"promueven-que-organismos-publicos-de-la-pampa-se-presenten-al-premio-nacional-a-la-calidad","status":"publish","type":"post","link":"https:\/\/diariotextual.com\/inicio\/index.php\/2023\/09\/04\/promueven-que-organismos-publicos-de-la-pampa-se-presenten-al-premio-nacional-a-la-calidad\/","title":{"rendered":"Promueven que organismos p\u00fablicos de La Pampa se presenten al Premio Nacional a la Calidad"},"content":{"rendered":"\n<p>Lorena N\u00fa\u00f1ez, directora de Calidad de la Gesti\u00f3n de la Jefatura de Gabinete de Naci\u00f3n, visit\u00f3 La Pampa y promovi\u00f3 el Premio Nacional a la Calidad que eval\u00faa y distingue a organismo p\u00fablicos y empresas privadas que cumplen con est\u00e1ndares de calidad. Esta distinci\u00f3n cumple treinta a\u00f1os en 2023. \u201cPresentarse es tambi\u00e9n discutir sobre cu\u00e1l ser\u00eda la mejor gesti\u00f3n que se pudiera hacer en la provincia en funci\u00f3n de un modelo de calidad\u201d, dijo la funcionaria.<\/p>\n\n\n\n<p>Actualmente solo se ha presentado por La Pampa el Tribunal de Cuentas (obtuvo medalla de plata en 2017, medalla de bronce en 2019 y menci\u00f3n en 2015), por lo que esperan puedan incorporarse m\u00e1s organismos provinciales y municipales, as\u00ed como tambi\u00e9n sumar evaluadores pampeanos a este premio federal.<\/p>\n\n\n\n<p>N\u00fa\u00f1ez indic\u00f3 que \u201cl Premio Nacional a la Calidad es una pol\u00edtica p\u00fablica que est\u00e1 respaldada por una ley que sancion\u00f3 el Congreso de la Naci\u00f3n y que ha transcurrido distintos gobiernos. \u201cNosotros dentro de lo que ser\u00eda la Direcci\u00f3n de Calidad de la Gesti\u00f3n, que depende de la Secretar\u00eda de Gesti\u00f3n y Empleo y de la Secretar\u00eda de Gabinete, tenemos a cargo lo que es el Premio Nacional de la Calidad del sector p\u00fablico\u201d, dijo.<\/p>\n\n\n\n<p>\u201cEste premio distingue con medallas de oro, plata, bronce y tambi\u00e9n distinciones por cap\u00edtulos que tienen como base un modelo de calidad estatal. El modelo de calidad estatal es un modelo a nivel nacional que tiene la Argentina, que fue actualizado en el a\u00f1o 2021. Ese modelo es una matriz sobre c\u00f3mo se debe gestionar dentro del \u00e1mbito estatal, ya sea nacional, provincial o municipal y cu\u00e1les son las mejores pr\u00e1cticas dentro de la gesti\u00f3n que pueden llevar a los mejores resultados para los ciudadanos y ciudadanas. Este premio est\u00e1 respaldado, a su vez, por toda una comunidad que es especialista en el \u00e1rea de calidad, donde intervienen m\u00e1s de 100 evaluadores y evaluadoras de todo el pa\u00eds, que viajan a las provincias para evaluar aquellos organismos que se presentan en forma voluntaria\u201d, explic\u00f3.<\/p>\n\n\n\n<p>\u201cEl premio no es una competencia\u201d, aclar\u00f3. \u201cLo que hace es poner en valor todo lo que se hace en la Argentina y que se hace bien. En realidad, es una competencia de la misma gesti\u00f3n sobre ella misma. No hay ning\u00fan organismo que sea igual a otro, ni tampoco existe un organismo 100% perfecto. Pero s\u00ed lo que existen son decisiones que deciden mejorar lo que hacen y para eso se presentan al Premio Nacional de la Calidad, donde no solamente tienen que poner en conocimiento todo lo que hacen, sino que tambi\u00e9n nosotros constatamos in situ si lo que est\u00e1n diciendo corresponde con ese informe. Pasamos por todas sus \u00e1reas, conociendo todos sus procesos, tambi\u00e9n todas las mediciones que tengan de lo que hacen, todas las estad\u00edsticas, los indicadores que tengan de gesti\u00f3n. Tambi\u00e9n analizamos todos los proveedores, c\u00f3mo ellos manejan su presupuesto y hablamos mucho de la parte de recursos humanos, que hoy se denomina talento, dentro de su administraci\u00f3n. C\u00f3mo interact\u00faan tambi\u00e9n con la comunidad, c\u00f3mo interact\u00faan con la universidad, si tienen pasantes, si van aportando tambi\u00e9n una formaci\u00f3n, c\u00f3mo se relacionan con la sociedad civil. Por ejemplo, tambi\u00e9n si cumplen con algunas leyes, como la Ley Micaela, la Ley Yolanda, la Ley del cupo laboral trans\u201d.<\/p>\n\n\n\n<p>\u201cEn el balance de estos 30 a\u00f1os, encontramos que en la Argentina hay algunas provincias que han tenido mayor y menor participaci\u00f3n. En el caso de la Pampa particip\u00f3 el Tribunal de Cuentas de la Provincia, que tambi\u00e9n fue distinguido, y es importante dentro de lo que es la administraci\u00f3n p\u00fablica, porque es un organismo de contralor. Presentarse tambi\u00e9n es una forma de reflejar que ellos tambi\u00e9n est\u00e1n abiertos, se han presentado para ser evaluados\u201d, dijo.<\/p>\n\n\n\n<p>\u201cEstamos atravesando un momento importante de la Argentina, donde creemos nosotros que hay que poner en conocimiento las cosas que se hacen bien. Para la tranquilidad de la ciudadan\u00eda. Que tambi\u00e9n hay sistemas de controlador, hay auditor\u00edas, hay evaluaciones. Y que hay valor p\u00fablico, que es que un ciudadano o una ciudadana realice un tr\u00e1mite y que el Estado responda en los tiempos, en la forma, con la eficiencia y con la eficacia que se necesita\u201d, afirm\u00f3 la directora.<\/p>\n","protected":false},"excerpt":{"rendered":"<p>Lorena N\u00fa\u00f1ez, directora de Calidad de la Gesti\u00f3n de la Jefatura de Gabinete de Naci\u00f3n, visit\u00f3 La Pampa y promovi\u00f3 el Premio Nacional a la Calidad que eval\u00faa y distingue&hellip;<\/p>\n","protected":false},"author":3,"featured_media":236201,"comment_status":"closed","ping_status":"open","sticky":false,"template":"","format":"standard","meta":{"_acf_changed":false,"footnotes":""},"categories":[1,11,8],"tags":[],"class_list":["post-236200","post","type-post","status-publish","format-standard","has-post-thumbnail","hentry","category-es-noticia","category-que-pasa","category-politica"],"acf":[],"yoast_head":"<!-- This site is optimized with the Yoast SEO plugin v27.5 - https:\/\/yoast.com\/product\/yoast-seo-wordpress\/ -->\n<title>Promueven que organismos p\u00fablicos de La Pampa se presenten al Premio Nacional a la Calidad - Diario Textual<\/title>\n<meta name=\"robots\" content=\"index, follow, max-snippet:-1, max-image-preview:large, max-video-preview:-1\" \/>\n<link rel=\"canonical\" href=\"https:\/\/diariotextual.com\/inicio\/index.php\/2023\/09\/04\/promueven-que-organismos-publicos-de-la-pampa-se-presenten-al-premio-nacional-a-la-calidad\/\" \/>\n<meta property=\"og:locale\" content=\"es_ES\" \/>\n<meta property=\"og:type\" content=\"article\" \/>\n<meta property=\"og:title\" content=\"Promueven que organismos p\u00fablicos de La Pampa se presenten al Premio Nacional a la Calidad - Diario Textual\" \/>\n<meta property=\"og:description\" content=\"Lorena N\u00fa\u00f1ez, directora de Calidad de la Gesti\u00f3n de la Jefatura de Gabinete de Naci\u00f3n, visit\u00f3 La Pampa y promovi\u00f3 el Premio Nacional a la Calidad que eval\u00faa y distingue&hellip;\" \/>\n<meta property=\"og:url\" content=\"https:\/\/diariotextual.com\/inicio\/index.php\/2023\/09\/04\/promueven-que-organismos-publicos-de-la-pampa-se-presenten-al-premio-nacional-a-la-calidad\/\" \/>\n<meta property=\"og:site_name\" content=\"Diario Textual\" \/>\n<meta property=\"article:publisher\" content=\"https:\/\/www.facebook.com\/eltextual\" \/>\n<meta property=\"article:published_time\" content=\"2023-09-04T11:13:22+00:00\" \/>\n<meta property=\"article:modified_time\" content=\"2023-09-04T22:39:58+00:00\" \/>\n<meta property=\"og:image\" content=\"https:\/\/diariotextual.com\/inicio\/wp-content\/uploads\/2023\/09\/nunezlorena2023-3.jpg\" \/>\n\t<meta property=\"og:image:width\" content=\"1500\" \/>\n\t<meta property=\"og:image:height\" content=\"1012\" \/>\n\t<meta property=\"og:image:type\" content=\"image\/jpeg\" \/>\n<meta name=\"author\" content=\"Diario1 Diario1\" \/>\n<meta name=\"twitter:card\" content=\"summary_large_image\" \/>\n<meta name=\"twitter:creator\" content=\"@eltextual\" \/>\n<meta name=\"twitter:site\" content=\"@eltextual\" \/>\n<meta name=\"twitter:label1\" content=\"Escrito por\" \/>\n\t<meta name=\"twitter:data1\" content=\"Diario1 Diario1\" \/>\n\t<meta name=\"twitter:label2\" content=\"Tiempo de lectura\" \/>\n\t<meta name=\"twitter:data2\" content=\"4 minutos\" \/>\n<script type=\"application\/ld+json\" class=\"yoast-schema-graph\">{\"@context\":\"https:\\\/\\\/schema.org\",\"@graph\":[{\"@type\":\"Article\",\"@id\":\"https:\\\/\\\/diariotextual.com\\\/inicio\\\/index.php\\\/2023\\\/09\\\/04\\\/promueven-que-organismos-publicos-de-la-pampa-se-presenten-al-premio-nacional-a-la-calidad\\\/#article\",\"isPartOf\":{\"@id\":\"https:\\\/\\\/diariotextual.com\\\/inicio\\\/index.php\\\/2023\\\/09\\\/04\\\/promueven-que-organismos-publicos-de-la-pampa-se-presenten-al-premio-nacional-a-la-calidad\\\/\"},\"author\":{\"name\":\"Diario1 Diario1\",\"@id\":\"https:\\\/\\\/diariotextual.com\\\/inicio\\\/#\\\/schema\\\/person\\\/418fc4093c33e86ed41562db3508f958\"},\"headline\":\"Promueven que organismos p\u00fablicos de La Pampa se presenten al Premio Nacional a la Calidad\",\"datePublished\":\"2023-09-04T11:13:22+00:00\",\"dateModified\":\"2023-09-04T22:39:58+00:00\",\"mainEntityOfPage\":{\"@id\":\"https:\\\/\\\/diariotextual.com\\\/inicio\\\/index.php\\\/2023\\\/09\\\/04\\\/promueven-que-organismos-publicos-de-la-pampa-se-presenten-al-premio-nacional-a-la-calidad\\\/\"},\"wordCount\":776,\"publisher\":{\"@id\":\"https:\\\/\\\/diariotextual.com\\\/inicio\\\/#organization\"},\"image\":{\"@id\":\"https:\\\/\\\/diariotextual.com\\\/inicio\\\/index.php\\\/2023\\\/09\\\/04\\\/promueven-que-organismos-publicos-de-la-pampa-se-presenten-al-premio-nacional-a-la-calidad\\\/#primaryimage\"},\"thumbnailUrl\":\"https:\\\/\\\/diariotextual.com\\\/inicio\\\/wp-content\\\/uploads\\\/2023\\\/09\\\/nunezlorena2023-3.jpg\",\"articleSection\":[\"A - ES NOTICIA (van abajo)\",\"A - QUE PASA (al costado)\",\"POLITICA\"],\"inLanguage\":\"es\"},{\"@type\":\"WebPage\",\"@id\":\"https:\\\/\\\/diariotextual.com\\\/inicio\\\/index.php\\\/2023\\\/09\\\/04\\\/promueven-que-organismos-publicos-de-la-pampa-se-presenten-al-premio-nacional-a-la-calidad\\\/\",\"url\":\"https:\\\/\\\/diariotextual.com\\\/inicio\\\/index.php\\\/2023\\\/09\\\/04\\\/promueven-que-organismos-publicos-de-la-pampa-se-presenten-al-premio-nacional-a-la-calidad\\\/\",\"name\":\"Promueven que organismos p\u00fablicos de La Pampa se presenten al Premio Nacional a la Calidad - Diario Textual\",\"isPartOf\":{\"@id\":\"https:\\\/\\\/diariotextual.com\\\/inicio\\\/#website\"},\"primaryImageOfPage\":{\"@id\":\"https:\\\/\\\/diariotextual.com\\\/inicio\\\/index.php\\\/2023\\\/09\\\/04\\\/promueven-que-organismos-publicos-de-la-pampa-se-presenten-al-premio-nacional-a-la-calidad\\\/#primaryimage\"},\"image\":{\"@id\":\"https:\\\/\\\/diariotextual.com\\\/inicio\\\/index.php\\\/2023\\\/09\\\/04\\\/promueven-que-organismos-publicos-de-la-pampa-se-presenten-al-premio-nacional-a-la-calidad\\\/#primaryimage\"},\"thumbnailUrl\":\"https:\\\/\\\/diariotextual.com\\\/inicio\\\/wp-content\\\/uploads\\\/2023\\\/09\\\/nunezlorena2023-3.jpg\",\"datePublished\":\"2023-09-04T11:13:22+00:00\",\"dateModified\":\"2023-09-04T22:39:58+00:00\",\"breadcrumb\":{\"@id\":\"https:\\\/\\\/diariotextual.com\\\/inicio\\\/index.php\\\/2023\\\/09\\\/04\\\/promueven-que-organismos-publicos-de-la-pampa-se-presenten-al-premio-nacional-a-la-calidad\\\/#breadcrumb\"},\"inLanguage\":\"es\",\"potentialAction\":[{\"@type\":\"ReadAction\",\"target\":[\"https:\\\/\\\/diariotextual.com\\\/inicio\\\/index.php\\\/2023\\\/09\\\/04\\\/promueven-que-organismos-publicos-de-la-pampa-se-presenten-al-premio-nacional-a-la-calidad\\\/\"]}]},{\"@type\":\"ImageObject\",\"inLanguage\":\"es\",\"@id\":\"https:\\\/\\\/diariotextual.com\\\/inicio\\\/index.php\\\/2023\\\/09\\\/04\\\/promueven-que-organismos-publicos-de-la-pampa-se-presenten-al-premio-nacional-a-la-calidad\\\/#primaryimage\",\"url\":\"https:\\\/\\\/diariotextual.com\\\/inicio\\\/wp-content\\\/uploads\\\/2023\\\/09\\\/nunezlorena2023-3.jpg\",\"contentUrl\":\"https:\\\/\\\/diariotextual.com\\\/inicio\\\/wp-content\\\/uploads\\\/2023\\\/09\\\/nunezlorena2023-3.jpg\",\"width\":1500,\"height\":1012},{\"@type\":\"BreadcrumbList\",\"@id\":\"https:\\\/\\\/diariotextual.com\\\/inicio\\\/index.php\\\/2023\\\/09\\\/04\\\/promueven-que-organismos-publicos-de-la-pampa-se-presenten-al-premio-nacional-a-la-calidad\\\/#breadcrumb\",\"itemListElement\":[{\"@type\":\"ListItem\",\"position\":1,\"name\":\"Portada\",\"item\":\"https:\\\/\\\/diariotextual.com\\\/inicio\\\/\"},{\"@type\":\"ListItem\",\"position\":2,\"name\":\"Promueven que organismos p\u00fablicos de La Pampa se presenten al Premio Nacional a la Calidad\"}]},{\"@type\":\"WebSite\",\"@id\":\"https:\\\/\\\/diariotextual.com\\\/inicio\\\/#website\",\"url\":\"https:\\\/\\\/diariotextual.com\\\/inicio\\\/\",\"name\":\"Diario Textual\",\"description\":\"\",\"publisher\":{\"@id\":\"https:\\\/\\\/diariotextual.com\\\/inicio\\\/#organization\"},\"potentialAction\":[{\"@type\":\"SearchAction\",\"target\":{\"@type\":\"EntryPoint\",\"urlTemplate\":\"https:\\\/\\\/diariotextual.com\\\/inicio\\\/?s={search_term_string}\"},\"query-input\":{\"@type\":\"PropertyValueSpecification\",\"valueRequired\":true,\"valueName\":\"search_term_string\"}}],\"inLanguage\":\"es\"},{\"@type\":\"Organization\",\"@id\":\"https:\\\/\\\/diariotextual.com\\\/inicio\\\/#organization\",\"name\":\"Diario Textual\",\"url\":\"https:\\\/\\\/diariotextual.com\\\/inicio\\\/\",\"logo\":{\"@type\":\"ImageObject\",\"inLanguage\":\"es\",\"@id\":\"https:\\\/\\\/diariotextual.com\\\/inicio\\\/#\\\/schema\\\/logo\\\/image\\\/\",\"url\":\"https:\\\/\\\/diariotextual.com\\\/inicio\\\/wp-content\\\/uploads\\\/2023\\\/05\\\/logotextual1.jpg\",\"contentUrl\":\"https:\\\/\\\/diariotextual.com\\\/inicio\\\/wp-content\\\/uploads\\\/2023\\\/05\\\/logotextual1.jpg\",\"width\":516,\"height\":76,\"caption\":\"Diario Textual\"},\"image\":{\"@id\":\"https:\\\/\\\/diariotextual.com\\\/inicio\\\/#\\\/schema\\\/logo\\\/image\\\/\"},\"sameAs\":[\"https:\\\/\\\/www.facebook.com\\\/eltextual\",\"https:\\\/\\\/x.com\\\/eltextual\",\"http:\\\/\\\/www.instagram.com\\\/eltextual\"]},{\"@type\":\"Person\",\"@id\":\"https:\\\/\\\/diariotextual.com\\\/inicio\\\/#\\\/schema\\\/person\\\/418fc4093c33e86ed41562db3508f958\",\"name\":\"Diario1 Diario1\",\"image\":{\"@type\":\"ImageObject\",\"inLanguage\":\"es\",\"@id\":\"https:\\\/\\\/secure.gravatar.com\\\/avatar\\\/9167d280179c85bc18be67aa7eda765854300033af4896dd779b608640f2ef7a?s=96&d=mm&r=g\",\"url\":\"https:\\\/\\\/secure.gravatar.com\\\/avatar\\\/9167d280179c85bc18be67aa7eda765854300033af4896dd779b608640f2ef7a?s=96&d=mm&r=g\",\"contentUrl\":\"https:\\\/\\\/secure.gravatar.com\\\/avatar\\\/9167d280179c85bc18be67aa7eda765854300033af4896dd779b608640f2ef7a?s=96&d=mm&r=g\",\"caption\":\"Diario1 Diario1\"},\"url\":\"https:\\\/\\\/diariotextual.com\\\/inicio\\\/index.php\\\/author\\\/diario1\\\/\"}]}<\/script>\n<!-- \/ Yoast SEO plugin. -->","yoast_head_json":{"title":"Promueven que organismos p\u00fablicos de La Pampa se presenten al Premio Nacional a la Calidad - Diario Textual","robots":{"index":"index","follow":"follow","max-snippet":"max-snippet:-1","max-image-preview":"max-image-preview:large","max-video-preview":"max-video-preview:-1"},"canonical":"https:\/\/diariotextual.com\/inicio\/index.php\/2023\/09\/04\/promueven-que-organismos-publicos-de-la-pampa-se-presenten-al-premio-nacional-a-la-calidad\/","og_locale":"es_ES","og_type":"article","og_title":"Promueven que organismos p\u00fablicos de La Pampa se presenten al Premio Nacional a la Calidad - Diario Textual","og_description":"Lorena N\u00fa\u00f1ez, directora de Calidad de la Gesti\u00f3n de la Jefatura de Gabinete de Naci\u00f3n, visit\u00f3 La Pampa y promovi\u00f3 el Premio Nacional a la Calidad que eval\u00faa y distingue&hellip;","og_url":"https:\/\/diariotextual.com\/inicio\/index.php\/2023\/09\/04\/promueven-que-organismos-publicos-de-la-pampa-se-presenten-al-premio-nacional-a-la-calidad\/","og_site_name":"Diario Textual","article_publisher":"https:\/\/www.facebook.com\/eltextual","article_published_time":"2023-09-04T11:13:22+00:00","article_modified_time":"2023-09-04T22:39:58+00:00","og_image":[{"width":1500,"height":1012,"url":"https:\/\/diariotextual.com\/inicio\/wp-content\/uploads\/2023\/09\/nunezlorena2023-3.jpg","type":"image\/jpeg"}],"author":"Diario1 Diario1","twitter_card":"summary_large_image","twitter_creator":"@eltextual","twitter_site":"@eltextual","twitter_misc":{"Escrito por":"Diario1 Diario1","Tiempo de lectura":"4 minutos"},"schema":{"@context":"https:\/\/schema.org","@graph":[{"@type":"Article","@id":"https:\/\/diariotextual.com\/inicio\/index.php\/2023\/09\/04\/promueven-que-organismos-publicos-de-la-pampa-se-presenten-al-premio-nacional-a-la-calidad\/#article","isPartOf":{"@id":"https:\/\/diariotextual.com\/inicio\/index.php\/2023\/09\/04\/promueven-que-organismos-publicos-de-la-pampa-se-presenten-al-premio-nacional-a-la-calidad\/"},"author":{"name":"Diario1 Diario1","@id":"https:\/\/diariotextual.com\/inicio\/#\/schema\/person\/418fc4093c33e86ed41562db3508f958"},"headline":"Promueven que organismos p\u00fablicos de La Pampa se presenten al Premio Nacional a la Calidad","datePublished":"2023-09-04T11:13:22+00:00","dateModified":"2023-09-04T22:39:58+00:00","mainEntityOfPage":{"@id":"https:\/\/diariotextual.com\/inicio\/index.php\/2023\/09\/04\/promueven-que-organismos-publicos-de-la-pampa-se-presenten-al-premio-nacional-a-la-calidad\/"},"wordCount":776,"publisher":{"@id":"https:\/\/diariotextual.com\/inicio\/#organization"},"image":{"@id":"https:\/\/diariotextual.com\/inicio\/index.php\/2023\/09\/04\/promueven-que-organismos-publicos-de-la-pampa-se-presenten-al-premio-nacional-a-la-calidad\/#primaryimage"},"thumbnailUrl":"https:\/\/diariotextual.com\/inicio\/wp-content\/uploads\/2023\/09\/nunezlorena2023-3.jpg","articleSection":["A - ES NOTICIA (van abajo)","A - QUE PASA (al costado)","POLITICA"],"inLanguage":"es"},{"@type":"WebPage","@id":"https:\/\/diariotextual.com\/inicio\/index.php\/2023\/09\/04\/promueven-que-organismos-publicos-de-la-pampa-se-presenten-al-premio-nacional-a-la-calidad\/","url":"https:\/\/diariotextual.com\/inicio\/index.php\/2023\/09\/04\/promueven-que-organismos-publicos-de-la-pampa-se-presenten-al-premio-nacional-a-la-calidad\/","name":"Promueven que organismos p\u00fablicos de La Pampa se presenten al Premio Nacional a la Calidad - Diario Textual","isPartOf":{"@id":"https:\/\/diariotextual.com\/inicio\/#website"},"primaryImageOfPage":{"@id":"https:\/\/diariotextual.com\/inicio\/index.php\/2023\/09\/04\/promueven-que-organismos-publicos-de-la-pampa-se-presenten-al-premio-nacional-a-la-calidad\/#primaryimage"},"image":{"@id":"https:\/\/diariotextual.com\/inicio\/index.php\/2023\/09\/04\/promueven-que-organismos-publicos-de-la-pampa-se-presenten-al-premio-nacional-a-la-calidad\/#primaryimage"},"thumbnailUrl":"https:\/\/diariotextual.com\/inicio\/wp-content\/uploads\/2023\/09\/nunezlorena2023-3.jpg","datePublished":"2023-09-04T11:13:22+00:00","dateModified":"2023-09-04T22:39:58+00:00","breadcrumb":{"@id":"https:\/\/diariotextual.com\/inicio\/index.php\/2023\/09\/04\/promueven-que-organismos-publicos-de-la-pampa-se-presenten-al-premio-nacional-a-la-calidad\/#breadcrumb"},"inLanguage":"es","potentialAction":[{"@type":"ReadAction","target":["https:\/\/diariotextual.com\/inicio\/index.php\/2023\/09\/04\/promueven-que-organismos-publicos-de-la-pampa-se-presenten-al-premio-nacional-a-la-calidad\/"]}]},{"@type":"ImageObject","inLanguage":"es","@id":"https:\/\/diariotextual.com\/inicio\/index.php\/2023\/09\/04\/promueven-que-organismos-publicos-de-la-pampa-se-presenten-al-premio-nacional-a-la-calidad\/#primaryimage","url":"https:\/\/diariotextual.com\/inicio\/wp-content\/uploads\/2023\/09\/nunezlorena2023-3.jpg","contentUrl":"https:\/\/diariotextual.com\/inicio\/wp-content\/uploads\/2023\/09\/nunezlorena2023-3.jpg","width":1500,"height":1012},{"@type":"BreadcrumbList","@id":"https:\/\/diariotextual.com\/inicio\/index.php\/2023\/09\/04\/promueven-que-organismos-publicos-de-la-pampa-se-presenten-al-premio-nacional-a-la-calidad\/#breadcrumb","itemListElement":[{"@type":"ListItem","position":1,"name":"Portada","item":"https:\/\/diariotextual.com\/inicio\/"},{"@type":"ListItem","position":2,"name":"Promueven que organismos p\u00fablicos de La Pampa se presenten al Premio Nacional a la Calidad"}]},{"@type":"WebSite","@id":"https:\/\/diariotextual.com\/inicio\/#website","url":"https:\/\/diariotextual.com\/inicio\/","name":"Diario Textual","description":"","publisher":{"@id":"https:\/\/diariotextual.com\/inicio\/#organization"},"potentialAction":[{"@type":"SearchAction","target":{"@type":"EntryPoint","urlTemplate":"https:\/\/diariotextual.com\/inicio\/?s={search_term_string}"},"query-input":{"@type":"PropertyValueSpecification","valueRequired":true,"valueName":"search_term_string"}}],"inLanguage":"es"},{"@type":"Organization","@id":"https:\/\/diariotextual.com\/inicio\/#organization","name":"Diario Textual","url":"https:\/\/diariotextual.com\/inicio\/","logo":{"@type":"ImageObject","inLanguage":"es","@id":"https:\/\/diariotextual.com\/inicio\/#\/schema\/logo\/image\/","url":"https:\/\/diariotextual.com\/inicio\/wp-content\/uploads\/2023\/05\/logotextual1.jpg","contentUrl":"https:\/\/diariotextual.com\/inicio\/wp-content\/uploads\/2023\/05\/logotextual1.jpg","width":516,"height":76,"caption":"Diario Textual"},"image":{"@id":"https:\/\/diariotextual.com\/inicio\/#\/schema\/logo\/image\/"},"sameAs":["https:\/\/www.facebook.com\/eltextual","https:\/\/x.com\/eltextual","http:\/\/www.instagram.com\/eltextual"]},{"@type":"Person","@id":"https:\/\/diariotextual.com\/inicio\/#\/schema\/person\/418fc4093c33e86ed41562db3508f958","name":"Diario1 Diario1","image":{"@type":"ImageObject","inLanguage":"es","@id":"https:\/\/secure.gravatar.com\/avatar\/9167d280179c85bc18be67aa7eda765854300033af4896dd779b608640f2ef7a?s=96&d=mm&r=g","url":"https:\/\/secure.gravatar.com\/avatar\/9167d280179c85bc18be67aa7eda765854300033af4896dd779b608640f2ef7a?s=96&d=mm&r=g","contentUrl":"https:\/\/secure.gravatar.com\/avatar\/9167d280179c85bc18be67aa7eda765854300033af4896dd779b608640f2ef7a?s=96&d=mm&r=g","caption":"Diario1 Diario1"},"url":"https:\/\/diariotextual.com\/inicio\/index.php\/author\/diario1\/"}]}},"_links":{"self":[{"href":"https:\/\/diariotextual.com\/inicio\/index.php\/wp-json\/wp\/v2\/posts\/236200","targetHints":{"allow":["GET"]}}],"collection":[{"href":"https:\/\/diariotextual.com\/inicio\/index.php\/wp-json\/wp\/v2\/posts"}],"about":[{"href":"https:\/\/diariotextual.com\/inicio\/index.php\/wp-json\/wp\/v2\/types\/post"}],"author":[{"embeddable":true,"href":"https:\/\/diariotextual.com\/inicio\/index.php\/wp-json\/wp\/v2\/users\/3"}],"replies":[{"embeddable":true,"href":"https:\/\/diariotextual.com\/inicio\/index.php\/wp-json\/wp\/v2\/comments?post=236200"}],"version-history":[{"count":1,"href":"https:\/\/diariotextual.com\/inicio\/index.php\/wp-json\/wp\/v2\/posts\/236200\/revisions"}],"predecessor-version":[{"id":236202,"href":"https:\/\/diariotextual.com\/inicio\/index.php\/wp-json\/wp\/v2\/posts\/236200\/revisions\/236202"}],"wp:featuredmedia":[{"embeddable":true,"href":"https:\/\/diariotextual.com\/inicio\/index.php\/wp-json\/wp\/v2\/media\/236201"}],"wp:attachment":[{"href":"https:\/\/diariotextual.com\/inicio\/index.php\/wp-json\/wp\/v2\/media?parent=236200"}],"wp:term":[{"taxonomy":"category","embeddable":true,"href":"https:\/\/diariotextual.com\/inicio\/index.php\/wp-json\/wp\/v2\/categories?post=236200"},{"taxonomy":"post_tag","embeddable":true,"href":"https:\/\/diariotextual.com\/inicio\/index.php\/wp-json\/wp\/v2\/tags?post=236200"}],"curies":[{"name":"wp","href":"https:\/\/api.w.org\/{rel}","templated":true}]}}